{"id":21882,"date":"2021-07-05T08:44:00","date_gmt":"2021-07-05T06:44:00","guid":{"rendered":"https:\/\/www.altercampagne.net\/?p=21882"},"modified":"2021-07-05T09:17:09","modified_gmt":"2021-07-05T07:17:09","slug":"lecole-alternative-des-monts-darree","status":"publish","type":"post","link":"https:\/\/www.altercampagne.net\/?p=21882","title":{"rendered":"L&rsquo;Ecole Alternative des Monts d&rsquo;Arr\u00e9e"},"content":{"rendered":"\n<p>Au Clo\u00eetre-Saint-Tr\u00e9gonnec, une \u00e9cole solidaire accueille des <strong>jeunes hommes r\u00e9fugi\u00e9s<\/strong> depuis mars 2018. <\/p>\n\n\n\n<p class=\"has-text-align-right\">\u00ab\u00a0<em>Pour moi, <strong>l\u2019essentiel c\u2019est eux, leur volont\u00e9, leur courage<\/strong>. <\/em><br><em><strong>Ce sont des h\u00e9ros<\/strong>. Ils ont besoin d\u2019un toit, de la nourriture, de l\u2019affection<\/em>\u00ab\u00a0.<br>Sandrine Corre, pr\u00e9sidente de l\u2019association<\/p>\n\n\n\n<h4 class=\"wp-block-heading\">Un accompagnement mat\u00e9riel<\/h4>\n\n\n\n<p>Au moment de la jungle de Calais, <strong>une bande de potes s\u2019est impliqu\u00e9e<\/strong> en lien avec les associations locales. Quand un centre d\u2019accueil s\u2019est ouvert pas loin de chez eux, ils sont all\u00e9s \u00e0 la rencontre des jeunes. Les voyant en \u00e9tat de d\u00e9tresse, coinc\u00e9s dans ces centres, <strong>ils ont retrouss\u00e9 leurs manches<\/strong>.<\/p>\n\n\n\n<p>La mairie a pr\u00eat\u00e9 une salle, <strong>des professeurs b\u00e9n\u00e9voles<\/strong> assurent les cours \u2013 fran\u00e7ais, math\u00e9matiques, anglais, informatique. <br>L\u2019apr\u00e8s-midi, c\u2019est <strong>menuiserie et couture<\/strong>. <\/p>\n\n\n\n<h4 class=\"wp-block-heading\">Un accompagnement \u00e9motionnel<\/h4>\n\n\n\n<p>Ils accompagnent aussi les jeunes sur <strong>le plan sanitaire et psychologique<\/strong> et dans leurs d\u00e9marches administratives. <\/p>\n\n\n\n<p class=\"has-text-align-right\">\u00ab\u00a0<em>Nous leur proposons <strong>un lieu pour se poser<\/strong>, comprendre ce qui leur arrive, <strong>r\u00e9aliser une premi\u00e8re int\u00e9gration<\/strong>. <\/em><br><em><strong>Ils sont tr\u00e8s seuls<\/strong>. Nous&nbsp;pouvons leur offrir de <strong>se sentir \u00e9cout\u00e9s<\/strong>, de pouvoir de nouveau <strong>faire confiance \u00e0 quelqu\u2019un<\/strong>, apr\u00e8s l\u2019exp\u00e9rience tr\u00e8s dure de la route<\/em>\u00ab\u00a0.<\/p>\n\n\n\n<p>Pour les loger, cela a <strong>d\u2019abord \u00e9t\u00e9 chez eux<\/strong>, puis ils ont&nbsp;trouv\u00e9 des familles d\u2019accueil. En 2019, ils ont pu louer <strong>une maison de vie<\/strong> financ\u00e9e&nbsp;par la communaut\u00e9 de communes. <\/p>\n\n\n\n<p class=\"has-text-align-right\">\u00ab\u00a0<em>Si je ne viens pas, ils me r\u00e9clament, <strong>je suis leur \u201ctata\u201d<\/strong>. Cela me demande beaucoup d\u2019\u00e9nergie. J\u2019ai eu un d\u00e9but de vie heurt\u00e9 et la&nbsp;chance de rencontrer des gens qui m\u2019ont aid\u00e9e, accueillie ; <strong>c\u2019est aujourd\u2019hui \u00e0 mon tour de donner<\/strong><\/em>\u00ab\u00a0.<\/p>\n\n\n\n<h4 class=\"wp-block-heading\">L&rsquo;intensit\u00e9 d&rsquo;une vie bien remplie<\/h4>\n\n\n\n<p class=\"has-text-align-right\">\u00ab\u00a0<em>L\u2019essentiel, c\u2019est l\u2019affection, la&nbsp;s\u00e9curit\u00e9, avoir des gens qui s\u2019occupent d\u2019eux, le rapport humain. <strong>L\u2019\u00e9change est hyper riche<\/strong><\/em>\u00ab\u00a0.<\/p>\n\n\n\n<p>Reconnue d\u2019int\u00e9r\u00eat g\u00e9n\u00e9ral, l\u2019association est soutenue par des dons. <strong>Tout le monde est b\u00e9n\u00e9vole<\/strong>. <br>Plus de <strong>80 jeunes<\/strong> ont \u00e9t\u00e9 accueillis <strong>en trois ans<\/strong> ! Certains poursuivent m\u00eame dans les lyc\u00e9es pro de la r\u00e9gion.<\/p>\n\n\n\n<p class=\"has-text-align-right\">\u00ab\u00a0<em><strong>Nous vivons des \u00e9motions tr\u00e8s fortes<\/strong> : de la joie quand ils ont leurs papiers, de la tristesse quand ils se font jeter&#8230; <\/em><br><em><strong>Nous nous engueulons aussi<\/strong>. C\u2019est cette intensit\u00e9 qui fait une vie bien remplie.<\/em> <em>Les anciens reviennent. <\/em><br><em><strong>C\u2019est vraiment comme une famille.<\/strong>\u201d<\/em><\/p>\n\n\n\n<p>Pour s&rsquo;engager aupr\u00e8s d&rsquo;elles et eux, rendez-vous sur leur <strong><a href=\"https:\/\/ecolealternativedesmontsdarree.wordpress.com\">site<\/a><\/strong>.<\/p>\n\n\n\n<p>De notre c\u00f4t\u00e9, nous leur rendons visite le <strong>22 ao\u00fbt 2021<\/strong> lors du passage de l&rsquo;<a href=\"https:\/\/www.altercampagne.net\"><strong>AlterTour<\/strong><\/a> en Bretagne<\/p>\n","protected":false},"excerpt":{"rendered":"<p>Au Clo\u00eetre-Saint-Tr\u00e9gonnec, une \u00e9cole solidaire accueille des jeunes hommes r\u00e9fugi\u00e9s depuis mars 2018. \u00ab\u00a0Pour moi, l\u2019essentiel c\u2019est eux, leur volont\u00e9, leur courage. Ce sont des h\u00e9ros. Ils ont besoin d\u2019un toit, de la nourriture, de l\u2019affection\u00ab\u00a0.Sandrine Corre, pr\u00e9sidente de l\u2019association Un accompagnement mat\u00e9riel Au moment de la jungle de Calais, &#8230; <\/p>\n<div><a href=\"https:\/\/www.altercampagne.net\/?p=21882\" class=\"more-link\">Read More<\/a><\/div>\n","protected":false},"author":264,"featured_media":21605,"comment_status":"closed","ping_status":"closed","sticky":false,"template":"","format":"standard","meta":{"footnotes":""},"categories":[4313,3472,4198,3938,3488],"tags":[],"class_list":["post-21882","post","type-post","status-publish","format-standard","has-post-thumbnail","hentry","category-altertour","category-bretagne","category-edition-2021","category-education","category-social"],"yoast_head":"<!-- This site is optimized with the Yoast SEO plugin v27.3 - https:\/\/yoast.com\/product\/yoast-seo-wordpress\/ -->\n<title>L&#039;Ecole Alternative des Monts d&#039;Arr\u00e9e - AlterTour<\/title>\n<meta name=\"robots\" content=\"index, follow, max-snippet:-1, max-image-preview:large, max-video-preview:-1\" \/>\n<link rel=\"canonical\" href=\"https:\/\/www.altercampagne.net\/?p=21882\" \/>\n<meta property=\"og:locale\" content=\"fr_FR\" \/>\n<meta property=\"og:type\" content=\"article\" \/>\n<meta property=\"og:title\" content=\"L&#039;Ecole Alternative des Monts d&#039;Arr\u00e9e - AlterTour\" \/>\n<meta property=\"og:description\" content=\"Au Clo\u00eetre-Saint-Tr\u00e9gonnec, une \u00e9cole solidaire accueille des jeunes hommes r\u00e9fugi\u00e9s depuis mars 2018. \u00ab\u00a0Pour moi, l\u2019essentiel c\u2019est eux, leur volont\u00e9, leur courage. Ce sont des h\u00e9ros. Ils ont besoin d\u2019un toit, de la nourriture, de l\u2019affection\u00ab\u00a0.Sandrine Corre, pr\u00e9sidente de l\u2019association Un accompagnement mat\u00e9riel Au moment de la jungle de Calais, ... Read More\" \/>\n<meta property=\"og:url\" content=\"https:\/\/www.altercampagne.net\/?p=21882\" \/>\n<meta property=\"og:site_name\" content=\"AlterTour\" \/>\n<meta property=\"article:published_time\" content=\"2021-07-05T06:44:00+00:00\" \/>\n<meta property=\"article:modified_time\" content=\"2021-07-05T07:17:09+00:00\" \/>\n<meta property=\"og:image\" content=\"https:\/\/www.altercampagne.net\/wp-content\/uploads\/2021\/04\/2021-08-22-Ecole-alternative-des-monts-dArree.jpg\" \/>\n\t<meta property=\"og:image:width\" content=\"1200\" \/>\n\t<meta property=\"og:image:height\" content=\"630\" \/>\n\t<meta property=\"og:image:type\" content=\"image\/jpeg\" \/>\n<meta name=\"author\" content=\"Sylvie D\" \/>\n<meta name=\"twitter:card\" content=\"summary_large_image\" \/>\n<meta name=\"twitter:label1\" content=\"\u00c9crit par\" \/>\n\t<meta name=\"twitter:data1\" content=\"Sylvie D\" \/>\n\t<meta name=\"twitter:label2\" content=\"Dur\u00e9e de lecture estim\u00e9e\" \/>\n\t<meta name=\"twitter:data2\" content=\"2 minutes\" \/>\n<script type=\"application\/ld+json\" class=\"yoast-schema-graph\">{\"@context\":\"https:\\\/\\\/schema.org\",\"@graph\":[{\"@type\":\"Article\",\"@id\":\"https:\\\/\\\/www.altercampagne.net\\\/?p=21882#article\",\"isPartOf\":{\"@id\":\"https:\\\/\\\/www.altercampagne.net\\\/?p=21882\"},\"author\":{\"name\":\"Sylvie D\",\"@id\":\"https:\\\/\\\/www.altercampagne.net\\\/#\\\/schema\\\/person\\\/06a7c442a070e7f43fabf492a3c939ad\"},\"headline\":\"L&rsquo;Ecole Alternative des Monts d&rsquo;Arr\u00e9e\",\"datePublished\":\"2021-07-05T06:44:00+00:00\",\"dateModified\":\"2021-07-05T07:17:09+00:00\",\"mainEntityOfPage\":{\"@id\":\"https:\\\/\\\/www.altercampagne.net\\\/?p=21882\"},\"wordCount\":466,\"image\":{\"@id\":\"https:\\\/\\\/www.altercampagne.net\\\/?p=21882#primaryimage\"},\"thumbnailUrl\":\"https:\\\/\\\/www.altercampagne.net\\\/wp-content\\\/uploads\\\/2021\\\/04\\\/2021-08-22-Ecole-alternative-des-monts-dArree.jpg\",\"articleSection\":[\"AlterTour\",\"Bretagne\",\"Edition 2021\",\"Education\",\"Social\"],\"inLanguage\":\"fr-FR\"},{\"@type\":\"WebPage\",\"@id\":\"https:\\\/\\\/www.altercampagne.net\\\/?p=21882\",\"url\":\"https:\\\/\\\/www.altercampagne.net\\\/?p=21882\",\"name\":\"L'Ecole Alternative des Monts d'Arr\u00e9e - AlterTour\",\"isPartOf\":{\"@id\":\"https:\\\/\\\/www.altercampagne.net\\\/#website\"},\"primaryImageOfPage\":{\"@id\":\"https:\\\/\\\/www.altercampagne.net\\\/?p=21882#primaryimage\"},\"image\":{\"@id\":\"https:\\\/\\\/www.altercampagne.net\\\/?p=21882#primaryimage\"},\"thumbnailUrl\":\"https:\\\/\\\/www.altercampagne.net\\\/wp-content\\\/uploads\\\/2021\\\/04\\\/2021-08-22-Ecole-alternative-des-monts-dArree.jpg\",\"datePublished\":\"2021-07-05T06:44:00+00:00\",\"dateModified\":\"2021-07-05T07:17:09+00:00\",\"author\":{\"@id\":\"https:\\\/\\\/www.altercampagne.net\\\/#\\\/schema\\\/person\\\/06a7c442a070e7f43fabf492a3c939ad\"},\"breadcrumb\":{\"@id\":\"https:\\\/\\\/www.altercampagne.net\\\/?p=21882#breadcrumb\"},\"inLanguage\":\"fr-FR\",\"potentialAction\":[{\"@type\":\"ReadAction\",\"target\":[\"https:\\\/\\\/www.altercampagne.net\\\/?p=21882\"]}]},{\"@type\":\"ImageObject\",\"inLanguage\":\"fr-FR\",\"@id\":\"https:\\\/\\\/www.altercampagne.net\\\/?p=21882#primaryimage\",\"url\":\"https:\\\/\\\/www.altercampagne.net\\\/wp-content\\\/uploads\\\/2021\\\/04\\\/2021-08-22-Ecole-alternative-des-monts-dArree.jpg\",\"contentUrl\":\"https:\\\/\\\/www.altercampagne.net\\\/wp-content\\\/uploads\\\/2021\\\/04\\\/2021-08-22-Ecole-alternative-des-monts-dArree.jpg\",\"width\":1200,\"height\":630,\"caption\":\"Photo pour illustrer l'article de blog\"},{\"@type\":\"BreadcrumbList\",\"@id\":\"https:\\\/\\\/www.altercampagne.net\\\/?p=21882#breadcrumb\",\"itemListElement\":[{\"@type\":\"ListItem\",\"position\":1,\"name\":\"Accueil\",\"item\":\"https:\\\/\\\/www.altercampagne.net\\\/\"},{\"@type\":\"ListItem\",\"position\":2,\"name\":\"L&rsquo;Ecole Alternative des Monts d&rsquo;Arr\u00e9e\"}]},{\"@type\":\"WebSite\",\"@id\":\"https:\\\/\\\/www.altercampagne.net\\\/#website\",\"url\":\"https:\\\/\\\/www.altercampagne.net\\\/\",\"name\":\"AlterTour\",\"description\":\"Reliez les Alternatives \u00e0 v\u00e9lo\",\"potentialAction\":[{\"@type\":\"SearchAction\",\"target\":{\"@type\":\"EntryPoint\",\"urlTemplate\":\"https:\\\/\\\/www.altercampagne.net\\\/?s={search_term_string}\"},\"query-input\":{\"@type\":\"PropertyValueSpecification\",\"valueRequired\":true,\"valueName\":\"search_term_string\"}}],\"inLanguage\":\"fr-FR\"},{\"@type\":\"Person\",\"@id\":\"https:\\\/\\\/www.altercampagne.net\\\/#\\\/schema\\\/person\\\/06a7c442a070e7f43fabf492a3c939ad\",\"name\":\"Sylvie D\",\"image\":{\"@type\":\"ImageObject\",\"inLanguage\":\"fr-FR\",\"@id\":\"https:\\\/\\\/secure.gravatar.com\\\/avatar\\\/f90d2b8908d5e1d7f78c3e17e055020cd30a2ab278491fa1e24084097d0576d4?s=96&d=mm&r=g\",\"url\":\"https:\\\/\\\/secure.gravatar.com\\\/avatar\\\/f90d2b8908d5e1d7f78c3e17e055020cd30a2ab278491fa1e24084097d0576d4?s=96&d=mm&r=g\",\"contentUrl\":\"https:\\\/\\\/secure.gravatar.com\\\/avatar\\\/f90d2b8908d5e1d7f78c3e17e055020cd30a2ab278491fa1e24084097d0576d4?s=96&d=mm&r=g\",\"caption\":\"Sylvie D\"},\"url\":\"https:\\\/\\\/www.altercampagne.net\\\/?author=264\"}]}<\/script>\n<!-- \/ Yoast SEO plugin. -->","yoast_head_json":{"title":"L'Ecole Alternative des Monts d'Arr\u00e9e - AlterTour","robots":{"index":"index","follow":"follow","max-snippet":"max-snippet:-1","max-image-preview":"max-image-preview:large","max-video-preview":"max-video-preview:-1"},"canonical":"https:\/\/www.altercampagne.net\/?p=21882","og_locale":"fr_FR","og_type":"article","og_title":"L'Ecole Alternative des Monts d'Arr\u00e9e - AlterTour","og_description":"Au Clo\u00eetre-Saint-Tr\u00e9gonnec, une \u00e9cole solidaire accueille des jeunes hommes r\u00e9fugi\u00e9s depuis mars 2018. \u00ab\u00a0Pour moi, l\u2019essentiel c\u2019est eux, leur volont\u00e9, leur courage. Ce sont des h\u00e9ros. Ils ont besoin d\u2019un toit, de la nourriture, de l\u2019affection\u00ab\u00a0.Sandrine Corre, pr\u00e9sidente de l\u2019association Un accompagnement mat\u00e9riel Au moment de la jungle de Calais, ... Read More","og_url":"https:\/\/www.altercampagne.net\/?p=21882","og_site_name":"AlterTour","article_published_time":"2021-07-05T06:44:00+00:00","article_modified_time":"2021-07-05T07:17:09+00:00","og_image":[{"width":1200,"height":630,"url":"https:\/\/www.altercampagne.net\/wp-content\/uploads\/2021\/04\/2021-08-22-Ecole-alternative-des-monts-dArree.jpg","type":"image\/jpeg"}],"author":"Sylvie D","twitter_card":"summary_large_image","twitter_misc":{"\u00c9crit par":"Sylvie D","Dur\u00e9e de lecture estim\u00e9e":"2 minutes"},"schema":{"@context":"https:\/\/schema.org","@graph":[{"@type":"Article","@id":"https:\/\/www.altercampagne.net\/?p=21882#article","isPartOf":{"@id":"https:\/\/www.altercampagne.net\/?p=21882"},"author":{"name":"Sylvie D","@id":"https:\/\/www.altercampagne.net\/#\/schema\/person\/06a7c442a070e7f43fabf492a3c939ad"},"headline":"L&rsquo;Ecole Alternative des Monts d&rsquo;Arr\u00e9e","datePublished":"2021-07-05T06:44:00+00:00","dateModified":"2021-07-05T07:17:09+00:00","mainEntityOfPage":{"@id":"https:\/\/www.altercampagne.net\/?p=21882"},"wordCount":466,"image":{"@id":"https:\/\/www.altercampagne.net\/?p=21882#primaryimage"},"thumbnailUrl":"https:\/\/www.altercampagne.net\/wp-content\/uploads\/2021\/04\/2021-08-22-Ecole-alternative-des-monts-dArree.jpg","articleSection":["AlterTour","Bretagne","Edition 2021","Education","Social"],"inLanguage":"fr-FR"},{"@type":"WebPage","@id":"https:\/\/www.altercampagne.net\/?p=21882","url":"https:\/\/www.altercampagne.net\/?p=21882","name":"L'Ecole Alternative des Monts d'Arr\u00e9e - AlterTour","isPartOf":{"@id":"https:\/\/www.altercampagne.net\/#website"},"primaryImageOfPage":{"@id":"https:\/\/www.altercampagne.net\/?p=21882#primaryimage"},"image":{"@id":"https:\/\/www.altercampagne.net\/?p=21882#primaryimage"},"thumbnailUrl":"https:\/\/www.altercampagne.net\/wp-content\/uploads\/2021\/04\/2021-08-22-Ecole-alternative-des-monts-dArree.jpg","datePublished":"2021-07-05T06:44:00+00:00","dateModified":"2021-07-05T07:17:09+00:00","author":{"@id":"https:\/\/www.altercampagne.net\/#\/schema\/person\/06a7c442a070e7f43fabf492a3c939ad"},"breadcrumb":{"@id":"https:\/\/www.altercampagne.net\/?p=21882#breadcrumb"},"inLanguage":"fr-FR","potentialAction":[{"@type":"ReadAction","target":["https:\/\/www.altercampagne.net\/?p=21882"]}]},{"@type":"ImageObject","inLanguage":"fr-FR","@id":"https:\/\/www.altercampagne.net\/?p=21882#primaryimage","url":"https:\/\/www.altercampagne.net\/wp-content\/uploads\/2021\/04\/2021-08-22-Ecole-alternative-des-monts-dArree.jpg","contentUrl":"https:\/\/www.altercampagne.net\/wp-content\/uploads\/2021\/04\/2021-08-22-Ecole-alternative-des-monts-dArree.jpg","width":1200,"height":630,"caption":"Photo pour illustrer l'article de blog"},{"@type":"BreadcrumbList","@id":"https:\/\/www.altercampagne.net\/?p=21882#breadcrumb","itemListElement":[{"@type":"ListItem","position":1,"name":"Accueil","item":"https:\/\/www.altercampagne.net\/"},{"@type":"ListItem","position":2,"name":"L&rsquo;Ecole Alternative des Monts d&rsquo;Arr\u00e9e"}]},{"@type":"WebSite","@id":"https:\/\/www.altercampagne.net\/#website","url":"https:\/\/www.altercampagne.net\/","name":"AlterTour","description":"Reliez les Alternatives \u00e0 v\u00e9lo","potentialAction":[{"@type":"SearchAction","target":{"@type":"EntryPoint","urlTemplate":"https:\/\/www.altercampagne.net\/?s={search_term_string}"},"query-input":{"@type":"PropertyValueSpecification","valueRequired":true,"valueName":"search_term_string"}}],"inLanguage":"fr-FR"},{"@type":"Person","@id":"https:\/\/www.altercampagne.net\/#\/schema\/person\/06a7c442a070e7f43fabf492a3c939ad","name":"Sylvie D","image":{"@type":"ImageObject","inLanguage":"fr-FR","@id":"https:\/\/secure.gravatar.com\/avatar\/f90d2b8908d5e1d7f78c3e17e055020cd30a2ab278491fa1e24084097d0576d4?s=96&d=mm&r=g","url":"https:\/\/secure.gravatar.com\/avatar\/f90d2b8908d5e1d7f78c3e17e055020cd30a2ab278491fa1e24084097d0576d4?s=96&d=mm&r=g","contentUrl":"https:\/\/secure.gravatar.com\/avatar\/f90d2b8908d5e1d7f78c3e17e055020cd30a2ab278491fa1e24084097d0576d4?s=96&d=mm&r=g","caption":"Sylvie D"},"url":"https:\/\/www.altercampagne.net\/?author=264"}]}},"_links":{"self":[{"href":"https:\/\/www.altercampagne.net\/index.php?rest_route=\/wp\/v2\/posts\/21882","targetHints":{"allow":["GET"]}}],"collection":[{"href":"https:\/\/www.altercampagne.net\/index.php?rest_route=\/wp\/v2\/posts"}],"about":[{"href":"https:\/\/www.altercampagne.net\/index.php?rest_route=\/wp\/v2\/types\/post"}],"author":[{"embeddable":true,"href":"https:\/\/www.altercampagne.net\/index.php?rest_route=\/wp\/v2\/users\/264"}],"replies":[{"embeddable":true,"href":"https:\/\/www.altercampagne.net\/index.php?rest_route=%2Fwp%2Fv2%2Fcomments&post=21882"}],"version-history":[{"count":6,"href":"https:\/\/www.altercampagne.net\/index.php?rest_route=\/wp\/v2\/posts\/21882\/revisions"}],"predecessor-version":[{"id":22377,"href":"https:\/\/www.altercampagne.net\/index.php?rest_route=\/wp\/v2\/posts\/21882\/revisions\/22377"}],"wp:featuredmedia":[{"embeddable":true,"href":"https:\/\/www.altercampagne.net\/index.php?rest_route=\/wp\/v2\/media\/21605"}],"wp:attachment":[{"href":"https:\/\/www.altercampagne.net\/index.php?rest_route=%2Fwp%2Fv2%2Fmedia&parent=21882"}],"wp:term":[{"taxonomy":"category","embeddable":true,"href":"https:\/\/www.altercampagne.net\/index.php?rest_route=%2Fwp%2Fv2%2Fcategories&post=21882"},{"taxonomy":"post_tag","embeddable":true,"href":"https:\/\/www.altercampagne.net\/index.php?rest_route=%2Fwp%2Fv2%2Ftags&post=21882"}],"curies":[{"name":"wp","href":"https:\/\/api.w.org\/{rel}","templated":true}]}}