{"id":21895,"date":"2021-07-01T08:42:00","date_gmt":"2021-07-01T06:42:00","guid":{"rendered":"https:\/\/www.altercampagne.net\/?p=21895"},"modified":"2021-07-01T08:57:57","modified_gmt":"2021-07-01T06:57:57","slug":"autour-du-feu-lecole-de-la-vie","status":"publish","type":"post","link":"https:\/\/www.altercampagne.net\/?p=21895","title":{"rendered":"Autour du Feu, l&rsquo;\u00e9cole de la vie"},"content":{"rendered":"\n<h4 class=\"wp-block-heading\"><strong>Envie de faire l\u2019\u00e9cole foresti\u00e8re ? <\/strong><\/h4>\n\n\n\n<p>Plong\u00e9 au milieu de centaines d\u2019arbres, <a href=\"https:\/\/www.autourdufeu.org\/about\"><strong>Autour du feu<\/strong><\/a> est un lieu du R\u00e9seau de la p\u00e9dagogie par la nature (RPPN). <\/p>\n\n\n\n<p class=\"has-text-align-left\">Pour le contexte : <br><em>\u00ab\u00a0Nous avons vendu notre maison, achet\u00e9 une caravane et voyag\u00e9 pour, enfin, trouver le terrain o\u00f9 nous sommes. <\/em><br><em><strong>Nous sommes&nbsp;sortis de notre vie rang\u00e9e<\/strong> pour partager une vie familiale aventureuse. J\u2019\u00e9tais une \u00e9l\u00e8ve brillante promise \u00e0 une grande carri\u00e8re,&nbsp;je faisais plaisir \u00e0 tout le monde et <strong>je me suis oubli\u00e9e<\/strong>. <\/em><br><em>Avec Brendan, quand nous \u00e9tions jeunes, nous <strong>flippions de rentrer dans le&nbsp;syst\u00e8me<\/strong>.<\/em> <em>Nous avons donc \u00e9quip\u00e9 un camion et nous sommes partis pour voyager pendant sept ans\u00a0\u00bb<\/em><br>Julie, cofondatrice avec son compagnon Brendan du lieu et du <a href=\"https:\/\/www.reseau-pedagogie-nature.org\"><strong>RPPN<\/strong><\/a>.<\/p>\n\n\n\n<h4 class=\"wp-block-heading\"><strong>\u00ab\u00a0Notre projet est naturel et politique\u00a0\u00bb<\/strong><\/h4>\n\n\n\n<p>Ici, on apprend \u00e0 \u00ab <strong><em>faire, \u00eatre et devenir&#8230; en nature<\/em><\/strong> \u00bb. On nous enseigne \u00e0 redevenir cet <strong>\u00eatre humain au sein d\u2019un \u00e9cosyst\u00e8me vivant<\/strong> au gr\u00e9 des saisons, tranchant avec ce \u00ab <em>besoin de r\u00e9sultat que nous impose la soci\u00e9t\u00e9. <strong>Quand tu plantes un pommier, tu ne sais pas si et quand tu vas manger ces pommes<\/strong><\/em> !<em> Ainsi j\u2019ai appris \u00e0 l\u00e2cher prise. Ainsi, nous fermons le lieu et hibernons trois semaines en hiver.&nbsp;<\/em> \u00bb.<\/p>\n\n\n\n<p class=\"has-text-align-right\">\u00ab\u00a0<em>Ce que j\u2019aime dans notre projet, c\u2019est <strong>le sentiment de mouvement<\/strong> par les personnes qui font le lieu, m\u00eame si la majorit\u00e9 de notre temps nous restons ici, \u00e0 Autour du feu. <\/em><br><em><strong>Notre retour \u00e0 l\u2019essentiel ?<\/strong> Il est vers la nature : un humain dans l\u2019\u00e9cosyst\u00e8me visant l\u2019autonomie alimentaire, et par biomim\u00e9tisme devant adapter son rythme<\/em>\u00ab\u00a0<\/p>\n\n\n\n<p>Inspir\u00e9e des Forest School anglaises, elle a cr\u00e9\u00e9 cette for\u00eat nourrici\u00e8re en la teintant fortement de ses aventures pass\u00e9es et de ses aspirations. <br>L\u2019enfant <strong>d\u00e9couvre, s\u2019approprie et prend soin de la nature<\/strong>, quand l\u2019adulte coop\u00e8re horizontalement et est garant du cadre. On apprend donc, d\u00e8s le plus jeune \u00e2ge, <strong>\u00e0 faire soi-m\u00eame \u00e0 plusieurs<\/strong>. <\/p>\n\n\n\n<p class=\"has-text-align-right\">\u00ab\u00a0<em>En enseignant diff\u00e9remment aux futurs adultes, nous participons \u00e0 la transition citoyenne, notre projet est naturel et politique\u00a0\u00bb<\/em><\/p>\n\n\n\n<p>Est-ce que \u00e7a ne donnerait pas envie de retourner \u00e0 l\u2019\u00e9cole ?<\/p>\n\n\n\n<p>L&rsquo;AlterTour y fera \u00e9tape le 19 Ao\u00fbt 2021.<\/p>\n","protected":false},"excerpt":{"rendered":"<p>Envie de faire l\u2019\u00e9cole foresti\u00e8re ? Plong\u00e9 au milieu de centaines d\u2019arbres, Autour du feu est un lieu du R\u00e9seau de la p\u00e9dagogie par la nature (RPPN). Pour le contexte : \u00ab\u00a0Nous avons vendu notre maison, achet\u00e9 une caravane et voyag\u00e9 pour, enfin, trouver le terrain o\u00f9 nous sommes. Nous &#8230; <\/p>\n<div><a href=\"https:\/\/www.altercampagne.net\/?p=21895\" class=\"more-link\">Read More<\/a><\/div>\n","protected":false},"author":295,"featured_media":21604,"comment_status":"closed","ping_status":"closed","sticky":false,"template":"","format":"standard","meta":{"footnotes":""},"categories":[4313,3472,4198,3938,3486],"tags":[],"class_list":["post-21895","post","type-post","status-publish","format-standard","has-post-thumbnail","hentry","category-altertour","category-bretagne","category-edition-2021","category-education","category-environnement"],"yoast_head":"<!-- This site is optimized with the Yoast SEO plugin v27.3 - https:\/\/yoast.com\/product\/yoast-seo-wordpress\/ -->\n<title>Autour du Feu, l&#039;\u00e9cole de la vie - AlterTour<\/title>\n<meta name=\"robots\" content=\"index, follow, max-snippet:-1, max-image-preview:large, max-video-preview:-1\" \/>\n<link rel=\"canonical\" href=\"https:\/\/www.altercampagne.net\/?p=21895\" \/>\n<meta property=\"og:locale\" content=\"fr_FR\" \/>\n<meta property=\"og:type\" content=\"article\" \/>\n<meta property=\"og:title\" content=\"Autour du Feu, l&#039;\u00e9cole de la vie - AlterTour\" \/>\n<meta property=\"og:description\" content=\"Envie de faire l\u2019\u00e9cole foresti\u00e8re ? Plong\u00e9 au milieu de centaines d\u2019arbres, Autour du feu est un lieu du R\u00e9seau de la p\u00e9dagogie par la nature (RPPN). Pour le contexte : \u00ab\u00a0Nous avons vendu notre maison, achet\u00e9 une caravane et voyag\u00e9 pour, enfin, trouver le terrain o\u00f9 nous sommes. Nous ... Read More\" \/>\n<meta property=\"og:url\" content=\"https:\/\/www.altercampagne.net\/?p=21895\" \/>\n<meta property=\"og:site_name\" content=\"AlterTour\" \/>\n<meta property=\"article:published_time\" content=\"2021-07-01T06:42:00+00:00\" \/>\n<meta property=\"article:modified_time\" content=\"2021-07-01T06:57:57+00:00\" \/>\n<meta property=\"og:image\" content=\"https:\/\/www.altercampagne.net\/wp-content\/uploads\/2021\/04\/2021-08-19-Autour-du-feu.jpg\" \/>\n\t<meta property=\"og:image:width\" content=\"1200\" \/>\n\t<meta property=\"og:image:height\" content=\"630\" \/>\n\t<meta property=\"og:image:type\" content=\"image\/jpeg\" \/>\n<meta name=\"author\" content=\"Ivan\" \/>\n<meta name=\"twitter:card\" content=\"summary_large_image\" \/>\n<meta name=\"twitter:label1\" content=\"\u00c9crit par\" \/>\n\t<meta name=\"twitter:data1\" content=\"Ivan\" \/>\n\t<meta name=\"twitter:label2\" content=\"Dur\u00e9e de lecture estim\u00e9e\" \/>\n\t<meta name=\"twitter:data2\" content=\"2 minutes\" \/>\n<script type=\"application\/ld+json\" class=\"yoast-schema-graph\">{\"@context\":\"https:\\\/\\\/schema.org\",\"@graph\":[{\"@type\":\"Article\",\"@id\":\"https:\\\/\\\/www.altercampagne.net\\\/?p=21895#article\",\"isPartOf\":{\"@id\":\"https:\\\/\\\/www.altercampagne.net\\\/?p=21895\"},\"author\":{\"name\":\"Ivan\",\"@id\":\"https:\\\/\\\/www.altercampagne.net\\\/#\\\/schema\\\/person\\\/c007149048bad022a8e11a5a1549e67a\"},\"headline\":\"Autour du Feu, l&rsquo;\u00e9cole de la vie\",\"datePublished\":\"2021-07-01T06:42:00+00:00\",\"dateModified\":\"2021-07-01T06:57:57+00:00\",\"mainEntityOfPage\":{\"@id\":\"https:\\\/\\\/www.altercampagne.net\\\/?p=21895\"},\"wordCount\":383,\"image\":{\"@id\":\"https:\\\/\\\/www.altercampagne.net\\\/?p=21895#primaryimage\"},\"thumbnailUrl\":\"https:\\\/\\\/www.altercampagne.net\\\/wp-content\\\/uploads\\\/2021\\\/04\\\/2021-08-19-Autour-du-feu.jpg\",\"articleSection\":[\"AlterTour\",\"Bretagne\",\"Edition 2021\",\"Education\",\"Environnement\"],\"inLanguage\":\"fr-FR\"},{\"@type\":\"WebPage\",\"@id\":\"https:\\\/\\\/www.altercampagne.net\\\/?p=21895\",\"url\":\"https:\\\/\\\/www.altercampagne.net\\\/?p=21895\",\"name\":\"Autour du Feu, l'\u00e9cole de la vie - AlterTour\",\"isPartOf\":{\"@id\":\"https:\\\/\\\/www.altercampagne.net\\\/#website\"},\"primaryImageOfPage\":{\"@id\":\"https:\\\/\\\/www.altercampagne.net\\\/?p=21895#primaryimage\"},\"image\":{\"@id\":\"https:\\\/\\\/www.altercampagne.net\\\/?p=21895#primaryimage\"},\"thumbnailUrl\":\"https:\\\/\\\/www.altercampagne.net\\\/wp-content\\\/uploads\\\/2021\\\/04\\\/2021-08-19-Autour-du-feu.jpg\",\"datePublished\":\"2021-07-01T06:42:00+00:00\",\"dateModified\":\"2021-07-01T06:57:57+00:00\",\"author\":{\"@id\":\"https:\\\/\\\/www.altercampagne.net\\\/#\\\/schema\\\/person\\\/c007149048bad022a8e11a5a1549e67a\"},\"breadcrumb\":{\"@id\":\"https:\\\/\\\/www.altercampagne.net\\\/?p=21895#breadcrumb\"},\"inLanguage\":\"fr-FR\",\"potentialAction\":[{\"@type\":\"ReadAction\",\"target\":[\"https:\\\/\\\/www.altercampagne.net\\\/?p=21895\"]}]},{\"@type\":\"ImageObject\",\"inLanguage\":\"fr-FR\",\"@id\":\"https:\\\/\\\/www.altercampagne.net\\\/?p=21895#primaryimage\",\"url\":\"https:\\\/\\\/www.altercampagne.net\\\/wp-content\\\/uploads\\\/2021\\\/04\\\/2021-08-19-Autour-du-feu.jpg\",\"contentUrl\":\"https:\\\/\\\/www.altercampagne.net\\\/wp-content\\\/uploads\\\/2021\\\/04\\\/2021-08-19-Autour-du-feu.jpg\",\"width\":1200,\"height\":630,\"caption\":\"Photo pour illustrer l'article de blog\"},{\"@type\":\"BreadcrumbList\",\"@id\":\"https:\\\/\\\/www.altercampagne.net\\\/?p=21895#breadcrumb\",\"itemListElement\":[{\"@type\":\"ListItem\",\"position\":1,\"name\":\"Accueil\",\"item\":\"https:\\\/\\\/www.altercampagne.net\\\/\"},{\"@type\":\"ListItem\",\"position\":2,\"name\":\"Autour du Feu, l&rsquo;\u00e9cole de la vie\"}]},{\"@type\":\"WebSite\",\"@id\":\"https:\\\/\\\/www.altercampagne.net\\\/#website\",\"url\":\"https:\\\/\\\/www.altercampagne.net\\\/\",\"name\":\"AlterTour\",\"description\":\"Reliez les Alternatives \u00e0 v\u00e9lo\",\"potentialAction\":[{\"@type\":\"SearchAction\",\"target\":{\"@type\":\"EntryPoint\",\"urlTemplate\":\"https:\\\/\\\/www.altercampagne.net\\\/?s={search_term_string}\"},\"query-input\":{\"@type\":\"PropertyValueSpecification\",\"valueRequired\":true,\"valueName\":\"search_term_string\"}}],\"inLanguage\":\"fr-FR\"},{\"@type\":\"Person\",\"@id\":\"https:\\\/\\\/www.altercampagne.net\\\/#\\\/schema\\\/person\\\/c007149048bad022a8e11a5a1549e67a\",\"name\":\"Ivan\",\"image\":{\"@type\":\"ImageObject\",\"inLanguage\":\"fr-FR\",\"@id\":\"https:\\\/\\\/secure.gravatar.com\\\/avatar\\\/d7114d9060e24703c012c83578543a4c1da7a646e90cb95e955d566a3b8500f6?s=96&d=mm&r=g\",\"url\":\"https:\\\/\\\/secure.gravatar.com\\\/avatar\\\/d7114d9060e24703c012c83578543a4c1da7a646e90cb95e955d566a3b8500f6?s=96&d=mm&r=g\",\"contentUrl\":\"https:\\\/\\\/secure.gravatar.com\\\/avatar\\\/d7114d9060e24703c012c83578543a4c1da7a646e90cb95e955d566a3b8500f6?s=96&d=mm&r=g\",\"caption\":\"Ivan\"},\"url\":\"https:\\\/\\\/www.altercampagne.net\\\/?author=295\"}]}<\/script>\n<!-- \/ Yoast SEO plugin. -->","yoast_head_json":{"title":"Autour du Feu, l'\u00e9cole de la vie - AlterTour","robots":{"index":"index","follow":"follow","max-snippet":"max-snippet:-1","max-image-preview":"max-image-preview:large","max-video-preview":"max-video-preview:-1"},"canonical":"https:\/\/www.altercampagne.net\/?p=21895","og_locale":"fr_FR","og_type":"article","og_title":"Autour du Feu, l'\u00e9cole de la vie - AlterTour","og_description":"Envie de faire l\u2019\u00e9cole foresti\u00e8re ? Plong\u00e9 au milieu de centaines d\u2019arbres, Autour du feu est un lieu du R\u00e9seau de la p\u00e9dagogie par la nature (RPPN). Pour le contexte : \u00ab\u00a0Nous avons vendu notre maison, achet\u00e9 une caravane et voyag\u00e9 pour, enfin, trouver le terrain o\u00f9 nous sommes. Nous ... Read More","og_url":"https:\/\/www.altercampagne.net\/?p=21895","og_site_name":"AlterTour","article_published_time":"2021-07-01T06:42:00+00:00","article_modified_time":"2021-07-01T06:57:57+00:00","og_image":[{"width":1200,"height":630,"url":"https:\/\/www.altercampagne.net\/wp-content\/uploads\/2021\/04\/2021-08-19-Autour-du-feu.jpg","type":"image\/jpeg"}],"author":"Ivan","twitter_card":"summary_large_image","twitter_misc":{"\u00c9crit par":"Ivan","Dur\u00e9e de lecture estim\u00e9e":"2 minutes"},"schema":{"@context":"https:\/\/schema.org","@graph":[{"@type":"Article","@id":"https:\/\/www.altercampagne.net\/?p=21895#article","isPartOf":{"@id":"https:\/\/www.altercampagne.net\/?p=21895"},"author":{"name":"Ivan","@id":"https:\/\/www.altercampagne.net\/#\/schema\/person\/c007149048bad022a8e11a5a1549e67a"},"headline":"Autour du Feu, l&rsquo;\u00e9cole de la vie","datePublished":"2021-07-01T06:42:00+00:00","dateModified":"2021-07-01T06:57:57+00:00","mainEntityOfPage":{"@id":"https:\/\/www.altercampagne.net\/?p=21895"},"wordCount":383,"image":{"@id":"https:\/\/www.altercampagne.net\/?p=21895#primaryimage"},"thumbnailUrl":"https:\/\/www.altercampagne.net\/wp-content\/uploads\/2021\/04\/2021-08-19-Autour-du-feu.jpg","articleSection":["AlterTour","Bretagne","Edition 2021","Education","Environnement"],"inLanguage":"fr-FR"},{"@type":"WebPage","@id":"https:\/\/www.altercampagne.net\/?p=21895","url":"https:\/\/www.altercampagne.net\/?p=21895","name":"Autour du Feu, l'\u00e9cole de la vie - AlterTour","isPartOf":{"@id":"https:\/\/www.altercampagne.net\/#website"},"primaryImageOfPage":{"@id":"https:\/\/www.altercampagne.net\/?p=21895#primaryimage"},"image":{"@id":"https:\/\/www.altercampagne.net\/?p=21895#primaryimage"},"thumbnailUrl":"https:\/\/www.altercampagne.net\/wp-content\/uploads\/2021\/04\/2021-08-19-Autour-du-feu.jpg","datePublished":"2021-07-01T06:42:00+00:00","dateModified":"2021-07-01T06:57:57+00:00","author":{"@id":"https:\/\/www.altercampagne.net\/#\/schema\/person\/c007149048bad022a8e11a5a1549e67a"},"breadcrumb":{"@id":"https:\/\/www.altercampagne.net\/?p=21895#breadcrumb"},"inLanguage":"fr-FR","potentialAction":[{"@type":"ReadAction","target":["https:\/\/www.altercampagne.net\/?p=21895"]}]},{"@type":"ImageObject","inLanguage":"fr-FR","@id":"https:\/\/www.altercampagne.net\/?p=21895#primaryimage","url":"https:\/\/www.altercampagne.net\/wp-content\/uploads\/2021\/04\/2021-08-19-Autour-du-feu.jpg","contentUrl":"https:\/\/www.altercampagne.net\/wp-content\/uploads\/2021\/04\/2021-08-19-Autour-du-feu.jpg","width":1200,"height":630,"caption":"Photo pour illustrer l'article de blog"},{"@type":"BreadcrumbList","@id":"https:\/\/www.altercampagne.net\/?p=21895#breadcrumb","itemListElement":[{"@type":"ListItem","position":1,"name":"Accueil","item":"https:\/\/www.altercampagne.net\/"},{"@type":"ListItem","position":2,"name":"Autour du Feu, l&rsquo;\u00e9cole de la vie"}]},{"@type":"WebSite","@id":"https:\/\/www.altercampagne.net\/#website","url":"https:\/\/www.altercampagne.net\/","name":"AlterTour","description":"Reliez les Alternatives \u00e0 v\u00e9lo","potentialAction":[{"@type":"SearchAction","target":{"@type":"EntryPoint","urlTemplate":"https:\/\/www.altercampagne.net\/?s={search_term_string}"},"query-input":{"@type":"PropertyValueSpecification","valueRequired":true,"valueName":"search_term_string"}}],"inLanguage":"fr-FR"},{"@type":"Person","@id":"https:\/\/www.altercampagne.net\/#\/schema\/person\/c007149048bad022a8e11a5a1549e67a","name":"Ivan","image":{"@type":"ImageObject","inLanguage":"fr-FR","@id":"https:\/\/secure.gravatar.com\/avatar\/d7114d9060e24703c012c83578543a4c1da7a646e90cb95e955d566a3b8500f6?s=96&d=mm&r=g","url":"https:\/\/secure.gravatar.com\/avatar\/d7114d9060e24703c012c83578543a4c1da7a646e90cb95e955d566a3b8500f6?s=96&d=mm&r=g","contentUrl":"https:\/\/secure.gravatar.com\/avatar\/d7114d9060e24703c012c83578543a4c1da7a646e90cb95e955d566a3b8500f6?s=96&d=mm&r=g","caption":"Ivan"},"url":"https:\/\/www.altercampagne.net\/?author=295"}]}},"_links":{"self":[{"href":"https:\/\/www.altercampagne.net\/index.php?rest_route=\/wp\/v2\/posts\/21895","targetHints":{"allow":["GET"]}}],"collection":[{"href":"https:\/\/www.altercampagne.net\/index.php?rest_route=\/wp\/v2\/posts"}],"about":[{"href":"https:\/\/www.altercampagne.net\/index.php?rest_route=\/wp\/v2\/types\/post"}],"author":[{"embeddable":true,"href":"https:\/\/www.altercampagne.net\/index.php?rest_route=\/wp\/v2\/users\/295"}],"replies":[{"embeddable":true,"href":"https:\/\/www.altercampagne.net\/index.php?rest_route=%2Fwp%2Fv2%2Fcomments&post=21895"}],"version-history":[{"count":5,"href":"https:\/\/www.altercampagne.net\/index.php?rest_route=\/wp\/v2\/posts\/21895\/revisions"}],"predecessor-version":[{"id":22376,"href":"https:\/\/www.altercampagne.net\/index.php?rest_route=\/wp\/v2\/posts\/21895\/revisions\/22376"}],"wp:featuredmedia":[{"embeddable":true,"href":"https:\/\/www.altercampagne.net\/index.php?rest_route=\/wp\/v2\/media\/21604"}],"wp:attachment":[{"href":"https:\/\/www.altercampagne.net\/index.php?rest_route=%2Fwp%2Fv2%2Fmedia&parent=21895"}],"wp:term":[{"taxonomy":"category","embeddable":true,"href":"https:\/\/www.altercampagne.net\/index.php?rest_route=%2Fwp%2Fv2%2Fcategories&post=21895"},{"taxonomy":"post_tag","embeddable":true,"href":"https:\/\/www.altercampagne.net\/index.php?rest_route=%2Fwp%2Fv2%2Ftags&post=21895"}],"curies":[{"name":"wp","href":"https:\/\/api.w.org\/{rel}","templated":true}]}}