{"id":21900,"date":"2021-06-29T08:07:00","date_gmt":"2021-06-29T06:07:00","guid":{"rendered":"https:\/\/www.altercampagne.net\/?p=21900"},"modified":"2024-08-27T16:25:30","modified_gmt":"2024-08-27T14:25:30","slug":"leco-domaine-le-bois-du-barde","status":"publish","type":"post","link":"https:\/\/www.altercampagne.net\/?p=21900","title":{"rendered":"L&rsquo;\u00e9co-domaine Le Bois du Barde"},"content":{"rendered":"\n<h4 class=\"wp-block-heading\">\u00ab\u00a0T\u2019as ton permis brouette ? Bienvenue dans le collectif !\u00a0\u00bb<\/h4>\n\n\n\n<p><em>\u00ab\u00a0Je suis arriv\u00e9 en Bretagne suite \u00e0 un appel \u00e0 projet. <strong>Je voulais cr\u00e9er un tiers-lieu<\/strong> proposant des stages de permaculture pour des personnes en situation de handicap. Malheureusement, cette id\u00e9e n\u2019a pas vu le jour.<\/em><\/p>\n\n\n\n<p><em>D\u00e9\u00e7u, j\u2019\u00e9tais sur le point de repartir avec mon gros sac \u00e0 dos. C\u2019est alors que <strong>j\u2019ai appris l\u2019existence de l\u2019Eco-domaine le Bois du Barde<\/strong>. Les deux projets avaient une philosophie tr\u00e8s proche. <strong>J\u2019ai rejoint Mellinnec en stop<\/strong>.<\/em><\/p>\n\n\n\n<p><em>On m\u2019a dit : t\u2019as ton permis brouette ? Bienvenue dans le collectif ! <\/em><br><em>Je suis rest\u00e9 <strong>un mois en woofing<\/strong> et j\u2019ai tr\u00e8s rapidement&nbsp;\u00e9t\u00e9 int\u00e9gr\u00e9 dans l\u2019\u00e9quipe. <\/em><br><em><strong>Nous allons installer de nouveaux habitats l\u00e9gers<\/strong> pour accueillir de nouvelles personnes dans le collectif.<\/em>\u00ab\u00a0<br>Nicolas, Co-coordinateur de l&rsquo;\u00e9co-domaine Le Bois du Barde<\/p>\n\n\n\n<figure class=\"wp-block-image size-large\"><a href=\"https:\/\/www.altercampagne.net\/wp-content\/uploads\/2021\/03\/2021-08-15-Bois-du-Barde.jpg\"><img loading=\"lazy\" decoding=\"async\" width=\"686\" height=\"500\" src=\"https:\/\/www.altercampagne.net\/wp-content\/uploads\/2021\/03\/2021-08-15-Bois-du-Barde.jpg\" alt=\"\" class=\"wp-image-20995\" srcset=\"https:\/\/www.altercampagne.net\/wp-content\/uploads\/2021\/03\/2021-08-15-Bois-du-Barde.jpg 686w, https:\/\/www.altercampagne.net\/wp-content\/uploads\/2021\/03\/2021-08-15-Bois-du-Barde-300x219.jpg 300w, https:\/\/www.altercampagne.net\/wp-content\/uploads\/2021\/03\/2021-08-15-Bois-du-Barde-610x445.jpg 610w, https:\/\/www.altercampagne.net\/wp-content\/uploads\/2021\/03\/2021-08-15-Bois-du-Barde-100x73.jpg 100w\" sizes=\"auto, (max-width: 686px) 100vw, 686px\" \/><\/a><figcaption class=\"wp-element-caption\">Montage d&rsquo;un yourte au domaine<\/figcaption><\/figure>\n\n\n\n<h4 class=\"wp-block-heading\">Transmission et transition<\/h4>\n\n\n\n<p>C\u2019est la raison d\u2019\u00eatre de l\u2019Eco-domaine <a href=\"https:\/\/www.leboisdubarde.bzh\"><strong>le Bois du Barde<\/strong><\/a> \u00e0 Mellionnec. <\/p>\n\n\n\n<p>Ici, les activit\u00e9s foisonnent, entre la <strong>ferme bio<\/strong>, l\u2019<strong>\u00e9co camping<\/strong>, la <strong>ferme p\u00e9dagogique<\/strong>, les <strong>spectacles<\/strong>, les <strong>formations\/ stages\/ateliers<\/strong>&#8230; il y a de quoi s\u2019occuper. <\/p>\n\n\n\n<p>Anne-Laure et Gilles m\u00e8nent la culture des <strong>cinq hectares de pommiers<\/strong> \u00e0 cidre, r\u00e9coltent la <strong>s\u00e8ve de bouleaux<\/strong> et prennent <strong>soin des poneys et des \u00e2nes<\/strong>. <br>Nicolas accueille les groupes et coordonne les animations sur le site et Th\u00e9o bricole tout ce qui a besoin d\u2019\u00eatre bricol\u00e9. <\/p>\n\n\n\n<p>Dans ce collectif <strong>on vit, on travaille et on d\u00e9cide ensemble<\/strong>. <br>Avec le temps, le mode de <strong>gouvernance sociocratique<\/strong> s\u2019est impos\u00e9, il permet de s\u2019auto-organiser, de co-construire des propositions et de prendre des d\u00e9cisions au consensus. <\/p>\n\n\n\n<figure class=\"wp-block-image size-large\"><a href=\"https:\/\/www.altercampagne.net\/wp-content\/uploads\/2021\/03\/2021-08-14-Bois-du-Barde.jpg\"><img loading=\"lazy\" decoding=\"async\" width=\"686\" height=\"500\" src=\"https:\/\/www.altercampagne.net\/wp-content\/uploads\/2021\/03\/2021-08-14-Bois-du-Barde.jpg\" alt=\"\" class=\"wp-image-20994\" srcset=\"https:\/\/www.altercampagne.net\/wp-content\/uploads\/2021\/03\/2021-08-14-Bois-du-Barde.jpg 686w, https:\/\/www.altercampagne.net\/wp-content\/uploads\/2021\/03\/2021-08-14-Bois-du-Barde-300x219.jpg 300w, https:\/\/www.altercampagne.net\/wp-content\/uploads\/2021\/03\/2021-08-14-Bois-du-Barde-610x445.jpg 610w, https:\/\/www.altercampagne.net\/wp-content\/uploads\/2021\/03\/2021-08-14-Bois-du-Barde-100x73.jpg 100w\" sizes=\"auto, (max-width: 686px) 100vw, 686px\" \/><\/a><figcaption class=\"wp-element-caption\">Anne-Laure et Gilles<\/figcaption><\/figure>\n\n\n\n<p>Aujourd\u2019hui, le foncier appartient \u00e0 Anne-Laure. <br>En 2022, <strong>les terres seront mutualis\u00e9es<\/strong> dans une Soci\u00e9t\u00e9 Civile Immobili\u00e8re Citoyenne. Ainsi l\u2019\u00e9quipe, les habitants, la commune pourront <strong>prendre des parts dans l\u2019aventure<\/strong>, <strong>garantir la p\u00e9rennit\u00e9<\/strong> de l\u2019activit\u00e9 et <strong>sauvegarder les terres agricoles<\/strong>.<\/p>\n\n\n\n<p class=\"has-text-align-right\">\u00ab\u00a0<em>Pour moi, l\u2019essentiel n\u2019est pas dans ce qu\u2019on ach\u00e8te ou ce que l\u2019on consomme. Ce qui ne se partage pas n\u2019a pas de valeur \u00e0&nbsp;mes yeux. Les Alternatives mettent au c\u0153ur de leur r\u00e9flexion l\u2019humain et la vie. Le reste peut s\u2019effondrer, tant qu\u2019on peut&nbsp;coop\u00e9rer avec le vivant tout est possible.<\/em>\u00ab\u00a0<\/p>\n\n\n\n<p>Le 15 ao\u00fbt 2021, Le Bois du Barde accueillera l&rsquo;AlterTour.<\/p>\n\n\n\n<p>N&rsquo;h\u00e9sitez surtout pas \u00e0 leur rendre visite !<\/p>\n\n\n\n<p class=\"has-text-align-right\"><strong>Mathieu<\/strong><\/p>\n\n\n\n<p class=\"has-text-align-right has-white-color has-text-color has-link-color wp-elements-6b00ec4504b537b156867b9b1ea48489\">Mathieu Fromont, <a href=\"https:\/\/www.facebook.com\/BrasseriePlumeJurassienne\/\" target=\"_blank\" rel=\"noreferrer noopener\">Brasserie Plume Jurassienne<\/a><\/p>\n","protected":false},"excerpt":{"rendered":"<p>\u00ab\u00a0T\u2019as ton permis brouette ? Bienvenue dans le collectif !\u00a0\u00bb \u00ab\u00a0Je suis arriv\u00e9 en Bretagne suite \u00e0 un appel \u00e0 projet. Je voulais cr\u00e9er un tiers-lieu proposant des stages de permaculture pour des personnes en situation de handicap. Malheureusement, cette id\u00e9e n\u2019a pas vu le jour. D\u00e9\u00e7u, j\u2019\u00e9tais sur le &#8230; <\/p>\n<div><a href=\"https:\/\/www.altercampagne.net\/?p=21900\" class=\"more-link\">Read More<\/a><\/div>\n","protected":false},"author":214,"featured_media":21603,"comment_status":"closed","ping_status":"closed","sticky":false,"template":"","format":"standard","meta":{"footnotes":""},"categories":[3483,4313,3489,3472,3490,4198,3938,3486,3485],"tags":[],"class_list":["post-21900","post","type-post","status-publish","format-standard","has-post-thumbnail","hentry","category-agriculture","category-altertour","category-alimentation","category-bretagne","category-culture","category-edition-2021","category-education","category-environnement","category-habitat"],"yoast_head":"<!-- This site is optimized with the Yoast SEO plugin v27.3 - https:\/\/yoast.com\/product\/yoast-seo-wordpress\/ -->\n<title>L&#039;\u00e9co-domaine Le Bois du Barde - AlterTour<\/title>\n<meta name=\"robots\" content=\"index, follow, max-snippet:-1, max-image-preview:large, max-video-preview:-1\" \/>\n<link rel=\"canonical\" href=\"https:\/\/www.altercampagne.net\/?p=21900\" \/>\n<meta property=\"og:locale\" content=\"fr_FR\" \/>\n<meta property=\"og:type\" content=\"article\" \/>\n<meta property=\"og:title\" content=\"L&#039;\u00e9co-domaine Le Bois du Barde - AlterTour\" \/>\n<meta property=\"og:description\" content=\"\u00ab\u00a0T\u2019as ton permis brouette ? Bienvenue dans le collectif !\u00a0\u00bb \u00ab\u00a0Je suis arriv\u00e9 en Bretagne suite \u00e0 un appel \u00e0 projet. Je voulais cr\u00e9er un tiers-lieu proposant des stages de permaculture pour des personnes en situation de handicap. Malheureusement, cette id\u00e9e n\u2019a pas vu le jour. D\u00e9\u00e7u, j\u2019\u00e9tais sur le ... Read More\" \/>\n<meta property=\"og:url\" content=\"https:\/\/www.altercampagne.net\/?p=21900\" \/>\n<meta property=\"og:site_name\" content=\"AlterTour\" \/>\n<meta property=\"article:published_time\" content=\"2021-06-29T06:07:00+00:00\" \/>\n<meta property=\"article:modified_time\" content=\"2024-08-27T14:25:30+00:00\" \/>\n<meta property=\"og:image\" content=\"https:\/\/www.altercampagne.net\/wp-content\/uploads\/2021\/04\/2021-08-15-bois-du-barde.jpg\" \/>\n\t<meta property=\"og:image:width\" content=\"1200\" \/>\n\t<meta property=\"og:image:height\" content=\"630\" \/>\n\t<meta property=\"og:image:type\" content=\"image\/jpeg\" \/>\n<meta name=\"author\" content=\"Mathieu\" \/>\n<meta name=\"twitter:card\" content=\"summary_large_image\" \/>\n<meta name=\"twitter:label1\" content=\"\u00c9crit par\" \/>\n\t<meta name=\"twitter:data1\" content=\"Mathieu\" \/>\n\t<meta name=\"twitter:label2\" content=\"Dur\u00e9e de lecture estim\u00e9e\" \/>\n\t<meta name=\"twitter:data2\" content=\"3 minutes\" \/>\n<script type=\"application\/ld+json\" class=\"yoast-schema-graph\">{\"@context\":\"https:\\\/\\\/schema.org\",\"@graph\":[{\"@type\":\"Article\",\"@id\":\"https:\\\/\\\/www.altercampagne.net\\\/?p=21900#article\",\"isPartOf\":{\"@id\":\"https:\\\/\\\/www.altercampagne.net\\\/?p=21900\"},\"author\":{\"name\":\"Mathieu\",\"@id\":\"https:\\\/\\\/www.altercampagne.net\\\/#\\\/schema\\\/person\\\/0f261460c09e430caa0f9bcffa319109\"},\"headline\":\"L&rsquo;\u00e9co-domaine Le Bois du Barde\",\"datePublished\":\"2021-06-29T06:07:00+00:00\",\"dateModified\":\"2024-08-27T14:25:30+00:00\",\"mainEntityOfPage\":{\"@id\":\"https:\\\/\\\/www.altercampagne.net\\\/?p=21900\"},\"wordCount\":437,\"image\":{\"@id\":\"https:\\\/\\\/www.altercampagne.net\\\/?p=21900#primaryimage\"},\"thumbnailUrl\":\"https:\\\/\\\/www.altercampagne.net\\\/wp-content\\\/uploads\\\/2021\\\/04\\\/2021-08-15-bois-du-barde.jpg\",\"articleSection\":[\"Agriculture\",\"AlterTour\",\"Alimentation\",\"Bretagne\",\"Culture\",\"Edition 2021\",\"Education\",\"Environnement\",\"Habitat\"],\"inLanguage\":\"fr-FR\"},{\"@type\":\"WebPage\",\"@id\":\"https:\\\/\\\/www.altercampagne.net\\\/?p=21900\",\"url\":\"https:\\\/\\\/www.altercampagne.net\\\/?p=21900\",\"name\":\"L'\u00e9co-domaine Le Bois du Barde - AlterTour\",\"isPartOf\":{\"@id\":\"https:\\\/\\\/www.altercampagne.net\\\/#website\"},\"primaryImageOfPage\":{\"@id\":\"https:\\\/\\\/www.altercampagne.net\\\/?p=21900#primaryimage\"},\"image\":{\"@id\":\"https:\\\/\\\/www.altercampagne.net\\\/?p=21900#primaryimage\"},\"thumbnailUrl\":\"https:\\\/\\\/www.altercampagne.net\\\/wp-content\\\/uploads\\\/2021\\\/04\\\/2021-08-15-bois-du-barde.jpg\",\"datePublished\":\"2021-06-29T06:07:00+00:00\",\"dateModified\":\"2024-08-27T14:25:30+00:00\",\"author\":{\"@id\":\"https:\\\/\\\/www.altercampagne.net\\\/#\\\/schema\\\/person\\\/0f261460c09e430caa0f9bcffa319109\"},\"breadcrumb\":{\"@id\":\"https:\\\/\\\/www.altercampagne.net\\\/?p=21900#breadcrumb\"},\"inLanguage\":\"fr-FR\",\"potentialAction\":[{\"@type\":\"ReadAction\",\"target\":[\"https:\\\/\\\/www.altercampagne.net\\\/?p=21900\"]}]},{\"@type\":\"ImageObject\",\"inLanguage\":\"fr-FR\",\"@id\":\"https:\\\/\\\/www.altercampagne.net\\\/?p=21900#primaryimage\",\"url\":\"https:\\\/\\\/www.altercampagne.net\\\/wp-content\\\/uploads\\\/2021\\\/04\\\/2021-08-15-bois-du-barde.jpg\",\"contentUrl\":\"https:\\\/\\\/www.altercampagne.net\\\/wp-content\\\/uploads\\\/2021\\\/04\\\/2021-08-15-bois-du-barde.jpg\",\"width\":1200,\"height\":630,\"caption\":\"Photo pour illustrer l'article de blog\"},{\"@type\":\"BreadcrumbList\",\"@id\":\"https:\\\/\\\/www.altercampagne.net\\\/?p=21900#breadcrumb\",\"itemListElement\":[{\"@type\":\"ListItem\",\"position\":1,\"name\":\"Accueil\",\"item\":\"https:\\\/\\\/www.altercampagne.net\\\/\"},{\"@type\":\"ListItem\",\"position\":2,\"name\":\"L&rsquo;\u00e9co-domaine Le Bois du Barde\"}]},{\"@type\":\"WebSite\",\"@id\":\"https:\\\/\\\/www.altercampagne.net\\\/#website\",\"url\":\"https:\\\/\\\/www.altercampagne.net\\\/\",\"name\":\"AlterTour\",\"description\":\"Reliez les Alternatives \u00e0 v\u00e9lo\",\"potentialAction\":[{\"@type\":\"SearchAction\",\"target\":{\"@type\":\"EntryPoint\",\"urlTemplate\":\"https:\\\/\\\/www.altercampagne.net\\\/?s={search_term_string}\"},\"query-input\":{\"@type\":\"PropertyValueSpecification\",\"valueRequired\":true,\"valueName\":\"search_term_string\"}}],\"inLanguage\":\"fr-FR\"},{\"@type\":\"Person\",\"@id\":\"https:\\\/\\\/www.altercampagne.net\\\/#\\\/schema\\\/person\\\/0f261460c09e430caa0f9bcffa319109\",\"name\":\"Mathieu\",\"image\":{\"@type\":\"ImageObject\",\"inLanguage\":\"fr-FR\",\"@id\":\"https:\\\/\\\/secure.gravatar.com\\\/avatar\\\/aa9d3d24c83f2141e5e2709d0f63d09a99f6be6bb7a50abc4915838d9f54501a?s=96&d=mm&r=g\",\"url\":\"https:\\\/\\\/secure.gravatar.com\\\/avatar\\\/aa9d3d24c83f2141e5e2709d0f63d09a99f6be6bb7a50abc4915838d9f54501a?s=96&d=mm&r=g\",\"contentUrl\":\"https:\\\/\\\/secure.gravatar.com\\\/avatar\\\/aa9d3d24c83f2141e5e2709d0f63d09a99f6be6bb7a50abc4915838d9f54501a?s=96&d=mm&r=g\",\"caption\":\"Mathieu\"},\"url\":\"https:\\\/\\\/www.altercampagne.net\\\/?author=214\"}]}<\/script>\n<!-- \/ Yoast SEO plugin. -->","yoast_head_json":{"title":"L'\u00e9co-domaine Le Bois du Barde - AlterTour","robots":{"index":"index","follow":"follow","max-snippet":"max-snippet:-1","max-image-preview":"max-image-preview:large","max-video-preview":"max-video-preview:-1"},"canonical":"https:\/\/www.altercampagne.net\/?p=21900","og_locale":"fr_FR","og_type":"article","og_title":"L'\u00e9co-domaine Le Bois du Barde - AlterTour","og_description":"\u00ab\u00a0T\u2019as ton permis brouette ? Bienvenue dans le collectif !\u00a0\u00bb \u00ab\u00a0Je suis arriv\u00e9 en Bretagne suite \u00e0 un appel \u00e0 projet. Je voulais cr\u00e9er un tiers-lieu proposant des stages de permaculture pour des personnes en situation de handicap. Malheureusement, cette id\u00e9e n\u2019a pas vu le jour. D\u00e9\u00e7u, j\u2019\u00e9tais sur le ... Read More","og_url":"https:\/\/www.altercampagne.net\/?p=21900","og_site_name":"AlterTour","article_published_time":"2021-06-29T06:07:00+00:00","article_modified_time":"2024-08-27T14:25:30+00:00","og_image":[{"width":1200,"height":630,"url":"https:\/\/www.altercampagne.net\/wp-content\/uploads\/2021\/04\/2021-08-15-bois-du-barde.jpg","type":"image\/jpeg"}],"author":"Mathieu","twitter_card":"summary_large_image","twitter_misc":{"\u00c9crit par":"Mathieu","Dur\u00e9e de lecture estim\u00e9e":"3 minutes"},"schema":{"@context":"https:\/\/schema.org","@graph":[{"@type":"Article","@id":"https:\/\/www.altercampagne.net\/?p=21900#article","isPartOf":{"@id":"https:\/\/www.altercampagne.net\/?p=21900"},"author":{"name":"Mathieu","@id":"https:\/\/www.altercampagne.net\/#\/schema\/person\/0f261460c09e430caa0f9bcffa319109"},"headline":"L&rsquo;\u00e9co-domaine Le Bois du Barde","datePublished":"2021-06-29T06:07:00+00:00","dateModified":"2024-08-27T14:25:30+00:00","mainEntityOfPage":{"@id":"https:\/\/www.altercampagne.net\/?p=21900"},"wordCount":437,"image":{"@id":"https:\/\/www.altercampagne.net\/?p=21900#primaryimage"},"thumbnailUrl":"https:\/\/www.altercampagne.net\/wp-content\/uploads\/2021\/04\/2021-08-15-bois-du-barde.jpg","articleSection":["Agriculture","AlterTour","Alimentation","Bretagne","Culture","Edition 2021","Education","Environnement","Habitat"],"inLanguage":"fr-FR"},{"@type":"WebPage","@id":"https:\/\/www.altercampagne.net\/?p=21900","url":"https:\/\/www.altercampagne.net\/?p=21900","name":"L'\u00e9co-domaine Le Bois du Barde - AlterTour","isPartOf":{"@id":"https:\/\/www.altercampagne.net\/#website"},"primaryImageOfPage":{"@id":"https:\/\/www.altercampagne.net\/?p=21900#primaryimage"},"image":{"@id":"https:\/\/www.altercampagne.net\/?p=21900#primaryimage"},"thumbnailUrl":"https:\/\/www.altercampagne.net\/wp-content\/uploads\/2021\/04\/2021-08-15-bois-du-barde.jpg","datePublished":"2021-06-29T06:07:00+00:00","dateModified":"2024-08-27T14:25:30+00:00","author":{"@id":"https:\/\/www.altercampagne.net\/#\/schema\/person\/0f261460c09e430caa0f9bcffa319109"},"breadcrumb":{"@id":"https:\/\/www.altercampagne.net\/?p=21900#breadcrumb"},"inLanguage":"fr-FR","potentialAction":[{"@type":"ReadAction","target":["https:\/\/www.altercampagne.net\/?p=21900"]}]},{"@type":"ImageObject","inLanguage":"fr-FR","@id":"https:\/\/www.altercampagne.net\/?p=21900#primaryimage","url":"https:\/\/www.altercampagne.net\/wp-content\/uploads\/2021\/04\/2021-08-15-bois-du-barde.jpg","contentUrl":"https:\/\/www.altercampagne.net\/wp-content\/uploads\/2021\/04\/2021-08-15-bois-du-barde.jpg","width":1200,"height":630,"caption":"Photo pour illustrer l'article de blog"},{"@type":"BreadcrumbList","@id":"https:\/\/www.altercampagne.net\/?p=21900#breadcrumb","itemListElement":[{"@type":"ListItem","position":1,"name":"Accueil","item":"https:\/\/www.altercampagne.net\/"},{"@type":"ListItem","position":2,"name":"L&rsquo;\u00e9co-domaine Le Bois du Barde"}]},{"@type":"WebSite","@id":"https:\/\/www.altercampagne.net\/#website","url":"https:\/\/www.altercampagne.net\/","name":"AlterTour","description":"Reliez les Alternatives \u00e0 v\u00e9lo","potentialAction":[{"@type":"SearchAction","target":{"@type":"EntryPoint","urlTemplate":"https:\/\/www.altercampagne.net\/?s={search_term_string}"},"query-input":{"@type":"PropertyValueSpecification","valueRequired":true,"valueName":"search_term_string"}}],"inLanguage":"fr-FR"},{"@type":"Person","@id":"https:\/\/www.altercampagne.net\/#\/schema\/person\/0f261460c09e430caa0f9bcffa319109","name":"Mathieu","image":{"@type":"ImageObject","inLanguage":"fr-FR","@id":"https:\/\/secure.gravatar.com\/avatar\/aa9d3d24c83f2141e5e2709d0f63d09a99f6be6bb7a50abc4915838d9f54501a?s=96&d=mm&r=g","url":"https:\/\/secure.gravatar.com\/avatar\/aa9d3d24c83f2141e5e2709d0f63d09a99f6be6bb7a50abc4915838d9f54501a?s=96&d=mm&r=g","contentUrl":"https:\/\/secure.gravatar.com\/avatar\/aa9d3d24c83f2141e5e2709d0f63d09a99f6be6bb7a50abc4915838d9f54501a?s=96&d=mm&r=g","caption":"Mathieu"},"url":"https:\/\/www.altercampagne.net\/?author=214"}]}},"_links":{"self":[{"href":"https:\/\/www.altercampagne.net\/index.php?rest_route=\/wp\/v2\/posts\/21900","targetHints":{"allow":["GET"]}}],"collection":[{"href":"https:\/\/www.altercampagne.net\/index.php?rest_route=\/wp\/v2\/posts"}],"about":[{"href":"https:\/\/www.altercampagne.net\/index.php?rest_route=\/wp\/v2\/types\/post"}],"author":[{"embeddable":true,"href":"https:\/\/www.altercampagne.net\/index.php?rest_route=\/wp\/v2\/users\/214"}],"replies":[{"embeddable":true,"href":"https:\/\/www.altercampagne.net\/index.php?rest_route=%2Fwp%2Fv2%2Fcomments&post=21900"}],"version-history":[{"count":8,"href":"https:\/\/www.altercampagne.net\/index.php?rest_route=\/wp\/v2\/posts\/21900\/revisions"}],"predecessor-version":[{"id":28621,"href":"https:\/\/www.altercampagne.net\/index.php?rest_route=\/wp\/v2\/posts\/21900\/revisions\/28621"}],"wp:featuredmedia":[{"embeddable":true,"href":"https:\/\/www.altercampagne.net\/index.php?rest_route=\/wp\/v2\/media\/21603"}],"wp:attachment":[{"href":"https:\/\/www.altercampagne.net\/index.php?rest_route=%2Fwp%2Fv2%2Fmedia&parent=21900"}],"wp:term":[{"taxonomy":"category","embeddable":true,"href":"https:\/\/www.altercampagne.net\/index.php?rest_route=%2Fwp%2Fv2%2Fcategories&post=21900"},{"taxonomy":"post_tag","embeddable":true,"href":"https:\/\/www.altercampagne.net\/index.php?rest_route=%2Fwp%2Fv2%2Ftags&post=21900"}],"curies":[{"name":"wp","href":"https:\/\/api.w.org\/{rel}","templated":true}]}}