{"id":21946,"date":"2021-06-20T15:36:00","date_gmt":"2021-06-20T13:36:00","guid":{"rendered":"https:\/\/www.altercampagne.net\/?p=21946"},"modified":"2021-06-11T12:16:23","modified_gmt":"2021-06-11T10:16:23","slug":"prenez-votre-temps-vous-voici-a-lamante-verte-chez-claire-et-adrien-artisans-du-monde-dapres","status":"publish","type":"post","link":"https:\/\/www.altercampagne.net\/?p=21946","title":{"rendered":"Prenez votre temps, vous voici \u00e0 l\u2019Amante Verte chez Claire et Adrien, artisans du monde d\u2019apr\u00e8s"},"content":{"rendered":"\n<p>C\u2019est \u00e0 Sixt-sur-Aff, au sud de l\u2019Ille et Vilaine, que ces n\u00e9oruraux sont install\u00e9s depuis une dizaine d\u2019ann\u00e9e. <br>Leur d\u00e9fi : <strong>quitter la ville pour une ruralit\u00e9 positive<\/strong> en&nbsp;faisant le choix de la <strong>d\u00e9croissance volontaire<\/strong>. <\/p>\n\n\n\n<h5 class=\"wp-block-heading\">A partir d\u2019un \u201ccarnet de r\u00eaves\u201d, ils imaginent ensemble un nouveau projet de vie. <\/h5>\n\n\n\n<p class=\"has-text-align-right\"><em>\u00ab\u00a0Vivre en contact avec la nature, <strong>en coh\u00e9rence avec ses valeurs<\/strong> en ayant un impact positif sur son territoire. <strong>La campagne appara\u00eet alors moderne<\/strong>, dynamique, positive, pleine d\u2019espoir. <\/em><br><em>Elle nous permet d\u2019envisager un <strong>futur d\u00e9sirable<\/strong>\u00a0\u00bb <\/em><\/p>\n\n\n\n<p>Une ferme bio d\u00e9di\u00e9e aux <strong>plantes aromatiques et m\u00e9dicinales<\/strong>. Et un espace d\u2019accueil comprenant un <strong>caf\u00e9-librairie et un jardin<\/strong> ouvert \u00e0 tous. <br>Vingt-sept associ\u00e9s soutiennent cette <strong>Soci\u00e9t\u00e9 Civile Immobili\u00e8re<\/strong>. Dans ce fonctionnement coop\u00e9ratif, <strong>la construction collective est de mise<\/strong> ! <\/p>\n\n\n\n<p>Le lieu propose des animations autour de l\u2019activit\u00e9 agricole avec des balades, des formations, des conf\u00e9rences&#8230; mais aussi diverses rencontres, \u00e9v\u00e9nements artistiques, culturelles, politiques et gastronomiques.<\/p>\n\n\n\n<figure class=\"wp-block-image size-large\"><a href=\"https:\/\/www.altercampagne.net\/wp-content\/uploads\/2021\/04\/2021-08-08-amante-verte.jpg\"><img loading=\"lazy\" decoding=\"async\" width=\"686\" height=\"500\" src=\"https:\/\/www.altercampagne.net\/wp-content\/uploads\/2021\/04\/2021-08-08-amante-verte.jpg\" alt=\"\" class=\"wp-image-21108\" srcset=\"https:\/\/www.altercampagne.net\/wp-content\/uploads\/2021\/04\/2021-08-08-amante-verte.jpg 686w, https:\/\/www.altercampagne.net\/wp-content\/uploads\/2021\/04\/2021-08-08-amante-verte-300x219.jpg 300w, https:\/\/www.altercampagne.net\/wp-content\/uploads\/2021\/04\/2021-08-08-amante-verte-610x445.jpg 610w, https:\/\/www.altercampagne.net\/wp-content\/uploads\/2021\/04\/2021-08-08-amante-verte-100x73.jpg 100w\" sizes=\"auto, (max-width: 686px) 100vw, 686px\" \/><\/a><\/figure>\n\n\n\n<p class=\"has-text-align-right\">\u00ab\u00a0<em>Il s\u2019agissait en priorit\u00e9 de <strong>faire co\u00efncider mon quotidien avec des principes essentiels<\/strong> : respecter l\u2019environnement, refuser la consommation de masse, am\u00e9liorer mon alimentation et assurer une part de mon autonomie alimentaire. <\/em><br><em><strong>Je ne voulais plus gaspiller<\/strong>, mais plut\u00f4t recycler, r\u00e9utiliser, r\u00e9parer<\/em>\u00ab\u00a0<\/p>\n\n\n\n<h5 class=\"wp-block-heading\">Etre en phase avec le cycle des saisons<\/h5>\n\n\n\n<p class=\"has-text-align-right\">\u00ab\u00a0<em>Plus que tout, <strong>je voulais avoir du temps<\/strong> \u00e0 consacrer \u00e0 celles et ceux que j\u2019aime. <strong>Du temps pour \u00e9couter \u00e0 nouveau mon&nbsp;corps<\/strong>, ses besoins, et \u00eatre en phase avec le cycle des saisons. <\/em><br><em>Enfin, je souhaitais faire de <strong>mon travail un levier du changement<\/strong> sur&nbsp;le long terme. <\/em><br><em>J\u2019ai trouv\u00e9 un mode de plus en accord avec mes convictions.\u00a0\u00bb<\/em><br>Claire, membre fondateur de l\u2019Amante Verte<\/p>\n\n\n\n<p>Claire a \u00e9crit un livre : l&rsquo;<a href=\"https:\/\/boutique.terrevivante.org\/librairie\/livres\/4467\/champs-d-action\/458-l-exode-urbain.htm\"><strong>Exode Urbain<\/strong><\/a>, un vrai manifeste de ruralit\u00e9 positive et de prise de soin de soi et de l&rsquo;environnement.<br>Nous avons h\u00e2te de pouvoir \u00e9changer avec elle lors du passage de l&rsquo;<a href=\"https:\/\/www.altercampagne.net\/?page_id=20515\"><strong>\u00c9chapp\u00e9e Belle<\/strong><\/a> Bretillienne le 8 ao\u00fbt 2021 !<\/p>\n","protected":false},"excerpt":{"rendered":"<p>C\u2019est \u00e0 Sixt-sur-Aff, au sud de l\u2019Ille et Vilaine, que ces n\u00e9oruraux sont install\u00e9s depuis une dizaine d\u2019ann\u00e9e. Leur d\u00e9fi : quitter la ville pour une ruralit\u00e9 positive en&nbsp;faisant le choix de la d\u00e9croissance volontaire. A partir d\u2019un \u201ccarnet de r\u00eaves\u201d, ils imaginent ensemble un nouveau projet de vie. \u00ab\u00a0Vivre &#8230; <\/p>\n<div><a href=\"https:\/\/www.altercampagne.net\/?p=21946\" class=\"more-link\">Read More<\/a><\/div>\n","protected":false},"author":390,"featured_media":21600,"comment_status":"closed","ping_status":"closed","sticky":false,"template":"","format":"standard","meta":{"footnotes":""},"categories":[3483,3472,3231,3490,4198,3486,3485,4054],"tags":[],"class_list":["post-21946","post","type-post","status-publish","format-standard","has-post-thumbnail","hentry","category-agriculture","category-bretagne","category-echappee-belle","category-culture","category-edition-2021","category-environnement","category-habitat","category-temoignages"],"yoast_head":"<!-- This site is optimized with the Yoast SEO plugin v27.3 - https:\/\/yoast.com\/product\/yoast-seo-wordpress\/ -->\n<title>Prenez votre temps, vous voici \u00e0 l\u2019Amante Verte chez Claire et Adrien, artisans du monde d\u2019apr\u00e8s - AlterTour<\/title>\n<meta name=\"robots\" content=\"index, follow, max-snippet:-1, max-image-preview:large, max-video-preview:-1\" \/>\n<link rel=\"canonical\" href=\"https:\/\/www.altercampagne.net\/?p=21946\" \/>\n<meta property=\"og:locale\" content=\"fr_FR\" \/>\n<meta property=\"og:type\" content=\"article\" \/>\n<meta property=\"og:title\" content=\"Prenez votre temps, vous voici \u00e0 l\u2019Amante Verte chez Claire et Adrien, artisans du monde d\u2019apr\u00e8s - AlterTour\" \/>\n<meta property=\"og:description\" content=\"C\u2019est \u00e0 Sixt-sur-Aff, au sud de l\u2019Ille et Vilaine, que ces n\u00e9oruraux sont install\u00e9s depuis une dizaine d\u2019ann\u00e9e. Leur d\u00e9fi : quitter la ville pour une ruralit\u00e9 positive en&nbsp;faisant le choix de la d\u00e9croissance volontaire. A partir d\u2019un \u201ccarnet de r\u00eaves\u201d, ils imaginent ensemble un nouveau projet de vie. \u00ab\u00a0Vivre ... Read More\" \/>\n<meta property=\"og:url\" content=\"https:\/\/www.altercampagne.net\/?p=21946\" \/>\n<meta property=\"og:site_name\" content=\"AlterTour\" \/>\n<meta property=\"article:published_time\" content=\"2021-06-20T13:36:00+00:00\" \/>\n<meta property=\"og:image\" content=\"https:\/\/www.altercampagne.net\/wp-content\/uploads\/2021\/04\/2021-08-08-amante-verte-1.jpg\" \/>\n\t<meta property=\"og:image:width\" content=\"1200\" \/>\n\t<meta property=\"og:image:height\" content=\"630\" \/>\n\t<meta property=\"og:image:type\" content=\"image\/jpeg\" \/>\n<meta name=\"author\" content=\"C\u00e9cile\" \/>\n<meta name=\"twitter:card\" content=\"summary_large_image\" \/>\n<meta name=\"twitter:label1\" content=\"\u00c9crit par\" \/>\n\t<meta name=\"twitter:data1\" content=\"C\u00e9cile\" \/>\n\t<meta name=\"twitter:label2\" content=\"Dur\u00e9e de lecture estim\u00e9e\" \/>\n\t<meta name=\"twitter:data2\" content=\"2 minutes\" \/>\n<script type=\"application\/ld+json\" class=\"yoast-schema-graph\">{\"@context\":\"https:\\\/\\\/schema.org\",\"@graph\":[{\"@type\":\"Article\",\"@id\":\"https:\\\/\\\/www.altercampagne.net\\\/?p=21946#article\",\"isPartOf\":{\"@id\":\"https:\\\/\\\/www.altercampagne.net\\\/?p=21946\"},\"author\":{\"name\":\"C\u00e9cile\",\"@id\":\"https:\\\/\\\/www.altercampagne.net\\\/#\\\/schema\\\/person\\\/f4c9d726b06fadfec0d84b962ea15550\"},\"headline\":\"Prenez votre temps, vous voici \u00e0 l\u2019Amante Verte chez Claire et Adrien, artisans du monde d\u2019apr\u00e8s\",\"datePublished\":\"2021-06-20T13:36:00+00:00\",\"mainEntityOfPage\":{\"@id\":\"https:\\\/\\\/www.altercampagne.net\\\/?p=21946\"},\"wordCount\":364,\"image\":{\"@id\":\"https:\\\/\\\/www.altercampagne.net\\\/?p=21946#primaryimage\"},\"thumbnailUrl\":\"https:\\\/\\\/www.altercampagne.net\\\/wp-content\\\/uploads\\\/2021\\\/04\\\/2021-08-08-amante-verte-1.jpg\",\"articleSection\":[\"Agriculture\",\"Bretagne\",\"Echapp\u00e9e Belle\",\"Culture\",\"Edition 2021\",\"Environnement\",\"Habitat\",\"T\u00e9moignages\"],\"inLanguage\":\"fr-FR\"},{\"@type\":\"WebPage\",\"@id\":\"https:\\\/\\\/www.altercampagne.net\\\/?p=21946\",\"url\":\"https:\\\/\\\/www.altercampagne.net\\\/?p=21946\",\"name\":\"Prenez votre temps, vous voici \u00e0 l\u2019Amante Verte chez Claire et Adrien, artisans du monde d\u2019apr\u00e8s - AlterTour\",\"isPartOf\":{\"@id\":\"https:\\\/\\\/www.altercampagne.net\\\/#website\"},\"primaryImageOfPage\":{\"@id\":\"https:\\\/\\\/www.altercampagne.net\\\/?p=21946#primaryimage\"},\"image\":{\"@id\":\"https:\\\/\\\/www.altercampagne.net\\\/?p=21946#primaryimage\"},\"thumbnailUrl\":\"https:\\\/\\\/www.altercampagne.net\\\/wp-content\\\/uploads\\\/2021\\\/04\\\/2021-08-08-amante-verte-1.jpg\",\"datePublished\":\"2021-06-20T13:36:00+00:00\",\"author\":{\"@id\":\"https:\\\/\\\/www.altercampagne.net\\\/#\\\/schema\\\/person\\\/f4c9d726b06fadfec0d84b962ea15550\"},\"breadcrumb\":{\"@id\":\"https:\\\/\\\/www.altercampagne.net\\\/?p=21946#breadcrumb\"},\"inLanguage\":\"fr-FR\",\"potentialAction\":[{\"@type\":\"ReadAction\",\"target\":[\"https:\\\/\\\/www.altercampagne.net\\\/?p=21946\"]}]},{\"@type\":\"ImageObject\",\"inLanguage\":\"fr-FR\",\"@id\":\"https:\\\/\\\/www.altercampagne.net\\\/?p=21946#primaryimage\",\"url\":\"https:\\\/\\\/www.altercampagne.net\\\/wp-content\\\/uploads\\\/2021\\\/04\\\/2021-08-08-amante-verte-1.jpg\",\"contentUrl\":\"https:\\\/\\\/www.altercampagne.net\\\/wp-content\\\/uploads\\\/2021\\\/04\\\/2021-08-08-amante-verte-1.jpg\",\"width\":1200,\"height\":630,\"caption\":\"Photo pour illustrer l'article de blog\"},{\"@type\":\"BreadcrumbList\",\"@id\":\"https:\\\/\\\/www.altercampagne.net\\\/?p=21946#breadcrumb\",\"itemListElement\":[{\"@type\":\"ListItem\",\"position\":1,\"name\":\"Accueil\",\"item\":\"https:\\\/\\\/www.altercampagne.net\\\/\"},{\"@type\":\"ListItem\",\"position\":2,\"name\":\"Prenez votre temps, vous voici \u00e0 l\u2019Amante Verte chez Claire et Adrien, artisans du monde d\u2019apr\u00e8s\"}]},{\"@type\":\"WebSite\",\"@id\":\"https:\\\/\\\/www.altercampagne.net\\\/#website\",\"url\":\"https:\\\/\\\/www.altercampagne.net\\\/\",\"name\":\"AlterTour\",\"description\":\"Reliez les Alternatives \u00e0 v\u00e9lo\",\"potentialAction\":[{\"@type\":\"SearchAction\",\"target\":{\"@type\":\"EntryPoint\",\"urlTemplate\":\"https:\\\/\\\/www.altercampagne.net\\\/?s={search_term_string}\"},\"query-input\":{\"@type\":\"PropertyValueSpecification\",\"valueRequired\":true,\"valueName\":\"search_term_string\"}}],\"inLanguage\":\"fr-FR\"},{\"@type\":\"Person\",\"@id\":\"https:\\\/\\\/www.altercampagne.net\\\/#\\\/schema\\\/person\\\/f4c9d726b06fadfec0d84b962ea15550\",\"name\":\"C\u00e9cile\",\"image\":{\"@type\":\"ImageObject\",\"inLanguage\":\"fr-FR\",\"@id\":\"https:\\\/\\\/secure.gravatar.com\\\/avatar\\\/3338204582d79de4a60c507fa36e51c81404be88b940fc66baa5e4f1f2318d5d?s=96&d=mm&r=g\",\"url\":\"https:\\\/\\\/secure.gravatar.com\\\/avatar\\\/3338204582d79de4a60c507fa36e51c81404be88b940fc66baa5e4f1f2318d5d?s=96&d=mm&r=g\",\"contentUrl\":\"https:\\\/\\\/secure.gravatar.com\\\/avatar\\\/3338204582d79de4a60c507fa36e51c81404be88b940fc66baa5e4f1f2318d5d?s=96&d=mm&r=g\",\"caption\":\"C\u00e9cile\"},\"url\":\"https:\\\/\\\/www.altercampagne.net\\\/?author=390\"}]}<\/script>\n<!-- \/ Yoast SEO plugin. -->","yoast_head_json":{"title":"Prenez votre temps, vous voici \u00e0 l\u2019Amante Verte chez Claire et Adrien, artisans du monde d\u2019apr\u00e8s - AlterTour","robots":{"index":"index","follow":"follow","max-snippet":"max-snippet:-1","max-image-preview":"max-image-preview:large","max-video-preview":"max-video-preview:-1"},"canonical":"https:\/\/www.altercampagne.net\/?p=21946","og_locale":"fr_FR","og_type":"article","og_title":"Prenez votre temps, vous voici \u00e0 l\u2019Amante Verte chez Claire et Adrien, artisans du monde d\u2019apr\u00e8s - AlterTour","og_description":"C\u2019est \u00e0 Sixt-sur-Aff, au sud de l\u2019Ille et Vilaine, que ces n\u00e9oruraux sont install\u00e9s depuis une dizaine d\u2019ann\u00e9e. Leur d\u00e9fi : quitter la ville pour une ruralit\u00e9 positive en&nbsp;faisant le choix de la d\u00e9croissance volontaire. A partir d\u2019un \u201ccarnet de r\u00eaves\u201d, ils imaginent ensemble un nouveau projet de vie. \u00ab\u00a0Vivre ... Read More","og_url":"https:\/\/www.altercampagne.net\/?p=21946","og_site_name":"AlterTour","article_published_time":"2021-06-20T13:36:00+00:00","og_image":[{"width":1200,"height":630,"url":"https:\/\/www.altercampagne.net\/wp-content\/uploads\/2021\/04\/2021-08-08-amante-verte-1.jpg","type":"image\/jpeg"}],"author":"C\u00e9cile","twitter_card":"summary_large_image","twitter_misc":{"\u00c9crit par":"C\u00e9cile","Dur\u00e9e de lecture estim\u00e9e":"2 minutes"},"schema":{"@context":"https:\/\/schema.org","@graph":[{"@type":"Article","@id":"https:\/\/www.altercampagne.net\/?p=21946#article","isPartOf":{"@id":"https:\/\/www.altercampagne.net\/?p=21946"},"author":{"name":"C\u00e9cile","@id":"https:\/\/www.altercampagne.net\/#\/schema\/person\/f4c9d726b06fadfec0d84b962ea15550"},"headline":"Prenez votre temps, vous voici \u00e0 l\u2019Amante Verte chez Claire et Adrien, artisans du monde d\u2019apr\u00e8s","datePublished":"2021-06-20T13:36:00+00:00","mainEntityOfPage":{"@id":"https:\/\/www.altercampagne.net\/?p=21946"},"wordCount":364,"image":{"@id":"https:\/\/www.altercampagne.net\/?p=21946#primaryimage"},"thumbnailUrl":"https:\/\/www.altercampagne.net\/wp-content\/uploads\/2021\/04\/2021-08-08-amante-verte-1.jpg","articleSection":["Agriculture","Bretagne","Echapp\u00e9e Belle","Culture","Edition 2021","Environnement","Habitat","T\u00e9moignages"],"inLanguage":"fr-FR"},{"@type":"WebPage","@id":"https:\/\/www.altercampagne.net\/?p=21946","url":"https:\/\/www.altercampagne.net\/?p=21946","name":"Prenez votre temps, vous voici \u00e0 l\u2019Amante Verte chez Claire et Adrien, artisans du monde d\u2019apr\u00e8s - AlterTour","isPartOf":{"@id":"https:\/\/www.altercampagne.net\/#website"},"primaryImageOfPage":{"@id":"https:\/\/www.altercampagne.net\/?p=21946#primaryimage"},"image":{"@id":"https:\/\/www.altercampagne.net\/?p=21946#primaryimage"},"thumbnailUrl":"https:\/\/www.altercampagne.net\/wp-content\/uploads\/2021\/04\/2021-08-08-amante-verte-1.jpg","datePublished":"2021-06-20T13:36:00+00:00","author":{"@id":"https:\/\/www.altercampagne.net\/#\/schema\/person\/f4c9d726b06fadfec0d84b962ea15550"},"breadcrumb":{"@id":"https:\/\/www.altercampagne.net\/?p=21946#breadcrumb"},"inLanguage":"fr-FR","potentialAction":[{"@type":"ReadAction","target":["https:\/\/www.altercampagne.net\/?p=21946"]}]},{"@type":"ImageObject","inLanguage":"fr-FR","@id":"https:\/\/www.altercampagne.net\/?p=21946#primaryimage","url":"https:\/\/www.altercampagne.net\/wp-content\/uploads\/2021\/04\/2021-08-08-amante-verte-1.jpg","contentUrl":"https:\/\/www.altercampagne.net\/wp-content\/uploads\/2021\/04\/2021-08-08-amante-verte-1.jpg","width":1200,"height":630,"caption":"Photo pour illustrer l'article de blog"},{"@type":"BreadcrumbList","@id":"https:\/\/www.altercampagne.net\/?p=21946#breadcrumb","itemListElement":[{"@type":"ListItem","position":1,"name":"Accueil","item":"https:\/\/www.altercampagne.net\/"},{"@type":"ListItem","position":2,"name":"Prenez votre temps, vous voici \u00e0 l\u2019Amante Verte chez Claire et Adrien, artisans du monde d\u2019apr\u00e8s"}]},{"@type":"WebSite","@id":"https:\/\/www.altercampagne.net\/#website","url":"https:\/\/www.altercampagne.net\/","name":"AlterTour","description":"Reliez les Alternatives \u00e0 v\u00e9lo","potentialAction":[{"@type":"SearchAction","target":{"@type":"EntryPoint","urlTemplate":"https:\/\/www.altercampagne.net\/?s={search_term_string}"},"query-input":{"@type":"PropertyValueSpecification","valueRequired":true,"valueName":"search_term_string"}}],"inLanguage":"fr-FR"},{"@type":"Person","@id":"https:\/\/www.altercampagne.net\/#\/schema\/person\/f4c9d726b06fadfec0d84b962ea15550","name":"C\u00e9cile","image":{"@type":"ImageObject","inLanguage":"fr-FR","@id":"https:\/\/secure.gravatar.com\/avatar\/3338204582d79de4a60c507fa36e51c81404be88b940fc66baa5e4f1f2318d5d?s=96&d=mm&r=g","url":"https:\/\/secure.gravatar.com\/avatar\/3338204582d79de4a60c507fa36e51c81404be88b940fc66baa5e4f1f2318d5d?s=96&d=mm&r=g","contentUrl":"https:\/\/secure.gravatar.com\/avatar\/3338204582d79de4a60c507fa36e51c81404be88b940fc66baa5e4f1f2318d5d?s=96&d=mm&r=g","caption":"C\u00e9cile"},"url":"https:\/\/www.altercampagne.net\/?author=390"}]}},"_links":{"self":[{"href":"https:\/\/www.altercampagne.net\/index.php?rest_route=\/wp\/v2\/posts\/21946","targetHints":{"allow":["GET"]}}],"collection":[{"href":"https:\/\/www.altercampagne.net\/index.php?rest_route=\/wp\/v2\/posts"}],"about":[{"href":"https:\/\/www.altercampagne.net\/index.php?rest_route=\/wp\/v2\/types\/post"}],"author":[{"embeddable":true,"href":"https:\/\/www.altercampagne.net\/index.php?rest_route=\/wp\/v2\/users\/390"}],"replies":[{"embeddable":true,"href":"https:\/\/www.altercampagne.net\/index.php?rest_route=%2Fwp%2Fv2%2Fcomments&post=21946"}],"version-history":[{"count":14,"href":"https:\/\/www.altercampagne.net\/index.php?rest_route=\/wp\/v2\/posts\/21946\/revisions"}],"predecessor-version":[{"id":22371,"href":"https:\/\/www.altercampagne.net\/index.php?rest_route=\/wp\/v2\/posts\/21946\/revisions\/22371"}],"wp:featuredmedia":[{"embeddable":true,"href":"https:\/\/www.altercampagne.net\/index.php?rest_route=\/wp\/v2\/media\/21600"}],"wp:attachment":[{"href":"https:\/\/www.altercampagne.net\/index.php?rest_route=%2Fwp%2Fv2%2Fmedia&parent=21946"}],"wp:term":[{"taxonomy":"category","embeddable":true,"href":"https:\/\/www.altercampagne.net\/index.php?rest_route=%2Fwp%2Fv2%2Fcategories&post=21946"},{"taxonomy":"post_tag","embeddable":true,"href":"https:\/\/www.altercampagne.net\/index.php?rest_route=%2Fwp%2Fv2%2Ftags&post=21946"}],"curies":[{"name":"wp","href":"https:\/\/api.w.org\/{rel}","templated":true}]}}