{"id":21959,"date":"2021-06-22T08:05:00","date_gmt":"2021-06-22T06:05:00","guid":{"rendered":"https:\/\/www.altercampagne.net\/?p=21959"},"modified":"2021-06-22T09:13:44","modified_gmt":"2021-06-22T07:13:44","slug":"des-idees-plein-la-terre-du-lien-et-de-lapprentissage","status":"publish","type":"post","link":"https:\/\/www.altercampagne.net\/?p=21959","title":{"rendered":"Des Id\u00e9es plein la Terre, du lien et de l&rsquo;apprentissage"},"content":{"rendered":"\n<p><em>\u00ab\u00a0Dans nos activit\u00e9s, <strong>nous travaillons au retour \u00e0 l\u2019essentiel<\/strong> : jardinage, r\u00e9paration de v\u00e9lo, \u00e9coconstruction, repair caf\u00e9, \u00e9changes entre personnes.<\/em><br><em>L\u2019objectif est que l\u2019asso soit reconnue comme <strong>un lieu ressource<\/strong> pour que n\u2019importe qui&nbsp;puisse venir frapper \u00e0 la porte de la ZUUT, afin&nbsp;d\u2019<strong>amorcer le changement et donner de la force aux citoyen\u00b7ne\u00b7s<\/strong> et aux entrepreneur\u00b7euse\u00b7s. <\/em><br><em>Pour ce faire, il existe une <strong>biblioth\u00e8que de la transition<\/strong>, mais chaque membre est \u00e9galement une <strong>ressource humaine pr\u00eate \u00e0 partager<\/strong> ses connaissances et son savoir-faire<\/em>\u00ab\u00a0<br>Charl\u00e8ne, coordinatrice<\/p>\n\n\n\n<figure class=\"wp-block-image size-large\"><a href=\"https:\/\/www.altercampagne.net\/wp-content\/uploads\/2021\/03\/2021-08-07-Des-idees-plein-la-Terre.jpg\"><img loading=\"lazy\" decoding=\"async\" width=\"686\" height=\"500\" src=\"https:\/\/www.altercampagne.net\/wp-content\/uploads\/2021\/03\/2021-08-07-Des-idees-plein-la-Terre.jpg\" alt=\"\" class=\"wp-image-20987\" srcset=\"https:\/\/www.altercampagne.net\/wp-content\/uploads\/2021\/03\/2021-08-07-Des-idees-plein-la-Terre.jpg 686w, https:\/\/www.altercampagne.net\/wp-content\/uploads\/2021\/03\/2021-08-07-Des-idees-plein-la-Terre-300x219.jpg 300w, https:\/\/www.altercampagne.net\/wp-content\/uploads\/2021\/03\/2021-08-07-Des-idees-plein-la-Terre-610x445.jpg 610w, https:\/\/www.altercampagne.net\/wp-content\/uploads\/2021\/03\/2021-08-07-Des-idees-plein-la-Terre-100x73.jpg 100w\" sizes=\"auto, (max-width: 686px) 100vw, 686px\" \/><\/a><\/figure>\n\n\n\n<p>Au tout d\u00e9but, il y a un jardin p\u00e9dagogique, puis une recyclerie&nbsp;voit le jour et, enfin, un dr\u00f4le de machin sort de terre : la <a href=\"http:\/\/www.la-zuut.org\/?ZUUT\"><strong>ZUUT<\/strong><\/a>.&nbsp;<br>Cette \u00ab <strong>zone d\u2019utopies utiles \u00e0 la transition<\/strong> \u00bb abrite un espace de gratuit\u00e9 (tout \u00e0 z\u00e9ro euro), un atelier bricol\u2019 pour r\u00e9parer les v\u00e9los, une guinguette pour la f\u00eate, une sc\u00e8ne pour la musique et des bureaux partag\u00e9s&#8230; <strong>parce qu\u2019il faut bien travailler<\/strong> (dans la bonne humeur). <\/p>\n\n\n\n<h4 class=\"wp-block-heading\">Partager ses connaissances et son savoir-faire<\/h4>\n\n\n\n<p>Au-del\u00e0 du tiers-lieu, <a href=\"https:\/\/diplt.org\"><strong>Des id\u00e9es plein la terre<\/strong><\/a> (DIPLT) <strong>fait germer de nombreux projets<\/strong> sur le territoire, comme la cr\u00e9ation d\u2019une recyclerie ou des aires de compostage collectif dans la ville. Du jardin au tiers-lieu, les huit associations tissent <strong>des liens entre le monde rural et urbain<\/strong>. <\/p>\n\n\n\n<p class=\"has-text-align-right\">\u00ab\u00a0<em>La dynamique avait d\u00e9j\u00e0 \u00e9t\u00e9 lanc\u00e9e, depuis quinze ans, par des mara\u00eecher\u00b7\u00e8re\u00b7s qui organisaient un march\u00e9 bio. <\/em><br><em><strong>Nous avons su nous mettre en r\u00e9seau<\/strong>, c\u2019est ce qui fait notre force\u00a0\u00bb<\/em><\/p>\n\n\n\n<p>La ZUUT se veut <strong>un espace de ressources accueillant<\/strong> pour que chacun\u00b7e puisse entreprendre les projets de son choix pour un mode de vie durable, dans une <strong>optique de mieux vivre ensemble<\/strong>. <\/p>\n\n\n\n<p class=\"has-text-align-right\">\u00ab\u00a0<em>Les adh\u00e9rent\u00b7e\u00b7s de DIPLT ont pu retrouver le pouvoir d\u2019agir collectivement en d\u00e9veloppant une nouvelle port\u00e9e d\u2019action \u00e0 l\u2019\u00e9chelle du territoire. <\/em><br><em>Ce sont elles\u00b7eux qui organisent <strong>le festival de la transition \u00e9cologique<\/strong> qui r\u00e9unit toutes les associations.\u00a0\u00bb<\/em><\/p>\n\n\n\n<p><strong>\u00c0 travers l\u2019\u00e9ducation populaire<\/strong> et les m\u00e9dias culturels, DIPLT favorise la libert\u00e9 d\u2019expression et <strong>d\u00e9veloppe l\u2019\u00e9cocitoyennet\u00e9<\/strong>. <br>Ou comment retrouver de la convivialit\u00e9 dans un monde aseptis\u00e9&#8230;<\/p>\n\n\n\n<p><strong>Nous avons rendez-vous avec DIPLT le dimanche 8 ao\u00fbt 2021 pour une journ\u00e9e bien remplie !<\/strong><\/p>\n","protected":false},"excerpt":{"rendered":"<p>\u00ab\u00a0Dans nos activit\u00e9s, nous travaillons au retour \u00e0 l\u2019essentiel : jardinage, r\u00e9paration de v\u00e9lo, \u00e9coconstruction, repair caf\u00e9, \u00e9changes entre personnes.L\u2019objectif est que l\u2019asso soit reconnue comme un lieu ressource pour que n\u2019importe qui&nbsp;puisse venir frapper \u00e0 la porte de la ZUUT, afin&nbsp;d\u2019amorcer le changement et donner de la force aux &#8230; <\/p>\n<div><a href=\"https:\/\/www.altercampagne.net\/?p=21959\" class=\"more-link\">Read More<\/a><\/div>\n","protected":false},"author":229,"featured_media":21609,"comment_status":"closed","ping_status":"closed","sticky":false,"template":"","format":"standard","meta":{"footnotes":""},"categories":[4313,3472,3490,4198,3938,3486],"tags":[],"class_list":["post-21959","post","type-post","status-publish","format-standard","has-post-thumbnail","hentry","category-altertour","category-bretagne","category-culture","category-edition-2021","category-education","category-environnement"],"yoast_head":"<!-- This site is optimized with the Yoast SEO plugin v27.3 - https:\/\/yoast.com\/product\/yoast-seo-wordpress\/ -->\n<title>Des Id\u00e9es plein la Terre, du lien et de l&#039;apprentissage - AlterTour<\/title>\n<meta name=\"robots\" content=\"index, follow, max-snippet:-1, max-image-preview:large, max-video-preview:-1\" \/>\n<link rel=\"canonical\" href=\"https:\/\/www.altercampagne.net\/?p=21959\" \/>\n<meta property=\"og:locale\" content=\"fr_FR\" \/>\n<meta property=\"og:type\" content=\"article\" \/>\n<meta property=\"og:title\" content=\"Des Id\u00e9es plein la Terre, du lien et de l&#039;apprentissage - AlterTour\" \/>\n<meta property=\"og:description\" content=\"\u00ab\u00a0Dans nos activit\u00e9s, nous travaillons au retour \u00e0 l\u2019essentiel : jardinage, r\u00e9paration de v\u00e9lo, \u00e9coconstruction, repair caf\u00e9, \u00e9changes entre personnes.L\u2019objectif est que l\u2019asso soit reconnue comme un lieu ressource pour que n\u2019importe qui&nbsp;puisse venir frapper \u00e0 la porte de la ZUUT, afin&nbsp;d\u2019amorcer le changement et donner de la force aux ... Read More\" \/>\n<meta property=\"og:url\" content=\"https:\/\/www.altercampagne.net\/?p=21959\" \/>\n<meta property=\"og:site_name\" content=\"AlterTour\" \/>\n<meta property=\"article:published_time\" content=\"2021-06-22T06:05:00+00:00\" \/>\n<meta property=\"article:modified_time\" content=\"2021-06-22T07:13:44+00:00\" \/>\n<meta property=\"og:image\" content=\"https:\/\/www.altercampagne.net\/wp-content\/uploads\/2021\/04\/2021-08-08-Des-idees-plein-la-Terre.jpg\" \/>\n\t<meta property=\"og:image:width\" content=\"1200\" \/>\n\t<meta property=\"og:image:height\" content=\"630\" \/>\n\t<meta property=\"og:image:type\" content=\"image\/jpeg\" \/>\n<meta name=\"author\" content=\"Maelle\" \/>\n<meta name=\"twitter:card\" content=\"summary_large_image\" \/>\n<meta name=\"twitter:label1\" content=\"\u00c9crit par\" \/>\n\t<meta name=\"twitter:data1\" content=\"Maelle\" \/>\n\t<meta name=\"twitter:label2\" content=\"Dur\u00e9e de lecture estim\u00e9e\" \/>\n\t<meta name=\"twitter:data2\" content=\"2 minutes\" \/>\n<script type=\"application\/ld+json\" class=\"yoast-schema-graph\">{\"@context\":\"https:\\\/\\\/schema.org\",\"@graph\":[{\"@type\":\"Article\",\"@id\":\"https:\\\/\\\/www.altercampagne.net\\\/?p=21959#article\",\"isPartOf\":{\"@id\":\"https:\\\/\\\/www.altercampagne.net\\\/?p=21959\"},\"author\":{\"name\":\"Maelle\",\"@id\":\"https:\\\/\\\/www.altercampagne.net\\\/#\\\/schema\\\/person\\\/3e5a45a2348c8261cd9b528fe33db287\"},\"headline\":\"Des Id\u00e9es plein la Terre, du lien et de l&rsquo;apprentissage\",\"datePublished\":\"2021-06-22T06:05:00+00:00\",\"dateModified\":\"2021-06-22T07:13:44+00:00\",\"mainEntityOfPage\":{\"@id\":\"https:\\\/\\\/www.altercampagne.net\\\/?p=21959\"},\"wordCount\":410,\"image\":{\"@id\":\"https:\\\/\\\/www.altercampagne.net\\\/?p=21959#primaryimage\"},\"thumbnailUrl\":\"https:\\\/\\\/www.altercampagne.net\\\/wp-content\\\/uploads\\\/2021\\\/04\\\/2021-08-08-Des-idees-plein-la-Terre.jpg\",\"articleSection\":[\"AlterTour\",\"Bretagne\",\"Culture\",\"Edition 2021\",\"Education\",\"Environnement\"],\"inLanguage\":\"fr-FR\"},{\"@type\":\"WebPage\",\"@id\":\"https:\\\/\\\/www.altercampagne.net\\\/?p=21959\",\"url\":\"https:\\\/\\\/www.altercampagne.net\\\/?p=21959\",\"name\":\"Des Id\u00e9es plein la Terre, du lien et de l'apprentissage - AlterTour\",\"isPartOf\":{\"@id\":\"https:\\\/\\\/www.altercampagne.net\\\/#website\"},\"primaryImageOfPage\":{\"@id\":\"https:\\\/\\\/www.altercampagne.net\\\/?p=21959#primaryimage\"},\"image\":{\"@id\":\"https:\\\/\\\/www.altercampagne.net\\\/?p=21959#primaryimage\"},\"thumbnailUrl\":\"https:\\\/\\\/www.altercampagne.net\\\/wp-content\\\/uploads\\\/2021\\\/04\\\/2021-08-08-Des-idees-plein-la-Terre.jpg\",\"datePublished\":\"2021-06-22T06:05:00+00:00\",\"dateModified\":\"2021-06-22T07:13:44+00:00\",\"author\":{\"@id\":\"https:\\\/\\\/www.altercampagne.net\\\/#\\\/schema\\\/person\\\/3e5a45a2348c8261cd9b528fe33db287\"},\"breadcrumb\":{\"@id\":\"https:\\\/\\\/www.altercampagne.net\\\/?p=21959#breadcrumb\"},\"inLanguage\":\"fr-FR\",\"potentialAction\":[{\"@type\":\"ReadAction\",\"target\":[\"https:\\\/\\\/www.altercampagne.net\\\/?p=21959\"]}]},{\"@type\":\"ImageObject\",\"inLanguage\":\"fr-FR\",\"@id\":\"https:\\\/\\\/www.altercampagne.net\\\/?p=21959#primaryimage\",\"url\":\"https:\\\/\\\/www.altercampagne.net\\\/wp-content\\\/uploads\\\/2021\\\/04\\\/2021-08-08-Des-idees-plein-la-Terre.jpg\",\"contentUrl\":\"https:\\\/\\\/www.altercampagne.net\\\/wp-content\\\/uploads\\\/2021\\\/04\\\/2021-08-08-Des-idees-plein-la-Terre.jpg\",\"width\":1200,\"height\":630,\"caption\":\"Photo pour illustrer l'article de blog\"},{\"@type\":\"BreadcrumbList\",\"@id\":\"https:\\\/\\\/www.altercampagne.net\\\/?p=21959#breadcrumb\",\"itemListElement\":[{\"@type\":\"ListItem\",\"position\":1,\"name\":\"Accueil\",\"item\":\"https:\\\/\\\/www.altercampagne.net\\\/\"},{\"@type\":\"ListItem\",\"position\":2,\"name\":\"Des Id\u00e9es plein la Terre, du lien et de l&rsquo;apprentissage\"}]},{\"@type\":\"WebSite\",\"@id\":\"https:\\\/\\\/www.altercampagne.net\\\/#website\",\"url\":\"https:\\\/\\\/www.altercampagne.net\\\/\",\"name\":\"AlterTour\",\"description\":\"Reliez les Alternatives \u00e0 v\u00e9lo\",\"potentialAction\":[{\"@type\":\"SearchAction\",\"target\":{\"@type\":\"EntryPoint\",\"urlTemplate\":\"https:\\\/\\\/www.altercampagne.net\\\/?s={search_term_string}\"},\"query-input\":{\"@type\":\"PropertyValueSpecification\",\"valueRequired\":true,\"valueName\":\"search_term_string\"}}],\"inLanguage\":\"fr-FR\"},{\"@type\":\"Person\",\"@id\":\"https:\\\/\\\/www.altercampagne.net\\\/#\\\/schema\\\/person\\\/3e5a45a2348c8261cd9b528fe33db287\",\"name\":\"Maelle\",\"image\":{\"@type\":\"ImageObject\",\"inLanguage\":\"fr-FR\",\"@id\":\"https:\\\/\\\/secure.gravatar.com\\\/avatar\\\/cf490aac5836d1f2c705fe7e165720e55265523ea66a62aecfff51d8ee1ac268?s=96&d=mm&r=g\",\"url\":\"https:\\\/\\\/secure.gravatar.com\\\/avatar\\\/cf490aac5836d1f2c705fe7e165720e55265523ea66a62aecfff51d8ee1ac268?s=96&d=mm&r=g\",\"contentUrl\":\"https:\\\/\\\/secure.gravatar.com\\\/avatar\\\/cf490aac5836d1f2c705fe7e165720e55265523ea66a62aecfff51d8ee1ac268?s=96&d=mm&r=g\",\"caption\":\"Maelle\"},\"url\":\"https:\\\/\\\/www.altercampagne.net\\\/?author=229\"}]}<\/script>\n<!-- \/ Yoast SEO plugin. -->","yoast_head_json":{"title":"Des Id\u00e9es plein la Terre, du lien et de l'apprentissage - AlterTour","robots":{"index":"index","follow":"follow","max-snippet":"max-snippet:-1","max-image-preview":"max-image-preview:large","max-video-preview":"max-video-preview:-1"},"canonical":"https:\/\/www.altercampagne.net\/?p=21959","og_locale":"fr_FR","og_type":"article","og_title":"Des Id\u00e9es plein la Terre, du lien et de l'apprentissage - AlterTour","og_description":"\u00ab\u00a0Dans nos activit\u00e9s, nous travaillons au retour \u00e0 l\u2019essentiel : jardinage, r\u00e9paration de v\u00e9lo, \u00e9coconstruction, repair caf\u00e9, \u00e9changes entre personnes.L\u2019objectif est que l\u2019asso soit reconnue comme un lieu ressource pour que n\u2019importe qui&nbsp;puisse venir frapper \u00e0 la porte de la ZUUT, afin&nbsp;d\u2019amorcer le changement et donner de la force aux ... Read More","og_url":"https:\/\/www.altercampagne.net\/?p=21959","og_site_name":"AlterTour","article_published_time":"2021-06-22T06:05:00+00:00","article_modified_time":"2021-06-22T07:13:44+00:00","og_image":[{"width":1200,"height":630,"url":"https:\/\/www.altercampagne.net\/wp-content\/uploads\/2021\/04\/2021-08-08-Des-idees-plein-la-Terre.jpg","type":"image\/jpeg"}],"author":"Maelle","twitter_card":"summary_large_image","twitter_misc":{"\u00c9crit par":"Maelle","Dur\u00e9e de lecture estim\u00e9e":"2 minutes"},"schema":{"@context":"https:\/\/schema.org","@graph":[{"@type":"Article","@id":"https:\/\/www.altercampagne.net\/?p=21959#article","isPartOf":{"@id":"https:\/\/www.altercampagne.net\/?p=21959"},"author":{"name":"Maelle","@id":"https:\/\/www.altercampagne.net\/#\/schema\/person\/3e5a45a2348c8261cd9b528fe33db287"},"headline":"Des Id\u00e9es plein la Terre, du lien et de l&rsquo;apprentissage","datePublished":"2021-06-22T06:05:00+00:00","dateModified":"2021-06-22T07:13:44+00:00","mainEntityOfPage":{"@id":"https:\/\/www.altercampagne.net\/?p=21959"},"wordCount":410,"image":{"@id":"https:\/\/www.altercampagne.net\/?p=21959#primaryimage"},"thumbnailUrl":"https:\/\/www.altercampagne.net\/wp-content\/uploads\/2021\/04\/2021-08-08-Des-idees-plein-la-Terre.jpg","articleSection":["AlterTour","Bretagne","Culture","Edition 2021","Education","Environnement"],"inLanguage":"fr-FR"},{"@type":"WebPage","@id":"https:\/\/www.altercampagne.net\/?p=21959","url":"https:\/\/www.altercampagne.net\/?p=21959","name":"Des Id\u00e9es plein la Terre, du lien et de l'apprentissage - AlterTour","isPartOf":{"@id":"https:\/\/www.altercampagne.net\/#website"},"primaryImageOfPage":{"@id":"https:\/\/www.altercampagne.net\/?p=21959#primaryimage"},"image":{"@id":"https:\/\/www.altercampagne.net\/?p=21959#primaryimage"},"thumbnailUrl":"https:\/\/www.altercampagne.net\/wp-content\/uploads\/2021\/04\/2021-08-08-Des-idees-plein-la-Terre.jpg","datePublished":"2021-06-22T06:05:00+00:00","dateModified":"2021-06-22T07:13:44+00:00","author":{"@id":"https:\/\/www.altercampagne.net\/#\/schema\/person\/3e5a45a2348c8261cd9b528fe33db287"},"breadcrumb":{"@id":"https:\/\/www.altercampagne.net\/?p=21959#breadcrumb"},"inLanguage":"fr-FR","potentialAction":[{"@type":"ReadAction","target":["https:\/\/www.altercampagne.net\/?p=21959"]}]},{"@type":"ImageObject","inLanguage":"fr-FR","@id":"https:\/\/www.altercampagne.net\/?p=21959#primaryimage","url":"https:\/\/www.altercampagne.net\/wp-content\/uploads\/2021\/04\/2021-08-08-Des-idees-plein-la-Terre.jpg","contentUrl":"https:\/\/www.altercampagne.net\/wp-content\/uploads\/2021\/04\/2021-08-08-Des-idees-plein-la-Terre.jpg","width":1200,"height":630,"caption":"Photo pour illustrer l'article de blog"},{"@type":"BreadcrumbList","@id":"https:\/\/www.altercampagne.net\/?p=21959#breadcrumb","itemListElement":[{"@type":"ListItem","position":1,"name":"Accueil","item":"https:\/\/www.altercampagne.net\/"},{"@type":"ListItem","position":2,"name":"Des Id\u00e9es plein la Terre, du lien et de l&rsquo;apprentissage"}]},{"@type":"WebSite","@id":"https:\/\/www.altercampagne.net\/#website","url":"https:\/\/www.altercampagne.net\/","name":"AlterTour","description":"Reliez les Alternatives \u00e0 v\u00e9lo","potentialAction":[{"@type":"SearchAction","target":{"@type":"EntryPoint","urlTemplate":"https:\/\/www.altercampagne.net\/?s={search_term_string}"},"query-input":{"@type":"PropertyValueSpecification","valueRequired":true,"valueName":"search_term_string"}}],"inLanguage":"fr-FR"},{"@type":"Person","@id":"https:\/\/www.altercampagne.net\/#\/schema\/person\/3e5a45a2348c8261cd9b528fe33db287","name":"Maelle","image":{"@type":"ImageObject","inLanguage":"fr-FR","@id":"https:\/\/secure.gravatar.com\/avatar\/cf490aac5836d1f2c705fe7e165720e55265523ea66a62aecfff51d8ee1ac268?s=96&d=mm&r=g","url":"https:\/\/secure.gravatar.com\/avatar\/cf490aac5836d1f2c705fe7e165720e55265523ea66a62aecfff51d8ee1ac268?s=96&d=mm&r=g","contentUrl":"https:\/\/secure.gravatar.com\/avatar\/cf490aac5836d1f2c705fe7e165720e55265523ea66a62aecfff51d8ee1ac268?s=96&d=mm&r=g","caption":"Maelle"},"url":"https:\/\/www.altercampagne.net\/?author=229"}]}},"_links":{"self":[{"href":"https:\/\/www.altercampagne.net\/index.php?rest_route=\/wp\/v2\/posts\/21959","targetHints":{"allow":["GET"]}}],"collection":[{"href":"https:\/\/www.altercampagne.net\/index.php?rest_route=\/wp\/v2\/posts"}],"about":[{"href":"https:\/\/www.altercampagne.net\/index.php?rest_route=\/wp\/v2\/types\/post"}],"author":[{"embeddable":true,"href":"https:\/\/www.altercampagne.net\/index.php?rest_route=\/wp\/v2\/users\/229"}],"replies":[{"embeddable":true,"href":"https:\/\/www.altercampagne.net\/index.php?rest_route=%2Fwp%2Fv2%2Fcomments&post=21959"}],"version-history":[{"count":6,"href":"https:\/\/www.altercampagne.net\/index.php?rest_route=\/wp\/v2\/posts\/21959\/revisions"}],"predecessor-version":[{"id":22369,"href":"https:\/\/www.altercampagne.net\/index.php?rest_route=\/wp\/v2\/posts\/21959\/revisions\/22369"}],"wp:featuredmedia":[{"embeddable":true,"href":"https:\/\/www.altercampagne.net\/index.php?rest_route=\/wp\/v2\/media\/21609"}],"wp:attachment":[{"href":"https:\/\/www.altercampagne.net\/index.php?rest_route=%2Fwp%2Fv2%2Fmedia&parent=21959"}],"wp:term":[{"taxonomy":"category","embeddable":true,"href":"https:\/\/www.altercampagne.net\/index.php?rest_route=%2Fwp%2Fv2%2Fcategories&post=21959"},{"taxonomy":"post_tag","embeddable":true,"href":"https:\/\/www.altercampagne.net\/index.php?rest_route=%2Fwp%2Fv2%2Ftags&post=21959"}],"curies":[{"name":"wp","href":"https:\/\/api.w.org\/{rel}","templated":true}]}}