{"id":21975,"date":"2021-05-14T14:13:31","date_gmt":"2021-05-14T12:13:31","guid":{"rendered":"https:\/\/www.altercampagne.net\/?p=21975"},"modified":"2021-05-14T14:13:32","modified_gmt":"2021-05-14T12:13:32","slug":"oh-un-parcours-cycliste-feministe","status":"publish","type":"post","link":"https:\/\/www.altercampagne.net\/?p=21975","title":{"rendered":"Oh, un parcours cycliste f\u00e9ministe !"},"content":{"rendered":"\n<p>Tu le savais, toi, que le cyclisme professionnel \u00e9tait ouvert aux femmes en France depuis janvier seulement ?! Oui, oui, janvier 2021 ! \u00c0 l\u2019AlterTour, c\u2019est aussi une ann\u00e9e bouillonnante pour la place des femmes.<\/p>\n\n\n\n<p><em>Un parcours parall\u00e8le au bout de la Bretagne<\/em><\/p>\n\n\n\n<p>Des cerveaux en \u00e9bullition de l\u2019organisation de l\u2019AlterTour naissent chaque ann\u00e9e de nouveaux groupes de travail, b\u00e9b\u00e9s ambitieux qui veulent rendre nos aventures p\u00e9dal\u00e9es plus justes, leur organisation plus efficace, le monde plus beau ! Cette ann\u00e9e a \u00e9clos le groupe <strong>\u201cF\u00e9minisme \u00e0 l\u2019AlterTour\u201d<\/strong>, et il s\u2019accompagne d\u2019une Echapp\u00e9e Belle sur le m\u00eame th\u00e8me, youpi ! Organis\u00e9e par les merveilleuses C\u00e9line, Coralie et Pauline, elle est ouverte \u00e0 tout le monde. Ses participant.e.s rendront visite \u00e0 des alternatives f\u00e9ministes dans <strong>les C\u00f4tes d\u2019Armor et le Finist\u00e8re<\/strong>, pour respirer \u00e0 pleins poumons la mer toute proche et recevoir les embruns de la r\u00e9volution, cycliste comme f\u00e9ministe.<\/p>\n\n\n\n<p>Au nombre de quatre cet \u00e9t\u00e9, les Echapp\u00e9es Belles sont des parcours parall\u00e8les \u00e0 l\u2019AlterTour, en plus petit groupe, mais au fonctionnement et \u00e0 la philosophie similaires \u00e0 l\u2019AlterTour. Seule diff\u00e9rence : les participant\u00b7e\u00b7s portent leur bagages sur leurs v\u00e9los car il n\u2019y a pas de v\u00e9hicules d\u2019accompagnement.<\/p>\n\n\n\n<p><em>En pratique :<\/em><\/p>\n\n\n\n<p>&#8211; du 21 au 28 Ao\u00fbt<\/p>\n\n\n\n<p>&#8211; 173 km p\u00e9dal\u00e9s <\/p>\n\n\n\n<p>&#8211; de Loguivy-Plougras (22) \u00e0 Douarnenez (29)<\/p>\n\n\n\n<p>&#8211; une rencontre avec le parcours principal de l\u2019AlterTour \u00e0 Roscoff<\/p>\n\n\n\n<p>&#8211; 25 participant.e.s maximum<\/p>\n\n\n\n<p>&#8211; ouvert \u00e0 toutes et tous<\/p>\n\n\n\n<p>&#8211; en autonomie et en auto-gestion, bien s\u00fbr !<\/p>\n\n\n\n<p><em>Pourquoi une Echapp\u00e9e Belle F\u00e9ministe ?<\/em><\/p>\n\n\n\n<p>Parce qu\u2019on en a marre des fermes bio et des micro-brasseries ?! Pas du tout ! La communaut\u00e9 de l\u2019AlterTour aime se pencher sur des nouveaux sujets pas-du-tout-nouveaux, s\u2019ouvrir \u00e0 des luttes vari\u00e9es mais-pas-avari\u00e9es, s\u2019enrichir de r\u00e9flexions qui-font-r\u00e9f\u00e9lchir&#8230;et grandir ! Et quel bonheur, le bout de la Bretagne regorge de <strong>collectifs f\u00e9ministes<\/strong>, qui ont r\u00e9pondu avec enthousiasme \u00e0 l&rsquo;appel. Les participant.e.s vont d\u00e9couvrir ces alternatives, d\u00e9battre et apprendre, se questionner, rigoler, pleurer peut-\u00eatre, filer un coup de main \u00e0 ces projets inspirants\u2026 Ah oui, et faire du v\u00e9lo aussi !<\/p>\n\n\n\n<p>Ces quelques journ\u00e9es sont aussi l\u2019occasion de <strong>cr\u00e9er du lien localement<\/strong> en mettant en contact des alternatives qui se connaissaient peu et n\u2019avaient pas encore eu l\u2019opportunit\u00e9 de travailler ensemble. Or, qui n\u2019a jamais r\u00eav\u00e9 d\u2019accueillir un set de DJ enti\u00e8rement f\u00e9minin dans son tiers-lieu ?<\/p>\n\n\n\n<p><em>Secrets d\u2019\u00e9tapes et d\u00e9fis \u00e0 relever \u2013 un parcours participatif !<\/em><\/p>\n\n\n\n<p>La difficult\u00e9 qu\u2019ont rencontr\u00e9e les trois organisatrices, c\u2019est que les alternatives au programme sont<strong> majoritairement urbaines<\/strong>. \u00c0 l\u2019AlterTour, on aime sillonner les villes pour faire une V\u00e9lorution et scander quelques slogans, mais pour planter un bataillon de tentes, c\u2019est moins pratique ! Heureusement, les collectifs connaissent des tiers-lieux ou des fermes bios qui ont accept\u00e9 d\u2019accueillir les campements et rendent le programme plus champ\u00eatre et color\u00e9.<\/p>\n\n\n\n<p>Coralie, une des organisatrices, m\u2019a confi\u00e9 adorer le travail de pr\u00e9paration avec ces collectifs f\u00e9ministes : <strong>\u201cil y a une grande fluidit\u00e9 et \u00e9norm\u00e9ment de bienveillance, alors qu\u2019on ne se conna\u00eet pas\u201d<\/strong>.<\/p>\n\n\n\n<p>Le programme pr\u00e9cis d\u00e9pendra de ce que les alternatives proposent en rapport avec le th\u00e8me de cette Echapp\u00e9e Belle, mais sachez d\u00e9j\u00e0 qu\u2019il y aura <strong>une soir\u00e9e contes<\/strong> et probablement une action militante pour renommer les rues d\u2019o\u00f9 les femmes sont trop absentes ! Et, qui sait ? Peut-\u00eatre qu\u2019une c\u00e9l\u00e8bre cycliste viendra nous parler de son parcours et de ses engagements\u2026<\/p>\n\n\n\n<p><strong>Ce parcours est aussi participatif <\/strong>: les cyclistes sont invit\u00e9.e.s \u00e0 proposer des activit\u00e9s ! Tu as envie de contribuer avec un atelier de fabrication d\u2019affiches militantes ou d\u2019animer un d\u00e9bat sur la contraception ? Ecris \u00e0 echappeebellefeminismes@protonmail.com.<\/p>\n\n\n\n<p>Pour <strong>voir le programme de l\u2019Echapp\u00e9e Belle f\u00e9ministe<\/strong>, \u00e7a se passe<strong> <a href=\"https:\/\/www.altercampagne.net\/?page_id=20515\" target=\"_blank\" rel=\"noreferrer noopener\">ici<\/a><\/strong>, et pour <strong>s&rsquo;incrire<\/strong>, c&rsquo;est<a href=\"https:\/\/www.altercampagne.net\/?page_id=178\" target=\"_blank\" rel=\"noreferrer noopener\"> <strong>l\u00e0<\/strong><\/a> ! <\/p>\n\n\n\n<p>Cerise f\u00e9ministe sur le g\u00e2teau alternatif, on esp\u00e8re bien renouveler cette aventure tous les ans et lier d\u00e9finitivement AlterTour et luttes f\u00e9ministes ! Vive le v\u00e9lo, \u00e0 bas le patriarcat !<\/p>\n","protected":false},"excerpt":{"rendered":"<p>Cette ann\u00e9e a \u00e9clos le groupe \u201cF\u00e9minisme \u00e0 l\u2019AlterTour\u201d, et il s\u2019accompagne d\u2019une Echapp\u00e9e Belle ouverte \u00e0 toutes et tous sur le m\u00eame th\u00e8me, youpi !<\/p>\n","protected":false},"author":353,"featured_media":22027,"comment_status":"closed","ping_status":"closed","sticky":false,"template":"","format":"standard","meta":{"footnotes":""},"categories":[3472,3231,4198,3469,3542,3932],"tags":[20,2781,2782,3444,4248,4249],"class_list":["post-21975","post","type-post","status-publish","format-standard","has-post-thumbnail","hentry","category-bretagne","category-echappee-belle","category-edition-2021","category-programmes","category-lutte","category-velo","tag-bretagne","tag-echappees-belles-de-laltertour","tag-echappees-belles","tag-feministe","tag-finistere-29","tag-cotes-darmor-22"],"yoast_head":"<!-- This site is optimized with the Yoast SEO plugin v27.3 - https:\/\/yoast.com\/product\/yoast-seo-wordpress\/ -->\n<title>Oh, un parcours cycliste f\u00e9ministe ! - AlterTour<\/title>\n<meta name=\"robots\" content=\"index, follow, max-snippet:-1, max-image-preview:large, max-video-preview:-1\" \/>\n<link rel=\"canonical\" href=\"https:\/\/www.altercampagne.net\/?p=21975\" \/>\n<meta property=\"og:locale\" content=\"fr_FR\" \/>\n<meta property=\"og:type\" content=\"article\" \/>\n<meta property=\"og:title\" content=\"Oh, un parcours cycliste f\u00e9ministe ! - AlterTour\" \/>\n<meta property=\"og:description\" content=\"Cette ann\u00e9e a \u00e9clos le groupe \u201cF\u00e9minisme \u00e0 l\u2019AlterTour\u201d, et il s\u2019accompagne d\u2019une Echapp\u00e9e Belle ouverte \u00e0 toutes et tous sur le m\u00eame th\u00e8me, youpi !\" \/>\n<meta property=\"og:url\" content=\"https:\/\/www.altercampagne.net\/?p=21975\" \/>\n<meta property=\"og:site_name\" content=\"AlterTour\" \/>\n<meta property=\"article:published_time\" content=\"2021-05-14T12:13:31+00:00\" \/>\n<meta property=\"article:modified_time\" content=\"2021-05-14T12:13:32+00:00\" \/>\n<meta property=\"og:image\" content=\"https:\/\/www.altercampagne.net\/wp-content\/uploads\/2021\/05\/velofemme-e1620994239128.jpeg\" \/>\n\t<meta property=\"og:image:width\" content=\"1000\" \/>\n\t<meta property=\"og:image:height\" content=\"562\" \/>\n\t<meta property=\"og:image:type\" content=\"image\/jpeg\" \/>\n<meta name=\"author\" content=\"Carlotta\" \/>\n<meta name=\"twitter:card\" content=\"summary_large_image\" \/>\n<meta name=\"twitter:label1\" content=\"\u00c9crit par\" \/>\n\t<meta name=\"twitter:data1\" content=\"Carlotta\" \/>\n\t<meta name=\"twitter:label2\" content=\"Dur\u00e9e de lecture estim\u00e9e\" \/>\n\t<meta name=\"twitter:data2\" content=\"3 minutes\" \/>\n<script type=\"application\/ld+json\" class=\"yoast-schema-graph\">{\"@context\":\"https:\\\/\\\/schema.org\",\"@graph\":[{\"@type\":\"Article\",\"@id\":\"https:\\\/\\\/www.altercampagne.net\\\/?p=21975#article\",\"isPartOf\":{\"@id\":\"https:\\\/\\\/www.altercampagne.net\\\/?p=21975\"},\"author\":{\"name\":\"Carlotta\",\"@id\":\"https:\\\/\\\/www.altercampagne.net\\\/#\\\/schema\\\/person\\\/0310e7930636785dabf8b7cab925c7eb\"},\"headline\":\"Oh, un parcours cycliste f\u00e9ministe !\",\"datePublished\":\"2021-05-14T12:13:31+00:00\",\"dateModified\":\"2021-05-14T12:13:32+00:00\",\"mainEntityOfPage\":{\"@id\":\"https:\\\/\\\/www.altercampagne.net\\\/?p=21975\"},\"wordCount\":726,\"image\":{\"@id\":\"https:\\\/\\\/www.altercampagne.net\\\/?p=21975#primaryimage\"},\"thumbnailUrl\":\"https:\\\/\\\/www.altercampagne.net\\\/wp-content\\\/uploads\\\/2021\\\/05\\\/velofemme-e1620994239128.jpeg\",\"keywords\":[\"bretagne\",\"\u00c9chapp\u00e9es Belles de l'AlterTour\",\"\u00c9chapp\u00e9es Belles\",\"f\u00e9ministe\",\"Finist\u00e8re (29)\",\"C\u00f4tes d\u2019Armor (22)\"],\"articleSection\":[\"Bretagne\",\"Echapp\u00e9e Belle\",\"Edition 2021\",\"Programmes\",\"Lutte\",\"V\u00e9lo\"],\"inLanguage\":\"fr-FR\"},{\"@type\":\"WebPage\",\"@id\":\"https:\\\/\\\/www.altercampagne.net\\\/?p=21975\",\"url\":\"https:\\\/\\\/www.altercampagne.net\\\/?p=21975\",\"name\":\"Oh, un parcours cycliste f\u00e9ministe ! - AlterTour\",\"isPartOf\":{\"@id\":\"https:\\\/\\\/www.altercampagne.net\\\/#website\"},\"primaryImageOfPage\":{\"@id\":\"https:\\\/\\\/www.altercampagne.net\\\/?p=21975#primaryimage\"},\"image\":{\"@id\":\"https:\\\/\\\/www.altercampagne.net\\\/?p=21975#primaryimage\"},\"thumbnailUrl\":\"https:\\\/\\\/www.altercampagne.net\\\/wp-content\\\/uploads\\\/2021\\\/05\\\/velofemme-e1620994239128.jpeg\",\"datePublished\":\"2021-05-14T12:13:31+00:00\",\"dateModified\":\"2021-05-14T12:13:32+00:00\",\"author\":{\"@id\":\"https:\\\/\\\/www.altercampagne.net\\\/#\\\/schema\\\/person\\\/0310e7930636785dabf8b7cab925c7eb\"},\"breadcrumb\":{\"@id\":\"https:\\\/\\\/www.altercampagne.net\\\/?p=21975#breadcrumb\"},\"inLanguage\":\"fr-FR\",\"potentialAction\":[{\"@type\":\"ReadAction\",\"target\":[\"https:\\\/\\\/www.altercampagne.net\\\/?p=21975\"]}]},{\"@type\":\"ImageObject\",\"inLanguage\":\"fr-FR\",\"@id\":\"https:\\\/\\\/www.altercampagne.net\\\/?p=21975#primaryimage\",\"url\":\"https:\\\/\\\/www.altercampagne.net\\\/wp-content\\\/uploads\\\/2021\\\/05\\\/velofemme-e1620994239128.jpeg\",\"contentUrl\":\"https:\\\/\\\/www.altercampagne.net\\\/wp-content\\\/uploads\\\/2021\\\/05\\\/velofemme-e1620994239128.jpeg\",\"width\":1000,\"height\":562},{\"@type\":\"BreadcrumbList\",\"@id\":\"https:\\\/\\\/www.altercampagne.net\\\/?p=21975#breadcrumb\",\"itemListElement\":[{\"@type\":\"ListItem\",\"position\":1,\"name\":\"Accueil\",\"item\":\"https:\\\/\\\/www.altercampagne.net\\\/\"},{\"@type\":\"ListItem\",\"position\":2,\"name\":\"Oh, un parcours cycliste f\u00e9ministe !\"}]},{\"@type\":\"WebSite\",\"@id\":\"https:\\\/\\\/www.altercampagne.net\\\/#website\",\"url\":\"https:\\\/\\\/www.altercampagne.net\\\/\",\"name\":\"AlterTour\",\"description\":\"Reliez les Alternatives \u00e0 v\u00e9lo\",\"potentialAction\":[{\"@type\":\"SearchAction\",\"target\":{\"@type\":\"EntryPoint\",\"urlTemplate\":\"https:\\\/\\\/www.altercampagne.net\\\/?s={search_term_string}\"},\"query-input\":{\"@type\":\"PropertyValueSpecification\",\"valueRequired\":true,\"valueName\":\"search_term_string\"}}],\"inLanguage\":\"fr-FR\"},{\"@type\":\"Person\",\"@id\":\"https:\\\/\\\/www.altercampagne.net\\\/#\\\/schema\\\/person\\\/0310e7930636785dabf8b7cab925c7eb\",\"name\":\"Carlotta\",\"image\":{\"@type\":\"ImageObject\",\"inLanguage\":\"fr-FR\",\"@id\":\"https:\\\/\\\/secure.gravatar.com\\\/avatar\\\/cc861900b0b9ebc1644628dd5f6a1e2c62c8981e43f2d98c9e810ead5846c34c?s=96&d=mm&r=g\",\"url\":\"https:\\\/\\\/secure.gravatar.com\\\/avatar\\\/cc861900b0b9ebc1644628dd5f6a1e2c62c8981e43f2d98c9e810ead5846c34c?s=96&d=mm&r=g\",\"contentUrl\":\"https:\\\/\\\/secure.gravatar.com\\\/avatar\\\/cc861900b0b9ebc1644628dd5f6a1e2c62c8981e43f2d98c9e810ead5846c34c?s=96&d=mm&r=g\",\"caption\":\"Carlotta\"},\"url\":\"https:\\\/\\\/www.altercampagne.net\\\/?author=353\"}]}<\/script>\n<!-- \/ Yoast SEO plugin. -->","yoast_head_json":{"title":"Oh, un parcours cycliste f\u00e9ministe ! - AlterTour","robots":{"index":"index","follow":"follow","max-snippet":"max-snippet:-1","max-image-preview":"max-image-preview:large","max-video-preview":"max-video-preview:-1"},"canonical":"https:\/\/www.altercampagne.net\/?p=21975","og_locale":"fr_FR","og_type":"article","og_title":"Oh, un parcours cycliste f\u00e9ministe ! - AlterTour","og_description":"Cette ann\u00e9e a \u00e9clos le groupe \u201cF\u00e9minisme \u00e0 l\u2019AlterTour\u201d, et il s\u2019accompagne d\u2019une Echapp\u00e9e Belle ouverte \u00e0 toutes et tous sur le m\u00eame th\u00e8me, youpi !","og_url":"https:\/\/www.altercampagne.net\/?p=21975","og_site_name":"AlterTour","article_published_time":"2021-05-14T12:13:31+00:00","article_modified_time":"2021-05-14T12:13:32+00:00","og_image":[{"width":1000,"height":562,"url":"https:\/\/www.altercampagne.net\/wp-content\/uploads\/2021\/05\/velofemme-e1620994239128.jpeg","type":"image\/jpeg"}],"author":"Carlotta","twitter_card":"summary_large_image","twitter_misc":{"\u00c9crit par":"Carlotta","Dur\u00e9e de lecture estim\u00e9e":"3 minutes"},"schema":{"@context":"https:\/\/schema.org","@graph":[{"@type":"Article","@id":"https:\/\/www.altercampagne.net\/?p=21975#article","isPartOf":{"@id":"https:\/\/www.altercampagne.net\/?p=21975"},"author":{"name":"Carlotta","@id":"https:\/\/www.altercampagne.net\/#\/schema\/person\/0310e7930636785dabf8b7cab925c7eb"},"headline":"Oh, un parcours cycliste f\u00e9ministe !","datePublished":"2021-05-14T12:13:31+00:00","dateModified":"2021-05-14T12:13:32+00:00","mainEntityOfPage":{"@id":"https:\/\/www.altercampagne.net\/?p=21975"},"wordCount":726,"image":{"@id":"https:\/\/www.altercampagne.net\/?p=21975#primaryimage"},"thumbnailUrl":"https:\/\/www.altercampagne.net\/wp-content\/uploads\/2021\/05\/velofemme-e1620994239128.jpeg","keywords":["bretagne","\u00c9chapp\u00e9es Belles de l'AlterTour","\u00c9chapp\u00e9es Belles","f\u00e9ministe","Finist\u00e8re (29)","C\u00f4tes d\u2019Armor (22)"],"articleSection":["Bretagne","Echapp\u00e9e Belle","Edition 2021","Programmes","Lutte","V\u00e9lo"],"inLanguage":"fr-FR"},{"@type":"WebPage","@id":"https:\/\/www.altercampagne.net\/?p=21975","url":"https:\/\/www.altercampagne.net\/?p=21975","name":"Oh, un parcours cycliste f\u00e9ministe ! - AlterTour","isPartOf":{"@id":"https:\/\/www.altercampagne.net\/#website"},"primaryImageOfPage":{"@id":"https:\/\/www.altercampagne.net\/?p=21975#primaryimage"},"image":{"@id":"https:\/\/www.altercampagne.net\/?p=21975#primaryimage"},"thumbnailUrl":"https:\/\/www.altercampagne.net\/wp-content\/uploads\/2021\/05\/velofemme-e1620994239128.jpeg","datePublished":"2021-05-14T12:13:31+00:00","dateModified":"2021-05-14T12:13:32+00:00","author":{"@id":"https:\/\/www.altercampagne.net\/#\/schema\/person\/0310e7930636785dabf8b7cab925c7eb"},"breadcrumb":{"@id":"https:\/\/www.altercampagne.net\/?p=21975#breadcrumb"},"inLanguage":"fr-FR","potentialAction":[{"@type":"ReadAction","target":["https:\/\/www.altercampagne.net\/?p=21975"]}]},{"@type":"ImageObject","inLanguage":"fr-FR","@id":"https:\/\/www.altercampagne.net\/?p=21975#primaryimage","url":"https:\/\/www.altercampagne.net\/wp-content\/uploads\/2021\/05\/velofemme-e1620994239128.jpeg","contentUrl":"https:\/\/www.altercampagne.net\/wp-content\/uploads\/2021\/05\/velofemme-e1620994239128.jpeg","width":1000,"height":562},{"@type":"BreadcrumbList","@id":"https:\/\/www.altercampagne.net\/?p=21975#breadcrumb","itemListElement":[{"@type":"ListItem","position":1,"name":"Accueil","item":"https:\/\/www.altercampagne.net\/"},{"@type":"ListItem","position":2,"name":"Oh, un parcours cycliste f\u00e9ministe !"}]},{"@type":"WebSite","@id":"https:\/\/www.altercampagne.net\/#website","url":"https:\/\/www.altercampagne.net\/","name":"AlterTour","description":"Reliez les Alternatives \u00e0 v\u00e9lo","potentialAction":[{"@type":"SearchAction","target":{"@type":"EntryPoint","urlTemplate":"https:\/\/www.altercampagne.net\/?s={search_term_string}"},"query-input":{"@type":"PropertyValueSpecification","valueRequired":true,"valueName":"search_term_string"}}],"inLanguage":"fr-FR"},{"@type":"Person","@id":"https:\/\/www.altercampagne.net\/#\/schema\/person\/0310e7930636785dabf8b7cab925c7eb","name":"Carlotta","image":{"@type":"ImageObject","inLanguage":"fr-FR","@id":"https:\/\/secure.gravatar.com\/avatar\/cc861900b0b9ebc1644628dd5f6a1e2c62c8981e43f2d98c9e810ead5846c34c?s=96&d=mm&r=g","url":"https:\/\/secure.gravatar.com\/avatar\/cc861900b0b9ebc1644628dd5f6a1e2c62c8981e43f2d98c9e810ead5846c34c?s=96&d=mm&r=g","contentUrl":"https:\/\/secure.gravatar.com\/avatar\/cc861900b0b9ebc1644628dd5f6a1e2c62c8981e43f2d98c9e810ead5846c34c?s=96&d=mm&r=g","caption":"Carlotta"},"url":"https:\/\/www.altercampagne.net\/?author=353"}]}},"_links":{"self":[{"href":"https:\/\/www.altercampagne.net\/index.php?rest_route=\/wp\/v2\/posts\/21975","targetHints":{"allow":["GET"]}}],"collection":[{"href":"https:\/\/www.altercampagne.net\/index.php?rest_route=\/wp\/v2\/posts"}],"about":[{"href":"https:\/\/www.altercampagne.net\/index.php?rest_route=\/wp\/v2\/types\/post"}],"author":[{"embeddable":true,"href":"https:\/\/www.altercampagne.net\/index.php?rest_route=\/wp\/v2\/users\/353"}],"replies":[{"embeddable":true,"href":"https:\/\/www.altercampagne.net\/index.php?rest_route=%2Fwp%2Fv2%2Fcomments&post=21975"}],"version-history":[{"count":2,"href":"https:\/\/www.altercampagne.net\/index.php?rest_route=\/wp\/v2\/posts\/21975\/revisions"}],"predecessor-version":[{"id":22023,"href":"https:\/\/www.altercampagne.net\/index.php?rest_route=\/wp\/v2\/posts\/21975\/revisions\/22023"}],"wp:featuredmedia":[{"embeddable":true,"href":"https:\/\/www.altercampagne.net\/index.php?rest_route=\/wp\/v2\/media\/22027"}],"wp:attachment":[{"href":"https:\/\/www.altercampagne.net\/index.php?rest_route=%2Fwp%2Fv2%2Fmedia&parent=21975"}],"wp:term":[{"taxonomy":"category","embeddable":true,"href":"https:\/\/www.altercampagne.net\/index.php?rest_route=%2Fwp%2Fv2%2Fcategories&post=21975"},{"taxonomy":"post_tag","embeddable":true,"href":"https:\/\/www.altercampagne.net\/index.php?rest_route=%2Fwp%2Fv2%2Ftags&post=21975"}],"curies":[{"name":"wp","href":"https:\/\/api.w.org\/{rel}","templated":true}]}}