{"id":22195,"date":"2021-05-01T19:06:00","date_gmt":"2021-05-01T17:06:00","guid":{"rendered":"https:\/\/www.altercampagne.net\/?p=22195"},"modified":"2021-06-10T11:23:57","modified_gmt":"2021-06-10T09:23:57","slug":"autonomie-et-decroissance-a-la-ferme-du-bois-landelle","status":"publish","type":"post","link":"https:\/\/www.altercampagne.net\/?p=22195","title":{"rendered":"Autonomie et d\u00e9croissance \u00e0 la ferme du Bois Landelle"},"content":{"rendered":"\n<h4 class=\"wp-block-heading\">Polyculture et respect de la biodiversit\u00e9 <\/h4>\n\n\n\n<p>Lucie, Willow et leurs comparses, Anthony et Tanguy, vous invitent sur leur bout de terre normande, pas loin de la mer. <strong>Le 2 ao\u00fbt<\/strong>, les altercyclistes auront le plaisir de poser leur deux roues \u00e0 la <strong><a href=\"https:\/\/wwoof.fr\/host\/148-Le-Bois-Landelle-Le-Pre-Vert\">ferme du Bois Landelle<\/a><\/strong>, entre vaches et cochons, terres agricoles et maraichage.<\/p>\n\n\n\n<p>Situ\u00e9 dans les environs de Granville, \u00e0 <strong>Hudimesnil<\/strong>, la ferme du Bois Landelle est une <strong>ferme biologique certifi\u00e9e<\/strong> AB et Biocoh\u00e9rence, <strong>en parfaite autonomie alimentaire<\/strong>.<\/p>\n\n\n\n<p>Les m\u00e9thodes agricoles, tourn\u00e9es entre autre vers la <strong>permaculture<\/strong> et le <strong>mara\u00eechage sur sol vivant<\/strong>, d\u00e9fendent le respect de la nature et sa biodiversit\u00e9. Le lieu est pens\u00e9 pour <strong>limiter les d\u00e9penses \u00e9nerg\u00e9tiques <\/strong>(\u00e9co-construction, &#8230;).<\/p>\n\n\n\n<figure class=\"wp-block-image size-large\"><a href=\"https:\/\/www.altercampagne.net\/wp-content\/uploads\/2021\/03\/2021-08-02-bois-Landelle.jpg\"><img loading=\"lazy\" decoding=\"async\" width=\"686\" height=\"500\" src=\"https:\/\/www.altercampagne.net\/wp-content\/uploads\/2021\/03\/2021-08-02-bois-Landelle.jpg\" alt=\"\" class=\"wp-image-20979\" srcset=\"https:\/\/www.altercampagne.net\/wp-content\/uploads\/2021\/03\/2021-08-02-bois-Landelle.jpg 686w, https:\/\/www.altercampagne.net\/wp-content\/uploads\/2021\/03\/2021-08-02-bois-Landelle-300x219.jpg 300w, https:\/\/www.altercampagne.net\/wp-content\/uploads\/2021\/03\/2021-08-02-bois-Landelle-610x445.jpg 610w, https:\/\/www.altercampagne.net\/wp-content\/uploads\/2021\/03\/2021-08-02-bois-Landelle-100x73.jpg 100w\" sizes=\"auto, (max-width: 686px) 100vw, 686px\" \/><\/a><\/figure>\n\n\n\n<h4 class=\"wp-block-heading\">Un lieu de transition et de militantisme <\/h4>\n\n\n\n<p>A la ferme du Bois Landelle, on d\u00e9fend les conditions paysannes en musique, et on s&rsquo;engage pour la protection de la plan\u00e8te en travaillant \u00e0 m\u00eame la terre.<\/p>\n\n\n\n<p>Que ce soit dans ses m\u00e9thodes agricoles ou son mode de vie, le petit collectif qui constitue la ferme vise la <strong>d\u00e9croissance<\/strong> et a fait du lieu un <strong>milieu de transition \u00e9cologique et de rencontres<\/strong>.<\/p>\n\n\n\n<p>A ses activit\u00e9s agricoles s&rsquo;ajoutent donc des <strong>\u00e9v\u00e9nements culturels et militants<\/strong>, une yourte\/bar associatif, un camping.<\/p>\n\n\n\n<div class=\"wp-block-image\"><figure class=\"aligncenter size-large\"><a href=\"https:\/\/www.altercampagne.net\/wp-content\/uploads\/2021\/05\/bois-landelle-yourte-de-la-transition.jpg\"><img loading=\"lazy\" decoding=\"async\" width=\"960\" height=\"573\" src=\"https:\/\/www.altercampagne.net\/wp-content\/uploads\/2021\/05\/bois-landelle-yourte-de-la-transition.jpg\" alt=\"\" class=\"wp-image-22217\" srcset=\"https:\/\/www.altercampagne.net\/wp-content\/uploads\/2021\/05\/bois-landelle-yourte-de-la-transition.jpg 960w, https:\/\/www.altercampagne.net\/wp-content\/uploads\/2021\/05\/bois-landelle-yourte-de-la-transition-300x179.jpg 300w, https:\/\/www.altercampagne.net\/wp-content\/uploads\/2021\/05\/bois-landelle-yourte-de-la-transition-768x458.jpg 768w, https:\/\/www.altercampagne.net\/wp-content\/uploads\/2021\/05\/bois-landelle-yourte-de-la-transition-610x364.jpg 610w, https:\/\/www.altercampagne.net\/wp-content\/uploads\/2021\/05\/bois-landelle-yourte-de-la-transition-100x60.jpg 100w, https:\/\/www.altercampagne.net\/wp-content\/uploads\/2021\/05\/bois-landelle-yourte-de-la-transition-862x515.jpg 862w\" sizes=\"auto, (max-width: 960px) 100vw, 960px\" \/><\/a><\/figure><\/div>\n\n\n\n<h4 class=\"wp-block-heading\">Prendre le temps, d\u00e9connecter pour mieux se reconnecter<\/h4>\n\n\n\n<p>Cette ann\u00e9e \u00e0 l&rsquo;AlterTour on p\u00e9dale tout doux. On cherche \u00e0<strong> prendre le temps<\/strong>, se reconnecter (\u00e0 soi, \u00e0 l&rsquo;instant pr\u00e9sent). A la ferme du Bois Landelle, on demande aux visiteurs d&rsquo;<strong>\u00e9teindre les \u00e9crans<\/strong>, d&rsquo;<strong>appr\u00e9cier la nature<\/strong> et les <strong>moments d&rsquo;\u00e9change<\/strong>. La rencontre de ces deux univers paraissait \u00e9vidente.<\/p>\n\n\n\n<div class=\"wp-block-image\"><figure class=\"aligncenter size-large\"><a href=\"https:\/\/www.altercampagne.net\/wp-content\/uploads\/2021\/05\/le-bois-landelle-entree.png\"><img loading=\"lazy\" decoding=\"async\" width=\"403\" height=\"245\" src=\"https:\/\/www.altercampagne.net\/wp-content\/uploads\/2021\/05\/le-bois-landelle-entree.png\" alt=\"\" class=\"wp-image-22215\" srcset=\"https:\/\/www.altercampagne.net\/wp-content\/uploads\/2021\/05\/le-bois-landelle-entree.png 403w, https:\/\/www.altercampagne.net\/wp-content\/uploads\/2021\/05\/le-bois-landelle-entree-300x182.png 300w, https:\/\/www.altercampagne.net\/wp-content\/uploads\/2021\/05\/le-bois-landelle-entree-100x61.png 100w\" sizes=\"auto, (max-width: 403px) 100vw, 403px\" \/><\/a><\/figure><\/div>\n\n\n\n<h4 class=\"wp-block-heading\">RDV du 2 au 3 ao\u00fbt, \u00e0 la jonction de l&rsquo;Altertour et de l&rsquo;Alter-D-Tour <\/h4>\n\n\n\n<p>Un bocage normand, une ferme autonome, un appel \u00e0 la d\u00e9connexion et \u00e0 refaire le monde : que te faut-il de plus&nbsp;? <strong>Inscris-toi et pr\u00e9pare ton v\u00e9lo!<\/strong> Il reste encore des places sur le circuit de l&rsquo;<strong><a href=\"https:\/\/www.altercampagne.net\/?page_id=20515\">Alter-D-Tour<\/a>.<\/strong><\/p>\n\n\n\n<p><\/p>\n","protected":false},"excerpt":{"rendered":"<p>Lucie, Willow et leurs comparses, Anthony et Tanguy, vous invitent sur leur bout de terre normande, pas loin de la mer. Le 2 ao\u00fbt, les altercyclistes auront le plaisir de poser leur deux roues \u00e0 la ferme du Bois Landelle.<\/p>\n","protected":false},"author":364,"featured_media":22333,"comment_status":"closed","ping_status":"closed","sticky":false,"template":"","format":"standard","meta":{"footnotes":""},"categories":[3483,4313,4311,4198,3487,3478],"tags":[],"class_list":["post-22195","post","type-post","status-publish","format-standard","has-post-thumbnail","hentry","category-agriculture","category-altertour","category-alter-d-tour","category-edition-2021","category-energie","category-normandie"],"yoast_head":"<!-- This site is optimized with the Yoast SEO plugin v27.3 - https:\/\/yoast.com\/product\/yoast-seo-wordpress\/ -->\n<title>Autonomie et d\u00e9croissance \u00e0 la ferme du Bois Landelle - AlterTour<\/title>\n<meta name=\"robots\" content=\"index, follow, max-snippet:-1, max-image-preview:large, max-video-preview:-1\" \/>\n<link rel=\"canonical\" href=\"https:\/\/www.altercampagne.net\/?p=22195\" \/>\n<meta property=\"og:locale\" content=\"fr_FR\" \/>\n<meta property=\"og:type\" content=\"article\" \/>\n<meta property=\"og:title\" content=\"Autonomie et d\u00e9croissance \u00e0 la ferme du Bois Landelle - AlterTour\" \/>\n<meta property=\"og:description\" content=\"Lucie, Willow et leurs comparses, Anthony et Tanguy, vous invitent sur leur bout de terre normande, pas loin de la mer. Le 2 ao\u00fbt, les altercyclistes auront le plaisir de poser leur deux roues \u00e0 la ferme du Bois Landelle.\" \/>\n<meta property=\"og:url\" content=\"https:\/\/www.altercampagne.net\/?p=22195\" \/>\n<meta property=\"og:site_name\" content=\"AlterTour\" \/>\n<meta property=\"article:published_time\" content=\"2021-05-01T17:06:00+00:00\" \/>\n<meta property=\"article:modified_time\" content=\"2021-06-10T09:23:57+00:00\" \/>\n<meta property=\"og:image\" content=\"https:\/\/www.altercampagne.net\/wp-content\/uploads\/2021\/06\/2021-08-03-Le-Bois-Landelle.jpg\" \/>\n\t<meta property=\"og:image:width\" content=\"1200\" \/>\n\t<meta property=\"og:image:height\" content=\"630\" \/>\n\t<meta property=\"og:image:type\" content=\"image\/jpeg\" \/>\n<meta name=\"author\" content=\"Anouchka\" \/>\n<meta name=\"twitter:card\" content=\"summary_large_image\" \/>\n<meta name=\"twitter:label1\" content=\"\u00c9crit par\" \/>\n\t<meta name=\"twitter:data1\" content=\"Anouchka\" \/>\n\t<meta name=\"twitter:label2\" content=\"Dur\u00e9e de lecture estim\u00e9e\" \/>\n\t<meta name=\"twitter:data2\" content=\"2 minutes\" \/>\n<script type=\"application\/ld+json\" class=\"yoast-schema-graph\">{\"@context\":\"https:\\\/\\\/schema.org\",\"@graph\":[{\"@type\":\"Article\",\"@id\":\"https:\\\/\\\/www.altercampagne.net\\\/?p=22195#article\",\"isPartOf\":{\"@id\":\"https:\\\/\\\/www.altercampagne.net\\\/?p=22195\"},\"author\":{\"name\":\"Anouchka\",\"@id\":\"https:\\\/\\\/www.altercampagne.net\\\/#\\\/schema\\\/person\\\/675f636f056503d272f50fe6256bf97f\"},\"headline\":\"Autonomie et d\u00e9croissance \u00e0 la ferme du Bois Landelle\",\"datePublished\":\"2021-05-01T17:06:00+00:00\",\"dateModified\":\"2021-06-10T09:23:57+00:00\",\"mainEntityOfPage\":{\"@id\":\"https:\\\/\\\/www.altercampagne.net\\\/?p=22195\"},\"wordCount\":339,\"image\":{\"@id\":\"https:\\\/\\\/www.altercampagne.net\\\/?p=22195#primaryimage\"},\"thumbnailUrl\":\"https:\\\/\\\/www.altercampagne.net\\\/wp-content\\\/uploads\\\/2021\\\/06\\\/2021-08-03-Le-Bois-Landelle.jpg\",\"articleSection\":[\"Agriculture\",\"AlterTour\",\"Alter-D-tour\",\"Edition 2021\",\"\u00c9nergie\",\"Normandie\"],\"inLanguage\":\"fr-FR\"},{\"@type\":\"WebPage\",\"@id\":\"https:\\\/\\\/www.altercampagne.net\\\/?p=22195\",\"url\":\"https:\\\/\\\/www.altercampagne.net\\\/?p=22195\",\"name\":\"Autonomie et d\u00e9croissance \u00e0 la ferme du Bois Landelle - AlterTour\",\"isPartOf\":{\"@id\":\"https:\\\/\\\/www.altercampagne.net\\\/#website\"},\"primaryImageOfPage\":{\"@id\":\"https:\\\/\\\/www.altercampagne.net\\\/?p=22195#primaryimage\"},\"image\":{\"@id\":\"https:\\\/\\\/www.altercampagne.net\\\/?p=22195#primaryimage\"},\"thumbnailUrl\":\"https:\\\/\\\/www.altercampagne.net\\\/wp-content\\\/uploads\\\/2021\\\/06\\\/2021-08-03-Le-Bois-Landelle.jpg\",\"datePublished\":\"2021-05-01T17:06:00+00:00\",\"dateModified\":\"2021-06-10T09:23:57+00:00\",\"author\":{\"@id\":\"https:\\\/\\\/www.altercampagne.net\\\/#\\\/schema\\\/person\\\/675f636f056503d272f50fe6256bf97f\"},\"breadcrumb\":{\"@id\":\"https:\\\/\\\/www.altercampagne.net\\\/?p=22195#breadcrumb\"},\"inLanguage\":\"fr-FR\",\"potentialAction\":[{\"@type\":\"ReadAction\",\"target\":[\"https:\\\/\\\/www.altercampagne.net\\\/?p=22195\"]}]},{\"@type\":\"ImageObject\",\"inLanguage\":\"fr-FR\",\"@id\":\"https:\\\/\\\/www.altercampagne.net\\\/?p=22195#primaryimage\",\"url\":\"https:\\\/\\\/www.altercampagne.net\\\/wp-content\\\/uploads\\\/2021\\\/06\\\/2021-08-03-Le-Bois-Landelle.jpg\",\"contentUrl\":\"https:\\\/\\\/www.altercampagne.net\\\/wp-content\\\/uploads\\\/2021\\\/06\\\/2021-08-03-Le-Bois-Landelle.jpg\",\"width\":1200,\"height\":630},{\"@type\":\"BreadcrumbList\",\"@id\":\"https:\\\/\\\/www.altercampagne.net\\\/?p=22195#breadcrumb\",\"itemListElement\":[{\"@type\":\"ListItem\",\"position\":1,\"name\":\"Accueil\",\"item\":\"https:\\\/\\\/www.altercampagne.net\\\/\"},{\"@type\":\"ListItem\",\"position\":2,\"name\":\"Autonomie et d\u00e9croissance \u00e0 la ferme du Bois Landelle\"}]},{\"@type\":\"WebSite\",\"@id\":\"https:\\\/\\\/www.altercampagne.net\\\/#website\",\"url\":\"https:\\\/\\\/www.altercampagne.net\\\/\",\"name\":\"AlterTour\",\"description\":\"Reliez les Alternatives \u00e0 v\u00e9lo\",\"potentialAction\":[{\"@type\":\"SearchAction\",\"target\":{\"@type\":\"EntryPoint\",\"urlTemplate\":\"https:\\\/\\\/www.altercampagne.net\\\/?s={search_term_string}\"},\"query-input\":{\"@type\":\"PropertyValueSpecification\",\"valueRequired\":true,\"valueName\":\"search_term_string\"}}],\"inLanguage\":\"fr-FR\"},{\"@type\":\"Person\",\"@id\":\"https:\\\/\\\/www.altercampagne.net\\\/#\\\/schema\\\/person\\\/675f636f056503d272f50fe6256bf97f\",\"name\":\"Anouchka\",\"image\":{\"@type\":\"ImageObject\",\"inLanguage\":\"fr-FR\",\"@id\":\"https:\\\/\\\/secure.gravatar.com\\\/avatar\\\/ba41ba7ad7aad97b7061ba6354f89cc6cc30bcae3dd10f29ae91e6261930d48e?s=96&d=mm&r=g\",\"url\":\"https:\\\/\\\/secure.gravatar.com\\\/avatar\\\/ba41ba7ad7aad97b7061ba6354f89cc6cc30bcae3dd10f29ae91e6261930d48e?s=96&d=mm&r=g\",\"contentUrl\":\"https:\\\/\\\/secure.gravatar.com\\\/avatar\\\/ba41ba7ad7aad97b7061ba6354f89cc6cc30bcae3dd10f29ae91e6261930d48e?s=96&d=mm&r=g\",\"caption\":\"Anouchka\"},\"url\":\"https:\\\/\\\/www.altercampagne.net\\\/?author=364\"}]}<\/script>\n<!-- \/ Yoast SEO plugin. -->","yoast_head_json":{"title":"Autonomie et d\u00e9croissance \u00e0 la ferme du Bois Landelle - AlterTour","robots":{"index":"index","follow":"follow","max-snippet":"max-snippet:-1","max-image-preview":"max-image-preview:large","max-video-preview":"max-video-preview:-1"},"canonical":"https:\/\/www.altercampagne.net\/?p=22195","og_locale":"fr_FR","og_type":"article","og_title":"Autonomie et d\u00e9croissance \u00e0 la ferme du Bois Landelle - AlterTour","og_description":"Lucie, Willow et leurs comparses, Anthony et Tanguy, vous invitent sur leur bout de terre normande, pas loin de la mer. Le 2 ao\u00fbt, les altercyclistes auront le plaisir de poser leur deux roues \u00e0 la ferme du Bois Landelle.","og_url":"https:\/\/www.altercampagne.net\/?p=22195","og_site_name":"AlterTour","article_published_time":"2021-05-01T17:06:00+00:00","article_modified_time":"2021-06-10T09:23:57+00:00","og_image":[{"width":1200,"height":630,"url":"https:\/\/www.altercampagne.net\/wp-content\/uploads\/2021\/06\/2021-08-03-Le-Bois-Landelle.jpg","type":"image\/jpeg"}],"author":"Anouchka","twitter_card":"summary_large_image","twitter_misc":{"\u00c9crit par":"Anouchka","Dur\u00e9e de lecture estim\u00e9e":"2 minutes"},"schema":{"@context":"https:\/\/schema.org","@graph":[{"@type":"Article","@id":"https:\/\/www.altercampagne.net\/?p=22195#article","isPartOf":{"@id":"https:\/\/www.altercampagne.net\/?p=22195"},"author":{"name":"Anouchka","@id":"https:\/\/www.altercampagne.net\/#\/schema\/person\/675f636f056503d272f50fe6256bf97f"},"headline":"Autonomie et d\u00e9croissance \u00e0 la ferme du Bois Landelle","datePublished":"2021-05-01T17:06:00+00:00","dateModified":"2021-06-10T09:23:57+00:00","mainEntityOfPage":{"@id":"https:\/\/www.altercampagne.net\/?p=22195"},"wordCount":339,"image":{"@id":"https:\/\/www.altercampagne.net\/?p=22195#primaryimage"},"thumbnailUrl":"https:\/\/www.altercampagne.net\/wp-content\/uploads\/2021\/06\/2021-08-03-Le-Bois-Landelle.jpg","articleSection":["Agriculture","AlterTour","Alter-D-tour","Edition 2021","\u00c9nergie","Normandie"],"inLanguage":"fr-FR"},{"@type":"WebPage","@id":"https:\/\/www.altercampagne.net\/?p=22195","url":"https:\/\/www.altercampagne.net\/?p=22195","name":"Autonomie et d\u00e9croissance \u00e0 la ferme du Bois Landelle - AlterTour","isPartOf":{"@id":"https:\/\/www.altercampagne.net\/#website"},"primaryImageOfPage":{"@id":"https:\/\/www.altercampagne.net\/?p=22195#primaryimage"},"image":{"@id":"https:\/\/www.altercampagne.net\/?p=22195#primaryimage"},"thumbnailUrl":"https:\/\/www.altercampagne.net\/wp-content\/uploads\/2021\/06\/2021-08-03-Le-Bois-Landelle.jpg","datePublished":"2021-05-01T17:06:00+00:00","dateModified":"2021-06-10T09:23:57+00:00","author":{"@id":"https:\/\/www.altercampagne.net\/#\/schema\/person\/675f636f056503d272f50fe6256bf97f"},"breadcrumb":{"@id":"https:\/\/www.altercampagne.net\/?p=22195#breadcrumb"},"inLanguage":"fr-FR","potentialAction":[{"@type":"ReadAction","target":["https:\/\/www.altercampagne.net\/?p=22195"]}]},{"@type":"ImageObject","inLanguage":"fr-FR","@id":"https:\/\/www.altercampagne.net\/?p=22195#primaryimage","url":"https:\/\/www.altercampagne.net\/wp-content\/uploads\/2021\/06\/2021-08-03-Le-Bois-Landelle.jpg","contentUrl":"https:\/\/www.altercampagne.net\/wp-content\/uploads\/2021\/06\/2021-08-03-Le-Bois-Landelle.jpg","width":1200,"height":630},{"@type":"BreadcrumbList","@id":"https:\/\/www.altercampagne.net\/?p=22195#breadcrumb","itemListElement":[{"@type":"ListItem","position":1,"name":"Accueil","item":"https:\/\/www.altercampagne.net\/"},{"@type":"ListItem","position":2,"name":"Autonomie et d\u00e9croissance \u00e0 la ferme du Bois Landelle"}]},{"@type":"WebSite","@id":"https:\/\/www.altercampagne.net\/#website","url":"https:\/\/www.altercampagne.net\/","name":"AlterTour","description":"Reliez les Alternatives \u00e0 v\u00e9lo","potentialAction":[{"@type":"SearchAction","target":{"@type":"EntryPoint","urlTemplate":"https:\/\/www.altercampagne.net\/?s={search_term_string}"},"query-input":{"@type":"PropertyValueSpecification","valueRequired":true,"valueName":"search_term_string"}}],"inLanguage":"fr-FR"},{"@type":"Person","@id":"https:\/\/www.altercampagne.net\/#\/schema\/person\/675f636f056503d272f50fe6256bf97f","name":"Anouchka","image":{"@type":"ImageObject","inLanguage":"fr-FR","@id":"https:\/\/secure.gravatar.com\/avatar\/ba41ba7ad7aad97b7061ba6354f89cc6cc30bcae3dd10f29ae91e6261930d48e?s=96&d=mm&r=g","url":"https:\/\/secure.gravatar.com\/avatar\/ba41ba7ad7aad97b7061ba6354f89cc6cc30bcae3dd10f29ae91e6261930d48e?s=96&d=mm&r=g","contentUrl":"https:\/\/secure.gravatar.com\/avatar\/ba41ba7ad7aad97b7061ba6354f89cc6cc30bcae3dd10f29ae91e6261930d48e?s=96&d=mm&r=g","caption":"Anouchka"},"url":"https:\/\/www.altercampagne.net\/?author=364"}]}},"_links":{"self":[{"href":"https:\/\/www.altercampagne.net\/index.php?rest_route=\/wp\/v2\/posts\/22195","targetHints":{"allow":["GET"]}}],"collection":[{"href":"https:\/\/www.altercampagne.net\/index.php?rest_route=\/wp\/v2\/posts"}],"about":[{"href":"https:\/\/www.altercampagne.net\/index.php?rest_route=\/wp\/v2\/types\/post"}],"author":[{"embeddable":true,"href":"https:\/\/www.altercampagne.net\/index.php?rest_route=\/wp\/v2\/users\/364"}],"replies":[{"embeddable":true,"href":"https:\/\/www.altercampagne.net\/index.php?rest_route=%2Fwp%2Fv2%2Fcomments&post=22195"}],"version-history":[{"count":21,"href":"https:\/\/www.altercampagne.net\/index.php?rest_route=\/wp\/v2\/posts\/22195\/revisions"}],"predecessor-version":[{"id":22334,"href":"https:\/\/www.altercampagne.net\/index.php?rest_route=\/wp\/v2\/posts\/22195\/revisions\/22334"}],"wp:featuredmedia":[{"embeddable":true,"href":"https:\/\/www.altercampagne.net\/index.php?rest_route=\/wp\/v2\/media\/22333"}],"wp:attachment":[{"href":"https:\/\/www.altercampagne.net\/index.php?rest_route=%2Fwp%2Fv2%2Fmedia&parent=22195"}],"wp:term":[{"taxonomy":"category","embeddable":true,"href":"https:\/\/www.altercampagne.net\/index.php?rest_route=%2Fwp%2Fv2%2Fcategories&post=22195"},{"taxonomy":"post_tag","embeddable":true,"href":"https:\/\/www.altercampagne.net\/index.php?rest_route=%2Fwp%2Fv2%2Ftags&post=22195"}],"curies":[{"name":"wp","href":"https:\/\/api.w.org\/{rel}","templated":true}]}}