{"id":22335,"date":"2021-06-16T12:20:00","date_gmt":"2021-06-16T10:20:00","guid":{"rendered":"https:\/\/www.altercampagne.net\/?p=22335"},"modified":"2021-06-16T15:05:49","modified_gmt":"2021-06-16T13:05:49","slug":"dans-ma-culotte","status":"publish","type":"post","link":"https:\/\/www.altercampagne.net\/?p=22335","title":{"rendered":"Dans ma culotte"},"content":{"rendered":"\n<h4 class=\"wp-block-heading\">Sant\u00e9 menstruelle, \u00e9thique et protection de l\u2019environnement vont de paire.<\/h4>\n\n\n\n<p><a href=\"https:\/\/dansmaculotte.com\/fr\">Dans Ma Culotte<\/a> est n\u00e9 de la rencontre de ses cofondactrices, Marie et No\u00eblle. \u00c0 l&rsquo;origine ing\u00e9nieure en informatique et graphiste, elles s&rsquo;interrogent sur la nocivit\u00e9 des protections menstruelles et veulent proposer aux femmes&nbsp;<strong>des produits sains et responsables<\/strong>. D\u00e8s 2016, elles vendent sur leur site des protections p\u00e9riodiques lavables, auxquelles s&rsquo;ajoutent aujourd&rsquo;hui une gamme jetable bio et d&rsquo;autres produits li\u00e9s au bien-\u00eatre menstruel.&nbsp;<\/p>\n\n\n\n<h4 class=\"wp-block-heading\">Quand les entrepreuneuses vont tr\u00e8s loin !<\/h4>\n\n\n\n<p>Mais Dans Ma Culotte n&rsquo;a rien d&rsquo;une entreprise comme les autres : engag\u00e9es, Marie et No\u00eblle entendent \u00e0 la fois&nbsp;<strong>informer sur le cycle dans son ensemble, lib\u00e9rer la parole, briser les tabous, casser les id\u00e9es normatives sur le corps, rendre accessibles les protections saines et responsables, et lutter contre la pr\u00e9carit\u00e9 menstruelle<\/strong>. Rien que \u00e7a !&nbsp;Et ces engagements se traduisent en&nbsp;<strong>actions concr\u00e8tes<\/strong>&nbsp;: No\u00eblle, qui est Chief Impact Officer explique : \u201c<em>on a distribu\u00e9 des serviettes lavables, au d\u00e9but au Burkina Faso et au Maroc. Puis on s&rsquo;est dit \u00ab\u00a0mais quelle est la situation en France ?\u00a0\u00bb. On pensait aux femmes sans abri. On a <strong>travaill\u00e9 avec l\u2019association R\u00e8gles \u00e9l\u00e9mentaires.<\/strong><\/em>\u201d Au total, Dans Ma Culotte a donn\u00e9 plus de 6000 protections lavables \u00e0 des associations, et organise des&nbsp;<strong>distributions de protections dans des universit\u00e9s<\/strong>.&nbsp;<\/p>\n\n\n\n<figure class=\"wp-block-image size-large\"><a href=\"https:\/\/www.altercampagne.net\/wp-content\/uploads\/2021\/06\/fondatrices-dansmaculotte.jpg\"><img loading=\"lazy\" decoding=\"async\" width=\"651\" height=\"521\" src=\"https:\/\/www.altercampagne.net\/wp-content\/uploads\/2021\/06\/fondatrices-dansmaculotte.jpg\" alt=\"\" class=\"wp-image-22339\" srcset=\"https:\/\/www.altercampagne.net\/wp-content\/uploads\/2021\/06\/fondatrices-dansmaculotte.jpg 651w, https:\/\/www.altercampagne.net\/wp-content\/uploads\/2021\/06\/fondatrices-dansmaculotte-300x240.jpg 300w, https:\/\/www.altercampagne.net\/wp-content\/uploads\/2021\/06\/fondatrices-dansmaculotte-610x488.jpg 610w, https:\/\/www.altercampagne.net\/wp-content\/uploads\/2021\/06\/fondatrices-dansmaculotte-100x80.jpg 100w\" sizes=\"auto, (max-width: 651px) 100vw, 651px\" \/><\/a><figcaption>Marie &amp; No\u00eblle, cofondatrices \u00a9 Dans Ma Culotte<\/figcaption><\/figure>\n\n\n\n<h4 class=\"wp-block-heading\">Briser le tabou autour des r\u00e8gles<\/h4>\n\n\n\n<p>No\u00eblle nous raconte \u201c<em>On voulait apporter du bien \u00eatre \u00e0 chaque \u00e9tape du cycle menstruel. On s&rsquo;est rendu comptes qu&rsquo;<strong>en plus de l&rsquo;ignorance, il y avait aussi beaucoup de honte<\/strong><\/em>\u201d. Dans Ma Culotte est devenue l\u2019organisateur, en France, du Menstrual Hygiene Day, le 28 Mai, pour informer sur le sujet.&nbsp;Pour No\u00eblle, \u201c<em>d&rsquo;un point de vue collectif, c&rsquo;est&nbsp;<strong>essentiel d&rsquo;essayer de comprendre<\/strong>. C&rsquo;est pour cela que nous informons \u00e9norm\u00e9ment, m\u00eame sur des sujets tabous comme les pertes blanches ou l\u2019endom\u00e9triose. Nous voulons transmettre un message, notamment en rappelant qu<strong>&lsquo;il n&rsquo;y a pas de normalit\u00e9.<\/strong><\/em>\u201d Les fondatrices d\u00e9fendent aussi&nbsp;<strong>la libert\u00e9 de choisir les meilleures options<\/strong>&nbsp;selon notre corps et nos besoins.&nbsp;<\/p>\n\n\n\n<h4 class=\"wp-block-heading\">Un besoin fondamental et un combat politique \u00e0 mener<\/h4>\n\n\n\n<p>D\u2019apr\u00e8s No\u00eblle, \u201c<em><strong>se prot\u00e9ger pendant ses r\u00e8gles est un besoin fondamental&nbsp;<\/strong>! Les personnes qui ne peuvent pas le faire ne pourront pas aller \u00e0 l&rsquo;\u00e9cole ou au travail, seront mises de c\u00f4t\u00e9, stigmatis\u00e9es, perdront leur dignit\u00e9.&nbsp; Nous souhaitons que tout le monde puisse se sentir libre d\u2019\u00eatre bien dans sa culotte et dans sa t\u00eate. Comment peut-on prendre soin des autres sinon ?&nbsp;En 2019, nous avons t\u00e9moign\u00e9 \u00e0 l&rsquo;Assembl\u00e9e nationale sur la situation menstruelle en France. Il y a des efforts de fait, un budget de 5 millions d&rsquo;euros allou\u00e9 \u00e0 la lutte contre la pr\u00e9carit\u00e9 menstruelle, mais il faut aller plus loin, \u00e9duquer davantage, et offrir des protections gratuites dans les coll\u00e8ges et lyc\u00e9es.<\/em>\u201d<\/p>\n\n\n\n<p>C&rsquo;est le <a href=\"https:\/\/www.altercampagne.net\/?page_id=21008&amp;route=399\">22 juillet<\/a> qu&rsquo;on rencontre No\u00eblle pour parler de cette initiative lors de notre passage \u00e0 Valorbiquet.<\/p>\n\n\n\n<p>Site internet&nbsp;<a href=\"https:\/\/dansmaculotte.com\/fr\">https:\/\/dansmaculotte.com\/fr<\/a><br><br><\/p>\n","protected":false},"excerpt":{"rendered":"<p>\u201cLes r\u00e8gles touchent \u00e0 plein de sujets : la sant\u00e9, l&rsquo;\u00e9conomie, l&rsquo;\u00e9cologie, la psychologie. On souhaite en parler sous tous ces aspects. C&rsquo;est bien au-del\u00e0 du sang qui s&rsquo;\u00e9coule\u201d. No\u00eblle, cofondatrice de Dans Ma Culotte.<\/p>\n","protected":false},"author":316,"featured_media":22338,"comment_status":"closed","ping_status":"closed","sticky":false,"template":"","format":"standard","meta":{"footnotes":""},"categories":[4313,3472,4198,3938,3486,3541,3540],"tags":[],"class_list":["post-22335","post","type-post","status-publish","format-standard","has-post-thumbnail","hentry","category-altertour","category-bretagne","category-edition-2021","category-education","category-environnement","category-partenaires","category-transverse"],"yoast_head":"<!-- This site is optimized with the Yoast SEO plugin v27.3 - https:\/\/yoast.com\/product\/yoast-seo-wordpress\/ -->\n<title>Dans ma culotte - AlterTour<\/title>\n<meta name=\"robots\" content=\"index, follow, max-snippet:-1, max-image-preview:large, max-video-preview:-1\" \/>\n<link rel=\"canonical\" href=\"https:\/\/www.altercampagne.net\/?p=22335\" \/>\n<meta property=\"og:locale\" content=\"fr_FR\" \/>\n<meta property=\"og:type\" content=\"article\" \/>\n<meta property=\"og:title\" content=\"Dans ma culotte - AlterTour\" \/>\n<meta property=\"og:description\" content=\"\u201cLes r\u00e8gles touchent \u00e0 plein de sujets : la sant\u00e9, l&#039;\u00e9conomie, l&#039;\u00e9cologie, la psychologie. On souhaite en parler sous tous ces aspects. C&#039;est bien au-del\u00e0 du sang qui s&#039;\u00e9coule\u201d. No\u00eblle, cofondatrice de Dans Ma Culotte.\" \/>\n<meta property=\"og:url\" content=\"https:\/\/www.altercampagne.net\/?p=22335\" \/>\n<meta property=\"og:site_name\" content=\"AlterTour\" \/>\n<meta property=\"article:published_time\" content=\"2021-06-16T10:20:00+00:00\" \/>\n<meta property=\"article:modified_time\" content=\"2021-06-16T13:05:49+00:00\" \/>\n<meta property=\"og:image\" content=\"https:\/\/www.altercampagne.net\/wp-content\/uploads\/2021\/06\/dans-ma-culotte.jpg\" \/>\n\t<meta property=\"og:image:width\" content=\"2268\" \/>\n\t<meta property=\"og:image:height\" content=\"1184\" \/>\n\t<meta property=\"og:image:type\" content=\"image\/jpeg\" \/>\n<meta name=\"author\" content=\"Jonas\" \/>\n<meta name=\"twitter:card\" content=\"summary_large_image\" \/>\n<meta name=\"twitter:label1\" content=\"\u00c9crit par\" \/>\n\t<meta name=\"twitter:data1\" content=\"Jonas\" \/>\n\t<meta name=\"twitter:label2\" content=\"Dur\u00e9e de lecture estim\u00e9e\" \/>\n\t<meta name=\"twitter:data2\" content=\"3 minutes\" \/>\n<script type=\"application\/ld+json\" class=\"yoast-schema-graph\">{\"@context\":\"https:\\\/\\\/schema.org\",\"@graph\":[{\"@type\":\"Article\",\"@id\":\"https:\\\/\\\/www.altercampagne.net\\\/?p=22335#article\",\"isPartOf\":{\"@id\":\"https:\\\/\\\/www.altercampagne.net\\\/?p=22335\"},\"author\":{\"name\":\"Jonas\",\"@id\":\"https:\\\/\\\/www.altercampagne.net\\\/#\\\/schema\\\/person\\\/308dc295a67929d58321ff6b59820daa\"},\"headline\":\"Dans ma culotte\",\"datePublished\":\"2021-06-16T10:20:00+00:00\",\"dateModified\":\"2021-06-16T13:05:49+00:00\",\"mainEntityOfPage\":{\"@id\":\"https:\\\/\\\/www.altercampagne.net\\\/?p=22335\"},\"wordCount\":556,\"image\":{\"@id\":\"https:\\\/\\\/www.altercampagne.net\\\/?p=22335#primaryimage\"},\"thumbnailUrl\":\"https:\\\/\\\/www.altercampagne.net\\\/wp-content\\\/uploads\\\/2021\\\/06\\\/dans-ma-culotte.jpg\",\"articleSection\":[\"AlterTour\",\"Bretagne\",\"Edition 2021\",\"Education\",\"Environnement\",\"Partenaires\",\"Transverse\"],\"inLanguage\":\"fr-FR\"},{\"@type\":\"WebPage\",\"@id\":\"https:\\\/\\\/www.altercampagne.net\\\/?p=22335\",\"url\":\"https:\\\/\\\/www.altercampagne.net\\\/?p=22335\",\"name\":\"Dans ma culotte - AlterTour\",\"isPartOf\":{\"@id\":\"https:\\\/\\\/www.altercampagne.net\\\/#website\"},\"primaryImageOfPage\":{\"@id\":\"https:\\\/\\\/www.altercampagne.net\\\/?p=22335#primaryimage\"},\"image\":{\"@id\":\"https:\\\/\\\/www.altercampagne.net\\\/?p=22335#primaryimage\"},\"thumbnailUrl\":\"https:\\\/\\\/www.altercampagne.net\\\/wp-content\\\/uploads\\\/2021\\\/06\\\/dans-ma-culotte.jpg\",\"datePublished\":\"2021-06-16T10:20:00+00:00\",\"dateModified\":\"2021-06-16T13:05:49+00:00\",\"author\":{\"@id\":\"https:\\\/\\\/www.altercampagne.net\\\/#\\\/schema\\\/person\\\/308dc295a67929d58321ff6b59820daa\"},\"breadcrumb\":{\"@id\":\"https:\\\/\\\/www.altercampagne.net\\\/?p=22335#breadcrumb\"},\"inLanguage\":\"fr-FR\",\"potentialAction\":[{\"@type\":\"ReadAction\",\"target\":[\"https:\\\/\\\/www.altercampagne.net\\\/?p=22335\"]}]},{\"@type\":\"ImageObject\",\"inLanguage\":\"fr-FR\",\"@id\":\"https:\\\/\\\/www.altercampagne.net\\\/?p=22335#primaryimage\",\"url\":\"https:\\\/\\\/www.altercampagne.net\\\/wp-content\\\/uploads\\\/2021\\\/06\\\/dans-ma-culotte.jpg\",\"contentUrl\":\"https:\\\/\\\/www.altercampagne.net\\\/wp-content\\\/uploads\\\/2021\\\/06\\\/dans-ma-culotte.jpg\",\"width\":2268,\"height\":1184},{\"@type\":\"BreadcrumbList\",\"@id\":\"https:\\\/\\\/www.altercampagne.net\\\/?p=22335#breadcrumb\",\"itemListElement\":[{\"@type\":\"ListItem\",\"position\":1,\"name\":\"Accueil\",\"item\":\"https:\\\/\\\/www.altercampagne.net\\\/\"},{\"@type\":\"ListItem\",\"position\":2,\"name\":\"Dans ma culotte\"}]},{\"@type\":\"WebSite\",\"@id\":\"https:\\\/\\\/www.altercampagne.net\\\/#website\",\"url\":\"https:\\\/\\\/www.altercampagne.net\\\/\",\"name\":\"AlterTour\",\"description\":\"Reliez les Alternatives \u00e0 v\u00e9lo\",\"potentialAction\":[{\"@type\":\"SearchAction\",\"target\":{\"@type\":\"EntryPoint\",\"urlTemplate\":\"https:\\\/\\\/www.altercampagne.net\\\/?s={search_term_string}\"},\"query-input\":{\"@type\":\"PropertyValueSpecification\",\"valueRequired\":true,\"valueName\":\"search_term_string\"}}],\"inLanguage\":\"fr-FR\"},{\"@type\":\"Person\",\"@id\":\"https:\\\/\\\/www.altercampagne.net\\\/#\\\/schema\\\/person\\\/308dc295a67929d58321ff6b59820daa\",\"name\":\"Jonas\",\"image\":{\"@type\":\"ImageObject\",\"inLanguage\":\"fr-FR\",\"@id\":\"https:\\\/\\\/secure.gravatar.com\\\/avatar\\\/ade7b451791545d463915f445a8aee91b58c48cdcbc1ab2b8583fa2f30e159e4?s=96&d=mm&r=g\",\"url\":\"https:\\\/\\\/secure.gravatar.com\\\/avatar\\\/ade7b451791545d463915f445a8aee91b58c48cdcbc1ab2b8583fa2f30e159e4?s=96&d=mm&r=g\",\"contentUrl\":\"https:\\\/\\\/secure.gravatar.com\\\/avatar\\\/ade7b451791545d463915f445a8aee91b58c48cdcbc1ab2b8583fa2f30e159e4?s=96&d=mm&r=g\",\"caption\":\"Jonas\"},\"url\":\"https:\\\/\\\/www.altercampagne.net\\\/?author=316\"}]}<\/script>\n<!-- \/ Yoast SEO plugin. -->","yoast_head_json":{"title":"Dans ma culotte - AlterTour","robots":{"index":"index","follow":"follow","max-snippet":"max-snippet:-1","max-image-preview":"max-image-preview:large","max-video-preview":"max-video-preview:-1"},"canonical":"https:\/\/www.altercampagne.net\/?p=22335","og_locale":"fr_FR","og_type":"article","og_title":"Dans ma culotte - AlterTour","og_description":"\u201cLes r\u00e8gles touchent \u00e0 plein de sujets : la sant\u00e9, l'\u00e9conomie, l'\u00e9cologie, la psychologie. On souhaite en parler sous tous ces aspects. C'est bien au-del\u00e0 du sang qui s'\u00e9coule\u201d. No\u00eblle, cofondatrice de Dans Ma Culotte.","og_url":"https:\/\/www.altercampagne.net\/?p=22335","og_site_name":"AlterTour","article_published_time":"2021-06-16T10:20:00+00:00","article_modified_time":"2021-06-16T13:05:49+00:00","og_image":[{"width":2268,"height":1184,"url":"https:\/\/www.altercampagne.net\/wp-content\/uploads\/2021\/06\/dans-ma-culotte.jpg","type":"image\/jpeg"}],"author":"Jonas","twitter_card":"summary_large_image","twitter_misc":{"\u00c9crit par":"Jonas","Dur\u00e9e de lecture estim\u00e9e":"3 minutes"},"schema":{"@context":"https:\/\/schema.org","@graph":[{"@type":"Article","@id":"https:\/\/www.altercampagne.net\/?p=22335#article","isPartOf":{"@id":"https:\/\/www.altercampagne.net\/?p=22335"},"author":{"name":"Jonas","@id":"https:\/\/www.altercampagne.net\/#\/schema\/person\/308dc295a67929d58321ff6b59820daa"},"headline":"Dans ma culotte","datePublished":"2021-06-16T10:20:00+00:00","dateModified":"2021-06-16T13:05:49+00:00","mainEntityOfPage":{"@id":"https:\/\/www.altercampagne.net\/?p=22335"},"wordCount":556,"image":{"@id":"https:\/\/www.altercampagne.net\/?p=22335#primaryimage"},"thumbnailUrl":"https:\/\/www.altercampagne.net\/wp-content\/uploads\/2021\/06\/dans-ma-culotte.jpg","articleSection":["AlterTour","Bretagne","Edition 2021","Education","Environnement","Partenaires","Transverse"],"inLanguage":"fr-FR"},{"@type":"WebPage","@id":"https:\/\/www.altercampagne.net\/?p=22335","url":"https:\/\/www.altercampagne.net\/?p=22335","name":"Dans ma culotte - AlterTour","isPartOf":{"@id":"https:\/\/www.altercampagne.net\/#website"},"primaryImageOfPage":{"@id":"https:\/\/www.altercampagne.net\/?p=22335#primaryimage"},"image":{"@id":"https:\/\/www.altercampagne.net\/?p=22335#primaryimage"},"thumbnailUrl":"https:\/\/www.altercampagne.net\/wp-content\/uploads\/2021\/06\/dans-ma-culotte.jpg","datePublished":"2021-06-16T10:20:00+00:00","dateModified":"2021-06-16T13:05:49+00:00","author":{"@id":"https:\/\/www.altercampagne.net\/#\/schema\/person\/308dc295a67929d58321ff6b59820daa"},"breadcrumb":{"@id":"https:\/\/www.altercampagne.net\/?p=22335#breadcrumb"},"inLanguage":"fr-FR","potentialAction":[{"@type":"ReadAction","target":["https:\/\/www.altercampagne.net\/?p=22335"]}]},{"@type":"ImageObject","inLanguage":"fr-FR","@id":"https:\/\/www.altercampagne.net\/?p=22335#primaryimage","url":"https:\/\/www.altercampagne.net\/wp-content\/uploads\/2021\/06\/dans-ma-culotte.jpg","contentUrl":"https:\/\/www.altercampagne.net\/wp-content\/uploads\/2021\/06\/dans-ma-culotte.jpg","width":2268,"height":1184},{"@type":"BreadcrumbList","@id":"https:\/\/www.altercampagne.net\/?p=22335#breadcrumb","itemListElement":[{"@type":"ListItem","position":1,"name":"Accueil","item":"https:\/\/www.altercampagne.net\/"},{"@type":"ListItem","position":2,"name":"Dans ma culotte"}]},{"@type":"WebSite","@id":"https:\/\/www.altercampagne.net\/#website","url":"https:\/\/www.altercampagne.net\/","name":"AlterTour","description":"Reliez les Alternatives \u00e0 v\u00e9lo","potentialAction":[{"@type":"SearchAction","target":{"@type":"EntryPoint","urlTemplate":"https:\/\/www.altercampagne.net\/?s={search_term_string}"},"query-input":{"@type":"PropertyValueSpecification","valueRequired":true,"valueName":"search_term_string"}}],"inLanguage":"fr-FR"},{"@type":"Person","@id":"https:\/\/www.altercampagne.net\/#\/schema\/person\/308dc295a67929d58321ff6b59820daa","name":"Jonas","image":{"@type":"ImageObject","inLanguage":"fr-FR","@id":"https:\/\/secure.gravatar.com\/avatar\/ade7b451791545d463915f445a8aee91b58c48cdcbc1ab2b8583fa2f30e159e4?s=96&d=mm&r=g","url":"https:\/\/secure.gravatar.com\/avatar\/ade7b451791545d463915f445a8aee91b58c48cdcbc1ab2b8583fa2f30e159e4?s=96&d=mm&r=g","contentUrl":"https:\/\/secure.gravatar.com\/avatar\/ade7b451791545d463915f445a8aee91b58c48cdcbc1ab2b8583fa2f30e159e4?s=96&d=mm&r=g","caption":"Jonas"},"url":"https:\/\/www.altercampagne.net\/?author=316"}]}},"_links":{"self":[{"href":"https:\/\/www.altercampagne.net\/index.php?rest_route=\/wp\/v2\/posts\/22335","targetHints":{"allow":["GET"]}}],"collection":[{"href":"https:\/\/www.altercampagne.net\/index.php?rest_route=\/wp\/v2\/posts"}],"about":[{"href":"https:\/\/www.altercampagne.net\/index.php?rest_route=\/wp\/v2\/types\/post"}],"author":[{"embeddable":true,"href":"https:\/\/www.altercampagne.net\/index.php?rest_route=\/wp\/v2\/users\/316"}],"replies":[{"embeddable":true,"href":"https:\/\/www.altercampagne.net\/index.php?rest_route=%2Fwp%2Fv2%2Fcomments&post=22335"}],"version-history":[{"count":6,"href":"https:\/\/www.altercampagne.net\/index.php?rest_route=\/wp\/v2\/posts\/22335\/revisions"}],"predecessor-version":[{"id":22448,"href":"https:\/\/www.altercampagne.net\/index.php?rest_route=\/wp\/v2\/posts\/22335\/revisions\/22448"}],"wp:featuredmedia":[{"embeddable":true,"href":"https:\/\/www.altercampagne.net\/index.php?rest_route=\/wp\/v2\/media\/22338"}],"wp:attachment":[{"href":"https:\/\/www.altercampagne.net\/index.php?rest_route=%2Fwp%2Fv2%2Fmedia&parent=22335"}],"wp:term":[{"taxonomy":"category","embeddable":true,"href":"https:\/\/www.altercampagne.net\/index.php?rest_route=%2Fwp%2Fv2%2Fcategories&post=22335"},{"taxonomy":"post_tag","embeddable":true,"href":"https:\/\/www.altercampagne.net\/index.php?rest_route=%2Fwp%2Fv2%2Ftags&post=22335"}],"curies":[{"name":"wp","href":"https:\/\/api.w.org\/{rel}","templated":true}]}}