{"id":22344,"date":"2021-07-07T08:05:00","date_gmt":"2021-07-07T06:05:00","guid":{"rendered":"https:\/\/www.altercampagne.net\/?p=22344"},"modified":"2021-07-06T09:07:00","modified_gmt":"2021-07-06T07:07:00","slug":"le-mascaret-un-ecrin-sur-les-cotes-de-la-manche","status":"publish","type":"post","link":"https:\/\/www.altercampagne.net\/?p=22344","title":{"rendered":"Le Mascaret, un \u00e9crin sur les c\u00f4tes de la Manche"},"content":{"rendered":"\n<p>Philippe et Nadia Hardy ont ouvert il y a 25 ans&nbsp;<strong><a href=\"https:\/\/lemascaret.fr\/\">Le Mascaret<\/a>, \u00e0 la fois restaurant, h\u00f4tel et spa, \u00e0 Blainville-sur-Mer,<\/strong>&nbsp;\u00e0 800 m\u00e8tres de la c\u00f4te du Cotentin. C\u00f4t\u00e9 restaurant, le chef \u00e9toil\u00e9 dirige une \u00e9quipe de 5 personnes en cuisine et 4 en salle, et travaille avec des&nbsp;<strong>producteurs et p\u00eacheurs locaux<\/strong>, sur les c\u00f4tes est et ouest, selon les mar\u00e9es et les saisons.&nbsp;<\/p>\n\n\n\n<h4 class=\"wp-block-heading\">Un couple engag\u00e9<\/h4>\n\n\n\n<p>Ce rapport privil\u00e9gi\u00e9 avec fournisseurs et producteurs, au c\u0153ur de leur travail, \u00e9tait tout \u00e0 fait hors norme \u00e0 leurs d\u00e9buts. Leur engagement va plus loin :&nbsp;<strong>aucun gaspillage en cuisine<\/strong>&nbsp;gr\u00e2ce au syst\u00e8me de commandes, \u00e0 l\u2019utilisation totale des produits et au compost. Philippe, qui se d\u00e9finit comme une \u201cchef engag\u00e9\u201d a aussi<strong>&nbsp;collabor\u00e9 avec l\u2019association Bloom<\/strong>&nbsp;contre la p\u00eache \u00e9lectrique. Quant \u00e0 Nadia, elle propose sur son site et dans ses&nbsp;<strong>ateliers pour adultes et enfants une autre approche de l\u2019alimentation<\/strong>&nbsp;et promet une meilleure sant\u00e9, sans pour autant oublier le palais. Tous deux voient dans la crise sanitaire une mise en garde contre nos modes d\u2019agriculture et d\u2019alimentation.&nbsp;<\/p>\n\n\n\n<figure class=\"wp-block-image size-large\"><a href=\"https:\/\/www.altercampagne.net\/wp-content\/uploads\/2021\/06\/mascare2.jpg\"><img loading=\"lazy\" decoding=\"async\" width=\"1024\" height=\"813\" src=\"https:\/\/www.altercampagne.net\/wp-content\/uploads\/2021\/06\/mascare2-1024x813.jpg\" alt=\"\" class=\"wp-image-22348\" srcset=\"https:\/\/www.altercampagne.net\/wp-content\/uploads\/2021\/06\/mascare2-1024x813.jpg 1024w, https:\/\/www.altercampagne.net\/wp-content\/uploads\/2021\/06\/mascare2-300x238.jpg 300w, https:\/\/www.altercampagne.net\/wp-content\/uploads\/2021\/06\/mascare2-768x610.jpg 768w, https:\/\/www.altercampagne.net\/wp-content\/uploads\/2021\/06\/mascare2-1536x1219.jpg 1536w, https:\/\/www.altercampagne.net\/wp-content\/uploads\/2021\/06\/mascare2-2048x1625.jpg 2048w, https:\/\/www.altercampagne.net\/wp-content\/uploads\/2021\/06\/mascare2-610x484.jpg 610w, https:\/\/www.altercampagne.net\/wp-content\/uploads\/2021\/06\/mascare2-100x79.jpg 100w, https:\/\/www.altercampagne.net\/wp-content\/uploads\/2021\/06\/mascare2-862x684.jpg 862w, https:\/\/www.altercampagne.net\/wp-content\/uploads\/2021\/06\/mascare2-1140x905.jpg 1140w\" sizes=\"auto, (max-width: 1024px) 100vw, 1024px\" \/><\/a><\/figure>\n\n\n\n<h4 class=\"wp-block-heading\">L\u2019agroalimentaire, source de nombreux maux<\/h4>\n\n\n\n<p>Pour Philippe, \u00ab\u00a0<em>nous devons&nbsp;<strong>moins consommer, et moins produire<\/strong>. Il y a 50 ans on a demand\u00e9 aux agriculteurs de faire des b\u00eatises, de surproduire, il faut arr\u00eater.&nbsp;L\u2019industrie agroalimentaire polluante avec ses fast-food et ses plats pr\u00e9par\u00e9s, empoisonne les gens en trichant sur les aliments.&nbsp; Avec du sucre, avec des saveurs artificiels, on agit sur les papilles, et c\u2019est un crime. J\u2019esp\u00e8re que dans 10 ans, on verra marqu\u00e9 sur un&nbsp; plat pr\u00e9par\u00e9 sa composition exacte. Ces produits sont tr\u00e8s dangereux, comme les cigarettes, alors pourquoi ne pas appliquer les m\u00eames mesures ?<\/em>\u00ab\u00a0<br>Selon Nadia, \u00ab\u00a0<em><strong>l\u2019agroalimentaire a chang\u00e9 les r\u00e8gles de l\u2019alimentation<\/strong>. Aujourd\u2019hui, c\u2019est tabou de manger beaucoup de fruits et de l\u00e9gumes. M\u00eame des nutritionnistes disent de ne pas manger plus de 3 fruits par jour, c\u2019est un scandale !<\/em>\u00a0\u00bb&nbsp;<\/p>\n\n\n\n<h4 class=\"wp-block-heading\">\u00c0 la recherche de l\u2019essentiel en restauration<\/h4>\n\n\n\n<p>\u00ab\u00a0<em>L\u2019essentiel est de&nbsp;<strong>mettre l\u2019accent sur les saisons, les circuits courts, les emballages<\/strong><\/em>\u00ab\u00a0, nous dit Philippe. \u00ab\u00a0<em>Cela implique de r\u00e9fl\u00e9chir \u00e0 ses achats, et de ne pas \u00e9couter certains clients qui veulent des fraises en hiver. Pour les produits de la mer, il faut respecter les p\u00eacheurs et regarder d\u2019o\u00f9 vient la p\u00eache : \u00eatre attentif aux saisons du poisson, sa reproduction, son environnement, sa taille. Et arr\u00eater de piller les fonds africains ! En France, nous avons su pr\u00e9server nos c\u00f4tes gr\u00e2ce \u00e0 des r\u00e8gles et \u00e0 une diminution de la flotte de 35 \u00e0 40%.&nbsp;<strong>Faire la cuisine, ce n\u2019est pas un loisir, c\u2019est essentiel<\/strong>&nbsp;! Se nourrir, c\u2019est aussi se soigner, \u00e9viter les maladies.&nbsp;Nadia : La plupart des probl\u00e8mes \u00e9cologiques et des troubles de notre soci\u00e9t\u00e9 dispara\u00eetront si nous recommen\u00e7ons \u00e0 cuisiner avec du bon sens. En changeant notre rapport \u00e0 l\u2019alimentation et \u00e0 la nature, nous pouvons faire beaucoup.<\/em>\u00a0\u00bb&nbsp;<\/p>\n\n\n\n<p>Retrouvez <a href=\"https:\/\/lemascaret.fr\/\">Le Mascaret<\/a> le <a href=\"https:\/\/www.altercampagne.net\/?page_id=21008&amp;route=411\">mardi 3 ao\u00fbt<\/a>.<\/p>\n","protected":false},"excerpt":{"rendered":"<p>Philippe et Nadia Hardy ont ouvert il y a 25 ans&nbsp;Le Mascaret, \u00e0 la fois restaurant, h\u00f4tel et spa, \u00e0 Blainville-sur-Mer,&nbsp;\u00e0 800 m\u00e8tres de la c\u00f4te du Cotentin. C\u00f4t\u00e9 restaurant, le chef \u00e9toil\u00e9 dirige une \u00e9quipe de 5 personnes en cuisine et 4 en salle, et travaille avec des&nbsp;producteurs et &#8230; <\/p>\n<div><a href=\"https:\/\/www.altercampagne.net\/?p=22344\" class=\"more-link\">Read More<\/a><\/div>\n","protected":false},"author":316,"featured_media":22346,"comment_status":"closed","ping_status":"closed","sticky":false,"template":"","format":"standard","meta":{"footnotes":""},"categories":[3489,4198,3478,4054],"tags":[],"class_list":["post-22344","post","type-post","status-publish","format-standard","has-post-thumbnail","hentry","category-alimentation","category-edition-2021","category-normandie","category-temoignages"],"yoast_head":"<!-- This site is optimized with the Yoast SEO plugin v27.3 - https:\/\/yoast.com\/product\/yoast-seo-wordpress\/ -->\n<title>Le Mascaret, un \u00e9crin sur les c\u00f4tes de la Manche - AlterTour<\/title>\n<meta name=\"robots\" content=\"index, follow, max-snippet:-1, max-image-preview:large, max-video-preview:-1\" \/>\n<link rel=\"canonical\" href=\"https:\/\/www.altercampagne.net\/?p=22344\" \/>\n<meta property=\"og:locale\" content=\"fr_FR\" \/>\n<meta property=\"og:type\" content=\"article\" \/>\n<meta property=\"og:title\" content=\"Le Mascaret, un \u00e9crin sur les c\u00f4tes de la Manche - AlterTour\" \/>\n<meta property=\"og:description\" content=\"Philippe et Nadia Hardy ont ouvert il y a 25 ans&nbsp;Le Mascaret, \u00e0 la fois restaurant, h\u00f4tel et spa, \u00e0 Blainville-sur-Mer,&nbsp;\u00e0 800 m\u00e8tres de la c\u00f4te du Cotentin. C\u00f4t\u00e9 restaurant, le chef \u00e9toil\u00e9 dirige une \u00e9quipe de 5 personnes en cuisine et 4 en salle, et travaille avec des&nbsp;producteurs et ... Read More\" \/>\n<meta property=\"og:url\" content=\"https:\/\/www.altercampagne.net\/?p=22344\" \/>\n<meta property=\"og:site_name\" content=\"AlterTour\" \/>\n<meta property=\"article:published_time\" content=\"2021-07-07T06:05:00+00:00\" \/>\n<meta property=\"og:image\" content=\"https:\/\/www.altercampagne.net\/wp-content\/uploads\/2021\/06\/le-mascaret.jpg\" \/>\n\t<meta property=\"og:image:width\" content=\"2268\" \/>\n\t<meta property=\"og:image:height\" content=\"1184\" \/>\n\t<meta property=\"og:image:type\" content=\"image\/jpeg\" \/>\n<meta name=\"author\" content=\"Jonas\" \/>\n<meta name=\"twitter:card\" content=\"summary_large_image\" \/>\n<meta name=\"twitter:label1\" content=\"\u00c9crit par\" \/>\n\t<meta name=\"twitter:data1\" content=\"Jonas\" \/>\n\t<meta name=\"twitter:label2\" content=\"Dur\u00e9e de lecture estim\u00e9e\" \/>\n\t<meta name=\"twitter:data2\" content=\"3 minutes\" \/>\n<script type=\"application\/ld+json\" class=\"yoast-schema-graph\">{\"@context\":\"https:\\\/\\\/schema.org\",\"@graph\":[{\"@type\":\"Article\",\"@id\":\"https:\\\/\\\/www.altercampagne.net\\\/?p=22344#article\",\"isPartOf\":{\"@id\":\"https:\\\/\\\/www.altercampagne.net\\\/?p=22344\"},\"author\":{\"name\":\"Jonas\",\"@id\":\"https:\\\/\\\/www.altercampagne.net\\\/#\\\/schema\\\/person\\\/308dc295a67929d58321ff6b59820daa\"},\"headline\":\"Le Mascaret, un \u00e9crin sur les c\u00f4tes de la Manche\",\"datePublished\":\"2021-07-07T06:05:00+00:00\",\"mainEntityOfPage\":{\"@id\":\"https:\\\/\\\/www.altercampagne.net\\\/?p=22344\"},\"wordCount\":547,\"image\":{\"@id\":\"https:\\\/\\\/www.altercampagne.net\\\/?p=22344#primaryimage\"},\"thumbnailUrl\":\"https:\\\/\\\/www.altercampagne.net\\\/wp-content\\\/uploads\\\/2021\\\/06\\\/le-mascaret.jpg\",\"articleSection\":[\"Alimentation\",\"Edition 2021\",\"Normandie\",\"T\u00e9moignages\"],\"inLanguage\":\"fr-FR\"},{\"@type\":\"WebPage\",\"@id\":\"https:\\\/\\\/www.altercampagne.net\\\/?p=22344\",\"url\":\"https:\\\/\\\/www.altercampagne.net\\\/?p=22344\",\"name\":\"Le Mascaret, un \u00e9crin sur les c\u00f4tes de la Manche - AlterTour\",\"isPartOf\":{\"@id\":\"https:\\\/\\\/www.altercampagne.net\\\/#website\"},\"primaryImageOfPage\":{\"@id\":\"https:\\\/\\\/www.altercampagne.net\\\/?p=22344#primaryimage\"},\"image\":{\"@id\":\"https:\\\/\\\/www.altercampagne.net\\\/?p=22344#primaryimage\"},\"thumbnailUrl\":\"https:\\\/\\\/www.altercampagne.net\\\/wp-content\\\/uploads\\\/2021\\\/06\\\/le-mascaret.jpg\",\"datePublished\":\"2021-07-07T06:05:00+00:00\",\"author\":{\"@id\":\"https:\\\/\\\/www.altercampagne.net\\\/#\\\/schema\\\/person\\\/308dc295a67929d58321ff6b59820daa\"},\"breadcrumb\":{\"@id\":\"https:\\\/\\\/www.altercampagne.net\\\/?p=22344#breadcrumb\"},\"inLanguage\":\"fr-FR\",\"potentialAction\":[{\"@type\":\"ReadAction\",\"target\":[\"https:\\\/\\\/www.altercampagne.net\\\/?p=22344\"]}]},{\"@type\":\"ImageObject\",\"inLanguage\":\"fr-FR\",\"@id\":\"https:\\\/\\\/www.altercampagne.net\\\/?p=22344#primaryimage\",\"url\":\"https:\\\/\\\/www.altercampagne.net\\\/wp-content\\\/uploads\\\/2021\\\/06\\\/le-mascaret.jpg\",\"contentUrl\":\"https:\\\/\\\/www.altercampagne.net\\\/wp-content\\\/uploads\\\/2021\\\/06\\\/le-mascaret.jpg\",\"width\":2268,\"height\":1184},{\"@type\":\"BreadcrumbList\",\"@id\":\"https:\\\/\\\/www.altercampagne.net\\\/?p=22344#breadcrumb\",\"itemListElement\":[{\"@type\":\"ListItem\",\"position\":1,\"name\":\"Accueil\",\"item\":\"https:\\\/\\\/www.altercampagne.net\\\/\"},{\"@type\":\"ListItem\",\"position\":2,\"name\":\"Le Mascaret, un \u00e9crin sur les c\u00f4tes de la Manche\"}]},{\"@type\":\"WebSite\",\"@id\":\"https:\\\/\\\/www.altercampagne.net\\\/#website\",\"url\":\"https:\\\/\\\/www.altercampagne.net\\\/\",\"name\":\"AlterTour\",\"description\":\"Reliez les Alternatives \u00e0 v\u00e9lo\",\"potentialAction\":[{\"@type\":\"SearchAction\",\"target\":{\"@type\":\"EntryPoint\",\"urlTemplate\":\"https:\\\/\\\/www.altercampagne.net\\\/?s={search_term_string}\"},\"query-input\":{\"@type\":\"PropertyValueSpecification\",\"valueRequired\":true,\"valueName\":\"search_term_string\"}}],\"inLanguage\":\"fr-FR\"},{\"@type\":\"Person\",\"@id\":\"https:\\\/\\\/www.altercampagne.net\\\/#\\\/schema\\\/person\\\/308dc295a67929d58321ff6b59820daa\",\"name\":\"Jonas\",\"image\":{\"@type\":\"ImageObject\",\"inLanguage\":\"fr-FR\",\"@id\":\"https:\\\/\\\/secure.gravatar.com\\\/avatar\\\/ade7b451791545d463915f445a8aee91b58c48cdcbc1ab2b8583fa2f30e159e4?s=96&d=mm&r=g\",\"url\":\"https:\\\/\\\/secure.gravatar.com\\\/avatar\\\/ade7b451791545d463915f445a8aee91b58c48cdcbc1ab2b8583fa2f30e159e4?s=96&d=mm&r=g\",\"contentUrl\":\"https:\\\/\\\/secure.gravatar.com\\\/avatar\\\/ade7b451791545d463915f445a8aee91b58c48cdcbc1ab2b8583fa2f30e159e4?s=96&d=mm&r=g\",\"caption\":\"Jonas\"},\"url\":\"https:\\\/\\\/www.altercampagne.net\\\/?author=316\"}]}<\/script>\n<!-- \/ Yoast SEO plugin. -->","yoast_head_json":{"title":"Le Mascaret, un \u00e9crin sur les c\u00f4tes de la Manche - AlterTour","robots":{"index":"index","follow":"follow","max-snippet":"max-snippet:-1","max-image-preview":"max-image-preview:large","max-video-preview":"max-video-preview:-1"},"canonical":"https:\/\/www.altercampagne.net\/?p=22344","og_locale":"fr_FR","og_type":"article","og_title":"Le Mascaret, un \u00e9crin sur les c\u00f4tes de la Manche - AlterTour","og_description":"Philippe et Nadia Hardy ont ouvert il y a 25 ans&nbsp;Le Mascaret, \u00e0 la fois restaurant, h\u00f4tel et spa, \u00e0 Blainville-sur-Mer,&nbsp;\u00e0 800 m\u00e8tres de la c\u00f4te du Cotentin. C\u00f4t\u00e9 restaurant, le chef \u00e9toil\u00e9 dirige une \u00e9quipe de 5 personnes en cuisine et 4 en salle, et travaille avec des&nbsp;producteurs et ... Read More","og_url":"https:\/\/www.altercampagne.net\/?p=22344","og_site_name":"AlterTour","article_published_time":"2021-07-07T06:05:00+00:00","og_image":[{"width":2268,"height":1184,"url":"https:\/\/www.altercampagne.net\/wp-content\/uploads\/2021\/06\/le-mascaret.jpg","type":"image\/jpeg"}],"author":"Jonas","twitter_card":"summary_large_image","twitter_misc":{"\u00c9crit par":"Jonas","Dur\u00e9e de lecture estim\u00e9e":"3 minutes"},"schema":{"@context":"https:\/\/schema.org","@graph":[{"@type":"Article","@id":"https:\/\/www.altercampagne.net\/?p=22344#article","isPartOf":{"@id":"https:\/\/www.altercampagne.net\/?p=22344"},"author":{"name":"Jonas","@id":"https:\/\/www.altercampagne.net\/#\/schema\/person\/308dc295a67929d58321ff6b59820daa"},"headline":"Le Mascaret, un \u00e9crin sur les c\u00f4tes de la Manche","datePublished":"2021-07-07T06:05:00+00:00","mainEntityOfPage":{"@id":"https:\/\/www.altercampagne.net\/?p=22344"},"wordCount":547,"image":{"@id":"https:\/\/www.altercampagne.net\/?p=22344#primaryimage"},"thumbnailUrl":"https:\/\/www.altercampagne.net\/wp-content\/uploads\/2021\/06\/le-mascaret.jpg","articleSection":["Alimentation","Edition 2021","Normandie","T\u00e9moignages"],"inLanguage":"fr-FR"},{"@type":"WebPage","@id":"https:\/\/www.altercampagne.net\/?p=22344","url":"https:\/\/www.altercampagne.net\/?p=22344","name":"Le Mascaret, un \u00e9crin sur les c\u00f4tes de la Manche - AlterTour","isPartOf":{"@id":"https:\/\/www.altercampagne.net\/#website"},"primaryImageOfPage":{"@id":"https:\/\/www.altercampagne.net\/?p=22344#primaryimage"},"image":{"@id":"https:\/\/www.altercampagne.net\/?p=22344#primaryimage"},"thumbnailUrl":"https:\/\/www.altercampagne.net\/wp-content\/uploads\/2021\/06\/le-mascaret.jpg","datePublished":"2021-07-07T06:05:00+00:00","author":{"@id":"https:\/\/www.altercampagne.net\/#\/schema\/person\/308dc295a67929d58321ff6b59820daa"},"breadcrumb":{"@id":"https:\/\/www.altercampagne.net\/?p=22344#breadcrumb"},"inLanguage":"fr-FR","potentialAction":[{"@type":"ReadAction","target":["https:\/\/www.altercampagne.net\/?p=22344"]}]},{"@type":"ImageObject","inLanguage":"fr-FR","@id":"https:\/\/www.altercampagne.net\/?p=22344#primaryimage","url":"https:\/\/www.altercampagne.net\/wp-content\/uploads\/2021\/06\/le-mascaret.jpg","contentUrl":"https:\/\/www.altercampagne.net\/wp-content\/uploads\/2021\/06\/le-mascaret.jpg","width":2268,"height":1184},{"@type":"BreadcrumbList","@id":"https:\/\/www.altercampagne.net\/?p=22344#breadcrumb","itemListElement":[{"@type":"ListItem","position":1,"name":"Accueil","item":"https:\/\/www.altercampagne.net\/"},{"@type":"ListItem","position":2,"name":"Le Mascaret, un \u00e9crin sur les c\u00f4tes de la Manche"}]},{"@type":"WebSite","@id":"https:\/\/www.altercampagne.net\/#website","url":"https:\/\/www.altercampagne.net\/","name":"AlterTour","description":"Reliez les Alternatives \u00e0 v\u00e9lo","potentialAction":[{"@type":"SearchAction","target":{"@type":"EntryPoint","urlTemplate":"https:\/\/www.altercampagne.net\/?s={search_term_string}"},"query-input":{"@type":"PropertyValueSpecification","valueRequired":true,"valueName":"search_term_string"}}],"inLanguage":"fr-FR"},{"@type":"Person","@id":"https:\/\/www.altercampagne.net\/#\/schema\/person\/308dc295a67929d58321ff6b59820daa","name":"Jonas","image":{"@type":"ImageObject","inLanguage":"fr-FR","@id":"https:\/\/secure.gravatar.com\/avatar\/ade7b451791545d463915f445a8aee91b58c48cdcbc1ab2b8583fa2f30e159e4?s=96&d=mm&r=g","url":"https:\/\/secure.gravatar.com\/avatar\/ade7b451791545d463915f445a8aee91b58c48cdcbc1ab2b8583fa2f30e159e4?s=96&d=mm&r=g","contentUrl":"https:\/\/secure.gravatar.com\/avatar\/ade7b451791545d463915f445a8aee91b58c48cdcbc1ab2b8583fa2f30e159e4?s=96&d=mm&r=g","caption":"Jonas"},"url":"https:\/\/www.altercampagne.net\/?author=316"}]}},"_links":{"self":[{"href":"https:\/\/www.altercampagne.net\/index.php?rest_route=\/wp\/v2\/posts\/22344","targetHints":{"allow":["GET"]}}],"collection":[{"href":"https:\/\/www.altercampagne.net\/index.php?rest_route=\/wp\/v2\/posts"}],"about":[{"href":"https:\/\/www.altercampagne.net\/index.php?rest_route=\/wp\/v2\/types\/post"}],"author":[{"embeddable":true,"href":"https:\/\/www.altercampagne.net\/index.php?rest_route=\/wp\/v2\/users\/316"}],"replies":[{"embeddable":true,"href":"https:\/\/www.altercampagne.net\/index.php?rest_route=%2Fwp%2Fv2%2Fcomments&post=22344"}],"version-history":[{"count":4,"href":"https:\/\/www.altercampagne.net\/index.php?rest_route=\/wp\/v2\/posts\/22344\/revisions"}],"predecessor-version":[{"id":22449,"href":"https:\/\/www.altercampagne.net\/index.php?rest_route=\/wp\/v2\/posts\/22344\/revisions\/22449"}],"wp:featuredmedia":[{"embeddable":true,"href":"https:\/\/www.altercampagne.net\/index.php?rest_route=\/wp\/v2\/media\/22346"}],"wp:attachment":[{"href":"https:\/\/www.altercampagne.net\/index.php?rest_route=%2Fwp%2Fv2%2Fmedia&parent=22344"}],"wp:term":[{"taxonomy":"category","embeddable":true,"href":"https:\/\/www.altercampagne.net\/index.php?rest_route=%2Fwp%2Fv2%2Fcategories&post=22344"},{"taxonomy":"post_tag","embeddable":true,"href":"https:\/\/www.altercampagne.net\/index.php?rest_route=%2Fwp%2Fv2%2Ftags&post=22344"}],"curies":[{"name":"wp","href":"https:\/\/api.w.org\/{rel}","templated":true}]}}