{"id":22350,"date":"2021-06-16T16:25:00","date_gmt":"2021-06-16T14:25:00","guid":{"rendered":"https:\/\/www.altercampagne.net\/?p=22350"},"modified":"2021-06-16T13:09:17","modified_gmt":"2021-06-16T11:09:17","slug":"en-scene-avignon-grenoble-a-bicyclette-a-la-decouverte-du-spectacle-vivant","status":"publish","type":"post","link":"https:\/\/www.altercampagne.net\/?p=22350","title":{"rendered":"En sc\u00e8ne ! Avignon-Grenoble \u00e0 bicyclette, \u00e0 la d\u00e9couverte du spectacle vivant"},"content":{"rendered":"\n<h4 class=\"wp-block-heading\">Martin, un altercycliste, lance cette ann\u00e9e un nouveau concept voyage \u00e0 v\u00e9lo. <br>\u00c0 la rencontre du spectacle vivant, c&rsquo;est un tour de 14 jours qui se tiendra en juillet. <br>C&rsquo;est parti pour une pr\u00e9sentation du projet !<\/h4>\n\n\n\n<figure class=\"wp-block-image size-large\"><a href=\"https:\/\/www.altercampagne.net\/wp-content\/uploads\/2021\/06\/Les-membres-du-CS.jpg\"><img loading=\"lazy\" decoding=\"async\" width=\"961\" height=\"641\" src=\"https:\/\/www.altercampagne.net\/wp-content\/uploads\/2021\/06\/Les-membres-du-CS.jpg\" alt=\"\" class=\"wp-image-22353\" srcset=\"https:\/\/www.altercampagne.net\/wp-content\/uploads\/2021\/06\/Les-membres-du-CS.jpg 961w, https:\/\/www.altercampagne.net\/wp-content\/uploads\/2021\/06\/Les-membres-du-CS-300x200.jpg 300w, https:\/\/www.altercampagne.net\/wp-content\/uploads\/2021\/06\/Les-membres-du-CS-768x512.jpg 768w, https:\/\/www.altercampagne.net\/wp-content\/uploads\/2021\/06\/Les-membres-du-CS-610x407.jpg 610w, https:\/\/www.altercampagne.net\/wp-content\/uploads\/2021\/06\/Les-membres-du-CS-100x67.jpg 100w, https:\/\/www.altercampagne.net\/wp-content\/uploads\/2021\/06\/Les-membres-du-CS-862x575.jpg 862w\" sizes=\"auto, (max-width: 961px) 100vw, 961px\" \/><\/a><\/figure>\n\n\n\n<p>Du 10 au 23 juillet, le s\u00e9jour \u201c<strong><a href=\"https:\/\/univoyage.co\/inscriptions\/sejours\/en-scene\/\">En Sc\u00e8ne ! Avignon-Grenoble \u00e0 bicyclette \u00e0 la d\u00e9couverte du spectacle vivant<\/a><\/strong>\u201d nous emm\u00e8ne \u00e0 travers des&nbsp;<strong>lieux artistiques<\/strong>&nbsp;du Vaucluse, de la Dr\u00f4me et de l\u2019Is\u00e8re, pour d\u00e9couvrir diff\u00e9rentes facettes du monde du spectacle.<\/p>\n\n\n\n<p>L&rsquo;objectif ? Rencontrer des&nbsp;<strong>compagnies professionnelles<\/strong>&nbsp;et participer \u00e0 des&nbsp;<strong>ateliers de r\u00e9flexion et d\u2019initiation<\/strong>&nbsp;autour de leurs pratiques :<\/p>\n\n\n\n<ul class=\"wp-block-list\" id=\"m_3876389940447616672block-d3567ee6-1155-4f7a-9bd8-0d6024342761\"><li><strong>Th\u00e9\u00e2tre&nbsp;<\/strong>\u2013 au Festival d\u2019Avignon<\/li><li><strong>Marionnettes&nbsp;<\/strong>\u2013 avec la compagnie Samildanach dans le pays de Dieulefit<\/li><li><strong>Arts de rue<\/strong>&nbsp;\u2013 avec la compagnie Transe Expresse + visite de la Gare \u00e0 Coulisses<\/li><li><strong>Cirque&nbsp;<\/strong>\u2013 avec l\u2019\u00e9cole D\u2019marche \u00e0 Eurre<\/li><li><strong>Chant choral&nbsp;<\/strong>\u2013 avec Martin Vericel<\/li><li><strong>Danse-forum<\/strong>&nbsp;\u2013 avec la troupe du Royans<\/li><\/ul>\n\n\n\n<p>Si l&rsquo;aventure te tente, inscris-toi sans plus d&rsquo;attente, on s&rsquo;occupe de pr\u00e9voir la tente !<\/p>\n\n\n\n<figure class=\"wp-block-image size-large\"><a href=\"https:\/\/www.altercampagne.net\/wp-content\/uploads\/2021\/06\/Extrait-CP2.jpg\"><img loading=\"lazy\" decoding=\"async\" width=\"1024\" height=\"548\" src=\"https:\/\/www.altercampagne.net\/wp-content\/uploads\/2021\/06\/Extrait-CP2-1024x548.jpg\" alt=\"\" class=\"wp-image-22352\" srcset=\"https:\/\/www.altercampagne.net\/wp-content\/uploads\/2021\/06\/Extrait-CP2-1024x548.jpg 1024w, https:\/\/www.altercampagne.net\/wp-content\/uploads\/2021\/06\/Extrait-CP2-300x160.jpg 300w, https:\/\/www.altercampagne.net\/wp-content\/uploads\/2021\/06\/Extrait-CP2-768x411.jpg 768w, https:\/\/www.altercampagne.net\/wp-content\/uploads\/2021\/06\/Extrait-CP2-610x326.jpg 610w, https:\/\/www.altercampagne.net\/wp-content\/uploads\/2021\/06\/Extrait-CP2-100x53.jpg 100w, https:\/\/www.altercampagne.net\/wp-content\/uploads\/2021\/06\/Extrait-CP2-862x461.jpg 862w, https:\/\/www.altercampagne.net\/wp-content\/uploads\/2021\/06\/Extrait-CP2-1140x610.jpg 1140w, https:\/\/www.altercampagne.net\/wp-content\/uploads\/2021\/06\/Extrait-CP2.jpg 1152w\" sizes=\"auto, (max-width: 1024px) 100vw, 1024px\" \/><\/a><\/figure>\n\n\n\n<p><a rel=\"noreferrer noopener\" href=\"https:\/\/univoyage.co\/inscriptions\/sejours\/en-scene\/\" target=\"_blank\">INSCRIPTION AU S\u00c9JOUR<\/a><\/p>\n\n\n\n<p><strong>Le prix de 840\u20ac&nbsp;inclut tout le n\u00e9cessaire<\/strong>&nbsp;au bon d\u00e9roulement de l&rsquo;activit\u00e9!<br><em>Campement, restauration, outils et consommables v\u00e9lo, places de spectacle, ateliers d&rsquo;initiation et visites de lieux&#8230;<\/em><br>Tu dois simplement ramener ton v\u00e9lo, ton sac de couchage, quelques v\u00eatements et ta brosse \u00e0 dents \ud83d\ude09<\/p>\n\n\n\n<p>Des questions ?<br><a href=\"mailto:contact@univoyage.co\" rel=\"noreferrer noopener\" target=\"_blank\">contact@univoyage.co<\/a><br>Dorian : 06 23 26 54 35<br>Martin : 06 41 29 58 46<\/p>\n","protected":false},"excerpt":{"rendered":"<p>Martin, un altercycliste, lance cette ann\u00e9e un nouveau concept voyage \u00e0 v\u00e9lo. \u00c0 la rencontre du spectacle vivant, c&rsquo;est un tour de 14 jours qui se tiendra en juillet. C&rsquo;est parti pour une pr\u00e9sentation du projet ! Du 10 au 23 juillet, le s\u00e9jour \u201cEn Sc\u00e8ne ! Avignon-Grenoble \u00e0 bicyclette &#8230; <\/p>\n<div><a href=\"https:\/\/www.altercampagne.net\/?p=22350\" class=\"more-link\">Read More<\/a><\/div>\n","protected":false},"author":316,"featured_media":22356,"comment_status":"closed","ping_status":"closed","sticky":false,"template":"","format":"standard","meta":{"footnotes":""},"categories":[3471,1,4054],"tags":[],"class_list":["post-22350","post","type-post","status-publish","format-standard","has-post-thumbnail","hentry","category-auvergne-rhone-alpes","category-non-classe","category-temoignages"],"yoast_head":"<!-- This site is optimized with the Yoast SEO plugin v27.3 - https:\/\/yoast.com\/product\/yoast-seo-wordpress\/ -->\n<title>En sc\u00e8ne ! Avignon-Grenoble \u00e0 bicyclette, \u00e0 la d\u00e9couverte du spectacle vivant - AlterTour<\/title>\n<meta name=\"robots\" content=\"index, follow, max-snippet:-1, max-image-preview:large, max-video-preview:-1\" \/>\n<link rel=\"canonical\" href=\"https:\/\/www.altercampagne.net\/?p=22350\" \/>\n<meta property=\"og:locale\" content=\"fr_FR\" \/>\n<meta property=\"og:type\" content=\"article\" \/>\n<meta property=\"og:title\" content=\"En sc\u00e8ne ! Avignon-Grenoble \u00e0 bicyclette, \u00e0 la d\u00e9couverte du spectacle vivant - AlterTour\" \/>\n<meta property=\"og:description\" content=\"Martin, un altercycliste, lance cette ann\u00e9e un nouveau concept voyage \u00e0 v\u00e9lo. \u00c0 la rencontre du spectacle vivant, c&rsquo;est un tour de 14 jours qui se tiendra en juillet. C&rsquo;est parti pour une pr\u00e9sentation du projet ! Du 10 au 23 juillet, le s\u00e9jour \u201cEn Sc\u00e8ne ! Avignon-Grenoble \u00e0 bicyclette ... Read More\" \/>\n<meta property=\"og:url\" content=\"https:\/\/www.altercampagne.net\/?p=22350\" \/>\n<meta property=\"og:site_name\" content=\"AlterTour\" \/>\n<meta property=\"article:published_time\" content=\"2021-06-16T14:25:00+00:00\" \/>\n<meta property=\"og:image\" content=\"https:\/\/www.altercampagne.net\/wp-content\/uploads\/2021\/06\/en-scene.jpg\" \/>\n\t<meta property=\"og:image:width\" content=\"2268\" \/>\n\t<meta property=\"og:image:height\" content=\"1184\" \/>\n\t<meta property=\"og:image:type\" content=\"image\/jpeg\" \/>\n<meta name=\"author\" content=\"Jonas\" \/>\n<meta name=\"twitter:card\" content=\"summary_large_image\" \/>\n<meta name=\"twitter:label1\" content=\"\u00c9crit par\" \/>\n\t<meta name=\"twitter:data1\" content=\"Jonas\" \/>\n\t<meta name=\"twitter:label2\" content=\"Dur\u00e9e de lecture estim\u00e9e\" \/>\n\t<meta name=\"twitter:data2\" content=\"2 minutes\" \/>\n<script type=\"application\/ld+json\" class=\"yoast-schema-graph\">{\"@context\":\"https:\\\/\\\/schema.org\",\"@graph\":[{\"@type\":\"Article\",\"@id\":\"https:\\\/\\\/www.altercampagne.net\\\/?p=22350#article\",\"isPartOf\":{\"@id\":\"https:\\\/\\\/www.altercampagne.net\\\/?p=22350\"},\"author\":{\"name\":\"Jonas\",\"@id\":\"https:\\\/\\\/www.altercampagne.net\\\/#\\\/schema\\\/person\\\/308dc295a67929d58321ff6b59820daa\"},\"headline\":\"En sc\u00e8ne ! Avignon-Grenoble \u00e0 bicyclette, \u00e0 la d\u00e9couverte du spectacle vivant\",\"datePublished\":\"2021-06-16T14:25:00+00:00\",\"mainEntityOfPage\":{\"@id\":\"https:\\\/\\\/www.altercampagne.net\\\/?p=22350\"},\"wordCount\":254,\"image\":{\"@id\":\"https:\\\/\\\/www.altercampagne.net\\\/?p=22350#primaryimage\"},\"thumbnailUrl\":\"https:\\\/\\\/www.altercampagne.net\\\/wp-content\\\/uploads\\\/2021\\\/06\\\/en-scene.jpg\",\"articleSection\":{\"0\":\"Auvergne-Rh\u00f4ne-Alpes\",\"2\":\"T\u00e9moignages\"},\"inLanguage\":\"fr-FR\"},{\"@type\":\"WebPage\",\"@id\":\"https:\\\/\\\/www.altercampagne.net\\\/?p=22350\",\"url\":\"https:\\\/\\\/www.altercampagne.net\\\/?p=22350\",\"name\":\"En sc\u00e8ne ! Avignon-Grenoble \u00e0 bicyclette, \u00e0 la d\u00e9couverte du spectacle vivant - AlterTour\",\"isPartOf\":{\"@id\":\"https:\\\/\\\/www.altercampagne.net\\\/#website\"},\"primaryImageOfPage\":{\"@id\":\"https:\\\/\\\/www.altercampagne.net\\\/?p=22350#primaryimage\"},\"image\":{\"@id\":\"https:\\\/\\\/www.altercampagne.net\\\/?p=22350#primaryimage\"},\"thumbnailUrl\":\"https:\\\/\\\/www.altercampagne.net\\\/wp-content\\\/uploads\\\/2021\\\/06\\\/en-scene.jpg\",\"datePublished\":\"2021-06-16T14:25:00+00:00\",\"author\":{\"@id\":\"https:\\\/\\\/www.altercampagne.net\\\/#\\\/schema\\\/person\\\/308dc295a67929d58321ff6b59820daa\"},\"breadcrumb\":{\"@id\":\"https:\\\/\\\/www.altercampagne.net\\\/?p=22350#breadcrumb\"},\"inLanguage\":\"fr-FR\",\"potentialAction\":[{\"@type\":\"ReadAction\",\"target\":[\"https:\\\/\\\/www.altercampagne.net\\\/?p=22350\"]}]},{\"@type\":\"ImageObject\",\"inLanguage\":\"fr-FR\",\"@id\":\"https:\\\/\\\/www.altercampagne.net\\\/?p=22350#primaryimage\",\"url\":\"https:\\\/\\\/www.altercampagne.net\\\/wp-content\\\/uploads\\\/2021\\\/06\\\/en-scene.jpg\",\"contentUrl\":\"https:\\\/\\\/www.altercampagne.net\\\/wp-content\\\/uploads\\\/2021\\\/06\\\/en-scene.jpg\",\"width\":2268,\"height\":1184},{\"@type\":\"BreadcrumbList\",\"@id\":\"https:\\\/\\\/www.altercampagne.net\\\/?p=22350#breadcrumb\",\"itemListElement\":[{\"@type\":\"ListItem\",\"position\":1,\"name\":\"Accueil\",\"item\":\"https:\\\/\\\/www.altercampagne.net\\\/\"},{\"@type\":\"ListItem\",\"position\":2,\"name\":\"En sc\u00e8ne ! Avignon-Grenoble \u00e0 bicyclette, \u00e0 la d\u00e9couverte du spectacle vivant\"}]},{\"@type\":\"WebSite\",\"@id\":\"https:\\\/\\\/www.altercampagne.net\\\/#website\",\"url\":\"https:\\\/\\\/www.altercampagne.net\\\/\",\"name\":\"AlterTour\",\"description\":\"Reliez les Alternatives \u00e0 v\u00e9lo\",\"potentialAction\":[{\"@type\":\"SearchAction\",\"target\":{\"@type\":\"EntryPoint\",\"urlTemplate\":\"https:\\\/\\\/www.altercampagne.net\\\/?s={search_term_string}\"},\"query-input\":{\"@type\":\"PropertyValueSpecification\",\"valueRequired\":true,\"valueName\":\"search_term_string\"}}],\"inLanguage\":\"fr-FR\"},{\"@type\":\"Person\",\"@id\":\"https:\\\/\\\/www.altercampagne.net\\\/#\\\/schema\\\/person\\\/308dc295a67929d58321ff6b59820daa\",\"name\":\"Jonas\",\"image\":{\"@type\":\"ImageObject\",\"inLanguage\":\"fr-FR\",\"@id\":\"https:\\\/\\\/secure.gravatar.com\\\/avatar\\\/ade7b451791545d463915f445a8aee91b58c48cdcbc1ab2b8583fa2f30e159e4?s=96&d=mm&r=g\",\"url\":\"https:\\\/\\\/secure.gravatar.com\\\/avatar\\\/ade7b451791545d463915f445a8aee91b58c48cdcbc1ab2b8583fa2f30e159e4?s=96&d=mm&r=g\",\"contentUrl\":\"https:\\\/\\\/secure.gravatar.com\\\/avatar\\\/ade7b451791545d463915f445a8aee91b58c48cdcbc1ab2b8583fa2f30e159e4?s=96&d=mm&r=g\",\"caption\":\"Jonas\"},\"url\":\"https:\\\/\\\/www.altercampagne.net\\\/?author=316\"}]}<\/script>\n<!-- \/ Yoast SEO plugin. -->","yoast_head_json":{"title":"En sc\u00e8ne ! Avignon-Grenoble \u00e0 bicyclette, \u00e0 la d\u00e9couverte du spectacle vivant - AlterTour","robots":{"index":"index","follow":"follow","max-snippet":"max-snippet:-1","max-image-preview":"max-image-preview:large","max-video-preview":"max-video-preview:-1"},"canonical":"https:\/\/www.altercampagne.net\/?p=22350","og_locale":"fr_FR","og_type":"article","og_title":"En sc\u00e8ne ! Avignon-Grenoble \u00e0 bicyclette, \u00e0 la d\u00e9couverte du spectacle vivant - AlterTour","og_description":"Martin, un altercycliste, lance cette ann\u00e9e un nouveau concept voyage \u00e0 v\u00e9lo. \u00c0 la rencontre du spectacle vivant, c&rsquo;est un tour de 14 jours qui se tiendra en juillet. C&rsquo;est parti pour une pr\u00e9sentation du projet ! Du 10 au 23 juillet, le s\u00e9jour \u201cEn Sc\u00e8ne ! Avignon-Grenoble \u00e0 bicyclette ... Read More","og_url":"https:\/\/www.altercampagne.net\/?p=22350","og_site_name":"AlterTour","article_published_time":"2021-06-16T14:25:00+00:00","og_image":[{"width":2268,"height":1184,"url":"https:\/\/www.altercampagne.net\/wp-content\/uploads\/2021\/06\/en-scene.jpg","type":"image\/jpeg"}],"author":"Jonas","twitter_card":"summary_large_image","twitter_misc":{"\u00c9crit par":"Jonas","Dur\u00e9e de lecture estim\u00e9e":"2 minutes"},"schema":{"@context":"https:\/\/schema.org","@graph":[{"@type":"Article","@id":"https:\/\/www.altercampagne.net\/?p=22350#article","isPartOf":{"@id":"https:\/\/www.altercampagne.net\/?p=22350"},"author":{"name":"Jonas","@id":"https:\/\/www.altercampagne.net\/#\/schema\/person\/308dc295a67929d58321ff6b59820daa"},"headline":"En sc\u00e8ne ! Avignon-Grenoble \u00e0 bicyclette, \u00e0 la d\u00e9couverte du spectacle vivant","datePublished":"2021-06-16T14:25:00+00:00","mainEntityOfPage":{"@id":"https:\/\/www.altercampagne.net\/?p=22350"},"wordCount":254,"image":{"@id":"https:\/\/www.altercampagne.net\/?p=22350#primaryimage"},"thumbnailUrl":"https:\/\/www.altercampagne.net\/wp-content\/uploads\/2021\/06\/en-scene.jpg","articleSection":{"0":"Auvergne-Rh\u00f4ne-Alpes","2":"T\u00e9moignages"},"inLanguage":"fr-FR"},{"@type":"WebPage","@id":"https:\/\/www.altercampagne.net\/?p=22350","url":"https:\/\/www.altercampagne.net\/?p=22350","name":"En sc\u00e8ne ! Avignon-Grenoble \u00e0 bicyclette, \u00e0 la d\u00e9couverte du spectacle vivant - AlterTour","isPartOf":{"@id":"https:\/\/www.altercampagne.net\/#website"},"primaryImageOfPage":{"@id":"https:\/\/www.altercampagne.net\/?p=22350#primaryimage"},"image":{"@id":"https:\/\/www.altercampagne.net\/?p=22350#primaryimage"},"thumbnailUrl":"https:\/\/www.altercampagne.net\/wp-content\/uploads\/2021\/06\/en-scene.jpg","datePublished":"2021-06-16T14:25:00+00:00","author":{"@id":"https:\/\/www.altercampagne.net\/#\/schema\/person\/308dc295a67929d58321ff6b59820daa"},"breadcrumb":{"@id":"https:\/\/www.altercampagne.net\/?p=22350#breadcrumb"},"inLanguage":"fr-FR","potentialAction":[{"@type":"ReadAction","target":["https:\/\/www.altercampagne.net\/?p=22350"]}]},{"@type":"ImageObject","inLanguage":"fr-FR","@id":"https:\/\/www.altercampagne.net\/?p=22350#primaryimage","url":"https:\/\/www.altercampagne.net\/wp-content\/uploads\/2021\/06\/en-scene.jpg","contentUrl":"https:\/\/www.altercampagne.net\/wp-content\/uploads\/2021\/06\/en-scene.jpg","width":2268,"height":1184},{"@type":"BreadcrumbList","@id":"https:\/\/www.altercampagne.net\/?p=22350#breadcrumb","itemListElement":[{"@type":"ListItem","position":1,"name":"Accueil","item":"https:\/\/www.altercampagne.net\/"},{"@type":"ListItem","position":2,"name":"En sc\u00e8ne ! Avignon-Grenoble \u00e0 bicyclette, \u00e0 la d\u00e9couverte du spectacle vivant"}]},{"@type":"WebSite","@id":"https:\/\/www.altercampagne.net\/#website","url":"https:\/\/www.altercampagne.net\/","name":"AlterTour","description":"Reliez les Alternatives \u00e0 v\u00e9lo","potentialAction":[{"@type":"SearchAction","target":{"@type":"EntryPoint","urlTemplate":"https:\/\/www.altercampagne.net\/?s={search_term_string}"},"query-input":{"@type":"PropertyValueSpecification","valueRequired":true,"valueName":"search_term_string"}}],"inLanguage":"fr-FR"},{"@type":"Person","@id":"https:\/\/www.altercampagne.net\/#\/schema\/person\/308dc295a67929d58321ff6b59820daa","name":"Jonas","image":{"@type":"ImageObject","inLanguage":"fr-FR","@id":"https:\/\/secure.gravatar.com\/avatar\/ade7b451791545d463915f445a8aee91b58c48cdcbc1ab2b8583fa2f30e159e4?s=96&d=mm&r=g","url":"https:\/\/secure.gravatar.com\/avatar\/ade7b451791545d463915f445a8aee91b58c48cdcbc1ab2b8583fa2f30e159e4?s=96&d=mm&r=g","contentUrl":"https:\/\/secure.gravatar.com\/avatar\/ade7b451791545d463915f445a8aee91b58c48cdcbc1ab2b8583fa2f30e159e4?s=96&d=mm&r=g","caption":"Jonas"},"url":"https:\/\/www.altercampagne.net\/?author=316"}]}},"_links":{"self":[{"href":"https:\/\/www.altercampagne.net\/index.php?rest_route=\/wp\/v2\/posts\/22350","targetHints":{"allow":["GET"]}}],"collection":[{"href":"https:\/\/www.altercampagne.net\/index.php?rest_route=\/wp\/v2\/posts"}],"about":[{"href":"https:\/\/www.altercampagne.net\/index.php?rest_route=\/wp\/v2\/types\/post"}],"author":[{"embeddable":true,"href":"https:\/\/www.altercampagne.net\/index.php?rest_route=\/wp\/v2\/users\/316"}],"replies":[{"embeddable":true,"href":"https:\/\/www.altercampagne.net\/index.php?rest_route=%2Fwp%2Fv2%2Fcomments&post=22350"}],"version-history":[{"count":4,"href":"https:\/\/www.altercampagne.net\/index.php?rest_route=\/wp\/v2\/posts\/22350\/revisions"}],"predecessor-version":[{"id":22357,"href":"https:\/\/www.altercampagne.net\/index.php?rest_route=\/wp\/v2\/posts\/22350\/revisions\/22357"}],"wp:featuredmedia":[{"embeddable":true,"href":"https:\/\/www.altercampagne.net\/index.php?rest_route=\/wp\/v2\/media\/22356"}],"wp:attachment":[{"href":"https:\/\/www.altercampagne.net\/index.php?rest_route=%2Fwp%2Fv2%2Fmedia&parent=22350"}],"wp:term":[{"taxonomy":"category","embeddable":true,"href":"https:\/\/www.altercampagne.net\/index.php?rest_route=%2Fwp%2Fv2%2Fcategories&post=22350"},{"taxonomy":"post_tag","embeddable":true,"href":"https:\/\/www.altercampagne.net\/index.php?rest_route=%2Fwp%2Fv2%2Ftags&post=22350"}],"curies":[{"name":"wp","href":"https:\/\/api.w.org\/{rel}","templated":true}]}}