{"id":22404,"date":"2021-07-08T07:44:00","date_gmt":"2021-07-08T05:44:00","guid":{"rendered":"https:\/\/www.altercampagne.net\/?p=22404"},"modified":"2021-07-06T09:09:47","modified_gmt":"2021-07-06T07:09:47","slug":"le-val-des-possibles","status":"publish","type":"post","link":"https:\/\/www.altercampagne.net\/?p=22404","title":{"rendered":"Le val des possibles"},"content":{"rendered":"\n<p>Blandine et C\u00e9line ont toutes deux fait les Beaux-Arts, mais ont suivi des chemins diff\u00e9rents, riches en rencontres et d\u00e9couvertes. C\u2019est en pays d\u2019Auge qu\u2019elles se retrouvent et s\u2019ancrent dans un projet commun, <a href=\"https:\/\/www.doc-cd.net\/levaldespossibles\/\">le val des possibles<\/a>. De leurs envies, entre autres d\u2019autonomie alimentaire, est n\u00e9 un jardin comestible en permaculture. Il repr\u00e9sente pour elles <strong>une hygi\u00e8ne de vie, un projet politique et une forme de contestation.<\/strong> Elles souhaitent que le val des possibles soit non seulement une structure vivri\u00e8re mais aussi une structure symbolique.&nbsp;<\/p>\n\n\n\n<h4 class=\"wp-block-heading\">Un jardin pour se projeter<\/h4>\n\n\n\n<p>Au bout de huit mois d\u2019existence, elles peuvent mesurer le temps qui passe \u00e0 l\u2019\u00e9closion des fleurs et \u00e0 la pousse de leurs l\u00e9gumes. <strong>Leurs envies prennent forme, de l\u2019ampleur, et d\u00e9voilent tout leur potentiel.<\/strong> Elles d\u00e9couvrent la n\u00e9cessit\u00e9 de structurer mais aussi de se projeter, et imaginent le d\u00e9veloppement du projet. Ces deux artistes ont d\u00e9couvert que ce jardin n\u00e9 de leurs envies et de leurs mains va au-del\u00e0 d\u2019une \u0153uvre commune.&nbsp;&nbsp;<\/p>\n\n\n\n<figure class=\"wp-block-image size-large\"><a href=\"https:\/\/www.altercampagne.net\/wp-content\/uploads\/2021\/06\/le-val-des-possibles.jpg\"><img loading=\"lazy\" decoding=\"async\" width=\"1024\" height=\"683\" src=\"https:\/\/www.altercampagne.net\/wp-content\/uploads\/2021\/06\/le-val-des-possibles-1024x683.jpg\" alt=\"\" class=\"wp-image-22406\" srcset=\"https:\/\/www.altercampagne.net\/wp-content\/uploads\/2021\/06\/le-val-des-possibles-1024x683.jpg 1024w, https:\/\/www.altercampagne.net\/wp-content\/uploads\/2021\/06\/le-val-des-possibles-300x200.jpg 300w, https:\/\/www.altercampagne.net\/wp-content\/uploads\/2021\/06\/le-val-des-possibles-768x512.jpg 768w, https:\/\/www.altercampagne.net\/wp-content\/uploads\/2021\/06\/le-val-des-possibles-610x407.jpg 610w, https:\/\/www.altercampagne.net\/wp-content\/uploads\/2021\/06\/le-val-des-possibles-100x67.jpg 100w, https:\/\/www.altercampagne.net\/wp-content\/uploads\/2021\/06\/le-val-des-possibles-862x575.jpg 862w, https:\/\/www.altercampagne.net\/wp-content\/uploads\/2021\/06\/le-val-des-possibles-1140x760.jpg 1140w, https:\/\/www.altercampagne.net\/wp-content\/uploads\/2021\/06\/le-val-des-possibles.jpg 1200w\" sizes=\"auto, (max-width: 1024px) 100vw, 1024px\" \/><\/a><figcaption>Avancement du jardin, novembre 2020 \u00a9 Le Val des possibles<\/figcaption><\/figure>\n\n\n\n<h4 class=\"wp-block-heading\">La recherche de l&rsquo;essentiel<\/h4>\n\n\n\n<p>Pour Blandine, c&rsquo;est \u00ab\u00a0<em>la recherche de l\u2019essentiel&nbsp;qui m\u2019a men\u00e9e sur la route. Entre 2015 et 2020, j\u2019ai parcouru le monde en p\u00e9dicycle, une trottinette sportive. Ce furent 60 000 kilom\u00e8tres d\u2019itin\u00e9rance solitaire qui m\u2019ont men\u00e9e de la France \u00e0 l\u2019Australie. Comme je portais tout, <strong>il \u00e9tait indispensable de savoir ce dont j\u2019avais r\u00e9ellement besoin.<\/strong> D\u00e9couvrir ce qui est essentiel est un apprentissage constant et une pratique du terrain. Cela d\u00e9pend de sa personnalit\u00e9 mais aussi du contexte. Certaines choses se sont av\u00e9r\u00e9es n\u00e9cessaires \u00e0 certains moments puis inutiles. Chaque objet m\u00e9rite d\u2019\u00eatre observ\u00e9, interrog\u00e9, tout comme les raisons qui nous poussent \u00e0 le penser utile. L\u2019essentiel est un rapport aux autres et une connaissance de soi-m\u00eame, pour atteindre une harmonie.<strong> Afin d\u2019arriver \u00e0 l\u2019essentiel, il faut d\u00e9construire la peur. <\/strong>Celle-ci est instrumentalis\u00e9e par le syst\u00e8me dans lequel nous \u00e9voluons. Elle est importante, mais il faut la comprendre et la d\u00e9passer pour acc\u00e9der \u00e0 l\u2019essentiel(le), une vie bonne. <\/em>\u00bb<\/p>\n\n\n\n<p>L\u2019AlterTour sera de passage&nbsp;<a href=\"https:\/\/www.altercampagne.net\/?page_id=21008&amp;route=399\">le 22 juillet<\/a>&nbsp;pour d\u00e9couvrir <a href=\"https:\/\/www.doc-cd.net\/levaldespossibles\/\">le val des possibles<\/a>.<\/p>\n","protected":false},"excerpt":{"rendered":"<p>L\u2019association \u00able val des possibles\u00bb, cr\u00e9\u00e9e en juin 2020 par C\u00e9line Duval et Blandine Barth\u00e9lemy, accompagne la mise en place d\u2019un jardin comestible en permaculture, ainsi que le partage d\u2019une exp\u00e9rience humaine \u00e0 la mesure du vivant.<\/p>\n<p>Leur jardin potager est cultiv\u00e9 dans le Pays d\u2019Auge, en Normandie.<\/p>\n","protected":false},"author":316,"featured_media":22405,"comment_status":"closed","ping_status":"closed","sticky":false,"template":"","format":"standard","meta":{"footnotes":""},"categories":[3483,4313,4198,3938,3486,3478,3541,3488,4054],"tags":[],"class_list":["post-22404","post","type-post","status-publish","format-standard","has-post-thumbnail","hentry","category-agriculture","category-altertour","category-edition-2021","category-education","category-environnement","category-normandie","category-partenaires","category-social","category-temoignages"],"yoast_head":"<!-- This site is optimized with the Yoast SEO plugin v27.3 - https:\/\/yoast.com\/product\/yoast-seo-wordpress\/ -->\n<title>Le val des possibles - AlterTour<\/title>\n<meta name=\"robots\" content=\"index, follow, max-snippet:-1, max-image-preview:large, max-video-preview:-1\" \/>\n<link rel=\"canonical\" href=\"https:\/\/www.altercampagne.net\/?p=22404\" \/>\n<meta property=\"og:locale\" content=\"fr_FR\" \/>\n<meta property=\"og:type\" content=\"article\" \/>\n<meta property=\"og:title\" content=\"Le val des possibles - AlterTour\" \/>\n<meta property=\"og:description\" content=\"L\u2019association \u00able val des possibles\u00bb, cr\u00e9\u00e9e en juin 2020 par C\u00e9line Duval et Blandine Barth\u00e9lemy, accompagne la mise en place d\u2019un jardin comestible en permaculture, ainsi que le partage d\u2019une exp\u00e9rience humaine \u00e0 la mesure du vivant. Leur jardin potager est cultiv\u00e9 dans le Pays d\u2019Auge, en Normandie.\" \/>\n<meta property=\"og:url\" content=\"https:\/\/www.altercampagne.net\/?p=22404\" \/>\n<meta property=\"og:site_name\" content=\"AlterTour\" \/>\n<meta property=\"article:published_time\" content=\"2021-07-08T05:44:00+00:00\" \/>\n<meta property=\"og:image\" content=\"https:\/\/www.altercampagne.net\/wp-content\/uploads\/2021\/06\/le-val-des-possibles-photo-de-couverture.jpg\" \/>\n\t<meta property=\"og:image:width\" content=\"2268\" \/>\n\t<meta property=\"og:image:height\" content=\"1184\" \/>\n\t<meta property=\"og:image:type\" content=\"image\/jpeg\" \/>\n<meta name=\"author\" content=\"Jonas\" \/>\n<meta name=\"twitter:card\" content=\"summary_large_image\" \/>\n<meta name=\"twitter:label1\" content=\"\u00c9crit par\" \/>\n\t<meta name=\"twitter:data1\" content=\"Jonas\" \/>\n\t<meta name=\"twitter:label2\" content=\"Dur\u00e9e de lecture estim\u00e9e\" \/>\n\t<meta name=\"twitter:data2\" content=\"2 minutes\" \/>\n<script type=\"application\/ld+json\" class=\"yoast-schema-graph\">{\"@context\":\"https:\\\/\\\/schema.org\",\"@graph\":[{\"@type\":\"Article\",\"@id\":\"https:\\\/\\\/www.altercampagne.net\\\/?p=22404#article\",\"isPartOf\":{\"@id\":\"https:\\\/\\\/www.altercampagne.net\\\/?p=22404\"},\"author\":{\"name\":\"Jonas\",\"@id\":\"https:\\\/\\\/www.altercampagne.net\\\/#\\\/schema\\\/person\\\/308dc295a67929d58321ff6b59820daa\"},\"headline\":\"Le val des possibles\",\"datePublished\":\"2021-07-08T05:44:00+00:00\",\"mainEntityOfPage\":{\"@id\":\"https:\\\/\\\/www.altercampagne.net\\\/?p=22404\"},\"wordCount\":400,\"image\":{\"@id\":\"https:\\\/\\\/www.altercampagne.net\\\/?p=22404#primaryimage\"},\"thumbnailUrl\":\"https:\\\/\\\/www.altercampagne.net\\\/wp-content\\\/uploads\\\/2021\\\/06\\\/le-val-des-possibles-photo-de-couverture.jpg\",\"articleSection\":[\"Agriculture\",\"AlterTour\",\"Edition 2021\",\"Education\",\"Environnement\",\"Normandie\",\"Partenaires\",\"Social\",\"T\u00e9moignages\"],\"inLanguage\":\"fr-FR\"},{\"@type\":\"WebPage\",\"@id\":\"https:\\\/\\\/www.altercampagne.net\\\/?p=22404\",\"url\":\"https:\\\/\\\/www.altercampagne.net\\\/?p=22404\",\"name\":\"Le val des possibles - AlterTour\",\"isPartOf\":{\"@id\":\"https:\\\/\\\/www.altercampagne.net\\\/#website\"},\"primaryImageOfPage\":{\"@id\":\"https:\\\/\\\/www.altercampagne.net\\\/?p=22404#primaryimage\"},\"image\":{\"@id\":\"https:\\\/\\\/www.altercampagne.net\\\/?p=22404#primaryimage\"},\"thumbnailUrl\":\"https:\\\/\\\/www.altercampagne.net\\\/wp-content\\\/uploads\\\/2021\\\/06\\\/le-val-des-possibles-photo-de-couverture.jpg\",\"datePublished\":\"2021-07-08T05:44:00+00:00\",\"author\":{\"@id\":\"https:\\\/\\\/www.altercampagne.net\\\/#\\\/schema\\\/person\\\/308dc295a67929d58321ff6b59820daa\"},\"breadcrumb\":{\"@id\":\"https:\\\/\\\/www.altercampagne.net\\\/?p=22404#breadcrumb\"},\"inLanguage\":\"fr-FR\",\"potentialAction\":[{\"@type\":\"ReadAction\",\"target\":[\"https:\\\/\\\/www.altercampagne.net\\\/?p=22404\"]}]},{\"@type\":\"ImageObject\",\"inLanguage\":\"fr-FR\",\"@id\":\"https:\\\/\\\/www.altercampagne.net\\\/?p=22404#primaryimage\",\"url\":\"https:\\\/\\\/www.altercampagne.net\\\/wp-content\\\/uploads\\\/2021\\\/06\\\/le-val-des-possibles-photo-de-couverture.jpg\",\"contentUrl\":\"https:\\\/\\\/www.altercampagne.net\\\/wp-content\\\/uploads\\\/2021\\\/06\\\/le-val-des-possibles-photo-de-couverture.jpg\",\"width\":2268,\"height\":1184},{\"@type\":\"BreadcrumbList\",\"@id\":\"https:\\\/\\\/www.altercampagne.net\\\/?p=22404#breadcrumb\",\"itemListElement\":[{\"@type\":\"ListItem\",\"position\":1,\"name\":\"Accueil\",\"item\":\"https:\\\/\\\/www.altercampagne.net\\\/\"},{\"@type\":\"ListItem\",\"position\":2,\"name\":\"Le val des possibles\"}]},{\"@type\":\"WebSite\",\"@id\":\"https:\\\/\\\/www.altercampagne.net\\\/#website\",\"url\":\"https:\\\/\\\/www.altercampagne.net\\\/\",\"name\":\"AlterTour\",\"description\":\"Reliez les Alternatives \u00e0 v\u00e9lo\",\"potentialAction\":[{\"@type\":\"SearchAction\",\"target\":{\"@type\":\"EntryPoint\",\"urlTemplate\":\"https:\\\/\\\/www.altercampagne.net\\\/?s={search_term_string}\"},\"query-input\":{\"@type\":\"PropertyValueSpecification\",\"valueRequired\":true,\"valueName\":\"search_term_string\"}}],\"inLanguage\":\"fr-FR\"},{\"@type\":\"Person\",\"@id\":\"https:\\\/\\\/www.altercampagne.net\\\/#\\\/schema\\\/person\\\/308dc295a67929d58321ff6b59820daa\",\"name\":\"Jonas\",\"image\":{\"@type\":\"ImageObject\",\"inLanguage\":\"fr-FR\",\"@id\":\"https:\\\/\\\/secure.gravatar.com\\\/avatar\\\/ade7b451791545d463915f445a8aee91b58c48cdcbc1ab2b8583fa2f30e159e4?s=96&d=mm&r=g\",\"url\":\"https:\\\/\\\/secure.gravatar.com\\\/avatar\\\/ade7b451791545d463915f445a8aee91b58c48cdcbc1ab2b8583fa2f30e159e4?s=96&d=mm&r=g\",\"contentUrl\":\"https:\\\/\\\/secure.gravatar.com\\\/avatar\\\/ade7b451791545d463915f445a8aee91b58c48cdcbc1ab2b8583fa2f30e159e4?s=96&d=mm&r=g\",\"caption\":\"Jonas\"},\"url\":\"https:\\\/\\\/www.altercampagne.net\\\/?author=316\"}]}<\/script>\n<!-- \/ Yoast SEO plugin. -->","yoast_head_json":{"title":"Le val des possibles - AlterTour","robots":{"index":"index","follow":"follow","max-snippet":"max-snippet:-1","max-image-preview":"max-image-preview:large","max-video-preview":"max-video-preview:-1"},"canonical":"https:\/\/www.altercampagne.net\/?p=22404","og_locale":"fr_FR","og_type":"article","og_title":"Le val des possibles - AlterTour","og_description":"L\u2019association \u00able val des possibles\u00bb, cr\u00e9\u00e9e en juin 2020 par C\u00e9line Duval et Blandine Barth\u00e9lemy, accompagne la mise en place d\u2019un jardin comestible en permaculture, ainsi que le partage d\u2019une exp\u00e9rience humaine \u00e0 la mesure du vivant. Leur jardin potager est cultiv\u00e9 dans le Pays d\u2019Auge, en Normandie.","og_url":"https:\/\/www.altercampagne.net\/?p=22404","og_site_name":"AlterTour","article_published_time":"2021-07-08T05:44:00+00:00","og_image":[{"width":2268,"height":1184,"url":"https:\/\/www.altercampagne.net\/wp-content\/uploads\/2021\/06\/le-val-des-possibles-photo-de-couverture.jpg","type":"image\/jpeg"}],"author":"Jonas","twitter_card":"summary_large_image","twitter_misc":{"\u00c9crit par":"Jonas","Dur\u00e9e de lecture estim\u00e9e":"2 minutes"},"schema":{"@context":"https:\/\/schema.org","@graph":[{"@type":"Article","@id":"https:\/\/www.altercampagne.net\/?p=22404#article","isPartOf":{"@id":"https:\/\/www.altercampagne.net\/?p=22404"},"author":{"name":"Jonas","@id":"https:\/\/www.altercampagne.net\/#\/schema\/person\/308dc295a67929d58321ff6b59820daa"},"headline":"Le val des possibles","datePublished":"2021-07-08T05:44:00+00:00","mainEntityOfPage":{"@id":"https:\/\/www.altercampagne.net\/?p=22404"},"wordCount":400,"image":{"@id":"https:\/\/www.altercampagne.net\/?p=22404#primaryimage"},"thumbnailUrl":"https:\/\/www.altercampagne.net\/wp-content\/uploads\/2021\/06\/le-val-des-possibles-photo-de-couverture.jpg","articleSection":["Agriculture","AlterTour","Edition 2021","Education","Environnement","Normandie","Partenaires","Social","T\u00e9moignages"],"inLanguage":"fr-FR"},{"@type":"WebPage","@id":"https:\/\/www.altercampagne.net\/?p=22404","url":"https:\/\/www.altercampagne.net\/?p=22404","name":"Le val des possibles - AlterTour","isPartOf":{"@id":"https:\/\/www.altercampagne.net\/#website"},"primaryImageOfPage":{"@id":"https:\/\/www.altercampagne.net\/?p=22404#primaryimage"},"image":{"@id":"https:\/\/www.altercampagne.net\/?p=22404#primaryimage"},"thumbnailUrl":"https:\/\/www.altercampagne.net\/wp-content\/uploads\/2021\/06\/le-val-des-possibles-photo-de-couverture.jpg","datePublished":"2021-07-08T05:44:00+00:00","author":{"@id":"https:\/\/www.altercampagne.net\/#\/schema\/person\/308dc295a67929d58321ff6b59820daa"},"breadcrumb":{"@id":"https:\/\/www.altercampagne.net\/?p=22404#breadcrumb"},"inLanguage":"fr-FR","potentialAction":[{"@type":"ReadAction","target":["https:\/\/www.altercampagne.net\/?p=22404"]}]},{"@type":"ImageObject","inLanguage":"fr-FR","@id":"https:\/\/www.altercampagne.net\/?p=22404#primaryimage","url":"https:\/\/www.altercampagne.net\/wp-content\/uploads\/2021\/06\/le-val-des-possibles-photo-de-couverture.jpg","contentUrl":"https:\/\/www.altercampagne.net\/wp-content\/uploads\/2021\/06\/le-val-des-possibles-photo-de-couverture.jpg","width":2268,"height":1184},{"@type":"BreadcrumbList","@id":"https:\/\/www.altercampagne.net\/?p=22404#breadcrumb","itemListElement":[{"@type":"ListItem","position":1,"name":"Accueil","item":"https:\/\/www.altercampagne.net\/"},{"@type":"ListItem","position":2,"name":"Le val des possibles"}]},{"@type":"WebSite","@id":"https:\/\/www.altercampagne.net\/#website","url":"https:\/\/www.altercampagne.net\/","name":"AlterTour","description":"Reliez les Alternatives \u00e0 v\u00e9lo","potentialAction":[{"@type":"SearchAction","target":{"@type":"EntryPoint","urlTemplate":"https:\/\/www.altercampagne.net\/?s={search_term_string}"},"query-input":{"@type":"PropertyValueSpecification","valueRequired":true,"valueName":"search_term_string"}}],"inLanguage":"fr-FR"},{"@type":"Person","@id":"https:\/\/www.altercampagne.net\/#\/schema\/person\/308dc295a67929d58321ff6b59820daa","name":"Jonas","image":{"@type":"ImageObject","inLanguage":"fr-FR","@id":"https:\/\/secure.gravatar.com\/avatar\/ade7b451791545d463915f445a8aee91b58c48cdcbc1ab2b8583fa2f30e159e4?s=96&d=mm&r=g","url":"https:\/\/secure.gravatar.com\/avatar\/ade7b451791545d463915f445a8aee91b58c48cdcbc1ab2b8583fa2f30e159e4?s=96&d=mm&r=g","contentUrl":"https:\/\/secure.gravatar.com\/avatar\/ade7b451791545d463915f445a8aee91b58c48cdcbc1ab2b8583fa2f30e159e4?s=96&d=mm&r=g","caption":"Jonas"},"url":"https:\/\/www.altercampagne.net\/?author=316"}]}},"_links":{"self":[{"href":"https:\/\/www.altercampagne.net\/index.php?rest_route=\/wp\/v2\/posts\/22404","targetHints":{"allow":["GET"]}}],"collection":[{"href":"https:\/\/www.altercampagne.net\/index.php?rest_route=\/wp\/v2\/posts"}],"about":[{"href":"https:\/\/www.altercampagne.net\/index.php?rest_route=\/wp\/v2\/types\/post"}],"author":[{"embeddable":true,"href":"https:\/\/www.altercampagne.net\/index.php?rest_route=\/wp\/v2\/users\/316"}],"replies":[{"embeddable":true,"href":"https:\/\/www.altercampagne.net\/index.php?rest_route=%2Fwp%2Fv2%2Fcomments&post=22404"}],"version-history":[{"count":3,"href":"https:\/\/www.altercampagne.net\/index.php?rest_route=\/wp\/v2\/posts\/22404\/revisions"}],"predecessor-version":[{"id":22450,"href":"https:\/\/www.altercampagne.net\/index.php?rest_route=\/wp\/v2\/posts\/22404\/revisions\/22450"}],"wp:featuredmedia":[{"embeddable":true,"href":"https:\/\/www.altercampagne.net\/index.php?rest_route=\/wp\/v2\/media\/22405"}],"wp:attachment":[{"href":"https:\/\/www.altercampagne.net\/index.php?rest_route=%2Fwp%2Fv2%2Fmedia&parent=22404"}],"wp:term":[{"taxonomy":"category","embeddable":true,"href":"https:\/\/www.altercampagne.net\/index.php?rest_route=%2Fwp%2Fv2%2Fcategories&post=22404"},{"taxonomy":"post_tag","embeddable":true,"href":"https:\/\/www.altercampagne.net\/index.php?rest_route=%2Fwp%2Fv2%2Ftags&post=22404"}],"curies":[{"name":"wp","href":"https:\/\/api.w.org\/{rel}","templated":true}]}}