{"id":22653,"date":"2021-07-19T15:30:41","date_gmt":"2021-07-19T13:30:41","guid":{"rendered":"https:\/\/www.altercampagne.net\/?p=22653"},"modified":"2021-07-26T21:42:41","modified_gmt":"2021-07-26T19:42:41","slug":"le-temps-des-merises-une-scic-pour-sauvegarder-des-terres-agricoles","status":"publish","type":"post","link":"https:\/\/www.altercampagne.net\/?p=22653","title":{"rendered":"Le Temps des Merises, une SCIC pour sauvegarder des terres agricoles"},"content":{"rendered":"\n<p><em>Bonjour!<\/em><br><em>Je suis Pascale, une des journalistes de la premi\u00e8re \u00e9tape de l&rsquo;Alter-D-Tour, et je suis ici avec ma fille, In\u00e8s. Nous arrivons de Belgique . Eh oui, l\u2019Alter-D-Tour est connu au-del\u00e0 des fronti\u00e8res <\/em>\ud83d\ude09<\/p>\n\n\n\n<figure class=\"wp-block-image size-large\"><a href=\"https:\/\/www.altercampagne.net\/wp-content\/uploads\/2021\/07\/ADT21_SCIC-le-temps-des-merises_04-scaled-e1626701176658.jpg\"><img loading=\"lazy\" decoding=\"async\" width=\"1024\" height=\"663\" src=\"https:\/\/www.altercampagne.net\/wp-content\/uploads\/2021\/07\/ADT21_SCIC-le-temps-des-merises_04-scaled-e1626701176658-1024x663.jpg\" alt=\"\" class=\"wp-image-22659\" srcset=\"https:\/\/www.altercampagne.net\/wp-content\/uploads\/2021\/07\/ADT21_SCIC-le-temps-des-merises_04-scaled-e1626701176658-1024x663.jpg 1024w, https:\/\/www.altercampagne.net\/wp-content\/uploads\/2021\/07\/ADT21_SCIC-le-temps-des-merises_04-scaled-e1626701176658-300x194.jpg 300w, https:\/\/www.altercampagne.net\/wp-content\/uploads\/2021\/07\/ADT21_SCIC-le-temps-des-merises_04-scaled-e1626701176658-768x497.jpg 768w, https:\/\/www.altercampagne.net\/wp-content\/uploads\/2021\/07\/ADT21_SCIC-le-temps-des-merises_04-scaled-e1626701176658-610x395.jpg 610w, https:\/\/www.altercampagne.net\/wp-content\/uploads\/2021\/07\/ADT21_SCIC-le-temps-des-merises_04-scaled-e1626701176658-100x65.jpg 100w, https:\/\/www.altercampagne.net\/wp-content\/uploads\/2021\/07\/ADT21_SCIC-le-temps-des-merises_04-scaled-e1626701176658-862x558.jpg 862w, https:\/\/www.altercampagne.net\/wp-content\/uploads\/2021\/07\/ADT21_SCIC-le-temps-des-merises_04-scaled-e1626701176658-1140x738.jpg 1140w, https:\/\/www.altercampagne.net\/wp-content\/uploads\/2021\/07\/ADT21_SCIC-le-temps-des-merises_04-scaled-e1626701176658.jpg 1200w\" sizes=\"auto, (max-width: 1024px) 100vw, 1024px\" \/><\/a><figcaption>\u00a9In\u00e8s<\/figcaption><\/figure>\n\n\n\n<h4 class=\"wp-block-heading\">Des champs en pleine Zone d&rsquo;Activit\u00e9 Commerciale<\/h4>\n\n\n\n<p>Pour d\u00e9marrer ce tour, nous sommes accueillis <strong>\u00e0 la Ferme du Palluau<\/strong>, chez Olivier et M\u00e9lissa. La ferme est situ\u00e9e au Mans, sur les terres de la Soci\u00e9t\u00e9 Civile d&rsquo;Int\u00e9r\u00eat Collectif \u201cLe temps des merises\u201d. Merises \u2026 cerises \u2026 <strong>comme le v\u00e9n\u00e9rable cerisier qui se trouve au milieu du champ<\/strong>.<\/p>\n\n\n\n<p>La SCIC \u201cLe temps des merises\u201d se donne pour mission de <strong>sauver des terres, de les \u201csanctuariser\u201d<\/strong> (comme l\u2019exprime si bien Dominique) au profit de paysans locaux et d\u2019initiatives locales. En l\u2019occurence, ce sont ici <strong>7,4 hectares de terres qui ont \u00e9t\u00e9 rachet\u00e9es<\/strong> en 2010 par&nbsp; un groupe de 38 citoyen-nes soci\u00e9taires locaux alors que le <strong>PLU venait d\u2019\u00eatre modifi\u00e9 afin de permettre la construction de b\u00e2timents industriels<\/strong>.<\/p>\n\n\n\n<figure class=\"wp-block-image size-large\"><a href=\"https:\/\/www.altercampagne.net\/wp-content\/uploads\/2021\/07\/ADT21_SCIC-le-temps-des-merises_01-scaled-e1626701025577.jpg\"><img loading=\"lazy\" decoding=\"async\" width=\"1024\" height=\"644\" src=\"https:\/\/www.altercampagne.net\/wp-content\/uploads\/2021\/07\/ADT21_SCIC-le-temps-des-merises_01-scaled-e1626701025577-1024x644.jpg\" alt=\"\" class=\"wp-image-22656\" srcset=\"https:\/\/www.altercampagne.net\/wp-content\/uploads\/2021\/07\/ADT21_SCIC-le-temps-des-merises_01-scaled-e1626701025577-1024x644.jpg 1024w, https:\/\/www.altercampagne.net\/wp-content\/uploads\/2021\/07\/ADT21_SCIC-le-temps-des-merises_01-scaled-e1626701025577-300x189.jpg 300w, https:\/\/www.altercampagne.net\/wp-content\/uploads\/2021\/07\/ADT21_SCIC-le-temps-des-merises_01-scaled-e1626701025577-768x483.jpg 768w, https:\/\/www.altercampagne.net\/wp-content\/uploads\/2021\/07\/ADT21_SCIC-le-temps-des-merises_01-scaled-e1626701025577-610x384.jpg 610w, https:\/\/www.altercampagne.net\/wp-content\/uploads\/2021\/07\/ADT21_SCIC-le-temps-des-merises_01-scaled-e1626701025577-100x63.jpg 100w, https:\/\/www.altercampagne.net\/wp-content\/uploads\/2021\/07\/ADT21_SCIC-le-temps-des-merises_01-scaled-e1626701025577-862x542.jpg 862w, https:\/\/www.altercampagne.net\/wp-content\/uploads\/2021\/07\/ADT21_SCIC-le-temps-des-merises_01-scaled-e1626701025577-1140x717.jpg 1140w, https:\/\/www.altercampagne.net\/wp-content\/uploads\/2021\/07\/ADT21_SCIC-le-temps-des-merises_01-scaled-e1626701025577.jpg 1197w\" sizes=\"auto, (max-width: 1024px) 100vw, 1024px\" \/><\/a><\/figure>\n\n\n\n<h4 class=\"wp-block-heading\">Olivier, le paysan boulanger<\/h4>\n\n\n\n<p>Sur ces terres s\u2019est donc install\u00e9 Olivier, le paysan-boulanger bio. <strong>Olivier fait son pain mais pas seulement<\/strong> : il coupe le bois qui alimente son four \u00e0 pain et il cultive le sarrasin qu\u2019<strong>il moud pour produire sa propre farine<\/strong>. <br>Il produit \u00e9galement du <strong>jus de pommes et cultive des lentilles<\/strong>. Tous ces produits sont disponibles sur le march\u00e9 hebdomadaire qui se tient dans la cour de la ferme ainsi que sur commande. <\/p>\n\n\n\n<h4 class=\"wp-block-heading\">Dominique, le mara\u00eecher<\/h4>\n\n\n\n<p>Durant ces 3 jours, <strong>nous nous nourrissons des l\u00e9gumes produits<\/strong> par un autre membre de la SCIC, Dominique, le \u201cjeune\u201d mara\u00eecher. <br>\u201cJeune\u201d car Dominique a d\u00e9marr\u00e9 dans le m\u00e9tier il y a un an suite \u00e0 une reconversion apr\u00e8s une longue carri\u00e8re dans l\u2019industrie. Dominique a install\u00e9 ses serres et ses planches de culture juste \u00e0 c\u00f4t\u00e9 de la ferme d\u2019Olivier et <strong>produit des l\u00e9gumes bio qui sont vendus sur le march\u00e9 et sous forme de paniers<\/strong>.<\/p>\n\n\n\n<p class=\"has-text-align-right\">Pascale<\/p>\n","protected":false},"excerpt":{"rendered":"<p>Bonjour!Je suis Pascale, une des journalistes de la premi\u00e8re \u00e9tape de l&rsquo;Alter-D-Tour, et je suis ici avec ma fille, In\u00e8s. Nous arrivons de Belgique . Eh oui, l\u2019Alter-D-Tour est connu au-del\u00e0 des fronti\u00e8res \ud83d\ude09 Des champs en pleine Zone d&rsquo;Activit\u00e9 Commerciale Pour d\u00e9marrer ce tour, nous sommes accueillis \u00e0 la &#8230; <\/p>\n<div><a href=\"https:\/\/www.altercampagne.net\/?p=22653\" class=\"more-link\">Read More<\/a><\/div>\n","protected":false},"author":215,"featured_media":22657,"comment_status":"closed","ping_status":"closed","sticky":false,"template":"","format":"standard","meta":{"footnotes":""},"categories":[3483,4311,3473,4198,3486,3542],"tags":[],"class_list":["post-22653","post","type-post","status-publish","format-standard","has-post-thumbnail","hentry","category-agriculture","category-alter-d-tour","category-centre-val-de-loire","category-edition-2021","category-environnement","category-lutte"],"yoast_head":"<!-- This site is optimized with the Yoast SEO plugin v27.3 - https:\/\/yoast.com\/product\/yoast-seo-wordpress\/ -->\n<title>Le Temps des Merises, une SCIC pour sauvegarder des terres agricoles - AlterTour<\/title>\n<meta name=\"robots\" content=\"index, follow, max-snippet:-1, max-image-preview:large, max-video-preview:-1\" \/>\n<link rel=\"canonical\" href=\"https:\/\/www.altercampagne.net\/?p=22653\" \/>\n<meta property=\"og:locale\" content=\"fr_FR\" \/>\n<meta property=\"og:type\" content=\"article\" \/>\n<meta property=\"og:title\" content=\"Le Temps des Merises, une SCIC pour sauvegarder des terres agricoles - AlterTour\" \/>\n<meta property=\"og:description\" content=\"Bonjour!Je suis Pascale, une des journalistes de la premi\u00e8re \u00e9tape de l&rsquo;Alter-D-Tour, et je suis ici avec ma fille, In\u00e8s. Nous arrivons de Belgique . Eh oui, l\u2019Alter-D-Tour est connu au-del\u00e0 des fronti\u00e8res \ud83d\ude09 Des champs en pleine Zone d&rsquo;Activit\u00e9 Commerciale Pour d\u00e9marrer ce tour, nous sommes accueillis \u00e0 la ... Read More\" \/>\n<meta property=\"og:url\" content=\"https:\/\/www.altercampagne.net\/?p=22653\" \/>\n<meta property=\"og:site_name\" content=\"AlterTour\" \/>\n<meta property=\"article:published_time\" content=\"2021-07-19T13:30:41+00:00\" \/>\n<meta property=\"article:modified_time\" content=\"2021-07-26T19:42:41+00:00\" \/>\n<meta property=\"og:image\" content=\"https:\/\/www.altercampagne.net\/wp-content\/uploads\/2021\/07\/ADT21_SCIC-le-temps-des-merises_02-scaled-e1626701096330.jpg\" \/>\n\t<meta property=\"og:image:width\" content=\"1197\" \/>\n\t<meta property=\"og:image:height\" content=\"741\" \/>\n\t<meta property=\"og:image:type\" content=\"image\/jpeg\" \/>\n<meta name=\"author\" content=\"AlterTour\" \/>\n<meta name=\"twitter:card\" content=\"summary_large_image\" \/>\n<meta name=\"twitter:label1\" content=\"\u00c9crit par\" \/>\n\t<meta name=\"twitter:data1\" content=\"AlterTour\" \/>\n\t<meta name=\"twitter:label2\" content=\"Dur\u00e9e de lecture estim\u00e9e\" \/>\n\t<meta name=\"twitter:data2\" content=\"2 minutes\" \/>\n<script type=\"application\/ld+json\" class=\"yoast-schema-graph\">{\"@context\":\"https:\\\/\\\/schema.org\",\"@graph\":[{\"@type\":\"Article\",\"@id\":\"https:\\\/\\\/www.altercampagne.net\\\/?p=22653#article\",\"isPartOf\":{\"@id\":\"https:\\\/\\\/www.altercampagne.net\\\/?p=22653\"},\"author\":{\"name\":\"AlterTour\",\"@id\":\"https:\\\/\\\/www.altercampagne.net\\\/#\\\/schema\\\/person\\\/e5b68c803196f649c2152249d262d94a\"},\"headline\":\"Le Temps des Merises, une SCIC pour sauvegarder des terres agricoles\",\"datePublished\":\"2021-07-19T13:30:41+00:00\",\"dateModified\":\"2021-07-26T19:42:41+00:00\",\"mainEntityOfPage\":{\"@id\":\"https:\\\/\\\/www.altercampagne.net\\\/?p=22653\"},\"wordCount\":354,\"image\":{\"@id\":\"https:\\\/\\\/www.altercampagne.net\\\/?p=22653#primaryimage\"},\"thumbnailUrl\":\"https:\\\/\\\/www.altercampagne.net\\\/wp-content\\\/uploads\\\/2021\\\/07\\\/ADT21_SCIC-le-temps-des-merises_02-scaled-e1626701096330.jpg\",\"articleSection\":[\"Agriculture\",\"Alter-D-tour\",\"Centre-Val de Loire\",\"Edition 2021\",\"Environnement\",\"Lutte\"],\"inLanguage\":\"fr-FR\"},{\"@type\":\"WebPage\",\"@id\":\"https:\\\/\\\/www.altercampagne.net\\\/?p=22653\",\"url\":\"https:\\\/\\\/www.altercampagne.net\\\/?p=22653\",\"name\":\"Le Temps des Merises, une SCIC pour sauvegarder des terres agricoles - AlterTour\",\"isPartOf\":{\"@id\":\"https:\\\/\\\/www.altercampagne.net\\\/#website\"},\"primaryImageOfPage\":{\"@id\":\"https:\\\/\\\/www.altercampagne.net\\\/?p=22653#primaryimage\"},\"image\":{\"@id\":\"https:\\\/\\\/www.altercampagne.net\\\/?p=22653#primaryimage\"},\"thumbnailUrl\":\"https:\\\/\\\/www.altercampagne.net\\\/wp-content\\\/uploads\\\/2021\\\/07\\\/ADT21_SCIC-le-temps-des-merises_02-scaled-e1626701096330.jpg\",\"datePublished\":\"2021-07-19T13:30:41+00:00\",\"dateModified\":\"2021-07-26T19:42:41+00:00\",\"author\":{\"@id\":\"https:\\\/\\\/www.altercampagne.net\\\/#\\\/schema\\\/person\\\/e5b68c803196f649c2152249d262d94a\"},\"breadcrumb\":{\"@id\":\"https:\\\/\\\/www.altercampagne.net\\\/?p=22653#breadcrumb\"},\"inLanguage\":\"fr-FR\",\"potentialAction\":[{\"@type\":\"ReadAction\",\"target\":[\"https:\\\/\\\/www.altercampagne.net\\\/?p=22653\"]}]},{\"@type\":\"ImageObject\",\"inLanguage\":\"fr-FR\",\"@id\":\"https:\\\/\\\/www.altercampagne.net\\\/?p=22653#primaryimage\",\"url\":\"https:\\\/\\\/www.altercampagne.net\\\/wp-content\\\/uploads\\\/2021\\\/07\\\/ADT21_SCIC-le-temps-des-merises_02-scaled-e1626701096330.jpg\",\"contentUrl\":\"https:\\\/\\\/www.altercampagne.net\\\/wp-content\\\/uploads\\\/2021\\\/07\\\/ADT21_SCIC-le-temps-des-merises_02-scaled-e1626701096330.jpg\",\"width\":1197,\"height\":741},{\"@type\":\"BreadcrumbList\",\"@id\":\"https:\\\/\\\/www.altercampagne.net\\\/?p=22653#breadcrumb\",\"itemListElement\":[{\"@type\":\"ListItem\",\"position\":1,\"name\":\"Accueil\",\"item\":\"https:\\\/\\\/www.altercampagne.net\\\/\"},{\"@type\":\"ListItem\",\"position\":2,\"name\":\"Le Temps des Merises, une SCIC pour sauvegarder des terres agricoles\"}]},{\"@type\":\"WebSite\",\"@id\":\"https:\\\/\\\/www.altercampagne.net\\\/#website\",\"url\":\"https:\\\/\\\/www.altercampagne.net\\\/\",\"name\":\"AlterTour\",\"description\":\"Reliez les Alternatives \u00e0 v\u00e9lo\",\"potentialAction\":[{\"@type\":\"SearchAction\",\"target\":{\"@type\":\"EntryPoint\",\"urlTemplate\":\"https:\\\/\\\/www.altercampagne.net\\\/?s={search_term_string}\"},\"query-input\":{\"@type\":\"PropertyValueSpecification\",\"valueRequired\":true,\"valueName\":\"search_term_string\"}}],\"inLanguage\":\"fr-FR\"},{\"@type\":\"Person\",\"@id\":\"https:\\\/\\\/www.altercampagne.net\\\/#\\\/schema\\\/person\\\/e5b68c803196f649c2152249d262d94a\",\"name\":\"AlterTour\",\"image\":{\"@type\":\"ImageObject\",\"inLanguage\":\"fr-FR\",\"@id\":\"https:\\\/\\\/secure.gravatar.com\\\/avatar\\\/3f2ed77f8506b8ea264ad5938bb0114bfa10f35b64086a66dfbb6e9f58ad9693?s=96&d=mm&r=g\",\"url\":\"https:\\\/\\\/secure.gravatar.com\\\/avatar\\\/3f2ed77f8506b8ea264ad5938bb0114bfa10f35b64086a66dfbb6e9f58ad9693?s=96&d=mm&r=g\",\"contentUrl\":\"https:\\\/\\\/secure.gravatar.com\\\/avatar\\\/3f2ed77f8506b8ea264ad5938bb0114bfa10f35b64086a66dfbb6e9f58ad9693?s=96&d=mm&r=g\",\"caption\":\"AlterTour\"},\"url\":\"https:\\\/\\\/www.altercampagne.net\\\/?author=215\"}]}<\/script>\n<!-- \/ Yoast SEO plugin. -->","yoast_head_json":{"title":"Le Temps des Merises, une SCIC pour sauvegarder des terres agricoles - AlterTour","robots":{"index":"index","follow":"follow","max-snippet":"max-snippet:-1","max-image-preview":"max-image-preview:large","max-video-preview":"max-video-preview:-1"},"canonical":"https:\/\/www.altercampagne.net\/?p=22653","og_locale":"fr_FR","og_type":"article","og_title":"Le Temps des Merises, une SCIC pour sauvegarder des terres agricoles - AlterTour","og_description":"Bonjour!Je suis Pascale, une des journalistes de la premi\u00e8re \u00e9tape de l&rsquo;Alter-D-Tour, et je suis ici avec ma fille, In\u00e8s. Nous arrivons de Belgique . Eh oui, l\u2019Alter-D-Tour est connu au-del\u00e0 des fronti\u00e8res \ud83d\ude09 Des champs en pleine Zone d&rsquo;Activit\u00e9 Commerciale Pour d\u00e9marrer ce tour, nous sommes accueillis \u00e0 la ... Read More","og_url":"https:\/\/www.altercampagne.net\/?p=22653","og_site_name":"AlterTour","article_published_time":"2021-07-19T13:30:41+00:00","article_modified_time":"2021-07-26T19:42:41+00:00","og_image":[{"width":1197,"height":741,"url":"https:\/\/www.altercampagne.net\/wp-content\/uploads\/2021\/07\/ADT21_SCIC-le-temps-des-merises_02-scaled-e1626701096330.jpg","type":"image\/jpeg"}],"author":"AlterTour","twitter_card":"summary_large_image","twitter_misc":{"\u00c9crit par":"AlterTour","Dur\u00e9e de lecture estim\u00e9e":"2 minutes"},"schema":{"@context":"https:\/\/schema.org","@graph":[{"@type":"Article","@id":"https:\/\/www.altercampagne.net\/?p=22653#article","isPartOf":{"@id":"https:\/\/www.altercampagne.net\/?p=22653"},"author":{"name":"AlterTour","@id":"https:\/\/www.altercampagne.net\/#\/schema\/person\/e5b68c803196f649c2152249d262d94a"},"headline":"Le Temps des Merises, une SCIC pour sauvegarder des terres agricoles","datePublished":"2021-07-19T13:30:41+00:00","dateModified":"2021-07-26T19:42:41+00:00","mainEntityOfPage":{"@id":"https:\/\/www.altercampagne.net\/?p=22653"},"wordCount":354,"image":{"@id":"https:\/\/www.altercampagne.net\/?p=22653#primaryimage"},"thumbnailUrl":"https:\/\/www.altercampagne.net\/wp-content\/uploads\/2021\/07\/ADT21_SCIC-le-temps-des-merises_02-scaled-e1626701096330.jpg","articleSection":["Agriculture","Alter-D-tour","Centre-Val de Loire","Edition 2021","Environnement","Lutte"],"inLanguage":"fr-FR"},{"@type":"WebPage","@id":"https:\/\/www.altercampagne.net\/?p=22653","url":"https:\/\/www.altercampagne.net\/?p=22653","name":"Le Temps des Merises, une SCIC pour sauvegarder des terres agricoles - AlterTour","isPartOf":{"@id":"https:\/\/www.altercampagne.net\/#website"},"primaryImageOfPage":{"@id":"https:\/\/www.altercampagne.net\/?p=22653#primaryimage"},"image":{"@id":"https:\/\/www.altercampagne.net\/?p=22653#primaryimage"},"thumbnailUrl":"https:\/\/www.altercampagne.net\/wp-content\/uploads\/2021\/07\/ADT21_SCIC-le-temps-des-merises_02-scaled-e1626701096330.jpg","datePublished":"2021-07-19T13:30:41+00:00","dateModified":"2021-07-26T19:42:41+00:00","author":{"@id":"https:\/\/www.altercampagne.net\/#\/schema\/person\/e5b68c803196f649c2152249d262d94a"},"breadcrumb":{"@id":"https:\/\/www.altercampagne.net\/?p=22653#breadcrumb"},"inLanguage":"fr-FR","potentialAction":[{"@type":"ReadAction","target":["https:\/\/www.altercampagne.net\/?p=22653"]}]},{"@type":"ImageObject","inLanguage":"fr-FR","@id":"https:\/\/www.altercampagne.net\/?p=22653#primaryimage","url":"https:\/\/www.altercampagne.net\/wp-content\/uploads\/2021\/07\/ADT21_SCIC-le-temps-des-merises_02-scaled-e1626701096330.jpg","contentUrl":"https:\/\/www.altercampagne.net\/wp-content\/uploads\/2021\/07\/ADT21_SCIC-le-temps-des-merises_02-scaled-e1626701096330.jpg","width":1197,"height":741},{"@type":"BreadcrumbList","@id":"https:\/\/www.altercampagne.net\/?p=22653#breadcrumb","itemListElement":[{"@type":"ListItem","position":1,"name":"Accueil","item":"https:\/\/www.altercampagne.net\/"},{"@type":"ListItem","position":2,"name":"Le Temps des Merises, une SCIC pour sauvegarder des terres agricoles"}]},{"@type":"WebSite","@id":"https:\/\/www.altercampagne.net\/#website","url":"https:\/\/www.altercampagne.net\/","name":"AlterTour","description":"Reliez les Alternatives \u00e0 v\u00e9lo","potentialAction":[{"@type":"SearchAction","target":{"@type":"EntryPoint","urlTemplate":"https:\/\/www.altercampagne.net\/?s={search_term_string}"},"query-input":{"@type":"PropertyValueSpecification","valueRequired":true,"valueName":"search_term_string"}}],"inLanguage":"fr-FR"},{"@type":"Person","@id":"https:\/\/www.altercampagne.net\/#\/schema\/person\/e5b68c803196f649c2152249d262d94a","name":"AlterTour","image":{"@type":"ImageObject","inLanguage":"fr-FR","@id":"https:\/\/secure.gravatar.com\/avatar\/3f2ed77f8506b8ea264ad5938bb0114bfa10f35b64086a66dfbb6e9f58ad9693?s=96&d=mm&r=g","url":"https:\/\/secure.gravatar.com\/avatar\/3f2ed77f8506b8ea264ad5938bb0114bfa10f35b64086a66dfbb6e9f58ad9693?s=96&d=mm&r=g","contentUrl":"https:\/\/secure.gravatar.com\/avatar\/3f2ed77f8506b8ea264ad5938bb0114bfa10f35b64086a66dfbb6e9f58ad9693?s=96&d=mm&r=g","caption":"AlterTour"},"url":"https:\/\/www.altercampagne.net\/?author=215"}]}},"_links":{"self":[{"href":"https:\/\/www.altercampagne.net\/index.php?rest_route=\/wp\/v2\/posts\/22653","targetHints":{"allow":["GET"]}}],"collection":[{"href":"https:\/\/www.altercampagne.net\/index.php?rest_route=\/wp\/v2\/posts"}],"about":[{"href":"https:\/\/www.altercampagne.net\/index.php?rest_route=\/wp\/v2\/types\/post"}],"author":[{"embeddable":true,"href":"https:\/\/www.altercampagne.net\/index.php?rest_route=\/wp\/v2\/users\/215"}],"replies":[{"embeddable":true,"href":"https:\/\/www.altercampagne.net\/index.php?rest_route=%2Fwp%2Fv2%2Fcomments&post=22653"}],"version-history":[{"count":3,"href":"https:\/\/www.altercampagne.net\/index.php?rest_route=\/wp\/v2\/posts\/22653\/revisions"}],"predecessor-version":[{"id":22788,"href":"https:\/\/www.altercampagne.net\/index.php?rest_route=\/wp\/v2\/posts\/22653\/revisions\/22788"}],"wp:featuredmedia":[{"embeddable":true,"href":"https:\/\/www.altercampagne.net\/index.php?rest_route=\/wp\/v2\/media\/22657"}],"wp:attachment":[{"href":"https:\/\/www.altercampagne.net\/index.php?rest_route=%2Fwp%2Fv2%2Fmedia&parent=22653"}],"wp:term":[{"taxonomy":"category","embeddable":true,"href":"https:\/\/www.altercampagne.net\/index.php?rest_route=%2Fwp%2Fv2%2Fcategories&post=22653"},{"taxonomy":"post_tag","embeddable":true,"href":"https:\/\/www.altercampagne.net\/index.php?rest_route=%2Fwp%2Fv2%2Ftags&post=22653"}],"curies":[{"name":"wp","href":"https:\/\/api.w.org\/{rel}","templated":true}]}}