{"id":22700,"date":"2021-07-23T15:17:22","date_gmt":"2021-07-23T13:17:22","guid":{"rendered":"https:\/\/www.altercampagne.net\/?p=22700"},"modified":"2021-07-26T21:41:35","modified_gmt":"2021-07-26T19:41:35","slug":"la-ferme-de-la-giraudiere-comment-tendre-vers-la-democratie-alimentaire","status":"publish","type":"post","link":"https:\/\/www.altercampagne.net\/?p=22700","title":{"rendered":"La ferme de la Giraudi\u00e8re (1\/2) : Comment tendre vers la d\u00e9mocratie alimentaire ?"},"content":{"rendered":"\n<p><em>\u201c<strong>D\u00e9mocratie alimentaire<\/strong>\u201d, s\u2019il fallait retenir une seule expression de notre rencontre avec Marion et Antoine, ce serait celle-ci.&nbsp;<\/em><\/p>\n\n\n\n<p>Pourquoi ? Car ces fondateurs de la ferme \u201c\u00c0 tout bout de champ\u201d, situ\u00e9e en Mayenne, ont su nous rappeler qu\u2019<strong>au del\u00e0 de tout projet d\u2019agriculture et d\u2019\u00e9levage biologique, il y en a un autre<\/strong>, plus grand, plus beau, plus vaste, sans lequel toute initiative serait vou\u00e9e \u00e0 l\u2019\u00e9chec : <strong>cr\u00e9er du lien social, s\u2019unifier et s\u2019entraider<\/strong>.&nbsp;<\/p>\n\n\n\n<p>Depuis huit ans, ce couple a eu le courage d\u2019<strong>abandonner sa vie citadine pour partir vivre sur le chemin de l\u2019auto-suffisance<\/strong>, dans une ferme de polyculture \u00e9levage en Mayenne. <br>Les deux clefs de r\u00e9ussite de leur projet sont l\u2019entraide et la mod\u00e9ration.&nbsp;<\/p>\n\n\n\n<figure class=\"wp-block-image size-large\"><a href=\"https:\/\/www.altercampagne.net\/wp-content\/uploads\/2021\/07\/P1070120-scaled-e1627045562219.jpg\"><img loading=\"lazy\" decoding=\"async\" width=\"1024\" height=\"695\" src=\"https:\/\/www.altercampagne.net\/wp-content\/uploads\/2021\/07\/P1070120-scaled-e1627045562219-1024x695.jpg\" alt=\"\" class=\"wp-image-22702\" srcset=\"https:\/\/www.altercampagne.net\/wp-content\/uploads\/2021\/07\/P1070120-scaled-e1627045562219-1024x695.jpg 1024w, https:\/\/www.altercampagne.net\/wp-content\/uploads\/2021\/07\/P1070120-scaled-e1627045562219-300x204.jpg 300w, https:\/\/www.altercampagne.net\/wp-content\/uploads\/2021\/07\/P1070120-scaled-e1627045562219-768x522.jpg 768w, https:\/\/www.altercampagne.net\/wp-content\/uploads\/2021\/07\/P1070120-scaled-e1627045562219-610x414.jpg 610w, https:\/\/www.altercampagne.net\/wp-content\/uploads\/2021\/07\/P1070120-scaled-e1627045562219-100x68.jpg 100w, https:\/\/www.altercampagne.net\/wp-content\/uploads\/2021\/07\/P1070120-scaled-e1627045562219-862x585.jpg 862w, https:\/\/www.altercampagne.net\/wp-content\/uploads\/2021\/07\/P1070120-scaled-e1627045562219-1140x774.jpg 1140w, https:\/\/www.altercampagne.net\/wp-content\/uploads\/2021\/07\/P1070120-scaled-e1627045562219.jpg 1197w\" sizes=\"auto, (max-width: 1024px) 100vw, 1024px\" \/><\/a><figcaption>Marion (\u00a9In\u00e8s)<\/figcaption><\/figure>\n\n\n\n<h4 class=\"wp-block-heading\">L\u2019entraide : transformer le territoire ensemble<\/h4>\n\n\n\n<p>Marion et Antoine ont su nous montrer <strong>l\u2019importance de tisser des liens solides avec des associations vertueuses<\/strong> : Terre de liens (r\u00e9seau fondateur pour l\u2019acquisition du foncier), conseil municipal, association rurale de Mayenne (ADDEAR), Paysans de nature, Nature et Progr\u00e8s, AMAP Ile-de-France, associations culturelles, mais aussi avec les march\u00e9s locaux, les consommateurs et les \u00e9coles.&nbsp;<\/p>\n\n\n\n<p>Dans leur perspective d\u2019ouverture, leur ferme a o<strong>uvert une grange culturelle<\/strong>, qui accueille \u00e0 l\u2019occasion des spectacles, chorales, r\u00e9unions d\u2019associations et autres collectifs.<\/p>\n\n\n\n<h4 class=\"wp-block-heading\">L\u2019auto-suffisance ne rime pas avec solitude<\/h4>\n\n\n\n<p>Marion et Antoine ont su cr\u00e9er leur propre \u00e9cosyst\u00e8me, qui s\u2019inscrit dans un projet soci\u00e9tal : <strong>une multitude de petites exploitations agricoles interconnect\u00e9es et en coop\u00e9ration, \u00e0 taille humaine, qui prot\u00e8gent la nature en mettant en place des pratiques vertueuses<\/strong>. En bref : un r\u00e9seau de petites structures agro-\u00e9cologiques.<\/p>\n\n\n\n<p>Dans l\u2019id\u00e9al, il ne devrait pas y avoir de r\u00e9serves naturelles isol\u00e9es des fermes, mais des fermes qui sont des r\u00e9serves naturelles, voire des r\u00e9serves naturelles qui int\u00e8grent des fermes !<\/p>\n\n\n\n<figure class=\"wp-block-image size-large\"><a href=\"https:\/\/www.altercampagne.net\/wp-content\/uploads\/2021\/07\/P1070056-copie-scaled-e1627045586563.jpg\"><img loading=\"lazy\" decoding=\"async\" width=\"1024\" height=\"677\" src=\"https:\/\/www.altercampagne.net\/wp-content\/uploads\/2021\/07\/P1070056-copie-scaled-e1627045586563-1024x677.jpg\" alt=\"\" class=\"wp-image-22701\" srcset=\"https:\/\/www.altercampagne.net\/wp-content\/uploads\/2021\/07\/P1070056-copie-scaled-e1627045586563-1024x677.jpg 1024w, https:\/\/www.altercampagne.net\/wp-content\/uploads\/2021\/07\/P1070056-copie-scaled-e1627045586563-300x198.jpg 300w, https:\/\/www.altercampagne.net\/wp-content\/uploads\/2021\/07\/P1070056-copie-scaled-e1627045586563-768x508.jpg 768w, https:\/\/www.altercampagne.net\/wp-content\/uploads\/2021\/07\/P1070056-copie-scaled-e1627045586563-610x403.jpg 610w, https:\/\/www.altercampagne.net\/wp-content\/uploads\/2021\/07\/P1070056-copie-scaled-e1627045586563-100x66.jpg 100w, https:\/\/www.altercampagne.net\/wp-content\/uploads\/2021\/07\/P1070056-copie-scaled-e1627045586563-862x570.jpg 862w, https:\/\/www.altercampagne.net\/wp-content\/uploads\/2021\/07\/P1070056-copie-scaled-e1627045586563-1140x753.jpg 1140w, https:\/\/www.altercampagne.net\/wp-content\/uploads\/2021\/07\/P1070056-copie-scaled-e1627045586563.jpg 1197w\" sizes=\"auto, (max-width: 1024px) 100vw, 1024px\" \/><\/a><figcaption>Antoine (\u00a9In\u00e8s)<\/figcaption><\/figure>\n\n\n\n<h4 class=\"wp-block-heading\">La mod\u00e9ration : oser la petite ferme pour avancer sereinement<\/h4>\n\n\n\n<p>Avant de fonder cette ferme, Antoine a \u00e9t\u00e9 charg\u00e9 de mission environnementale. Il s\u2019est rendu compte de l\u2019immobilisme du syst\u00e8me. Comment se battre contre le poids des habitudes ?<\/p>\n\n\n\n<p>Finalement, la meilleure fa\u00e7on de changer les choses n\u2019\u00e9tait pas de tenter de convaincre l\u2019agriculture industrielle de changer, mais <strong>de devenir soi-m\u00eame agriculteur<\/strong>. C\u2019est gr\u00e2ce \u00e0 de nouveaux visages que l\u2019agriculture se transformera en profondeur. <strong>C\u2019est le moment id\u00e9al pour que de jeunes exploitants s\u2019installent \u00e0 la campagne<\/strong>, d\u2019autant que de nombreux paysans vont bient\u00f4t partir \u00e0 la retraite !&nbsp;<\/p>\n\n\n\n<p>Le succ\u00e8s du projet de Marion et Antoine est aussi li\u00e9 au <strong>peu de d\u00e9pendances<\/strong> aux produits achet\u00e9s \u00e0 l\u2019ext\u00e9rieur de leur ferme. Les b\u00eates se nourrissent de l\u2019herbe du p\u00e2turage et de foin l\u2019hiver ; et non de soja et de ma\u00efs import\u00e9s. <strong>Outre les b\u00e9n\u00e9fices environnementaux, cela all\u00e8ge les charges de la ferme et am\u00e9liore donc sa r\u00e9silience<\/strong>.<\/p>\n\n\n\n<p>Selon Antoine, <strong>le tout est de ne pas voir trop grand<\/strong>, pour ne pas se d\u00e9courager. <strong>Des structures \u00e0 taille humaine<\/strong> permettent de prendre un risque mesur\u00e9. Il vaut mieux s\u2019installer avec 10 ch\u00e8vres et progresser ensuite, \u201c<em>s\u2019essayer<\/em>\u201d. En somme, <strong>ne pas avoir peur de la modestie<\/strong>.<\/p>\n\n\n\n<h4 class=\"wp-block-heading\">Quelques informations clefs<\/h4>\n\n\n\n<ul class=\"wp-block-list\"><li>53 hectares en polyculture<\/li><li>100 000 euros d\u2019investissement au d\u00e9but (troupeau de vaches et machines)<\/li><li>22 vaches<\/li><li>21 000 euros par an d\u2019aides publiques venant de la PAC&nbsp;<\/li><\/ul>\n\n\n\n<p>Marion et Antoine con\u00e7oivent les aides publiques de la PAC comme une aide pour leur projet, et <strong>ils ont \u00e0 coeur de rendre \u00e0 la soci\u00e9t\u00e9 ce qu\u2019ils ont re\u00e7u<\/strong>, notamment en ouvrant leur ferme \u00e0 toute personne int\u00e9ress\u00e9e.<\/p>\n\n\n\n<p><strong>Conclusion<\/strong><\/p>\n\n\n\n<p><strong>Antoine et Marion ressentent avoir gagn\u00e9 beaucoup de libert\u00e9s<\/strong> avec la r\u00e9alisation de ce projet. Se sentir \u00e0 sa place, <strong>faire des choses qui r\u00e9sonnent en soi, cela n\u2019a pas de prix<\/strong>.<br>Selon eux, cette ferme \u201c<em><strong>c\u2019est un projet de vie avant d\u2019\u00eatre un projet agricole<\/strong><\/em>\u201d.&nbsp;<\/p>\n\n\n\n<p>Agir sur un petit territoire, et y \u00eatre performant \u00e9cologiquement, quelle belle le\u00e7on de vie !<\/p>\n\n\n\n<p>Un projet de vie ne doit pas s\u2019adapter \u00e0 l\u2019\u00e9cologie, l\u2019\u00e9cologie EST le projet de vie.<\/p>\n\n\n\n<p class=\"has-text-align-right\">Blaise<\/p>\n","protected":false},"excerpt":{"rendered":"<p>\u00ab\u00a0Agir sur un petit territoire, et y \u00eatre performant \u00e9cologiquement, quelle belle le\u00e7on de vie !\u00a0\u00bb<\/p>\n","protected":false},"author":215,"featured_media":22706,"comment_status":"closed","ping_status":"closed","sticky":false,"template":"","format":"standard","meta":{"footnotes":""},"categories":[3483,3489,4311,3473,4198,3485],"tags":[],"class_list":["post-22700","post","type-post","status-publish","format-standard","has-post-thumbnail","hentry","category-agriculture","category-alimentation","category-alter-d-tour","category-centre-val-de-loire","category-edition-2021","category-habitat"],"yoast_head":"<!-- This site is optimized with the Yoast SEO plugin v27.3 - https:\/\/yoast.com\/product\/yoast-seo-wordpress\/ -->\n<title>La ferme de la Giraudi\u00e8re (1\/2) : Comment tendre vers la d\u00e9mocratie alimentaire ? - AlterTour<\/title>\n<meta name=\"robots\" content=\"index, follow, max-snippet:-1, max-image-preview:large, max-video-preview:-1\" \/>\n<link rel=\"canonical\" href=\"https:\/\/www.altercampagne.net\/?p=22700\" \/>\n<meta property=\"og:locale\" content=\"fr_FR\" \/>\n<meta property=\"og:type\" content=\"article\" \/>\n<meta property=\"og:title\" content=\"La ferme de la Giraudi\u00e8re (1\/2) : Comment tendre vers la d\u00e9mocratie alimentaire ? - AlterTour\" \/>\n<meta property=\"og:description\" content=\"&quot;Agir sur un petit territoire, et y \u00eatre performant \u00e9cologiquement, quelle belle le\u00e7on de vie !&quot;\" \/>\n<meta property=\"og:url\" content=\"https:\/\/www.altercampagne.net\/?p=22700\" \/>\n<meta property=\"og:site_name\" content=\"AlterTour\" \/>\n<meta property=\"article:published_time\" content=\"2021-07-23T13:17:22+00:00\" \/>\n<meta property=\"article:modified_time\" content=\"2021-07-26T19:41:35+00:00\" \/>\n<meta property=\"og:image\" content=\"https:\/\/www.altercampagne.net\/wp-content\/uploads\/2021\/07\/photo-vaches-scaled-e1627045469913.jpg\" \/>\n\t<meta property=\"og:image:width\" content=\"1200\" \/>\n\t<meta property=\"og:image:height\" content=\"545\" \/>\n\t<meta property=\"og:image:type\" content=\"image\/jpeg\" \/>\n<meta name=\"author\" content=\"AlterTour\" \/>\n<meta name=\"twitter:card\" content=\"summary_large_image\" \/>\n<meta name=\"twitter:label1\" content=\"\u00c9crit par\" \/>\n\t<meta name=\"twitter:data1\" content=\"AlterTour\" \/>\n\t<meta name=\"twitter:label2\" content=\"Dur\u00e9e de lecture estim\u00e9e\" \/>\n\t<meta name=\"twitter:data2\" content=\"4 minutes\" \/>\n<script type=\"application\/ld+json\" class=\"yoast-schema-graph\">{\"@context\":\"https:\\\/\\\/schema.org\",\"@graph\":[{\"@type\":\"Article\",\"@id\":\"https:\\\/\\\/www.altercampagne.net\\\/?p=22700#article\",\"isPartOf\":{\"@id\":\"https:\\\/\\\/www.altercampagne.net\\\/?p=22700\"},\"author\":{\"name\":\"AlterTour\",\"@id\":\"https:\\\/\\\/www.altercampagne.net\\\/#\\\/schema\\\/person\\\/e5b68c803196f649c2152249d262d94a\"},\"headline\":\"La ferme de la Giraudi\u00e8re (1\\\/2) : Comment tendre vers la d\u00e9mocratie alimentaire ?\",\"datePublished\":\"2021-07-23T13:17:22+00:00\",\"dateModified\":\"2021-07-26T19:41:35+00:00\",\"mainEntityOfPage\":{\"@id\":\"https:\\\/\\\/www.altercampagne.net\\\/?p=22700\"},\"wordCount\":734,\"image\":{\"@id\":\"https:\\\/\\\/www.altercampagne.net\\\/?p=22700#primaryimage\"},\"thumbnailUrl\":\"https:\\\/\\\/www.altercampagne.net\\\/wp-content\\\/uploads\\\/2021\\\/07\\\/photo-vaches-scaled-e1627045469913.jpg\",\"articleSection\":[\"Agriculture\",\"Alimentation\",\"Alter-D-tour\",\"Centre-Val de Loire\",\"Edition 2021\",\"Habitat\"],\"inLanguage\":\"fr-FR\"},{\"@type\":\"WebPage\",\"@id\":\"https:\\\/\\\/www.altercampagne.net\\\/?p=22700\",\"url\":\"https:\\\/\\\/www.altercampagne.net\\\/?p=22700\",\"name\":\"La ferme de la Giraudi\u00e8re (1\\\/2) : Comment tendre vers la d\u00e9mocratie alimentaire ? - AlterTour\",\"isPartOf\":{\"@id\":\"https:\\\/\\\/www.altercampagne.net\\\/#website\"},\"primaryImageOfPage\":{\"@id\":\"https:\\\/\\\/www.altercampagne.net\\\/?p=22700#primaryimage\"},\"image\":{\"@id\":\"https:\\\/\\\/www.altercampagne.net\\\/?p=22700#primaryimage\"},\"thumbnailUrl\":\"https:\\\/\\\/www.altercampagne.net\\\/wp-content\\\/uploads\\\/2021\\\/07\\\/photo-vaches-scaled-e1627045469913.jpg\",\"datePublished\":\"2021-07-23T13:17:22+00:00\",\"dateModified\":\"2021-07-26T19:41:35+00:00\",\"author\":{\"@id\":\"https:\\\/\\\/www.altercampagne.net\\\/#\\\/schema\\\/person\\\/e5b68c803196f649c2152249d262d94a\"},\"breadcrumb\":{\"@id\":\"https:\\\/\\\/www.altercampagne.net\\\/?p=22700#breadcrumb\"},\"inLanguage\":\"fr-FR\",\"potentialAction\":[{\"@type\":\"ReadAction\",\"target\":[\"https:\\\/\\\/www.altercampagne.net\\\/?p=22700\"]}]},{\"@type\":\"ImageObject\",\"inLanguage\":\"fr-FR\",\"@id\":\"https:\\\/\\\/www.altercampagne.net\\\/?p=22700#primaryimage\",\"url\":\"https:\\\/\\\/www.altercampagne.net\\\/wp-content\\\/uploads\\\/2021\\\/07\\\/photo-vaches-scaled-e1627045469913.jpg\",\"contentUrl\":\"https:\\\/\\\/www.altercampagne.net\\\/wp-content\\\/uploads\\\/2021\\\/07\\\/photo-vaches-scaled-e1627045469913.jpg\",\"width\":1200,\"height\":545},{\"@type\":\"BreadcrumbList\",\"@id\":\"https:\\\/\\\/www.altercampagne.net\\\/?p=22700#breadcrumb\",\"itemListElement\":[{\"@type\":\"ListItem\",\"position\":1,\"name\":\"Accueil\",\"item\":\"https:\\\/\\\/www.altercampagne.net\\\/\"},{\"@type\":\"ListItem\",\"position\":2,\"name\":\"La ferme de la Giraudi\u00e8re (1\\\/2) : Comment tendre vers la d\u00e9mocratie alimentaire ?\"}]},{\"@type\":\"WebSite\",\"@id\":\"https:\\\/\\\/www.altercampagne.net\\\/#website\",\"url\":\"https:\\\/\\\/www.altercampagne.net\\\/\",\"name\":\"AlterTour\",\"description\":\"Reliez les Alternatives \u00e0 v\u00e9lo\",\"potentialAction\":[{\"@type\":\"SearchAction\",\"target\":{\"@type\":\"EntryPoint\",\"urlTemplate\":\"https:\\\/\\\/www.altercampagne.net\\\/?s={search_term_string}\"},\"query-input\":{\"@type\":\"PropertyValueSpecification\",\"valueRequired\":true,\"valueName\":\"search_term_string\"}}],\"inLanguage\":\"fr-FR\"},{\"@type\":\"Person\",\"@id\":\"https:\\\/\\\/www.altercampagne.net\\\/#\\\/schema\\\/person\\\/e5b68c803196f649c2152249d262d94a\",\"name\":\"AlterTour\",\"image\":{\"@type\":\"ImageObject\",\"inLanguage\":\"fr-FR\",\"@id\":\"https:\\\/\\\/secure.gravatar.com\\\/avatar\\\/3f2ed77f8506b8ea264ad5938bb0114bfa10f35b64086a66dfbb6e9f58ad9693?s=96&d=mm&r=g\",\"url\":\"https:\\\/\\\/secure.gravatar.com\\\/avatar\\\/3f2ed77f8506b8ea264ad5938bb0114bfa10f35b64086a66dfbb6e9f58ad9693?s=96&d=mm&r=g\",\"contentUrl\":\"https:\\\/\\\/secure.gravatar.com\\\/avatar\\\/3f2ed77f8506b8ea264ad5938bb0114bfa10f35b64086a66dfbb6e9f58ad9693?s=96&d=mm&r=g\",\"caption\":\"AlterTour\"},\"url\":\"https:\\\/\\\/www.altercampagne.net\\\/?author=215\"}]}<\/script>\n<!-- \/ Yoast SEO plugin. -->","yoast_head_json":{"title":"La ferme de la Giraudi\u00e8re (1\/2) : Comment tendre vers la d\u00e9mocratie alimentaire ? - AlterTour","robots":{"index":"index","follow":"follow","max-snippet":"max-snippet:-1","max-image-preview":"max-image-preview:large","max-video-preview":"max-video-preview:-1"},"canonical":"https:\/\/www.altercampagne.net\/?p=22700","og_locale":"fr_FR","og_type":"article","og_title":"La ferme de la Giraudi\u00e8re (1\/2) : Comment tendre vers la d\u00e9mocratie alimentaire ? - AlterTour","og_description":"\"Agir sur un petit territoire, et y \u00eatre performant \u00e9cologiquement, quelle belle le\u00e7on de vie !\"","og_url":"https:\/\/www.altercampagne.net\/?p=22700","og_site_name":"AlterTour","article_published_time":"2021-07-23T13:17:22+00:00","article_modified_time":"2021-07-26T19:41:35+00:00","og_image":[{"width":1200,"height":545,"url":"https:\/\/www.altercampagne.net\/wp-content\/uploads\/2021\/07\/photo-vaches-scaled-e1627045469913.jpg","type":"image\/jpeg"}],"author":"AlterTour","twitter_card":"summary_large_image","twitter_misc":{"\u00c9crit par":"AlterTour","Dur\u00e9e de lecture estim\u00e9e":"4 minutes"},"schema":{"@context":"https:\/\/schema.org","@graph":[{"@type":"Article","@id":"https:\/\/www.altercampagne.net\/?p=22700#article","isPartOf":{"@id":"https:\/\/www.altercampagne.net\/?p=22700"},"author":{"name":"AlterTour","@id":"https:\/\/www.altercampagne.net\/#\/schema\/person\/e5b68c803196f649c2152249d262d94a"},"headline":"La ferme de la Giraudi\u00e8re (1\/2) : Comment tendre vers la d\u00e9mocratie alimentaire ?","datePublished":"2021-07-23T13:17:22+00:00","dateModified":"2021-07-26T19:41:35+00:00","mainEntityOfPage":{"@id":"https:\/\/www.altercampagne.net\/?p=22700"},"wordCount":734,"image":{"@id":"https:\/\/www.altercampagne.net\/?p=22700#primaryimage"},"thumbnailUrl":"https:\/\/www.altercampagne.net\/wp-content\/uploads\/2021\/07\/photo-vaches-scaled-e1627045469913.jpg","articleSection":["Agriculture","Alimentation","Alter-D-tour","Centre-Val de Loire","Edition 2021","Habitat"],"inLanguage":"fr-FR"},{"@type":"WebPage","@id":"https:\/\/www.altercampagne.net\/?p=22700","url":"https:\/\/www.altercampagne.net\/?p=22700","name":"La ferme de la Giraudi\u00e8re (1\/2) : Comment tendre vers la d\u00e9mocratie alimentaire ? - AlterTour","isPartOf":{"@id":"https:\/\/www.altercampagne.net\/#website"},"primaryImageOfPage":{"@id":"https:\/\/www.altercampagne.net\/?p=22700#primaryimage"},"image":{"@id":"https:\/\/www.altercampagne.net\/?p=22700#primaryimage"},"thumbnailUrl":"https:\/\/www.altercampagne.net\/wp-content\/uploads\/2021\/07\/photo-vaches-scaled-e1627045469913.jpg","datePublished":"2021-07-23T13:17:22+00:00","dateModified":"2021-07-26T19:41:35+00:00","author":{"@id":"https:\/\/www.altercampagne.net\/#\/schema\/person\/e5b68c803196f649c2152249d262d94a"},"breadcrumb":{"@id":"https:\/\/www.altercampagne.net\/?p=22700#breadcrumb"},"inLanguage":"fr-FR","potentialAction":[{"@type":"ReadAction","target":["https:\/\/www.altercampagne.net\/?p=22700"]}]},{"@type":"ImageObject","inLanguage":"fr-FR","@id":"https:\/\/www.altercampagne.net\/?p=22700#primaryimage","url":"https:\/\/www.altercampagne.net\/wp-content\/uploads\/2021\/07\/photo-vaches-scaled-e1627045469913.jpg","contentUrl":"https:\/\/www.altercampagne.net\/wp-content\/uploads\/2021\/07\/photo-vaches-scaled-e1627045469913.jpg","width":1200,"height":545},{"@type":"BreadcrumbList","@id":"https:\/\/www.altercampagne.net\/?p=22700#breadcrumb","itemListElement":[{"@type":"ListItem","position":1,"name":"Accueil","item":"https:\/\/www.altercampagne.net\/"},{"@type":"ListItem","position":2,"name":"La ferme de la Giraudi\u00e8re (1\/2) : Comment tendre vers la d\u00e9mocratie alimentaire ?"}]},{"@type":"WebSite","@id":"https:\/\/www.altercampagne.net\/#website","url":"https:\/\/www.altercampagne.net\/","name":"AlterTour","description":"Reliez les Alternatives \u00e0 v\u00e9lo","potentialAction":[{"@type":"SearchAction","target":{"@type":"EntryPoint","urlTemplate":"https:\/\/www.altercampagne.net\/?s={search_term_string}"},"query-input":{"@type":"PropertyValueSpecification","valueRequired":true,"valueName":"search_term_string"}}],"inLanguage":"fr-FR"},{"@type":"Person","@id":"https:\/\/www.altercampagne.net\/#\/schema\/person\/e5b68c803196f649c2152249d262d94a","name":"AlterTour","image":{"@type":"ImageObject","inLanguage":"fr-FR","@id":"https:\/\/secure.gravatar.com\/avatar\/3f2ed77f8506b8ea264ad5938bb0114bfa10f35b64086a66dfbb6e9f58ad9693?s=96&d=mm&r=g","url":"https:\/\/secure.gravatar.com\/avatar\/3f2ed77f8506b8ea264ad5938bb0114bfa10f35b64086a66dfbb6e9f58ad9693?s=96&d=mm&r=g","contentUrl":"https:\/\/secure.gravatar.com\/avatar\/3f2ed77f8506b8ea264ad5938bb0114bfa10f35b64086a66dfbb6e9f58ad9693?s=96&d=mm&r=g","caption":"AlterTour"},"url":"https:\/\/www.altercampagne.net\/?author=215"}]}},"_links":{"self":[{"href":"https:\/\/www.altercampagne.net\/index.php?rest_route=\/wp\/v2\/posts\/22700","targetHints":{"allow":["GET"]}}],"collection":[{"href":"https:\/\/www.altercampagne.net\/index.php?rest_route=\/wp\/v2\/posts"}],"about":[{"href":"https:\/\/www.altercampagne.net\/index.php?rest_route=\/wp\/v2\/types\/post"}],"author":[{"embeddable":true,"href":"https:\/\/www.altercampagne.net\/index.php?rest_route=\/wp\/v2\/users\/215"}],"replies":[{"embeddable":true,"href":"https:\/\/www.altercampagne.net\/index.php?rest_route=%2Fwp%2Fv2%2Fcomments&post=22700"}],"version-history":[{"count":3,"href":"https:\/\/www.altercampagne.net\/index.php?rest_route=\/wp\/v2\/posts\/22700\/revisions"}],"predecessor-version":[{"id":22710,"href":"https:\/\/www.altercampagne.net\/index.php?rest_route=\/wp\/v2\/posts\/22700\/revisions\/22710"}],"wp:featuredmedia":[{"embeddable":true,"href":"https:\/\/www.altercampagne.net\/index.php?rest_route=\/wp\/v2\/media\/22706"}],"wp:attachment":[{"href":"https:\/\/www.altercampagne.net\/index.php?rest_route=%2Fwp%2Fv2%2Fmedia&parent=22700"}],"wp:term":[{"taxonomy":"category","embeddable":true,"href":"https:\/\/www.altercampagne.net\/index.php?rest_route=%2Fwp%2Fv2%2Fcategories&post=22700"},{"taxonomy":"post_tag","embeddable":true,"href":"https:\/\/www.altercampagne.net\/index.php?rest_route=%2Fwp%2Fv2%2Ftags&post=22700"}],"curies":[{"name":"wp","href":"https:\/\/api.w.org\/{rel}","templated":true}]}}