{"id":22717,"date":"2021-07-22T19:24:00","date_gmt":"2021-07-22T17:24:00","guid":{"rendered":"https:\/\/www.altercampagne.net\/?p=22717"},"modified":"2021-07-29T15:20:16","modified_gmt":"2021-07-29T13:20:16","slug":"3-femmes-puissantes","status":"publish","type":"post","link":"https:\/\/www.altercampagne.net\/?p=22717","title":{"rendered":"3 femmes puissantes"},"content":{"rendered":"\n<h4 class=\"wp-block-heading\">11 jours et 12 856 coups de p\u00e9dales plus tard <\/h4>\n\n\n\n<p>Apr\u00e8s une journ\u00e9e de v\u00e9lo \u00e9reintante, faite de descentes et de mont\u00e9es bien cors\u00e9es, nous franchissons le cours de l&rsquo;Orbiquet et apr\u00e8s une \u00e9ni\u00e8me pente \u00e0 grimper, d\u00e9barquons dans la prairie du <strong><a href=\"https:\/\/www.doc-cd.net\/levaldespossibles\/\" target=\"_blank\" rel=\"noreferrer noopener\">Val des possibles<\/a><\/strong>. Notre r\u00e9compense : le panorama sur les vallons. Autour des tentes qui se montent, les taches de fleurs sauvages \u00e9gayent les hautes herbes. Le blanc en pompon de l&rsquo;achill\u00e9e se m\u00eale au jaune du millepertuis et au violet des chardons, tr\u00e8fles et centaur\u00e9es.<\/p>\n\n\n\n<p><br>En redescendant <strong>au fond de la vall\u00e9e on d\u00e9couvre le jardin<\/strong> \u00e0 proprement parler. La luxuriance d&rsquo;un bananier c\u00f4toie les choux de Bruxelles et une jungle de courgettes. Les capucines content fleurette \u00e0 la menthe. Diff\u00e9rents massifs s&rsquo;ess\u00e8ment au gr\u00e9 de la pelouse, l\u00e0 des poireaux en rang d&rsquo;oignon, ici une ronde de pommes de terre. Des courges escaladent des tuteurs en noisetiers, un bosquet de lilas d\u00e9gouline de fleurs violettes. Il y a l\u00e0 un cama\u00efeu de planches : les coquelicots fr\u00e9missent pr\u00e8s des soucis, des artichauts dodelinent enlac\u00e9s par la mauve. Dans la serre, des choux rave gros comme ma t\u00eate sont en bon voisinage avec les tomates et les concombres. Des structures diverses de bois et de cordes attendent de se faire coloniser par des grimpants. En surplomb, un chalet en bois, dont la balustrade est orn\u00e9e de c\u0153ur, tr\u00e8fle, pique et carreau.<br>Ici nous sommes accueilli.e.s par <strong>C\u00e9line et Blandine, \u00e9galement accompagn\u00e9es pour l&rsquo;occasion par No\u00eblle. Les trois femmes sont unies par des rencontres aux Beaux-Arts et au jardin.<\/strong><\/p>\n\n\n\n<p>C\u00e9line et No\u00eblle se sont connues \u00e0 l&rsquo;\u00e9cole des Beaux Arts de Caen o\u00f9 la premi\u00e8re enseignait la photographie. No\u00eblle fut un temps assistante de sa professeure artiste et \u00e0 un moment elles \u00e9chang\u00e8rent de r\u00f4le et c&rsquo;est C\u00e9line qui l&rsquo;assista dans le jardin de sa famille. Blandine est aussi pass\u00e9 par les bancs des Beaux Arts et C\u00e9line a repris contact avec elle en entendant parler de son projet de tour du monde en trottinette. <\/p>\n\n\n\n<h4 class=\"wp-block-heading\"><a href=\"https:\/\/dansmaculotte.com\/fr\" target=\"_blank\" rel=\"noreferrer noopener\">Dans ma culotte<\/a><\/h4>\n\n\n\n<p><br>No\u00eblle est la premi\u00e8re de la soir\u00e9e \u00e0 nous pr\u00e9senter son projet. En revenant de plusieurs ann\u00e9es \u00e0 vivre en R\u00e9publique Tch\u00e8que, un ami lui conseille de participer \u00e0 un <strong>\u00ab\u00a0start up weekend\u00a0\u00bb<\/strong>, le moyen de faire des rencontres vari\u00e9es et de faire progresser un bourgeon de projet. Elle s&rsquo;y rend avec l&rsquo;id\u00e9e de <strong>fabriquer des mouchoirs en tissu<\/strong> : ils sont d&rsquo;utilisation courante en R\u00e9publique Tch\u00e8que et permettent de remplacer ceux en papier qui sont issus d&rsquo;une industrie polluante (sans parler du fait que quand on en oublie un dans la poche, \u00e7a fait des miettes partout \u00e0 la lessive). No\u00eblle rencontre Marie, qui est heureuse de trouver un projet autour d&rsquo;un objet du quotidien plut\u00f4t qu&rsquo;une \u00e9ni\u00e8me application mobile. Mais Marie propose de passer du mouchoir \u00e0 la <strong>serviette hygi\u00e9nique<\/strong> : on est en 2007 et l&rsquo;id\u00e9e de serviette en tissu lavable est totalement in\u00e9dite en France. Marie a eu l&rsquo;id\u00e9e par des amies aux Etats-Unis, o\u00f9 le concept commence \u00e0 se r\u00e9pandre. Elle est touch\u00e9e par cette th\u00e9matique car elle a appris qu&rsquo;elle est infertile et <strong>s&rsquo;interroge sur l&rsquo;impact des tampons<\/strong>, blanchi au chlore et potentiellement bourr\u00e9s de perturbateurs endocriniens, qu&rsquo;elle utilise depuis ses 13 ans.<\/p>\n\n\n\n<p><br>Elles con\u00e7oivent ensemble une <strong><a href=\"https:\/\/dansmaculotte.com\/fr\" target=\"_blank\" rel=\"noreferrer noopener\">gamme de coupes menstruelles, serviettes lavables et culotte de r\u00e8gles<\/a>.<\/strong> Elles ont la volont\u00e9 d&rsquo;<strong>accompagner les personnes r\u00e9gl\u00e9es pour \u00eatre bien dans leur corps et dans leur t\u00eate<\/strong>. Ca passe par des protections accessibles et adapt\u00e9es et aussi par la possibilit\u00e9 d&rsquo;en parler : le sang n&rsquo;est pas sale et n&rsquo;a pas \u00e0 \u00eatre tabou ! Il est important pour les deux entrepreneuses de prot\u00e9ger \u00e0 la fois celleux qui portent leur protection et celleux qui les fabrique et donc d&rsquo;<strong>utiliser les mat\u00e9riaux les plus sains possible, certifi\u00e9s, respectueux de la sant\u00e9 et de l&rsquo;environnement.<\/strong><br>Pour conclure sa pr\u00e9sentation, No\u00eblle nous propose de gagner des prot\u00e8ge-slip lavables en r\u00e9pondant \u00e0 un quizz : des questions sur la th\u00e9matique des r\u00e8gles se m\u00ealent \u00e0 un blind test. Entre No woman no cry et Sunday bloody Sunday, on s&rsquo;interroge donc sur les diverses appellations pour les r\u00e8gles, les moyens de g\u00e9rer ce flux sanguin, l&rsquo;\u00e2ge o\u00f9 on a ses premi\u00e8res r\u00e8gles et la dur\u00e9e du cycle (une question pi\u00e8ge ! elle nous propose le choix entre 25, 28 et 31 jours et bien \u00e9duqu\u00e9.e.s par nos cours de SVT nous r\u00e9pondons en c\u0153ur 28 ! alors que les cycles peuvent varier en dur\u00e9e selon les personnes et selon les moments). Nous apprenons aussi que <strong>le nombre de personnes touch\u00e9.e.s par la pr\u00e9carit\u00e9 menstruelle s&rsquo;\u00e9l\u00e8ve \u00e0 1,7 million en France<\/strong> (la pr\u00e9carit\u00e9 menstruelle d\u00e9signe le fait de ne pas avoir les moyens financiers d&rsquo;acheter chaque mois des protections adapt\u00e9es ou bien de ne pas avoir les conditions pour les utiliser correctement).<br>Suite \u00e0 cette g\u00e9n\u00e9reuse distribution d&rsquo;informations et de produits r\u00e9utilisables, c&rsquo;est Blandine qui prend la parole.<\/p>\n\n\n\n<h4 class=\"wp-block-heading\">Un tour du monde en trottinette<\/h4>\n\n\n\n<p><em>Blandine Barth\u00e9l\u00e9my &#8211; <a href=\"http:\/\/www.wot.latrottineuse.com\/fr\/vie-simple-world-open-tour\/\" target=\"_blank\" rel=\"noreferrer noopener\"><strong>Kick the world<\/strong><\/a> &#8211; Une qu\u00eate \u00e9pique de la vie bonne<\/em><br>Sous le pr\u00e9au o\u00f9 nous sommes r\u00e9uni.e.s un \u00e9cran de tissu sert de support \u00e0 un diaporama, une s\u00e9lection de photos prises par Blandine lors de son voyage autour du monde, de 2015 \u00e0 2020.<br>Elle est assise \u00e0 c\u00f4t\u00e9 de l&rsquo;\u00e9cran et nous <strong>lit un texte qu&rsquo;elle a \u00e9crit pour <em>200<\/em>, un magazine de voyage \u00e0 v\u00e9lo alternatif<\/strong>. Son texte tente d&rsquo;expliquer pourquoi elle est partie pour ce long voyage, avec ce mode de d\u00e9placement surprenant : une trottinette (ne vas pas imaginer, ch\u00e8r.e lecteurice une des ces petites patinettes pour enfant ou un des bolides \u00e9lectriques qui pullulent sur les trottoirs en ville, l&rsquo;engin ressemble plut\u00f4t \u00e0 un v\u00e9lo, par la taille de ses roues, bien qu&rsquo;il poss\u00e8de une simple plateforme en lieu et place du p\u00e9dalier).<\/p>\n\n\n\n<p><br>Blandine \u00e9voque une qu\u00eate de la vie bonne, questionne l&rsquo;<strong>immobilit\u00e9<\/strong>, selon ses mots, <strong>une allure non naturelle \u00e0 l&rsquo;homme<\/strong>. Elle parle de fuir l&rsquo;oppression, une vie urbaine pleine d&rsquo;insomnies et d&rsquo;anxi\u00e9t\u00e9s, d&rsquo;assouvir une soif d&rsquo;\u00e9mancipation et de r\u00e9volte. Elle clame un refus de m\u00e9diocrit\u00e9 : <em>\u00ab\u00a0je ne veux pas vivoter\u00a0\u00bb<\/em>. <strong>Partir sur les chemins, rouler, est pour elle le moyen de s&rsquo;\u00e9manciper, d\u00e9couvrir ce qu&rsquo;est vivre et atteindre enfin une connaissance intime du r\u00e9el.<\/strong> Elle rejette <em>\u00ab\u00a0la tribu qui veut toujours plus, la tribu qui sacrifie ses individus pour accumuler\u00a0\u00bb<\/em> et poss\u00e8de la volont\u00e9 de s&rsquo;\u00e9lancer, tout juste arm\u00e9e de quoi r\u00e9sister aux saisons, pour traverser toutes les g\u00e9ographies et par ce voyage, apprendre \u00e0 l&rsquo;<strong>universit\u00e9 de la vie<\/strong>.<\/p>\n\n\n\n<p><br>Sur l&rsquo;\u00e9cran de tissu les images se succ\u00e8dent, des paysages, sa tente et sa trottinette dans une vari\u00e9t\u00e9 d&rsquo;endroits : devant des palais, des arbres, la mer, la montagne, sur une infinit\u00e9 de routes diverses, le contenu de sa gamelle, son r\u00e9chaud, ses chaussures \u00e0 la semelle d\u00e9fonc\u00e9e ou pleines de boue, elle m\u00eame face au paysage et puis les nombreux visages de celles et ceux qu&rsquo;elle a pu croiser. <strong>Nous tou.te.s en silence, sommes hypnotis\u00e9.e.s par ces deux formes de po\u00e9sie superpos\u00e9es, les images que Blandine a rapport\u00e9es de son \u00e9pop\u00e9e et ses mots.<\/strong> Son texte est dense, long, empli de ses questionnements philosophiques, regorgeant de mots beaux, parfois longs et inusit\u00e9s, assembl\u00e9s avec soin et pr\u00e9cision. Malgr\u00e9 la fatigue, elle nous tient dans son r\u00e9cit et quand elle le termine, un rugissement d&rsquo;applaudissement surgit.<br>Il est suivi du dernier t\u00e9moignage de la soir\u00e9e &nbsp;: celui de C\u00e9line sur ce lieu o\u00f9 nous sommes accueilli.e.s.<\/p>\n\n\n\n<h4 class=\"wp-block-heading\">Le Val des Possibles<\/h4>\n\n\n\n<p><br>C\u00e9line et Blandine sont install\u00e9es ici \u00e0 Valorbiquet depuis l&rsquo;automne 2020. Elles disent avoir eu un coup de foudre pour ce lieu, comme on en a pour un humain.<\/p>\n\n\n\n<p><br>Le premier contact entre elles s&rsquo;\u00e9tait fait alors que Blandine \u00e9tait encore en voyage, lorsque C\u00e9line l&rsquo;a contact\u00e9e pour l&rsquo;interroger sur son p\u00e9riple en cours, une des question qu&rsquo;elle lui a pos\u00e9e \u00e9tait <em><strong>\u00ab\u00a0qu&rsquo;est ce que ce serait ta vie de s\u00e9dentaire ?\u00a0\u00bb<\/strong><\/em> Sa r\u00e9ponse correspondait \u00e0 une <strong>vision partag\u00e9e<\/strong> par C\u00e9line et la crise du Covid ayant pr\u00e9cipit\u00e9 la fin du voyage au d\u00e9but de l&rsquo;ann\u00e9e 2020, elle est revenue en France. La proposition initiale de r\u00e9sidence d&rsquo;\u00e9criture s&rsquo;est transform\u00e9e et les deux femmes se sont install\u00e9es ensemble sur le terrain et ont cr\u00e9er <a href=\"https:\/\/www.doc-cd.net\/levaldespossibles\/#:~:text=L%E2%80%99association%20%C2%AB%20le%20val%20des%20possibles%20%C2%BB%2C%20cr%C3%A9%C3%A9e,est%20cultiv%C3%A9%20dans%20le%20Pays%20d%E2%80%99Auge%2C%20en%20Normandie.\" target=\"_blank\" rel=\"noreferrer noopener\"><strong>Le val des possibles<\/strong><\/a>.<\/p>\n\n\n\n<p><br>Le couple de photographes nous racontent photographier tr\u00e8s peu depuis leur installation sur le lieu. Pour Blandine c&rsquo;est le cadre s\u00e9dentaire qui rend difficile de se mettre derri\u00e8re l&rsquo;objectif, elle pr\u00e9f\u00e8re observer simplement la belle lumi\u00e8re. C\u00e9line avoue pr\u00e9f\u00e9rer \u00eatre au jardin plut\u00f4t que derri\u00e8re l&rsquo;\u00e9cran \u00e0 retravailler ses images. <strong>Elles \u00e9voquent la question de capturer le moment ou de le vivre pleinement, est ce que la photo nous emp\u00eache de vivre au pr\u00e9sent ?<\/strong> Il y a aussi la pl\u00e9thore d&rsquo;images d\u00e9j\u00e0 disponibles aujourd&rsquo;hui et donc cette interrogation : cela vaut-il la peine de prendre cette photo de ma premi\u00e8re courgette de l&rsquo;ann\u00e9e, dont je suis si fi\u00e8re, en sachant qu&rsquo;il existe des centaines de clich\u00e9s similaires ?<br>A la question \u00ab\u00a0mais alors quel est votre but ici, quel est l&rsquo;objectif ?\u00a0\u00bb elles r\u00e9pondent&#8230; <strong>rechercher la vie bonne et vivre au temps pr\u00e9sent.<\/strong> Oui il y a une esp\u00e9rance de produire leur nourriture gr\u00e2ce au jardin et aux \u00e9changes avec les voisins mais <strong>plus simplement, en allant \u00e0 l&rsquo;essentiel c&rsquo;est \u00eatre au monde, au pr\u00e9sent.<\/strong> Observer l&rsquo;\u00e9volution des plantes, leur beaut\u00e9, et avoir les m\u00e9sanges dans la mangeoire en guise de t\u00e9l\u00e9.<\/p>\n\n\n\n<p class=\"has-text-align-right\"><em>\u00a9 Herbert Roers<\/em><\/p>\n","protected":false},"excerpt":{"rendered":"<p>Apr\u00e8s une journ\u00e9e de v\u00e9lo \u00e9reintante, faite de descentes et de mont\u00e9es bien cors\u00e9es, nous franchissons le cours de l&rsquo;Orbiquet et apr\u00e8s une \u00e9ni\u00e8me pente \u00e0 grimper, d\u00e9barquons dans la prairie du Val des possibles. Notre r\u00e9compense : le panorama sur les vallons.<\/p>\n","protected":false},"author":361,"featured_media":22744,"comment_status":"closed","ping_status":"closed","sticky":false,"template":"","format":"standard","meta":{"footnotes":""},"categories":[3483,3490,4198,3478,3485],"tags":[],"class_list":["post-22717","post","type-post","status-publish","format-standard","has-post-thumbnail","hentry","category-agriculture","category-culture","category-edition-2021","category-normandie","category-habitat"],"yoast_head":"<!-- This site is optimized with the Yoast SEO plugin v27.3 - https:\/\/yoast.com\/product\/yoast-seo-wordpress\/ -->\n<title>3 femmes puissantes - AlterTour<\/title>\n<meta name=\"robots\" content=\"index, follow, max-snippet:-1, max-image-preview:large, max-video-preview:-1\" \/>\n<link rel=\"canonical\" href=\"https:\/\/www.altercampagne.net\/?p=22717\" \/>\n<meta property=\"og:locale\" content=\"fr_FR\" \/>\n<meta property=\"og:type\" content=\"article\" \/>\n<meta property=\"og:title\" content=\"3 femmes puissantes - AlterTour\" \/>\n<meta property=\"og:description\" content=\"Apr\u00e8s une journ\u00e9e de v\u00e9lo \u00e9reintante, faite de descentes et de mont\u00e9es bien cors\u00e9es, nous franchissons le cours de l&#039;Orbiquet et apr\u00e8s une \u00e9ni\u00e8me pente \u00e0 grimper, d\u00e9barquons dans la prairie du Val des possibles. Notre r\u00e9compense : le panorama sur les vallons.\" \/>\n<meta property=\"og:url\" content=\"https:\/\/www.altercampagne.net\/?p=22717\" \/>\n<meta property=\"og:site_name\" content=\"AlterTour\" \/>\n<meta property=\"article:published_time\" content=\"2021-07-22T17:24:00+00:00\" \/>\n<meta property=\"article:modified_time\" content=\"2021-07-29T13:20:16+00:00\" \/>\n<meta property=\"og:image\" content=\"https:\/\/www.altercampagne.net\/wp-content\/uploads\/2021\/07\/Le-val-des-possibles-scaled.jpg\" \/>\n\t<meta property=\"og:image:width\" content=\"2560\" \/>\n\t<meta property=\"og:image:height\" content=\"1708\" \/>\n\t<meta property=\"og:image:type\" content=\"image\/jpeg\" \/>\n<meta name=\"author\" content=\"Pauline\" \/>\n<meta name=\"twitter:card\" content=\"summary_large_image\" \/>\n<meta name=\"twitter:label1\" content=\"\u00c9crit par\" \/>\n\t<meta name=\"twitter:data1\" content=\"Pauline\" \/>\n\t<meta name=\"twitter:label2\" content=\"Dur\u00e9e de lecture estim\u00e9e\" \/>\n\t<meta name=\"twitter:data2\" content=\"7 minutes\" \/>\n<script type=\"application\/ld+json\" class=\"yoast-schema-graph\">{\"@context\":\"https:\\\/\\\/schema.org\",\"@graph\":[{\"@type\":\"Article\",\"@id\":\"https:\\\/\\\/www.altercampagne.net\\\/?p=22717#article\",\"isPartOf\":{\"@id\":\"https:\\\/\\\/www.altercampagne.net\\\/?p=22717\"},\"author\":{\"name\":\"Pauline\",\"@id\":\"https:\\\/\\\/www.altercampagne.net\\\/#\\\/schema\\\/person\\\/caf30ed73e072285b8f761300370ddb5\"},\"headline\":\"3 femmes puissantes\",\"datePublished\":\"2021-07-22T17:24:00+00:00\",\"dateModified\":\"2021-07-29T13:20:16+00:00\",\"mainEntityOfPage\":{\"@id\":\"https:\\\/\\\/www.altercampagne.net\\\/?p=22717\"},\"wordCount\":1776,\"image\":{\"@id\":\"https:\\\/\\\/www.altercampagne.net\\\/?p=22717#primaryimage\"},\"thumbnailUrl\":\"https:\\\/\\\/www.altercampagne.net\\\/wp-content\\\/uploads\\\/2021\\\/07\\\/Le-val-des-possibles-scaled.jpg\",\"articleSection\":[\"Agriculture\",\"Culture\",\"Edition 2021\",\"Normandie\",\"Habitat\"],\"inLanguage\":\"fr-FR\"},{\"@type\":\"WebPage\",\"@id\":\"https:\\\/\\\/www.altercampagne.net\\\/?p=22717\",\"url\":\"https:\\\/\\\/www.altercampagne.net\\\/?p=22717\",\"name\":\"3 femmes puissantes - AlterTour\",\"isPartOf\":{\"@id\":\"https:\\\/\\\/www.altercampagne.net\\\/#website\"},\"primaryImageOfPage\":{\"@id\":\"https:\\\/\\\/www.altercampagne.net\\\/?p=22717#primaryimage\"},\"image\":{\"@id\":\"https:\\\/\\\/www.altercampagne.net\\\/?p=22717#primaryimage\"},\"thumbnailUrl\":\"https:\\\/\\\/www.altercampagne.net\\\/wp-content\\\/uploads\\\/2021\\\/07\\\/Le-val-des-possibles-scaled.jpg\",\"datePublished\":\"2021-07-22T17:24:00+00:00\",\"dateModified\":\"2021-07-29T13:20:16+00:00\",\"author\":{\"@id\":\"https:\\\/\\\/www.altercampagne.net\\\/#\\\/schema\\\/person\\\/caf30ed73e072285b8f761300370ddb5\"},\"breadcrumb\":{\"@id\":\"https:\\\/\\\/www.altercampagne.net\\\/?p=22717#breadcrumb\"},\"inLanguage\":\"fr-FR\",\"potentialAction\":[{\"@type\":\"ReadAction\",\"target\":[\"https:\\\/\\\/www.altercampagne.net\\\/?p=22717\"]}]},{\"@type\":\"ImageObject\",\"inLanguage\":\"fr-FR\",\"@id\":\"https:\\\/\\\/www.altercampagne.net\\\/?p=22717#primaryimage\",\"url\":\"https:\\\/\\\/www.altercampagne.net\\\/wp-content\\\/uploads\\\/2021\\\/07\\\/Le-val-des-possibles-scaled.jpg\",\"contentUrl\":\"https:\\\/\\\/www.altercampagne.net\\\/wp-content\\\/uploads\\\/2021\\\/07\\\/Le-val-des-possibles-scaled.jpg\",\"width\":2560,\"height\":1708},{\"@type\":\"BreadcrumbList\",\"@id\":\"https:\\\/\\\/www.altercampagne.net\\\/?p=22717#breadcrumb\",\"itemListElement\":[{\"@type\":\"ListItem\",\"position\":1,\"name\":\"Accueil\",\"item\":\"https:\\\/\\\/www.altercampagne.net\\\/\"},{\"@type\":\"ListItem\",\"position\":2,\"name\":\"3 femmes puissantes\"}]},{\"@type\":\"WebSite\",\"@id\":\"https:\\\/\\\/www.altercampagne.net\\\/#website\",\"url\":\"https:\\\/\\\/www.altercampagne.net\\\/\",\"name\":\"AlterTour\",\"description\":\"Reliez les Alternatives \u00e0 v\u00e9lo\",\"potentialAction\":[{\"@type\":\"SearchAction\",\"target\":{\"@type\":\"EntryPoint\",\"urlTemplate\":\"https:\\\/\\\/www.altercampagne.net\\\/?s={search_term_string}\"},\"query-input\":{\"@type\":\"PropertyValueSpecification\",\"valueRequired\":true,\"valueName\":\"search_term_string\"}}],\"inLanguage\":\"fr-FR\"},{\"@type\":\"Person\",\"@id\":\"https:\\\/\\\/www.altercampagne.net\\\/#\\\/schema\\\/person\\\/caf30ed73e072285b8f761300370ddb5\",\"name\":\"Pauline\",\"image\":{\"@type\":\"ImageObject\",\"inLanguage\":\"fr-FR\",\"@id\":\"https:\\\/\\\/secure.gravatar.com\\\/avatar\\\/f84b78638c34b3d6ac7339a8ef00413d11da3b09ee578a762504104ff060cde7?s=96&d=mm&r=g\",\"url\":\"https:\\\/\\\/secure.gravatar.com\\\/avatar\\\/f84b78638c34b3d6ac7339a8ef00413d11da3b09ee578a762504104ff060cde7?s=96&d=mm&r=g\",\"contentUrl\":\"https:\\\/\\\/secure.gravatar.com\\\/avatar\\\/f84b78638c34b3d6ac7339a8ef00413d11da3b09ee578a762504104ff060cde7?s=96&d=mm&r=g\",\"caption\":\"Pauline\"},\"url\":\"https:\\\/\\\/www.altercampagne.net\\\/?author=361\"}]}<\/script>\n<!-- \/ Yoast SEO plugin. -->","yoast_head_json":{"title":"3 femmes puissantes - AlterTour","robots":{"index":"index","follow":"follow","max-snippet":"max-snippet:-1","max-image-preview":"max-image-preview:large","max-video-preview":"max-video-preview:-1"},"canonical":"https:\/\/www.altercampagne.net\/?p=22717","og_locale":"fr_FR","og_type":"article","og_title":"3 femmes puissantes - AlterTour","og_description":"Apr\u00e8s une journ\u00e9e de v\u00e9lo \u00e9reintante, faite de descentes et de mont\u00e9es bien cors\u00e9es, nous franchissons le cours de l'Orbiquet et apr\u00e8s une \u00e9ni\u00e8me pente \u00e0 grimper, d\u00e9barquons dans la prairie du Val des possibles. Notre r\u00e9compense : le panorama sur les vallons.","og_url":"https:\/\/www.altercampagne.net\/?p=22717","og_site_name":"AlterTour","article_published_time":"2021-07-22T17:24:00+00:00","article_modified_time":"2021-07-29T13:20:16+00:00","og_image":[{"width":2560,"height":1708,"url":"https:\/\/www.altercampagne.net\/wp-content\/uploads\/2021\/07\/Le-val-des-possibles-scaled.jpg","type":"image\/jpeg"}],"author":"Pauline","twitter_card":"summary_large_image","twitter_misc":{"\u00c9crit par":"Pauline","Dur\u00e9e de lecture estim\u00e9e":"7 minutes"},"schema":{"@context":"https:\/\/schema.org","@graph":[{"@type":"Article","@id":"https:\/\/www.altercampagne.net\/?p=22717#article","isPartOf":{"@id":"https:\/\/www.altercampagne.net\/?p=22717"},"author":{"name":"Pauline","@id":"https:\/\/www.altercampagne.net\/#\/schema\/person\/caf30ed73e072285b8f761300370ddb5"},"headline":"3 femmes puissantes","datePublished":"2021-07-22T17:24:00+00:00","dateModified":"2021-07-29T13:20:16+00:00","mainEntityOfPage":{"@id":"https:\/\/www.altercampagne.net\/?p=22717"},"wordCount":1776,"image":{"@id":"https:\/\/www.altercampagne.net\/?p=22717#primaryimage"},"thumbnailUrl":"https:\/\/www.altercampagne.net\/wp-content\/uploads\/2021\/07\/Le-val-des-possibles-scaled.jpg","articleSection":["Agriculture","Culture","Edition 2021","Normandie","Habitat"],"inLanguage":"fr-FR"},{"@type":"WebPage","@id":"https:\/\/www.altercampagne.net\/?p=22717","url":"https:\/\/www.altercampagne.net\/?p=22717","name":"3 femmes puissantes - AlterTour","isPartOf":{"@id":"https:\/\/www.altercampagne.net\/#website"},"primaryImageOfPage":{"@id":"https:\/\/www.altercampagne.net\/?p=22717#primaryimage"},"image":{"@id":"https:\/\/www.altercampagne.net\/?p=22717#primaryimage"},"thumbnailUrl":"https:\/\/www.altercampagne.net\/wp-content\/uploads\/2021\/07\/Le-val-des-possibles-scaled.jpg","datePublished":"2021-07-22T17:24:00+00:00","dateModified":"2021-07-29T13:20:16+00:00","author":{"@id":"https:\/\/www.altercampagne.net\/#\/schema\/person\/caf30ed73e072285b8f761300370ddb5"},"breadcrumb":{"@id":"https:\/\/www.altercampagne.net\/?p=22717#breadcrumb"},"inLanguage":"fr-FR","potentialAction":[{"@type":"ReadAction","target":["https:\/\/www.altercampagne.net\/?p=22717"]}]},{"@type":"ImageObject","inLanguage":"fr-FR","@id":"https:\/\/www.altercampagne.net\/?p=22717#primaryimage","url":"https:\/\/www.altercampagne.net\/wp-content\/uploads\/2021\/07\/Le-val-des-possibles-scaled.jpg","contentUrl":"https:\/\/www.altercampagne.net\/wp-content\/uploads\/2021\/07\/Le-val-des-possibles-scaled.jpg","width":2560,"height":1708},{"@type":"BreadcrumbList","@id":"https:\/\/www.altercampagne.net\/?p=22717#breadcrumb","itemListElement":[{"@type":"ListItem","position":1,"name":"Accueil","item":"https:\/\/www.altercampagne.net\/"},{"@type":"ListItem","position":2,"name":"3 femmes puissantes"}]},{"@type":"WebSite","@id":"https:\/\/www.altercampagne.net\/#website","url":"https:\/\/www.altercampagne.net\/","name":"AlterTour","description":"Reliez les Alternatives \u00e0 v\u00e9lo","potentialAction":[{"@type":"SearchAction","target":{"@type":"EntryPoint","urlTemplate":"https:\/\/www.altercampagne.net\/?s={search_term_string}"},"query-input":{"@type":"PropertyValueSpecification","valueRequired":true,"valueName":"search_term_string"}}],"inLanguage":"fr-FR"},{"@type":"Person","@id":"https:\/\/www.altercampagne.net\/#\/schema\/person\/caf30ed73e072285b8f761300370ddb5","name":"Pauline","image":{"@type":"ImageObject","inLanguage":"fr-FR","@id":"https:\/\/secure.gravatar.com\/avatar\/f84b78638c34b3d6ac7339a8ef00413d11da3b09ee578a762504104ff060cde7?s=96&d=mm&r=g","url":"https:\/\/secure.gravatar.com\/avatar\/f84b78638c34b3d6ac7339a8ef00413d11da3b09ee578a762504104ff060cde7?s=96&d=mm&r=g","contentUrl":"https:\/\/secure.gravatar.com\/avatar\/f84b78638c34b3d6ac7339a8ef00413d11da3b09ee578a762504104ff060cde7?s=96&d=mm&r=g","caption":"Pauline"},"url":"https:\/\/www.altercampagne.net\/?author=361"}]}},"_links":{"self":[{"href":"https:\/\/www.altercampagne.net\/index.php?rest_route=\/wp\/v2\/posts\/22717","targetHints":{"allow":["GET"]}}],"collection":[{"href":"https:\/\/www.altercampagne.net\/index.php?rest_route=\/wp\/v2\/posts"}],"about":[{"href":"https:\/\/www.altercampagne.net\/index.php?rest_route=\/wp\/v2\/types\/post"}],"author":[{"embeddable":true,"href":"https:\/\/www.altercampagne.net\/index.php?rest_route=\/wp\/v2\/users\/361"}],"replies":[{"embeddable":true,"href":"https:\/\/www.altercampagne.net\/index.php?rest_route=%2Fwp%2Fv2%2Fcomments&post=22717"}],"version-history":[{"count":6,"href":"https:\/\/www.altercampagne.net\/index.php?rest_route=\/wp\/v2\/posts\/22717\/revisions"}],"predecessor-version":[{"id":22828,"href":"https:\/\/www.altercampagne.net\/index.php?rest_route=\/wp\/v2\/posts\/22717\/revisions\/22828"}],"wp:featuredmedia":[{"embeddable":true,"href":"https:\/\/www.altercampagne.net\/index.php?rest_route=\/wp\/v2\/media\/22744"}],"wp:attachment":[{"href":"https:\/\/www.altercampagne.net\/index.php?rest_route=%2Fwp%2Fv2%2Fmedia&parent=22717"}],"wp:term":[{"taxonomy":"category","embeddable":true,"href":"https:\/\/www.altercampagne.net\/index.php?rest_route=%2Fwp%2Fv2%2Fcategories&post=22717"},{"taxonomy":"post_tag","embeddable":true,"href":"https:\/\/www.altercampagne.net\/index.php?rest_route=%2Fwp%2Fv2%2Ftags&post=22717"}],"curies":[{"name":"wp","href":"https:\/\/api.w.org\/{rel}","templated":true}]}}