{"id":22724,"date":"2021-07-21T19:25:00","date_gmt":"2021-07-21T17:25:00","guid":{"rendered":"https:\/\/www.altercampagne.net\/?p=22724"},"modified":"2021-07-25T11:41:35","modified_gmt":"2021-07-25T09:41:35","slug":"a-lescargotier-lechange-moteur-de-la-permaculture","status":"publish","type":"post","link":"https:\/\/www.altercampagne.net\/?p=22724","title":{"rendered":"A l&rsquo;Escargotier, l&rsquo;\u00e9change moteur de la permaculture"},"content":{"rendered":"\n<p>Au c\u0153ur du Marais Vernier, <strong>un collectif exp\u00e9rimente les principes de la permaculture<\/strong> dans un petit coin de verdure appel\u00e9 <a href=\"https:\/\/www.escargotier.org\/\" target=\"_blank\" rel=\"noreferrer noopener\">l&rsquo;<strong>Escargotier<\/strong><\/a>.<br>Sous le soleil brulant de Normandie, Antoine et ses deux \u00e2nesses Uguette et F\u00e9licie nous accueillent pour nous faire visiter l&rsquo;Escargotier. Devant nos yeux \u00e9bahis, la m\u00e8re et la fille d\u00e9battent sur le th\u00e8me de la permaculture. <\/p>\n\n\n\n<p><em>Uguette : Tu te souviens toi, comment est n\u00e9 l&rsquo;Escargotier ?<\/em><\/p>\n\n\n\n<p><em>F\u00e9licie : Yves est arriv\u00e9 dans le marais il y a 12 ans. Pendant plusieurs ann\u00e9es, il a \u00e9lev\u00e9 des escargots. Avec des amis, ils ont aussi <strong>cr\u00e9\u00e9 le Studio D, un lieu culturel devenu aujourd&rsquo;hui Le <\/strong><a href=\"https:\/\/www.facebook.com\/Benroulotte\" target=\"_blank\" rel=\"noreferrer noopener\"><strong>FaitTout<\/strong><\/a><strong>.<\/strong><\/em><\/p>\n\n\n\n<p><em>Uguette : Ah oui ! C&rsquo;est l\u00e0 qu&rsquo;il y a le concert ce soir ?&nbsp;<\/em><\/p>\n\n\n\n<p><em>F\u00e9licie : Tout \u00e0 fait !<\/em><\/p>\n\n\n\n<p>Uguette : Et ensuite ? Comment est-on pass\u00e9 des escargots<em> \u00e0 la permaculture ?<\/em><\/p>\n\n\n\n<p><em>F\u00e9licie : Quand les aventures du Studio D et des escargots se sont termin\u00e9es, Yves s&rsquo;est recentr\u00e9 sur la permaculture et a commenc\u00e9 \u00e0 dispenser des formations.<\/em><\/p>\n\n\n\n<p><em>Uguette : Ou\u00e9 ok&#8230; Mais euh&#8230; en quoi \u00e7a consiste la permaculture ?<\/em><\/p>\n\n\n\n<p><em>F\u00e9licie : Quand on pense permaculture on pense souvent au jardin mais ce n&rsquo;est pas seulement \u00e7a. <strong>La permaculture c&rsquo;est \u00e0 la fois un mode de vie et de gestion holistique des projets dont l&rsquo;objectif est de cr\u00e9er de l&rsquo;abondance sans nuire \u00e0 la nature, ni aux \u00eatres humains, ni au territoire<\/strong>, en prenant en compte plusieurs aspects : l&rsquo;alimentation, la production d&rsquo;\u00e9nergie et surtout les relations entre les femmes et les hommes.<\/em><\/p>\n\n\n\n<p>Uguette : Ah oui !!! \u00e7a n&rsquo;a pas l&rsquo;air simple entre eux contrairement \u00e0 nous les \u00e2nes. Et concr\u00e8tement<em>, comment \u00e7a fonctionne \u00e0 l&rsquo;Escargotier ?<\/em><\/p>\n\n\n\n<p><em>F\u00e9licie : Eh bien, toutes les personnes qui gravitent autour du projet s&rsquo;inspirent des diff\u00e9rents principes de la permacultures comme par exemple celui selon lequel <strong>une chose r\u00e9pond \u00e0 plusieurs usages et qu&rsquo;un m\u00eame usage peut \u00eatre assur\u00e9 par plusieurs choses.<\/strong> Par exemple, le four \u00e0 pain en terre est reli\u00e9 \u00e0 un banc de masse qui chauffe l&rsquo;\u00e9tage de la maison. Ils r\u00e9cup\u00e8rent \u00e9galement plein de vieux outils. L&rsquo;id\u00e9e c&rsquo;est aussi de <strong>profiter des ressources offertes par la nature sans en abuser<\/strong>. La maison de l&rsquo;Escargotier a par exemple \u00e9t\u00e9 construite avec des peupliers du marais vernier (remplac\u00e9s par des esp\u00e8ces end\u00e9miques), de la terre et isol\u00e9e avec du lin local. Yves profite des orties et de la consoude qui poussent en abondance pour faire des soupes et des salades. Au niveau humain, <strong>tous ceux qui gravitent autour du projet partagent leurs comp\u00e9tences et apprennent des autres.<\/strong> Tous sont des ressources. C&rsquo;est vraiment enrichissant. <\/em><\/p>\n\n\n\n<p><em>Uguette : Ah ou\u00e9 ! C&rsquo;est g\u00e9nial !!! On les entend souvent faire la f\u00eate aussi le vendredi soir. En fait si je comprend bien, le partage et l&rsquo;\u00e9change sont essentiels dans la permaculture ?<\/em><\/p>\n\n\n\n<p><em>F\u00e9licie : Oui en effet ! Comme le dit Antoine, ils n&rsquo;ont rien invent\u00e9 les petits humains. Selon lui, <strong>la permaculture c&rsquo;est seulement du bon sens : faire d&rsquo;un probl\u00e8me une solution et d&rsquo;un d\u00e9chet une valorisation.<\/strong> Il parait que quand Yves d\u00e9cide de faire quelque chose, ses neurones fument pour trouver une solution qui utilise le moins d&rsquo;\u00e9nergie possible afin de limiter son impact sur l&rsquo;environnement. &nbsp;Bient\u00f4t, l&rsquo;Escargotier sera reconnu comme un centre de formation en permaculture certifi\u00e9.<\/em><\/p>\n\n\n\n<p><em>Uguette : Chouette ! \u00e7a veut dire que de nombreux stagiaires viendront nous gratter les oreilles tout en avan\u00e7ant ensemble vers le changement ! J&rsquo;ai h\u00e2te !<\/em><\/p>\n\n\n\n<p class=\"has-text-align-right\"><em>\u00a9 Herbert Roers<\/em><\/p>\n","protected":false},"excerpt":{"rendered":"<p>Au c\u0153ur du Marais Vernier, un collectif exp\u00e9rimente les principes de la permaculture dans un petit coin de verdure appel\u00e9 l&rsquo;Escargotier.<br \/>\nSous le soleil brulant de Normandie, Antoine et ses deux annesses Uguette et F\u00e9licie nous accueillent pour nous faire visiter l&rsquo;Escargotier.<\/p>\n","protected":false},"author":387,"featured_media":22741,"comment_status":"closed","ping_status":"closed","sticky":false,"template":"","format":"standard","meta":{"footnotes":""},"categories":[3483,4198,3478],"tags":[],"class_list":["post-22724","post","type-post","status-publish","format-standard","has-post-thumbnail","hentry","category-agriculture","category-edition-2021","category-normandie"],"yoast_head":"<!-- This site is optimized with the Yoast SEO plugin v27.3 - https:\/\/yoast.com\/product\/yoast-seo-wordpress\/ -->\n<title>A l&#039;Escargotier, l&#039;\u00e9change moteur de la permaculture - AlterTour<\/title>\n<meta name=\"robots\" content=\"index, follow, max-snippet:-1, max-image-preview:large, max-video-preview:-1\" \/>\n<link rel=\"canonical\" href=\"https:\/\/www.altercampagne.net\/?p=22724\" \/>\n<meta property=\"og:locale\" content=\"fr_FR\" \/>\n<meta property=\"og:type\" content=\"article\" \/>\n<meta property=\"og:title\" content=\"A l&#039;Escargotier, l&#039;\u00e9change moteur de la permaculture - AlterTour\" \/>\n<meta property=\"og:description\" content=\"Au c\u0153ur du Marais Vernier, un collectif exp\u00e9rimente les principes de la permaculture dans un petit coin de verdure appel\u00e9 l&#039;Escargotier. Sous le soleil brulant de Normandie, Antoine et ses deux annesses Uguette et F\u00e9licie nous accueillent pour nous faire visiter l&#039;Escargotier.\" \/>\n<meta property=\"og:url\" content=\"https:\/\/www.altercampagne.net\/?p=22724\" \/>\n<meta property=\"og:site_name\" content=\"AlterTour\" \/>\n<meta property=\"article:published_time\" content=\"2021-07-21T17:25:00+00:00\" \/>\n<meta property=\"article:modified_time\" content=\"2021-07-25T09:41:35+00:00\" \/>\n<meta property=\"og:image\" content=\"https:\/\/www.altercampagne.net\/wp-content\/uploads\/2021\/07\/L_escargotier-1140x761-1.jpg\" \/>\n\t<meta property=\"og:image:width\" content=\"1200\" \/>\n\t<meta property=\"og:image:height\" content=\"630\" \/>\n\t<meta property=\"og:image:type\" content=\"image\/jpeg\" \/>\n<meta name=\"author\" content=\"Ang\u00e9lique Marisein\" \/>\n<meta name=\"twitter:card\" content=\"summary_large_image\" \/>\n<meta name=\"twitter:label1\" content=\"\u00c9crit par\" \/>\n\t<meta name=\"twitter:data1\" content=\"Ang\u00e9lique Marisein\" \/>\n\t<meta name=\"twitter:label2\" content=\"Dur\u00e9e de lecture estim\u00e9e\" \/>\n\t<meta name=\"twitter:data2\" content=\"3 minutes\" \/>\n<script type=\"application\/ld+json\" class=\"yoast-schema-graph\">{\"@context\":\"https:\\\/\\\/schema.org\",\"@graph\":[{\"@type\":\"Article\",\"@id\":\"https:\\\/\\\/www.altercampagne.net\\\/?p=22724#article\",\"isPartOf\":{\"@id\":\"https:\\\/\\\/www.altercampagne.net\\\/?p=22724\"},\"author\":{\"name\":\"Ang\u00e9lique Marisein\",\"@id\":\"https:\\\/\\\/www.altercampagne.net\\\/#\\\/schema\\\/person\\\/49ff6aca2014b733794e414ef383c737\"},\"headline\":\"A l&rsquo;Escargotier, l&rsquo;\u00e9change moteur de la permaculture\",\"datePublished\":\"2021-07-21T17:25:00+00:00\",\"dateModified\":\"2021-07-25T09:41:35+00:00\",\"mainEntityOfPage\":{\"@id\":\"https:\\\/\\\/www.altercampagne.net\\\/?p=22724\"},\"wordCount\":615,\"image\":{\"@id\":\"https:\\\/\\\/www.altercampagne.net\\\/?p=22724#primaryimage\"},\"thumbnailUrl\":\"https:\\\/\\\/www.altercampagne.net\\\/wp-content\\\/uploads\\\/2021\\\/07\\\/L_escargotier-1140x761-1.jpg\",\"articleSection\":[\"Agriculture\",\"Edition 2021\",\"Normandie\"],\"inLanguage\":\"fr-FR\"},{\"@type\":\"WebPage\",\"@id\":\"https:\\\/\\\/www.altercampagne.net\\\/?p=22724\",\"url\":\"https:\\\/\\\/www.altercampagne.net\\\/?p=22724\",\"name\":\"A l'Escargotier, l'\u00e9change moteur de la permaculture - AlterTour\",\"isPartOf\":{\"@id\":\"https:\\\/\\\/www.altercampagne.net\\\/#website\"},\"primaryImageOfPage\":{\"@id\":\"https:\\\/\\\/www.altercampagne.net\\\/?p=22724#primaryimage\"},\"image\":{\"@id\":\"https:\\\/\\\/www.altercampagne.net\\\/?p=22724#primaryimage\"},\"thumbnailUrl\":\"https:\\\/\\\/www.altercampagne.net\\\/wp-content\\\/uploads\\\/2021\\\/07\\\/L_escargotier-1140x761-1.jpg\",\"datePublished\":\"2021-07-21T17:25:00+00:00\",\"dateModified\":\"2021-07-25T09:41:35+00:00\",\"author\":{\"@id\":\"https:\\\/\\\/www.altercampagne.net\\\/#\\\/schema\\\/person\\\/49ff6aca2014b733794e414ef383c737\"},\"breadcrumb\":{\"@id\":\"https:\\\/\\\/www.altercampagne.net\\\/?p=22724#breadcrumb\"},\"inLanguage\":\"fr-FR\",\"potentialAction\":[{\"@type\":\"ReadAction\",\"target\":[\"https:\\\/\\\/www.altercampagne.net\\\/?p=22724\"]}]},{\"@type\":\"ImageObject\",\"inLanguage\":\"fr-FR\",\"@id\":\"https:\\\/\\\/www.altercampagne.net\\\/?p=22724#primaryimage\",\"url\":\"https:\\\/\\\/www.altercampagne.net\\\/wp-content\\\/uploads\\\/2021\\\/07\\\/L_escargotier-1140x761-1.jpg\",\"contentUrl\":\"https:\\\/\\\/www.altercampagne.net\\\/wp-content\\\/uploads\\\/2021\\\/07\\\/L_escargotier-1140x761-1.jpg\",\"width\":1200,\"height\":630},{\"@type\":\"BreadcrumbList\",\"@id\":\"https:\\\/\\\/www.altercampagne.net\\\/?p=22724#breadcrumb\",\"itemListElement\":[{\"@type\":\"ListItem\",\"position\":1,\"name\":\"Accueil\",\"item\":\"https:\\\/\\\/www.altercampagne.net\\\/\"},{\"@type\":\"ListItem\",\"position\":2,\"name\":\"A l&rsquo;Escargotier, l&rsquo;\u00e9change moteur de la permaculture\"}]},{\"@type\":\"WebSite\",\"@id\":\"https:\\\/\\\/www.altercampagne.net\\\/#website\",\"url\":\"https:\\\/\\\/www.altercampagne.net\\\/\",\"name\":\"AlterTour\",\"description\":\"Reliez les Alternatives \u00e0 v\u00e9lo\",\"potentialAction\":[{\"@type\":\"SearchAction\",\"target\":{\"@type\":\"EntryPoint\",\"urlTemplate\":\"https:\\\/\\\/www.altercampagne.net\\\/?s={search_term_string}\"},\"query-input\":{\"@type\":\"PropertyValueSpecification\",\"valueRequired\":true,\"valueName\":\"search_term_string\"}}],\"inLanguage\":\"fr-FR\"},{\"@type\":\"Person\",\"@id\":\"https:\\\/\\\/www.altercampagne.net\\\/#\\\/schema\\\/person\\\/49ff6aca2014b733794e414ef383c737\",\"name\":\"Ang\u00e9lique Marisein\",\"image\":{\"@type\":\"ImageObject\",\"inLanguage\":\"fr-FR\",\"@id\":\"https:\\\/\\\/secure.gravatar.com\\\/avatar\\\/afbafb34cea349ecca54f4605bf2b627a665c95a0b92533c6aa3b3de756c5b8c?s=96&d=mm&r=g\",\"url\":\"https:\\\/\\\/secure.gravatar.com\\\/avatar\\\/afbafb34cea349ecca54f4605bf2b627a665c95a0b92533c6aa3b3de756c5b8c?s=96&d=mm&r=g\",\"contentUrl\":\"https:\\\/\\\/secure.gravatar.com\\\/avatar\\\/afbafb34cea349ecca54f4605bf2b627a665c95a0b92533c6aa3b3de756c5b8c?s=96&d=mm&r=g\",\"caption\":\"Ang\u00e9lique Marisein\"},\"url\":\"https:\\\/\\\/www.altercampagne.net\\\/?author=387\"}]}<\/script>\n<!-- \/ Yoast SEO plugin. -->","yoast_head_json":{"title":"A l'Escargotier, l'\u00e9change moteur de la permaculture - AlterTour","robots":{"index":"index","follow":"follow","max-snippet":"max-snippet:-1","max-image-preview":"max-image-preview:large","max-video-preview":"max-video-preview:-1"},"canonical":"https:\/\/www.altercampagne.net\/?p=22724","og_locale":"fr_FR","og_type":"article","og_title":"A l'Escargotier, l'\u00e9change moteur de la permaculture - AlterTour","og_description":"Au c\u0153ur du Marais Vernier, un collectif exp\u00e9rimente les principes de la permaculture dans un petit coin de verdure appel\u00e9 l'Escargotier. Sous le soleil brulant de Normandie, Antoine et ses deux annesses Uguette et F\u00e9licie nous accueillent pour nous faire visiter l'Escargotier.","og_url":"https:\/\/www.altercampagne.net\/?p=22724","og_site_name":"AlterTour","article_published_time":"2021-07-21T17:25:00+00:00","article_modified_time":"2021-07-25T09:41:35+00:00","og_image":[{"width":1200,"height":630,"url":"https:\/\/www.altercampagne.net\/wp-content\/uploads\/2021\/07\/L_escargotier-1140x761-1.jpg","type":"image\/jpeg"}],"author":"Ang\u00e9lique Marisein","twitter_card":"summary_large_image","twitter_misc":{"\u00c9crit par":"Ang\u00e9lique Marisein","Dur\u00e9e de lecture estim\u00e9e":"3 minutes"},"schema":{"@context":"https:\/\/schema.org","@graph":[{"@type":"Article","@id":"https:\/\/www.altercampagne.net\/?p=22724#article","isPartOf":{"@id":"https:\/\/www.altercampagne.net\/?p=22724"},"author":{"name":"Ang\u00e9lique Marisein","@id":"https:\/\/www.altercampagne.net\/#\/schema\/person\/49ff6aca2014b733794e414ef383c737"},"headline":"A l&rsquo;Escargotier, l&rsquo;\u00e9change moteur de la permaculture","datePublished":"2021-07-21T17:25:00+00:00","dateModified":"2021-07-25T09:41:35+00:00","mainEntityOfPage":{"@id":"https:\/\/www.altercampagne.net\/?p=22724"},"wordCount":615,"image":{"@id":"https:\/\/www.altercampagne.net\/?p=22724#primaryimage"},"thumbnailUrl":"https:\/\/www.altercampagne.net\/wp-content\/uploads\/2021\/07\/L_escargotier-1140x761-1.jpg","articleSection":["Agriculture","Edition 2021","Normandie"],"inLanguage":"fr-FR"},{"@type":"WebPage","@id":"https:\/\/www.altercampagne.net\/?p=22724","url":"https:\/\/www.altercampagne.net\/?p=22724","name":"A l'Escargotier, l'\u00e9change moteur de la permaculture - AlterTour","isPartOf":{"@id":"https:\/\/www.altercampagne.net\/#website"},"primaryImageOfPage":{"@id":"https:\/\/www.altercampagne.net\/?p=22724#primaryimage"},"image":{"@id":"https:\/\/www.altercampagne.net\/?p=22724#primaryimage"},"thumbnailUrl":"https:\/\/www.altercampagne.net\/wp-content\/uploads\/2021\/07\/L_escargotier-1140x761-1.jpg","datePublished":"2021-07-21T17:25:00+00:00","dateModified":"2021-07-25T09:41:35+00:00","author":{"@id":"https:\/\/www.altercampagne.net\/#\/schema\/person\/49ff6aca2014b733794e414ef383c737"},"breadcrumb":{"@id":"https:\/\/www.altercampagne.net\/?p=22724#breadcrumb"},"inLanguage":"fr-FR","potentialAction":[{"@type":"ReadAction","target":["https:\/\/www.altercampagne.net\/?p=22724"]}]},{"@type":"ImageObject","inLanguage":"fr-FR","@id":"https:\/\/www.altercampagne.net\/?p=22724#primaryimage","url":"https:\/\/www.altercampagne.net\/wp-content\/uploads\/2021\/07\/L_escargotier-1140x761-1.jpg","contentUrl":"https:\/\/www.altercampagne.net\/wp-content\/uploads\/2021\/07\/L_escargotier-1140x761-1.jpg","width":1200,"height":630},{"@type":"BreadcrumbList","@id":"https:\/\/www.altercampagne.net\/?p=22724#breadcrumb","itemListElement":[{"@type":"ListItem","position":1,"name":"Accueil","item":"https:\/\/www.altercampagne.net\/"},{"@type":"ListItem","position":2,"name":"A l&rsquo;Escargotier, l&rsquo;\u00e9change moteur de la permaculture"}]},{"@type":"WebSite","@id":"https:\/\/www.altercampagne.net\/#website","url":"https:\/\/www.altercampagne.net\/","name":"AlterTour","description":"Reliez les Alternatives \u00e0 v\u00e9lo","potentialAction":[{"@type":"SearchAction","target":{"@type":"EntryPoint","urlTemplate":"https:\/\/www.altercampagne.net\/?s={search_term_string}"},"query-input":{"@type":"PropertyValueSpecification","valueRequired":true,"valueName":"search_term_string"}}],"inLanguage":"fr-FR"},{"@type":"Person","@id":"https:\/\/www.altercampagne.net\/#\/schema\/person\/49ff6aca2014b733794e414ef383c737","name":"Ang\u00e9lique Marisein","image":{"@type":"ImageObject","inLanguage":"fr-FR","@id":"https:\/\/secure.gravatar.com\/avatar\/afbafb34cea349ecca54f4605bf2b627a665c95a0b92533c6aa3b3de756c5b8c?s=96&d=mm&r=g","url":"https:\/\/secure.gravatar.com\/avatar\/afbafb34cea349ecca54f4605bf2b627a665c95a0b92533c6aa3b3de756c5b8c?s=96&d=mm&r=g","contentUrl":"https:\/\/secure.gravatar.com\/avatar\/afbafb34cea349ecca54f4605bf2b627a665c95a0b92533c6aa3b3de756c5b8c?s=96&d=mm&r=g","caption":"Ang\u00e9lique Marisein"},"url":"https:\/\/www.altercampagne.net\/?author=387"}]}},"_links":{"self":[{"href":"https:\/\/www.altercampagne.net\/index.php?rest_route=\/wp\/v2\/posts\/22724","targetHints":{"allow":["GET"]}}],"collection":[{"href":"https:\/\/www.altercampagne.net\/index.php?rest_route=\/wp\/v2\/posts"}],"about":[{"href":"https:\/\/www.altercampagne.net\/index.php?rest_route=\/wp\/v2\/types\/post"}],"author":[{"embeddable":true,"href":"https:\/\/www.altercampagne.net\/index.php?rest_route=\/wp\/v2\/users\/387"}],"replies":[{"embeddable":true,"href":"https:\/\/www.altercampagne.net\/index.php?rest_route=%2Fwp%2Fv2%2Fcomments&post=22724"}],"version-history":[{"count":7,"href":"https:\/\/www.altercampagne.net\/index.php?rest_route=\/wp\/v2\/posts\/22724\/revisions"}],"predecessor-version":[{"id":22742,"href":"https:\/\/www.altercampagne.net\/index.php?rest_route=\/wp\/v2\/posts\/22724\/revisions\/22742"}],"wp:featuredmedia":[{"embeddable":true,"href":"https:\/\/www.altercampagne.net\/index.php?rest_route=\/wp\/v2\/media\/22741"}],"wp:attachment":[{"href":"https:\/\/www.altercampagne.net\/index.php?rest_route=%2Fwp%2Fv2%2Fmedia&parent=22724"}],"wp:term":[{"taxonomy":"category","embeddable":true,"href":"https:\/\/www.altercampagne.net\/index.php?rest_route=%2Fwp%2Fv2%2Fcategories&post=22724"},{"taxonomy":"post_tag","embeddable":true,"href":"https:\/\/www.altercampagne.net\/index.php?rest_route=%2Fwp%2Fv2%2Ftags&post=22724"}],"curies":[{"name":"wp","href":"https:\/\/api.w.org\/{rel}","templated":true}]}}