{"id":22731,"date":"2021-07-19T21:33:00","date_gmt":"2021-07-19T19:33:00","guid":{"rendered":"https:\/\/www.altercampagne.net\/?p=22731"},"modified":"2021-08-03T18:56:24","modified_gmt":"2021-08-03T16:56:24","slug":"laltertour-pedale-avec-les-enfants-de-limp-le-moulin-vert","status":"publish","type":"post","link":"https:\/\/www.altercampagne.net\/?p=22731","title":{"rendered":"L&rsquo;AlterTour p\u00e9dale avec les enfants de l&rsquo;IMP le moulin vert !"},"content":{"rendered":"\n<p>Pr\u00e9server l&rsquo;espace naturel et le d\u00e9dier \u00e0 des projets utiles \u00e0 tous, d\u00e9cision politique\u2026.ou pas.<br>Aujourd&rsquo;hui j&rsquo;ai mesur\u00e9 combien des choix politiques, quand ils sont au service de l&rsquo;int\u00e9r\u00eat collectif, sont capables de g\u00e9n\u00e9rer des projets coh\u00e9rents et n\u00e9cessaires \u00e0 tous \u00e0 l&rsquo;heure des d\u00e9cisions d\u00e9terminantes pour le climat. Sur une friche industrielle d\u00e9saffect\u00e9e, aux abords d&rsquo;un projet de ville nouvelle qui n&rsquo;a jamais vu le jour \u00e0 proximit\u00e9 de Louviers, en 2015 L&rsquo;Etablissement Public de Coop\u00e9ration Intercommunal <a href=\"https:\/\/www.agglo-seine-eure.fr\/consommation-locale-durable\/pole-agriculture-biologique\/\" target=\"_blank\" rel=\"noreferrer noopener\">\u00ab\u00a0les Hauts Pr\u00e9s\u00a0\u00bb<\/a> voit le jour pour installer un <strong>p\u00f4le de d\u00e9veloppement de fili\u00e8res Bio<\/strong> avec <strong>production , transformation et \u00e9ducation<\/strong>. Pour moiti\u00e9 fianc\u00e9 par l&rsquo;agglom\u00e9ration Seine Eure, le lieu situ\u00e9 sur une zone de captage d&rsquo;eau a vocation aussi de <strong>pr\u00e9server la qualit\u00e9 de la ressource en eau locale avec 110 Ha de terre agricole<\/strong> dont :<\/p>\n\n\n\n<p>&#8211; <strong>30 Ha de maraichage<\/strong> avec vente directe, en AMAP, en Biocoop ; un atelier de conserverie. Un projet de l\u00e9gumerie pourrait venir compl\u00e9ter le tableau pour servir la restauration hors domicile qui va chercher \u00e0 respecter la loi EGALIM d\u00e8s 2022 avec 20% de produits labellis\u00e9s.<\/p>\n\n\n\n<p>&#8211; Le site est entretenu en <strong>\u00e9cop\u00e2turage<\/strong> avec des moutons Avranchins aidant \u00e0 soutenir le maintien de la race locale<\/p>\n\n\n\n<p>&#8211; Un service d&rsquo;<strong>entretien de rivi\u00e8re et des espaces naturels<\/strong><\/p>\n\n\n\n<p>&#8211; Une entreprise pilote de <strong>lombricompostage<\/strong><\/p>\n\n\n\n<p>&#8211; Un <strong>apiculteur<\/strong><\/p>\n\n\n\n<p>&#8211; Un <strong>traiteur bio<\/strong><\/p>\n\n\n\n<p>A la mi journ\u00e9e un groupe de <strong>7 jeunes adolescents de l&rsquo;IMP<\/strong> (Institut M\u00e9dico P\u00e9dagogique) de l&rsquo;association <a href=\"https:\/\/lemoulinvert.asso.fr\/etablissement\/institut-medico-professionnel-moulin-vert-louviers\/\" target=\"_blank\" rel=\"noreferrer noopener\">\u00ab\u00a0Le Moulin Vert\u00a0\u00bb<\/a> de Louviers est venu nous rejoindre pour <strong>rouler l&rsquo;apr\u00e8s midi \u00e0 v\u00e9lo<\/strong> et nous ramener vers leur magnifique parc pour y poser nos tentes. <\/p>\n\n\n\n<p>Le site accueille des 40 enfants de 6 \u00e0 16 ans en situation de handicap mental. Les enfants nous ont fait visiter le site et les ateliers qu&rsquo;ils choisissent lorsqu&rsquo;ils ne sont pas accueillis en classe ULIS quelques heures par semaine. Outre les ateliers bois, habilet\u00e9 sociale, arts visuels et espaces verts, <strong>l&rsquo;atelier v\u00e9lo quotidien s&rsquo;est d\u00e9velopp\u00e9 sous l&rsquo;impulsion des deux \u00e9ducatrices inspir\u00e9es par les bienfaits de ce bricolage<\/strong> et pour permettre aux habitants de Louviers de trouver en ville un local de pi\u00e8ces d\u00e9tach\u00e9es \u00e0 prix modestes et des v\u00e9los r\u00e9par\u00e9s par les enfants. Le groupe a m\u00eame d\u00e9croch\u00e9 un contrat pour remettre en \u00e9tat la flotte de v\u00e9los du centre de loisirs.<\/p>\n\n\n\n<p>Et voila, jusque l\u00e0 vous vous dites\u2026c&rsquo;est idylique\u2026mais il est fort probable que le site arbor\u00e9 de l&rsquo; <strong>IMP d\u00e9ja revendu \u00e0 ce jour, se voit massacr\u00e9 par un projet immobilier<\/strong>. Que dire de notre d\u00e9saroi face \u00e0 cette information , qui privera les enfants de ce cadre de verdure bienfaisant et apaisant pour calmer leurs moments difficiles et les ouvrir \u00e0 la vie dans la nature.<\/p>\n\n\n\n<p class=\"has-text-align-right\"><em>Genevi\u00e8ve<\/em><\/p>\n","protected":false},"excerpt":{"rendered":"<p>Pr\u00e9server l&rsquo;espace naturel et le d\u00e9dier \u00e0 des projets utiles \u00e0 tous, d\u00e9cision politique\u2026.ou pas.<br \/>\nAujourd&rsquo;hui j&rsquo;ai mesur\u00e9 combien des choix politiques, quand ils sont au service de l&rsquo;int\u00e9r\u00eat collectif, sont capables de g\u00e9n\u00e9rer des projets coh\u00e9rents et n\u00e9cessaires \u00e0 tous \u00e0 l&rsquo;heure des d\u00e9cisions d\u00e9terminantes pour le climat. <\/p>\n","protected":false},"author":215,"featured_media":22902,"comment_status":"closed","ping_status":"closed","sticky":false,"template":"","format":"standard","meta":{"footnotes":""},"categories":[3483,3489,4198,3938,3486,3478,3488],"tags":[],"class_list":["post-22731","post","type-post","status-publish","format-standard","has-post-thumbnail","hentry","category-agriculture","category-alimentation","category-edition-2021","category-education","category-environnement","category-normandie","category-social"],"yoast_head":"<!-- This site is optimized with the Yoast SEO plugin v27.3 - https:\/\/yoast.com\/product\/yoast-seo-wordpress\/ -->\n<title>L&#039;AlterTour p\u00e9dale avec les enfants de l&#039;IMP le moulin vert ! - AlterTour<\/title>\n<meta name=\"robots\" content=\"index, follow, max-snippet:-1, max-image-preview:large, max-video-preview:-1\" \/>\n<link rel=\"canonical\" href=\"https:\/\/www.altercampagne.net\/?p=22731\" \/>\n<meta property=\"og:locale\" content=\"fr_FR\" \/>\n<meta property=\"og:type\" content=\"article\" \/>\n<meta property=\"og:title\" content=\"L&#039;AlterTour p\u00e9dale avec les enfants de l&#039;IMP le moulin vert ! - AlterTour\" \/>\n<meta property=\"og:description\" content=\"Pr\u00e9server l&#039;espace naturel et le d\u00e9dier \u00e0 des projets utiles \u00e0 tous, d\u00e9cision politique\u2026.ou pas. Aujourd&#039;hui j&#039;ai mesur\u00e9 combien des choix politiques, quand ils sont au service de l&#039;int\u00e9r\u00eat collectif, sont capables de g\u00e9n\u00e9rer des projets coh\u00e9rents et n\u00e9cessaires \u00e0 tous \u00e0 l&#039;heure des d\u00e9cisions d\u00e9terminantes pour le climat.\" \/>\n<meta property=\"og:url\" content=\"https:\/\/www.altercampagne.net\/?p=22731\" \/>\n<meta property=\"og:site_name\" content=\"AlterTour\" \/>\n<meta property=\"article:published_time\" content=\"2021-07-19T19:33:00+00:00\" \/>\n<meta property=\"article:modified_time\" content=\"2021-08-03T16:56:24+00:00\" \/>\n<meta property=\"og:image\" content=\"https:\/\/www.altercampagne.net\/wp-content\/uploads\/2021\/07\/Les-Hauts-Pres-1-rotated.jpg\" \/>\n\t<meta property=\"og:image:width\" content=\"1600\" \/>\n\t<meta property=\"og:image:height\" content=\"1034\" \/>\n\t<meta property=\"og:image:type\" content=\"image\/jpeg\" \/>\n<meta name=\"author\" content=\"AlterTour\" \/>\n<meta name=\"twitter:card\" content=\"summary_large_image\" \/>\n<meta name=\"twitter:label1\" content=\"\u00c9crit par\" \/>\n\t<meta name=\"twitter:data1\" content=\"AlterTour\" \/>\n\t<meta name=\"twitter:label2\" content=\"Dur\u00e9e de lecture estim\u00e9e\" \/>\n\t<meta name=\"twitter:data2\" content=\"2 minutes\" \/>\n<script type=\"application\/ld+json\" class=\"yoast-schema-graph\">{\"@context\":\"https:\\\/\\\/schema.org\",\"@graph\":[{\"@type\":\"Article\",\"@id\":\"https:\\\/\\\/www.altercampagne.net\\\/?p=22731#article\",\"isPartOf\":{\"@id\":\"https:\\\/\\\/www.altercampagne.net\\\/?p=22731\"},\"author\":{\"name\":\"AlterTour\",\"@id\":\"https:\\\/\\\/www.altercampagne.net\\\/#\\\/schema\\\/person\\\/e5b68c803196f649c2152249d262d94a\"},\"headline\":\"L&rsquo;AlterTour p\u00e9dale avec les enfants de l&rsquo;IMP le moulin vert !\",\"datePublished\":\"2021-07-19T19:33:00+00:00\",\"dateModified\":\"2021-08-03T16:56:24+00:00\",\"mainEntityOfPage\":{\"@id\":\"https:\\\/\\\/www.altercampagne.net\\\/?p=22731\"},\"wordCount\":508,\"image\":{\"@id\":\"https:\\\/\\\/www.altercampagne.net\\\/?p=22731#primaryimage\"},\"thumbnailUrl\":\"https:\\\/\\\/www.altercampagne.net\\\/wp-content\\\/uploads\\\/2021\\\/07\\\/Les-Hauts-Pres-1-rotated.jpg\",\"articleSection\":[\"Agriculture\",\"Alimentation\",\"Edition 2021\",\"Education\",\"Environnement\",\"Normandie\",\"Social\"],\"inLanguage\":\"fr-FR\"},{\"@type\":\"WebPage\",\"@id\":\"https:\\\/\\\/www.altercampagne.net\\\/?p=22731\",\"url\":\"https:\\\/\\\/www.altercampagne.net\\\/?p=22731\",\"name\":\"L'AlterTour p\u00e9dale avec les enfants de l'IMP le moulin vert ! - AlterTour\",\"isPartOf\":{\"@id\":\"https:\\\/\\\/www.altercampagne.net\\\/#website\"},\"primaryImageOfPage\":{\"@id\":\"https:\\\/\\\/www.altercampagne.net\\\/?p=22731#primaryimage\"},\"image\":{\"@id\":\"https:\\\/\\\/www.altercampagne.net\\\/?p=22731#primaryimage\"},\"thumbnailUrl\":\"https:\\\/\\\/www.altercampagne.net\\\/wp-content\\\/uploads\\\/2021\\\/07\\\/Les-Hauts-Pres-1-rotated.jpg\",\"datePublished\":\"2021-07-19T19:33:00+00:00\",\"dateModified\":\"2021-08-03T16:56:24+00:00\",\"author\":{\"@id\":\"https:\\\/\\\/www.altercampagne.net\\\/#\\\/schema\\\/person\\\/e5b68c803196f649c2152249d262d94a\"},\"breadcrumb\":{\"@id\":\"https:\\\/\\\/www.altercampagne.net\\\/?p=22731#breadcrumb\"},\"inLanguage\":\"fr-FR\",\"potentialAction\":[{\"@type\":\"ReadAction\",\"target\":[\"https:\\\/\\\/www.altercampagne.net\\\/?p=22731\"]}]},{\"@type\":\"ImageObject\",\"inLanguage\":\"fr-FR\",\"@id\":\"https:\\\/\\\/www.altercampagne.net\\\/?p=22731#primaryimage\",\"url\":\"https:\\\/\\\/www.altercampagne.net\\\/wp-content\\\/uploads\\\/2021\\\/07\\\/Les-Hauts-Pres-1-rotated.jpg\",\"contentUrl\":\"https:\\\/\\\/www.altercampagne.net\\\/wp-content\\\/uploads\\\/2021\\\/07\\\/Les-Hauts-Pres-1-rotated.jpg\",\"width\":1600,\"height\":1034},{\"@type\":\"BreadcrumbList\",\"@id\":\"https:\\\/\\\/www.altercampagne.net\\\/?p=22731#breadcrumb\",\"itemListElement\":[{\"@type\":\"ListItem\",\"position\":1,\"name\":\"Accueil\",\"item\":\"https:\\\/\\\/www.altercampagne.net\\\/\"},{\"@type\":\"ListItem\",\"position\":2,\"name\":\"L&rsquo;AlterTour p\u00e9dale avec les enfants de l&rsquo;IMP le moulin vert !\"}]},{\"@type\":\"WebSite\",\"@id\":\"https:\\\/\\\/www.altercampagne.net\\\/#website\",\"url\":\"https:\\\/\\\/www.altercampagne.net\\\/\",\"name\":\"AlterTour\",\"description\":\"Reliez les Alternatives \u00e0 v\u00e9lo\",\"potentialAction\":[{\"@type\":\"SearchAction\",\"target\":{\"@type\":\"EntryPoint\",\"urlTemplate\":\"https:\\\/\\\/www.altercampagne.net\\\/?s={search_term_string}\"},\"query-input\":{\"@type\":\"PropertyValueSpecification\",\"valueRequired\":true,\"valueName\":\"search_term_string\"}}],\"inLanguage\":\"fr-FR\"},{\"@type\":\"Person\",\"@id\":\"https:\\\/\\\/www.altercampagne.net\\\/#\\\/schema\\\/person\\\/e5b68c803196f649c2152249d262d94a\",\"name\":\"AlterTour\",\"image\":{\"@type\":\"ImageObject\",\"inLanguage\":\"fr-FR\",\"@id\":\"https:\\\/\\\/secure.gravatar.com\\\/avatar\\\/3f2ed77f8506b8ea264ad5938bb0114bfa10f35b64086a66dfbb6e9f58ad9693?s=96&d=mm&r=g\",\"url\":\"https:\\\/\\\/secure.gravatar.com\\\/avatar\\\/3f2ed77f8506b8ea264ad5938bb0114bfa10f35b64086a66dfbb6e9f58ad9693?s=96&d=mm&r=g\",\"contentUrl\":\"https:\\\/\\\/secure.gravatar.com\\\/avatar\\\/3f2ed77f8506b8ea264ad5938bb0114bfa10f35b64086a66dfbb6e9f58ad9693?s=96&d=mm&r=g\",\"caption\":\"AlterTour\"},\"url\":\"https:\\\/\\\/www.altercampagne.net\\\/?author=215\"}]}<\/script>\n<!-- \/ Yoast SEO plugin. -->","yoast_head_json":{"title":"L'AlterTour p\u00e9dale avec les enfants de l'IMP le moulin vert ! - AlterTour","robots":{"index":"index","follow":"follow","max-snippet":"max-snippet:-1","max-image-preview":"max-image-preview:large","max-video-preview":"max-video-preview:-1"},"canonical":"https:\/\/www.altercampagne.net\/?p=22731","og_locale":"fr_FR","og_type":"article","og_title":"L'AlterTour p\u00e9dale avec les enfants de l'IMP le moulin vert ! - AlterTour","og_description":"Pr\u00e9server l'espace naturel et le d\u00e9dier \u00e0 des projets utiles \u00e0 tous, d\u00e9cision politique\u2026.ou pas. Aujourd'hui j'ai mesur\u00e9 combien des choix politiques, quand ils sont au service de l'int\u00e9r\u00eat collectif, sont capables de g\u00e9n\u00e9rer des projets coh\u00e9rents et n\u00e9cessaires \u00e0 tous \u00e0 l'heure des d\u00e9cisions d\u00e9terminantes pour le climat.","og_url":"https:\/\/www.altercampagne.net\/?p=22731","og_site_name":"AlterTour","article_published_time":"2021-07-19T19:33:00+00:00","article_modified_time":"2021-08-03T16:56:24+00:00","og_image":[{"width":1600,"height":1034,"url":"https:\/\/www.altercampagne.net\/wp-content\/uploads\/2021\/07\/Les-Hauts-Pres-1-rotated.jpg","type":"image\/jpeg"}],"author":"AlterTour","twitter_card":"summary_large_image","twitter_misc":{"\u00c9crit par":"AlterTour","Dur\u00e9e de lecture estim\u00e9e":"2 minutes"},"schema":{"@context":"https:\/\/schema.org","@graph":[{"@type":"Article","@id":"https:\/\/www.altercampagne.net\/?p=22731#article","isPartOf":{"@id":"https:\/\/www.altercampagne.net\/?p=22731"},"author":{"name":"AlterTour","@id":"https:\/\/www.altercampagne.net\/#\/schema\/person\/e5b68c803196f649c2152249d262d94a"},"headline":"L&rsquo;AlterTour p\u00e9dale avec les enfants de l&rsquo;IMP le moulin vert !","datePublished":"2021-07-19T19:33:00+00:00","dateModified":"2021-08-03T16:56:24+00:00","mainEntityOfPage":{"@id":"https:\/\/www.altercampagne.net\/?p=22731"},"wordCount":508,"image":{"@id":"https:\/\/www.altercampagne.net\/?p=22731#primaryimage"},"thumbnailUrl":"https:\/\/www.altercampagne.net\/wp-content\/uploads\/2021\/07\/Les-Hauts-Pres-1-rotated.jpg","articleSection":["Agriculture","Alimentation","Edition 2021","Education","Environnement","Normandie","Social"],"inLanguage":"fr-FR"},{"@type":"WebPage","@id":"https:\/\/www.altercampagne.net\/?p=22731","url":"https:\/\/www.altercampagne.net\/?p=22731","name":"L'AlterTour p\u00e9dale avec les enfants de l'IMP le moulin vert ! - AlterTour","isPartOf":{"@id":"https:\/\/www.altercampagne.net\/#website"},"primaryImageOfPage":{"@id":"https:\/\/www.altercampagne.net\/?p=22731#primaryimage"},"image":{"@id":"https:\/\/www.altercampagne.net\/?p=22731#primaryimage"},"thumbnailUrl":"https:\/\/www.altercampagne.net\/wp-content\/uploads\/2021\/07\/Les-Hauts-Pres-1-rotated.jpg","datePublished":"2021-07-19T19:33:00+00:00","dateModified":"2021-08-03T16:56:24+00:00","author":{"@id":"https:\/\/www.altercampagne.net\/#\/schema\/person\/e5b68c803196f649c2152249d262d94a"},"breadcrumb":{"@id":"https:\/\/www.altercampagne.net\/?p=22731#breadcrumb"},"inLanguage":"fr-FR","potentialAction":[{"@type":"ReadAction","target":["https:\/\/www.altercampagne.net\/?p=22731"]}]},{"@type":"ImageObject","inLanguage":"fr-FR","@id":"https:\/\/www.altercampagne.net\/?p=22731#primaryimage","url":"https:\/\/www.altercampagne.net\/wp-content\/uploads\/2021\/07\/Les-Hauts-Pres-1-rotated.jpg","contentUrl":"https:\/\/www.altercampagne.net\/wp-content\/uploads\/2021\/07\/Les-Hauts-Pres-1-rotated.jpg","width":1600,"height":1034},{"@type":"BreadcrumbList","@id":"https:\/\/www.altercampagne.net\/?p=22731#breadcrumb","itemListElement":[{"@type":"ListItem","position":1,"name":"Accueil","item":"https:\/\/www.altercampagne.net\/"},{"@type":"ListItem","position":2,"name":"L&rsquo;AlterTour p\u00e9dale avec les enfants de l&rsquo;IMP le moulin vert !"}]},{"@type":"WebSite","@id":"https:\/\/www.altercampagne.net\/#website","url":"https:\/\/www.altercampagne.net\/","name":"AlterTour","description":"Reliez les Alternatives \u00e0 v\u00e9lo","potentialAction":[{"@type":"SearchAction","target":{"@type":"EntryPoint","urlTemplate":"https:\/\/www.altercampagne.net\/?s={search_term_string}"},"query-input":{"@type":"PropertyValueSpecification","valueRequired":true,"valueName":"search_term_string"}}],"inLanguage":"fr-FR"},{"@type":"Person","@id":"https:\/\/www.altercampagne.net\/#\/schema\/person\/e5b68c803196f649c2152249d262d94a","name":"AlterTour","image":{"@type":"ImageObject","inLanguage":"fr-FR","@id":"https:\/\/secure.gravatar.com\/avatar\/3f2ed77f8506b8ea264ad5938bb0114bfa10f35b64086a66dfbb6e9f58ad9693?s=96&d=mm&r=g","url":"https:\/\/secure.gravatar.com\/avatar\/3f2ed77f8506b8ea264ad5938bb0114bfa10f35b64086a66dfbb6e9f58ad9693?s=96&d=mm&r=g","contentUrl":"https:\/\/secure.gravatar.com\/avatar\/3f2ed77f8506b8ea264ad5938bb0114bfa10f35b64086a66dfbb6e9f58ad9693?s=96&d=mm&r=g","caption":"AlterTour"},"url":"https:\/\/www.altercampagne.net\/?author=215"}]}},"_links":{"self":[{"href":"https:\/\/www.altercampagne.net\/index.php?rest_route=\/wp\/v2\/posts\/22731","targetHints":{"allow":["GET"]}}],"collection":[{"href":"https:\/\/www.altercampagne.net\/index.php?rest_route=\/wp\/v2\/posts"}],"about":[{"href":"https:\/\/www.altercampagne.net\/index.php?rest_route=\/wp\/v2\/types\/post"}],"author":[{"embeddable":true,"href":"https:\/\/www.altercampagne.net\/index.php?rest_route=\/wp\/v2\/users\/215"}],"replies":[{"embeddable":true,"href":"https:\/\/www.altercampagne.net\/index.php?rest_route=%2Fwp%2Fv2%2Fcomments&post=22731"}],"version-history":[{"count":3,"href":"https:\/\/www.altercampagne.net\/index.php?rest_route=\/wp\/v2\/posts\/22731\/revisions"}],"predecessor-version":[{"id":22749,"href":"https:\/\/www.altercampagne.net\/index.php?rest_route=\/wp\/v2\/posts\/22731\/revisions\/22749"}],"wp:featuredmedia":[{"embeddable":true,"href":"https:\/\/www.altercampagne.net\/index.php?rest_route=\/wp\/v2\/media\/22902"}],"wp:attachment":[{"href":"https:\/\/www.altercampagne.net\/index.php?rest_route=%2Fwp%2Fv2%2Fmedia&parent=22731"}],"wp:term":[{"taxonomy":"category","embeddable":true,"href":"https:\/\/www.altercampagne.net\/index.php?rest_route=%2Fwp%2Fv2%2Fcategories&post=22731"},{"taxonomy":"post_tag","embeddable":true,"href":"https:\/\/www.altercampagne.net\/index.php?rest_route=%2Fwp%2Fv2%2Ftags&post=22731"}],"curies":[{"name":"wp","href":"https:\/\/api.w.org\/{rel}","templated":true}]}}