{"id":22759,"date":"2021-07-23T09:11:00","date_gmt":"2021-07-23T07:11:00","guid":{"rendered":"https:\/\/www.altercampagne.net\/?p=22759"},"modified":"2021-07-28T12:08:57","modified_gmt":"2021-07-28T10:08:57","slug":"a-la-demeuree-on-demeure-ensemble-et-bien-1-2","status":"publish","type":"post","link":"https:\/\/www.altercampagne.net\/?p=22759","title":{"rendered":"A la demeur\u00e9e, on demeure ensemble et bien [1\/2]"},"content":{"rendered":"\n<p>Des coureurs indiens rentrent par le portail et se jettent dans la mare, une pagode avec des lampions fait office de cuisine et un th\u00e9\u00e2tre avec des fauteuils de cin\u00e9ma se rempli d&rsquo;altercyclistes. Aujourd&rsquo;hui nous sommes accueilli par <strong><a href=\"https:\/\/blog.la-demeuree.fr\/\" target=\"_blank\" rel=\"noreferrer noopener\">la Demeur\u00e9e<\/a><\/strong>, <strong>un lieu de vie, de solidarit\u00e9 et d&rsquo;\u00e9mancipation \u00e0 Saint-Contest proche de Caen.<\/strong><\/p>\n\n\n\n<h4 class=\"wp-block-heading\">La demeur\u00e9e, une m\u00e9tier \u00e0 tisser des liens&#8230; humains<\/h4>\n\n\n\n<p>Tout a commenc\u00e9 en 2014 quand un groupe d&rsquo;ami.e.s de Strasbourg <strong>fonde une association<\/strong> pour maintenir leurs liens. Un an plus tard le p\u00e8re d&rsquo;un des membres leur propose d<strong>&lsquo;investir son ancien terrain agricole vide<\/strong> depuis 7 ans. Les lieux sont en mauvais \u00e9tat, mais petit \u00e0 petit le groupe <strong>r\u00e9nove et cr\u00e9e des espaces d&rsquo;habitation, de bricolage, de production de cidre, de concert, etc.<\/strong><\/p>\n\n\n\n<p>Pierre, notre accueillant, explique que tout.e.s les habitant.e.s de La Demeur\u00e9e sont des b\u00e9n\u00e9voles de l&rsquo;association. M\u00eame en dehors de la vie de l&rsquo;association, qui les occupe bien, <strong>le collectif passe beaucoup de temps ensemble partageant les repas et des projets<\/strong>. Les id\u00e9aux et moments forts qu&rsquo;iels partagent rendent acceptable le manque d&rsquo;intimit\u00e9. C&rsquo;est une recherche de choses qui nous font du bien, qui nous font avancer.<\/p>\n\n\n\n<h4 class=\"wp-block-heading\">A la demeur\u00e9e, le \u00ab\u00a0co\u00a0\u00bb se conjugue au pluriel<\/h4>\n\n\n\n<p>La Demeur\u00e9e a aussi \u00e9t\u00e9 un marche-pied pour l&rsquo;\u00e9volution professionnelle de Pierre, lui permettant d&rsquo;apprendre et d&rsquo;avoir un espace d&rsquo;experimentation. Ne payant pas de loyer Pierre a aussi l&rsquo;opportunit\u00e9 d&rsquo;aller vers ses passions plus facilement, de s&rsquo;\u00e9couter et de bifurquer.<\/p>\n\n\n\n<p>La <strong>force du collectif permet aux habitant.e.s de prendre de la distance si besoin, de demander du soutien et de co-cr\u00e9er<\/strong>. Cependant il y a aussi des questionnements au sein du collectif: jusqu&rsquo;o\u00f9 peut-on aller sans s&rsquo;oublier individuellement ? Comment cr\u00e9er des moments de connexion et d&rsquo;intimit\u00e9 dans la routine du quotidien?<\/p>\n\n\n\n<p>La Demeur\u00e9e accueille une panoplie de collectifs, associations, concerts, festivals, individus. Les activit\u00e9s comprennent herboristerie, musique, graphisme, dessin, \u00e9criture, philosophie, cin\u00e9ma, vid\u00e9o, photographie, programmation, th\u00e9\u00e2tre. <strong>Elle veut rentrer en r\u00e9sonance avec les luttes amies locales et permettre \u00e0 autrui de s&rsquo;\u00e9panouir<\/strong>. Depuis 2020 la Demeur\u00e9e produit une AMAP et jusqu&rsquo;\u00e0 cet \u00e9t\u00e9 il y avait aussi une cidrerie.<\/p>\n\n\n\n<p>Le dernier mot de Pierre, <em>vive l&rsquo;AlterTour !<\/em><\/p>\n\n\n\n<p class=\"has-text-align-right\"><em>L\u00e9a<\/em><\/p>\n\n\n\n<p class=\"has-text-align-right\"><em>\u00a9 Orianne Drouet<\/em><\/p>\n","protected":false},"excerpt":{"rendered":"<p>Tout a commenc\u00e9 en 2014 quand un groupe d&rsquo;ami.e.s de Strasbourg fonde une association pour maintenir leurs liens. Iels r\u00e9novent une ancienne ferme et cr\u00e9ent des espaces d&rsquo;habitation, de bricolage, de production de cidre, de concert, etc.<\/p>\n","protected":false},"author":215,"featured_media":22795,"comment_status":"closed","ping_status":"closed","sticky":false,"template":"","format":"standard","meta":{"footnotes":""},"categories":[4198,3478,3540],"tags":[],"class_list":["post-22759","post","type-post","status-publish","format-standard","has-post-thumbnail","hentry","category-edition-2021","category-normandie","category-transverse"],"yoast_head":"<!-- This site is optimized with the Yoast SEO plugin v27.3 - https:\/\/yoast.com\/product\/yoast-seo-wordpress\/ -->\n<title>A la demeur\u00e9e, on demeure ensemble et bien [1\/2] - AlterTour<\/title>\n<meta name=\"robots\" content=\"index, follow, max-snippet:-1, max-image-preview:large, max-video-preview:-1\" \/>\n<link rel=\"canonical\" href=\"https:\/\/www.altercampagne.net\/?p=22759\" \/>\n<meta property=\"og:locale\" content=\"fr_FR\" \/>\n<meta property=\"og:type\" content=\"article\" \/>\n<meta property=\"og:title\" content=\"A la demeur\u00e9e, on demeure ensemble et bien [1\/2] - AlterTour\" \/>\n<meta property=\"og:description\" content=\"Tout a commenc\u00e9 en 2014 quand un groupe d&#039;ami.e.s de Strasbourg fonde une association pour maintenir leurs liens. Iels r\u00e9novent une ancienne ferme et cr\u00e9ent des espaces d&#039;habitation, de bricolage, de production de cidre, de concert, etc.\" \/>\n<meta property=\"og:url\" content=\"https:\/\/www.altercampagne.net\/?p=22759\" \/>\n<meta property=\"og:site_name\" content=\"AlterTour\" \/>\n<meta property=\"article:published_time\" content=\"2021-07-23T07:11:00+00:00\" \/>\n<meta property=\"article:modified_time\" content=\"2021-07-28T10:08:57+00:00\" \/>\n<meta property=\"og:image\" content=\"https:\/\/www.altercampagne.net\/wp-content\/uploads\/2021\/07\/La-demeuree-1-scaled.jpg\" \/>\n\t<meta property=\"og:image:width\" content=\"2560\" \/>\n\t<meta property=\"og:image:height\" content=\"1709\" \/>\n\t<meta property=\"og:image:type\" content=\"image\/jpeg\" \/>\n<meta name=\"author\" content=\"AlterTour\" \/>\n<meta name=\"twitter:card\" content=\"summary_large_image\" \/>\n<meta name=\"twitter:label1\" content=\"\u00c9crit par\" \/>\n\t<meta name=\"twitter:data1\" content=\"AlterTour\" \/>\n\t<meta name=\"twitter:label2\" content=\"Dur\u00e9e de lecture estim\u00e9e\" \/>\n\t<meta name=\"twitter:data2\" content=\"2 minutes\" \/>\n<script type=\"application\/ld+json\" class=\"yoast-schema-graph\">{\"@context\":\"https:\\\/\\\/schema.org\",\"@graph\":[{\"@type\":\"Article\",\"@id\":\"https:\\\/\\\/www.altercampagne.net\\\/?p=22759#article\",\"isPartOf\":{\"@id\":\"https:\\\/\\\/www.altercampagne.net\\\/?p=22759\"},\"author\":{\"name\":\"AlterTour\",\"@id\":\"https:\\\/\\\/www.altercampagne.net\\\/#\\\/schema\\\/person\\\/e5b68c803196f649c2152249d262d94a\"},\"headline\":\"A la demeur\u00e9e, on demeure ensemble et bien [1\\\/2]\",\"datePublished\":\"2021-07-23T07:11:00+00:00\",\"dateModified\":\"2021-07-28T10:08:57+00:00\",\"mainEntityOfPage\":{\"@id\":\"https:\\\/\\\/www.altercampagne.net\\\/?p=22759\"},\"wordCount\":421,\"image\":{\"@id\":\"https:\\\/\\\/www.altercampagne.net\\\/?p=22759#primaryimage\"},\"thumbnailUrl\":\"https:\\\/\\\/www.altercampagne.net\\\/wp-content\\\/uploads\\\/2021\\\/07\\\/La-demeuree-1-scaled.jpg\",\"articleSection\":[\"Edition 2021\",\"Normandie\",\"Transverse\"],\"inLanguage\":\"fr-FR\"},{\"@type\":\"WebPage\",\"@id\":\"https:\\\/\\\/www.altercampagne.net\\\/?p=22759\",\"url\":\"https:\\\/\\\/www.altercampagne.net\\\/?p=22759\",\"name\":\"A la demeur\u00e9e, on demeure ensemble et bien [1\\\/2] - AlterTour\",\"isPartOf\":{\"@id\":\"https:\\\/\\\/www.altercampagne.net\\\/#website\"},\"primaryImageOfPage\":{\"@id\":\"https:\\\/\\\/www.altercampagne.net\\\/?p=22759#primaryimage\"},\"image\":{\"@id\":\"https:\\\/\\\/www.altercampagne.net\\\/?p=22759#primaryimage\"},\"thumbnailUrl\":\"https:\\\/\\\/www.altercampagne.net\\\/wp-content\\\/uploads\\\/2021\\\/07\\\/La-demeuree-1-scaled.jpg\",\"datePublished\":\"2021-07-23T07:11:00+00:00\",\"dateModified\":\"2021-07-28T10:08:57+00:00\",\"author\":{\"@id\":\"https:\\\/\\\/www.altercampagne.net\\\/#\\\/schema\\\/person\\\/e5b68c803196f649c2152249d262d94a\"},\"breadcrumb\":{\"@id\":\"https:\\\/\\\/www.altercampagne.net\\\/?p=22759#breadcrumb\"},\"inLanguage\":\"fr-FR\",\"potentialAction\":[{\"@type\":\"ReadAction\",\"target\":[\"https:\\\/\\\/www.altercampagne.net\\\/?p=22759\"]}]},{\"@type\":\"ImageObject\",\"inLanguage\":\"fr-FR\",\"@id\":\"https:\\\/\\\/www.altercampagne.net\\\/?p=22759#primaryimage\",\"url\":\"https:\\\/\\\/www.altercampagne.net\\\/wp-content\\\/uploads\\\/2021\\\/07\\\/La-demeuree-1-scaled.jpg\",\"contentUrl\":\"https:\\\/\\\/www.altercampagne.net\\\/wp-content\\\/uploads\\\/2021\\\/07\\\/La-demeuree-1-scaled.jpg\",\"width\":2560,\"height\":1709},{\"@type\":\"BreadcrumbList\",\"@id\":\"https:\\\/\\\/www.altercampagne.net\\\/?p=22759#breadcrumb\",\"itemListElement\":[{\"@type\":\"ListItem\",\"position\":1,\"name\":\"Accueil\",\"item\":\"https:\\\/\\\/www.altercampagne.net\\\/\"},{\"@type\":\"ListItem\",\"position\":2,\"name\":\"A la demeur\u00e9e, on demeure ensemble et bien [1\\\/2]\"}]},{\"@type\":\"WebSite\",\"@id\":\"https:\\\/\\\/www.altercampagne.net\\\/#website\",\"url\":\"https:\\\/\\\/www.altercampagne.net\\\/\",\"name\":\"AlterTour\",\"description\":\"Reliez les Alternatives \u00e0 v\u00e9lo\",\"potentialAction\":[{\"@type\":\"SearchAction\",\"target\":{\"@type\":\"EntryPoint\",\"urlTemplate\":\"https:\\\/\\\/www.altercampagne.net\\\/?s={search_term_string}\"},\"query-input\":{\"@type\":\"PropertyValueSpecification\",\"valueRequired\":true,\"valueName\":\"search_term_string\"}}],\"inLanguage\":\"fr-FR\"},{\"@type\":\"Person\",\"@id\":\"https:\\\/\\\/www.altercampagne.net\\\/#\\\/schema\\\/person\\\/e5b68c803196f649c2152249d262d94a\",\"name\":\"AlterTour\",\"image\":{\"@type\":\"ImageObject\",\"inLanguage\":\"fr-FR\",\"@id\":\"https:\\\/\\\/secure.gravatar.com\\\/avatar\\\/3f2ed77f8506b8ea264ad5938bb0114bfa10f35b64086a66dfbb6e9f58ad9693?s=96&d=mm&r=g\",\"url\":\"https:\\\/\\\/secure.gravatar.com\\\/avatar\\\/3f2ed77f8506b8ea264ad5938bb0114bfa10f35b64086a66dfbb6e9f58ad9693?s=96&d=mm&r=g\",\"contentUrl\":\"https:\\\/\\\/secure.gravatar.com\\\/avatar\\\/3f2ed77f8506b8ea264ad5938bb0114bfa10f35b64086a66dfbb6e9f58ad9693?s=96&d=mm&r=g\",\"caption\":\"AlterTour\"},\"url\":\"https:\\\/\\\/www.altercampagne.net\\\/?author=215\"}]}<\/script>\n<!-- \/ Yoast SEO plugin. -->","yoast_head_json":{"title":"A la demeur\u00e9e, on demeure ensemble et bien [1\/2] - AlterTour","robots":{"index":"index","follow":"follow","max-snippet":"max-snippet:-1","max-image-preview":"max-image-preview:large","max-video-preview":"max-video-preview:-1"},"canonical":"https:\/\/www.altercampagne.net\/?p=22759","og_locale":"fr_FR","og_type":"article","og_title":"A la demeur\u00e9e, on demeure ensemble et bien [1\/2] - AlterTour","og_description":"Tout a commenc\u00e9 en 2014 quand un groupe d'ami.e.s de Strasbourg fonde une association pour maintenir leurs liens. Iels r\u00e9novent une ancienne ferme et cr\u00e9ent des espaces d'habitation, de bricolage, de production de cidre, de concert, etc.","og_url":"https:\/\/www.altercampagne.net\/?p=22759","og_site_name":"AlterTour","article_published_time":"2021-07-23T07:11:00+00:00","article_modified_time":"2021-07-28T10:08:57+00:00","og_image":[{"width":2560,"height":1709,"url":"https:\/\/www.altercampagne.net\/wp-content\/uploads\/2021\/07\/La-demeuree-1-scaled.jpg","type":"image\/jpeg"}],"author":"AlterTour","twitter_card":"summary_large_image","twitter_misc":{"\u00c9crit par":"AlterTour","Dur\u00e9e de lecture estim\u00e9e":"2 minutes"},"schema":{"@context":"https:\/\/schema.org","@graph":[{"@type":"Article","@id":"https:\/\/www.altercampagne.net\/?p=22759#article","isPartOf":{"@id":"https:\/\/www.altercampagne.net\/?p=22759"},"author":{"name":"AlterTour","@id":"https:\/\/www.altercampagne.net\/#\/schema\/person\/e5b68c803196f649c2152249d262d94a"},"headline":"A la demeur\u00e9e, on demeure ensemble et bien [1\/2]","datePublished":"2021-07-23T07:11:00+00:00","dateModified":"2021-07-28T10:08:57+00:00","mainEntityOfPage":{"@id":"https:\/\/www.altercampagne.net\/?p=22759"},"wordCount":421,"image":{"@id":"https:\/\/www.altercampagne.net\/?p=22759#primaryimage"},"thumbnailUrl":"https:\/\/www.altercampagne.net\/wp-content\/uploads\/2021\/07\/La-demeuree-1-scaled.jpg","articleSection":["Edition 2021","Normandie","Transverse"],"inLanguage":"fr-FR"},{"@type":"WebPage","@id":"https:\/\/www.altercampagne.net\/?p=22759","url":"https:\/\/www.altercampagne.net\/?p=22759","name":"A la demeur\u00e9e, on demeure ensemble et bien [1\/2] - AlterTour","isPartOf":{"@id":"https:\/\/www.altercampagne.net\/#website"},"primaryImageOfPage":{"@id":"https:\/\/www.altercampagne.net\/?p=22759#primaryimage"},"image":{"@id":"https:\/\/www.altercampagne.net\/?p=22759#primaryimage"},"thumbnailUrl":"https:\/\/www.altercampagne.net\/wp-content\/uploads\/2021\/07\/La-demeuree-1-scaled.jpg","datePublished":"2021-07-23T07:11:00+00:00","dateModified":"2021-07-28T10:08:57+00:00","author":{"@id":"https:\/\/www.altercampagne.net\/#\/schema\/person\/e5b68c803196f649c2152249d262d94a"},"breadcrumb":{"@id":"https:\/\/www.altercampagne.net\/?p=22759#breadcrumb"},"inLanguage":"fr-FR","potentialAction":[{"@type":"ReadAction","target":["https:\/\/www.altercampagne.net\/?p=22759"]}]},{"@type":"ImageObject","inLanguage":"fr-FR","@id":"https:\/\/www.altercampagne.net\/?p=22759#primaryimage","url":"https:\/\/www.altercampagne.net\/wp-content\/uploads\/2021\/07\/La-demeuree-1-scaled.jpg","contentUrl":"https:\/\/www.altercampagne.net\/wp-content\/uploads\/2021\/07\/La-demeuree-1-scaled.jpg","width":2560,"height":1709},{"@type":"BreadcrumbList","@id":"https:\/\/www.altercampagne.net\/?p=22759#breadcrumb","itemListElement":[{"@type":"ListItem","position":1,"name":"Accueil","item":"https:\/\/www.altercampagne.net\/"},{"@type":"ListItem","position":2,"name":"A la demeur\u00e9e, on demeure ensemble et bien [1\/2]"}]},{"@type":"WebSite","@id":"https:\/\/www.altercampagne.net\/#website","url":"https:\/\/www.altercampagne.net\/","name":"AlterTour","description":"Reliez les Alternatives \u00e0 v\u00e9lo","potentialAction":[{"@type":"SearchAction","target":{"@type":"EntryPoint","urlTemplate":"https:\/\/www.altercampagne.net\/?s={search_term_string}"},"query-input":{"@type":"PropertyValueSpecification","valueRequired":true,"valueName":"search_term_string"}}],"inLanguage":"fr-FR"},{"@type":"Person","@id":"https:\/\/www.altercampagne.net\/#\/schema\/person\/e5b68c803196f649c2152249d262d94a","name":"AlterTour","image":{"@type":"ImageObject","inLanguage":"fr-FR","@id":"https:\/\/secure.gravatar.com\/avatar\/3f2ed77f8506b8ea264ad5938bb0114bfa10f35b64086a66dfbb6e9f58ad9693?s=96&d=mm&r=g","url":"https:\/\/secure.gravatar.com\/avatar\/3f2ed77f8506b8ea264ad5938bb0114bfa10f35b64086a66dfbb6e9f58ad9693?s=96&d=mm&r=g","contentUrl":"https:\/\/secure.gravatar.com\/avatar\/3f2ed77f8506b8ea264ad5938bb0114bfa10f35b64086a66dfbb6e9f58ad9693?s=96&d=mm&r=g","caption":"AlterTour"},"url":"https:\/\/www.altercampagne.net\/?author=215"}]}},"_links":{"self":[{"href":"https:\/\/www.altercampagne.net\/index.php?rest_route=\/wp\/v2\/posts\/22759","targetHints":{"allow":["GET"]}}],"collection":[{"href":"https:\/\/www.altercampagne.net\/index.php?rest_route=\/wp\/v2\/posts"}],"about":[{"href":"https:\/\/www.altercampagne.net\/index.php?rest_route=\/wp\/v2\/types\/post"}],"author":[{"embeddable":true,"href":"https:\/\/www.altercampagne.net\/index.php?rest_route=\/wp\/v2\/users\/215"}],"replies":[{"embeddable":true,"href":"https:\/\/www.altercampagne.net\/index.php?rest_route=%2Fwp%2Fv2%2Fcomments&post=22759"}],"version-history":[{"count":4,"href":"https:\/\/www.altercampagne.net\/index.php?rest_route=\/wp\/v2\/posts\/22759\/revisions"}],"predecessor-version":[{"id":22811,"href":"https:\/\/www.altercampagne.net\/index.php?rest_route=\/wp\/v2\/posts\/22759\/revisions\/22811"}],"wp:featuredmedia":[{"embeddable":true,"href":"https:\/\/www.altercampagne.net\/index.php?rest_route=\/wp\/v2\/media\/22795"}],"wp:attachment":[{"href":"https:\/\/www.altercampagne.net\/index.php?rest_route=%2Fwp%2Fv2%2Fmedia&parent=22759"}],"wp:term":[{"taxonomy":"category","embeddable":true,"href":"https:\/\/www.altercampagne.net\/index.php?rest_route=%2Fwp%2Fv2%2Fcategories&post=22759"},{"taxonomy":"post_tag","embeddable":true,"href":"https:\/\/www.altercampagne.net\/index.php?rest_route=%2Fwp%2Fv2%2Ftags&post=22759"}],"curies":[{"name":"wp","href":"https:\/\/api.w.org\/{rel}","templated":true}]}}