{"id":22764,"date":"2021-07-26T18:31:51","date_gmt":"2021-07-26T16:31:51","guid":{"rendered":"https:\/\/www.altercampagne.net\/?p=22764"},"modified":"2021-07-26T21:44:06","modified_gmt":"2021-07-26T19:44:06","slug":"chez-pierre-le-maraicher-qui-cultive-lhumain","status":"publish","type":"post","link":"https:\/\/www.altercampagne.net\/?p=22764","title":{"rendered":"Chez Pierre, le mara\u00eecher qui cultive l&rsquo;humain (1\/2)"},"content":{"rendered":"\n<p><strong>Mercredi<\/strong><br><em>Il est temps de dire au revoir \u00e0 Marion, Antoine, Capucine et M\u00e9lisse et de remonter sur nos v\u00e9los direction Mayenne. <\/em><br><em>Ivan et Charlotte nous ont concoct\u00e9 un jolie trajet : on pique nique sur un site arch\u00e9ologique, on nage dans la Mayenne\u2026 et on arrive ainsi l&rsquo;<a href=\"https:\/\/legumesdeprairie.fr\"><strong>EARL du Petit Bois<\/strong><\/a>.<\/em><\/p>\n\n\n\n<h4 class=\"wp-block-heading\">Le bel accueil<\/h4>\n\n\n\n<p>Pierre a d\u00e9plac\u00e9 ses \u00e2nes pour qu\u2019on d\u00e9plie nos tentes sur leur pr\u00e9, il nous pr\u00e9sente sa ferme, ses serres et ses champs, et les quatre salari\u00e9.es qui y travaillent : Mickael, Marie-Agn\u00e8s, Marl\u00e8ne et Am\u00e9lie. <br>On rempli nos estomacs et <strong>Pierre nous invite chaleureusement \u00e0 cueillir des fraises pour le dessert<\/strong>\u2026 Bref, on se sent d\u00e9j\u00e0 tr\u00e8s bien.<\/p>\n\n\n\n<figure class=\"wp-block-image size-large\"><a href=\"https:\/\/www.altercampagne.net\/wp-content\/uploads\/2021\/07\/ADT21-Guihery-07-scaled-e1627288284193.jpg\"><img loading=\"lazy\" decoding=\"async\" width=\"1024\" height=\"667\" src=\"https:\/\/www.altercampagne.net\/wp-content\/uploads\/2021\/07\/ADT21-Guihery-07-scaled-e1627288284193-1024x667.jpg\" alt=\"\" class=\"wp-image-22765\" srcset=\"https:\/\/www.altercampagne.net\/wp-content\/uploads\/2021\/07\/ADT21-Guihery-07-scaled-e1627288284193-1024x667.jpg 1024w, https:\/\/www.altercampagne.net\/wp-content\/uploads\/2021\/07\/ADT21-Guihery-07-scaled-e1627288284193-300x195.jpg 300w, https:\/\/www.altercampagne.net\/wp-content\/uploads\/2021\/07\/ADT21-Guihery-07-scaled-e1627288284193-768x500.jpg 768w, https:\/\/www.altercampagne.net\/wp-content\/uploads\/2021\/07\/ADT21-Guihery-07-scaled-e1627288284193-610x397.jpg 610w, https:\/\/www.altercampagne.net\/wp-content\/uploads\/2021\/07\/ADT21-Guihery-07-scaled-e1627288284193-100x65.jpg 100w, https:\/\/www.altercampagne.net\/wp-content\/uploads\/2021\/07\/ADT21-Guihery-07-scaled-e1627288284193-862x562.jpg 862w, https:\/\/www.altercampagne.net\/wp-content\/uploads\/2021\/07\/ADT21-Guihery-07-scaled-e1627288284193-1140x743.jpg 1140w, https:\/\/www.altercampagne.net\/wp-content\/uploads\/2021\/07\/ADT21-Guihery-07-scaled-e1627288284193.jpg 1197w\" sizes=\"auto, (max-width: 1024px) 100vw, 1024px\" \/><\/a><figcaption>La cueillette des fraise \u00a9In\u00e8s<\/figcaption><\/figure>\n\n\n\n<h4 class=\"wp-block-heading\">C\u2019est parti pour les chantiers.<\/h4>\n\n\n\n<p><strong>Jeudi<\/strong><br>On d\u00e9sherbe les grandes parcelles de choux avec Micka\u00ebl sous un grand ciel bleu. Pos\u00e9.es sur les bottes de foin, <strong>on construit avec Am\u00e9lie des h\u00f4tels \u00e0 insectes<\/strong> : quelques planches pour fabriquer une caisse, des morceaux de briques, de la paille, des petites branches\u2026 <br><strong>Les petites b\u00eates iront se loger dans ces refuges, qui seront ensuite d\u00e9plac\u00e9s \u00e0 l\u2019int\u00e9rieur des serres.<\/strong>&nbsp;<\/p>\n\n\n\n<figure class=\"wp-block-image size-large\"><a href=\"https:\/\/www.altercampagne.net\/wp-content\/uploads\/2021\/07\/ADT21-Guihery-02-scaled-e1627315954406.jpg\"><img loading=\"lazy\" decoding=\"async\" width=\"1024\" height=\"819\" src=\"https:\/\/www.altercampagne.net\/wp-content\/uploads\/2021\/07\/ADT21-Guihery-02-scaled-e1627315954406-1024x819.jpg\" alt=\"\" class=\"wp-image-22772\" srcset=\"https:\/\/www.altercampagne.net\/wp-content\/uploads\/2021\/07\/ADT21-Guihery-02-scaled-e1627315954406-1024x819.jpg 1024w, https:\/\/www.altercampagne.net\/wp-content\/uploads\/2021\/07\/ADT21-Guihery-02-scaled-e1627315954406-300x240.jpg 300w, https:\/\/www.altercampagne.net\/wp-content\/uploads\/2021\/07\/ADT21-Guihery-02-scaled-e1627315954406-768x614.jpg 768w, https:\/\/www.altercampagne.net\/wp-content\/uploads\/2021\/07\/ADT21-Guihery-02-scaled-e1627315954406-610x488.jpg 610w, https:\/\/www.altercampagne.net\/wp-content\/uploads\/2021\/07\/ADT21-Guihery-02-scaled-e1627315954406-100x80.jpg 100w, https:\/\/www.altercampagne.net\/wp-content\/uploads\/2021\/07\/ADT21-Guihery-02-scaled-e1627315954406-862x690.jpg 862w, https:\/\/www.altercampagne.net\/wp-content\/uploads\/2021\/07\/ADT21-Guihery-02-scaled-e1627315954406-1140x912.jpg 1140w, https:\/\/www.altercampagne.net\/wp-content\/uploads\/2021\/07\/ADT21-Guihery-02-scaled-e1627315954406.jpg 1200w\" sizes=\"auto, (max-width: 1024px) 100vw, 1024px\" \/><\/a><figcaption>H\u00f4tel \u00e0 insecte  \u00a9In\u00e8s<\/figcaption><\/figure>\n\n\n\n<p>Avec Marie-Agn\u00e8s et Madeleine (<strong>super-b\u00e9n\u00e9vole qui aide sur tous les fronts<\/strong>), on r\u00e9colte des aubergines dans les serres pour notre caviar du midi, et on fait les paniers de l\u00e9gumes de l\u2019AMAP.<\/p>\n\n\n\n<p>Petite sieste digestive puis <strong>on part pour la livraison de l\u2019AMAP<\/strong>\u2026 \u00e0 v\u00e9lo ! On cale bien les cagettes sur nos v\u00e9los, on les fixe avec nos tendeurs, <strong>et c\u2019est parti<\/strong>, on descend \u00e0 La Cale dans la ville de Mayenne distribuer les paniers aux Amapiens avec Am\u00e9lie, Madeleine, Pierre et sa petite famille. <br>C\u2019est l\u2019occasion de s\u2019initier pour certain.es \u00e0 la distribution de panier, et \u00e9videmment, <strong>on ne r\u00e9siste pas \u00e0 la tentation de faire une V\u00e9lorution pour traverser la ville !<\/strong><\/p>\n\n\n\n<h4 class=\"wp-block-heading\">Une fin de journ\u00e9e en musique<\/h4>\n\n\n\n<p><strong>Vendredi.<\/strong><br>On part tous d\u00e9sherber les choux et \u00e0 trente\u2026 \u00e7a d\u00e9pote ! S\u2019en suit une chaine humaine pour d\u00e9placer les kilos d\u2019\u00e9chalotes \u00e0 l\u2019\u00e9tage du hangar, en chantant !&nbsp;<\/p>\n\n\n\n<p>C\u2019est l\u2019heure du go\u00fbter, on p\u00e9dale jusqu\u2019\u00e0 l\u2019\u00e9picerie bio de Fontaine-Daniel o\u00f9 <strong>\u00c9lise nous a convi\u00e9 \u00e0 un Fest-Noz<\/strong> avec un groupe de musicien.es et de danseur.ses qui nous apprend les pas de danse.&nbsp;<\/p>\n\n\n\n<figure class=\"wp-block-image size-large\"><a href=\"https:\/\/www.altercampagne.net\/wp-content\/uploads\/2021\/07\/ADT21-Guihery-05-scaled-e1627316300247.jpg\"><img loading=\"lazy\" decoding=\"async\" width=\"1024\" height=\"687\" src=\"https:\/\/www.altercampagne.net\/wp-content\/uploads\/2021\/07\/ADT21-Guihery-05-1024x687.jpg\" alt=\"\" class=\"wp-image-22773\"\/><\/a><figcaption>Alter Fest-Noz  \u00a9In\u00e8s<\/figcaption><\/figure>\n\n\n\n<p>Le soir c\u2019est la Boom ! <strong>On danse, on chante, on saute, on go\u00fbte et regoute les bi\u00e8res de <\/strong><a href=\"https:\/\/brasserie-arborescence.com\"><strong>Jeff, brasseur<\/strong><\/a> sur la ferme qui nous permet de voir son labo et nous explique son travail.&nbsp;<\/p>\n\n\n\n<h4 class=\"wp-block-heading\">Et aussi&#8230; !<\/h4>\n\n\n\n<p><strong>On chante<\/strong>, on chante Hegoak, on chante la tendresse\u2026, on chante pour se r\u00e9partir les t\u00e2ches. <br><strong>On discute<\/strong> de contraception, masculine et f\u00e9minine, de retraite de m\u00e9ditation, on s\u2019\u00e9change nos id\u00e9es de formations, on parle de politique, d\u2019\u00e9lections, de vote, on joue au Ninja, on crie avec Coco, on parle permaculture, de nos engagements associatifs, de notre transit intestinal et des araign\u00e9es dans les WC. <br><strong>On accueille<\/strong> les nouvelleaux, on se donne envie de partir voyager, \u00e0 la d\u00e9couverte d\u2019autres modes de vie, <strong>on se donne du courage et de l\u2019enthousiasme pour oser se transformer et transformer le monde<\/strong>, on poursuit les d\u00e9bats initi\u00e9s \u00e0 l\u2019\u00e9tape pr\u00e9c\u00e9dente sur la consommation de viande.&nbsp;<\/p>\n","protected":false},"excerpt":{"rendered":"<p>\u00ab\u00a0On part tous d\u00e9sherber les choux et \u00e0 trente\u2026 \u00e7a d\u00e9pote ! S\u2019en suit une chaine humaine pour d\u00e9placer les kilos d\u2019\u00e9chalotes \u00e0 l\u2019\u00e9tage du hangar, en chantant ! \u00ab\u00a0<\/p>\n","protected":false},"author":388,"featured_media":22771,"comment_status":"closed","ping_status":"closed","sticky":false,"template":"","format":"standard","meta":{"footnotes":""},"categories":[3483,3489,4311,4037,3473,4198],"tags":[],"class_list":["post-22764","post","type-post","status-publish","format-standard","has-post-thumbnail","hentry","category-agriculture","category-alimentation","category-alter-d-tour","category-biere","category-centre-val-de-loire","category-edition-2021"],"yoast_head":"<!-- This site is optimized with the Yoast SEO plugin v27.3 - https:\/\/yoast.com\/product\/yoast-seo-wordpress\/ -->\n<title>Chez Pierre, le mara\u00eecher qui cultive l&#039;humain (1\/2) - AlterTour<\/title>\n<meta name=\"robots\" content=\"index, follow, max-snippet:-1, max-image-preview:large, max-video-preview:-1\" \/>\n<link rel=\"canonical\" href=\"https:\/\/www.altercampagne.net\/?p=22764\" \/>\n<meta property=\"og:locale\" content=\"fr_FR\" \/>\n<meta property=\"og:type\" content=\"article\" \/>\n<meta property=\"og:title\" content=\"Chez Pierre, le mara\u00eecher qui cultive l&#039;humain (1\/2) - AlterTour\" \/>\n<meta property=\"og:description\" content=\"&quot;On part tous d\u00e9sherber les choux et \u00e0 trente\u2026 \u00e7a d\u00e9pote ! S\u2019en suit une chaine humaine pour d\u00e9placer les kilos d\u2019\u00e9chalotes \u00e0 l\u2019\u00e9tage du hangar, en chantant ! &quot;\" \/>\n<meta property=\"og:url\" content=\"https:\/\/www.altercampagne.net\/?p=22764\" \/>\n<meta property=\"og:site_name\" content=\"AlterTour\" \/>\n<meta property=\"article:published_time\" content=\"2021-07-26T16:31:51+00:00\" \/>\n<meta property=\"article:modified_time\" content=\"2021-07-26T19:44:06+00:00\" \/>\n<meta property=\"og:image\" content=\"https:\/\/www.altercampagne.net\/wp-content\/uploads\/2021\/07\/ADT21-Guihery-03-scaled-e1627315727900.jpg\" \/>\n\t<meta property=\"og:image:width\" content=\"1200\" \/>\n\t<meta property=\"og:image:height\" content=\"699\" \/>\n\t<meta property=\"og:image:type\" content=\"image\/jpeg\" \/>\n<meta name=\"author\" content=\"Fluvine\" \/>\n<meta name=\"twitter:card\" content=\"summary_large_image\" \/>\n<meta name=\"twitter:label1\" content=\"\u00c9crit par\" \/>\n\t<meta name=\"twitter:data1\" content=\"Fluvine\" \/>\n\t<meta name=\"twitter:label2\" content=\"Dur\u00e9e de lecture estim\u00e9e\" \/>\n\t<meta name=\"twitter:data2\" content=\"3 minutes\" \/>\n<script type=\"application\/ld+json\" class=\"yoast-schema-graph\">{\"@context\":\"https:\\\/\\\/schema.org\",\"@graph\":[{\"@type\":\"Article\",\"@id\":\"https:\\\/\\\/www.altercampagne.net\\\/?p=22764#article\",\"isPartOf\":{\"@id\":\"https:\\\/\\\/www.altercampagne.net\\\/?p=22764\"},\"author\":{\"name\":\"Fluvine\",\"@id\":\"https:\\\/\\\/www.altercampagne.net\\\/#\\\/schema\\\/person\\\/70bc1917516876df0cbce668d90f4690\"},\"headline\":\"Chez Pierre, le mara\u00eecher qui cultive l&rsquo;humain (1\\\/2)\",\"datePublished\":\"2021-07-26T16:31:51+00:00\",\"dateModified\":\"2021-07-26T19:44:06+00:00\",\"mainEntityOfPage\":{\"@id\":\"https:\\\/\\\/www.altercampagne.net\\\/?p=22764\"},\"wordCount\":600,\"image\":{\"@id\":\"https:\\\/\\\/www.altercampagne.net\\\/?p=22764#primaryimage\"},\"thumbnailUrl\":\"https:\\\/\\\/www.altercampagne.net\\\/wp-content\\\/uploads\\\/2021\\\/07\\\/ADT21-Guihery-03-scaled-e1627315727900.jpg\",\"articleSection\":[\"Agriculture\",\"Alimentation\",\"Alter-D-tour\",\"Bi\u00e8re\",\"Centre-Val de Loire\",\"Edition 2021\"],\"inLanguage\":\"fr-FR\"},{\"@type\":\"WebPage\",\"@id\":\"https:\\\/\\\/www.altercampagne.net\\\/?p=22764\",\"url\":\"https:\\\/\\\/www.altercampagne.net\\\/?p=22764\",\"name\":\"Chez Pierre, le mara\u00eecher qui cultive l'humain (1\\\/2) - AlterTour\",\"isPartOf\":{\"@id\":\"https:\\\/\\\/www.altercampagne.net\\\/#website\"},\"primaryImageOfPage\":{\"@id\":\"https:\\\/\\\/www.altercampagne.net\\\/?p=22764#primaryimage\"},\"image\":{\"@id\":\"https:\\\/\\\/www.altercampagne.net\\\/?p=22764#primaryimage\"},\"thumbnailUrl\":\"https:\\\/\\\/www.altercampagne.net\\\/wp-content\\\/uploads\\\/2021\\\/07\\\/ADT21-Guihery-03-scaled-e1627315727900.jpg\",\"datePublished\":\"2021-07-26T16:31:51+00:00\",\"dateModified\":\"2021-07-26T19:44:06+00:00\",\"author\":{\"@id\":\"https:\\\/\\\/www.altercampagne.net\\\/#\\\/schema\\\/person\\\/70bc1917516876df0cbce668d90f4690\"},\"breadcrumb\":{\"@id\":\"https:\\\/\\\/www.altercampagne.net\\\/?p=22764#breadcrumb\"},\"inLanguage\":\"fr-FR\",\"potentialAction\":[{\"@type\":\"ReadAction\",\"target\":[\"https:\\\/\\\/www.altercampagne.net\\\/?p=22764\"]}]},{\"@type\":\"ImageObject\",\"inLanguage\":\"fr-FR\",\"@id\":\"https:\\\/\\\/www.altercampagne.net\\\/?p=22764#primaryimage\",\"url\":\"https:\\\/\\\/www.altercampagne.net\\\/wp-content\\\/uploads\\\/2021\\\/07\\\/ADT21-Guihery-03-scaled-e1627315727900.jpg\",\"contentUrl\":\"https:\\\/\\\/www.altercampagne.net\\\/wp-content\\\/uploads\\\/2021\\\/07\\\/ADT21-Guihery-03-scaled-e1627315727900.jpg\",\"width\":1200,\"height\":699},{\"@type\":\"BreadcrumbList\",\"@id\":\"https:\\\/\\\/www.altercampagne.net\\\/?p=22764#breadcrumb\",\"itemListElement\":[{\"@type\":\"ListItem\",\"position\":1,\"name\":\"Accueil\",\"item\":\"https:\\\/\\\/www.altercampagne.net\\\/\"},{\"@type\":\"ListItem\",\"position\":2,\"name\":\"Chez Pierre, le mara\u00eecher qui cultive l&rsquo;humain (1\\\/2)\"}]},{\"@type\":\"WebSite\",\"@id\":\"https:\\\/\\\/www.altercampagne.net\\\/#website\",\"url\":\"https:\\\/\\\/www.altercampagne.net\\\/\",\"name\":\"AlterTour\",\"description\":\"Reliez les Alternatives \u00e0 v\u00e9lo\",\"potentialAction\":[{\"@type\":\"SearchAction\",\"target\":{\"@type\":\"EntryPoint\",\"urlTemplate\":\"https:\\\/\\\/www.altercampagne.net\\\/?s={search_term_string}\"},\"query-input\":{\"@type\":\"PropertyValueSpecification\",\"valueRequired\":true,\"valueName\":\"search_term_string\"}}],\"inLanguage\":\"fr-FR\"},{\"@type\":\"Person\",\"@id\":\"https:\\\/\\\/www.altercampagne.net\\\/#\\\/schema\\\/person\\\/70bc1917516876df0cbce668d90f4690\",\"name\":\"Fluvine\",\"image\":{\"@type\":\"ImageObject\",\"inLanguage\":\"fr-FR\",\"@id\":\"https:\\\/\\\/secure.gravatar.com\\\/avatar\\\/c26ad0bc0d3fc4047bc2fa771a1ce47f981aa5aa5c3790f1a32f855736c62947?s=96&d=mm&r=g\",\"url\":\"https:\\\/\\\/secure.gravatar.com\\\/avatar\\\/c26ad0bc0d3fc4047bc2fa771a1ce47f981aa5aa5c3790f1a32f855736c62947?s=96&d=mm&r=g\",\"contentUrl\":\"https:\\\/\\\/secure.gravatar.com\\\/avatar\\\/c26ad0bc0d3fc4047bc2fa771a1ce47f981aa5aa5c3790f1a32f855736c62947?s=96&d=mm&r=g\",\"caption\":\"Fluvine\"},\"url\":\"https:\\\/\\\/www.altercampagne.net\\\/?author=388\"}]}<\/script>\n<!-- \/ Yoast SEO plugin. -->","yoast_head_json":{"title":"Chez Pierre, le mara\u00eecher qui cultive l'humain (1\/2) - AlterTour","robots":{"index":"index","follow":"follow","max-snippet":"max-snippet:-1","max-image-preview":"max-image-preview:large","max-video-preview":"max-video-preview:-1"},"canonical":"https:\/\/www.altercampagne.net\/?p=22764","og_locale":"fr_FR","og_type":"article","og_title":"Chez Pierre, le mara\u00eecher qui cultive l'humain (1\/2) - AlterTour","og_description":"\"On part tous d\u00e9sherber les choux et \u00e0 trente\u2026 \u00e7a d\u00e9pote ! S\u2019en suit une chaine humaine pour d\u00e9placer les kilos d\u2019\u00e9chalotes \u00e0 l\u2019\u00e9tage du hangar, en chantant ! \"","og_url":"https:\/\/www.altercampagne.net\/?p=22764","og_site_name":"AlterTour","article_published_time":"2021-07-26T16:31:51+00:00","article_modified_time":"2021-07-26T19:44:06+00:00","og_image":[{"width":1200,"height":699,"url":"https:\/\/www.altercampagne.net\/wp-content\/uploads\/2021\/07\/ADT21-Guihery-03-scaled-e1627315727900.jpg","type":"image\/jpeg"}],"author":"Fluvine","twitter_card":"summary_large_image","twitter_misc":{"\u00c9crit par":"Fluvine","Dur\u00e9e de lecture estim\u00e9e":"3 minutes"},"schema":{"@context":"https:\/\/schema.org","@graph":[{"@type":"Article","@id":"https:\/\/www.altercampagne.net\/?p=22764#article","isPartOf":{"@id":"https:\/\/www.altercampagne.net\/?p=22764"},"author":{"name":"Fluvine","@id":"https:\/\/www.altercampagne.net\/#\/schema\/person\/70bc1917516876df0cbce668d90f4690"},"headline":"Chez Pierre, le mara\u00eecher qui cultive l&rsquo;humain (1\/2)","datePublished":"2021-07-26T16:31:51+00:00","dateModified":"2021-07-26T19:44:06+00:00","mainEntityOfPage":{"@id":"https:\/\/www.altercampagne.net\/?p=22764"},"wordCount":600,"image":{"@id":"https:\/\/www.altercampagne.net\/?p=22764#primaryimage"},"thumbnailUrl":"https:\/\/www.altercampagne.net\/wp-content\/uploads\/2021\/07\/ADT21-Guihery-03-scaled-e1627315727900.jpg","articleSection":["Agriculture","Alimentation","Alter-D-tour","Bi\u00e8re","Centre-Val de Loire","Edition 2021"],"inLanguage":"fr-FR"},{"@type":"WebPage","@id":"https:\/\/www.altercampagne.net\/?p=22764","url":"https:\/\/www.altercampagne.net\/?p=22764","name":"Chez Pierre, le mara\u00eecher qui cultive l'humain (1\/2) - AlterTour","isPartOf":{"@id":"https:\/\/www.altercampagne.net\/#website"},"primaryImageOfPage":{"@id":"https:\/\/www.altercampagne.net\/?p=22764#primaryimage"},"image":{"@id":"https:\/\/www.altercampagne.net\/?p=22764#primaryimage"},"thumbnailUrl":"https:\/\/www.altercampagne.net\/wp-content\/uploads\/2021\/07\/ADT21-Guihery-03-scaled-e1627315727900.jpg","datePublished":"2021-07-26T16:31:51+00:00","dateModified":"2021-07-26T19:44:06+00:00","author":{"@id":"https:\/\/www.altercampagne.net\/#\/schema\/person\/70bc1917516876df0cbce668d90f4690"},"breadcrumb":{"@id":"https:\/\/www.altercampagne.net\/?p=22764#breadcrumb"},"inLanguage":"fr-FR","potentialAction":[{"@type":"ReadAction","target":["https:\/\/www.altercampagne.net\/?p=22764"]}]},{"@type":"ImageObject","inLanguage":"fr-FR","@id":"https:\/\/www.altercampagne.net\/?p=22764#primaryimage","url":"https:\/\/www.altercampagne.net\/wp-content\/uploads\/2021\/07\/ADT21-Guihery-03-scaled-e1627315727900.jpg","contentUrl":"https:\/\/www.altercampagne.net\/wp-content\/uploads\/2021\/07\/ADT21-Guihery-03-scaled-e1627315727900.jpg","width":1200,"height":699},{"@type":"BreadcrumbList","@id":"https:\/\/www.altercampagne.net\/?p=22764#breadcrumb","itemListElement":[{"@type":"ListItem","position":1,"name":"Accueil","item":"https:\/\/www.altercampagne.net\/"},{"@type":"ListItem","position":2,"name":"Chez Pierre, le mara\u00eecher qui cultive l&rsquo;humain (1\/2)"}]},{"@type":"WebSite","@id":"https:\/\/www.altercampagne.net\/#website","url":"https:\/\/www.altercampagne.net\/","name":"AlterTour","description":"Reliez les Alternatives \u00e0 v\u00e9lo","potentialAction":[{"@type":"SearchAction","target":{"@type":"EntryPoint","urlTemplate":"https:\/\/www.altercampagne.net\/?s={search_term_string}"},"query-input":{"@type":"PropertyValueSpecification","valueRequired":true,"valueName":"search_term_string"}}],"inLanguage":"fr-FR"},{"@type":"Person","@id":"https:\/\/www.altercampagne.net\/#\/schema\/person\/70bc1917516876df0cbce668d90f4690","name":"Fluvine","image":{"@type":"ImageObject","inLanguage":"fr-FR","@id":"https:\/\/secure.gravatar.com\/avatar\/c26ad0bc0d3fc4047bc2fa771a1ce47f981aa5aa5c3790f1a32f855736c62947?s=96&d=mm&r=g","url":"https:\/\/secure.gravatar.com\/avatar\/c26ad0bc0d3fc4047bc2fa771a1ce47f981aa5aa5c3790f1a32f855736c62947?s=96&d=mm&r=g","contentUrl":"https:\/\/secure.gravatar.com\/avatar\/c26ad0bc0d3fc4047bc2fa771a1ce47f981aa5aa5c3790f1a32f855736c62947?s=96&d=mm&r=g","caption":"Fluvine"},"url":"https:\/\/www.altercampagne.net\/?author=388"}]}},"_links":{"self":[{"href":"https:\/\/www.altercampagne.net\/index.php?rest_route=\/wp\/v2\/posts\/22764","targetHints":{"allow":["GET"]}}],"collection":[{"href":"https:\/\/www.altercampagne.net\/index.php?rest_route=\/wp\/v2\/posts"}],"about":[{"href":"https:\/\/www.altercampagne.net\/index.php?rest_route=\/wp\/v2\/types\/post"}],"author":[{"embeddable":true,"href":"https:\/\/www.altercampagne.net\/index.php?rest_route=\/wp\/v2\/users\/388"}],"replies":[{"embeddable":true,"href":"https:\/\/www.altercampagne.net\/index.php?rest_route=%2Fwp%2Fv2%2Fcomments&post=22764"}],"version-history":[{"count":4,"href":"https:\/\/www.altercampagne.net\/index.php?rest_route=\/wp\/v2\/posts\/22764\/revisions"}],"predecessor-version":[{"id":22790,"href":"https:\/\/www.altercampagne.net\/index.php?rest_route=\/wp\/v2\/posts\/22764\/revisions\/22790"}],"wp:featuredmedia":[{"embeddable":true,"href":"https:\/\/www.altercampagne.net\/index.php?rest_route=\/wp\/v2\/media\/22771"}],"wp:attachment":[{"href":"https:\/\/www.altercampagne.net\/index.php?rest_route=%2Fwp%2Fv2%2Fmedia&parent=22764"}],"wp:term":[{"taxonomy":"category","embeddable":true,"href":"https:\/\/www.altercampagne.net\/index.php?rest_route=%2Fwp%2Fv2%2Fcategories&post=22764"},{"taxonomy":"post_tag","embeddable":true,"href":"https:\/\/www.altercampagne.net\/index.php?rest_route=%2Fwp%2Fv2%2Ftags&post=22764"}],"curies":[{"name":"wp","href":"https:\/\/api.w.org\/{rel}","templated":true}]}}