{"id":22767,"date":"2021-07-24T16:09:00","date_gmt":"2021-07-24T14:09:00","guid":{"rendered":"https:\/\/www.altercampagne.net\/?p=22767"},"modified":"2021-08-03T13:23:34","modified_gmt":"2021-08-03T11:23:34","slug":"a-la-demeuree-on-demeure-ensemble-et-bien-2-2","status":"publish","type":"post","link":"https:\/\/www.altercampagne.net\/?p=22767","title":{"rendered":"A la Demeur\u00e9e, on demeure ensemble et bien [2\/2]"},"content":{"rendered":"\n<h3 class=\"wp-block-heading\"><strong>Un orage pour une \u00e9tape de transition<\/strong><\/h3>\n\n\n\n<p>Vendredi 23 juillet. 80 km parcourus ce jour. Se termine une semaine qui fut chaude, \u00e9touffante et charg\u00e9e en \u00e9tapes longues. Et elle va se cl\u00f4turer par une explosion atmosph\u00e9rique. Il est 19h et la premi\u00e8re salve de tonnerre retentit. Le camp a pu \u00eatre \u00e9tabli juste \u00e0 temps pour \u00e9viter l&rsquo;averse orageuse.<br>Dans un <strong>hangar fermier reconditionn\u00e9 en salle de concert <\/strong>se tient le briefing quotidien. Il a des allures de tribunal populaire. Marie officie en tant que procureure. Dure mais juste, elle appelle les responsables \u00e0 la barre, prononce les nouvelles directives et garantie la r\u00e9partition des t\u00e2ches. Sous sa bienveillante juridiction, c&rsquo;est tout de m\u00eame un certain air de libert\u00e9 et de cr\u00e9ativit\u00e9 qui anime l&rsquo;assistance. Et pour cause : <strong>samedi est une journ\u00e9e sans v\u00e9lo, le programme doit \u00eatre compl\u00e9t\u00e9 et sera d\u00e9fini par la collectivit\u00e9.<\/strong> Libre aux volontaires de <strong>proposer activit\u00e9 ou atelier<\/strong> de leur cru. Et nombreuses furent les propositions.<\/p>\n\n\n\n<h4 class=\"wp-block-heading\"><strong>Un programme riche et \u00ab\u00a0cousu-main\u00a0\u00bb<\/strong><\/h4>\n\n\n\n<p>Il serait trop long de tout \u00e9num\u00e9rer, mais voici quelques morceaux choisis.<\/p>\n\n\n\n<p><strong>9h <\/strong>Romain anime le premier de <strong>deux ateliers chant<\/strong>. Il nous propose de voyager vers le Br\u00e9sil. <em>Ol\u00eal\u00ea, olala, pega no ganz\u00ea, pega no ganza&#8230;<\/em>On apprendra que le \u00ab ganza \u00bb ou hochet br\u00e9silien est un cylindre m\u00e9tallique creux qui contient des graines ou des cailloux, et qu\u2019on secoue en rythme.<\/p>\n\n\n\n<p><strong>10h<\/strong> Agathe guide un s\u00e9ance de\u00a0<strong>vini yoga<\/strong>\u00a0matinal. C&rsquo;est un yoga qui s&rsquo;adapte \u00e0 chaque personne avec une attention particuli\u00e8re sur la respiration.<\/p>\n\n\n\n<p><strong>11h<\/strong> La pluie ne reviendra pas avant l&rsquo;apr\u00e8s-midi. Tant mieux, il est l&rsquo;heure de d\u00e9marrer le cercle de parole, et nous nous installons dehors. 2 semaines d&rsquo;AlterTour, d\u00e9j\u00e0!! Il y a eu beaucoup de d\u00e9parts. Pour les altercyclistes pr\u00e9sent.e.s depuis le d\u00e9but, il y a pas mal d&rsquo;\u00e9motions accumul\u00e9es.<\/p>\n\n\n\n<p><strong>12h30<\/strong> Une\u00a0<strong>cri\u00e9e<\/strong>\u00a0prend place \u00e0 c\u00f4t\u00e9 de la cuisine au moment du d\u00e9jeuner. C\u00e9lia et Marie d\u00e9clament des annonces et des mots pr\u00e9par\u00e9s par les altercyclistes inspir\u00e9s.<\/p>\n\n\n\n<p><strong>14h <\/strong>Apr\u00e8s le d\u00e9jeuner et le retour des averses, c&rsquo;est le temps pour\u00a0<strong><a href=\"http:\/\/www.maisonduvelocaen.fr\/pid1\/accueil\" target=\"_blank\" rel=\"noreferrer noopener\">La maison du v\u00e9lo<\/a><\/strong>, regroupement d&rsquo;associations caennaises, d&rsquo;organiser un atelier de r\u00e9paration et de r\u00e9vision. Cela est bien utile pour les b\u00e9canes d\u00e9j\u00e0 \u00e9prouv\u00e9es par la route normande comme pour les <em>nouvov\u00e9los<\/em> fra\u00eechement arriv\u00e9s.<\/p>\n\n\n\n<p><strong>15h<\/strong> Introduction \u00e0 la\u00a0<strong>langues des signes<\/strong>\u00a0par Elsa.<\/p>\n\n\n\n<p><strong>16h30<\/strong> Maxime propose une petite s\u00e9ance de d\u00e9couverte de l&rsquo;<strong>apn\u00e9e statique<\/strong>. Au calme dans une pi\u00e8ce confortable, les apprentis apn\u00e9istes y d\u00e9couvrent de nouvelles sensations.<\/p>\n\n\n\n<p><strong>17h<\/strong> Lecture collective autour des recueils et livrets Fem(inis)mes en Selle pr\u00e9par\u00e9s par le groupe de travail <em>\u00ab\u00a0\u00eatre une femme sur l&rsquo;AlterTour\u00a0\u00bb.<\/em><\/p>\n\n\n\n<h3 class=\"wp-block-heading\"><strong>Une soir\u00e9e bien r\u00f4d\u00e9e et bien anim\u00e9e<\/strong><\/h3>\n\n\n\n<p>Les \u00e9quipes charg\u00e9es des t\u00e2ches du soir se d\u00e9m\u00e8nent mais sans stress. Force \u00e0 eux, car ce n&rsquo;est pas moins de 80 personnes qui sont pr\u00e9sentes ce soir-l\u00e0. En effet, l&rsquo;<strong>Echapp\u00e9e Belle<\/strong>\u00a0s&rsquo;est jointe au groupe principal pour d\u00e9marrer son circuit le lendemain. Cuisine, Briefing, D\u00eener et une Vaisselle abattue en un temps record gr\u00e2ce \u00e0 l\u2019\u00e9nergie collective. L&rsquo;auto-gestion tourne \u00e0 plein.<\/p>\n\n\n\n<p><strong>21h<\/strong> Un\u00a0<strong>concert folk\/grec<\/strong>\u00a0conclu cette journ\u00e9e reposante mais bien anim\u00e9e. Et nombre de nos altercyclistes ont encore de l&rsquo;\u00e9nergie \u00e0 d\u00e9penser. L&rsquo;artiste est un disciple de <a href=\"https:\/\/www.youtube.com\/watch?v=eZKKYm4JoWI\" target=\"_blank\" rel=\"noreferrer noopener\">Andy Markantonis<\/a>, un talentueux joueur d&rsquo; oud. Et apr\u00e8s cela\u2026 Pourquoi ne pas continuer \u00e0 danser ?\u00a0<\/p>\n\n\n\n<p class=\"has-text-align-right\"><em>Maxime<\/em><\/p>\n\n\n\n<p class=\"has-text-align-right\"><em>&nbsp;\u00a9 Orianne Drouet<\/em><\/p>\n","protected":false},"excerpt":{"rendered":"<p>Vendredi 23 juillet. 80 km parcourus ce jour. Se termine une semaine qui fut chaude, \u00e9touffante et charg\u00e9e en \u00e9tapes longues. Et elle va se cl\u00f4turer par une explosion atmosph\u00e9rique. Il est 19h et la premi\u00e8re salve de tonnerre retentit. Le camp a pu \u00eatre \u00e9tabli juste \u00e0 temps pour \u00e9viter l&rsquo;averse orageuse.<\/p>\n","protected":false},"author":215,"featured_media":22794,"comment_status":"closed","ping_status":"closed","sticky":false,"template":"","format":"standard","meta":{"footnotes":""},"categories":[4313,4198,3478,1],"tags":[],"class_list":["post-22767","post","type-post","status-publish","format-standard","has-post-thumbnail","hentry","category-altertour","category-edition-2021","category-normandie","category-non-classe"],"yoast_head":"<!-- This site is optimized with the Yoast SEO plugin v27.3 - https:\/\/yoast.com\/product\/yoast-seo-wordpress\/ -->\n<title>A la Demeur\u00e9e, on demeure ensemble et bien [2\/2] - AlterTour<\/title>\n<meta name=\"robots\" content=\"index, follow, max-snippet:-1, max-image-preview:large, max-video-preview:-1\" \/>\n<link rel=\"canonical\" href=\"https:\/\/www.altercampagne.net\/?p=22767\" \/>\n<meta property=\"og:locale\" content=\"fr_FR\" \/>\n<meta property=\"og:type\" content=\"article\" \/>\n<meta property=\"og:title\" content=\"A la Demeur\u00e9e, on demeure ensemble et bien [2\/2] - AlterTour\" \/>\n<meta property=\"og:description\" content=\"Vendredi 23 juillet. 80 km parcourus ce jour. Se termine une semaine qui fut chaude, \u00e9touffante et charg\u00e9e en \u00e9tapes longues. Et elle va se cl\u00f4turer par une explosion atmosph\u00e9rique. Il est 19h et la premi\u00e8re salve de tonnerre retentit. Le camp a pu \u00eatre \u00e9tabli juste \u00e0 temps pour \u00e9viter l&#039;averse orageuse.\" \/>\n<meta property=\"og:url\" content=\"https:\/\/www.altercampagne.net\/?p=22767\" \/>\n<meta property=\"og:site_name\" content=\"AlterTour\" \/>\n<meta property=\"article:published_time\" content=\"2021-07-24T14:09:00+00:00\" \/>\n<meta property=\"article:modified_time\" content=\"2021-08-03T11:23:34+00:00\" \/>\n<meta property=\"og:image\" content=\"https:\/\/www.altercampagne.net\/wp-content\/uploads\/2021\/07\/La-Demeuree-2-scaled.jpg\" \/>\n\t<meta property=\"og:image:width\" content=\"2560\" \/>\n\t<meta property=\"og:image:height\" content=\"1708\" \/>\n\t<meta property=\"og:image:type\" content=\"image\/jpeg\" \/>\n<meta name=\"author\" content=\"AlterTour\" \/>\n<meta name=\"twitter:card\" content=\"summary_large_image\" \/>\n<meta name=\"twitter:label1\" content=\"\u00c9crit par\" \/>\n\t<meta name=\"twitter:data1\" content=\"AlterTour\" \/>\n\t<meta name=\"twitter:label2\" content=\"Dur\u00e9e de lecture estim\u00e9e\" \/>\n\t<meta name=\"twitter:data2\" content=\"3 minutes\" \/>\n<script type=\"application\/ld+json\" class=\"yoast-schema-graph\">{\"@context\":\"https:\\\/\\\/schema.org\",\"@graph\":[{\"@type\":\"Article\",\"@id\":\"https:\\\/\\\/www.altercampagne.net\\\/?p=22767#article\",\"isPartOf\":{\"@id\":\"https:\\\/\\\/www.altercampagne.net\\\/?p=22767\"},\"author\":{\"name\":\"AlterTour\",\"@id\":\"https:\\\/\\\/www.altercampagne.net\\\/#\\\/schema\\\/person\\\/e5b68c803196f649c2152249d262d94a\"},\"headline\":\"A la Demeur\u00e9e, on demeure ensemble et bien [2\\\/2]\",\"datePublished\":\"2021-07-24T14:09:00+00:00\",\"dateModified\":\"2021-08-03T11:23:34+00:00\",\"mainEntityOfPage\":{\"@id\":\"https:\\\/\\\/www.altercampagne.net\\\/?p=22767\"},\"wordCount\":641,\"image\":{\"@id\":\"https:\\\/\\\/www.altercampagne.net\\\/?p=22767#primaryimage\"},\"thumbnailUrl\":\"https:\\\/\\\/www.altercampagne.net\\\/wp-content\\\/uploads\\\/2021\\\/07\\\/La-Demeuree-2-scaled.jpg\",\"articleSection\":[\"AlterTour\",\"Edition 2021\",\"Normandie\"],\"inLanguage\":\"fr-FR\"},{\"@type\":\"WebPage\",\"@id\":\"https:\\\/\\\/www.altercampagne.net\\\/?p=22767\",\"url\":\"https:\\\/\\\/www.altercampagne.net\\\/?p=22767\",\"name\":\"A la Demeur\u00e9e, on demeure ensemble et bien [2\\\/2] - AlterTour\",\"isPartOf\":{\"@id\":\"https:\\\/\\\/www.altercampagne.net\\\/#website\"},\"primaryImageOfPage\":{\"@id\":\"https:\\\/\\\/www.altercampagne.net\\\/?p=22767#primaryimage\"},\"image\":{\"@id\":\"https:\\\/\\\/www.altercampagne.net\\\/?p=22767#primaryimage\"},\"thumbnailUrl\":\"https:\\\/\\\/www.altercampagne.net\\\/wp-content\\\/uploads\\\/2021\\\/07\\\/La-Demeuree-2-scaled.jpg\",\"datePublished\":\"2021-07-24T14:09:00+00:00\",\"dateModified\":\"2021-08-03T11:23:34+00:00\",\"author\":{\"@id\":\"https:\\\/\\\/www.altercampagne.net\\\/#\\\/schema\\\/person\\\/e5b68c803196f649c2152249d262d94a\"},\"breadcrumb\":{\"@id\":\"https:\\\/\\\/www.altercampagne.net\\\/?p=22767#breadcrumb\"},\"inLanguage\":\"fr-FR\",\"potentialAction\":[{\"@type\":\"ReadAction\",\"target\":[\"https:\\\/\\\/www.altercampagne.net\\\/?p=22767\"]}]},{\"@type\":\"ImageObject\",\"inLanguage\":\"fr-FR\",\"@id\":\"https:\\\/\\\/www.altercampagne.net\\\/?p=22767#primaryimage\",\"url\":\"https:\\\/\\\/www.altercampagne.net\\\/wp-content\\\/uploads\\\/2021\\\/07\\\/La-Demeuree-2-scaled.jpg\",\"contentUrl\":\"https:\\\/\\\/www.altercampagne.net\\\/wp-content\\\/uploads\\\/2021\\\/07\\\/La-Demeuree-2-scaled.jpg\",\"width\":2560,\"height\":1708},{\"@type\":\"BreadcrumbList\",\"@id\":\"https:\\\/\\\/www.altercampagne.net\\\/?p=22767#breadcrumb\",\"itemListElement\":[{\"@type\":\"ListItem\",\"position\":1,\"name\":\"Accueil\",\"item\":\"https:\\\/\\\/www.altercampagne.net\\\/\"},{\"@type\":\"ListItem\",\"position\":2,\"name\":\"A la Demeur\u00e9e, on demeure ensemble et bien [2\\\/2]\"}]},{\"@type\":\"WebSite\",\"@id\":\"https:\\\/\\\/www.altercampagne.net\\\/#website\",\"url\":\"https:\\\/\\\/www.altercampagne.net\\\/\",\"name\":\"AlterTour\",\"description\":\"Reliez les Alternatives \u00e0 v\u00e9lo\",\"potentialAction\":[{\"@type\":\"SearchAction\",\"target\":{\"@type\":\"EntryPoint\",\"urlTemplate\":\"https:\\\/\\\/www.altercampagne.net\\\/?s={search_term_string}\"},\"query-input\":{\"@type\":\"PropertyValueSpecification\",\"valueRequired\":true,\"valueName\":\"search_term_string\"}}],\"inLanguage\":\"fr-FR\"},{\"@type\":\"Person\",\"@id\":\"https:\\\/\\\/www.altercampagne.net\\\/#\\\/schema\\\/person\\\/e5b68c803196f649c2152249d262d94a\",\"name\":\"AlterTour\",\"image\":{\"@type\":\"ImageObject\",\"inLanguage\":\"fr-FR\",\"@id\":\"https:\\\/\\\/secure.gravatar.com\\\/avatar\\\/3f2ed77f8506b8ea264ad5938bb0114bfa10f35b64086a66dfbb6e9f58ad9693?s=96&d=mm&r=g\",\"url\":\"https:\\\/\\\/secure.gravatar.com\\\/avatar\\\/3f2ed77f8506b8ea264ad5938bb0114bfa10f35b64086a66dfbb6e9f58ad9693?s=96&d=mm&r=g\",\"contentUrl\":\"https:\\\/\\\/secure.gravatar.com\\\/avatar\\\/3f2ed77f8506b8ea264ad5938bb0114bfa10f35b64086a66dfbb6e9f58ad9693?s=96&d=mm&r=g\",\"caption\":\"AlterTour\"},\"url\":\"https:\\\/\\\/www.altercampagne.net\\\/?author=215\"}]}<\/script>\n<!-- \/ Yoast SEO plugin. -->","yoast_head_json":{"title":"A la Demeur\u00e9e, on demeure ensemble et bien [2\/2] - AlterTour","robots":{"index":"index","follow":"follow","max-snippet":"max-snippet:-1","max-image-preview":"max-image-preview:large","max-video-preview":"max-video-preview:-1"},"canonical":"https:\/\/www.altercampagne.net\/?p=22767","og_locale":"fr_FR","og_type":"article","og_title":"A la Demeur\u00e9e, on demeure ensemble et bien [2\/2] - AlterTour","og_description":"Vendredi 23 juillet. 80 km parcourus ce jour. Se termine une semaine qui fut chaude, \u00e9touffante et charg\u00e9e en \u00e9tapes longues. Et elle va se cl\u00f4turer par une explosion atmosph\u00e9rique. Il est 19h et la premi\u00e8re salve de tonnerre retentit. Le camp a pu \u00eatre \u00e9tabli juste \u00e0 temps pour \u00e9viter l'averse orageuse.","og_url":"https:\/\/www.altercampagne.net\/?p=22767","og_site_name":"AlterTour","article_published_time":"2021-07-24T14:09:00+00:00","article_modified_time":"2021-08-03T11:23:34+00:00","og_image":[{"width":2560,"height":1708,"url":"https:\/\/www.altercampagne.net\/wp-content\/uploads\/2021\/07\/La-Demeuree-2-scaled.jpg","type":"image\/jpeg"}],"author":"AlterTour","twitter_card":"summary_large_image","twitter_misc":{"\u00c9crit par":"AlterTour","Dur\u00e9e de lecture estim\u00e9e":"3 minutes"},"schema":{"@context":"https:\/\/schema.org","@graph":[{"@type":"Article","@id":"https:\/\/www.altercampagne.net\/?p=22767#article","isPartOf":{"@id":"https:\/\/www.altercampagne.net\/?p=22767"},"author":{"name":"AlterTour","@id":"https:\/\/www.altercampagne.net\/#\/schema\/person\/e5b68c803196f649c2152249d262d94a"},"headline":"A la Demeur\u00e9e, on demeure ensemble et bien [2\/2]","datePublished":"2021-07-24T14:09:00+00:00","dateModified":"2021-08-03T11:23:34+00:00","mainEntityOfPage":{"@id":"https:\/\/www.altercampagne.net\/?p=22767"},"wordCount":641,"image":{"@id":"https:\/\/www.altercampagne.net\/?p=22767#primaryimage"},"thumbnailUrl":"https:\/\/www.altercampagne.net\/wp-content\/uploads\/2021\/07\/La-Demeuree-2-scaled.jpg","articleSection":["AlterTour","Edition 2021","Normandie"],"inLanguage":"fr-FR"},{"@type":"WebPage","@id":"https:\/\/www.altercampagne.net\/?p=22767","url":"https:\/\/www.altercampagne.net\/?p=22767","name":"A la Demeur\u00e9e, on demeure ensemble et bien [2\/2] - AlterTour","isPartOf":{"@id":"https:\/\/www.altercampagne.net\/#website"},"primaryImageOfPage":{"@id":"https:\/\/www.altercampagne.net\/?p=22767#primaryimage"},"image":{"@id":"https:\/\/www.altercampagne.net\/?p=22767#primaryimage"},"thumbnailUrl":"https:\/\/www.altercampagne.net\/wp-content\/uploads\/2021\/07\/La-Demeuree-2-scaled.jpg","datePublished":"2021-07-24T14:09:00+00:00","dateModified":"2021-08-03T11:23:34+00:00","author":{"@id":"https:\/\/www.altercampagne.net\/#\/schema\/person\/e5b68c803196f649c2152249d262d94a"},"breadcrumb":{"@id":"https:\/\/www.altercampagne.net\/?p=22767#breadcrumb"},"inLanguage":"fr-FR","potentialAction":[{"@type":"ReadAction","target":["https:\/\/www.altercampagne.net\/?p=22767"]}]},{"@type":"ImageObject","inLanguage":"fr-FR","@id":"https:\/\/www.altercampagne.net\/?p=22767#primaryimage","url":"https:\/\/www.altercampagne.net\/wp-content\/uploads\/2021\/07\/La-Demeuree-2-scaled.jpg","contentUrl":"https:\/\/www.altercampagne.net\/wp-content\/uploads\/2021\/07\/La-Demeuree-2-scaled.jpg","width":2560,"height":1708},{"@type":"BreadcrumbList","@id":"https:\/\/www.altercampagne.net\/?p=22767#breadcrumb","itemListElement":[{"@type":"ListItem","position":1,"name":"Accueil","item":"https:\/\/www.altercampagne.net\/"},{"@type":"ListItem","position":2,"name":"A la Demeur\u00e9e, on demeure ensemble et bien [2\/2]"}]},{"@type":"WebSite","@id":"https:\/\/www.altercampagne.net\/#website","url":"https:\/\/www.altercampagne.net\/","name":"AlterTour","description":"Reliez les Alternatives \u00e0 v\u00e9lo","potentialAction":[{"@type":"SearchAction","target":{"@type":"EntryPoint","urlTemplate":"https:\/\/www.altercampagne.net\/?s={search_term_string}"},"query-input":{"@type":"PropertyValueSpecification","valueRequired":true,"valueName":"search_term_string"}}],"inLanguage":"fr-FR"},{"@type":"Person","@id":"https:\/\/www.altercampagne.net\/#\/schema\/person\/e5b68c803196f649c2152249d262d94a","name":"AlterTour","image":{"@type":"ImageObject","inLanguage":"fr-FR","@id":"https:\/\/secure.gravatar.com\/avatar\/3f2ed77f8506b8ea264ad5938bb0114bfa10f35b64086a66dfbb6e9f58ad9693?s=96&d=mm&r=g","url":"https:\/\/secure.gravatar.com\/avatar\/3f2ed77f8506b8ea264ad5938bb0114bfa10f35b64086a66dfbb6e9f58ad9693?s=96&d=mm&r=g","contentUrl":"https:\/\/secure.gravatar.com\/avatar\/3f2ed77f8506b8ea264ad5938bb0114bfa10f35b64086a66dfbb6e9f58ad9693?s=96&d=mm&r=g","caption":"AlterTour"},"url":"https:\/\/www.altercampagne.net\/?author=215"}]}},"_links":{"self":[{"href":"https:\/\/www.altercampagne.net\/index.php?rest_route=\/wp\/v2\/posts\/22767","targetHints":{"allow":["GET"]}}],"collection":[{"href":"https:\/\/www.altercampagne.net\/index.php?rest_route=\/wp\/v2\/posts"}],"about":[{"href":"https:\/\/www.altercampagne.net\/index.php?rest_route=\/wp\/v2\/types\/post"}],"author":[{"embeddable":true,"href":"https:\/\/www.altercampagne.net\/index.php?rest_route=\/wp\/v2\/users\/215"}],"replies":[{"embeddable":true,"href":"https:\/\/www.altercampagne.net\/index.php?rest_route=%2Fwp%2Fv2%2Fcomments&post=22767"}],"version-history":[{"count":4,"href":"https:\/\/www.altercampagne.net\/index.php?rest_route=\/wp\/v2\/posts\/22767\/revisions"}],"predecessor-version":[{"id":22899,"href":"https:\/\/www.altercampagne.net\/index.php?rest_route=\/wp\/v2\/posts\/22767\/revisions\/22899"}],"wp:featuredmedia":[{"embeddable":true,"href":"https:\/\/www.altercampagne.net\/index.php?rest_route=\/wp\/v2\/media\/22794"}],"wp:attachment":[{"href":"https:\/\/www.altercampagne.net\/index.php?rest_route=%2Fwp%2Fv2%2Fmedia&parent=22767"}],"wp:term":[{"taxonomy":"category","embeddable":true,"href":"https:\/\/www.altercampagne.net\/index.php?rest_route=%2Fwp%2Fv2%2Fcategories&post=22767"},{"taxonomy":"post_tag","embeddable":true,"href":"https:\/\/www.altercampagne.net\/index.php?rest_route=%2Fwp%2Fv2%2Ftags&post=22767"}],"curies":[{"name":"wp","href":"https:\/\/api.w.org\/{rel}","templated":true}]}}