{"id":22776,"date":"2021-07-26T21:37:45","date_gmt":"2021-07-26T19:37:45","guid":{"rendered":"https:\/\/www.altercampagne.net\/?p=22776"},"modified":"2021-07-26T21:44:26","modified_gmt":"2021-07-26T19:44:26","slug":"un-voyage-dans-le-jardin-interieur-de-pierre","status":"publish","type":"post","link":"https:\/\/www.altercampagne.net\/?p=22776","title":{"rendered":"Un voyage dans le jardin (int\u00e9rieur) de Pierre (2\/2)"},"content":{"rendered":"\n<p><em>Mara\u00eecher bio Mayennais aux multiples casquettes<\/em><\/p>\n\n\n\n<p>C\u2019est au bout d\u2019une longue mont\u00e9e \u00e0 travers Saint Georges-de-Buttavent, sous un soleil de plomb, alourdi.es par nos sacoches bien remplies, que nous d\u00e9couvrons les serres de Pierre Guihery du Petit Bois.<\/p>\n\n\n\n<p><strong>Pierre nous encourage, nous f\u00e9licite, et nous atterrissons un par un sous le jet d\u2019eau de sa serre, d\u00e9lect\u00e9.es de ce rafraichissement inattendu.<\/strong><\/p>\n\n\n\n<h4 class=\"wp-block-heading\">Transition de vie<\/h4>\n\n\n\n<p>Pierre a lanc\u00e9 son activit\u00e9 de maraichage en 2011. <br>Avant, il travaillait dans la m\u00e9diation scientifique. Les ann\u00e9es passant, <strong>ses besoins de cultiver son jardin<\/strong> <strong>et de se r\u00e9approprier sa consommation alimentaire<\/strong> sont devenus plus forts. Ses parents avaient des terres agricoles et il a ainsi d\u00e9cid\u00e9 de rentrer <strong>transformer les terres familiales en terres maraich\u00e8res bio<\/strong>. <br>Son fr\u00e8re s\u2019\u00e9tait install\u00e9 sur les m\u00eames terres, quelques ann\u00e9es auparavant pour produire de l\u2019orge et <a href=\"https:\/\/brasserie-arborescence.com\"><strong>brasser de la bi\u00e8re<\/strong><\/a>.<\/p>\n\n\n\n<p><strong>Difficile pour nous de consommer plus local !<\/strong><\/p>\n\n\n\n<h4 class=\"wp-block-heading\">La joie au travail<\/h4>\n\n\n\n<p>Le lendemain, nous rencontrons <strong>les quatre salari\u00e9.es<\/strong> de Pierre et nous nous lan\u00e7ons dans <strong>divers projets<\/strong> avec iels. <br>Tous les postes du ramassage d\u2019aubergines \u00e0 la <strong>cr\u00e9ation de panier pour leurs client.es<\/strong> ont lieu dans la bonne humeur et avec le sourire. Le m\u00eame sourire que celui du visage de Pierre le premier jour. <br>Je suis impressionn\u00e9e par <strong>la bonne humeur ambiante et les relations apais\u00e9es <\/strong>entre toustes, malgr\u00e9 les conditions difficiles du m\u00e9tier de maraicher.e. <br>La bienveillance dans leur mani\u00e8re de communiquer entre iels me fait aussi r\u00eaver. <strong>Et si je devenais mara\u00eech\u00e8re ?&nbsp;<\/strong><\/p>\n\n\n\n<h4 class=\"wp-block-heading\">Une AMAP &#8230;<\/h4>\n\n\n\n<p>Pierre dispose de 10 hectares de terrain. Sur les 10, il en cultive 2,6. Il a de la place pour un.e associ\u00e9.e. Il ne cherche pas activement mais <strong>il serait content de mutualiser son mat\u00e9riel avec quelqu\u2019un.e<\/strong>.<\/p>\n\n\n\n<figure class=\"wp-block-image size-large\"><a href=\"https:\/\/www.altercampagne.net\/wp-content\/uploads\/2021\/07\/Pierre-Guihery_05-scaled-e1627327772687.jpg\"><img loading=\"lazy\" decoding=\"async\" width=\"1024\" height=\"646\" src=\"https:\/\/www.altercampagne.net\/wp-content\/uploads\/2021\/07\/Pierre-Guihery_05-scaled-e1627327772687-1024x646.jpg\" alt=\"\" class=\"wp-image-22782\" srcset=\"https:\/\/www.altercampagne.net\/wp-content\/uploads\/2021\/07\/Pierre-Guihery_05-scaled-e1627327772687-1024x646.jpg 1024w, https:\/\/www.altercampagne.net\/wp-content\/uploads\/2021\/07\/Pierre-Guihery_05-scaled-e1627327772687-300x189.jpg 300w, https:\/\/www.altercampagne.net\/wp-content\/uploads\/2021\/07\/Pierre-Guihery_05-scaled-e1627327772687-768x484.jpg 768w, https:\/\/www.altercampagne.net\/wp-content\/uploads\/2021\/07\/Pierre-Guihery_05-scaled-e1627327772687-610x385.jpg 610w, https:\/\/www.altercampagne.net\/wp-content\/uploads\/2021\/07\/Pierre-Guihery_05-scaled-e1627327772687-100x63.jpg 100w, https:\/\/www.altercampagne.net\/wp-content\/uploads\/2021\/07\/Pierre-Guihery_05-scaled-e1627327772687-862x544.jpg 862w, https:\/\/www.altercampagne.net\/wp-content\/uploads\/2021\/07\/Pierre-Guihery_05-scaled-e1627327772687-1140x719.jpg 1140w, https:\/\/www.altercampagne.net\/wp-content\/uploads\/2021\/07\/Pierre-Guihery_05-scaled-e1627327772687.jpg 1194w\" sizes=\"auto, (max-width: 1024px) 100vw, 1024px\" \/><\/a><figcaption>Pascale se d\u00e9couvre bonne foraine au march\u00e9  \u00a9In\u00e8s<\/figcaption><\/figure>\n\n\n\n<p><strong>La coop\u00e9ration, le vivre ensemble et l\u2019humain<\/strong> sont essentiels pour lui. C\u2019est dans cet esprit qu\u2019il a co-fond\u00e9e l\u2019AMAP <a href=\"https:\/\/legumesdeprairie.fr\"><strong>De la Bouche aux Oreilles<\/strong><\/a> \u00e0 Mayenne il y a une dizaine d\u2019ann\u00e9es. <strong>L\u2019AMAP regroupe aujourd\u2019hui 5 producteurs locaux<\/strong>. <br>Pierre pour les fruits et l\u00e9gumes mais \u00e9galement des producteurs de pommes et cidres, de fromages, de produits laitiers et oeufs.<\/p>\n\n\n\n<h4 class=\"wp-block-heading\">&#8230; et des l\u00e9gumes bio !<\/h4>\n\n\n\n<p>Sur le lieu, nous d\u00e9couvrons plus d\u2019une quarantaines de fruits et l\u00e9gumes. Dans les serres, entres autres, <strong>des dizaines de vari\u00e9t\u00e9s d\u2019aubergines brillantes, douces et glissantes<\/strong> pr\u00e9sentent un d\u00e9cors f\u00e9erique. Dans les champs il y a des choux, des carottes, des patates douces, des haricots et d\u2019autres l\u00e9gumes. <\/p>\n\n\n\n<figure class=\"wp-block-image size-large\"><a href=\"https:\/\/www.altercampagne.net\/wp-content\/uploads\/2021\/07\/Pierre-Guihery_01-scaled-e1627327969910.jpg\"><img loading=\"lazy\" decoding=\"async\" width=\"661\" height=\"1024\" src=\"https:\/\/www.altercampagne.net\/wp-content\/uploads\/2021\/07\/Pierre-Guihery_01-661x1024.jpg\" alt=\"\" class=\"wp-image-22778\"\/><\/a><figcaption>Les altercyclistes au champs  \u00a9Tiphaine<\/figcaption><\/figure>\n\n\n\n<p><strong>Pierre et son \u00e9quipe nourrissent actuellement 600 familles<\/strong>. Dans les prochaines ann\u00e9es, Pierre compte planter des arbres fruitiers sous serre. Pour lui, le bio n\u2019est pas un challenge car <strong>il s\u2019est install\u00e9 en bio et ne connait pas le mara\u00eechage conventionnel<\/strong>.&nbsp;<\/p>\n\n\n\n<p><\/p>\n\n\n\n<p>J\u2019aimerais conclure cet article par la g\u00e9n\u00e9rosit\u00e9 d\u00e9bordante de Pierre. <br><em>Il nous a invit\u00e9.es, tel des fl\u00e9aux d\u2019Egypte, \u00e0 d\u00e9vaster son champ de fraises.<\/em><br><strong>Ils nous a inclu.es sans retenue dans son quotidien et ensemble, en collectif, \u00e0 quarante, nous avons r\u00e9alis\u00e9 son r\u00eave de livrer l\u2019AMAP en fruits et l\u00e9gumes \u00e0 v\u00e9lo<\/strong>.<\/p>\n","protected":false},"excerpt":{"rendered":"<p>\u00ab\u00a0Pour lui, le bio n\u2019est pas un challenge car il s\u2019est install\u00e9 en bio et ne connait pas le mara\u00eechage conventionnel\u00a0\u00bb<\/p>\n","protected":false},"author":359,"featured_media":22781,"comment_status":"closed","ping_status":"closed","sticky":false,"template":"","format":"standard","meta":{"footnotes":""},"categories":[3483,3489,4311,3473,4198],"tags":[],"class_list":["post-22776","post","type-post","status-publish","format-standard","has-post-thumbnail","hentry","category-agriculture","category-alimentation","category-alter-d-tour","category-centre-val-de-loire","category-edition-2021"],"yoast_head":"<!-- This site is optimized with the Yoast SEO plugin v27.3 - https:\/\/yoast.com\/product\/yoast-seo-wordpress\/ -->\n<title>Un voyage dans le jardin (int\u00e9rieur) de Pierre (2\/2) - AlterTour<\/title>\n<meta name=\"robots\" content=\"index, follow, max-snippet:-1, max-image-preview:large, max-video-preview:-1\" \/>\n<link rel=\"canonical\" href=\"https:\/\/www.altercampagne.net\/?p=22776\" \/>\n<meta property=\"og:locale\" content=\"fr_FR\" \/>\n<meta property=\"og:type\" content=\"article\" \/>\n<meta property=\"og:title\" content=\"Un voyage dans le jardin (int\u00e9rieur) de Pierre (2\/2) - AlterTour\" \/>\n<meta property=\"og:description\" content=\"&quot;Pour lui, le bio n\u2019est pas un challenge car il s\u2019est install\u00e9 en bio et ne connait pas le mara\u00eechage conventionnel&quot;\" \/>\n<meta property=\"og:url\" content=\"https:\/\/www.altercampagne.net\/?p=22776\" \/>\n<meta property=\"og:site_name\" content=\"AlterTour\" \/>\n<meta property=\"article:published_time\" content=\"2021-07-26T19:37:45+00:00\" \/>\n<meta property=\"article:modified_time\" content=\"2021-07-26T19:44:26+00:00\" \/>\n<meta property=\"og:image\" content=\"https:\/\/www.altercampagne.net\/wp-content\/uploads\/2021\/07\/Pierre-Guihery_04-scaled-e1627327676667.jpg\" \/>\n\t<meta property=\"og:image:width\" content=\"1197\" \/>\n\t<meta property=\"og:image:height\" content=\"795\" \/>\n\t<meta property=\"og:image:type\" content=\"image\/jpeg\" \/>\n<meta name=\"author\" content=\"Coralie\" \/>\n<meta name=\"twitter:card\" content=\"summary_large_image\" \/>\n<meta name=\"twitter:label1\" content=\"\u00c9crit par\" \/>\n\t<meta name=\"twitter:data1\" content=\"Coralie\" \/>\n\t<meta name=\"twitter:label2\" content=\"Dur\u00e9e de lecture estim\u00e9e\" \/>\n\t<meta name=\"twitter:data2\" content=\"3 minutes\" \/>\n<script type=\"application\/ld+json\" class=\"yoast-schema-graph\">{\"@context\":\"https:\\\/\\\/schema.org\",\"@graph\":[{\"@type\":\"Article\",\"@id\":\"https:\\\/\\\/www.altercampagne.net\\\/?p=22776#article\",\"isPartOf\":{\"@id\":\"https:\\\/\\\/www.altercampagne.net\\\/?p=22776\"},\"author\":{\"name\":\"Coralie\",\"@id\":\"https:\\\/\\\/www.altercampagne.net\\\/#\\\/schema\\\/person\\\/b4815d092b502026b9e9ab70d4da4fee\"},\"headline\":\"Un voyage dans le jardin (int\u00e9rieur) de Pierre (2\\\/2)\",\"datePublished\":\"2021-07-26T19:37:45+00:00\",\"dateModified\":\"2021-07-26T19:44:26+00:00\",\"mainEntityOfPage\":{\"@id\":\"https:\\\/\\\/www.altercampagne.net\\\/?p=22776\"},\"wordCount\":585,\"image\":{\"@id\":\"https:\\\/\\\/www.altercampagne.net\\\/?p=22776#primaryimage\"},\"thumbnailUrl\":\"https:\\\/\\\/www.altercampagne.net\\\/wp-content\\\/uploads\\\/2021\\\/07\\\/Pierre-Guihery_04-scaled-e1627327676667.jpg\",\"articleSection\":[\"Agriculture\",\"Alimentation\",\"Alter-D-tour\",\"Centre-Val de Loire\",\"Edition 2021\"],\"inLanguage\":\"fr-FR\"},{\"@type\":\"WebPage\",\"@id\":\"https:\\\/\\\/www.altercampagne.net\\\/?p=22776\",\"url\":\"https:\\\/\\\/www.altercampagne.net\\\/?p=22776\",\"name\":\"Un voyage dans le jardin (int\u00e9rieur) de Pierre (2\\\/2) - AlterTour\",\"isPartOf\":{\"@id\":\"https:\\\/\\\/www.altercampagne.net\\\/#website\"},\"primaryImageOfPage\":{\"@id\":\"https:\\\/\\\/www.altercampagne.net\\\/?p=22776#primaryimage\"},\"image\":{\"@id\":\"https:\\\/\\\/www.altercampagne.net\\\/?p=22776#primaryimage\"},\"thumbnailUrl\":\"https:\\\/\\\/www.altercampagne.net\\\/wp-content\\\/uploads\\\/2021\\\/07\\\/Pierre-Guihery_04-scaled-e1627327676667.jpg\",\"datePublished\":\"2021-07-26T19:37:45+00:00\",\"dateModified\":\"2021-07-26T19:44:26+00:00\",\"author\":{\"@id\":\"https:\\\/\\\/www.altercampagne.net\\\/#\\\/schema\\\/person\\\/b4815d092b502026b9e9ab70d4da4fee\"},\"breadcrumb\":{\"@id\":\"https:\\\/\\\/www.altercampagne.net\\\/?p=22776#breadcrumb\"},\"inLanguage\":\"fr-FR\",\"potentialAction\":[{\"@type\":\"ReadAction\",\"target\":[\"https:\\\/\\\/www.altercampagne.net\\\/?p=22776\"]}]},{\"@type\":\"ImageObject\",\"inLanguage\":\"fr-FR\",\"@id\":\"https:\\\/\\\/www.altercampagne.net\\\/?p=22776#primaryimage\",\"url\":\"https:\\\/\\\/www.altercampagne.net\\\/wp-content\\\/uploads\\\/2021\\\/07\\\/Pierre-Guihery_04-scaled-e1627327676667.jpg\",\"contentUrl\":\"https:\\\/\\\/www.altercampagne.net\\\/wp-content\\\/uploads\\\/2021\\\/07\\\/Pierre-Guihery_04-scaled-e1627327676667.jpg\",\"width\":1197,\"height\":795},{\"@type\":\"BreadcrumbList\",\"@id\":\"https:\\\/\\\/www.altercampagne.net\\\/?p=22776#breadcrumb\",\"itemListElement\":[{\"@type\":\"ListItem\",\"position\":1,\"name\":\"Accueil\",\"item\":\"https:\\\/\\\/www.altercampagne.net\\\/\"},{\"@type\":\"ListItem\",\"position\":2,\"name\":\"Un voyage dans le jardin (int\u00e9rieur) de Pierre (2\\\/2)\"}]},{\"@type\":\"WebSite\",\"@id\":\"https:\\\/\\\/www.altercampagne.net\\\/#website\",\"url\":\"https:\\\/\\\/www.altercampagne.net\\\/\",\"name\":\"AlterTour\",\"description\":\"Reliez les Alternatives \u00e0 v\u00e9lo\",\"potentialAction\":[{\"@type\":\"SearchAction\",\"target\":{\"@type\":\"EntryPoint\",\"urlTemplate\":\"https:\\\/\\\/www.altercampagne.net\\\/?s={search_term_string}\"},\"query-input\":{\"@type\":\"PropertyValueSpecification\",\"valueRequired\":true,\"valueName\":\"search_term_string\"}}],\"inLanguage\":\"fr-FR\"},{\"@type\":\"Person\",\"@id\":\"https:\\\/\\\/www.altercampagne.net\\\/#\\\/schema\\\/person\\\/b4815d092b502026b9e9ab70d4da4fee\",\"name\":\"Coralie\",\"image\":{\"@type\":\"ImageObject\",\"inLanguage\":\"fr-FR\",\"@id\":\"https:\\\/\\\/secure.gravatar.com\\\/avatar\\\/d8b61abf7dc6edff245a658c178c2f3e7d3f35bfecb2118253a7ffc861318c1f?s=96&d=mm&r=g\",\"url\":\"https:\\\/\\\/secure.gravatar.com\\\/avatar\\\/d8b61abf7dc6edff245a658c178c2f3e7d3f35bfecb2118253a7ffc861318c1f?s=96&d=mm&r=g\",\"contentUrl\":\"https:\\\/\\\/secure.gravatar.com\\\/avatar\\\/d8b61abf7dc6edff245a658c178c2f3e7d3f35bfecb2118253a7ffc861318c1f?s=96&d=mm&r=g\",\"caption\":\"Coralie\"},\"url\":\"https:\\\/\\\/www.altercampagne.net\\\/?author=359\"}]}<\/script>\n<!-- \/ Yoast SEO plugin. -->","yoast_head_json":{"title":"Un voyage dans le jardin (int\u00e9rieur) de Pierre (2\/2) - AlterTour","robots":{"index":"index","follow":"follow","max-snippet":"max-snippet:-1","max-image-preview":"max-image-preview:large","max-video-preview":"max-video-preview:-1"},"canonical":"https:\/\/www.altercampagne.net\/?p=22776","og_locale":"fr_FR","og_type":"article","og_title":"Un voyage dans le jardin (int\u00e9rieur) de Pierre (2\/2) - AlterTour","og_description":"\"Pour lui, le bio n\u2019est pas un challenge car il s\u2019est install\u00e9 en bio et ne connait pas le mara\u00eechage conventionnel\"","og_url":"https:\/\/www.altercampagne.net\/?p=22776","og_site_name":"AlterTour","article_published_time":"2021-07-26T19:37:45+00:00","article_modified_time":"2021-07-26T19:44:26+00:00","og_image":[{"width":1197,"height":795,"url":"https:\/\/www.altercampagne.net\/wp-content\/uploads\/2021\/07\/Pierre-Guihery_04-scaled-e1627327676667.jpg","type":"image\/jpeg"}],"author":"Coralie","twitter_card":"summary_large_image","twitter_misc":{"\u00c9crit par":"Coralie","Dur\u00e9e de lecture estim\u00e9e":"3 minutes"},"schema":{"@context":"https:\/\/schema.org","@graph":[{"@type":"Article","@id":"https:\/\/www.altercampagne.net\/?p=22776#article","isPartOf":{"@id":"https:\/\/www.altercampagne.net\/?p=22776"},"author":{"name":"Coralie","@id":"https:\/\/www.altercampagne.net\/#\/schema\/person\/b4815d092b502026b9e9ab70d4da4fee"},"headline":"Un voyage dans le jardin (int\u00e9rieur) de Pierre (2\/2)","datePublished":"2021-07-26T19:37:45+00:00","dateModified":"2021-07-26T19:44:26+00:00","mainEntityOfPage":{"@id":"https:\/\/www.altercampagne.net\/?p=22776"},"wordCount":585,"image":{"@id":"https:\/\/www.altercampagne.net\/?p=22776#primaryimage"},"thumbnailUrl":"https:\/\/www.altercampagne.net\/wp-content\/uploads\/2021\/07\/Pierre-Guihery_04-scaled-e1627327676667.jpg","articleSection":["Agriculture","Alimentation","Alter-D-tour","Centre-Val de Loire","Edition 2021"],"inLanguage":"fr-FR"},{"@type":"WebPage","@id":"https:\/\/www.altercampagne.net\/?p=22776","url":"https:\/\/www.altercampagne.net\/?p=22776","name":"Un voyage dans le jardin (int\u00e9rieur) de Pierre (2\/2) - AlterTour","isPartOf":{"@id":"https:\/\/www.altercampagne.net\/#website"},"primaryImageOfPage":{"@id":"https:\/\/www.altercampagne.net\/?p=22776#primaryimage"},"image":{"@id":"https:\/\/www.altercampagne.net\/?p=22776#primaryimage"},"thumbnailUrl":"https:\/\/www.altercampagne.net\/wp-content\/uploads\/2021\/07\/Pierre-Guihery_04-scaled-e1627327676667.jpg","datePublished":"2021-07-26T19:37:45+00:00","dateModified":"2021-07-26T19:44:26+00:00","author":{"@id":"https:\/\/www.altercampagne.net\/#\/schema\/person\/b4815d092b502026b9e9ab70d4da4fee"},"breadcrumb":{"@id":"https:\/\/www.altercampagne.net\/?p=22776#breadcrumb"},"inLanguage":"fr-FR","potentialAction":[{"@type":"ReadAction","target":["https:\/\/www.altercampagne.net\/?p=22776"]}]},{"@type":"ImageObject","inLanguage":"fr-FR","@id":"https:\/\/www.altercampagne.net\/?p=22776#primaryimage","url":"https:\/\/www.altercampagne.net\/wp-content\/uploads\/2021\/07\/Pierre-Guihery_04-scaled-e1627327676667.jpg","contentUrl":"https:\/\/www.altercampagne.net\/wp-content\/uploads\/2021\/07\/Pierre-Guihery_04-scaled-e1627327676667.jpg","width":1197,"height":795},{"@type":"BreadcrumbList","@id":"https:\/\/www.altercampagne.net\/?p=22776#breadcrumb","itemListElement":[{"@type":"ListItem","position":1,"name":"Accueil","item":"https:\/\/www.altercampagne.net\/"},{"@type":"ListItem","position":2,"name":"Un voyage dans le jardin (int\u00e9rieur) de Pierre (2\/2)"}]},{"@type":"WebSite","@id":"https:\/\/www.altercampagne.net\/#website","url":"https:\/\/www.altercampagne.net\/","name":"AlterTour","description":"Reliez les Alternatives \u00e0 v\u00e9lo","potentialAction":[{"@type":"SearchAction","target":{"@type":"EntryPoint","urlTemplate":"https:\/\/www.altercampagne.net\/?s={search_term_string}"},"query-input":{"@type":"PropertyValueSpecification","valueRequired":true,"valueName":"search_term_string"}}],"inLanguage":"fr-FR"},{"@type":"Person","@id":"https:\/\/www.altercampagne.net\/#\/schema\/person\/b4815d092b502026b9e9ab70d4da4fee","name":"Coralie","image":{"@type":"ImageObject","inLanguage":"fr-FR","@id":"https:\/\/secure.gravatar.com\/avatar\/d8b61abf7dc6edff245a658c178c2f3e7d3f35bfecb2118253a7ffc861318c1f?s=96&d=mm&r=g","url":"https:\/\/secure.gravatar.com\/avatar\/d8b61abf7dc6edff245a658c178c2f3e7d3f35bfecb2118253a7ffc861318c1f?s=96&d=mm&r=g","contentUrl":"https:\/\/secure.gravatar.com\/avatar\/d8b61abf7dc6edff245a658c178c2f3e7d3f35bfecb2118253a7ffc861318c1f?s=96&d=mm&r=g","caption":"Coralie"},"url":"https:\/\/www.altercampagne.net\/?author=359"}]}},"_links":{"self":[{"href":"https:\/\/www.altercampagne.net\/index.php?rest_route=\/wp\/v2\/posts\/22776","targetHints":{"allow":["GET"]}}],"collection":[{"href":"https:\/\/www.altercampagne.net\/index.php?rest_route=\/wp\/v2\/posts"}],"about":[{"href":"https:\/\/www.altercampagne.net\/index.php?rest_route=\/wp\/v2\/types\/post"}],"author":[{"embeddable":true,"href":"https:\/\/www.altercampagne.net\/index.php?rest_route=\/wp\/v2\/users\/359"}],"replies":[{"embeddable":true,"href":"https:\/\/www.altercampagne.net\/index.php?rest_route=%2Fwp%2Fv2%2Fcomments&post=22776"}],"version-history":[{"count":4,"href":"https:\/\/www.altercampagne.net\/index.php?rest_route=\/wp\/v2\/posts\/22776\/revisions"}],"predecessor-version":[{"id":22791,"href":"https:\/\/www.altercampagne.net\/index.php?rest_route=\/wp\/v2\/posts\/22776\/revisions\/22791"}],"wp:featuredmedia":[{"embeddable":true,"href":"https:\/\/www.altercampagne.net\/index.php?rest_route=\/wp\/v2\/media\/22781"}],"wp:attachment":[{"href":"https:\/\/www.altercampagne.net\/index.php?rest_route=%2Fwp%2Fv2%2Fmedia&parent=22776"}],"wp:term":[{"taxonomy":"category","embeddable":true,"href":"https:\/\/www.altercampagne.net\/index.php?rest_route=%2Fwp%2Fv2%2Fcategories&post=22776"},{"taxonomy":"post_tag","embeddable":true,"href":"https:\/\/www.altercampagne.net\/index.php?rest_route=%2Fwp%2Fv2%2Ftags&post=22776"}],"curies":[{"name":"wp","href":"https:\/\/api.w.org\/{rel}","templated":true}]}}