{"id":22806,"date":"2021-07-26T11:39:00","date_gmt":"2021-07-26T09:39:00","guid":{"rendered":"https:\/\/www.altercampagne.net\/?p=22806"},"modified":"2021-08-03T13:19:19","modified_gmt":"2021-08-03T11:19:19","slug":"a-la-barberie-se-maitrise-lart-de-raconter-une-histoire-avec-sa-vie","status":"publish","type":"post","link":"https:\/\/www.altercampagne.net\/?p=22806","title":{"rendered":"\u00ab\u00a0A la Barberie se ma\u00eetrise l\u2019art de raconter une histoire avec sa vie\u00a0\u00bb"},"content":{"rendered":"\n<p>Aujourd\u2019hui, r\u00e9veil pluvieux. Les chaussettes sont mouill\u00e9es et les chaussures clapotent. \u00ab&nbsp;Alter, Alter, r\u00e9veille toi, comme s\u2019il ne pleuvait pas&nbsp;\u00bb sur l\u2019air de A\u00efcha. Bon ben puisqu\u2019il faut y aller&#8230;.<\/p>\n\n\n\n<h4 class=\"wp-block-heading\">Une activit\u00e9 agricole mixte<\/h4>\n\n\n\n<p>On est au <strong><a href=\"https:\/\/www.tierslieularbre.org\/\" target=\"_blank\" rel=\"noreferrer noopener\">Tiers-lieu agriculturel l&rsquo;Abre<\/a><\/strong>, pr\u00e8s de Bayeux, dans une <strong>double ferme laiti\u00e8re et mara\u00eech\u00e8re<\/strong>, et on a visit\u00e9 ces deux espaces hier soir. Moi j\u2019\u00e9tais au mara\u00eechage, j\u2019ai pas tout compris parce que les explications \u00e9taient tr\u00e8s complexes et que bon, c\u2019est pas mon domaine d\u2019activit\u00e9&#8230;mais ce que j\u2019ai capt\u00e9 c\u2019est que <strong>Guillaume exp\u00e9rimente beaucoup dans son jardin agroforestier<\/strong>, il ne note rien et conna\u00eet son espace par c\u0153ur : paillage de compost vert, d\u2019herbe coup\u00e9e, il teste, plante, cueille ou arrache, replante, et recommence. <\/p>\n\n\n\n<h4 class=\"wp-block-heading\">Vous avez dit tiers-lieu ?<\/h4>\n\n\n\n<p>Oriane, Guillaume et Aur\u00e9lien nous accueillent chez elleux, et nous parlent de leur <strong>projet de lier culture et agriculture<\/strong>. Une \u00e9tudiante en agriculture,  un mara\u00eecher, un historien, une ferme avec des b\u00e2timents qui appartiennent d\u00e9j\u00e0 \u00e0 la famille, on m\u00e9lange tout et \u00e7a fait le tiers-lieu. <\/p>\n\n\n\n<p>Pour compl\u00e9ter le tierc\u00e9 gagnant, un <strong>coliving<\/strong> a \u00e9t\u00e9 cr\u00e9\u00e9, tout pr\u00e8s de la ferme laiti\u00e8re et du jardin mara\u00eecher. C\u2019est un g\u00eete \u00e9tape type auberge de jeunesse, des personnes restent \u00e0 long terme (comme les stagiaires du jardin) et d\u2019autres \u00e0 court terme, les touristes de passage. <strong>Tou.te.s les habitant.e.s peuvent proposer des activit\u00e9s, pour une programmation \u00e9clectique<\/strong> : projection, caf\u00e9s philo&#8230; Tout cela est port\u00e9 par une structure associative avec une direction coll\u00e9giale volontaire qui comptabilise 110 adh\u00e9rent.e.s.<\/p>\n\n\n\n<h4 class=\"wp-block-heading\">A l&rsquo;arbre il n&rsquo;y a pas que les graines qui germent, les id\u00e9es aussi<\/h4>\n\n\n\n<p>Ce qui est marrant par rapport \u00e0 d\u2019autres lieux qu\u2019on a pu visiter, c\u2019est qu\u2019ils sont vraiment jeunes, et comme ils disent <strong>\u00ab\u00a0<em>on n&rsquo;a pas de petrole mais on a des id\u00e9es !\u00a0\u00bb<\/em><\/strong><em> <\/em>Ils organisent aussi un <strong>festival en ao\u00fbt<\/strong>, la troisi\u00e8me \u00e9dition sera du 20 au 22. Comme leurs id\u00e9es fusent,\u00a0\u00a0iels imaginaient aussi une f\u00eate de la courge pour \u00e9couler une tonne de courge, mais la Covid oblige, \u00e7a a d\u00fb \u00eatre annul\u00e9 et remplac\u00e9 par des livraisons de courges \u00e0 v\u00e9lo. Pour lier culture et agriculture, un projet d\u2019\u00e9cole alternative germe dans leurs t\u00eates, ainsi qu\u2019un projet de caf\u00e9 associatif.\u00a0<\/p>\n\n\n\n<p>Et puis zou, on enfourche nos montures et on file vers de nouvelles aventures.&nbsp;<\/p>\n\n\n\n<h4 class=\"wp-block-heading\">A la Barberie, c&rsquo;est loin d&rsquo;\u00eatre la barbe !<\/h4>\n\n\n\n<p>En fin de journ\u00e9e, on arrive \u00e0 la <a href=\"https:\/\/www.ecofarmlab.org\/\" target=\"_blank\" rel=\"noreferrer noopener\"><strong>Barberie<\/strong><\/a>, sous le soleil, de la musique r\u00e9sonne dans la cuisine en plein air pendant que des wwoofers ont les mains dans de l\u2019argile. Ici aussi \u00e7a fourmille d\u2019id\u00e9es et d\u2019activit\u00e9s, qui prennent place dans une ferme familiale datant du XVI\u00e8me si\u00e8cle. S\u2019y c\u00f4toient <strong>Serge, un boulanger qui est pass\u00e9 en bio il y a <strong>de\u00e7\u00e0<\/strong> 35 ans<\/strong>, <strong>Philippe, un ancien cuisinier reconverti en formateur en restauration collective \u00e9colo<\/strong> avec son collectif\u00a0<a href=\"https:\/\/www.collectiflespiedsdansleplat.org\/\" target=\"_blank\" rel=\"noreferrer noopener\"><strong>Les pieds dans le plat<\/strong><\/a>, et leur cousin <strong>Patrick qui est plut\u00f4t dans la production de lait et de cr\u00e8me<\/strong>. La m\u00e8re de Serge et Philippe a initi\u00e9 la <strong>pluri-activit\u00e9 \u00e0 la ferme il y a environ 70 ans<\/strong> en \u00e9tant la <strong>premi\u00e8re \u00e0 ouvrir une chambre d\u2019h\u00f4te \u00e0 la ferme en Normandie<\/strong> : une femme pr\u00e9curseur de l\u2019agritourisme ! Pour tenir la cadence, la famille produit 1000 litres de cidre par an avec les pommiers du jardin pour leur consommation personnelle.\u00a0<\/p>\n\n\n\n<p>Sur le lieu, on trouve aussi des <strong>ateliers bois, des tiny house, une activit\u00e9 de mara\u00eechage<\/strong>. L\u2019ancienne auberge paysanne construite par Philippe dans les ann\u00e9es 2000 dans une vieille \u00e9table \u00e0 cochons accueille aujourd\u2019hui des <strong>porteurs de projets qui louent les locaux<\/strong>, et les forme, en parall\u00e8le de l\u2019aide fournie aux \u00e9coles publiques pour transitionner. Il nous propose d\u2019ailleurs des ateliers de cuisine collective, ou l\u2019on apprend \u00e0 faire de denses et \u00e9nerg\u00e9tiques barres de c\u00e9r\u00e9ales, \u00e0 retenir pour la suite !&nbsp;<\/p>\n\n\n\n<p class=\"has-text-align-right\"><em>C\u00e9lia<\/em><\/p>\n\n\n\n<p class=\"has-text-align-right\"><em>\u00a9 Orianne Drouet<\/em><\/p>\n","protected":false},"excerpt":{"rendered":"<p>Aujourd\u2019hui, r\u00e9veil pluvieux. Les chaussettes sont mouill\u00e9es et les chaussures clapotent. \u00ab Alter, Alter, r\u00e9veille toi, comme s\u2019il ne pleuvait pas \u00bb. On en apprend un peu plus sur le tiers-lieu agriculturel l&rsquo;Arbre puis on file vers la Barberie.<\/p>\n","protected":false},"author":215,"featured_media":22829,"comment_status":"closed","ping_status":"closed","sticky":false,"template":"","format":"standard","meta":{"footnotes":""},"categories":[4198,3478,3540],"tags":[],"class_list":["post-22806","post","type-post","status-publish","format-standard","has-post-thumbnail","hentry","category-edition-2021","category-normandie","category-transverse"],"yoast_head":"<!-- This site is optimized with the Yoast SEO plugin v27.3 - https:\/\/yoast.com\/product\/yoast-seo-wordpress\/ -->\n<title>&quot;A la Barberie se ma\u00eetrise l\u2019art de raconter une histoire avec sa vie&quot; - AlterTour<\/title>\n<meta name=\"robots\" content=\"index, follow, max-snippet:-1, max-image-preview:large, max-video-preview:-1\" \/>\n<link rel=\"canonical\" href=\"https:\/\/www.altercampagne.net\/?p=22806\" \/>\n<meta property=\"og:locale\" content=\"fr_FR\" \/>\n<meta property=\"og:type\" content=\"article\" \/>\n<meta property=\"og:title\" content=\"&quot;A la Barberie se ma\u00eetrise l\u2019art de raconter une histoire avec sa vie&quot; - AlterTour\" \/>\n<meta property=\"og:description\" content=\"Aujourd\u2019hui, r\u00e9veil pluvieux. Les chaussettes sont mouill\u00e9es et les chaussures clapotent. \u00ab Alter, Alter, r\u00e9veille toi, comme s\u2019il ne pleuvait pas \u00bb. On en apprend un peu plus sur le tiers-lieu agriculturel l&#039;Arbre puis on file vers la Barberie.\" \/>\n<meta property=\"og:url\" content=\"https:\/\/www.altercampagne.net\/?p=22806\" \/>\n<meta property=\"og:site_name\" content=\"AlterTour\" \/>\n<meta property=\"article:published_time\" content=\"2021-07-26T09:39:00+00:00\" \/>\n<meta property=\"article:modified_time\" content=\"2021-08-03T11:19:19+00:00\" \/>\n<meta property=\"og:image\" content=\"https:\/\/www.altercampagne.net\/wp-content\/uploads\/2021\/07\/La-Barberie-scaled.jpg\" \/>\n\t<meta property=\"og:image:width\" content=\"2560\" \/>\n\t<meta property=\"og:image:height\" content=\"1804\" \/>\n\t<meta property=\"og:image:type\" content=\"image\/jpeg\" \/>\n<meta name=\"author\" content=\"AlterTour\" \/>\n<meta name=\"twitter:card\" content=\"summary_large_image\" \/>\n<meta name=\"twitter:label1\" content=\"\u00c9crit par\" \/>\n\t<meta name=\"twitter:data1\" content=\"AlterTour\" \/>\n\t<meta name=\"twitter:label2\" content=\"Dur\u00e9e de lecture estim\u00e9e\" \/>\n\t<meta name=\"twitter:data2\" content=\"3 minutes\" \/>\n<script type=\"application\/ld+json\" class=\"yoast-schema-graph\">{\"@context\":\"https:\\\/\\\/schema.org\",\"@graph\":[{\"@type\":\"Article\",\"@id\":\"https:\\\/\\\/www.altercampagne.net\\\/?p=22806#article\",\"isPartOf\":{\"@id\":\"https:\\\/\\\/www.altercampagne.net\\\/?p=22806\"},\"author\":{\"name\":\"AlterTour\",\"@id\":\"https:\\\/\\\/www.altercampagne.net\\\/#\\\/schema\\\/person\\\/e5b68c803196f649c2152249d262d94a\"},\"headline\":\"\u00ab\u00a0A la Barberie se ma\u00eetrise l\u2019art de raconter une histoire avec sa vie\u00a0\u00bb\",\"datePublished\":\"2021-07-26T09:39:00+00:00\",\"dateModified\":\"2021-08-03T11:19:19+00:00\",\"mainEntityOfPage\":{\"@id\":\"https:\\\/\\\/www.altercampagne.net\\\/?p=22806\"},\"wordCount\":730,\"image\":{\"@id\":\"https:\\\/\\\/www.altercampagne.net\\\/?p=22806#primaryimage\"},\"thumbnailUrl\":\"https:\\\/\\\/www.altercampagne.net\\\/wp-content\\\/uploads\\\/2021\\\/07\\\/La-Barberie-scaled.jpg\",\"articleSection\":[\"Edition 2021\",\"Normandie\",\"Transverse\"],\"inLanguage\":\"fr-FR\"},{\"@type\":\"WebPage\",\"@id\":\"https:\\\/\\\/www.altercampagne.net\\\/?p=22806\",\"url\":\"https:\\\/\\\/www.altercampagne.net\\\/?p=22806\",\"name\":\"\\\"A la Barberie se ma\u00eetrise l\u2019art de raconter une histoire avec sa vie\\\" - AlterTour\",\"isPartOf\":{\"@id\":\"https:\\\/\\\/www.altercampagne.net\\\/#website\"},\"primaryImageOfPage\":{\"@id\":\"https:\\\/\\\/www.altercampagne.net\\\/?p=22806#primaryimage\"},\"image\":{\"@id\":\"https:\\\/\\\/www.altercampagne.net\\\/?p=22806#primaryimage\"},\"thumbnailUrl\":\"https:\\\/\\\/www.altercampagne.net\\\/wp-content\\\/uploads\\\/2021\\\/07\\\/La-Barberie-scaled.jpg\",\"datePublished\":\"2021-07-26T09:39:00+00:00\",\"dateModified\":\"2021-08-03T11:19:19+00:00\",\"author\":{\"@id\":\"https:\\\/\\\/www.altercampagne.net\\\/#\\\/schema\\\/person\\\/e5b68c803196f649c2152249d262d94a\"},\"breadcrumb\":{\"@id\":\"https:\\\/\\\/www.altercampagne.net\\\/?p=22806#breadcrumb\"},\"inLanguage\":\"fr-FR\",\"potentialAction\":[{\"@type\":\"ReadAction\",\"target\":[\"https:\\\/\\\/www.altercampagne.net\\\/?p=22806\"]}]},{\"@type\":\"ImageObject\",\"inLanguage\":\"fr-FR\",\"@id\":\"https:\\\/\\\/www.altercampagne.net\\\/?p=22806#primaryimage\",\"url\":\"https:\\\/\\\/www.altercampagne.net\\\/wp-content\\\/uploads\\\/2021\\\/07\\\/La-Barberie-scaled.jpg\",\"contentUrl\":\"https:\\\/\\\/www.altercampagne.net\\\/wp-content\\\/uploads\\\/2021\\\/07\\\/La-Barberie-scaled.jpg\",\"width\":2560,\"height\":1804},{\"@type\":\"BreadcrumbList\",\"@id\":\"https:\\\/\\\/www.altercampagne.net\\\/?p=22806#breadcrumb\",\"itemListElement\":[{\"@type\":\"ListItem\",\"position\":1,\"name\":\"Accueil\",\"item\":\"https:\\\/\\\/www.altercampagne.net\\\/\"},{\"@type\":\"ListItem\",\"position\":2,\"name\":\"\u00ab\u00a0A la Barberie se ma\u00eetrise l\u2019art de raconter une histoire avec sa vie\u00a0\u00bb\"}]},{\"@type\":\"WebSite\",\"@id\":\"https:\\\/\\\/www.altercampagne.net\\\/#website\",\"url\":\"https:\\\/\\\/www.altercampagne.net\\\/\",\"name\":\"AlterTour\",\"description\":\"Reliez les Alternatives \u00e0 v\u00e9lo\",\"potentialAction\":[{\"@type\":\"SearchAction\",\"target\":{\"@type\":\"EntryPoint\",\"urlTemplate\":\"https:\\\/\\\/www.altercampagne.net\\\/?s={search_term_string}\"},\"query-input\":{\"@type\":\"PropertyValueSpecification\",\"valueRequired\":true,\"valueName\":\"search_term_string\"}}],\"inLanguage\":\"fr-FR\"},{\"@type\":\"Person\",\"@id\":\"https:\\\/\\\/www.altercampagne.net\\\/#\\\/schema\\\/person\\\/e5b68c803196f649c2152249d262d94a\",\"name\":\"AlterTour\",\"image\":{\"@type\":\"ImageObject\",\"inLanguage\":\"fr-FR\",\"@id\":\"https:\\\/\\\/secure.gravatar.com\\\/avatar\\\/3f2ed77f8506b8ea264ad5938bb0114bfa10f35b64086a66dfbb6e9f58ad9693?s=96&d=mm&r=g\",\"url\":\"https:\\\/\\\/secure.gravatar.com\\\/avatar\\\/3f2ed77f8506b8ea264ad5938bb0114bfa10f35b64086a66dfbb6e9f58ad9693?s=96&d=mm&r=g\",\"contentUrl\":\"https:\\\/\\\/secure.gravatar.com\\\/avatar\\\/3f2ed77f8506b8ea264ad5938bb0114bfa10f35b64086a66dfbb6e9f58ad9693?s=96&d=mm&r=g\",\"caption\":\"AlterTour\"},\"url\":\"https:\\\/\\\/www.altercampagne.net\\\/?author=215\"}]}<\/script>\n<!-- \/ Yoast SEO plugin. -->","yoast_head_json":{"title":"\"A la Barberie se ma\u00eetrise l\u2019art de raconter une histoire avec sa vie\" - AlterTour","robots":{"index":"index","follow":"follow","max-snippet":"max-snippet:-1","max-image-preview":"max-image-preview:large","max-video-preview":"max-video-preview:-1"},"canonical":"https:\/\/www.altercampagne.net\/?p=22806","og_locale":"fr_FR","og_type":"article","og_title":"\"A la Barberie se ma\u00eetrise l\u2019art de raconter une histoire avec sa vie\" - AlterTour","og_description":"Aujourd\u2019hui, r\u00e9veil pluvieux. Les chaussettes sont mouill\u00e9es et les chaussures clapotent. \u00ab Alter, Alter, r\u00e9veille toi, comme s\u2019il ne pleuvait pas \u00bb. On en apprend un peu plus sur le tiers-lieu agriculturel l'Arbre puis on file vers la Barberie.","og_url":"https:\/\/www.altercampagne.net\/?p=22806","og_site_name":"AlterTour","article_published_time":"2021-07-26T09:39:00+00:00","article_modified_time":"2021-08-03T11:19:19+00:00","og_image":[{"width":2560,"height":1804,"url":"https:\/\/www.altercampagne.net\/wp-content\/uploads\/2021\/07\/La-Barberie-scaled.jpg","type":"image\/jpeg"}],"author":"AlterTour","twitter_card":"summary_large_image","twitter_misc":{"\u00c9crit par":"AlterTour","Dur\u00e9e de lecture estim\u00e9e":"3 minutes"},"schema":{"@context":"https:\/\/schema.org","@graph":[{"@type":"Article","@id":"https:\/\/www.altercampagne.net\/?p=22806#article","isPartOf":{"@id":"https:\/\/www.altercampagne.net\/?p=22806"},"author":{"name":"AlterTour","@id":"https:\/\/www.altercampagne.net\/#\/schema\/person\/e5b68c803196f649c2152249d262d94a"},"headline":"\u00ab\u00a0A la Barberie se ma\u00eetrise l\u2019art de raconter une histoire avec sa vie\u00a0\u00bb","datePublished":"2021-07-26T09:39:00+00:00","dateModified":"2021-08-03T11:19:19+00:00","mainEntityOfPage":{"@id":"https:\/\/www.altercampagne.net\/?p=22806"},"wordCount":730,"image":{"@id":"https:\/\/www.altercampagne.net\/?p=22806#primaryimage"},"thumbnailUrl":"https:\/\/www.altercampagne.net\/wp-content\/uploads\/2021\/07\/La-Barberie-scaled.jpg","articleSection":["Edition 2021","Normandie","Transverse"],"inLanguage":"fr-FR"},{"@type":"WebPage","@id":"https:\/\/www.altercampagne.net\/?p=22806","url":"https:\/\/www.altercampagne.net\/?p=22806","name":"\"A la Barberie se ma\u00eetrise l\u2019art de raconter une histoire avec sa vie\" - AlterTour","isPartOf":{"@id":"https:\/\/www.altercampagne.net\/#website"},"primaryImageOfPage":{"@id":"https:\/\/www.altercampagne.net\/?p=22806#primaryimage"},"image":{"@id":"https:\/\/www.altercampagne.net\/?p=22806#primaryimage"},"thumbnailUrl":"https:\/\/www.altercampagne.net\/wp-content\/uploads\/2021\/07\/La-Barberie-scaled.jpg","datePublished":"2021-07-26T09:39:00+00:00","dateModified":"2021-08-03T11:19:19+00:00","author":{"@id":"https:\/\/www.altercampagne.net\/#\/schema\/person\/e5b68c803196f649c2152249d262d94a"},"breadcrumb":{"@id":"https:\/\/www.altercampagne.net\/?p=22806#breadcrumb"},"inLanguage":"fr-FR","potentialAction":[{"@type":"ReadAction","target":["https:\/\/www.altercampagne.net\/?p=22806"]}]},{"@type":"ImageObject","inLanguage":"fr-FR","@id":"https:\/\/www.altercampagne.net\/?p=22806#primaryimage","url":"https:\/\/www.altercampagne.net\/wp-content\/uploads\/2021\/07\/La-Barberie-scaled.jpg","contentUrl":"https:\/\/www.altercampagne.net\/wp-content\/uploads\/2021\/07\/La-Barberie-scaled.jpg","width":2560,"height":1804},{"@type":"BreadcrumbList","@id":"https:\/\/www.altercampagne.net\/?p=22806#breadcrumb","itemListElement":[{"@type":"ListItem","position":1,"name":"Accueil","item":"https:\/\/www.altercampagne.net\/"},{"@type":"ListItem","position":2,"name":"\u00ab\u00a0A la Barberie se ma\u00eetrise l\u2019art de raconter une histoire avec sa vie\u00a0\u00bb"}]},{"@type":"WebSite","@id":"https:\/\/www.altercampagne.net\/#website","url":"https:\/\/www.altercampagne.net\/","name":"AlterTour","description":"Reliez les Alternatives \u00e0 v\u00e9lo","potentialAction":[{"@type":"SearchAction","target":{"@type":"EntryPoint","urlTemplate":"https:\/\/www.altercampagne.net\/?s={search_term_string}"},"query-input":{"@type":"PropertyValueSpecification","valueRequired":true,"valueName":"search_term_string"}}],"inLanguage":"fr-FR"},{"@type":"Person","@id":"https:\/\/www.altercampagne.net\/#\/schema\/person\/e5b68c803196f649c2152249d262d94a","name":"AlterTour","image":{"@type":"ImageObject","inLanguage":"fr-FR","@id":"https:\/\/secure.gravatar.com\/avatar\/3f2ed77f8506b8ea264ad5938bb0114bfa10f35b64086a66dfbb6e9f58ad9693?s=96&d=mm&r=g","url":"https:\/\/secure.gravatar.com\/avatar\/3f2ed77f8506b8ea264ad5938bb0114bfa10f35b64086a66dfbb6e9f58ad9693?s=96&d=mm&r=g","contentUrl":"https:\/\/secure.gravatar.com\/avatar\/3f2ed77f8506b8ea264ad5938bb0114bfa10f35b64086a66dfbb6e9f58ad9693?s=96&d=mm&r=g","caption":"AlterTour"},"url":"https:\/\/www.altercampagne.net\/?author=215"}]}},"_links":{"self":[{"href":"https:\/\/www.altercampagne.net\/index.php?rest_route=\/wp\/v2\/posts\/22806","targetHints":{"allow":["GET"]}}],"collection":[{"href":"https:\/\/www.altercampagne.net\/index.php?rest_route=\/wp\/v2\/posts"}],"about":[{"href":"https:\/\/www.altercampagne.net\/index.php?rest_route=\/wp\/v2\/types\/post"}],"author":[{"embeddable":true,"href":"https:\/\/www.altercampagne.net\/index.php?rest_route=\/wp\/v2\/users\/215"}],"replies":[{"embeddable":true,"href":"https:\/\/www.altercampagne.net\/index.php?rest_route=%2Fwp%2Fv2%2Fcomments&post=22806"}],"version-history":[{"count":3,"href":"https:\/\/www.altercampagne.net\/index.php?rest_route=\/wp\/v2\/posts\/22806\/revisions"}],"predecessor-version":[{"id":22896,"href":"https:\/\/www.altercampagne.net\/index.php?rest_route=\/wp\/v2\/posts\/22806\/revisions\/22896"}],"wp:featuredmedia":[{"embeddable":true,"href":"https:\/\/www.altercampagne.net\/index.php?rest_route=\/wp\/v2\/media\/22829"}],"wp:attachment":[{"href":"https:\/\/www.altercampagne.net\/index.php?rest_route=%2Fwp%2Fv2%2Fmedia&parent=22806"}],"wp:term":[{"taxonomy":"category","embeddable":true,"href":"https:\/\/www.altercampagne.net\/index.php?rest_route=%2Fwp%2Fv2%2Fcategories&post=22806"},{"taxonomy":"post_tag","embeddable":true,"href":"https:\/\/www.altercampagne.net\/index.php?rest_route=%2Fwp%2Fv2%2Ftags&post=22806"}],"curies":[{"name":"wp","href":"https:\/\/api.w.org\/{rel}","templated":true}]}}