{"id":22834,"date":"2021-07-28T12:54:00","date_gmt":"2021-07-28T10:54:00","guid":{"rendered":"https:\/\/www.altercampagne.net\/?p=22834"},"modified":"2021-08-03T13:19:49","modified_gmt":"2021-08-03T11:19:49","slug":"a-la-ferme-de-la-grande-lande-on-tend-vers-la-simplicite-volontaire","status":"publish","type":"post","link":"https:\/\/www.altercampagne.net\/?p=22834","title":{"rendered":"A la ferme de la grande lande, on tend vers la simplicit\u00e9 volontaire"},"content":{"rendered":"\n<h4 class=\"wp-block-heading\">Un tournant pour passer d&rsquo;un monde \u00e0 l&rsquo;autre<\/h4>\n\n\n\n<p>Une image idyllique aux abords de l\u2019\u00e9tang de la <strong>ferme&nbsp;de la Grande Lande<\/strong> : Natalia et Aur\u00e9lien avec leurs petites filles Mathilda et Madeleine lov\u00e9es dans les bras nous accueillent tout sourire, accompagn\u00e9s de leur bouvier des Flandres visiblement ravi de l\u2019arriv\u00e9e de la soixantaine d\u2019altercyclistes.<\/p>\n\n\n\n<p>Depuis un peu plus de 6 ann\u00e9es, ce jeune couple exploite la <strong>ferme laiti\u00e8re familiale<\/strong> d\u2019une centaine d\u2019hectares de prairies en un seul tenant, convertie en <strong>bio<\/strong> et permettant l\u2019\u00e9levage de pr\u00e8s de 80 vaches Holstein.&nbsp;<\/p>\n\n\n\n<p>Ni Aur\u00e9lien ni Natalia n\u2019\u00e9taient destin\u00e9s \u00e0 l\u2019agriculture. Lui : ing\u00e9nieur en \u00e9lectronique, a travaill\u00e9 pour une grosse soci\u00e9t\u00e9 allemande, \u00e0 D\u00fcsseldorf. Il prend rapidement conscience du non-sens de sa vie et d\u00e9cide de se lancer dans un tour d\u2019Europe \u00e0 v\u00e9lo. Elle&nbsp;: apr\u00e8s des \u00e9tudes en sciences sociales, elle s\u2019occupe d\u2019enfants d\u00e9favoris\u00e9s dans les banlieues de Varsovie. C\u2019est un peu gr\u00e2ce au v\u00e9lo que leurs chemins se croisent. Ils&nbsp; d\u00e9cident de rentrer en France ensemble, de s\u2019installer dans la ferme familiale et d\u2019<strong>\u00e9laborer ce projet agricole en simplicit\u00e9 volontaire<\/strong>.<\/p>\n\n\n\n<h4 class=\"wp-block-heading\">Ne pas perdre sa vie \u00e0 la gagner<\/h4>\n\n\n\n<p>Fonder une famille se concr\u00e9tise rapidement. Malgr\u00e9 le capital immobilier et foncier initial, le labeur ne manque pas. La conversion en bio, l\u2019entretien des parcelles, la plantation de nombreux arbres, la r\u00e9fection de 12 km de cl\u00f4ture restent bien ancr\u00e9s dans les souvenirs et dans les corps.<\/p>\n\n\n\n<p>Et leur leitmotiv est de ne pas perdre leur vie \u00e0 la gagner&nbsp;: l\u2019exploitation de <strong>la ferme doit rester la plus simple et la moins \u00e9nergivore possible<\/strong>. Le refus de la course aux technologies est omnipr\u00e9sent. <strong>La confiance en la Nature aussi&nbsp;! Plus elle est respect\u00e9e, plus grande sera l\u2019harmonie.<\/strong><\/p>\n\n\n\n<h4 class=\"wp-block-heading\">Quelques b\u00e2tons dans les roues&#8230;<\/h4>\n\n\n\n<p>L\u2019id\u00e9e de base \u00e9tait de combiner habitat partag\u00e9, lieu de culture et activit\u00e9s agricoles, partant du constat qu\u2019il est difficile pour les agriculteurs de disposer de temps de loisirs pour rencontrer les autres, aller \u00e0 des spectacles, etc.<\/p>\n\n\n\n<p>Le partage de l\u2019habitat est loin de s\u00e9duire les parents. La <strong>recherche d\u2019un.e partenaire s\u2019av\u00e8re difficile<\/strong>, malgr\u00e9 des conditions \u00e9conomiques favorables&nbsp;: la ferme peut \u00eatre g\u00e9r\u00e9e par deux personnes et peut en faire vivre quatre.<\/p>\n\n\n\n<p><strong>Attirer des \u00e9v\u00e9nements culturels ne va pas de soi<\/strong> non plus. Pourtant, le corps de b\u00e2timent qui nous abrite pour les repas, inaugur\u00e9e pour leur mariage &#8211; une ancienne \u00e9curie r\u00e9nov\u00e9e \u2013 se pr\u00eate parfaitement \u00e0 l\u2019organisation de spectacles ou de concerts accueillant un large public.<\/p>\n\n\n\n<h4 class=\"wp-block-heading\">Simple simple simple !<\/h4>\n\n\n\n<p><strong>Quelle est la recette d\u2019Aur\u00e9lien et Natalia pour vivre d\u00e9cemment et travailler raisonnablement&nbsp;?<\/strong> Respecter les cycles de la nature, r\u00e9sister \u00e0 la tentation d\u2019une exploitation intensive faussement prometteuse de profits, refuser les emprunts sources d\u2019endettement, r\u00e9sister aux assauts des commerciaux des compagnies agricoles.<\/p>\n\n\n\n<p>A d\u00e9faut de formation agricole, Aur\u00e9lien se base sur son bagage familial et son bon sens.<\/p>\n\n\n\n<p>Les <strong>vaches<\/strong> sont <strong>nourries \u00e0 l\u2019herbe<\/strong>, essentiellement en p\u00e2ture. La production de lait est certes bien moindre que si elles \u00e9taient nourries au ma\u00efs et autres aliments mais elle permet <strong>une seule traite quotidienne<\/strong> d\u2019un lait plus riche. R\u00e9sultat&nbsp;? Moins de travail, un meilleur prix pour un lait de qualit\u00e9 labellis\u00e9 \u00ab&nbsp;bio lait&nbsp;\u00bb commercialis\u00e9 via une coop\u00e9rative bio d\u2019un millier de producteurs aupr\u00e8s de la laiterie Isigny. <strong>La seule concession faite \u00e0 la technologie&nbsp;: une balloteuse<\/strong> (et ses kilom\u00e8tres de rubans de plastic) permet de stocker un foin de bien meilleure qualit\u00e9 qu\u2019un fastidieux ensilage traditionnel.<\/p>\n\n\n\n<p>Les veaux m\u00e2les devenus <strong>b\u0153ufs<\/strong> non \u00e9corn\u00e9s sont quant \u00e0 eux <strong>valoris\u00e9s localement <\/strong>et non pas exp\u00e9di\u00e9s aux quatre coins de l\u2019Europe.<\/p>\n\n\n\n<p>Les v\u00ealages sont les moins m\u00e9dicalis\u00e9s possible. Aur\u00e9lien a acquis une exp\u00e9rience permettant de recourir plus rarement \u00e0 un v\u00e9t\u00e9rinaire qui, mis \u00e0 part pour les contr\u00f4les annuels, ne met pas souvent les pieds \u00e0 la ferme.<\/p>\n\n\n\n<h4 class=\"wp-block-heading\">Se mettre au diapason des us et coutumes<\/h4>\n\n\n\n<p>Isol\u00e9e au c\u0153ur des marais, la ferme permet aussi aux b\u00eates de profiter pleinement des <strong>250 hectares communaux gr\u00e2ce au droit de marais<\/strong> dont peuvent encore b\u00e9n\u00e9ficier les exploitants de cette commune&nbsp;: un <strong>dernier bastion socialiste<\/strong> du Cotentin d\u00e9fendant cette mise \u00e0 disposition du bien collectif que constituent les marais.<\/p>\n\n\n\n<p>Une jeune altercycliste sp\u00e9cialiste de l\u2019agriculture s\u2019avoue convaincue et qualifie cette organisation de r\u00e9siliente et r\u00e9solument tentante&nbsp;! Tenable \u00e0 long terme&nbsp;?<\/p>\n\n\n\n<p>L\u2019isolement de la lande pourrait amener Aur\u00e9lien et Natalia \u00e0 se lancer dans de nouveaux projets. <strong>C\u2019est la recherche du bonheur qui tracera leur chemin\u2026<\/strong><\/p>\n\n\n\n<p class=\"has-text-align-right\"><em>Eric<\/em><\/p>\n\n\n\n<p class=\"has-text-align-right\"><em>\u00a9 Orianne Drouet<\/em><\/p>\n","protected":false},"excerpt":{"rendered":"<p>Une image idyllique aux abords de l\u2019\u00e9tang de la ferme de la Grande Lande : Natalia et Aur\u00e9lien avec leurs petites filles Mathilda et Madeleine lov\u00e9es dans les bras nous accueillent tout sourire, accompagn\u00e9s de leur bouvier des Flandres visiblement ravi de l\u2019arriv\u00e9e de la soixantaine d\u2019altercyclistes.<\/p>\n","protected":false},"author":215,"featured_media":22835,"comment_status":"closed","ping_status":"closed","sticky":false,"template":"","format":"standard","meta":{"footnotes":""},"categories":[3483,4198,3478],"tags":[],"class_list":["post-22834","post","type-post","status-publish","format-standard","has-post-thumbnail","hentry","category-agriculture","category-edition-2021","category-normandie"],"yoast_head":"<!-- This site is optimized with the Yoast SEO plugin v27.3 - https:\/\/yoast.com\/product\/yoast-seo-wordpress\/ -->\n<title>A la ferme de la grande lande, on tend vers la simplicit\u00e9 volontaire - AlterTour<\/title>\n<meta name=\"robots\" content=\"index, follow, max-snippet:-1, max-image-preview:large, max-video-preview:-1\" \/>\n<link rel=\"canonical\" href=\"https:\/\/www.altercampagne.net\/?p=22834\" \/>\n<meta property=\"og:locale\" content=\"fr_FR\" \/>\n<meta property=\"og:type\" content=\"article\" \/>\n<meta property=\"og:title\" content=\"A la ferme de la grande lande, on tend vers la simplicit\u00e9 volontaire - AlterTour\" \/>\n<meta property=\"og:description\" content=\"Une image idyllique aux abords de l\u2019\u00e9tang de la ferme de la Grande Lande : Natalia et Aur\u00e9lien avec leurs petites filles Mathilda et Madeleine lov\u00e9es dans les bras nous accueillent tout sourire, accompagn\u00e9s de leur bouvier des Flandres visiblement ravi de l\u2019arriv\u00e9e de la soixantaine d\u2019altercyclistes.\" \/>\n<meta property=\"og:url\" content=\"https:\/\/www.altercampagne.net\/?p=22834\" \/>\n<meta property=\"og:site_name\" content=\"AlterTour\" \/>\n<meta property=\"article:published_time\" content=\"2021-07-28T10:54:00+00:00\" \/>\n<meta property=\"article:modified_time\" content=\"2021-08-03T11:19:49+00:00\" \/>\n<meta property=\"og:image\" content=\"https:\/\/www.altercampagne.net\/wp-content\/uploads\/2021\/07\/La-grande-lande-scaled.jpg\" \/>\n\t<meta property=\"og:image:width\" content=\"2560\" \/>\n\t<meta property=\"og:image:height\" content=\"1707\" \/>\n\t<meta property=\"og:image:type\" content=\"image\/jpeg\" \/>\n<meta name=\"author\" content=\"AlterTour\" \/>\n<meta name=\"twitter:card\" content=\"summary_large_image\" \/>\n<meta name=\"twitter:label1\" content=\"\u00c9crit par\" \/>\n\t<meta name=\"twitter:data1\" content=\"AlterTour\" \/>\n\t<meta name=\"twitter:label2\" content=\"Dur\u00e9e de lecture estim\u00e9e\" \/>\n\t<meta name=\"twitter:data2\" content=\"4 minutes\" \/>\n<script type=\"application\/ld+json\" class=\"yoast-schema-graph\">{\"@context\":\"https:\\\/\\\/schema.org\",\"@graph\":[{\"@type\":\"Article\",\"@id\":\"https:\\\/\\\/www.altercampagne.net\\\/?p=22834#article\",\"isPartOf\":{\"@id\":\"https:\\\/\\\/www.altercampagne.net\\\/?p=22834\"},\"author\":{\"name\":\"AlterTour\",\"@id\":\"https:\\\/\\\/www.altercampagne.net\\\/#\\\/schema\\\/person\\\/e5b68c803196f649c2152249d262d94a\"},\"headline\":\"A la ferme de la grande lande, on tend vers la simplicit\u00e9 volontaire\",\"datePublished\":\"2021-07-28T10:54:00+00:00\",\"dateModified\":\"2021-08-03T11:19:49+00:00\",\"mainEntityOfPage\":{\"@id\":\"https:\\\/\\\/www.altercampagne.net\\\/?p=22834\"},\"wordCount\":851,\"image\":{\"@id\":\"https:\\\/\\\/www.altercampagne.net\\\/?p=22834#primaryimage\"},\"thumbnailUrl\":\"https:\\\/\\\/www.altercampagne.net\\\/wp-content\\\/uploads\\\/2021\\\/07\\\/La-grande-lande-scaled.jpg\",\"articleSection\":[\"Agriculture\",\"Edition 2021\",\"Normandie\"],\"inLanguage\":\"fr-FR\"},{\"@type\":\"WebPage\",\"@id\":\"https:\\\/\\\/www.altercampagne.net\\\/?p=22834\",\"url\":\"https:\\\/\\\/www.altercampagne.net\\\/?p=22834\",\"name\":\"A la ferme de la grande lande, on tend vers la simplicit\u00e9 volontaire - AlterTour\",\"isPartOf\":{\"@id\":\"https:\\\/\\\/www.altercampagne.net\\\/#website\"},\"primaryImageOfPage\":{\"@id\":\"https:\\\/\\\/www.altercampagne.net\\\/?p=22834#primaryimage\"},\"image\":{\"@id\":\"https:\\\/\\\/www.altercampagne.net\\\/?p=22834#primaryimage\"},\"thumbnailUrl\":\"https:\\\/\\\/www.altercampagne.net\\\/wp-content\\\/uploads\\\/2021\\\/07\\\/La-grande-lande-scaled.jpg\",\"datePublished\":\"2021-07-28T10:54:00+00:00\",\"dateModified\":\"2021-08-03T11:19:49+00:00\",\"author\":{\"@id\":\"https:\\\/\\\/www.altercampagne.net\\\/#\\\/schema\\\/person\\\/e5b68c803196f649c2152249d262d94a\"},\"breadcrumb\":{\"@id\":\"https:\\\/\\\/www.altercampagne.net\\\/?p=22834#breadcrumb\"},\"inLanguage\":\"fr-FR\",\"potentialAction\":[{\"@type\":\"ReadAction\",\"target\":[\"https:\\\/\\\/www.altercampagne.net\\\/?p=22834\"]}]},{\"@type\":\"ImageObject\",\"inLanguage\":\"fr-FR\",\"@id\":\"https:\\\/\\\/www.altercampagne.net\\\/?p=22834#primaryimage\",\"url\":\"https:\\\/\\\/www.altercampagne.net\\\/wp-content\\\/uploads\\\/2021\\\/07\\\/La-grande-lande-scaled.jpg\",\"contentUrl\":\"https:\\\/\\\/www.altercampagne.net\\\/wp-content\\\/uploads\\\/2021\\\/07\\\/La-grande-lande-scaled.jpg\",\"width\":2560,\"height\":1707},{\"@type\":\"BreadcrumbList\",\"@id\":\"https:\\\/\\\/www.altercampagne.net\\\/?p=22834#breadcrumb\",\"itemListElement\":[{\"@type\":\"ListItem\",\"position\":1,\"name\":\"Accueil\",\"item\":\"https:\\\/\\\/www.altercampagne.net\\\/\"},{\"@type\":\"ListItem\",\"position\":2,\"name\":\"A la ferme de la grande lande, on tend vers la simplicit\u00e9 volontaire\"}]},{\"@type\":\"WebSite\",\"@id\":\"https:\\\/\\\/www.altercampagne.net\\\/#website\",\"url\":\"https:\\\/\\\/www.altercampagne.net\\\/\",\"name\":\"AlterTour\",\"description\":\"Reliez les Alternatives \u00e0 v\u00e9lo\",\"potentialAction\":[{\"@type\":\"SearchAction\",\"target\":{\"@type\":\"EntryPoint\",\"urlTemplate\":\"https:\\\/\\\/www.altercampagne.net\\\/?s={search_term_string}\"},\"query-input\":{\"@type\":\"PropertyValueSpecification\",\"valueRequired\":true,\"valueName\":\"search_term_string\"}}],\"inLanguage\":\"fr-FR\"},{\"@type\":\"Person\",\"@id\":\"https:\\\/\\\/www.altercampagne.net\\\/#\\\/schema\\\/person\\\/e5b68c803196f649c2152249d262d94a\",\"name\":\"AlterTour\",\"image\":{\"@type\":\"ImageObject\",\"inLanguage\":\"fr-FR\",\"@id\":\"https:\\\/\\\/secure.gravatar.com\\\/avatar\\\/3f2ed77f8506b8ea264ad5938bb0114bfa10f35b64086a66dfbb6e9f58ad9693?s=96&d=mm&r=g\",\"url\":\"https:\\\/\\\/secure.gravatar.com\\\/avatar\\\/3f2ed77f8506b8ea264ad5938bb0114bfa10f35b64086a66dfbb6e9f58ad9693?s=96&d=mm&r=g\",\"contentUrl\":\"https:\\\/\\\/secure.gravatar.com\\\/avatar\\\/3f2ed77f8506b8ea264ad5938bb0114bfa10f35b64086a66dfbb6e9f58ad9693?s=96&d=mm&r=g\",\"caption\":\"AlterTour\"},\"url\":\"https:\\\/\\\/www.altercampagne.net\\\/?author=215\"}]}<\/script>\n<!-- \/ Yoast SEO plugin. -->","yoast_head_json":{"title":"A la ferme de la grande lande, on tend vers la simplicit\u00e9 volontaire - AlterTour","robots":{"index":"index","follow":"follow","max-snippet":"max-snippet:-1","max-image-preview":"max-image-preview:large","max-video-preview":"max-video-preview:-1"},"canonical":"https:\/\/www.altercampagne.net\/?p=22834","og_locale":"fr_FR","og_type":"article","og_title":"A la ferme de la grande lande, on tend vers la simplicit\u00e9 volontaire - AlterTour","og_description":"Une image idyllique aux abords de l\u2019\u00e9tang de la ferme de la Grande Lande : Natalia et Aur\u00e9lien avec leurs petites filles Mathilda et Madeleine lov\u00e9es dans les bras nous accueillent tout sourire, accompagn\u00e9s de leur bouvier des Flandres visiblement ravi de l\u2019arriv\u00e9e de la soixantaine d\u2019altercyclistes.","og_url":"https:\/\/www.altercampagne.net\/?p=22834","og_site_name":"AlterTour","article_published_time":"2021-07-28T10:54:00+00:00","article_modified_time":"2021-08-03T11:19:49+00:00","og_image":[{"width":2560,"height":1707,"url":"https:\/\/www.altercampagne.net\/wp-content\/uploads\/2021\/07\/La-grande-lande-scaled.jpg","type":"image\/jpeg"}],"author":"AlterTour","twitter_card":"summary_large_image","twitter_misc":{"\u00c9crit par":"AlterTour","Dur\u00e9e de lecture estim\u00e9e":"4 minutes"},"schema":{"@context":"https:\/\/schema.org","@graph":[{"@type":"Article","@id":"https:\/\/www.altercampagne.net\/?p=22834#article","isPartOf":{"@id":"https:\/\/www.altercampagne.net\/?p=22834"},"author":{"name":"AlterTour","@id":"https:\/\/www.altercampagne.net\/#\/schema\/person\/e5b68c803196f649c2152249d262d94a"},"headline":"A la ferme de la grande lande, on tend vers la simplicit\u00e9 volontaire","datePublished":"2021-07-28T10:54:00+00:00","dateModified":"2021-08-03T11:19:49+00:00","mainEntityOfPage":{"@id":"https:\/\/www.altercampagne.net\/?p=22834"},"wordCount":851,"image":{"@id":"https:\/\/www.altercampagne.net\/?p=22834#primaryimage"},"thumbnailUrl":"https:\/\/www.altercampagne.net\/wp-content\/uploads\/2021\/07\/La-grande-lande-scaled.jpg","articleSection":["Agriculture","Edition 2021","Normandie"],"inLanguage":"fr-FR"},{"@type":"WebPage","@id":"https:\/\/www.altercampagne.net\/?p=22834","url":"https:\/\/www.altercampagne.net\/?p=22834","name":"A la ferme de la grande lande, on tend vers la simplicit\u00e9 volontaire - AlterTour","isPartOf":{"@id":"https:\/\/www.altercampagne.net\/#website"},"primaryImageOfPage":{"@id":"https:\/\/www.altercampagne.net\/?p=22834#primaryimage"},"image":{"@id":"https:\/\/www.altercampagne.net\/?p=22834#primaryimage"},"thumbnailUrl":"https:\/\/www.altercampagne.net\/wp-content\/uploads\/2021\/07\/La-grande-lande-scaled.jpg","datePublished":"2021-07-28T10:54:00+00:00","dateModified":"2021-08-03T11:19:49+00:00","author":{"@id":"https:\/\/www.altercampagne.net\/#\/schema\/person\/e5b68c803196f649c2152249d262d94a"},"breadcrumb":{"@id":"https:\/\/www.altercampagne.net\/?p=22834#breadcrumb"},"inLanguage":"fr-FR","potentialAction":[{"@type":"ReadAction","target":["https:\/\/www.altercampagne.net\/?p=22834"]}]},{"@type":"ImageObject","inLanguage":"fr-FR","@id":"https:\/\/www.altercampagne.net\/?p=22834#primaryimage","url":"https:\/\/www.altercampagne.net\/wp-content\/uploads\/2021\/07\/La-grande-lande-scaled.jpg","contentUrl":"https:\/\/www.altercampagne.net\/wp-content\/uploads\/2021\/07\/La-grande-lande-scaled.jpg","width":2560,"height":1707},{"@type":"BreadcrumbList","@id":"https:\/\/www.altercampagne.net\/?p=22834#breadcrumb","itemListElement":[{"@type":"ListItem","position":1,"name":"Accueil","item":"https:\/\/www.altercampagne.net\/"},{"@type":"ListItem","position":2,"name":"A la ferme de la grande lande, on tend vers la simplicit\u00e9 volontaire"}]},{"@type":"WebSite","@id":"https:\/\/www.altercampagne.net\/#website","url":"https:\/\/www.altercampagne.net\/","name":"AlterTour","description":"Reliez les Alternatives \u00e0 v\u00e9lo","potentialAction":[{"@type":"SearchAction","target":{"@type":"EntryPoint","urlTemplate":"https:\/\/www.altercampagne.net\/?s={search_term_string}"},"query-input":{"@type":"PropertyValueSpecification","valueRequired":true,"valueName":"search_term_string"}}],"inLanguage":"fr-FR"},{"@type":"Person","@id":"https:\/\/www.altercampagne.net\/#\/schema\/person\/e5b68c803196f649c2152249d262d94a","name":"AlterTour","image":{"@type":"ImageObject","inLanguage":"fr-FR","@id":"https:\/\/secure.gravatar.com\/avatar\/3f2ed77f8506b8ea264ad5938bb0114bfa10f35b64086a66dfbb6e9f58ad9693?s=96&d=mm&r=g","url":"https:\/\/secure.gravatar.com\/avatar\/3f2ed77f8506b8ea264ad5938bb0114bfa10f35b64086a66dfbb6e9f58ad9693?s=96&d=mm&r=g","contentUrl":"https:\/\/secure.gravatar.com\/avatar\/3f2ed77f8506b8ea264ad5938bb0114bfa10f35b64086a66dfbb6e9f58ad9693?s=96&d=mm&r=g","caption":"AlterTour"},"url":"https:\/\/www.altercampagne.net\/?author=215"}]}},"_links":{"self":[{"href":"https:\/\/www.altercampagne.net\/index.php?rest_route=\/wp\/v2\/posts\/22834","targetHints":{"allow":["GET"]}}],"collection":[{"href":"https:\/\/www.altercampagne.net\/index.php?rest_route=\/wp\/v2\/posts"}],"about":[{"href":"https:\/\/www.altercampagne.net\/index.php?rest_route=\/wp\/v2\/types\/post"}],"author":[{"embeddable":true,"href":"https:\/\/www.altercampagne.net\/index.php?rest_route=\/wp\/v2\/users\/215"}],"replies":[{"embeddable":true,"href":"https:\/\/www.altercampagne.net\/index.php?rest_route=%2Fwp%2Fv2%2Fcomments&post=22834"}],"version-history":[{"count":5,"href":"https:\/\/www.altercampagne.net\/index.php?rest_route=\/wp\/v2\/posts\/22834\/revisions"}],"predecessor-version":[{"id":22897,"href":"https:\/\/www.altercampagne.net\/index.php?rest_route=\/wp\/v2\/posts\/22834\/revisions\/22897"}],"wp:featuredmedia":[{"embeddable":true,"href":"https:\/\/www.altercampagne.net\/index.php?rest_route=\/wp\/v2\/media\/22835"}],"wp:attachment":[{"href":"https:\/\/www.altercampagne.net\/index.php?rest_route=%2Fwp%2Fv2%2Fmedia&parent=22834"}],"wp:term":[{"taxonomy":"category","embeddable":true,"href":"https:\/\/www.altercampagne.net\/index.php?rest_route=%2Fwp%2Fv2%2Fcategories&post=22834"},{"taxonomy":"post_tag","embeddable":true,"href":"https:\/\/www.altercampagne.net\/index.php?rest_route=%2Fwp%2Fv2%2Ftags&post=22834"}],"curies":[{"name":"wp","href":"https:\/\/api.w.org\/{rel}","templated":true}]}}