{"id":22841,"date":"2021-07-24T20:15:00","date_gmt":"2021-07-24T18:15:00","guid":{"rendered":"https:\/\/www.altercampagne.net\/?p=22841"},"modified":"2021-08-24T15:45:27","modified_gmt":"2021-08-24T13:45:27","slug":"alter-d-tour-de-la-mayenne-a-lorne","status":"publish","type":"post","link":"https:\/\/www.altercampagne.net\/?p=22841","title":{"rendered":"Alter-D-Tour : de la Mayenne \u00e0 l&rsquo;Orne"},"content":{"rendered":"\n<p><em>Nous avons quitt\u00e9 la ferme de Pierre ce samedi 24 juillet. Nous avons enfourch\u00e9 nos v\u00e9los vers 10 heures. Le parcours n\u2019\u00e9tant que de 20 km<\/em><br><em>Nous sommes arriv\u00e9s \u00e0 la ferme de Philippe et Marie-Claire, \u00e0 l&rsquo;<a href=\"https:\/\/www.illicomesproduitslocaux.fr\/producteur\/4305-earl-du-bois\/notre-ferme.html\"><strong>EARL du Bois<\/strong><\/a>, pour le d\u00e9jeuner.<\/em> <\/p>\n\n\n\n<h4 class=\"wp-block-heading\">\u00c0 peine arriv\u00e9.es, tout justes sollicit\u00e9.es&nbsp;<\/h4>\n\n\n\n<figure class=\"wp-block-image size-large\"><a href=\"https:\/\/www.altercampagne.net\/wp-content\/uploads\/2021\/08\/P1070400-5-scaled-e1627821401785.jpg\"><img loading=\"lazy\" decoding=\"async\" width=\"1024\" height=\"594\" src=\"https:\/\/www.altercampagne.net\/wp-content\/uploads\/2021\/08\/P1070400-5-scaled-e1627821401785-1024x594.jpg\" alt=\"\" class=\"wp-image-22842\" srcset=\"https:\/\/www.altercampagne.net\/wp-content\/uploads\/2021\/08\/P1070400-5-scaled-e1627821401785-1024x594.jpg 1024w, https:\/\/www.altercampagne.net\/wp-content\/uploads\/2021\/08\/P1070400-5-scaled-e1627821401785-300x174.jpg 300w, https:\/\/www.altercampagne.net\/wp-content\/uploads\/2021\/08\/P1070400-5-scaled-e1627821401785-768x445.jpg 768w, https:\/\/www.altercampagne.net\/wp-content\/uploads\/2021\/08\/P1070400-5-scaled-e1627821401785-610x354.jpg 610w, https:\/\/www.altercampagne.net\/wp-content\/uploads\/2021\/08\/P1070400-5-scaled-e1627821401785-100x58.jpg 100w, https:\/\/www.altercampagne.net\/wp-content\/uploads\/2021\/08\/P1070400-5-scaled-e1627821401785-862x500.jpg 862w, https:\/\/www.altercampagne.net\/wp-content\/uploads\/2021\/08\/P1070400-5-scaled-e1627821401785-1140x661.jpg 1140w, https:\/\/www.altercampagne.net\/wp-content\/uploads\/2021\/08\/P1070400-5-scaled-e1627821401785.jpg 1200w\" sizes=\"auto, (max-width: 1024px) 100vw, 1024px\" \/><\/a><figcaption>Atelier vente de la ferme  \u00a9In\u00e8s<\/figcaption><\/figure>\n\n\n\n<p>Un groupe membre d&rsquo;<a href=\"https:\/\/www.elcapitan.fr\"><strong>El Capitan<\/strong><\/a>, <strong>espace de coliving<\/strong> dans l&rsquo;Orne, est venu nous expliquer que <strong>la ferme avait du mal \u00e0 se vendre<\/strong> et que leur r\u00f4le \u00e9tait de mettre un terme \u00e0 ce probl\u00e8me. L&rsquo;atelier consistait \u00e0 se mettre \u00e0 la place d\u2019un <strong>potentiel acheteur de la ferme et de noter nos motivations, nos inqui\u00e9tudes et les points \u00e0 approfondir<\/strong> pour l\u2019acheter ou la louer.<\/p>\n\n\n\n<h4 class=\"wp-block-heading\">Jour pluvieux, jour calme<\/h4>\n\n\n\n<p>Le 25, fut une journ\u00e9e peut active, nous commen\u00e7ons les activit\u00e9s vers 10h30 (nos accueillants avait fait la f\u00eate jusqu\u2019\u00e0 4h du matin). <br>Cette journ\u00e9e fut tout de m\u00eame rude en \u00e9motions car \u00e0 14h, nous avons fait <strong>un cercle de parole qui comme toujours fit monter les larmes<\/strong>.<br>Apr\u00e8s ce cercle, des petites groupes se form\u00e8rent pour <strong>d\u00e9battre sur des sujets tels que la discrimination<\/strong> ou <strong>le corps dans l\u2019espace<\/strong>.<\/p>\n\n\n\n<figure class=\"wp-block-image size-large\"><a href=\"https:\/\/www.altercampagne.net\/wp-content\/uploads\/2021\/08\/EARL_du_bois-14-scaled-e1627821818921.jpg\"><img loading=\"lazy\" decoding=\"async\" width=\"1024\" height=\"577\" src=\"https:\/\/www.altercampagne.net\/wp-content\/uploads\/2021\/08\/EARL_du_bois-14-scaled-e1627821818921-1024x577.jpg\" alt=\"\" class=\"wp-image-22845\" srcset=\"https:\/\/www.altercampagne.net\/wp-content\/uploads\/2021\/08\/EARL_du_bois-14-scaled-e1627821818921-1024x577.jpg 1024w, https:\/\/www.altercampagne.net\/wp-content\/uploads\/2021\/08\/EARL_du_bois-14-scaled-e1627821818921-300x169.jpg 300w, https:\/\/www.altercampagne.net\/wp-content\/uploads\/2021\/08\/EARL_du_bois-14-scaled-e1627821818921-768x433.jpg 768w, https:\/\/www.altercampagne.net\/wp-content\/uploads\/2021\/08\/EARL_du_bois-14-scaled-e1627821818921-610x344.jpg 610w, https:\/\/www.altercampagne.net\/wp-content\/uploads\/2021\/08\/EARL_du_bois-14-scaled-e1627821818921-100x56.jpg 100w, https:\/\/www.altercampagne.net\/wp-content\/uploads\/2021\/08\/EARL_du_bois-14-scaled-e1627821818921-862x486.jpg 862w, https:\/\/www.altercampagne.net\/wp-content\/uploads\/2021\/08\/EARL_du_bois-14-scaled-e1627821818921-1140x643.jpg 1140w, https:\/\/www.altercampagne.net\/wp-content\/uploads\/2021\/08\/EARL_du_bois-14-scaled-e1627821818921.jpg 1197w\" sizes=\"auto, (max-width: 1024px) 100vw, 1024px\" \/><\/a><figcaption>Cercle de parole  \u00a9In\u00e8s<\/figcaption><\/figure>\n\n\n\n<h4 class=\"wp-block-heading\">D\u00e9tails de certaines activit\u00e9s<\/h4>\n\n\n\n<p>Le 26, et donc, dernier jour dans la ferme, nous avons continu\u00e9 les ateliers : <strong>ma\u00e7onnerie d&rsquo;un four \u00e0 bois ou d&rsquo;un \u00e9vier en pierre<\/strong>, jardinage, ballade dans le bourg, \u00e9tiquetage de bouteilles, capsulage de bouteilles et pr\u00e9paration du jeu du soir.<\/p>\n\n\n\n<p>Pour l\u2019\u00e9tiquetage des bouteilles de poir\u00e9 (cidre de poire) et du jus de pomme, il y avait 6 \u00e9tapes:&nbsp;<br>&#8211; <strong>Prendre les bouteilles<\/strong> et les passer dans un machine qui les nettoie.<br>&#8211; <strong>Attraper les bouteilles<\/strong> et les transmettre \u00e0 l\u2019\u00e9tiqueteur.<br>&#8211; <strong>Faire rouler les bouteilles<\/strong> dans la machine \u00e0 \u00e9tiqueter (qui colle une \u00e9tiquette et essuie le bas de la bouteille).<br>&#8211; <strong>Tamponner la date<\/strong> de p\u00e9remption sur l\u2019\u00e9tiquette<br>&#8211; <strong>Mettre les bouteilles<\/strong> dans des cartons contenant 6 bouteilles&nbsp; et essuyer le goulot<br>&#8211; <strong>Scotcher les cartons<\/strong> et en construire d\u2019autre.<\/p>\n\n\n\n<p>Pour le capsulage des bouteilles, le but \u00e9tait de changer le bouchon en li\u00e8ge en une capsule pour que le d\u00e9p\u00f4t remonte \u00e0 la surface et qu\u2019en gelant, on puisse le soutir\u00e9.<\/p>\n\n\n\n<figure class=\"wp-block-image size-large\"><a href=\"https:\/\/www.altercampagne.net\/wp-content\/uploads\/2021\/08\/EARL_du_bois-7-scaled-e1627822820789.jpg\"><img loading=\"lazy\" decoding=\"async\" width=\"1024\" height=\"639\" src=\"https:\/\/www.altercampagne.net\/wp-content\/uploads\/2021\/08\/EARL_du_bois-7-scaled-e1627822820789-1024x639.jpg\" alt=\"\" class=\"wp-image-22847\" srcset=\"https:\/\/www.altercampagne.net\/wp-content\/uploads\/2021\/08\/EARL_du_bois-7-scaled-e1627822820789-1024x639.jpg 1024w, https:\/\/www.altercampagne.net\/wp-content\/uploads\/2021\/08\/EARL_du_bois-7-scaled-e1627822820789-300x187.jpg 300w, https:\/\/www.altercampagne.net\/wp-content\/uploads\/2021\/08\/EARL_du_bois-7-scaled-e1627822820789-768x479.jpg 768w, https:\/\/www.altercampagne.net\/wp-content\/uploads\/2021\/08\/EARL_du_bois-7-scaled-e1627822820789-610x381.jpg 610w, https:\/\/www.altercampagne.net\/wp-content\/uploads\/2021\/08\/EARL_du_bois-7-scaled-e1627822820789-100x62.jpg 100w, https:\/\/www.altercampagne.net\/wp-content\/uploads\/2021\/08\/EARL_du_bois-7-scaled-e1627822820789-862x538.jpg 862w, https:\/\/www.altercampagne.net\/wp-content\/uploads\/2021\/08\/EARL_du_bois-7-scaled-e1627822820789-1140x711.jpg 1140w, https:\/\/www.altercampagne.net\/wp-content\/uploads\/2021\/08\/EARL_du_bois-7-scaled-e1627822820789.jpg 1197w\" sizes=\"auto, (max-width: 1024px) 100vw, 1024px\" \/><\/a><figcaption>Embouteillage de poir\u00e9  \u00a9In\u00e8s<\/figcaption><\/figure>\n\n\n\n<p>Il y avait l\u00e0 aussi plusieurs \u00e9tapes:<br>&#8211; Ouvrir les bouteilles ( ce qui \u00e9tait tr\u00e8s dr\u00f4le car la moiti\u00e9 partait)<br>&#8211; Faire en sorte que les bouteilles soit rempli en enti\u00e8re<br>&#8211; Capsuler les bouteilles \u00e0 l\u2019aide d\u2019une machine faite pour<br>&#8211; Les secouer et les mettre dans des cageots<\/p>\n\n\n\n<h4 class=\"wp-block-heading\">Une chasse au tr\u00e9sor<\/h4>\n\n\n\n<p>Le jeu nous a permis de mieux d\u00e9couvrir les nombreux hectares autour de la ferme appartenant \u00e0 Marie-Clair et Phillipe.<br><strong>R\u00e8gles du jeu : <\/strong><br>\u2022 4 \u00e9quipes&nbsp;<br>\u2022 9 cachette \u00e0 indices (meule, arbres, four, tuiles, pancarte, chaudrons, ruine.)<br>\u2022 12 papiers avec \u00e9crit des suites de chiffres qui si l\u2019on comprenait la logique formait quatre phrases menant au tr\u00e9sor<br><br><em>Le tr\u00e9sor \u00e9tant une pierre qui \u00e9tait dans la ferme depuis tr\u00e8s longtemps<\/em><\/p>\n\n\n\n<p class=\"has-text-align-right\">&nbsp; &nbsp; &nbsp; &nbsp; &nbsp; &nbsp; &nbsp; &nbsp; &nbsp; &nbsp; &nbsp; &nbsp; &nbsp; &nbsp; &nbsp; &nbsp; &nbsp; &nbsp; &nbsp; &nbsp; &nbsp; &nbsp; &nbsp; &nbsp; &nbsp; &nbsp; &nbsp; &nbsp; &nbsp; &nbsp; H\u00e9l\u00e9na&nbsp;<\/p>\n","protected":false},"excerpt":{"rendered":"<p>\u00ab\u00a0Les ateliers : ma\u00e7onnerie d&rsquo;un four \u00e0 bois ou d&rsquo;un \u00e9vier en pierre, jardinage, ballade dans le bourg, \u00e9tiquetage de bouteilles, capsulage de bouteilles et pr\u00e9paration du jeu du soir\u00a0\u00bb<\/p>\n","protected":false},"author":215,"featured_media":22846,"comment_status":"closed","ping_status":"closed","sticky":false,"template":"","format":"standard","meta":{"footnotes":""},"categories":[3483,3489,4311,4198,3478],"tags":[],"class_list":["post-22841","post","type-post","status-publish","format-standard","has-post-thumbnail","hentry","category-agriculture","category-alimentation","category-alter-d-tour","category-edition-2021","category-normandie"],"yoast_head":"<!-- This site is optimized with the Yoast SEO plugin v27.3 - https:\/\/yoast.com\/product\/yoast-seo-wordpress\/ -->\n<title>Alter-D-Tour : de la Mayenne \u00e0 l&#039;Orne - AlterTour<\/title>\n<meta name=\"robots\" content=\"index, follow, max-snippet:-1, max-image-preview:large, max-video-preview:-1\" \/>\n<link rel=\"canonical\" href=\"https:\/\/www.altercampagne.net\/?p=22841\" \/>\n<meta property=\"og:locale\" content=\"fr_FR\" \/>\n<meta property=\"og:type\" content=\"article\" \/>\n<meta property=\"og:title\" content=\"Alter-D-Tour : de la Mayenne \u00e0 l&#039;Orne - AlterTour\" \/>\n<meta property=\"og:description\" content=\"&quot;Les ateliers : ma\u00e7onnerie d&#039;un four \u00e0 bois ou d&#039;un \u00e9vier en pierre, jardinage, ballade dans le bourg, \u00e9tiquetage de bouteilles, capsulage de bouteilles et pr\u00e9paration du jeu du soir&quot;\" \/>\n<meta property=\"og:url\" content=\"https:\/\/www.altercampagne.net\/?p=22841\" \/>\n<meta property=\"og:site_name\" content=\"AlterTour\" \/>\n<meta property=\"article:published_time\" content=\"2021-07-24T18:15:00+00:00\" \/>\n<meta property=\"article:modified_time\" content=\"2021-08-24T13:45:27+00:00\" \/>\n<meta property=\"og:image\" content=\"https:\/\/www.altercampagne.net\/wp-content\/uploads\/2021\/08\/EARL_du_bois-9-scaled-e1627822559132.jpg\" \/>\n\t<meta property=\"og:image:width\" content=\"1197\" \/>\n\t<meta property=\"og:image:height\" content=\"837\" \/>\n\t<meta property=\"og:image:type\" content=\"image\/jpeg\" \/>\n<meta name=\"author\" content=\"AlterTour\" \/>\n<meta name=\"twitter:card\" content=\"summary_large_image\" \/>\n<meta name=\"twitter:label1\" content=\"\u00c9crit par\" \/>\n\t<meta name=\"twitter:data1\" content=\"AlterTour\" \/>\n\t<meta name=\"twitter:label2\" content=\"Dur\u00e9e de lecture estim\u00e9e\" \/>\n\t<meta name=\"twitter:data2\" content=\"3 minutes\" \/>\n<script type=\"application\/ld+json\" class=\"yoast-schema-graph\">{\"@context\":\"https:\\\/\\\/schema.org\",\"@graph\":[{\"@type\":\"Article\",\"@id\":\"https:\\\/\\\/www.altercampagne.net\\\/?p=22841#article\",\"isPartOf\":{\"@id\":\"https:\\\/\\\/www.altercampagne.net\\\/?p=22841\"},\"author\":{\"name\":\"AlterTour\",\"@id\":\"https:\\\/\\\/www.altercampagne.net\\\/#\\\/schema\\\/person\\\/e5b68c803196f649c2152249d262d94a\"},\"headline\":\"Alter-D-Tour : de la Mayenne \u00e0 l&rsquo;Orne\",\"datePublished\":\"2021-07-24T18:15:00+00:00\",\"dateModified\":\"2021-08-24T13:45:27+00:00\",\"mainEntityOfPage\":{\"@id\":\"https:\\\/\\\/www.altercampagne.net\\\/?p=22841\"},\"wordCount\":565,\"image\":{\"@id\":\"https:\\\/\\\/www.altercampagne.net\\\/?p=22841#primaryimage\"},\"thumbnailUrl\":\"https:\\\/\\\/www.altercampagne.net\\\/wp-content\\\/uploads\\\/2021\\\/08\\\/EARL_du_bois-9-scaled-e1627822559132.jpg\",\"articleSection\":[\"Agriculture\",\"Alimentation\",\"Alter-D-tour\",\"Edition 2021\",\"Normandie\"],\"inLanguage\":\"fr-FR\"},{\"@type\":\"WebPage\",\"@id\":\"https:\\\/\\\/www.altercampagne.net\\\/?p=22841\",\"url\":\"https:\\\/\\\/www.altercampagne.net\\\/?p=22841\",\"name\":\"Alter-D-Tour : de la Mayenne \u00e0 l'Orne - AlterTour\",\"isPartOf\":{\"@id\":\"https:\\\/\\\/www.altercampagne.net\\\/#website\"},\"primaryImageOfPage\":{\"@id\":\"https:\\\/\\\/www.altercampagne.net\\\/?p=22841#primaryimage\"},\"image\":{\"@id\":\"https:\\\/\\\/www.altercampagne.net\\\/?p=22841#primaryimage\"},\"thumbnailUrl\":\"https:\\\/\\\/www.altercampagne.net\\\/wp-content\\\/uploads\\\/2021\\\/08\\\/EARL_du_bois-9-scaled-e1627822559132.jpg\",\"datePublished\":\"2021-07-24T18:15:00+00:00\",\"dateModified\":\"2021-08-24T13:45:27+00:00\",\"author\":{\"@id\":\"https:\\\/\\\/www.altercampagne.net\\\/#\\\/schema\\\/person\\\/e5b68c803196f649c2152249d262d94a\"},\"breadcrumb\":{\"@id\":\"https:\\\/\\\/www.altercampagne.net\\\/?p=22841#breadcrumb\"},\"inLanguage\":\"fr-FR\",\"potentialAction\":[{\"@type\":\"ReadAction\",\"target\":[\"https:\\\/\\\/www.altercampagne.net\\\/?p=22841\"]}]},{\"@type\":\"ImageObject\",\"inLanguage\":\"fr-FR\",\"@id\":\"https:\\\/\\\/www.altercampagne.net\\\/?p=22841#primaryimage\",\"url\":\"https:\\\/\\\/www.altercampagne.net\\\/wp-content\\\/uploads\\\/2021\\\/08\\\/EARL_du_bois-9-scaled-e1627822559132.jpg\",\"contentUrl\":\"https:\\\/\\\/www.altercampagne.net\\\/wp-content\\\/uploads\\\/2021\\\/08\\\/EARL_du_bois-9-scaled-e1627822559132.jpg\",\"width\":1197,\"height\":837},{\"@type\":\"BreadcrumbList\",\"@id\":\"https:\\\/\\\/www.altercampagne.net\\\/?p=22841#breadcrumb\",\"itemListElement\":[{\"@type\":\"ListItem\",\"position\":1,\"name\":\"Accueil\",\"item\":\"https:\\\/\\\/www.altercampagne.net\\\/\"},{\"@type\":\"ListItem\",\"position\":2,\"name\":\"Alter-D-Tour : de la Mayenne \u00e0 l&rsquo;Orne\"}]},{\"@type\":\"WebSite\",\"@id\":\"https:\\\/\\\/www.altercampagne.net\\\/#website\",\"url\":\"https:\\\/\\\/www.altercampagne.net\\\/\",\"name\":\"AlterTour\",\"description\":\"Reliez les Alternatives \u00e0 v\u00e9lo\",\"potentialAction\":[{\"@type\":\"SearchAction\",\"target\":{\"@type\":\"EntryPoint\",\"urlTemplate\":\"https:\\\/\\\/www.altercampagne.net\\\/?s={search_term_string}\"},\"query-input\":{\"@type\":\"PropertyValueSpecification\",\"valueRequired\":true,\"valueName\":\"search_term_string\"}}],\"inLanguage\":\"fr-FR\"},{\"@type\":\"Person\",\"@id\":\"https:\\\/\\\/www.altercampagne.net\\\/#\\\/schema\\\/person\\\/e5b68c803196f649c2152249d262d94a\",\"name\":\"AlterTour\",\"image\":{\"@type\":\"ImageObject\",\"inLanguage\":\"fr-FR\",\"@id\":\"https:\\\/\\\/secure.gravatar.com\\\/avatar\\\/3f2ed77f8506b8ea264ad5938bb0114bfa10f35b64086a66dfbb6e9f58ad9693?s=96&d=mm&r=g\",\"url\":\"https:\\\/\\\/secure.gravatar.com\\\/avatar\\\/3f2ed77f8506b8ea264ad5938bb0114bfa10f35b64086a66dfbb6e9f58ad9693?s=96&d=mm&r=g\",\"contentUrl\":\"https:\\\/\\\/secure.gravatar.com\\\/avatar\\\/3f2ed77f8506b8ea264ad5938bb0114bfa10f35b64086a66dfbb6e9f58ad9693?s=96&d=mm&r=g\",\"caption\":\"AlterTour\"},\"url\":\"https:\\\/\\\/www.altercampagne.net\\\/?author=215\"}]}<\/script>\n<!-- \/ Yoast SEO plugin. -->","yoast_head_json":{"title":"Alter-D-Tour : de la Mayenne \u00e0 l'Orne - AlterTour","robots":{"index":"index","follow":"follow","max-snippet":"max-snippet:-1","max-image-preview":"max-image-preview:large","max-video-preview":"max-video-preview:-1"},"canonical":"https:\/\/www.altercampagne.net\/?p=22841","og_locale":"fr_FR","og_type":"article","og_title":"Alter-D-Tour : de la Mayenne \u00e0 l'Orne - AlterTour","og_description":"\"Les ateliers : ma\u00e7onnerie d'un four \u00e0 bois ou d'un \u00e9vier en pierre, jardinage, ballade dans le bourg, \u00e9tiquetage de bouteilles, capsulage de bouteilles et pr\u00e9paration du jeu du soir\"","og_url":"https:\/\/www.altercampagne.net\/?p=22841","og_site_name":"AlterTour","article_published_time":"2021-07-24T18:15:00+00:00","article_modified_time":"2021-08-24T13:45:27+00:00","og_image":[{"width":1197,"height":837,"url":"https:\/\/www.altercampagne.net\/wp-content\/uploads\/2021\/08\/EARL_du_bois-9-scaled-e1627822559132.jpg","type":"image\/jpeg"}],"author":"AlterTour","twitter_card":"summary_large_image","twitter_misc":{"\u00c9crit par":"AlterTour","Dur\u00e9e de lecture estim\u00e9e":"3 minutes"},"schema":{"@context":"https:\/\/schema.org","@graph":[{"@type":"Article","@id":"https:\/\/www.altercampagne.net\/?p=22841#article","isPartOf":{"@id":"https:\/\/www.altercampagne.net\/?p=22841"},"author":{"name":"AlterTour","@id":"https:\/\/www.altercampagne.net\/#\/schema\/person\/e5b68c803196f649c2152249d262d94a"},"headline":"Alter-D-Tour : de la Mayenne \u00e0 l&rsquo;Orne","datePublished":"2021-07-24T18:15:00+00:00","dateModified":"2021-08-24T13:45:27+00:00","mainEntityOfPage":{"@id":"https:\/\/www.altercampagne.net\/?p=22841"},"wordCount":565,"image":{"@id":"https:\/\/www.altercampagne.net\/?p=22841#primaryimage"},"thumbnailUrl":"https:\/\/www.altercampagne.net\/wp-content\/uploads\/2021\/08\/EARL_du_bois-9-scaled-e1627822559132.jpg","articleSection":["Agriculture","Alimentation","Alter-D-tour","Edition 2021","Normandie"],"inLanguage":"fr-FR"},{"@type":"WebPage","@id":"https:\/\/www.altercampagne.net\/?p=22841","url":"https:\/\/www.altercampagne.net\/?p=22841","name":"Alter-D-Tour : de la Mayenne \u00e0 l'Orne - AlterTour","isPartOf":{"@id":"https:\/\/www.altercampagne.net\/#website"},"primaryImageOfPage":{"@id":"https:\/\/www.altercampagne.net\/?p=22841#primaryimage"},"image":{"@id":"https:\/\/www.altercampagne.net\/?p=22841#primaryimage"},"thumbnailUrl":"https:\/\/www.altercampagne.net\/wp-content\/uploads\/2021\/08\/EARL_du_bois-9-scaled-e1627822559132.jpg","datePublished":"2021-07-24T18:15:00+00:00","dateModified":"2021-08-24T13:45:27+00:00","author":{"@id":"https:\/\/www.altercampagne.net\/#\/schema\/person\/e5b68c803196f649c2152249d262d94a"},"breadcrumb":{"@id":"https:\/\/www.altercampagne.net\/?p=22841#breadcrumb"},"inLanguage":"fr-FR","potentialAction":[{"@type":"ReadAction","target":["https:\/\/www.altercampagne.net\/?p=22841"]}]},{"@type":"ImageObject","inLanguage":"fr-FR","@id":"https:\/\/www.altercampagne.net\/?p=22841#primaryimage","url":"https:\/\/www.altercampagne.net\/wp-content\/uploads\/2021\/08\/EARL_du_bois-9-scaled-e1627822559132.jpg","contentUrl":"https:\/\/www.altercampagne.net\/wp-content\/uploads\/2021\/08\/EARL_du_bois-9-scaled-e1627822559132.jpg","width":1197,"height":837},{"@type":"BreadcrumbList","@id":"https:\/\/www.altercampagne.net\/?p=22841#breadcrumb","itemListElement":[{"@type":"ListItem","position":1,"name":"Accueil","item":"https:\/\/www.altercampagne.net\/"},{"@type":"ListItem","position":2,"name":"Alter-D-Tour : de la Mayenne \u00e0 l&rsquo;Orne"}]},{"@type":"WebSite","@id":"https:\/\/www.altercampagne.net\/#website","url":"https:\/\/www.altercampagne.net\/","name":"AlterTour","description":"Reliez les Alternatives \u00e0 v\u00e9lo","potentialAction":[{"@type":"SearchAction","target":{"@type":"EntryPoint","urlTemplate":"https:\/\/www.altercampagne.net\/?s={search_term_string}"},"query-input":{"@type":"PropertyValueSpecification","valueRequired":true,"valueName":"search_term_string"}}],"inLanguage":"fr-FR"},{"@type":"Person","@id":"https:\/\/www.altercampagne.net\/#\/schema\/person\/e5b68c803196f649c2152249d262d94a","name":"AlterTour","image":{"@type":"ImageObject","inLanguage":"fr-FR","@id":"https:\/\/secure.gravatar.com\/avatar\/3f2ed77f8506b8ea264ad5938bb0114bfa10f35b64086a66dfbb6e9f58ad9693?s=96&d=mm&r=g","url":"https:\/\/secure.gravatar.com\/avatar\/3f2ed77f8506b8ea264ad5938bb0114bfa10f35b64086a66dfbb6e9f58ad9693?s=96&d=mm&r=g","contentUrl":"https:\/\/secure.gravatar.com\/avatar\/3f2ed77f8506b8ea264ad5938bb0114bfa10f35b64086a66dfbb6e9f58ad9693?s=96&d=mm&r=g","caption":"AlterTour"},"url":"https:\/\/www.altercampagne.net\/?author=215"}]}},"_links":{"self":[{"href":"https:\/\/www.altercampagne.net\/index.php?rest_route=\/wp\/v2\/posts\/22841","targetHints":{"allow":["GET"]}}],"collection":[{"href":"https:\/\/www.altercampagne.net\/index.php?rest_route=\/wp\/v2\/posts"}],"about":[{"href":"https:\/\/www.altercampagne.net\/index.php?rest_route=\/wp\/v2\/types\/post"}],"author":[{"embeddable":true,"href":"https:\/\/www.altercampagne.net\/index.php?rest_route=\/wp\/v2\/users\/215"}],"replies":[{"embeddable":true,"href":"https:\/\/www.altercampagne.net\/index.php?rest_route=%2Fwp%2Fv2%2Fcomments&post=22841"}],"version-history":[{"count":3,"href":"https:\/\/www.altercampagne.net\/index.php?rest_route=\/wp\/v2\/posts\/22841\/revisions"}],"predecessor-version":[{"id":23035,"href":"https:\/\/www.altercampagne.net\/index.php?rest_route=\/wp\/v2\/posts\/22841\/revisions\/23035"}],"wp:featuredmedia":[{"embeddable":true,"href":"https:\/\/www.altercampagne.net\/index.php?rest_route=\/wp\/v2\/media\/22846"}],"wp:attachment":[{"href":"https:\/\/www.altercampagne.net\/index.php?rest_route=%2Fwp%2Fv2%2Fmedia&parent=22841"}],"wp:term":[{"taxonomy":"category","embeddable":true,"href":"https:\/\/www.altercampagne.net\/index.php?rest_route=%2Fwp%2Fv2%2Fcategories&post=22841"},{"taxonomy":"post_tag","embeddable":true,"href":"https:\/\/www.altercampagne.net\/index.php?rest_route=%2Fwp%2Fv2%2Ftags&post=22841"}],"curies":[{"name":"wp","href":"https:\/\/api.w.org\/{rel}","templated":true}]}}