{"id":22853,"date":"2021-07-25T20:49:00","date_gmt":"2021-07-25T18:49:00","guid":{"rendered":"https:\/\/www.altercampagne.net\/?p=22853"},"modified":"2021-08-24T15:44:20","modified_gmt":"2021-08-24T13:44:20","slug":"detour-par-loree-du-bois","status":"publish","type":"post","link":"https:\/\/www.altercampagne.net\/?p=22853","title":{"rendered":"D\u00e9tour par l\u2019or\u00e9e du bois"},"content":{"rendered":"\n<p><em>\u00c0 la ferme du Bois \u00e0 Lor\u00e9, nous sommes royalement accueillis par Marie-Claire et Philippe sous un grand hangar \u00e0 paille qui deviendra notre nouvelle salle commune pour les prochains jours.<\/em><\/p>\n\n\n\n<figure class=\"wp-block-image size-large\"><a href=\"https:\/\/www.altercampagne.net\/wp-content\/uploads\/2021\/08\/EARL_du_bois-12-scaled-e1627836200400.jpg\"><img loading=\"lazy\" decoding=\"async\" width=\"1024\" height=\"614\" src=\"https:\/\/www.altercampagne.net\/wp-content\/uploads\/2021\/08\/EARL_du_bois-12-scaled-e1627836186104-1024x614.jpg\" alt=\"\" class=\"wp-image-22856\"\/><\/a><figcaption>Nuits dans la paille  \u00a9In\u00e8s<\/figcaption><\/figure>\n\n\n\n<h4 class=\"wp-block-heading\">Du lait et des pommes<\/h4>\n\n\n\n<p>Nous profitons de la pause repas pour avoir <strong>une courte pr\u00e9sentation de nos h\u00f4tes et de leurs deux activit\u00e9s principales<\/strong>&nbsp;: l\u2019\u00e9levage d\u2019une 50aine de vaches laiti\u00e8res et la production d\u2019environ 30&nbsp;000 litres de cidre et de poir\u00e9 par an. <br>Nous aurons le droits \u00e0 une pr\u00e9sentation plus approfondie dans l\u2019apr\u00e8s midi au travers un atelier anim\u00e9 par Territoires en Communs&nbsp;destin\u00e9 \u00e0 <strong>aider nos h\u00f4tes \u00e0 transmettre leur ferme<\/strong>.<\/p>\n\n\n\n<h4 class=\"wp-block-heading\">Une conversion r\u00e9ussie<\/h4>\n\n\n\n<p>En effet, plus de trente ans apr\u00e8s avoir commenc\u00e9 leur aventure dans cette ferme familiale, <strong>Marie-Claire et Philippe souhaitent partir \u00e0 la retraite et cherchent \u00e0 trouver des repreneurs<\/strong> dont le projet resterait en accords avec leurs valeurs&nbsp; profondes : <strong>une agriculture biologique<\/strong> (dont ils ont \u00e9t\u00e9 pr\u00e9curseurs dans la r\u00e9gion), <strong>le respect du vivant en g\u00e9n\u00e9ral et la simplicit\u00e9<\/strong>. <br>Dans cette optique, ils am\u00e9nagent d\u00e9j\u00e0 leur future maison plus loin dans le village pour pouvoir laisser la ferme entre de nouvelles mains lorsque le temps sera venu.<\/p>\n\n\n\n<figure class=\"wp-block-image size-large\"><a href=\"https:\/\/www.altercampagne.net\/wp-content\/uploads\/2021\/08\/EARL_du_bois-13-scaled-e1627835952514.jpg\"><img loading=\"lazy\" decoding=\"async\" width=\"1024\" height=\"670\" src=\"https:\/\/www.altercampagne.net\/wp-content\/uploads\/2021\/08\/EARL_du_bois-13-scaled-e1627835952514-1024x670.jpg\" alt=\"\" class=\"wp-image-22855\" srcset=\"https:\/\/www.altercampagne.net\/wp-content\/uploads\/2021\/08\/EARL_du_bois-13-scaled-e1627835952514-1024x670.jpg 1024w, https:\/\/www.altercampagne.net\/wp-content\/uploads\/2021\/08\/EARL_du_bois-13-scaled-e1627835952514-300x196.jpg 300w, https:\/\/www.altercampagne.net\/wp-content\/uploads\/2021\/08\/EARL_du_bois-13-scaled-e1627835952514-768x502.jpg 768w, https:\/\/www.altercampagne.net\/wp-content\/uploads\/2021\/08\/EARL_du_bois-13-scaled-e1627835952514-610x399.jpg 610w, https:\/\/www.altercampagne.net\/wp-content\/uploads\/2021\/08\/EARL_du_bois-13-scaled-e1627835952514-100x65.jpg 100w, https:\/\/www.altercampagne.net\/wp-content\/uploads\/2021\/08\/EARL_du_bois-13-scaled-e1627835952514-862x564.jpg 862w, https:\/\/www.altercampagne.net\/wp-content\/uploads\/2021\/08\/EARL_du_bois-13-scaled-e1627835952514-1140x746.jpg 1140w, https:\/\/www.altercampagne.net\/wp-content\/uploads\/2021\/08\/EARL_du_bois-13-scaled-e1627835952514.jpg 1197w\" sizes=\"auto, (max-width: 1024px) 100vw, 1024px\" \/><\/a><figcaption>Le d\u00e9sherbage  \u00a9In\u00e8s<\/figcaption><\/figure>\n\n\n\n<h4 class=\"wp-block-heading\">&#8230; et du pain !<\/h4>\n\n\n\n<p>On apprend \u00e9galement durant cette pr\u00e9sentation qu\u2019en plus de leurs nombreuses activit\u00e9s, <strong>ils p\u00e9trissent \u00e9galement&nbsp; leur propre pain<\/strong> dans leur fournil. A raison d\u2019une grosse fourn\u00e9e par mois environ, <strong>ils s\u2019auto-suffisent<\/strong> et en font m\u00eame profiter les voisins&nbsp;! <br>Ce mois-ci, ils ont attendu notre venue pour nous faire d\u00e9couvrir leur savoir faire en boulangerie.&nbsp; Ils nous proposent donc un atelier fournil le lendemain, qui nous permettra de <strong>faire cuire \u00e9galement les fameuses Teurgoules normandes<\/strong> (riz au lait entier cuit au four de nombreuses heures) et de d\u00e9licieuses tartes aux pommes de la ferme.<\/p>\n\n\n\n<p>En plus de cet atelier, nos h\u00f4tes nous ont r\u00e9serv\u00e9 <strong>de nombreuses autres activit\u00e9s<\/strong> afin de d\u00e9couvrir et am\u00e9nager le lieu durant les deux jours que nous passons sur place.<\/p>\n\n\n\n<h4 class=\"wp-block-heading\">Au programme&nbsp;:<\/h4>\n\n\n\n<p>Traite des vaches, d\u00e9broussaillage du jardin, ma\u00e7onnerie du four \u00e0 pain de leur future maison,&nbsp; menuiserie, am\u00e9nagement d\u2019une fontaine \u00e0 l\u2019aide de pierres traditionnelles,&nbsp; \u00e9tiquetage du jus de pomme, d\u00e9bouchage de bouteilles de poir\u00e9, atelier compote\u2026<\/p>\n\n\n\n<p>Autant dire qu\u2019il y en a eu pour tous les go\u00fbts&nbsp;! Surtout que <strong>nos h\u00f4tes, distillent volontiers leur bonne humeur<\/strong>, g\u00e9n\u00e9rosit\u00e9, anecdotes et conseils.<\/p>\n\n\n\n<p>A la fin de notre s\u00e9jour, gr\u00e2ce \u00e0 une g\u00e9niale \u00e9quipe d\u2019alter-cyclistes motiv\u00e9es, <strong>nous avons aussi eu la chance de d\u00e9couvrir la ferme et ses environs<\/strong> au travers une chasse aux tr\u00e9sors incroyable, qui nous a laiss\u00e9 r\u00eaveurs et r\u00eaveuses quant au potentiel de cet endroit magnifique&nbsp;!<\/p>\n\n\n\n<figure class=\"wp-block-image size-large\"><a href=\"https:\/\/www.altercampagne.net\/wp-content\/uploads\/2021\/08\/EARL_du_bois-8-scaled-e1627836398383.jpg\"><img loading=\"lazy\" decoding=\"async\" width=\"1024\" height=\"584\" src=\"https:\/\/www.altercampagne.net\/wp-content\/uploads\/2021\/08\/EARL_du_bois-8-scaled-e1627836398383-1024x584.jpg\" alt=\"\" class=\"wp-image-22857\" srcset=\"https:\/\/www.altercampagne.net\/wp-content\/uploads\/2021\/08\/EARL_du_bois-8-scaled-e1627836398383-1024x584.jpg 1024w, https:\/\/www.altercampagne.net\/wp-content\/uploads\/2021\/08\/EARL_du_bois-8-scaled-e1627836398383-300x171.jpg 300w, https:\/\/www.altercampagne.net\/wp-content\/uploads\/2021\/08\/EARL_du_bois-8-scaled-e1627836398383-768x438.jpg 768w, https:\/\/www.altercampagne.net\/wp-content\/uploads\/2021\/08\/EARL_du_bois-8-scaled-e1627836398383-610x348.jpg 610w, https:\/\/www.altercampagne.net\/wp-content\/uploads\/2021\/08\/EARL_du_bois-8-scaled-e1627836398383-100x57.jpg 100w, https:\/\/www.altercampagne.net\/wp-content\/uploads\/2021\/08\/EARL_du_bois-8-scaled-e1627836398383-862x491.jpg 862w, https:\/\/www.altercampagne.net\/wp-content\/uploads\/2021\/08\/EARL_du_bois-8-scaled-e1627836398383-1140x650.jpg 1140w, https:\/\/www.altercampagne.net\/wp-content\/uploads\/2021\/08\/EARL_du_bois-8-scaled-e1627836398383.jpg 1200w\" sizes=\"auto, (max-width: 1024px) 100vw, 1024px\" \/><\/a><figcaption>Soir\u00e9e chants au coin du feu  \u00a9In\u00e8s<\/figcaption><\/figure>\n\n\n\n<p><em>Apr\u00e8s quelques jours pass\u00e9s \u00e0 Lor\u00e9, c\u2019est le c\u0153ur rempli d\u2019amour que nous avons quitt\u00e9 Marie-Claire et Phillippe, en leur souhaitant de trouver rapidement des repreneurs aussi passionn\u00e9s et humain qu\u2019eux&nbsp;!<\/em><\/p>\n\n\n\n<p class=\"has-text-align-right\">Julia<\/p>\n","protected":false},"excerpt":{"rendered":"<p>\u00ab\u00a0\u00c0 la ferme du Bois \u00e0 Lor\u00e9, nous sommes royalement accueillis par Marie-Claire et Philippe sous un grand hangar \u00e0 paille qui deviendra notre nouvelle salle commune pour les prochains jours.\u00a0\u00bb<\/p>\n","protected":false},"author":215,"featured_media":22854,"comment_status":"closed","ping_status":"closed","sticky":false,"template":"","format":"standard","meta":{"footnotes":""},"categories":[3483,3489,4311,4198,3478],"tags":[],"class_list":["post-22853","post","type-post","status-publish","format-standard","has-post-thumbnail","hentry","category-agriculture","category-alimentation","category-alter-d-tour","category-edition-2021","category-normandie"],"yoast_head":"<!-- This site is optimized with the Yoast SEO plugin v27.3 - https:\/\/yoast.com\/product\/yoast-seo-wordpress\/ -->\n<title>D\u00e9tour par l\u2019or\u00e9e du bois - AlterTour<\/title>\n<meta name=\"robots\" content=\"index, follow, max-snippet:-1, max-image-preview:large, max-video-preview:-1\" \/>\n<link rel=\"canonical\" href=\"https:\/\/www.altercampagne.net\/?p=22853\" \/>\n<meta property=\"og:locale\" content=\"fr_FR\" \/>\n<meta property=\"og:type\" content=\"article\" \/>\n<meta property=\"og:title\" content=\"D\u00e9tour par l\u2019or\u00e9e du bois - AlterTour\" \/>\n<meta property=\"og:description\" content=\"&quot;\u00c0 la ferme du Bois \u00e0 Lor\u00e9, nous sommes royalement accueillis par Marie-Claire et Philippe sous un grand hangar \u00e0 paille qui deviendra notre nouvelle salle commune pour les prochains jours.&quot;\" \/>\n<meta property=\"og:url\" content=\"https:\/\/www.altercampagne.net\/?p=22853\" \/>\n<meta property=\"og:site_name\" content=\"AlterTour\" \/>\n<meta property=\"article:published_time\" content=\"2021-07-25T18:49:00+00:00\" \/>\n<meta property=\"article:modified_time\" content=\"2021-08-24T13:44:20+00:00\" \/>\n<meta property=\"og:image\" content=\"https:\/\/www.altercampagne.net\/wp-content\/uploads\/2021\/08\/EARL_du_bois-10-scaled-e1627835809503.jpg\" \/>\n\t<meta property=\"og:image:width\" content=\"1200\" \/>\n\t<meta property=\"og:image:height\" content=\"840\" \/>\n\t<meta property=\"og:image:type\" content=\"image\/jpeg\" \/>\n<meta name=\"author\" content=\"AlterTour\" \/>\n<meta name=\"twitter:card\" content=\"summary_large_image\" \/>\n<meta name=\"twitter:label1\" content=\"\u00c9crit par\" \/>\n\t<meta name=\"twitter:data1\" content=\"AlterTour\" \/>\n\t<meta name=\"twitter:label2\" content=\"Dur\u00e9e de lecture estim\u00e9e\" \/>\n\t<meta name=\"twitter:data2\" content=\"3 minutes\" \/>\n<script type=\"application\/ld+json\" class=\"yoast-schema-graph\">{\"@context\":\"https:\\\/\\\/schema.org\",\"@graph\":[{\"@type\":\"Article\",\"@id\":\"https:\\\/\\\/www.altercampagne.net\\\/?p=22853#article\",\"isPartOf\":{\"@id\":\"https:\\\/\\\/www.altercampagne.net\\\/?p=22853\"},\"author\":{\"name\":\"AlterTour\",\"@id\":\"https:\\\/\\\/www.altercampagne.net\\\/#\\\/schema\\\/person\\\/e5b68c803196f649c2152249d262d94a\"},\"headline\":\"D\u00e9tour par l\u2019or\u00e9e du bois\",\"datePublished\":\"2021-07-25T18:49:00+00:00\",\"dateModified\":\"2021-08-24T13:44:20+00:00\",\"mainEntityOfPage\":{\"@id\":\"https:\\\/\\\/www.altercampagne.net\\\/?p=22853\"},\"wordCount\":551,\"image\":{\"@id\":\"https:\\\/\\\/www.altercampagne.net\\\/?p=22853#primaryimage\"},\"thumbnailUrl\":\"https:\\\/\\\/www.altercampagne.net\\\/wp-content\\\/uploads\\\/2021\\\/08\\\/EARL_du_bois-10-scaled-e1627835809503.jpg\",\"articleSection\":[\"Agriculture\",\"Alimentation\",\"Alter-D-tour\",\"Edition 2021\",\"Normandie\"],\"inLanguage\":\"fr-FR\"},{\"@type\":\"WebPage\",\"@id\":\"https:\\\/\\\/www.altercampagne.net\\\/?p=22853\",\"url\":\"https:\\\/\\\/www.altercampagne.net\\\/?p=22853\",\"name\":\"D\u00e9tour par l\u2019or\u00e9e du bois - AlterTour\",\"isPartOf\":{\"@id\":\"https:\\\/\\\/www.altercampagne.net\\\/#website\"},\"primaryImageOfPage\":{\"@id\":\"https:\\\/\\\/www.altercampagne.net\\\/?p=22853#primaryimage\"},\"image\":{\"@id\":\"https:\\\/\\\/www.altercampagne.net\\\/?p=22853#primaryimage\"},\"thumbnailUrl\":\"https:\\\/\\\/www.altercampagne.net\\\/wp-content\\\/uploads\\\/2021\\\/08\\\/EARL_du_bois-10-scaled-e1627835809503.jpg\",\"datePublished\":\"2021-07-25T18:49:00+00:00\",\"dateModified\":\"2021-08-24T13:44:20+00:00\",\"author\":{\"@id\":\"https:\\\/\\\/www.altercampagne.net\\\/#\\\/schema\\\/person\\\/e5b68c803196f649c2152249d262d94a\"},\"breadcrumb\":{\"@id\":\"https:\\\/\\\/www.altercampagne.net\\\/?p=22853#breadcrumb\"},\"inLanguage\":\"fr-FR\",\"potentialAction\":[{\"@type\":\"ReadAction\",\"target\":[\"https:\\\/\\\/www.altercampagne.net\\\/?p=22853\"]}]},{\"@type\":\"ImageObject\",\"inLanguage\":\"fr-FR\",\"@id\":\"https:\\\/\\\/www.altercampagne.net\\\/?p=22853#primaryimage\",\"url\":\"https:\\\/\\\/www.altercampagne.net\\\/wp-content\\\/uploads\\\/2021\\\/08\\\/EARL_du_bois-10-scaled-e1627835809503.jpg\",\"contentUrl\":\"https:\\\/\\\/www.altercampagne.net\\\/wp-content\\\/uploads\\\/2021\\\/08\\\/EARL_du_bois-10-scaled-e1627835809503.jpg\",\"width\":1200,\"height\":840},{\"@type\":\"BreadcrumbList\",\"@id\":\"https:\\\/\\\/www.altercampagne.net\\\/?p=22853#breadcrumb\",\"itemListElement\":[{\"@type\":\"ListItem\",\"position\":1,\"name\":\"Accueil\",\"item\":\"https:\\\/\\\/www.altercampagne.net\\\/\"},{\"@type\":\"ListItem\",\"position\":2,\"name\":\"D\u00e9tour par l\u2019or\u00e9e du bois\"}]},{\"@type\":\"WebSite\",\"@id\":\"https:\\\/\\\/www.altercampagne.net\\\/#website\",\"url\":\"https:\\\/\\\/www.altercampagne.net\\\/\",\"name\":\"AlterTour\",\"description\":\"Reliez les Alternatives \u00e0 v\u00e9lo\",\"potentialAction\":[{\"@type\":\"SearchAction\",\"target\":{\"@type\":\"EntryPoint\",\"urlTemplate\":\"https:\\\/\\\/www.altercampagne.net\\\/?s={search_term_string}\"},\"query-input\":{\"@type\":\"PropertyValueSpecification\",\"valueRequired\":true,\"valueName\":\"search_term_string\"}}],\"inLanguage\":\"fr-FR\"},{\"@type\":\"Person\",\"@id\":\"https:\\\/\\\/www.altercampagne.net\\\/#\\\/schema\\\/person\\\/e5b68c803196f649c2152249d262d94a\",\"name\":\"AlterTour\",\"image\":{\"@type\":\"ImageObject\",\"inLanguage\":\"fr-FR\",\"@id\":\"https:\\\/\\\/secure.gravatar.com\\\/avatar\\\/3f2ed77f8506b8ea264ad5938bb0114bfa10f35b64086a66dfbb6e9f58ad9693?s=96&d=mm&r=g\",\"url\":\"https:\\\/\\\/secure.gravatar.com\\\/avatar\\\/3f2ed77f8506b8ea264ad5938bb0114bfa10f35b64086a66dfbb6e9f58ad9693?s=96&d=mm&r=g\",\"contentUrl\":\"https:\\\/\\\/secure.gravatar.com\\\/avatar\\\/3f2ed77f8506b8ea264ad5938bb0114bfa10f35b64086a66dfbb6e9f58ad9693?s=96&d=mm&r=g\",\"caption\":\"AlterTour\"},\"url\":\"https:\\\/\\\/www.altercampagne.net\\\/?author=215\"}]}<\/script>\n<!-- \/ Yoast SEO plugin. -->","yoast_head_json":{"title":"D\u00e9tour par l\u2019or\u00e9e du bois - AlterTour","robots":{"index":"index","follow":"follow","max-snippet":"max-snippet:-1","max-image-preview":"max-image-preview:large","max-video-preview":"max-video-preview:-1"},"canonical":"https:\/\/www.altercampagne.net\/?p=22853","og_locale":"fr_FR","og_type":"article","og_title":"D\u00e9tour par l\u2019or\u00e9e du bois - AlterTour","og_description":"\"\u00c0 la ferme du Bois \u00e0 Lor\u00e9, nous sommes royalement accueillis par Marie-Claire et Philippe sous un grand hangar \u00e0 paille qui deviendra notre nouvelle salle commune pour les prochains jours.\"","og_url":"https:\/\/www.altercampagne.net\/?p=22853","og_site_name":"AlterTour","article_published_time":"2021-07-25T18:49:00+00:00","article_modified_time":"2021-08-24T13:44:20+00:00","og_image":[{"width":1200,"height":840,"url":"https:\/\/www.altercampagne.net\/wp-content\/uploads\/2021\/08\/EARL_du_bois-10-scaled-e1627835809503.jpg","type":"image\/jpeg"}],"author":"AlterTour","twitter_card":"summary_large_image","twitter_misc":{"\u00c9crit par":"AlterTour","Dur\u00e9e de lecture estim\u00e9e":"3 minutes"},"schema":{"@context":"https:\/\/schema.org","@graph":[{"@type":"Article","@id":"https:\/\/www.altercampagne.net\/?p=22853#article","isPartOf":{"@id":"https:\/\/www.altercampagne.net\/?p=22853"},"author":{"name":"AlterTour","@id":"https:\/\/www.altercampagne.net\/#\/schema\/person\/e5b68c803196f649c2152249d262d94a"},"headline":"D\u00e9tour par l\u2019or\u00e9e du bois","datePublished":"2021-07-25T18:49:00+00:00","dateModified":"2021-08-24T13:44:20+00:00","mainEntityOfPage":{"@id":"https:\/\/www.altercampagne.net\/?p=22853"},"wordCount":551,"image":{"@id":"https:\/\/www.altercampagne.net\/?p=22853#primaryimage"},"thumbnailUrl":"https:\/\/www.altercampagne.net\/wp-content\/uploads\/2021\/08\/EARL_du_bois-10-scaled-e1627835809503.jpg","articleSection":["Agriculture","Alimentation","Alter-D-tour","Edition 2021","Normandie"],"inLanguage":"fr-FR"},{"@type":"WebPage","@id":"https:\/\/www.altercampagne.net\/?p=22853","url":"https:\/\/www.altercampagne.net\/?p=22853","name":"D\u00e9tour par l\u2019or\u00e9e du bois - AlterTour","isPartOf":{"@id":"https:\/\/www.altercampagne.net\/#website"},"primaryImageOfPage":{"@id":"https:\/\/www.altercampagne.net\/?p=22853#primaryimage"},"image":{"@id":"https:\/\/www.altercampagne.net\/?p=22853#primaryimage"},"thumbnailUrl":"https:\/\/www.altercampagne.net\/wp-content\/uploads\/2021\/08\/EARL_du_bois-10-scaled-e1627835809503.jpg","datePublished":"2021-07-25T18:49:00+00:00","dateModified":"2021-08-24T13:44:20+00:00","author":{"@id":"https:\/\/www.altercampagne.net\/#\/schema\/person\/e5b68c803196f649c2152249d262d94a"},"breadcrumb":{"@id":"https:\/\/www.altercampagne.net\/?p=22853#breadcrumb"},"inLanguage":"fr-FR","potentialAction":[{"@type":"ReadAction","target":["https:\/\/www.altercampagne.net\/?p=22853"]}]},{"@type":"ImageObject","inLanguage":"fr-FR","@id":"https:\/\/www.altercampagne.net\/?p=22853#primaryimage","url":"https:\/\/www.altercampagne.net\/wp-content\/uploads\/2021\/08\/EARL_du_bois-10-scaled-e1627835809503.jpg","contentUrl":"https:\/\/www.altercampagne.net\/wp-content\/uploads\/2021\/08\/EARL_du_bois-10-scaled-e1627835809503.jpg","width":1200,"height":840},{"@type":"BreadcrumbList","@id":"https:\/\/www.altercampagne.net\/?p=22853#breadcrumb","itemListElement":[{"@type":"ListItem","position":1,"name":"Accueil","item":"https:\/\/www.altercampagne.net\/"},{"@type":"ListItem","position":2,"name":"D\u00e9tour par l\u2019or\u00e9e du bois"}]},{"@type":"WebSite","@id":"https:\/\/www.altercampagne.net\/#website","url":"https:\/\/www.altercampagne.net\/","name":"AlterTour","description":"Reliez les Alternatives \u00e0 v\u00e9lo","potentialAction":[{"@type":"SearchAction","target":{"@type":"EntryPoint","urlTemplate":"https:\/\/www.altercampagne.net\/?s={search_term_string}"},"query-input":{"@type":"PropertyValueSpecification","valueRequired":true,"valueName":"search_term_string"}}],"inLanguage":"fr-FR"},{"@type":"Person","@id":"https:\/\/www.altercampagne.net\/#\/schema\/person\/e5b68c803196f649c2152249d262d94a","name":"AlterTour","image":{"@type":"ImageObject","inLanguage":"fr-FR","@id":"https:\/\/secure.gravatar.com\/avatar\/3f2ed77f8506b8ea264ad5938bb0114bfa10f35b64086a66dfbb6e9f58ad9693?s=96&d=mm&r=g","url":"https:\/\/secure.gravatar.com\/avatar\/3f2ed77f8506b8ea264ad5938bb0114bfa10f35b64086a66dfbb6e9f58ad9693?s=96&d=mm&r=g","contentUrl":"https:\/\/secure.gravatar.com\/avatar\/3f2ed77f8506b8ea264ad5938bb0114bfa10f35b64086a66dfbb6e9f58ad9693?s=96&d=mm&r=g","caption":"AlterTour"},"url":"https:\/\/www.altercampagne.net\/?author=215"}]}},"_links":{"self":[{"href":"https:\/\/www.altercampagne.net\/index.php?rest_route=\/wp\/v2\/posts\/22853","targetHints":{"allow":["GET"]}}],"collection":[{"href":"https:\/\/www.altercampagne.net\/index.php?rest_route=\/wp\/v2\/posts"}],"about":[{"href":"https:\/\/www.altercampagne.net\/index.php?rest_route=\/wp\/v2\/types\/post"}],"author":[{"embeddable":true,"href":"https:\/\/www.altercampagne.net\/index.php?rest_route=\/wp\/v2\/users\/215"}],"replies":[{"embeddable":true,"href":"https:\/\/www.altercampagne.net\/index.php?rest_route=%2Fwp%2Fv2%2Fcomments&post=22853"}],"version-history":[{"count":2,"href":"https:\/\/www.altercampagne.net\/index.php?rest_route=\/wp\/v2\/posts\/22853\/revisions"}],"predecessor-version":[{"id":23034,"href":"https:\/\/www.altercampagne.net\/index.php?rest_route=\/wp\/v2\/posts\/22853\/revisions\/23034"}],"wp:featuredmedia":[{"embeddable":true,"href":"https:\/\/www.altercampagne.net\/index.php?rest_route=\/wp\/v2\/media\/22854"}],"wp:attachment":[{"href":"https:\/\/www.altercampagne.net\/index.php?rest_route=%2Fwp%2Fv2%2Fmedia&parent=22853"}],"wp:term":[{"taxonomy":"category","embeddable":true,"href":"https:\/\/www.altercampagne.net\/index.php?rest_route=%2Fwp%2Fv2%2Fcategories&post=22853"},{"taxonomy":"post_tag","embeddable":true,"href":"https:\/\/www.altercampagne.net\/index.php?rest_route=%2Fwp%2Fv2%2Ftags&post=22853"}],"curies":[{"name":"wp","href":"https:\/\/api.w.org\/{rel}","templated":true}]}}