{"id":22879,"date":"2021-07-27T12:47:00","date_gmt":"2021-07-27T10:47:00","guid":{"rendered":"https:\/\/www.altercampagne.net\/?p=22879"},"modified":"2021-08-03T13:24:16","modified_gmt":"2021-08-03T11:24:16","slug":"journal-de-bord-de-la-journee-du-mardi-27-juillet-2021","status":"publish","type":"post","link":"https:\/\/www.altercampagne.net\/?p=22879","title":{"rendered":"Journal de bord de la journ\u00e9e du mardi 27 juillet 2021"},"content":{"rendered":"\n<p><strong>Cher journal,<\/strong><\/p>\n\n\n\n<p>Tout va bien ici \u00e0 la <a href=\"https:\/\/www.ecofarmlab.org\/\" target=\"_blank\" rel=\"noreferrer noopener\"><strong>Barberie<\/strong><\/a> ! Aujourd&rsquo;hui on s&rsquo;est franchement bien amus\u00e9.e.s !<\/p>\n\n\n\n<p><strong>4h<\/strong> du matin (nuit du 26) : j&rsquo;ai r\u00eav\u00e9 que nous dormions dans le champ des poules et que les altercyclistes \u00e9taient des alterpoules !<\/p>\n\n\n\n<p>Que d&rsquo;\u00e9motions en regardant l&rsquo;Iveco qui s&rsquo;\u00e9tait transform\u00e9 en poulotte pleine d&rsquo;\u0153ufs frais&#8230; Il y avait m\u00eame un coin douche et des toilettes s\u00e8ches \u00e0 chaque coin du champ! Et je ne parle m\u00eame pas de la queue pour manger le compost comme au service du midi&#8230; On apercevait aussi les \u00e9chapp\u00e9es belles au fond du champ !<\/p>\n\n\n\n<p><strong>8h<\/strong> Un r\u00e9veil sur un air de fr\u00e8res Jacques me sort de ce songe fou :<\/p>\n\n\n\n<p><em>\u00ab\u00a0Altercycliste l\u00e8ve toi, altercycliste l\u00e8ve toi, une belle journ\u00e9e t&rsquo;attend\u00a0\u00bb<\/em><\/p>\n\n\n\n<p><strong>10h<\/strong> Ca commence par des ateliers de cuisine pour le d\u00e9jeuner<\/p>\n\n\n\n<p><strong>Le riz anim\u00e9 de Philippe :<\/strong><\/p>\n\n\n\n<p><em>\u00ab\u00a0Imaginons que nous soyions des grains de riz.<\/em><\/p>\n\n\n\n<p><em>1. Une trempette rin\u00e7age dans l&rsquo;eau froide<\/em><\/p>\n\n\n\n<p><em>2. On se chauffe a sec avec un peu d&rsquo;huile ou une mati\u00e8re grasse pour les gourmand.e.s<\/em><\/p>\n\n\n\n<p><em>3. Puis on se mouille avec de l&rsquo;eau chaude<\/em><\/p>\n\n\n\n<p><em>4. Pour la cuisson, dans l&rsquo;eau bouillante mais sans nous stresser pas de remuage cela favorise la perte d&rsquo;amidon et \u00e9viter de se retrouver tou.te.s agglutin\u00e9.e.s<\/em><\/p>\n\n\n\n<p><em>5. On continue la cuisson \u00e0 l&rsquo;etuv\u00e9e hors du feu avec le couvercle pendant 15 minutes a 1 heure<\/em><\/p>\n\n\n\n<p><em>6. On s&rsquo;\u00e9graine avec du gras (le gras c&rsquo;est la vie)\u00a0\u00bb<\/em><\/p>\n\n\n\n<p>La pens\u00e9e de Philippe que nous retiendrons :<strong> la juste mesure, la transmission de valeurs familiales de bon sens et croire en ses r\u00eaves pour poursuivre une vie en harmonie avec la nature et les d\u00e9lices qu&rsquo;elle propose.<\/strong><\/p>\n\n\n\n<p><strong>13h15<\/strong> J&rsquo;ai trop mang\u00e9 pour une journ\u00e9e sans rouler (sauf dans mon duvet \u00e0 la sieste \ud83d\ude42<\/p>\n\n\n\n<p><strong>14h<\/strong> C&rsquo;est reparti pour la cuisine du repas du soir avec les <strong>rocket stove<\/strong>, par \u00e9tapes de cuisson :<\/p>\n\n\n\n<p>1. Les l\u00e9gumes bulbes<\/p>\n\n\n\n<p>2. Les l\u00e9gumes racines<\/p>\n\n\n\n<p>3. Les l\u00e9gumes fruits<\/p>\n\n\n\n<p>4. Les l\u00e9gumes feuilles<\/p>\n\n\n\n<p>Plus de 300 boulettes azbanes pour les alterestomacs \u00e0 combler !<\/p>\n\n\n\n<p><strong>15h<\/strong> Les alterbricolos se lancent dans un atelier de <strong>construction d&rsquo;un mur en ossature bois avec remplissage en terre\/paille<\/strong> : la veille, la paille avait \u00e9t\u00e9 m\u00e9lang\u00e9e avec de la glaise. Nous avons ins\u00e9r\u00e9 ce m\u00e9lange entre deux planches et l&rsquo;apr\u00e8s-midi m\u00eame le m\u00e9lange \u00e9tait sec ! Il s&rsquo;agit de donner de la consistance au mur ainsi que de l&rsquo;isoler. Pendant ce temps un autre groupe appliquait une couche d&rsquo;enduit sur une autre mur en bottes de paille qui avait \u00e9t\u00e9 fait pr\u00e9c\u00e9demment.<\/p>\n\n\n\n<p><strong>17h<\/strong> Moment privil\u00e9gi\u00e9, j&rsquo;ai assist\u00e9 \u00e0 la sortie du four a pain de la <strong>teurgoule<\/strong> (dessert typique Normand pour profiter du four chaud apr\u00e8s la cuisson du pain) : une sorte de riz au lait cr\u00e9meux \u00e0 souhait&#8230;<\/p>\n\n\n\n<p>Activit\u00e9s r\u00e9flexions autour d&rsquo;une vie bas carbone :<strong><em> \u00ab\u00a0inventons nos vie bas carbone\u00a0\u00bb<\/em><\/strong>, on peut appliquer la <strong>m\u00e9thode BISOU<\/strong> pour r\u00e9duire notre consommation :<\/p>\n\n\n\n<p><strong>B<\/strong> : en ai-je vraiment <strong>b<\/strong>esoin?<\/p>\n\n\n\n<p><strong>I<\/strong> : <strong>i<\/strong>mm\u00e9diatement ?<\/p>\n\n\n\n<p><strong>S<\/strong> : existe-t-il un <strong>s<\/strong>ubstitut ? Emprunt, location, achat seconde main?<\/p>\n\n\n\n<p><strong>O<\/strong> : quelle est l&rsquo;<strong>o<\/strong>rigine ? Par qui, ou et comment cet objet est fabriqu\u00e9 ?<\/p>\n\n\n\n<p><strong>U<\/strong> : comment, combien de temps me sera-t-il <strong>u<\/strong>tile?<\/p>\n\n\n\n<p>Allez faire le jeu de notre consommation carbone en suivant<a href=\"https:\/\/www.resistanceclimatique.org\/inventons_nos_vies_bas_carbone\" target=\"_blank\" rel=\"noreferrer noopener\"> <strong>ce lien<\/strong><\/a>.<\/p>\n\n\n\n<figure class=\"wp-block-image size-large\"><a href=\"https:\/\/www.altercampagne.net\/wp-content\/uploads\/2021\/08\/Barberie-atelier-scaled.jpg\"><img loading=\"lazy\" decoding=\"async\" width=\"1024\" height=\"670\" src=\"https:\/\/www.altercampagne.net\/wp-content\/uploads\/2021\/08\/Barberie-atelier-1024x670.jpg\" alt=\"\" class=\"wp-image-22883\" srcset=\"https:\/\/www.altercampagne.net\/wp-content\/uploads\/2021\/08\/Barberie-atelier-1024x670.jpg 1024w, https:\/\/www.altercampagne.net\/wp-content\/uploads\/2021\/08\/Barberie-atelier-300x196.jpg 300w, https:\/\/www.altercampagne.net\/wp-content\/uploads\/2021\/08\/Barberie-atelier-768x503.jpg 768w, https:\/\/www.altercampagne.net\/wp-content\/uploads\/2021\/08\/Barberie-atelier-1536x1005.jpg 1536w, https:\/\/www.altercampagne.net\/wp-content\/uploads\/2021\/08\/Barberie-atelier-2048x1340.jpg 2048w, https:\/\/www.altercampagne.net\/wp-content\/uploads\/2021\/08\/Barberie-atelier-610x399.jpg 610w, https:\/\/www.altercampagne.net\/wp-content\/uploads\/2021\/08\/Barberie-atelier-100x65.jpg 100w, https:\/\/www.altercampagne.net\/wp-content\/uploads\/2021\/08\/Barberie-atelier-862x564.jpg 862w, https:\/\/www.altercampagne.net\/wp-content\/uploads\/2021\/08\/Barberie-atelier-1140x746.jpg 1140w\" sizes=\"auto, (max-width: 1024px) 100vw, 1024px\" \/><\/a><\/figure>\n\n\n\n<p> <br><strong>18h<\/strong> Pr\u00e9sentation du collectif<strong> <a href=\"https:\/\/www.collectiflespiedsdansleplat.org\/\" target=\"_blank\" rel=\"noreferrer noopener\">les pieds dans le plat<\/a> <\/strong>: <strong>transmettre le go\u00fbt d&rsquo;une cuisine \u00e9cologiquement saine<\/strong> via les cuisines collectives.<\/p>\n\n\n\n<p><strong>19h <\/strong>Discussions avec l&rsquo;<strong><a href=\"https:\/\/www.herbalou.fr\/\" target=\"_blank\" rel=\"noreferrer noopener\">artisane semenci\u00e8re<\/a><\/strong> en se questionnant sur la <strong>provenance des graines<\/strong> et leur production. Car oui avant de pouvoir r\u00e9alise toutes les recettes apprises aujourd&rsquo;hui, il faut bien comprendre comment on obtient de si bons l\u00e9gumes et fruits !<\/p>\n\n\n\n<p><strong>21h<\/strong> J&rsquo;ai encore trop bien mang\u00e9 ! D&rsquo;ailleurs bien trop&#8230;<\/p>\n\n\n\n<p><strong>22h<\/strong> Soir\u00e9e chant au coin du feu en buvant le d\u00e9licieux <strong>cidre de Philippe<\/strong> et la bonne bi\u00e8re de la brasserie locale Quibou (avec notre amie Mod\u00e9ration).<\/p>\n\n\n\n<p>J&rsquo;ai appris pleins de belles chansons accompagn\u00e9e par des ch\u0153urs et une guitare comme <em>\u00ab\u00a0ol\u00e9l\u00e9 olala pegano ganz\u00e9 pegano ganza\u00a0\u00bb<\/em> (chanson br\u00e9silienne), <em>\u00ab\u00a0na\u00eetre et mourir pour la paix\u00a0\u00bb<\/em> (les meilleurs reconna\u00eetront !), <em>\u00ab\u00a0Mener la vache au taureau<\/em>\u00ab\u00a0, en finissant par une belle berceuse en canon au coin du brasier&#8230;<\/p>\n\n\n\n<p><strong>1h<\/strong> Nous \u00e9crivons ce journal de bord en regardant les \u00e9toiles et \u00e9coutant les derniers musiciens de la soir\u00e9e ! Eh oui ce soir le ciel normand est bien d\u00e9couvert sans nuages. Encore une soir\u00e9e nostalgique o\u00f9 ne nous voulons pas laisser partir nos copain.ine.s qui quittent l&rsquo;AlterTour demain matin !<\/p>\n\n\n\n<p>Bon, je n&rsquo;\u00e9crirai pas les derni\u00e8res chansons invent\u00e9es \u00e0 cette heure ci sur les inavouables de l&rsquo;altertour &#8230;<\/p>\n\n\n\n<p>Pour r\u00e9sumer : une <strong>journ\u00e9e sensorielle riche en saveurs<\/strong> chez nos h\u00f4tes \u00e9picuriens ! Rendez leur visite, pour un jour ou pour toujours !&nbsp;<\/p>\n\n\n\n<p>Bonne nuit&#8230;ou bonne journ\u00e9e !<\/p>\n\n\n\n<p class=\"has-text-align-right\"><em>Ma\u00eflys<\/em><\/p>\n\n\n\n<p class=\"has-text-align-right\"><em>\u00a9 Orianne Drouet<\/em><\/p>\n","protected":false},"excerpt":{"rendered":"<p>Cher journal, tout va bien ici \u00e0 la Barberie ! Aujourd&rsquo;hui on s&rsquo;est franchement bien amus\u00e9.e.s !<\/p>\n","protected":false},"author":215,"featured_media":22886,"comment_status":"closed","ping_status":"closed","sticky":false,"template":"","format":"standard","meta":{"footnotes":""},"categories":[4313,4198,3478,1,3540],"tags":[],"class_list":["post-22879","post","type-post","status-publish","format-standard","has-post-thumbnail","hentry","category-altertour","category-edition-2021","category-normandie","category-non-classe","category-transverse"],"yoast_head":"<!-- This site is optimized with the Yoast SEO plugin v27.3 - https:\/\/yoast.com\/product\/yoast-seo-wordpress\/ -->\n<title>Journal de bord de la journ\u00e9e du mardi 27 juillet 2021 - AlterTour<\/title>\n<meta name=\"robots\" content=\"index, follow, max-snippet:-1, max-image-preview:large, max-video-preview:-1\" \/>\n<link rel=\"canonical\" href=\"https:\/\/www.altercampagne.net\/?p=22879\" \/>\n<meta property=\"og:locale\" content=\"fr_FR\" \/>\n<meta property=\"og:type\" content=\"article\" \/>\n<meta property=\"og:title\" content=\"Journal de bord de la journ\u00e9e du mardi 27 juillet 2021 - AlterTour\" \/>\n<meta property=\"og:description\" content=\"Cher journal, tout va bien ici \u00e0 la Barberie ! Aujourd&#039;hui on s&#039;est franchement bien amus\u00e9.e.s !\" \/>\n<meta property=\"og:url\" content=\"https:\/\/www.altercampagne.net\/?p=22879\" \/>\n<meta property=\"og:site_name\" content=\"AlterTour\" \/>\n<meta property=\"article:published_time\" content=\"2021-07-27T10:47:00+00:00\" \/>\n<meta property=\"article:modified_time\" content=\"2021-08-03T11:24:16+00:00\" \/>\n<meta property=\"og:image\" content=\"https:\/\/www.altercampagne.net\/wp-content\/uploads\/2021\/08\/Barberie-feu-scaled.jpg\" \/>\n\t<meta property=\"og:image:width\" content=\"2560\" \/>\n\t<meta property=\"og:image:height\" content=\"1708\" \/>\n\t<meta property=\"og:image:type\" content=\"image\/jpeg\" \/>\n<meta name=\"author\" content=\"AlterTour\" \/>\n<meta name=\"twitter:card\" content=\"summary_large_image\" \/>\n<meta name=\"twitter:label1\" content=\"\u00c9crit par\" \/>\n\t<meta name=\"twitter:data1\" content=\"AlterTour\" \/>\n\t<meta name=\"twitter:label2\" content=\"Dur\u00e9e de lecture estim\u00e9e\" \/>\n\t<meta name=\"twitter:data2\" content=\"4 minutes\" \/>\n<script type=\"application\/ld+json\" class=\"yoast-schema-graph\">{\"@context\":\"https:\\\/\\\/schema.org\",\"@graph\":[{\"@type\":\"Article\",\"@id\":\"https:\\\/\\\/www.altercampagne.net\\\/?p=22879#article\",\"isPartOf\":{\"@id\":\"https:\\\/\\\/www.altercampagne.net\\\/?p=22879\"},\"author\":{\"name\":\"AlterTour\",\"@id\":\"https:\\\/\\\/www.altercampagne.net\\\/#\\\/schema\\\/person\\\/e5b68c803196f649c2152249d262d94a\"},\"headline\":\"Journal de bord de la journ\u00e9e du mardi 27 juillet 2021\",\"datePublished\":\"2021-07-27T10:47:00+00:00\",\"dateModified\":\"2021-08-03T11:24:16+00:00\",\"mainEntityOfPage\":{\"@id\":\"https:\\\/\\\/www.altercampagne.net\\\/?p=22879\"},\"wordCount\":858,\"image\":{\"@id\":\"https:\\\/\\\/www.altercampagne.net\\\/?p=22879#primaryimage\"},\"thumbnailUrl\":\"https:\\\/\\\/www.altercampagne.net\\\/wp-content\\\/uploads\\\/2021\\\/08\\\/Barberie-feu-scaled.jpg\",\"articleSection\":{\"0\":\"AlterTour\",\"1\":\"Edition 2021\",\"2\":\"Normandie\",\"4\":\"Transverse\"},\"inLanguage\":\"fr-FR\"},{\"@type\":\"WebPage\",\"@id\":\"https:\\\/\\\/www.altercampagne.net\\\/?p=22879\",\"url\":\"https:\\\/\\\/www.altercampagne.net\\\/?p=22879\",\"name\":\"Journal de bord de la journ\u00e9e du mardi 27 juillet 2021 - AlterTour\",\"isPartOf\":{\"@id\":\"https:\\\/\\\/www.altercampagne.net\\\/#website\"},\"primaryImageOfPage\":{\"@id\":\"https:\\\/\\\/www.altercampagne.net\\\/?p=22879#primaryimage\"},\"image\":{\"@id\":\"https:\\\/\\\/www.altercampagne.net\\\/?p=22879#primaryimage\"},\"thumbnailUrl\":\"https:\\\/\\\/www.altercampagne.net\\\/wp-content\\\/uploads\\\/2021\\\/08\\\/Barberie-feu-scaled.jpg\",\"datePublished\":\"2021-07-27T10:47:00+00:00\",\"dateModified\":\"2021-08-03T11:24:16+00:00\",\"author\":{\"@id\":\"https:\\\/\\\/www.altercampagne.net\\\/#\\\/schema\\\/person\\\/e5b68c803196f649c2152249d262d94a\"},\"breadcrumb\":{\"@id\":\"https:\\\/\\\/www.altercampagne.net\\\/?p=22879#breadcrumb\"},\"inLanguage\":\"fr-FR\",\"potentialAction\":[{\"@type\":\"ReadAction\",\"target\":[\"https:\\\/\\\/www.altercampagne.net\\\/?p=22879\"]}]},{\"@type\":\"ImageObject\",\"inLanguage\":\"fr-FR\",\"@id\":\"https:\\\/\\\/www.altercampagne.net\\\/?p=22879#primaryimage\",\"url\":\"https:\\\/\\\/www.altercampagne.net\\\/wp-content\\\/uploads\\\/2021\\\/08\\\/Barberie-feu-scaled.jpg\",\"contentUrl\":\"https:\\\/\\\/www.altercampagne.net\\\/wp-content\\\/uploads\\\/2021\\\/08\\\/Barberie-feu-scaled.jpg\",\"width\":2560,\"height\":1708},{\"@type\":\"BreadcrumbList\",\"@id\":\"https:\\\/\\\/www.altercampagne.net\\\/?p=22879#breadcrumb\",\"itemListElement\":[{\"@type\":\"ListItem\",\"position\":1,\"name\":\"Accueil\",\"item\":\"https:\\\/\\\/www.altercampagne.net\\\/\"},{\"@type\":\"ListItem\",\"position\":2,\"name\":\"Journal de bord de la journ\u00e9e du mardi 27 juillet 2021\"}]},{\"@type\":\"WebSite\",\"@id\":\"https:\\\/\\\/www.altercampagne.net\\\/#website\",\"url\":\"https:\\\/\\\/www.altercampagne.net\\\/\",\"name\":\"AlterTour\",\"description\":\"Reliez les Alternatives \u00e0 v\u00e9lo\",\"potentialAction\":[{\"@type\":\"SearchAction\",\"target\":{\"@type\":\"EntryPoint\",\"urlTemplate\":\"https:\\\/\\\/www.altercampagne.net\\\/?s={search_term_string}\"},\"query-input\":{\"@type\":\"PropertyValueSpecification\",\"valueRequired\":true,\"valueName\":\"search_term_string\"}}],\"inLanguage\":\"fr-FR\"},{\"@type\":\"Person\",\"@id\":\"https:\\\/\\\/www.altercampagne.net\\\/#\\\/schema\\\/person\\\/e5b68c803196f649c2152249d262d94a\",\"name\":\"AlterTour\",\"image\":{\"@type\":\"ImageObject\",\"inLanguage\":\"fr-FR\",\"@id\":\"https:\\\/\\\/secure.gravatar.com\\\/avatar\\\/3f2ed77f8506b8ea264ad5938bb0114bfa10f35b64086a66dfbb6e9f58ad9693?s=96&d=mm&r=g\",\"url\":\"https:\\\/\\\/secure.gravatar.com\\\/avatar\\\/3f2ed77f8506b8ea264ad5938bb0114bfa10f35b64086a66dfbb6e9f58ad9693?s=96&d=mm&r=g\",\"contentUrl\":\"https:\\\/\\\/secure.gravatar.com\\\/avatar\\\/3f2ed77f8506b8ea264ad5938bb0114bfa10f35b64086a66dfbb6e9f58ad9693?s=96&d=mm&r=g\",\"caption\":\"AlterTour\"},\"url\":\"https:\\\/\\\/www.altercampagne.net\\\/?author=215\"}]}<\/script>\n<!-- \/ Yoast SEO plugin. -->","yoast_head_json":{"title":"Journal de bord de la journ\u00e9e du mardi 27 juillet 2021 - AlterTour","robots":{"index":"index","follow":"follow","max-snippet":"max-snippet:-1","max-image-preview":"max-image-preview:large","max-video-preview":"max-video-preview:-1"},"canonical":"https:\/\/www.altercampagne.net\/?p=22879","og_locale":"fr_FR","og_type":"article","og_title":"Journal de bord de la journ\u00e9e du mardi 27 juillet 2021 - AlterTour","og_description":"Cher journal, tout va bien ici \u00e0 la Barberie ! Aujourd'hui on s'est franchement bien amus\u00e9.e.s !","og_url":"https:\/\/www.altercampagne.net\/?p=22879","og_site_name":"AlterTour","article_published_time":"2021-07-27T10:47:00+00:00","article_modified_time":"2021-08-03T11:24:16+00:00","og_image":[{"width":2560,"height":1708,"url":"https:\/\/www.altercampagne.net\/wp-content\/uploads\/2021\/08\/Barberie-feu-scaled.jpg","type":"image\/jpeg"}],"author":"AlterTour","twitter_card":"summary_large_image","twitter_misc":{"\u00c9crit par":"AlterTour","Dur\u00e9e de lecture estim\u00e9e":"4 minutes"},"schema":{"@context":"https:\/\/schema.org","@graph":[{"@type":"Article","@id":"https:\/\/www.altercampagne.net\/?p=22879#article","isPartOf":{"@id":"https:\/\/www.altercampagne.net\/?p=22879"},"author":{"name":"AlterTour","@id":"https:\/\/www.altercampagne.net\/#\/schema\/person\/e5b68c803196f649c2152249d262d94a"},"headline":"Journal de bord de la journ\u00e9e du mardi 27 juillet 2021","datePublished":"2021-07-27T10:47:00+00:00","dateModified":"2021-08-03T11:24:16+00:00","mainEntityOfPage":{"@id":"https:\/\/www.altercampagne.net\/?p=22879"},"wordCount":858,"image":{"@id":"https:\/\/www.altercampagne.net\/?p=22879#primaryimage"},"thumbnailUrl":"https:\/\/www.altercampagne.net\/wp-content\/uploads\/2021\/08\/Barberie-feu-scaled.jpg","articleSection":{"0":"AlterTour","1":"Edition 2021","2":"Normandie","4":"Transverse"},"inLanguage":"fr-FR"},{"@type":"WebPage","@id":"https:\/\/www.altercampagne.net\/?p=22879","url":"https:\/\/www.altercampagne.net\/?p=22879","name":"Journal de bord de la journ\u00e9e du mardi 27 juillet 2021 - AlterTour","isPartOf":{"@id":"https:\/\/www.altercampagne.net\/#website"},"primaryImageOfPage":{"@id":"https:\/\/www.altercampagne.net\/?p=22879#primaryimage"},"image":{"@id":"https:\/\/www.altercampagne.net\/?p=22879#primaryimage"},"thumbnailUrl":"https:\/\/www.altercampagne.net\/wp-content\/uploads\/2021\/08\/Barberie-feu-scaled.jpg","datePublished":"2021-07-27T10:47:00+00:00","dateModified":"2021-08-03T11:24:16+00:00","author":{"@id":"https:\/\/www.altercampagne.net\/#\/schema\/person\/e5b68c803196f649c2152249d262d94a"},"breadcrumb":{"@id":"https:\/\/www.altercampagne.net\/?p=22879#breadcrumb"},"inLanguage":"fr-FR","potentialAction":[{"@type":"ReadAction","target":["https:\/\/www.altercampagne.net\/?p=22879"]}]},{"@type":"ImageObject","inLanguage":"fr-FR","@id":"https:\/\/www.altercampagne.net\/?p=22879#primaryimage","url":"https:\/\/www.altercampagne.net\/wp-content\/uploads\/2021\/08\/Barberie-feu-scaled.jpg","contentUrl":"https:\/\/www.altercampagne.net\/wp-content\/uploads\/2021\/08\/Barberie-feu-scaled.jpg","width":2560,"height":1708},{"@type":"BreadcrumbList","@id":"https:\/\/www.altercampagne.net\/?p=22879#breadcrumb","itemListElement":[{"@type":"ListItem","position":1,"name":"Accueil","item":"https:\/\/www.altercampagne.net\/"},{"@type":"ListItem","position":2,"name":"Journal de bord de la journ\u00e9e du mardi 27 juillet 2021"}]},{"@type":"WebSite","@id":"https:\/\/www.altercampagne.net\/#website","url":"https:\/\/www.altercampagne.net\/","name":"AlterTour","description":"Reliez les Alternatives \u00e0 v\u00e9lo","potentialAction":[{"@type":"SearchAction","target":{"@type":"EntryPoint","urlTemplate":"https:\/\/www.altercampagne.net\/?s={search_term_string}"},"query-input":{"@type":"PropertyValueSpecification","valueRequired":true,"valueName":"search_term_string"}}],"inLanguage":"fr-FR"},{"@type":"Person","@id":"https:\/\/www.altercampagne.net\/#\/schema\/person\/e5b68c803196f649c2152249d262d94a","name":"AlterTour","image":{"@type":"ImageObject","inLanguage":"fr-FR","@id":"https:\/\/secure.gravatar.com\/avatar\/3f2ed77f8506b8ea264ad5938bb0114bfa10f35b64086a66dfbb6e9f58ad9693?s=96&d=mm&r=g","url":"https:\/\/secure.gravatar.com\/avatar\/3f2ed77f8506b8ea264ad5938bb0114bfa10f35b64086a66dfbb6e9f58ad9693?s=96&d=mm&r=g","contentUrl":"https:\/\/secure.gravatar.com\/avatar\/3f2ed77f8506b8ea264ad5938bb0114bfa10f35b64086a66dfbb6e9f58ad9693?s=96&d=mm&r=g","caption":"AlterTour"},"url":"https:\/\/www.altercampagne.net\/?author=215"}]}},"_links":{"self":[{"href":"https:\/\/www.altercampagne.net\/index.php?rest_route=\/wp\/v2\/posts\/22879","targetHints":{"allow":["GET"]}}],"collection":[{"href":"https:\/\/www.altercampagne.net\/index.php?rest_route=\/wp\/v2\/posts"}],"about":[{"href":"https:\/\/www.altercampagne.net\/index.php?rest_route=\/wp\/v2\/types\/post"}],"author":[{"embeddable":true,"href":"https:\/\/www.altercampagne.net\/index.php?rest_route=\/wp\/v2\/users\/215"}],"replies":[{"embeddable":true,"href":"https:\/\/www.altercampagne.net\/index.php?rest_route=%2Fwp%2Fv2%2Fcomments&post=22879"}],"version-history":[{"count":5,"href":"https:\/\/www.altercampagne.net\/index.php?rest_route=\/wp\/v2\/posts\/22879\/revisions"}],"predecessor-version":[{"id":22900,"href":"https:\/\/www.altercampagne.net\/index.php?rest_route=\/wp\/v2\/posts\/22879\/revisions\/22900"}],"wp:featuredmedia":[{"embeddable":true,"href":"https:\/\/www.altercampagne.net\/index.php?rest_route=\/wp\/v2\/media\/22886"}],"wp:attachment":[{"href":"https:\/\/www.altercampagne.net\/index.php?rest_route=%2Fwp%2Fv2%2Fmedia&parent=22879"}],"wp:term":[{"taxonomy":"category","embeddable":true,"href":"https:\/\/www.altercampagne.net\/index.php?rest_route=%2Fwp%2Fv2%2Fcategories&post=22879"},{"taxonomy":"post_tag","embeddable":true,"href":"https:\/\/www.altercampagne.net\/index.php?rest_route=%2Fwp%2Fv2%2Ftags&post=22879"}],"curies":[{"name":"wp","href":"https:\/\/api.w.org\/{rel}","templated":true}]}}