{"id":22888,"date":"2021-07-30T12:57:00","date_gmt":"2021-07-30T10:57:00","guid":{"rendered":"https:\/\/www.altercampagne.net\/?p=22888"},"modified":"2021-08-03T13:15:16","modified_gmt":"2021-08-03T11:15:16","slug":"a-la-ferme-du-vastel-on-capitalise-sur-le-calva","status":"publish","type":"post","link":"https:\/\/www.altercampagne.net\/?p=22888","title":{"rendered":"A la ferme du Vastel, on capitalise sur le Calva"},"content":{"rendered":"\n<h4 class=\"wp-block-heading\">Pour faire du cidre il faut des pommes&nbsp;!<\/h4>\n\n\n\n<p>Et pas que\u00a0! Avec les pommes de la <strong><a href=\"https:\/\/www.lafermeduvastel.net\/\" target=\"_blank\" rel=\"noreferrer noopener\">ferme du Vastel<\/a>,<\/strong> \u00e0 Theurtheville-bocage, on fait du jus, du cidre, du pommeau, du calva\u2026<\/p>\n\n\n\n<p>Sluuurp&nbsp;! On sirote, on boit goulument, on savoure, on hume, \u00e7a sent bon&nbsp;!<\/p>\n\n\n\n<p><strong>Christophe, le chef d\u2019orchestre de la ferme cidricole<\/strong> est install\u00e9 ici depuis 2007 et <strong>il cultive des \u00ab\u00a0pommes \u00e0 cidre\u00a0\u00bb<\/strong> sur 50 ha. Il s\u2019est install\u00e9 progressivement en gardant un emploi \u00e0 mi-temps en \u00e9ducation \u00e0 l\u2019environnement dans un premier temps et il est aujourd\u2019hui content de pouvoir<strong> vivre enti\u00e8rement de la vente de ses produits<\/strong>. A la ferme du Vastel, il a opt\u00e9 pour un <strong>endettement minimum<\/strong>, les terres sont en location, ainsi que les machines (tracteur), permettant ainsi de pouvoir changer d\u2019envie et de <strong>faciliter la reprise de l\u2019exploitation<\/strong>.<\/p>\n\n\n\n<p>Sous les pommiers, oies et moutons s\u2019occupent de la fauche, au moins en partie. Chez Christophe, on <strong>r\u00e9fl\u00e9chit sa consommation de p\u00e9trole<\/strong>, alors les fa\u00e7ons de faire sont en constante \u00e9volution et r\u00e9flexion. Les id\u00e9aux romantiques des d\u00e9buts se heurtent parfois \u00e0 l\u2019imp\u00e9ratif d\u2019efficacit\u00e9, de rentabilit\u00e9, de confort et c\u2019est ce qui l\u2019a fait pr\u00e9f\u00e9rer les cuves en inox aux tonneaux en bois notamment. Ici le vieux pressoir est illumin\u00e9\u00a0 de guirlandes, domin\u00e9 par une boule \u00e0 facette\u00a0! Une fabuleuse piste de danse pour d\u00e9chainer nos corps harass\u00e9s de v\u00e9lo et abreuv\u00e9s de soleil normand (ceux qui savent savent &#x1f643;\u00a0)\u00a0!<\/p>\n\n\n\n<p>Il fait bon vivre ici\u00a0! <strong>Peu de m\u00e9canisation et beaucoup d\u2019huile de coude\u00a0!<\/strong><em>\u00a0\u00ab\u00a0Ma force c\u2019est d\u2019avoir des potes\u00a0!\u00a0\u00bb\u00a0<\/em>d\u00e9clare Christophe avec \u00e9nergie\u00a0!<\/p>\n\n\n\n<h4 class=\"wp-block-heading\">Le Cotentin, une terre nucl\u00e9aire<\/h4>\n\n\n\n<p>Et en parlant d\u2019\u00e9nergie, nous avons eu le plaisir d\u2019en parler et d\u2019en d\u00e9battre avec plusieurs <strong>collectifs anti-nucl\u00e9aire<\/strong> du coin (Le GAMA et le CRILAN).<\/p>\n\n\n\n<p>Car le <strong>Cotentin est une terre \u00ab\u00a0nucl\u00e9aire\u00a0\u00bb<\/strong> si l\u2019on peut dire ainsi, o\u00f9 beaucoup d\u2019enjeux sont concentr\u00e9s, avec le <strong>site de la Hague<\/strong>, centre de retraitement de combustibles us\u00e9s pour l\u2019extraction de plutonium, le centre de stockage, le <strong>r\u00e9acteur de Flamanville <\/strong>et le <strong>\u00ab\u00a0nouveau\u00a0\u00bb projet d\u2019EPR <\/strong>(Europan Pressurized Reactor). De nombreux militants anti-nucl\u00e9aire se mobilisent ici et le CRILAN a pu nous partager sa connaissance tr\u00e8s technique du sujet et faire \u00e9merger de nombreux d\u00e9bats, questionnements sur cette th\u00e9matique clivante, politique, \u00e9conomique, citoyenne\u2026<\/p>\n\n\n\n<p>La question est d\u2019ampleur et on ne saurait y r\u00e9pondre d\u2019une mani\u00e8re binaire.<\/p>\n\n\n\n<p><em><strong>Que voulons-nous faire, pour nous, demain, comme choix <\/strong>d\u2019\u00e9nergie\u00a0? De consommation\u00a0? De mani\u00e8re de vivre\u00a0? De valeurs\u00a0? Que sommes pr\u00eat \u00e0 d\u00e9penser\u00a0? Avons-nous confiance en une solution technologique hypoth\u00e9tique future ? Quelles prises de risques (environnementaux, sanitaires, \u00e9conomiques, \u00e9nerg\u00e9tiques..) acceptons-nous de prendre et sommes-nous vraiment ma\u00eetres de ces choix\u00a0? Le d\u00e9bat est ouvert\u00a0! MERCI \u00e0 tous, militants, accueillants, altercyclistes, amis de passage, oiseaux \u00e9gar\u00e9s, et faites que la danse remplace le nucl\u00e9aire\u00a0!\u00a0\ud83d\ude42<\/em><\/p>\n\n\n\n<p class=\"has-text-align-right\"><em>Julie<\/em><\/p>\n\n\n\n<p class=\"has-text-align-right\"><em>\u00a9 Orianne Drouet<\/em><\/p>\n","protected":false},"excerpt":{"rendered":"<p>Pour faire du cidre il faut des pommes !<br \/>\nEt pas que ! Avec les pommes de la ferme du Vastel, \u00e0 Theurtheville-bocage, on fait du jus, du cidre, du pommeau, du calva\u2026<br \/>\nSluuurp ! On sirote, on boit goulument, on savoure, on hume, \u00e7a sent bon !<\/p>\n","protected":false},"author":215,"featured_media":22889,"comment_status":"closed","ping_status":"closed","sticky":false,"template":"","format":"standard","meta":{"footnotes":""},"categories":[3483,4313,4198,3478],"tags":[],"class_list":["post-22888","post","type-post","status-publish","format-standard","has-post-thumbnail","hentry","category-agriculture","category-altertour","category-edition-2021","category-normandie"],"yoast_head":"<!-- This site is optimized with the Yoast SEO plugin v27.3 - https:\/\/yoast.com\/product\/yoast-seo-wordpress\/ -->\n<title>A la ferme du Vastel, on capitalise sur le Calva - AlterTour<\/title>\n<meta name=\"robots\" content=\"index, follow, max-snippet:-1, max-image-preview:large, max-video-preview:-1\" \/>\n<link rel=\"canonical\" href=\"https:\/\/www.altercampagne.net\/?p=22888\" \/>\n<meta property=\"og:locale\" content=\"fr_FR\" \/>\n<meta property=\"og:type\" content=\"article\" \/>\n<meta property=\"og:title\" content=\"A la ferme du Vastel, on capitalise sur le Calva - AlterTour\" \/>\n<meta property=\"og:description\" content=\"Pour faire du cidre il faut des pommes ! Et pas que ! Avec les pommes de la ferme du Vastel, \u00e0 Theurtheville-bocage, on fait du jus, du cidre, du pommeau, du calva\u2026 Sluuurp ! On sirote, on boit goulument, on savoure, on hume, \u00e7a sent bon !\" \/>\n<meta property=\"og:url\" content=\"https:\/\/www.altercampagne.net\/?p=22888\" \/>\n<meta property=\"og:site_name\" content=\"AlterTour\" \/>\n<meta property=\"article:published_time\" content=\"2021-07-30T10:57:00+00:00\" \/>\n<meta property=\"article:modified_time\" content=\"2021-08-03T11:15:16+00:00\" \/>\n<meta property=\"og:image\" content=\"https:\/\/www.altercampagne.net\/wp-content\/uploads\/2021\/08\/Ferme-du-Vastel-scaled.jpg\" \/>\n\t<meta property=\"og:image:width\" content=\"2560\" \/>\n\t<meta property=\"og:image:height\" content=\"1707\" \/>\n\t<meta property=\"og:image:type\" content=\"image\/jpeg\" \/>\n<meta name=\"author\" content=\"AlterTour\" \/>\n<meta name=\"twitter:card\" content=\"summary_large_image\" \/>\n<meta name=\"twitter:label1\" content=\"\u00c9crit par\" \/>\n\t<meta name=\"twitter:data1\" content=\"AlterTour\" \/>\n\t<meta name=\"twitter:label2\" content=\"Dur\u00e9e de lecture estim\u00e9e\" \/>\n\t<meta name=\"twitter:data2\" content=\"3 minutes\" \/>\n<script type=\"application\/ld+json\" class=\"yoast-schema-graph\">{\"@context\":\"https:\\\/\\\/schema.org\",\"@graph\":[{\"@type\":\"Article\",\"@id\":\"https:\\\/\\\/www.altercampagne.net\\\/?p=22888#article\",\"isPartOf\":{\"@id\":\"https:\\\/\\\/www.altercampagne.net\\\/?p=22888\"},\"author\":{\"name\":\"AlterTour\",\"@id\":\"https:\\\/\\\/www.altercampagne.net\\\/#\\\/schema\\\/person\\\/e5b68c803196f649c2152249d262d94a\"},\"headline\":\"A la ferme du Vastel, on capitalise sur le Calva\",\"datePublished\":\"2021-07-30T10:57:00+00:00\",\"dateModified\":\"2021-08-03T11:15:16+00:00\",\"mainEntityOfPage\":{\"@id\":\"https:\\\/\\\/www.altercampagne.net\\\/?p=22888\"},\"wordCount\":525,\"image\":{\"@id\":\"https:\\\/\\\/www.altercampagne.net\\\/?p=22888#primaryimage\"},\"thumbnailUrl\":\"https:\\\/\\\/www.altercampagne.net\\\/wp-content\\\/uploads\\\/2021\\\/08\\\/Ferme-du-Vastel-scaled.jpg\",\"articleSection\":[\"Agriculture\",\"AlterTour\",\"Edition 2021\",\"Normandie\"],\"inLanguage\":\"fr-FR\"},{\"@type\":\"WebPage\",\"@id\":\"https:\\\/\\\/www.altercampagne.net\\\/?p=22888\",\"url\":\"https:\\\/\\\/www.altercampagne.net\\\/?p=22888\",\"name\":\"A la ferme du Vastel, on capitalise sur le Calva - AlterTour\",\"isPartOf\":{\"@id\":\"https:\\\/\\\/www.altercampagne.net\\\/#website\"},\"primaryImageOfPage\":{\"@id\":\"https:\\\/\\\/www.altercampagne.net\\\/?p=22888#primaryimage\"},\"image\":{\"@id\":\"https:\\\/\\\/www.altercampagne.net\\\/?p=22888#primaryimage\"},\"thumbnailUrl\":\"https:\\\/\\\/www.altercampagne.net\\\/wp-content\\\/uploads\\\/2021\\\/08\\\/Ferme-du-Vastel-scaled.jpg\",\"datePublished\":\"2021-07-30T10:57:00+00:00\",\"dateModified\":\"2021-08-03T11:15:16+00:00\",\"author\":{\"@id\":\"https:\\\/\\\/www.altercampagne.net\\\/#\\\/schema\\\/person\\\/e5b68c803196f649c2152249d262d94a\"},\"breadcrumb\":{\"@id\":\"https:\\\/\\\/www.altercampagne.net\\\/?p=22888#breadcrumb\"},\"inLanguage\":\"fr-FR\",\"potentialAction\":[{\"@type\":\"ReadAction\",\"target\":[\"https:\\\/\\\/www.altercampagne.net\\\/?p=22888\"]}]},{\"@type\":\"ImageObject\",\"inLanguage\":\"fr-FR\",\"@id\":\"https:\\\/\\\/www.altercampagne.net\\\/?p=22888#primaryimage\",\"url\":\"https:\\\/\\\/www.altercampagne.net\\\/wp-content\\\/uploads\\\/2021\\\/08\\\/Ferme-du-Vastel-scaled.jpg\",\"contentUrl\":\"https:\\\/\\\/www.altercampagne.net\\\/wp-content\\\/uploads\\\/2021\\\/08\\\/Ferme-du-Vastel-scaled.jpg\",\"width\":2560,\"height\":1707},{\"@type\":\"BreadcrumbList\",\"@id\":\"https:\\\/\\\/www.altercampagne.net\\\/?p=22888#breadcrumb\",\"itemListElement\":[{\"@type\":\"ListItem\",\"position\":1,\"name\":\"Accueil\",\"item\":\"https:\\\/\\\/www.altercampagne.net\\\/\"},{\"@type\":\"ListItem\",\"position\":2,\"name\":\"A la ferme du Vastel, on capitalise sur le Calva\"}]},{\"@type\":\"WebSite\",\"@id\":\"https:\\\/\\\/www.altercampagne.net\\\/#website\",\"url\":\"https:\\\/\\\/www.altercampagne.net\\\/\",\"name\":\"AlterTour\",\"description\":\"Reliez les Alternatives \u00e0 v\u00e9lo\",\"potentialAction\":[{\"@type\":\"SearchAction\",\"target\":{\"@type\":\"EntryPoint\",\"urlTemplate\":\"https:\\\/\\\/www.altercampagne.net\\\/?s={search_term_string}\"},\"query-input\":{\"@type\":\"PropertyValueSpecification\",\"valueRequired\":true,\"valueName\":\"search_term_string\"}}],\"inLanguage\":\"fr-FR\"},{\"@type\":\"Person\",\"@id\":\"https:\\\/\\\/www.altercampagne.net\\\/#\\\/schema\\\/person\\\/e5b68c803196f649c2152249d262d94a\",\"name\":\"AlterTour\",\"image\":{\"@type\":\"ImageObject\",\"inLanguage\":\"fr-FR\",\"@id\":\"https:\\\/\\\/secure.gravatar.com\\\/avatar\\\/3f2ed77f8506b8ea264ad5938bb0114bfa10f35b64086a66dfbb6e9f58ad9693?s=96&d=mm&r=g\",\"url\":\"https:\\\/\\\/secure.gravatar.com\\\/avatar\\\/3f2ed77f8506b8ea264ad5938bb0114bfa10f35b64086a66dfbb6e9f58ad9693?s=96&d=mm&r=g\",\"contentUrl\":\"https:\\\/\\\/secure.gravatar.com\\\/avatar\\\/3f2ed77f8506b8ea264ad5938bb0114bfa10f35b64086a66dfbb6e9f58ad9693?s=96&d=mm&r=g\",\"caption\":\"AlterTour\"},\"url\":\"https:\\\/\\\/www.altercampagne.net\\\/?author=215\"}]}<\/script>\n<!-- \/ Yoast SEO plugin. -->","yoast_head_json":{"title":"A la ferme du Vastel, on capitalise sur le Calva - AlterTour","robots":{"index":"index","follow":"follow","max-snippet":"max-snippet:-1","max-image-preview":"max-image-preview:large","max-video-preview":"max-video-preview:-1"},"canonical":"https:\/\/www.altercampagne.net\/?p=22888","og_locale":"fr_FR","og_type":"article","og_title":"A la ferme du Vastel, on capitalise sur le Calva - AlterTour","og_description":"Pour faire du cidre il faut des pommes ! Et pas que ! Avec les pommes de la ferme du Vastel, \u00e0 Theurtheville-bocage, on fait du jus, du cidre, du pommeau, du calva\u2026 Sluuurp ! On sirote, on boit goulument, on savoure, on hume, \u00e7a sent bon !","og_url":"https:\/\/www.altercampagne.net\/?p=22888","og_site_name":"AlterTour","article_published_time":"2021-07-30T10:57:00+00:00","article_modified_time":"2021-08-03T11:15:16+00:00","og_image":[{"width":2560,"height":1707,"url":"https:\/\/www.altercampagne.net\/wp-content\/uploads\/2021\/08\/Ferme-du-Vastel-scaled.jpg","type":"image\/jpeg"}],"author":"AlterTour","twitter_card":"summary_large_image","twitter_misc":{"\u00c9crit par":"AlterTour","Dur\u00e9e de lecture estim\u00e9e":"3 minutes"},"schema":{"@context":"https:\/\/schema.org","@graph":[{"@type":"Article","@id":"https:\/\/www.altercampagne.net\/?p=22888#article","isPartOf":{"@id":"https:\/\/www.altercampagne.net\/?p=22888"},"author":{"name":"AlterTour","@id":"https:\/\/www.altercampagne.net\/#\/schema\/person\/e5b68c803196f649c2152249d262d94a"},"headline":"A la ferme du Vastel, on capitalise sur le Calva","datePublished":"2021-07-30T10:57:00+00:00","dateModified":"2021-08-03T11:15:16+00:00","mainEntityOfPage":{"@id":"https:\/\/www.altercampagne.net\/?p=22888"},"wordCount":525,"image":{"@id":"https:\/\/www.altercampagne.net\/?p=22888#primaryimage"},"thumbnailUrl":"https:\/\/www.altercampagne.net\/wp-content\/uploads\/2021\/08\/Ferme-du-Vastel-scaled.jpg","articleSection":["Agriculture","AlterTour","Edition 2021","Normandie"],"inLanguage":"fr-FR"},{"@type":"WebPage","@id":"https:\/\/www.altercampagne.net\/?p=22888","url":"https:\/\/www.altercampagne.net\/?p=22888","name":"A la ferme du Vastel, on capitalise sur le Calva - AlterTour","isPartOf":{"@id":"https:\/\/www.altercampagne.net\/#website"},"primaryImageOfPage":{"@id":"https:\/\/www.altercampagne.net\/?p=22888#primaryimage"},"image":{"@id":"https:\/\/www.altercampagne.net\/?p=22888#primaryimage"},"thumbnailUrl":"https:\/\/www.altercampagne.net\/wp-content\/uploads\/2021\/08\/Ferme-du-Vastel-scaled.jpg","datePublished":"2021-07-30T10:57:00+00:00","dateModified":"2021-08-03T11:15:16+00:00","author":{"@id":"https:\/\/www.altercampagne.net\/#\/schema\/person\/e5b68c803196f649c2152249d262d94a"},"breadcrumb":{"@id":"https:\/\/www.altercampagne.net\/?p=22888#breadcrumb"},"inLanguage":"fr-FR","potentialAction":[{"@type":"ReadAction","target":["https:\/\/www.altercampagne.net\/?p=22888"]}]},{"@type":"ImageObject","inLanguage":"fr-FR","@id":"https:\/\/www.altercampagne.net\/?p=22888#primaryimage","url":"https:\/\/www.altercampagne.net\/wp-content\/uploads\/2021\/08\/Ferme-du-Vastel-scaled.jpg","contentUrl":"https:\/\/www.altercampagne.net\/wp-content\/uploads\/2021\/08\/Ferme-du-Vastel-scaled.jpg","width":2560,"height":1707},{"@type":"BreadcrumbList","@id":"https:\/\/www.altercampagne.net\/?p=22888#breadcrumb","itemListElement":[{"@type":"ListItem","position":1,"name":"Accueil","item":"https:\/\/www.altercampagne.net\/"},{"@type":"ListItem","position":2,"name":"A la ferme du Vastel, on capitalise sur le Calva"}]},{"@type":"WebSite","@id":"https:\/\/www.altercampagne.net\/#website","url":"https:\/\/www.altercampagne.net\/","name":"AlterTour","description":"Reliez les Alternatives \u00e0 v\u00e9lo","potentialAction":[{"@type":"SearchAction","target":{"@type":"EntryPoint","urlTemplate":"https:\/\/www.altercampagne.net\/?s={search_term_string}"},"query-input":{"@type":"PropertyValueSpecification","valueRequired":true,"valueName":"search_term_string"}}],"inLanguage":"fr-FR"},{"@type":"Person","@id":"https:\/\/www.altercampagne.net\/#\/schema\/person\/e5b68c803196f649c2152249d262d94a","name":"AlterTour","image":{"@type":"ImageObject","inLanguage":"fr-FR","@id":"https:\/\/secure.gravatar.com\/avatar\/3f2ed77f8506b8ea264ad5938bb0114bfa10f35b64086a66dfbb6e9f58ad9693?s=96&d=mm&r=g","url":"https:\/\/secure.gravatar.com\/avatar\/3f2ed77f8506b8ea264ad5938bb0114bfa10f35b64086a66dfbb6e9f58ad9693?s=96&d=mm&r=g","contentUrl":"https:\/\/secure.gravatar.com\/avatar\/3f2ed77f8506b8ea264ad5938bb0114bfa10f35b64086a66dfbb6e9f58ad9693?s=96&d=mm&r=g","caption":"AlterTour"},"url":"https:\/\/www.altercampagne.net\/?author=215"}]}},"_links":{"self":[{"href":"https:\/\/www.altercampagne.net\/index.php?rest_route=\/wp\/v2\/posts\/22888","targetHints":{"allow":["GET"]}}],"collection":[{"href":"https:\/\/www.altercampagne.net\/index.php?rest_route=\/wp\/v2\/posts"}],"about":[{"href":"https:\/\/www.altercampagne.net\/index.php?rest_route=\/wp\/v2\/types\/post"}],"author":[{"embeddable":true,"href":"https:\/\/www.altercampagne.net\/index.php?rest_route=\/wp\/v2\/users\/215"}],"replies":[{"embeddable":true,"href":"https:\/\/www.altercampagne.net\/index.php?rest_route=%2Fwp%2Fv2%2Fcomments&post=22888"}],"version-history":[{"count":3,"href":"https:\/\/www.altercampagne.net\/index.php?rest_route=\/wp\/v2\/posts\/22888\/revisions"}],"predecessor-version":[{"id":22893,"href":"https:\/\/www.altercampagne.net\/index.php?rest_route=\/wp\/v2\/posts\/22888\/revisions\/22893"}],"wp:featuredmedia":[{"embeddable":true,"href":"https:\/\/www.altercampagne.net\/index.php?rest_route=\/wp\/v2\/media\/22889"}],"wp:attachment":[{"href":"https:\/\/www.altercampagne.net\/index.php?rest_route=%2Fwp%2Fv2%2Fmedia&parent=22888"}],"wp:term":[{"taxonomy":"category","embeddable":true,"href":"https:\/\/www.altercampagne.net\/index.php?rest_route=%2Fwp%2Fv2%2Fcategories&post=22888"},{"taxonomy":"post_tag","embeddable":true,"href":"https:\/\/www.altercampagne.net\/index.php?rest_route=%2Fwp%2Fv2%2Ftags&post=22888"}],"curies":[{"name":"wp","href":"https:\/\/api.w.org\/{rel}","templated":true}]}}