{"id":22903,"date":"2021-07-31T21:43:00","date_gmt":"2021-07-31T19:43:00","guid":{"rendered":"https:\/\/www.altercampagne.net\/?p=22903"},"modified":"2021-08-03T22:17:18","modified_gmt":"2021-08-03T20:17:18","slug":"le-cheval-legume","status":"publish","type":"post","link":"https:\/\/www.altercampagne.net\/?p=22903","title":{"rendered":"Le cheval &#8211; l\u00e9gume"},"content":{"rendered":"\n<p><strong>Esther et Jonas&#8230; Filou et F\u00e9licie<\/strong>. Mara\u00eechage de l\u00e9gumes biologiques en traction animale. <strong>Deux anges et deux b\u00eates<\/strong>. Je ne trouve pas d&rsquo;autres mots pour les d\u00e9crire et les deux b\u00eates sont anges parmi les leurs. Avec le renfort \u00e0 venir de bovins pour rendre \u00ab\u00a0circulaire\u00a0\u00bb la <strong><a href=\"https:\/\/www.facebook.com\/fermedelamenardiere\/\" target=\"_blank\" rel=\"noreferrer noopener\">Ferme de la M\u00e9nardi\u00e8re<\/a><\/strong> o\u00f9 nous a men\u00e9 Julien-R\u00e9mi depuis Q. La simplicit\u00e9 et la gentillesse sont leur \u00e9nergie. <\/p>\n\n\n\n<p>L&rsquo;installation, <strong>un peu moins de deux hectares<\/strong> pour les planches et les serres, en une ann\u00e9e et cette ann\u00e9e fut plut\u00f4t humide. Apr\u00e8s nous avoir accueilli Esther et Jonas nous emm\u00e8nent chercher Filou, le plus tranquille, paissant avec F\u00e9licie, dans une prairie. <\/p>\n\n\n\n<h4 class=\"wp-block-heading\">Kassine&#8230; K\u00e9sako ?<\/h4>\n\n\n\n<p>Il sera harnach\u00e9, collier et mors, puis attel\u00e9 \u00e0 la <strong><a href=\"https:\/\/assoprommata.org\/spip.php?rubrique10\" target=\"_blank\" rel=\"noreferrer noopener\">kassine<\/a><\/strong> (fabrication de l&rsquo;atelier <strong><a href=\"http:\/\/assoprommata.org\/spip.php?rubrique2\" target=\"_blank\" rel=\"noreferrer noopener\">Prommata<\/a><\/strong>), pour biner et gratter entre les buttes. Ha, un mors, c&rsquo;est cruel, non ? Non. Jonas, simplement, nous en donne la raison : en cas de panique du cheval &#8211; toujours envisageable du fait de survol d&rsquo;avion ou tout autre \u00e9v\u00e9nement &#8211; le mors permet d&rsquo;arr\u00eater le cheval avant qu&rsquo;il ne risque de finir dans une haie et percut\u00e9 par l&rsquo;engin qu&rsquo;il tire. <strong>Ce n&rsquo;est pas le mors qui blesse le cheval mais un geste trop brutal de guidage<\/strong>. Le cheval est l&rsquo;\u00e9nergie de la production et, en terme \u00e9conomique, son principal actif.<\/p>\n\n\n\n<p><em>\u00ab\u00a0On peut \u00e9conomiser sur beaucoup de choses mais jamais sur le cheval\u00a0\u00bb <\/em>selon Jonas.  <strong>Filou va ainsi faire en quelques minutes quatre bandes<\/strong>, avan\u00e7ant \u00e0 son pas les sabots bien align\u00e9s gr\u00e2ce \u00e0 la douce voix de Jonas tenant la longe et la kassine. Puis deux passes de labour avec un <strong>cover-crop<\/strong>, demandant beaucoup plus d&rsquo;efforts. Les chevaux, avant le tracteur, duraient en moyenne 7 ans et partaient ensuite \u00e0 la boucherie. Filou et F\u00e9licie finiront leurs jours \u00e0 la ferme. <\/p>\n\n\n\n<h4 class=\"wp-block-heading\">De la r\u00e9flexion na\u00eet l&rsquo;action !<\/h4>\n\n\n\n<p>Jonas et Esther ne sont pas dans le r\u00eave ou l&rsquo;imaginaire, <strong>pour chaque activit\u00e9, c&rsquo;est apr\u00e8s des formations coh\u00e9rentes et r\u00e9fl\u00e9chies<\/strong>, pour s&rsquo;occuper des chevaux et des plantes, que l&rsquo;<strong>entreprise a \u00e9t\u00e9 lanc\u00e9e<\/strong>. <\/p>\n\n\n\n<p>Tant de grandeur, de simplicit\u00e9, de savoir et de sagesse pour ce terrain normand \u00e9loign\u00e9 de leur Hollande et tr\u00e8s fort \u00e9motionnellement. <strong>Nous leur devons notre nourriture et nous n&rsquo;en payons pas le travail.<\/strong> Il en faudrait au moins plusieurs dizaines de milliers \u00e0 leur mani\u00e8re pour durablement et \u00e9cologiquement entretenir toute une population. Esther et Jonas (et leurs coll\u00e8gues dans les m\u00eames pratiques) devraient \u00eatre \u00e0 la base de l&rsquo;enseignement des petits enfants si nous souhaitons un avenir soutenable.<\/p>\n\n\n\n<p class=\"has-text-align-right\"><em>F\u00e9lix D<\/em><\/p>\n\n\n\n<p class=\"has-text-align-right\"><em>\u00a9 Ferme de la M\u00e9nardi\u00e8re<\/em><\/p>\n","protected":false},"excerpt":{"rendered":"<p>Esther et Jonas&#8230; Filou et F\u00e9licie. Mara\u00eechage de l\u00e9gumes biologiques en traction animale. Deux anges et deux b\u00eates. Je ne trouve pas d&rsquo;autres mots pour les d\u00e9crire et les deux b\u00eates sont anges parmi les leurs. Avec le renfort \u00e0 venir de bovins pour rendre \u00ab\u00a0circulaire\u00a0\u00bb la Ferme de la M\u00e9nardi\u00e8re o\u00f9 nous a men\u00e9 Julien-R\u00e9mi depuis Q. La simplicit\u00e9 et la gentillesse sont leur \u00e9nergie. <\/p>\n","protected":false},"author":215,"featured_media":22906,"comment_status":"closed","ping_status":"closed","sticky":false,"template":"","format":"standard","meta":{"footnotes":""},"categories":[3483,4311,4198,3478],"tags":[],"class_list":["post-22903","post","type-post","status-publish","format-standard","has-post-thumbnail","hentry","category-agriculture","category-alter-d-tour","category-edition-2021","category-normandie"],"yoast_head":"<!-- This site is optimized with the Yoast SEO plugin v27.3 - https:\/\/yoast.com\/product\/yoast-seo-wordpress\/ -->\n<title>Le cheval - l\u00e9gume - AlterTour<\/title>\n<meta name=\"robots\" content=\"index, follow, max-snippet:-1, max-image-preview:large, max-video-preview:-1\" \/>\n<link rel=\"canonical\" href=\"https:\/\/www.altercampagne.net\/?p=22903\" \/>\n<meta property=\"og:locale\" content=\"fr_FR\" \/>\n<meta property=\"og:type\" content=\"article\" \/>\n<meta property=\"og:title\" content=\"Le cheval - l\u00e9gume - AlterTour\" \/>\n<meta property=\"og:description\" content=\"Esther et Jonas... Filou et F\u00e9licie. Mara\u00eechage de l\u00e9gumes biologiques en traction animale. Deux anges et deux b\u00eates. Je ne trouve pas d&#039;autres mots pour les d\u00e9crire et les deux b\u00eates sont anges parmi les leurs. Avec le renfort \u00e0 venir de bovins pour rendre &quot;circulaire&quot; la Ferme de la M\u00e9nardi\u00e8re o\u00f9 nous a men\u00e9 Julien-R\u00e9mi depuis Q. La simplicit\u00e9 et la gentillesse sont leur \u00e9nergie.\" \/>\n<meta property=\"og:url\" content=\"https:\/\/www.altercampagne.net\/?p=22903\" \/>\n<meta property=\"og:site_name\" content=\"AlterTour\" \/>\n<meta property=\"article:published_time\" content=\"2021-07-31T19:43:00+00:00\" \/>\n<meta property=\"article:modified_time\" content=\"2021-08-03T20:17:18+00:00\" \/>\n<meta property=\"og:image\" content=\"https:\/\/www.altercampagne.net\/wp-content\/uploads\/2021\/07\/Ferme-de-la-menardiere.jpg\" \/>\n\t<meta property=\"og:image:width\" content=\"2048\" \/>\n\t<meta property=\"og:image:height\" content=\"1518\" \/>\n\t<meta property=\"og:image:type\" content=\"image\/jpeg\" \/>\n<meta name=\"author\" content=\"AlterTour\" \/>\n<meta name=\"twitter:card\" content=\"summary_large_image\" \/>\n<meta name=\"twitter:label1\" content=\"\u00c9crit par\" \/>\n\t<meta name=\"twitter:data1\" content=\"AlterTour\" \/>\n\t<meta name=\"twitter:label2\" content=\"Dur\u00e9e de lecture estim\u00e9e\" \/>\n\t<meta name=\"twitter:data2\" content=\"2 minutes\" \/>\n<script type=\"application\/ld+json\" class=\"yoast-schema-graph\">{\"@context\":\"https:\\\/\\\/schema.org\",\"@graph\":[{\"@type\":\"Article\",\"@id\":\"https:\\\/\\\/www.altercampagne.net\\\/?p=22903#article\",\"isPartOf\":{\"@id\":\"https:\\\/\\\/www.altercampagne.net\\\/?p=22903\"},\"author\":{\"name\":\"AlterTour\",\"@id\":\"https:\\\/\\\/www.altercampagne.net\\\/#\\\/schema\\\/person\\\/e5b68c803196f649c2152249d262d94a\"},\"headline\":\"Le cheval &#8211; l\u00e9gume\",\"datePublished\":\"2021-07-31T19:43:00+00:00\",\"dateModified\":\"2021-08-03T20:17:18+00:00\",\"mainEntityOfPage\":{\"@id\":\"https:\\\/\\\/www.altercampagne.net\\\/?p=22903\"},\"wordCount\":473,\"image\":{\"@id\":\"https:\\\/\\\/www.altercampagne.net\\\/?p=22903#primaryimage\"},\"thumbnailUrl\":\"https:\\\/\\\/www.altercampagne.net\\\/wp-content\\\/uploads\\\/2021\\\/07\\\/Ferme-de-la-menardiere.jpg\",\"articleSection\":[\"Agriculture\",\"Alter-D-tour\",\"Edition 2021\",\"Normandie\"],\"inLanguage\":\"fr-FR\"},{\"@type\":\"WebPage\",\"@id\":\"https:\\\/\\\/www.altercampagne.net\\\/?p=22903\",\"url\":\"https:\\\/\\\/www.altercampagne.net\\\/?p=22903\",\"name\":\"Le cheval - l\u00e9gume - AlterTour\",\"isPartOf\":{\"@id\":\"https:\\\/\\\/www.altercampagne.net\\\/#website\"},\"primaryImageOfPage\":{\"@id\":\"https:\\\/\\\/www.altercampagne.net\\\/?p=22903#primaryimage\"},\"image\":{\"@id\":\"https:\\\/\\\/www.altercampagne.net\\\/?p=22903#primaryimage\"},\"thumbnailUrl\":\"https:\\\/\\\/www.altercampagne.net\\\/wp-content\\\/uploads\\\/2021\\\/07\\\/Ferme-de-la-menardiere.jpg\",\"datePublished\":\"2021-07-31T19:43:00+00:00\",\"dateModified\":\"2021-08-03T20:17:18+00:00\",\"author\":{\"@id\":\"https:\\\/\\\/www.altercampagne.net\\\/#\\\/schema\\\/person\\\/e5b68c803196f649c2152249d262d94a\"},\"breadcrumb\":{\"@id\":\"https:\\\/\\\/www.altercampagne.net\\\/?p=22903#breadcrumb\"},\"inLanguage\":\"fr-FR\",\"potentialAction\":[{\"@type\":\"ReadAction\",\"target\":[\"https:\\\/\\\/www.altercampagne.net\\\/?p=22903\"]}]},{\"@type\":\"ImageObject\",\"inLanguage\":\"fr-FR\",\"@id\":\"https:\\\/\\\/www.altercampagne.net\\\/?p=22903#primaryimage\",\"url\":\"https:\\\/\\\/www.altercampagne.net\\\/wp-content\\\/uploads\\\/2021\\\/07\\\/Ferme-de-la-menardiere.jpg\",\"contentUrl\":\"https:\\\/\\\/www.altercampagne.net\\\/wp-content\\\/uploads\\\/2021\\\/07\\\/Ferme-de-la-menardiere.jpg\",\"width\":2048,\"height\":1518},{\"@type\":\"BreadcrumbList\",\"@id\":\"https:\\\/\\\/www.altercampagne.net\\\/?p=22903#breadcrumb\",\"itemListElement\":[{\"@type\":\"ListItem\",\"position\":1,\"name\":\"Accueil\",\"item\":\"https:\\\/\\\/www.altercampagne.net\\\/\"},{\"@type\":\"ListItem\",\"position\":2,\"name\":\"Le cheval &#8211; l\u00e9gume\"}]},{\"@type\":\"WebSite\",\"@id\":\"https:\\\/\\\/www.altercampagne.net\\\/#website\",\"url\":\"https:\\\/\\\/www.altercampagne.net\\\/\",\"name\":\"AlterTour\",\"description\":\"Reliez les Alternatives \u00e0 v\u00e9lo\",\"potentialAction\":[{\"@type\":\"SearchAction\",\"target\":{\"@type\":\"EntryPoint\",\"urlTemplate\":\"https:\\\/\\\/www.altercampagne.net\\\/?s={search_term_string}\"},\"query-input\":{\"@type\":\"PropertyValueSpecification\",\"valueRequired\":true,\"valueName\":\"search_term_string\"}}],\"inLanguage\":\"fr-FR\"},{\"@type\":\"Person\",\"@id\":\"https:\\\/\\\/www.altercampagne.net\\\/#\\\/schema\\\/person\\\/e5b68c803196f649c2152249d262d94a\",\"name\":\"AlterTour\",\"image\":{\"@type\":\"ImageObject\",\"inLanguage\":\"fr-FR\",\"@id\":\"https:\\\/\\\/secure.gravatar.com\\\/avatar\\\/3f2ed77f8506b8ea264ad5938bb0114bfa10f35b64086a66dfbb6e9f58ad9693?s=96&d=mm&r=g\",\"url\":\"https:\\\/\\\/secure.gravatar.com\\\/avatar\\\/3f2ed77f8506b8ea264ad5938bb0114bfa10f35b64086a66dfbb6e9f58ad9693?s=96&d=mm&r=g\",\"contentUrl\":\"https:\\\/\\\/secure.gravatar.com\\\/avatar\\\/3f2ed77f8506b8ea264ad5938bb0114bfa10f35b64086a66dfbb6e9f58ad9693?s=96&d=mm&r=g\",\"caption\":\"AlterTour\"},\"url\":\"https:\\\/\\\/www.altercampagne.net\\\/?author=215\"}]}<\/script>\n<!-- \/ Yoast SEO plugin. -->","yoast_head_json":{"title":"Le cheval - l\u00e9gume - AlterTour","robots":{"index":"index","follow":"follow","max-snippet":"max-snippet:-1","max-image-preview":"max-image-preview:large","max-video-preview":"max-video-preview:-1"},"canonical":"https:\/\/www.altercampagne.net\/?p=22903","og_locale":"fr_FR","og_type":"article","og_title":"Le cheval - l\u00e9gume - AlterTour","og_description":"Esther et Jonas... Filou et F\u00e9licie. Mara\u00eechage de l\u00e9gumes biologiques en traction animale. Deux anges et deux b\u00eates. Je ne trouve pas d'autres mots pour les d\u00e9crire et les deux b\u00eates sont anges parmi les leurs. Avec le renfort \u00e0 venir de bovins pour rendre \"circulaire\" la Ferme de la M\u00e9nardi\u00e8re o\u00f9 nous a men\u00e9 Julien-R\u00e9mi depuis Q. La simplicit\u00e9 et la gentillesse sont leur \u00e9nergie.","og_url":"https:\/\/www.altercampagne.net\/?p=22903","og_site_name":"AlterTour","article_published_time":"2021-07-31T19:43:00+00:00","article_modified_time":"2021-08-03T20:17:18+00:00","og_image":[{"width":2048,"height":1518,"url":"https:\/\/www.altercampagne.net\/wp-content\/uploads\/2021\/07\/Ferme-de-la-menardiere.jpg","type":"image\/jpeg"}],"author":"AlterTour","twitter_card":"summary_large_image","twitter_misc":{"\u00c9crit par":"AlterTour","Dur\u00e9e de lecture estim\u00e9e":"2 minutes"},"schema":{"@context":"https:\/\/schema.org","@graph":[{"@type":"Article","@id":"https:\/\/www.altercampagne.net\/?p=22903#article","isPartOf":{"@id":"https:\/\/www.altercampagne.net\/?p=22903"},"author":{"name":"AlterTour","@id":"https:\/\/www.altercampagne.net\/#\/schema\/person\/e5b68c803196f649c2152249d262d94a"},"headline":"Le cheval &#8211; l\u00e9gume","datePublished":"2021-07-31T19:43:00+00:00","dateModified":"2021-08-03T20:17:18+00:00","mainEntityOfPage":{"@id":"https:\/\/www.altercampagne.net\/?p=22903"},"wordCount":473,"image":{"@id":"https:\/\/www.altercampagne.net\/?p=22903#primaryimage"},"thumbnailUrl":"https:\/\/www.altercampagne.net\/wp-content\/uploads\/2021\/07\/Ferme-de-la-menardiere.jpg","articleSection":["Agriculture","Alter-D-tour","Edition 2021","Normandie"],"inLanguage":"fr-FR"},{"@type":"WebPage","@id":"https:\/\/www.altercampagne.net\/?p=22903","url":"https:\/\/www.altercampagne.net\/?p=22903","name":"Le cheval - l\u00e9gume - AlterTour","isPartOf":{"@id":"https:\/\/www.altercampagne.net\/#website"},"primaryImageOfPage":{"@id":"https:\/\/www.altercampagne.net\/?p=22903#primaryimage"},"image":{"@id":"https:\/\/www.altercampagne.net\/?p=22903#primaryimage"},"thumbnailUrl":"https:\/\/www.altercampagne.net\/wp-content\/uploads\/2021\/07\/Ferme-de-la-menardiere.jpg","datePublished":"2021-07-31T19:43:00+00:00","dateModified":"2021-08-03T20:17:18+00:00","author":{"@id":"https:\/\/www.altercampagne.net\/#\/schema\/person\/e5b68c803196f649c2152249d262d94a"},"breadcrumb":{"@id":"https:\/\/www.altercampagne.net\/?p=22903#breadcrumb"},"inLanguage":"fr-FR","potentialAction":[{"@type":"ReadAction","target":["https:\/\/www.altercampagne.net\/?p=22903"]}]},{"@type":"ImageObject","inLanguage":"fr-FR","@id":"https:\/\/www.altercampagne.net\/?p=22903#primaryimage","url":"https:\/\/www.altercampagne.net\/wp-content\/uploads\/2021\/07\/Ferme-de-la-menardiere.jpg","contentUrl":"https:\/\/www.altercampagne.net\/wp-content\/uploads\/2021\/07\/Ferme-de-la-menardiere.jpg","width":2048,"height":1518},{"@type":"BreadcrumbList","@id":"https:\/\/www.altercampagne.net\/?p=22903#breadcrumb","itemListElement":[{"@type":"ListItem","position":1,"name":"Accueil","item":"https:\/\/www.altercampagne.net\/"},{"@type":"ListItem","position":2,"name":"Le cheval &#8211; l\u00e9gume"}]},{"@type":"WebSite","@id":"https:\/\/www.altercampagne.net\/#website","url":"https:\/\/www.altercampagne.net\/","name":"AlterTour","description":"Reliez les Alternatives \u00e0 v\u00e9lo","potentialAction":[{"@type":"SearchAction","target":{"@type":"EntryPoint","urlTemplate":"https:\/\/www.altercampagne.net\/?s={search_term_string}"},"query-input":{"@type":"PropertyValueSpecification","valueRequired":true,"valueName":"search_term_string"}}],"inLanguage":"fr-FR"},{"@type":"Person","@id":"https:\/\/www.altercampagne.net\/#\/schema\/person\/e5b68c803196f649c2152249d262d94a","name":"AlterTour","image":{"@type":"ImageObject","inLanguage":"fr-FR","@id":"https:\/\/secure.gravatar.com\/avatar\/3f2ed77f8506b8ea264ad5938bb0114bfa10f35b64086a66dfbb6e9f58ad9693?s=96&d=mm&r=g","url":"https:\/\/secure.gravatar.com\/avatar\/3f2ed77f8506b8ea264ad5938bb0114bfa10f35b64086a66dfbb6e9f58ad9693?s=96&d=mm&r=g","contentUrl":"https:\/\/secure.gravatar.com\/avatar\/3f2ed77f8506b8ea264ad5938bb0114bfa10f35b64086a66dfbb6e9f58ad9693?s=96&d=mm&r=g","caption":"AlterTour"},"url":"https:\/\/www.altercampagne.net\/?author=215"}]}},"_links":{"self":[{"href":"https:\/\/www.altercampagne.net\/index.php?rest_route=\/wp\/v2\/posts\/22903","targetHints":{"allow":["GET"]}}],"collection":[{"href":"https:\/\/www.altercampagne.net\/index.php?rest_route=\/wp\/v2\/posts"}],"about":[{"href":"https:\/\/www.altercampagne.net\/index.php?rest_route=\/wp\/v2\/types\/post"}],"author":[{"embeddable":true,"href":"https:\/\/www.altercampagne.net\/index.php?rest_route=\/wp\/v2\/users\/215"}],"replies":[{"embeddable":true,"href":"https:\/\/www.altercampagne.net\/index.php?rest_route=%2Fwp%2Fv2%2Fcomments&post=22903"}],"version-history":[{"count":1,"href":"https:\/\/www.altercampagne.net\/index.php?rest_route=\/wp\/v2\/posts\/22903\/revisions"}],"predecessor-version":[{"id":22905,"href":"https:\/\/www.altercampagne.net\/index.php?rest_route=\/wp\/v2\/posts\/22903\/revisions\/22905"}],"wp:featuredmedia":[{"embeddable":true,"href":"https:\/\/www.altercampagne.net\/index.php?rest_route=\/wp\/v2\/media\/22906"}],"wp:attachment":[{"href":"https:\/\/www.altercampagne.net\/index.php?rest_route=%2Fwp%2Fv2%2Fmedia&parent=22903"}],"wp:term":[{"taxonomy":"category","embeddable":true,"href":"https:\/\/www.altercampagne.net\/index.php?rest_route=%2Fwp%2Fv2%2Fcategories&post=22903"},{"taxonomy":"post_tag","embeddable":true,"href":"https:\/\/www.altercampagne.net\/index.php?rest_route=%2Fwp%2Fv2%2Ftags&post=22903"}],"curies":[{"name":"wp","href":"https:\/\/api.w.org\/{rel}","templated":true}]}}