{"id":22927,"date":"2021-08-07T20:45:00","date_gmt":"2021-08-07T18:45:00","guid":{"rendered":"https:\/\/www.altercampagne.net\/?p=22927"},"modified":"2021-08-24T18:16:26","modified_gmt":"2021-08-24T16:16:26","slug":"la-z-u-u-t-et-calibso-les-alternatives-pleuvent-en-ille-et-vilaine","status":"publish","type":"post","link":"https:\/\/www.altercampagne.net\/?p=22927","title":{"rendered":"La Z.U.U.T et Calibso : les alternatives pleuvent en Ille-et-Vilaine"},"content":{"rendered":"\n<p>Pour cette apr\u00e8s-midi de repos, les cyclistes n&rsquo;ont pas voulu lever le pied et sont all\u00e9\u00b7es \u00e0 la rencontre de deux lieux o\u00f9 les membres s&rsquo;activent pour construire le monde de demain.<\/p>\n\n\n\n<p>Premier arr\u00eat : la <strong>Zone des Utopies Utiles \u00e0 la Transition<\/strong>, plus commun\u00e9ment appel\u00e9e la <a href=\"http:\/\/www.la-zuut.org\/?ZUUT\">Z.U.U.T.<\/a> ! Nous sommes accueilli.es par Charl\u00e8ne et Myl\u00e8ne qui, avec Marc (trop occup\u00e9 \u00e0 pr\u00e9parer les tartines et \u00e0 souffler dans son gland (Nddlr : il nous a anim\u00e9 un atelier musical avec des instruments naturels)) sont les trois salari\u00e9.es de l&rsquo;association \u00ab\u00a0<a href=\"https:\/\/diplt.org\/\">Des id\u00e9es plein la terre<\/a>\u00ab\u00a0. Cette association, fond\u00e9e en 2014 <strong>propose de l&rsquo;\u00e9ducation \u00e0 l&rsquo;environnement, de l&rsquo;accompagnement pour les collectivit\u00e9s locales et des \u00e9v\u00e9nements ludiques et festifs ouverts \u00e0 toutes et tous.<\/strong> <\/p>\n\n\n\n<p>Fin 2018, la maison o\u00f9 \u00e9tait bas\u00e9e l&rsquo;association n&rsquo;est plus disponible et il faut d&rsquo;urgence s&rsquo;installer dans un nouveau lieu. L&rsquo;endroit est trouv\u00e9 juste \u00e0 c\u00f4t\u00e9 de la Biocoop dans un grand b\u00e2timent inoccup\u00e9. En deux mois, des travaux sont entrepris par les b\u00e9n\u00e9voles, <strong>financ\u00e9es notamment par 10.000 euros de pr\u00eats solidaires<\/strong>. Le rez-de-chauss\u00e9e du local \u00e9tait occup\u00e9 par une Recyclerie jusque l&rsquo;an dernier. Et lorsque celle-ci a d\u00e9m\u00e9nag\u00e9, c&rsquo;est le tiers-lieu Z.U.U.T. qui a repris l&rsquo;espace en mettant notamment sur pied <strong>un atelier v\u00e9lo, un espace de gratuit\u00e9 mais aussi un bar et de nombreux espaces de coworking<\/strong>. Ce ne sont pas moins de dix structures qui si\u00e8gent au conseil d\u2019administration et quinze personnes travaillent parfois ensemble dans ce bel espace lumineux (et malheureusement tr\u00e8s peu r\u00e9sistant aux grands froids ou grosses chaleurs). En plus de \u00ab\u00a0Des id\u00e9es plein la terre\u00a0\u00bb, une <a href=\"https:\/\/helenecoudray.ultra-book.com\/\">graphiste<\/a>, une entreprise sp\u00e9cialis\u00e9e sur le compostage ou encore l&rsquo;association <a href=\"https:\/\/www.lepok.org\/\">Epok<\/a> (qui accompagne les habitats participatifs) utilisent r\u00e9guli\u00e8rement les locaux de la Z.U.UT.<\/p>\n\n\n\n<figure class=\"wp-block-image size-large\"><a href=\"https:\/\/www.altercampagne.net\/wp-content\/uploads\/2021\/08\/2021-Calibso.jpg\"><img loading=\"lazy\" decoding=\"async\" width=\"1024\" height=\"538\" src=\"https:\/\/www.altercampagne.net\/wp-content\/uploads\/2021\/08\/2021-Calibso-1024x538.jpg\" alt=\"\" class=\"wp-image-22971\" srcset=\"https:\/\/www.altercampagne.net\/wp-content\/uploads\/2021\/08\/2021-Calibso-1024x538.jpg 1024w, https:\/\/www.altercampagne.net\/wp-content\/uploads\/2021\/08\/2021-Calibso-300x158.jpg 300w, https:\/\/www.altercampagne.net\/wp-content\/uploads\/2021\/08\/2021-Calibso-768x403.jpg 768w, https:\/\/www.altercampagne.net\/wp-content\/uploads\/2021\/08\/2021-Calibso-610x320.jpg 610w, https:\/\/www.altercampagne.net\/wp-content\/uploads\/2021\/08\/2021-Calibso-100x53.jpg 100w, https:\/\/www.altercampagne.net\/wp-content\/uploads\/2021\/08\/2021-Calibso-862x453.jpg 862w, https:\/\/www.altercampagne.net\/wp-content\/uploads\/2021\/08\/2021-Calibso-1140x599.jpg 1140w, https:\/\/www.altercampagne.net\/wp-content\/uploads\/2021\/08\/2021-Calibso.jpg 1200w\" sizes=\"auto, (max-width: 1024px) 100vw, 1024px\" \/><\/a><\/figure>\n\n\n\n<h3 class=\"wp-block-heading\"> Calibso, un caf\u00e9 librairie pas comme les autres<\/h3>\n\n\n\n<p>Deuxi\u00e8me halte \u00e0 Epiniac o\u00f9 une jolie \u00e9glise tr\u00f4ne fi\u00e8rement face \u00e0 un caf\u00e9 d&rsquo;un nouveau genre. Et devant l&rsquo;entr\u00e9e du <a href=\"http:\/\/calibso.fr\/\">CaLibSo<\/a> (pour Caf\u00e9 Librairie Solidaire), H\u00e9l\u00e8ne nous attend avec le sourire pour nous pr\u00e9senter son projet. Avec deux amies, elles se sont lanc\u00e9es fin 2018 dans le projet un peu fou de <strong>cr\u00e9er un lieu convivial pour toutes et tous pour renforcer les liens sociaux et faire vivre la culture en campagne<\/strong>. <\/p>\n\n\n\n<p>H\u00e9l\u00e8ne, Suzanna et Myriam ont l&rsquo;opportunit\u00e9 de b\u00e9n\u00e9ficier en 2019 d&rsquo;une \u00e9tude d&rsquo;opportunit\u00e9 financ\u00e9e par le d\u00e9partement pendant 6 mois de septembre \u00e0 mars 2020. H\u00e9l\u00e8ne d\u00e9couvre ce monde entrepreneurial et apprend rapidement les outils pour mener \u00e0 bien ce projet. Mais la route est longue et les 4 premi\u00e8res mairies qu&rsquo;elles contactent n&rsquo;osent pas s&rsquo;engager dans l&rsquo;aventure. Le Covid n&rsquo;aide \u00e9videmment pas leur petite structure et elles sont sur le point d&rsquo;abandonner lorsque la mairie d&rsquo;Epiniac leur propose<strong> un local en d\u00e9cembre 2020<\/strong>. C&rsquo;est alors l&rsquo;effervescence, il faut rapidement convaincre une banque de pr\u00eater de l&rsquo;argent pour les travaux et l&rsquo;ouverture du lieu qui a lieu en mai. <\/p>\n\n\n\n<p>Et tout de suite, le caf\u00e9 intrigue et les curieuses et les curieux se pressent dans le lieu. Il faut dire que le caf\u00e9 est le seul encore en vie dans ce petit village oubli\u00e9 par les transports publics. Alors, elles s&rsquo;attelent \u00e0 m\u00e9langer le public, \u00e0 int\u00e9grer toutes les g\u00e9n\u00e9rations et m\u00eame lorsqu&rsquo;on s&rsquo;amuse \u00e0 les tester, elles ne se d\u00e9montent pas et montrent qu&rsquo;elles ont les \u00e9paules pour tenir un bar. <\/p>\n\n\n\n<p>On profite du joli jardin, on d\u00e9guste une bi\u00e8re locale ou des p\u00e2tisseries en bouquinant les livres en seconde main avant de reprendre la route et de rentrer \u00e0 notre campement des \u00e9toiles plein les yeux. <\/p>\n","protected":false},"excerpt":{"rendered":"<p>Pour cette apr\u00e8s-midi de repos, les cyclistes n&rsquo;ont pas voulu lever le pied et sont all\u00e9\u00b7es \u00e0 la rencontre de deux lieux o\u00f9 les membres s&rsquo;activent pour construire le monde de demain. Premier arr\u00eat : la Zone des Utopies Utiles \u00e0 la Transition, plus commun\u00e9ment appel\u00e9e la Z.U.U.T. ! Nous &#8230; <\/p>\n<div><a href=\"https:\/\/www.altercampagne.net\/?p=22927\" class=\"more-link\">Read More<\/a><\/div>\n","protected":false},"author":316,"featured_media":22970,"comment_status":"closed","ping_status":"closed","sticky":false,"template":"","format":"standard","meta":{"footnotes":""},"categories":[4313,3472,4198],"tags":[4334,4335,4336,4337],"class_list":["post-22927","post","type-post","status-publish","format-standard","has-post-thumbnail","hentry","category-altertour","category-bretagne","category-edition-2021","tag-z-u-u-t","tag-calibso","tag-zone-des-utopies-utiles-a-la-transition","tag-epiniac"],"yoast_head":"<!-- This site is optimized with the Yoast SEO plugin v27.3 - https:\/\/yoast.com\/product\/yoast-seo-wordpress\/ -->\n<title>La Z.U.U.T et Calibso : les alternatives pleuvent en Ille-et-Vilaine - AlterTour<\/title>\n<meta name=\"robots\" content=\"index, follow, max-snippet:-1, max-image-preview:large, max-video-preview:-1\" \/>\n<link rel=\"canonical\" href=\"https:\/\/www.altercampagne.net\/?p=22927\" \/>\n<meta property=\"og:locale\" content=\"fr_FR\" \/>\n<meta property=\"og:type\" content=\"article\" \/>\n<meta property=\"og:title\" content=\"La Z.U.U.T et Calibso : les alternatives pleuvent en Ille-et-Vilaine - AlterTour\" \/>\n<meta property=\"og:description\" content=\"Pour cette apr\u00e8s-midi de repos, les cyclistes n&rsquo;ont pas voulu lever le pied et sont all\u00e9\u00b7es \u00e0 la rencontre de deux lieux o\u00f9 les membres s&rsquo;activent pour construire le monde de demain. Premier arr\u00eat : la Zone des Utopies Utiles \u00e0 la Transition, plus commun\u00e9ment appel\u00e9e la Z.U.U.T. ! Nous ... Read More\" \/>\n<meta property=\"og:url\" content=\"https:\/\/www.altercampagne.net\/?p=22927\" \/>\n<meta property=\"og:site_name\" content=\"AlterTour\" \/>\n<meta property=\"article:published_time\" content=\"2021-08-07T18:45:00+00:00\" \/>\n<meta property=\"article:modified_time\" content=\"2021-08-24T16:16:26+00:00\" \/>\n<meta property=\"og:image\" content=\"https:\/\/www.altercampagne.net\/wp-content\/uploads\/2021\/08\/2021-ZUUT-2.jpg\" \/>\n\t<meta property=\"og:image:width\" content=\"1200\" \/>\n\t<meta property=\"og:image:height\" content=\"630\" \/>\n\t<meta property=\"og:image:type\" content=\"image\/jpeg\" \/>\n<meta name=\"author\" content=\"Jonas\" \/>\n<meta name=\"twitter:card\" content=\"summary_large_image\" \/>\n<meta name=\"twitter:label1\" content=\"\u00c9crit par\" \/>\n\t<meta name=\"twitter:data1\" content=\"Jonas\" \/>\n\t<meta name=\"twitter:label2\" content=\"Dur\u00e9e de lecture estim\u00e9e\" \/>\n\t<meta name=\"twitter:data2\" content=\"3 minutes\" \/>\n<script type=\"application\/ld+json\" class=\"yoast-schema-graph\">{\"@context\":\"https:\\\/\\\/schema.org\",\"@graph\":[{\"@type\":\"Article\",\"@id\":\"https:\\\/\\\/www.altercampagne.net\\\/?p=22927#article\",\"isPartOf\":{\"@id\":\"https:\\\/\\\/www.altercampagne.net\\\/?p=22927\"},\"author\":{\"name\":\"Jonas\",\"@id\":\"https:\\\/\\\/www.altercampagne.net\\\/#\\\/schema\\\/person\\\/308dc295a67929d58321ff6b59820daa\"},\"headline\":\"La Z.U.U.T et Calibso : les alternatives pleuvent en Ille-et-Vilaine\",\"datePublished\":\"2021-08-07T18:45:00+00:00\",\"dateModified\":\"2021-08-24T16:16:26+00:00\",\"mainEntityOfPage\":{\"@id\":\"https:\\\/\\\/www.altercampagne.net\\\/?p=22927\"},\"wordCount\":679,\"image\":{\"@id\":\"https:\\\/\\\/www.altercampagne.net\\\/?p=22927#primaryimage\"},\"thumbnailUrl\":\"https:\\\/\\\/www.altercampagne.net\\\/wp-content\\\/uploads\\\/2021\\\/08\\\/2021-ZUUT-2.jpg\",\"keywords\":[\"Z.U.U.T\",\"Calibso\",\"Zone des Utopies Utiles \u00e0 la Transition\",\"Epiniac\"],\"articleSection\":[\"AlterTour\",\"Bretagne\",\"Edition 2021\"],\"inLanguage\":\"fr-FR\"},{\"@type\":\"WebPage\",\"@id\":\"https:\\\/\\\/www.altercampagne.net\\\/?p=22927\",\"url\":\"https:\\\/\\\/www.altercampagne.net\\\/?p=22927\",\"name\":\"La Z.U.U.T et Calibso : les alternatives pleuvent en Ille-et-Vilaine - AlterTour\",\"isPartOf\":{\"@id\":\"https:\\\/\\\/www.altercampagne.net\\\/#website\"},\"primaryImageOfPage\":{\"@id\":\"https:\\\/\\\/www.altercampagne.net\\\/?p=22927#primaryimage\"},\"image\":{\"@id\":\"https:\\\/\\\/www.altercampagne.net\\\/?p=22927#primaryimage\"},\"thumbnailUrl\":\"https:\\\/\\\/www.altercampagne.net\\\/wp-content\\\/uploads\\\/2021\\\/08\\\/2021-ZUUT-2.jpg\",\"datePublished\":\"2021-08-07T18:45:00+00:00\",\"dateModified\":\"2021-08-24T16:16:26+00:00\",\"author\":{\"@id\":\"https:\\\/\\\/www.altercampagne.net\\\/#\\\/schema\\\/person\\\/308dc295a67929d58321ff6b59820daa\"},\"breadcrumb\":{\"@id\":\"https:\\\/\\\/www.altercampagne.net\\\/?p=22927#breadcrumb\"},\"inLanguage\":\"fr-FR\",\"potentialAction\":[{\"@type\":\"ReadAction\",\"target\":[\"https:\\\/\\\/www.altercampagne.net\\\/?p=22927\"]}]},{\"@type\":\"ImageObject\",\"inLanguage\":\"fr-FR\",\"@id\":\"https:\\\/\\\/www.altercampagne.net\\\/?p=22927#primaryimage\",\"url\":\"https:\\\/\\\/www.altercampagne.net\\\/wp-content\\\/uploads\\\/2021\\\/08\\\/2021-ZUUT-2.jpg\",\"contentUrl\":\"https:\\\/\\\/www.altercampagne.net\\\/wp-content\\\/uploads\\\/2021\\\/08\\\/2021-ZUUT-2.jpg\",\"width\":1200,\"height\":630},{\"@type\":\"BreadcrumbList\",\"@id\":\"https:\\\/\\\/www.altercampagne.net\\\/?p=22927#breadcrumb\",\"itemListElement\":[{\"@type\":\"ListItem\",\"position\":1,\"name\":\"Accueil\",\"item\":\"https:\\\/\\\/www.altercampagne.net\\\/\"},{\"@type\":\"ListItem\",\"position\":2,\"name\":\"La Z.U.U.T et Calibso : les alternatives pleuvent en Ille-et-Vilaine\"}]},{\"@type\":\"WebSite\",\"@id\":\"https:\\\/\\\/www.altercampagne.net\\\/#website\",\"url\":\"https:\\\/\\\/www.altercampagne.net\\\/\",\"name\":\"AlterTour\",\"description\":\"Reliez les Alternatives \u00e0 v\u00e9lo\",\"potentialAction\":[{\"@type\":\"SearchAction\",\"target\":{\"@type\":\"EntryPoint\",\"urlTemplate\":\"https:\\\/\\\/www.altercampagne.net\\\/?s={search_term_string}\"},\"query-input\":{\"@type\":\"PropertyValueSpecification\",\"valueRequired\":true,\"valueName\":\"search_term_string\"}}],\"inLanguage\":\"fr-FR\"},{\"@type\":\"Person\",\"@id\":\"https:\\\/\\\/www.altercampagne.net\\\/#\\\/schema\\\/person\\\/308dc295a67929d58321ff6b59820daa\",\"name\":\"Jonas\",\"image\":{\"@type\":\"ImageObject\",\"inLanguage\":\"fr-FR\",\"@id\":\"https:\\\/\\\/secure.gravatar.com\\\/avatar\\\/ade7b451791545d463915f445a8aee91b58c48cdcbc1ab2b8583fa2f30e159e4?s=96&d=mm&r=g\",\"url\":\"https:\\\/\\\/secure.gravatar.com\\\/avatar\\\/ade7b451791545d463915f445a8aee91b58c48cdcbc1ab2b8583fa2f30e159e4?s=96&d=mm&r=g\",\"contentUrl\":\"https:\\\/\\\/secure.gravatar.com\\\/avatar\\\/ade7b451791545d463915f445a8aee91b58c48cdcbc1ab2b8583fa2f30e159e4?s=96&d=mm&r=g\",\"caption\":\"Jonas\"},\"url\":\"https:\\\/\\\/www.altercampagne.net\\\/?author=316\"}]}<\/script>\n<!-- \/ Yoast SEO plugin. -->","yoast_head_json":{"title":"La Z.U.U.T et Calibso : les alternatives pleuvent en Ille-et-Vilaine - AlterTour","robots":{"index":"index","follow":"follow","max-snippet":"max-snippet:-1","max-image-preview":"max-image-preview:large","max-video-preview":"max-video-preview:-1"},"canonical":"https:\/\/www.altercampagne.net\/?p=22927","og_locale":"fr_FR","og_type":"article","og_title":"La Z.U.U.T et Calibso : les alternatives pleuvent en Ille-et-Vilaine - AlterTour","og_description":"Pour cette apr\u00e8s-midi de repos, les cyclistes n&rsquo;ont pas voulu lever le pied et sont all\u00e9\u00b7es \u00e0 la rencontre de deux lieux o\u00f9 les membres s&rsquo;activent pour construire le monde de demain. Premier arr\u00eat : la Zone des Utopies Utiles \u00e0 la Transition, plus commun\u00e9ment appel\u00e9e la Z.U.U.T. ! Nous ... Read More","og_url":"https:\/\/www.altercampagne.net\/?p=22927","og_site_name":"AlterTour","article_published_time":"2021-08-07T18:45:00+00:00","article_modified_time":"2021-08-24T16:16:26+00:00","og_image":[{"width":1200,"height":630,"url":"https:\/\/www.altercampagne.net\/wp-content\/uploads\/2021\/08\/2021-ZUUT-2.jpg","type":"image\/jpeg"}],"author":"Jonas","twitter_card":"summary_large_image","twitter_misc":{"\u00c9crit par":"Jonas","Dur\u00e9e de lecture estim\u00e9e":"3 minutes"},"schema":{"@context":"https:\/\/schema.org","@graph":[{"@type":"Article","@id":"https:\/\/www.altercampagne.net\/?p=22927#article","isPartOf":{"@id":"https:\/\/www.altercampagne.net\/?p=22927"},"author":{"name":"Jonas","@id":"https:\/\/www.altercampagne.net\/#\/schema\/person\/308dc295a67929d58321ff6b59820daa"},"headline":"La Z.U.U.T et Calibso : les alternatives pleuvent en Ille-et-Vilaine","datePublished":"2021-08-07T18:45:00+00:00","dateModified":"2021-08-24T16:16:26+00:00","mainEntityOfPage":{"@id":"https:\/\/www.altercampagne.net\/?p=22927"},"wordCount":679,"image":{"@id":"https:\/\/www.altercampagne.net\/?p=22927#primaryimage"},"thumbnailUrl":"https:\/\/www.altercampagne.net\/wp-content\/uploads\/2021\/08\/2021-ZUUT-2.jpg","keywords":["Z.U.U.T","Calibso","Zone des Utopies Utiles \u00e0 la Transition","Epiniac"],"articleSection":["AlterTour","Bretagne","Edition 2021"],"inLanguage":"fr-FR"},{"@type":"WebPage","@id":"https:\/\/www.altercampagne.net\/?p=22927","url":"https:\/\/www.altercampagne.net\/?p=22927","name":"La Z.U.U.T et Calibso : les alternatives pleuvent en Ille-et-Vilaine - AlterTour","isPartOf":{"@id":"https:\/\/www.altercampagne.net\/#website"},"primaryImageOfPage":{"@id":"https:\/\/www.altercampagne.net\/?p=22927#primaryimage"},"image":{"@id":"https:\/\/www.altercampagne.net\/?p=22927#primaryimage"},"thumbnailUrl":"https:\/\/www.altercampagne.net\/wp-content\/uploads\/2021\/08\/2021-ZUUT-2.jpg","datePublished":"2021-08-07T18:45:00+00:00","dateModified":"2021-08-24T16:16:26+00:00","author":{"@id":"https:\/\/www.altercampagne.net\/#\/schema\/person\/308dc295a67929d58321ff6b59820daa"},"breadcrumb":{"@id":"https:\/\/www.altercampagne.net\/?p=22927#breadcrumb"},"inLanguage":"fr-FR","potentialAction":[{"@type":"ReadAction","target":["https:\/\/www.altercampagne.net\/?p=22927"]}]},{"@type":"ImageObject","inLanguage":"fr-FR","@id":"https:\/\/www.altercampagne.net\/?p=22927#primaryimage","url":"https:\/\/www.altercampagne.net\/wp-content\/uploads\/2021\/08\/2021-ZUUT-2.jpg","contentUrl":"https:\/\/www.altercampagne.net\/wp-content\/uploads\/2021\/08\/2021-ZUUT-2.jpg","width":1200,"height":630},{"@type":"BreadcrumbList","@id":"https:\/\/www.altercampagne.net\/?p=22927#breadcrumb","itemListElement":[{"@type":"ListItem","position":1,"name":"Accueil","item":"https:\/\/www.altercampagne.net\/"},{"@type":"ListItem","position":2,"name":"La Z.U.U.T et Calibso : les alternatives pleuvent en Ille-et-Vilaine"}]},{"@type":"WebSite","@id":"https:\/\/www.altercampagne.net\/#website","url":"https:\/\/www.altercampagne.net\/","name":"AlterTour","description":"Reliez les Alternatives \u00e0 v\u00e9lo","potentialAction":[{"@type":"SearchAction","target":{"@type":"EntryPoint","urlTemplate":"https:\/\/www.altercampagne.net\/?s={search_term_string}"},"query-input":{"@type":"PropertyValueSpecification","valueRequired":true,"valueName":"search_term_string"}}],"inLanguage":"fr-FR"},{"@type":"Person","@id":"https:\/\/www.altercampagne.net\/#\/schema\/person\/308dc295a67929d58321ff6b59820daa","name":"Jonas","image":{"@type":"ImageObject","inLanguage":"fr-FR","@id":"https:\/\/secure.gravatar.com\/avatar\/ade7b451791545d463915f445a8aee91b58c48cdcbc1ab2b8583fa2f30e159e4?s=96&d=mm&r=g","url":"https:\/\/secure.gravatar.com\/avatar\/ade7b451791545d463915f445a8aee91b58c48cdcbc1ab2b8583fa2f30e159e4?s=96&d=mm&r=g","contentUrl":"https:\/\/secure.gravatar.com\/avatar\/ade7b451791545d463915f445a8aee91b58c48cdcbc1ab2b8583fa2f30e159e4?s=96&d=mm&r=g","caption":"Jonas"},"url":"https:\/\/www.altercampagne.net\/?author=316"}]}},"_links":{"self":[{"href":"https:\/\/www.altercampagne.net\/index.php?rest_route=\/wp\/v2\/posts\/22927","targetHints":{"allow":["GET"]}}],"collection":[{"href":"https:\/\/www.altercampagne.net\/index.php?rest_route=\/wp\/v2\/posts"}],"about":[{"href":"https:\/\/www.altercampagne.net\/index.php?rest_route=\/wp\/v2\/types\/post"}],"author":[{"embeddable":true,"href":"https:\/\/www.altercampagne.net\/index.php?rest_route=\/wp\/v2\/users\/316"}],"replies":[{"embeddable":true,"href":"https:\/\/www.altercampagne.net\/index.php?rest_route=%2Fwp%2Fv2%2Fcomments&post=22927"}],"version-history":[{"count":3,"href":"https:\/\/www.altercampagne.net\/index.php?rest_route=\/wp\/v2\/posts\/22927\/revisions"}],"predecessor-version":[{"id":23028,"href":"https:\/\/www.altercampagne.net\/index.php?rest_route=\/wp\/v2\/posts\/22927\/revisions\/23028"}],"wp:featuredmedia":[{"embeddable":true,"href":"https:\/\/www.altercampagne.net\/index.php?rest_route=\/wp\/v2\/media\/22970"}],"wp:attachment":[{"href":"https:\/\/www.altercampagne.net\/index.php?rest_route=%2Fwp%2Fv2%2Fmedia&parent=22927"}],"wp:term":[{"taxonomy":"category","embeddable":true,"href":"https:\/\/www.altercampagne.net\/index.php?rest_route=%2Fwp%2Fv2%2Fcategories&post=22927"},{"taxonomy":"post_tag","embeddable":true,"href":"https:\/\/www.altercampagne.net\/index.php?rest_route=%2Fwp%2Fv2%2Ftags&post=22927"}],"curies":[{"name":"wp","href":"https:\/\/api.w.org\/{rel}","templated":true}]}}