{"id":22934,"date":"2021-08-03T19:35:00","date_gmt":"2021-08-03T17:35:00","guid":{"rendered":"https:\/\/www.altercampagne.net\/?p=22934"},"modified":"2021-08-11T19:57:29","modified_gmt":"2021-08-11T17:57:29","slug":"qui-a-deja-vu-des-cochons-gambader-dans-les-champs","status":"publish","type":"post","link":"https:\/\/www.altercampagne.net\/?p=22934","title":{"rendered":"Qui a d\u00e9j\u00e0 vu des cochons gambader dans les champs ?!?!"},"content":{"rendered":"\n<h4 class=\"wp-block-heading\">Les altercyclistes de l\u2019AlterTour et de l\u2019alter-D-tour !<\/h4>\n\n\n\n<p>En escale les 2 et 3 Ao\u00fbt \u00e0 <strong>la ferme du bois Landelle <\/strong>\u00e0 Hudimesnil, pas tr\u00e8s loin de Granville, les 2 groupes se sont retrouv\u00e9s pour une journ\u00e9e de pause en commun dans cette <strong>ferme biologique certifi\u00e9e AB et Biocoh\u00e9renc<\/strong>e.<\/p>\n\n\n\n<p>Apr\u00e8s 2 bonnes grosses \u00e9tapes de v\u00e9lo (86 puis 60 km, \u00e7a fait maaaaal!), l\u2019AlterTour arrive dans le petit chemin menant \u00e0 la ferme sous les cris et les applaudissements des participant.e.s de l\u2019alter-D-tour, des retrouvailles chaleureuses qui annoncent 2 soir\u00e9es et 1 journ\u00e9e joyeuses et festives.<\/p>\n\n\n\n<p>Et <strong>les porcs sont en effet en train de courir dans les champs<\/strong> au bois Landelle. Parce que c\u2019est comme \u00e7a qu\u2019ils sont en <strong>bonne sant\u00e9 et meilleurs \u00e0 manger<\/strong>.<\/p>\n\n\n\n<h4 class=\"wp-block-heading\">Une communaut\u00e9 militante et autosuffisante<\/h4>\n\n\n\n<p>Nous sommes accueillis par Lucie et Willow, \u00e0 l\u2019origine de cette exploitation en polyculture-\u00e9levage de 60 hectares, partag\u00e9e entre 4 personnes\/familles. Et Lucie et Willow, ils ne rigolent pas quant aux engagements en faveur de l\u2019environnement ! <strong>Autosuffisance, entraide, mutualisation, passivit\u00e9 \u00e9nerg\u00e9tique et respect de l\u2019animal sont les ma\u00eetres mots de ce lieu aux multiples facettes.<\/strong> C\u2019est une <strong>communaut\u00e9 militante<\/strong>, h\u00e9bergeant une boulangerie, une fromagerie, une yourte\/bar associatif et accueillant tous les vendredis un march\u00e9 de producteurices permettant de vendre en direct toute la production de la ferme.<\/p>\n\n\n\n<figure class=\"wp-block-image size-large is-resized\"><a href=\"https:\/\/www.altercampagne.net\/wp-content\/uploads\/2021\/05\/le-bois-landelle-entree.png\"><img loading=\"lazy\" decoding=\"async\" src=\"https:\/\/www.altercampagne.net\/wp-content\/uploads\/2021\/05\/le-bois-landelle-entree.png\" alt=\"\" class=\"wp-image-22215\" width=\"579\" height=\"352\" srcset=\"https:\/\/www.altercampagne.net\/wp-content\/uploads\/2021\/05\/le-bois-landelle-entree.png 403w, https:\/\/www.altercampagne.net\/wp-content\/uploads\/2021\/05\/le-bois-landelle-entree-300x182.png 300w, https:\/\/www.altercampagne.net\/wp-content\/uploads\/2021\/05\/le-bois-landelle-entree-100x61.png 100w\" sizes=\"auto, (max-width: 579px) 100vw, 579px\" \/><\/a><\/figure>\n\n\n\n<p>Au r\u00e9veil le 3 Ao\u00fbt nous d\u00e9couvrons tout le potentiel de ce vivifiant projet, pr\u00e9sent\u00e9 par Lucie, qui nous fait visiter les lieux et nous explique, avec Willow, leur d\u00e9marche et leur parcours. C\u2019est d\u2019abord l\u2019adage : <strong>\u00ab\u00a0l\u2019union fait la force\u00a0\u00bb<\/strong> qui d\u00e9termine le lieu. On s\u2019\u00e9change le mat\u00e9riel agricole, on mutualise les terres, on se pr\u00eate main forte \u00e0 plusieurs, fonction des t\u00e2ches et des p\u00e9riodes de l\u2019ann\u00e9e. Ceci permet de <strong>d\u00e9multiplier les activit\u00e9s tout en restant coh\u00e9rent<\/strong>.<\/p>\n\n\n\n<p>A cela on ajoute un sentiment fort de libert\u00e9 puisqu\u2019il se trouve que tout ce fonctionnement ne b\u00e9n\u00e9ficie d\u2019aucun soutien de quelque banque que ce soit. <em>\u00ab\u00a0Pour quoi faire une banque?!\u00a0\u00bb<\/em> dit Willow.<\/p>\n\n\n\n<h4 class=\"wp-block-heading\">Une journ\u00e9e qui a fourmill\u00e9 !<\/h4>\n\n\n\n<p>Cerise sur le g\u00e2teau, on distille, on infuse, en partageant au plus grand nombre, en accueillant des groupes, des familles, des voyageur.e.s de passage. C\u2019est ainsi que <strong>nous avons pass\u00e9 la journ\u00e9e entre ateliers et conf\u00e9rences, rencontres et \u00e9changes<\/strong>, avant de participer \u00e0 une fiesta qui n\u2019a rien \u00e0 envier aux festivals estivaux renomm\u00e9s.<\/p>\n\n\n\n<p>Matin et apr\u00e8s-midi se sont organis\u00e9s autour du <strong>montage d\u2019une serre mobile exp\u00e9rimentale pour le mara\u00eechage<\/strong>, de <strong>conf\u00e9rences<\/strong> avec la <strong>conf\u00e9d\u00e9ration paysanne<\/strong>, d\u2019<strong>atelier couture de sacs \u00e0 pain<\/strong> ou encore d\u2019une projection du film \u00ab\u00a0<strong>Watt the fish<\/strong>\u00a0\u00bb pr\u00eat\u00e9 par l\u2019<strong><a href=\"https:\/\/www.bloomassociation.org\/\" target=\"_blank\" rel=\"noreferrer noopener\">association Bloom<\/a><\/strong> et de la pr\u00e9paration de la <strong>f\u00eate<\/strong> tant attendue du soir, o\u00f9 nombreux.ses furent les participant.e.s autour de batucada, concerts, buvette et repas, le tout pour <strong>financer un poste pour la cellule locale de la conf\u00e9d\u00e9ration paysanne<\/strong>.<\/p>\n\n\n\n<p>Un tr\u00e8s beau <strong>t\u00e9moignage de la vivacit\u00e9 du monde paysan, de sa capacit\u00e9 d\u2019innovation et de rassemblement<\/strong>. On aurait bien pass\u00e9 une journ\u00e9e suppl\u00e9mentaire (surtout que la serre n\u2019est pas termin\u00e9e, oups\u2026) mais l\u2019aventure continue, vers d\u2019autres projets!<\/p>\n\n\n\n<p class=\"has-text-align-right\"><em>Anna<\/em><\/p>\n","protected":false},"excerpt":{"rendered":"<p>Nous sommes accueillis par Lucie et Willow, \u00e0 l\u2019origine de la ferme du Bois LAndelle, une exploitation en polyculture-\u00e9levage de 60 hectares, partag\u00e9e entre 4 personnes\/familles. Et Lucie et Willow, ils ne rigolent pas quant aux engagements en faveur de l\u2019environnement ! Autosuffisance, entraide, mutualisation, passivit\u00e9 \u00e9nerg\u00e9tique et respect de l\u2019animal sont les ma\u00eetres mots de ce lieu aux multiples facettes.<\/p>\n","protected":false},"author":215,"featured_media":22213,"comment_status":"closed","ping_status":"closed","sticky":false,"template":"","format":"standard","meta":{"footnotes":""},"categories":[3483,4313,4311,4198,3478,3540],"tags":[],"class_list":["post-22934","post","type-post","status-publish","format-standard","has-post-thumbnail","hentry","category-agriculture","category-altertour","category-alter-d-tour","category-edition-2021","category-normandie","category-transverse"],"yoast_head":"<!-- This site is optimized with the Yoast SEO plugin v27.3 - https:\/\/yoast.com\/product\/yoast-seo-wordpress\/ -->\n<title>Qui a d\u00e9j\u00e0 vu des cochons gambader dans les champs ?!?! - AlterTour<\/title>\n<meta name=\"robots\" content=\"index, follow, max-snippet:-1, max-image-preview:large, max-video-preview:-1\" \/>\n<link rel=\"canonical\" href=\"https:\/\/www.altercampagne.net\/?p=22934\" \/>\n<meta property=\"og:locale\" content=\"fr_FR\" \/>\n<meta property=\"og:type\" content=\"article\" \/>\n<meta property=\"og:title\" content=\"Qui a d\u00e9j\u00e0 vu des cochons gambader dans les champs ?!?! - AlterTour\" \/>\n<meta property=\"og:description\" content=\"Nous sommes accueillis par Lucie et Willow, \u00e0 l\u2019origine de la ferme du Bois LAndelle, une exploitation en polyculture-\u00e9levage de 60 hectares, partag\u00e9e entre 4 personnes\/familles. Et Lucie et Willow, ils ne rigolent pas quant aux engagements en faveur de l\u2019environnement ! Autosuffisance, entraide, mutualisation, passivit\u00e9 \u00e9nerg\u00e9tique et respect de l\u2019animal sont les ma\u00eetres mots de ce lieu aux multiples facettes.\" \/>\n<meta property=\"og:url\" content=\"https:\/\/www.altercampagne.net\/?p=22934\" \/>\n<meta property=\"og:site_name\" content=\"AlterTour\" \/>\n<meta property=\"article:published_time\" content=\"2021-08-03T17:35:00+00:00\" \/>\n<meta property=\"article:modified_time\" content=\"2021-08-11T17:57:29+00:00\" \/>\n<meta property=\"og:image\" content=\"https:\/\/www.altercampagne.net\/wp-content\/uploads\/2021\/05\/bois-landelle-producteurs-e1623301027788.jpg\" \/>\n\t<meta property=\"og:image:width\" content=\"1000\" \/>\n\t<meta property=\"og:image:height\" content=\"523\" \/>\n\t<meta property=\"og:image:type\" content=\"image\/jpeg\" \/>\n<meta name=\"author\" content=\"AlterTour\" \/>\n<meta name=\"twitter:card\" content=\"summary_large_image\" \/>\n<meta name=\"twitter:label1\" content=\"\u00c9crit par\" \/>\n\t<meta name=\"twitter:data1\" content=\"AlterTour\" \/>\n\t<meta name=\"twitter:label2\" content=\"Dur\u00e9e de lecture estim\u00e9e\" \/>\n\t<meta name=\"twitter:data2\" content=\"3 minutes\" \/>\n<script type=\"application\/ld+json\" class=\"yoast-schema-graph\">{\"@context\":\"https:\\\/\\\/schema.org\",\"@graph\":[{\"@type\":\"Article\",\"@id\":\"https:\\\/\\\/www.altercampagne.net\\\/?p=22934#article\",\"isPartOf\":{\"@id\":\"https:\\\/\\\/www.altercampagne.net\\\/?p=22934\"},\"author\":{\"name\":\"AlterTour\",\"@id\":\"https:\\\/\\\/www.altercampagne.net\\\/#\\\/schema\\\/person\\\/e5b68c803196f649c2152249d262d94a\"},\"headline\":\"Qui a d\u00e9j\u00e0 vu des cochons gambader dans les champs ?!?!\",\"datePublished\":\"2021-08-03T17:35:00+00:00\",\"dateModified\":\"2021-08-11T17:57:29+00:00\",\"mainEntityOfPage\":{\"@id\":\"https:\\\/\\\/www.altercampagne.net\\\/?p=22934\"},\"wordCount\":585,\"image\":{\"@id\":\"https:\\\/\\\/www.altercampagne.net\\\/?p=22934#primaryimage\"},\"thumbnailUrl\":\"https:\\\/\\\/www.altercampagne.net\\\/wp-content\\\/uploads\\\/2021\\\/05\\\/bois-landelle-producteurs-e1623301027788.jpg\",\"articleSection\":[\"Agriculture\",\"AlterTour\",\"Alter-D-tour\",\"Edition 2021\",\"Normandie\",\"Transverse\"],\"inLanguage\":\"fr-FR\"},{\"@type\":\"WebPage\",\"@id\":\"https:\\\/\\\/www.altercampagne.net\\\/?p=22934\",\"url\":\"https:\\\/\\\/www.altercampagne.net\\\/?p=22934\",\"name\":\"Qui a d\u00e9j\u00e0 vu des cochons gambader dans les champs ?!?! - AlterTour\",\"isPartOf\":{\"@id\":\"https:\\\/\\\/www.altercampagne.net\\\/#website\"},\"primaryImageOfPage\":{\"@id\":\"https:\\\/\\\/www.altercampagne.net\\\/?p=22934#primaryimage\"},\"image\":{\"@id\":\"https:\\\/\\\/www.altercampagne.net\\\/?p=22934#primaryimage\"},\"thumbnailUrl\":\"https:\\\/\\\/www.altercampagne.net\\\/wp-content\\\/uploads\\\/2021\\\/05\\\/bois-landelle-producteurs-e1623301027788.jpg\",\"datePublished\":\"2021-08-03T17:35:00+00:00\",\"dateModified\":\"2021-08-11T17:57:29+00:00\",\"author\":{\"@id\":\"https:\\\/\\\/www.altercampagne.net\\\/#\\\/schema\\\/person\\\/e5b68c803196f649c2152249d262d94a\"},\"breadcrumb\":{\"@id\":\"https:\\\/\\\/www.altercampagne.net\\\/?p=22934#breadcrumb\"},\"inLanguage\":\"fr-FR\",\"potentialAction\":[{\"@type\":\"ReadAction\",\"target\":[\"https:\\\/\\\/www.altercampagne.net\\\/?p=22934\"]}]},{\"@type\":\"ImageObject\",\"inLanguage\":\"fr-FR\",\"@id\":\"https:\\\/\\\/www.altercampagne.net\\\/?p=22934#primaryimage\",\"url\":\"https:\\\/\\\/www.altercampagne.net\\\/wp-content\\\/uploads\\\/2021\\\/05\\\/bois-landelle-producteurs-e1623301027788.jpg\",\"contentUrl\":\"https:\\\/\\\/www.altercampagne.net\\\/wp-content\\\/uploads\\\/2021\\\/05\\\/bois-landelle-producteurs-e1623301027788.jpg\",\"width\":1000,\"height\":523},{\"@type\":\"BreadcrumbList\",\"@id\":\"https:\\\/\\\/www.altercampagne.net\\\/?p=22934#breadcrumb\",\"itemListElement\":[{\"@type\":\"ListItem\",\"position\":1,\"name\":\"Accueil\",\"item\":\"https:\\\/\\\/www.altercampagne.net\\\/\"},{\"@type\":\"ListItem\",\"position\":2,\"name\":\"Qui a d\u00e9j\u00e0 vu des cochons gambader dans les champs ?!?!\"}]},{\"@type\":\"WebSite\",\"@id\":\"https:\\\/\\\/www.altercampagne.net\\\/#website\",\"url\":\"https:\\\/\\\/www.altercampagne.net\\\/\",\"name\":\"AlterTour\",\"description\":\"Reliez les Alternatives \u00e0 v\u00e9lo\",\"potentialAction\":[{\"@type\":\"SearchAction\",\"target\":{\"@type\":\"EntryPoint\",\"urlTemplate\":\"https:\\\/\\\/www.altercampagne.net\\\/?s={search_term_string}\"},\"query-input\":{\"@type\":\"PropertyValueSpecification\",\"valueRequired\":true,\"valueName\":\"search_term_string\"}}],\"inLanguage\":\"fr-FR\"},{\"@type\":\"Person\",\"@id\":\"https:\\\/\\\/www.altercampagne.net\\\/#\\\/schema\\\/person\\\/e5b68c803196f649c2152249d262d94a\",\"name\":\"AlterTour\",\"image\":{\"@type\":\"ImageObject\",\"inLanguage\":\"fr-FR\",\"@id\":\"https:\\\/\\\/secure.gravatar.com\\\/avatar\\\/3f2ed77f8506b8ea264ad5938bb0114bfa10f35b64086a66dfbb6e9f58ad9693?s=96&d=mm&r=g\",\"url\":\"https:\\\/\\\/secure.gravatar.com\\\/avatar\\\/3f2ed77f8506b8ea264ad5938bb0114bfa10f35b64086a66dfbb6e9f58ad9693?s=96&d=mm&r=g\",\"contentUrl\":\"https:\\\/\\\/secure.gravatar.com\\\/avatar\\\/3f2ed77f8506b8ea264ad5938bb0114bfa10f35b64086a66dfbb6e9f58ad9693?s=96&d=mm&r=g\",\"caption\":\"AlterTour\"},\"url\":\"https:\\\/\\\/www.altercampagne.net\\\/?author=215\"}]}<\/script>\n<!-- \/ Yoast SEO plugin. -->","yoast_head_json":{"title":"Qui a d\u00e9j\u00e0 vu des cochons gambader dans les champs ?!?! - AlterTour","robots":{"index":"index","follow":"follow","max-snippet":"max-snippet:-1","max-image-preview":"max-image-preview:large","max-video-preview":"max-video-preview:-1"},"canonical":"https:\/\/www.altercampagne.net\/?p=22934","og_locale":"fr_FR","og_type":"article","og_title":"Qui a d\u00e9j\u00e0 vu des cochons gambader dans les champs ?!?! - AlterTour","og_description":"Nous sommes accueillis par Lucie et Willow, \u00e0 l\u2019origine de la ferme du Bois LAndelle, une exploitation en polyculture-\u00e9levage de 60 hectares, partag\u00e9e entre 4 personnes\/familles. Et Lucie et Willow, ils ne rigolent pas quant aux engagements en faveur de l\u2019environnement ! Autosuffisance, entraide, mutualisation, passivit\u00e9 \u00e9nerg\u00e9tique et respect de l\u2019animal sont les ma\u00eetres mots de ce lieu aux multiples facettes.","og_url":"https:\/\/www.altercampagne.net\/?p=22934","og_site_name":"AlterTour","article_published_time":"2021-08-03T17:35:00+00:00","article_modified_time":"2021-08-11T17:57:29+00:00","og_image":[{"width":1000,"height":523,"url":"https:\/\/www.altercampagne.net\/wp-content\/uploads\/2021\/05\/bois-landelle-producteurs-e1623301027788.jpg","type":"image\/jpeg"}],"author":"AlterTour","twitter_card":"summary_large_image","twitter_misc":{"\u00c9crit par":"AlterTour","Dur\u00e9e de lecture estim\u00e9e":"3 minutes"},"schema":{"@context":"https:\/\/schema.org","@graph":[{"@type":"Article","@id":"https:\/\/www.altercampagne.net\/?p=22934#article","isPartOf":{"@id":"https:\/\/www.altercampagne.net\/?p=22934"},"author":{"name":"AlterTour","@id":"https:\/\/www.altercampagne.net\/#\/schema\/person\/e5b68c803196f649c2152249d262d94a"},"headline":"Qui a d\u00e9j\u00e0 vu des cochons gambader dans les champs ?!?!","datePublished":"2021-08-03T17:35:00+00:00","dateModified":"2021-08-11T17:57:29+00:00","mainEntityOfPage":{"@id":"https:\/\/www.altercampagne.net\/?p=22934"},"wordCount":585,"image":{"@id":"https:\/\/www.altercampagne.net\/?p=22934#primaryimage"},"thumbnailUrl":"https:\/\/www.altercampagne.net\/wp-content\/uploads\/2021\/05\/bois-landelle-producteurs-e1623301027788.jpg","articleSection":["Agriculture","AlterTour","Alter-D-tour","Edition 2021","Normandie","Transverse"],"inLanguage":"fr-FR"},{"@type":"WebPage","@id":"https:\/\/www.altercampagne.net\/?p=22934","url":"https:\/\/www.altercampagne.net\/?p=22934","name":"Qui a d\u00e9j\u00e0 vu des cochons gambader dans les champs ?!?! - AlterTour","isPartOf":{"@id":"https:\/\/www.altercampagne.net\/#website"},"primaryImageOfPage":{"@id":"https:\/\/www.altercampagne.net\/?p=22934#primaryimage"},"image":{"@id":"https:\/\/www.altercampagne.net\/?p=22934#primaryimage"},"thumbnailUrl":"https:\/\/www.altercampagne.net\/wp-content\/uploads\/2021\/05\/bois-landelle-producteurs-e1623301027788.jpg","datePublished":"2021-08-03T17:35:00+00:00","dateModified":"2021-08-11T17:57:29+00:00","author":{"@id":"https:\/\/www.altercampagne.net\/#\/schema\/person\/e5b68c803196f649c2152249d262d94a"},"breadcrumb":{"@id":"https:\/\/www.altercampagne.net\/?p=22934#breadcrumb"},"inLanguage":"fr-FR","potentialAction":[{"@type":"ReadAction","target":["https:\/\/www.altercampagne.net\/?p=22934"]}]},{"@type":"ImageObject","inLanguage":"fr-FR","@id":"https:\/\/www.altercampagne.net\/?p=22934#primaryimage","url":"https:\/\/www.altercampagne.net\/wp-content\/uploads\/2021\/05\/bois-landelle-producteurs-e1623301027788.jpg","contentUrl":"https:\/\/www.altercampagne.net\/wp-content\/uploads\/2021\/05\/bois-landelle-producteurs-e1623301027788.jpg","width":1000,"height":523},{"@type":"BreadcrumbList","@id":"https:\/\/www.altercampagne.net\/?p=22934#breadcrumb","itemListElement":[{"@type":"ListItem","position":1,"name":"Accueil","item":"https:\/\/www.altercampagne.net\/"},{"@type":"ListItem","position":2,"name":"Qui a d\u00e9j\u00e0 vu des cochons gambader dans les champs ?!?!"}]},{"@type":"WebSite","@id":"https:\/\/www.altercampagne.net\/#website","url":"https:\/\/www.altercampagne.net\/","name":"AlterTour","description":"Reliez les Alternatives \u00e0 v\u00e9lo","potentialAction":[{"@type":"SearchAction","target":{"@type":"EntryPoint","urlTemplate":"https:\/\/www.altercampagne.net\/?s={search_term_string}"},"query-input":{"@type":"PropertyValueSpecification","valueRequired":true,"valueName":"search_term_string"}}],"inLanguage":"fr-FR"},{"@type":"Person","@id":"https:\/\/www.altercampagne.net\/#\/schema\/person\/e5b68c803196f649c2152249d262d94a","name":"AlterTour","image":{"@type":"ImageObject","inLanguage":"fr-FR","@id":"https:\/\/secure.gravatar.com\/avatar\/3f2ed77f8506b8ea264ad5938bb0114bfa10f35b64086a66dfbb6e9f58ad9693?s=96&d=mm&r=g","url":"https:\/\/secure.gravatar.com\/avatar\/3f2ed77f8506b8ea264ad5938bb0114bfa10f35b64086a66dfbb6e9f58ad9693?s=96&d=mm&r=g","contentUrl":"https:\/\/secure.gravatar.com\/avatar\/3f2ed77f8506b8ea264ad5938bb0114bfa10f35b64086a66dfbb6e9f58ad9693?s=96&d=mm&r=g","caption":"AlterTour"},"url":"https:\/\/www.altercampagne.net\/?author=215"}]}},"_links":{"self":[{"href":"https:\/\/www.altercampagne.net\/index.php?rest_route=\/wp\/v2\/posts\/22934","targetHints":{"allow":["GET"]}}],"collection":[{"href":"https:\/\/www.altercampagne.net\/index.php?rest_route=\/wp\/v2\/posts"}],"about":[{"href":"https:\/\/www.altercampagne.net\/index.php?rest_route=\/wp\/v2\/types\/post"}],"author":[{"embeddable":true,"href":"https:\/\/www.altercampagne.net\/index.php?rest_route=\/wp\/v2\/users\/215"}],"replies":[{"embeddable":true,"href":"https:\/\/www.altercampagne.net\/index.php?rest_route=%2Fwp%2Fv2%2Fcomments&post=22934"}],"version-history":[{"count":1,"href":"https:\/\/www.altercampagne.net\/index.php?rest_route=\/wp\/v2\/posts\/22934\/revisions"}],"predecessor-version":[{"id":22935,"href":"https:\/\/www.altercampagne.net\/index.php?rest_route=\/wp\/v2\/posts\/22934\/revisions\/22935"}],"wp:featuredmedia":[{"embeddable":true,"href":"https:\/\/www.altercampagne.net\/index.php?rest_route=\/wp\/v2\/media\/22213"}],"wp:attachment":[{"href":"https:\/\/www.altercampagne.net\/index.php?rest_route=%2Fwp%2Fv2%2Fmedia&parent=22934"}],"wp:term":[{"taxonomy":"category","embeddable":true,"href":"https:\/\/www.altercampagne.net\/index.php?rest_route=%2Fwp%2Fv2%2Fcategories&post=22934"},{"taxonomy":"post_tag","embeddable":true,"href":"https:\/\/www.altercampagne.net\/index.php?rest_route=%2Fwp%2Fv2%2Ftags&post=22934"}],"curies":[{"name":"wp","href":"https:\/\/api.w.org\/{rel}","templated":true}]}}