{"id":22937,"date":"2021-08-05T19:58:00","date_gmt":"2021-08-05T17:58:00","guid":{"rendered":"https:\/\/www.altercampagne.net\/?p=22937"},"modified":"2021-08-12T08:28:48","modified_gmt":"2021-08-12T06:28:48","slug":"le-bien-etre-au-fond-du-pre","status":"publish","type":"post","link":"https:\/\/www.altercampagne.net\/?p=22937","title":{"rendered":"Le bien \u00eatre au fond du pr\u00e9"},"content":{"rendered":"\n<p>En arrivant \u00e0 proximit\u00e9 de l\u2019\u00e9table du <strong><a href=\"https:\/\/jardindutrefle.jimdofree.com\/\" target=\"_blank\" rel=\"noreferrer noopener\">Jardin de Tr\u00e8fle<\/a><\/strong>, nous sommes accueilli.e.s par le plus agile chat de la ferme, du haut de ses trois pattes quel mod\u00e8le de r\u00e9silience !&nbsp;<\/p>\n\n\n\n<p><strong>Les vaches<\/strong> de Pierre et son \u00e9quipe <strong>p\u00e2turent toute l\u2019ann\u00e9e en plein air<\/strong>, elles sont sollicit\u00e9es uniquement le matin pour la seule traite de la journ\u00e9e. Les \u00e9leveurs aiment \u00e0 dire qu\u2019ils sont de simples restaurateurs pour leurs vaches, elles leur fournissent leur lait contre bons soins et de la nourriture lorsque les pr\u00e9s sont endormis en hiver.&nbsp;<strong>Le p\u00e2turage est pratiqu\u00e9 en tournant dynamique<\/strong>, \u00e0 l\u2019aide d\u2019un fil avant, <strong>tous les trois jours les vaches avancent dans le pr\u00e9 pour permettre le renouvellement des prairies<\/strong>. Les nourrices p\u00e2turent de leur c\u00f4t\u00e9 avec les quelques veaux. Toutes les vaches de la ferme ont l\u2019opportunit\u00e9 d\u2019\u00e9lever au moins un veau dans leur vie.&nbsp;<\/p>\n\n\n\n<h4 class=\"wp-block-heading\">Il parait qu\u2019\u00e7a t\u2019g\u00e8ne de jouer dans la boue !&nbsp;<\/h4>\n\n\n\n<p>La plupart des b\u00e2timent de la ferme sont anciens et construit \u00e0 partir de <strong>techniques de constructions ancestrales, comme le torchis<\/strong>.&nbsp;Plusieurs murs commencent \u00e0 montrer des faiblesses. Certain.e.s altercyclistes ont pu mettre la main \u00e0 l\u2019argile pour commencer les <strong>r\u00e9parations des murs<\/strong> int\u00e9rieurs de l\u2019\u00e9table.<\/p>\n\n\n\n<h4 class=\"wp-block-heading\">A\u00efe Ou\u00eflle\u2026 En short dans les orties !<\/h4>\n\n\n\n<p>Une partie de l\u2019\u00e9quipe a proc\u00e9d\u00e9 \u00e0 la <strong>cueillette d\u2019orties<\/strong> pour alimenter le s\u00e9choir.&nbsp;Ces plantes s\u00e9ch\u00e9es par le s\u00e9choir solaire fabriqu\u00e9 maison permettent d\u2019<strong>agr\u00e9menter les tomes<\/strong> de la ferme.&nbsp;<\/p>\n\n\n\n<h4 class=\"wp-block-heading\">Place \u00e0 la musique&nbsp;<\/h4>\n\n\n\n<p>Plusieurs voisins et personnes de passage ont pu profiter avec les altercyclistes d\u2019une soir\u00e9e pour apprendre les <strong>danses traditionnelles bretonnes avec l\u2019aide de Marion<\/strong> (animation danse) et Tristan (musique). Au menu, le tourniquet, le cercle circassien, etc. L\u2019ambiance \u00e9tait au rendez-vous, jusque tard dans la nuit, certains auront s\u00fbrement du mal \u00e0 p\u00e9daler le lendemain !<\/p>\n\n\n\n<p class=\"has-text-align-right\"><em>Elise<\/em><\/p>\n","protected":false},"excerpt":{"rendered":"<p>En arrivant \u00e0 proximit\u00e9 de l\u2019\u00e9table du Jardin de Tr\u00e8fle, nous sommes accueilli.e.s par le plus agile chat de la ferme, du haut de ses trois pattes quel mod\u00e8le de r\u00e9silience ! <\/p>\n","protected":false},"author":215,"featured_media":22938,"comment_status":"closed","ping_status":"closed","sticky":false,"template":"","format":"standard","meta":{"footnotes":""},"categories":[3483,4313,4198],"tags":[],"class_list":["post-22937","post","type-post","status-publish","format-standard","has-post-thumbnail","hentry","category-agriculture","category-altertour","category-edition-2021"],"yoast_head":"<!-- This site is optimized with the Yoast SEO plugin v27.3 - https:\/\/yoast.com\/product\/yoast-seo-wordpress\/ -->\n<title>Le bien \u00eatre au fond du pr\u00e9 - AlterTour<\/title>\n<meta name=\"robots\" content=\"index, follow, max-snippet:-1, max-image-preview:large, max-video-preview:-1\" \/>\n<link rel=\"canonical\" href=\"https:\/\/www.altercampagne.net\/?p=22937\" \/>\n<meta property=\"og:locale\" content=\"fr_FR\" \/>\n<meta property=\"og:type\" content=\"article\" \/>\n<meta property=\"og:title\" content=\"Le bien \u00eatre au fond du pr\u00e9 - AlterTour\" \/>\n<meta property=\"og:description\" content=\"En arrivant \u00e0 proximit\u00e9 de l\u2019\u00e9table du Jardin de Tr\u00e8fle, nous sommes accueilli.e.s par le plus agile chat de la ferme, du haut de ses trois pattes quel mod\u00e8le de r\u00e9silience !\" \/>\n<meta property=\"og:url\" content=\"https:\/\/www.altercampagne.net\/?p=22937\" \/>\n<meta property=\"og:site_name\" content=\"AlterTour\" \/>\n<meta property=\"article:published_time\" content=\"2021-08-05T17:58:00+00:00\" \/>\n<meta property=\"article:modified_time\" content=\"2021-08-12T06:28:48+00:00\" \/>\n<meta property=\"og:image\" content=\"https:\/\/www.altercampagne.net\/wp-content\/uploads\/2021\/08\/Jardin-du-trefle-2.jpg\" \/>\n\t<meta property=\"og:image:width\" content=\"1920\" \/>\n\t<meta property=\"og:image:height\" content=\"1276\" \/>\n\t<meta property=\"og:image:type\" content=\"image\/jpeg\" \/>\n<meta name=\"author\" content=\"AlterTour\" \/>\n<meta name=\"twitter:card\" content=\"summary_large_image\" \/>\n<meta name=\"twitter:label1\" content=\"\u00c9crit par\" \/>\n\t<meta name=\"twitter:data1\" content=\"AlterTour\" \/>\n\t<meta name=\"twitter:label2\" content=\"Dur\u00e9e de lecture estim\u00e9e\" \/>\n\t<meta name=\"twitter:data2\" content=\"2 minutes\" \/>\n<script type=\"application\/ld+json\" class=\"yoast-schema-graph\">{\"@context\":\"https:\\\/\\\/schema.org\",\"@graph\":[{\"@type\":\"Article\",\"@id\":\"https:\\\/\\\/www.altercampagne.net\\\/?p=22937#article\",\"isPartOf\":{\"@id\":\"https:\\\/\\\/www.altercampagne.net\\\/?p=22937\"},\"author\":{\"name\":\"AlterTour\",\"@id\":\"https:\\\/\\\/www.altercampagne.net\\\/#\\\/schema\\\/person\\\/e5b68c803196f649c2152249d262d94a\"},\"headline\":\"Le bien \u00eatre au fond du pr\u00e9\",\"datePublished\":\"2021-08-05T17:58:00+00:00\",\"dateModified\":\"2021-08-12T06:28:48+00:00\",\"mainEntityOfPage\":{\"@id\":\"https:\\\/\\\/www.altercampagne.net\\\/?p=22937\"},\"wordCount\":348,\"image\":{\"@id\":\"https:\\\/\\\/www.altercampagne.net\\\/?p=22937#primaryimage\"},\"thumbnailUrl\":\"https:\\\/\\\/www.altercampagne.net\\\/wp-content\\\/uploads\\\/2021\\\/08\\\/Jardin-du-trefle-2.jpg\",\"articleSection\":[\"Agriculture\",\"AlterTour\",\"Edition 2021\"],\"inLanguage\":\"fr-FR\"},{\"@type\":\"WebPage\",\"@id\":\"https:\\\/\\\/www.altercampagne.net\\\/?p=22937\",\"url\":\"https:\\\/\\\/www.altercampagne.net\\\/?p=22937\",\"name\":\"Le bien \u00eatre au fond du pr\u00e9 - AlterTour\",\"isPartOf\":{\"@id\":\"https:\\\/\\\/www.altercampagne.net\\\/#website\"},\"primaryImageOfPage\":{\"@id\":\"https:\\\/\\\/www.altercampagne.net\\\/?p=22937#primaryimage\"},\"image\":{\"@id\":\"https:\\\/\\\/www.altercampagne.net\\\/?p=22937#primaryimage\"},\"thumbnailUrl\":\"https:\\\/\\\/www.altercampagne.net\\\/wp-content\\\/uploads\\\/2021\\\/08\\\/Jardin-du-trefle-2.jpg\",\"datePublished\":\"2021-08-05T17:58:00+00:00\",\"dateModified\":\"2021-08-12T06:28:48+00:00\",\"author\":{\"@id\":\"https:\\\/\\\/www.altercampagne.net\\\/#\\\/schema\\\/person\\\/e5b68c803196f649c2152249d262d94a\"},\"breadcrumb\":{\"@id\":\"https:\\\/\\\/www.altercampagne.net\\\/?p=22937#breadcrumb\"},\"inLanguage\":\"fr-FR\",\"potentialAction\":[{\"@type\":\"ReadAction\",\"target\":[\"https:\\\/\\\/www.altercampagne.net\\\/?p=22937\"]}]},{\"@type\":\"ImageObject\",\"inLanguage\":\"fr-FR\",\"@id\":\"https:\\\/\\\/www.altercampagne.net\\\/?p=22937#primaryimage\",\"url\":\"https:\\\/\\\/www.altercampagne.net\\\/wp-content\\\/uploads\\\/2021\\\/08\\\/Jardin-du-trefle-2.jpg\",\"contentUrl\":\"https:\\\/\\\/www.altercampagne.net\\\/wp-content\\\/uploads\\\/2021\\\/08\\\/Jardin-du-trefle-2.jpg\",\"width\":1920,\"height\":1276},{\"@type\":\"BreadcrumbList\",\"@id\":\"https:\\\/\\\/www.altercampagne.net\\\/?p=22937#breadcrumb\",\"itemListElement\":[{\"@type\":\"ListItem\",\"position\":1,\"name\":\"Accueil\",\"item\":\"https:\\\/\\\/www.altercampagne.net\\\/\"},{\"@type\":\"ListItem\",\"position\":2,\"name\":\"Le bien \u00eatre au fond du pr\u00e9\"}]},{\"@type\":\"WebSite\",\"@id\":\"https:\\\/\\\/www.altercampagne.net\\\/#website\",\"url\":\"https:\\\/\\\/www.altercampagne.net\\\/\",\"name\":\"AlterTour\",\"description\":\"Reliez les Alternatives \u00e0 v\u00e9lo\",\"potentialAction\":[{\"@type\":\"SearchAction\",\"target\":{\"@type\":\"EntryPoint\",\"urlTemplate\":\"https:\\\/\\\/www.altercampagne.net\\\/?s={search_term_string}\"},\"query-input\":{\"@type\":\"PropertyValueSpecification\",\"valueRequired\":true,\"valueName\":\"search_term_string\"}}],\"inLanguage\":\"fr-FR\"},{\"@type\":\"Person\",\"@id\":\"https:\\\/\\\/www.altercampagne.net\\\/#\\\/schema\\\/person\\\/e5b68c803196f649c2152249d262d94a\",\"name\":\"AlterTour\",\"image\":{\"@type\":\"ImageObject\",\"inLanguage\":\"fr-FR\",\"@id\":\"https:\\\/\\\/secure.gravatar.com\\\/avatar\\\/3f2ed77f8506b8ea264ad5938bb0114bfa10f35b64086a66dfbb6e9f58ad9693?s=96&d=mm&r=g\",\"url\":\"https:\\\/\\\/secure.gravatar.com\\\/avatar\\\/3f2ed77f8506b8ea264ad5938bb0114bfa10f35b64086a66dfbb6e9f58ad9693?s=96&d=mm&r=g\",\"contentUrl\":\"https:\\\/\\\/secure.gravatar.com\\\/avatar\\\/3f2ed77f8506b8ea264ad5938bb0114bfa10f35b64086a66dfbb6e9f58ad9693?s=96&d=mm&r=g\",\"caption\":\"AlterTour\"},\"url\":\"https:\\\/\\\/www.altercampagne.net\\\/?author=215\"}]}<\/script>\n<!-- \/ Yoast SEO plugin. -->","yoast_head_json":{"title":"Le bien \u00eatre au fond du pr\u00e9 - AlterTour","robots":{"index":"index","follow":"follow","max-snippet":"max-snippet:-1","max-image-preview":"max-image-preview:large","max-video-preview":"max-video-preview:-1"},"canonical":"https:\/\/www.altercampagne.net\/?p=22937","og_locale":"fr_FR","og_type":"article","og_title":"Le bien \u00eatre au fond du pr\u00e9 - AlterTour","og_description":"En arrivant \u00e0 proximit\u00e9 de l\u2019\u00e9table du Jardin de Tr\u00e8fle, nous sommes accueilli.e.s par le plus agile chat de la ferme, du haut de ses trois pattes quel mod\u00e8le de r\u00e9silience !","og_url":"https:\/\/www.altercampagne.net\/?p=22937","og_site_name":"AlterTour","article_published_time":"2021-08-05T17:58:00+00:00","article_modified_time":"2021-08-12T06:28:48+00:00","og_image":[{"width":1920,"height":1276,"url":"https:\/\/www.altercampagne.net\/wp-content\/uploads\/2021\/08\/Jardin-du-trefle-2.jpg","type":"image\/jpeg"}],"author":"AlterTour","twitter_card":"summary_large_image","twitter_misc":{"\u00c9crit par":"AlterTour","Dur\u00e9e de lecture estim\u00e9e":"2 minutes"},"schema":{"@context":"https:\/\/schema.org","@graph":[{"@type":"Article","@id":"https:\/\/www.altercampagne.net\/?p=22937#article","isPartOf":{"@id":"https:\/\/www.altercampagne.net\/?p=22937"},"author":{"name":"AlterTour","@id":"https:\/\/www.altercampagne.net\/#\/schema\/person\/e5b68c803196f649c2152249d262d94a"},"headline":"Le bien \u00eatre au fond du pr\u00e9","datePublished":"2021-08-05T17:58:00+00:00","dateModified":"2021-08-12T06:28:48+00:00","mainEntityOfPage":{"@id":"https:\/\/www.altercampagne.net\/?p=22937"},"wordCount":348,"image":{"@id":"https:\/\/www.altercampagne.net\/?p=22937#primaryimage"},"thumbnailUrl":"https:\/\/www.altercampagne.net\/wp-content\/uploads\/2021\/08\/Jardin-du-trefle-2.jpg","articleSection":["Agriculture","AlterTour","Edition 2021"],"inLanguage":"fr-FR"},{"@type":"WebPage","@id":"https:\/\/www.altercampagne.net\/?p=22937","url":"https:\/\/www.altercampagne.net\/?p=22937","name":"Le bien \u00eatre au fond du pr\u00e9 - AlterTour","isPartOf":{"@id":"https:\/\/www.altercampagne.net\/#website"},"primaryImageOfPage":{"@id":"https:\/\/www.altercampagne.net\/?p=22937#primaryimage"},"image":{"@id":"https:\/\/www.altercampagne.net\/?p=22937#primaryimage"},"thumbnailUrl":"https:\/\/www.altercampagne.net\/wp-content\/uploads\/2021\/08\/Jardin-du-trefle-2.jpg","datePublished":"2021-08-05T17:58:00+00:00","dateModified":"2021-08-12T06:28:48+00:00","author":{"@id":"https:\/\/www.altercampagne.net\/#\/schema\/person\/e5b68c803196f649c2152249d262d94a"},"breadcrumb":{"@id":"https:\/\/www.altercampagne.net\/?p=22937#breadcrumb"},"inLanguage":"fr-FR","potentialAction":[{"@type":"ReadAction","target":["https:\/\/www.altercampagne.net\/?p=22937"]}]},{"@type":"ImageObject","inLanguage":"fr-FR","@id":"https:\/\/www.altercampagne.net\/?p=22937#primaryimage","url":"https:\/\/www.altercampagne.net\/wp-content\/uploads\/2021\/08\/Jardin-du-trefle-2.jpg","contentUrl":"https:\/\/www.altercampagne.net\/wp-content\/uploads\/2021\/08\/Jardin-du-trefle-2.jpg","width":1920,"height":1276},{"@type":"BreadcrumbList","@id":"https:\/\/www.altercampagne.net\/?p=22937#breadcrumb","itemListElement":[{"@type":"ListItem","position":1,"name":"Accueil","item":"https:\/\/www.altercampagne.net\/"},{"@type":"ListItem","position":2,"name":"Le bien \u00eatre au fond du pr\u00e9"}]},{"@type":"WebSite","@id":"https:\/\/www.altercampagne.net\/#website","url":"https:\/\/www.altercampagne.net\/","name":"AlterTour","description":"Reliez les Alternatives \u00e0 v\u00e9lo","potentialAction":[{"@type":"SearchAction","target":{"@type":"EntryPoint","urlTemplate":"https:\/\/www.altercampagne.net\/?s={search_term_string}"},"query-input":{"@type":"PropertyValueSpecification","valueRequired":true,"valueName":"search_term_string"}}],"inLanguage":"fr-FR"},{"@type":"Person","@id":"https:\/\/www.altercampagne.net\/#\/schema\/person\/e5b68c803196f649c2152249d262d94a","name":"AlterTour","image":{"@type":"ImageObject","inLanguage":"fr-FR","@id":"https:\/\/secure.gravatar.com\/avatar\/3f2ed77f8506b8ea264ad5938bb0114bfa10f35b64086a66dfbb6e9f58ad9693?s=96&d=mm&r=g","url":"https:\/\/secure.gravatar.com\/avatar\/3f2ed77f8506b8ea264ad5938bb0114bfa10f35b64086a66dfbb6e9f58ad9693?s=96&d=mm&r=g","contentUrl":"https:\/\/secure.gravatar.com\/avatar\/3f2ed77f8506b8ea264ad5938bb0114bfa10f35b64086a66dfbb6e9f58ad9693?s=96&d=mm&r=g","caption":"AlterTour"},"url":"https:\/\/www.altercampagne.net\/?author=215"}]}},"_links":{"self":[{"href":"https:\/\/www.altercampagne.net\/index.php?rest_route=\/wp\/v2\/posts\/22937","targetHints":{"allow":["GET"]}}],"collection":[{"href":"https:\/\/www.altercampagne.net\/index.php?rest_route=\/wp\/v2\/posts"}],"about":[{"href":"https:\/\/www.altercampagne.net\/index.php?rest_route=\/wp\/v2\/types\/post"}],"author":[{"embeddable":true,"href":"https:\/\/www.altercampagne.net\/index.php?rest_route=\/wp\/v2\/users\/215"}],"replies":[{"embeddable":true,"href":"https:\/\/www.altercampagne.net\/index.php?rest_route=%2Fwp%2Fv2%2Fcomments&post=22937"}],"version-history":[{"count":2,"href":"https:\/\/www.altercampagne.net\/index.php?rest_route=\/wp\/v2\/posts\/22937\/revisions"}],"predecessor-version":[{"id":22950,"href":"https:\/\/www.altercampagne.net\/index.php?rest_route=\/wp\/v2\/posts\/22937\/revisions\/22950"}],"wp:featuredmedia":[{"embeddable":true,"href":"https:\/\/www.altercampagne.net\/index.php?rest_route=\/wp\/v2\/media\/22938"}],"wp:attachment":[{"href":"https:\/\/www.altercampagne.net\/index.php?rest_route=%2Fwp%2Fv2%2Fmedia&parent=22937"}],"wp:term":[{"taxonomy":"category","embeddable":true,"href":"https:\/\/www.altercampagne.net\/index.php?rest_route=%2Fwp%2Fv2%2Fcategories&post=22937"},{"taxonomy":"post_tag","embeddable":true,"href":"https:\/\/www.altercampagne.net\/index.php?rest_route=%2Fwp%2Fv2%2Ftags&post=22937"}],"curies":[{"name":"wp","href":"https:\/\/api.w.org\/{rel}","templated":true}]}}