{"id":22943,"date":"2021-07-31T20:24:00","date_gmt":"2021-07-31T18:24:00","guid":{"rendered":"https:\/\/www.altercampagne.net\/?p=22943"},"modified":"2021-08-12T08:13:22","modified_gmt":"2021-08-12T06:13:22","slug":"noa-nous-raconte-son-premier-altertour","status":"publish","type":"post","link":"https:\/\/www.altercampagne.net\/?p=22943","title":{"rendered":"Noa nous raconte son premier AlterTour&#8230;"},"content":{"rendered":"\n<p>C\u2019est Noa, 8 ans, qui r\u00e9sume cette journ\u00e9e p\u00e9dal\u00e9e sans alternative rencontr\u00e9e : \u00ab\u00a0<strong>On a fait 80 kilom\u00e8tres et on s\u2019est bien d\u00e9brouill\u00e9<\/strong>. Il y a eu quelques accidents en route mais c\u2019\u00e9tait super\u00a0\u00bb.\u00a0<\/p>\n\n\n\n<p>Curieuse d\u2019en savoir plus sur l\u2019exp\u00e9rience de cette jeune altercycliste, je lui ai pos\u00e9 quelques questions afin de <strong>dresser ce portrait<\/strong> :\u00a0<\/p>\n\n\n\n<p>\u00ab\u00a0Je m\u2019appelle Noa, je viens de Paris. C\u2019est mon <strong>premier AlterTour<\/strong>. J\u2019ai d\u00e9j\u00e0 fait des randos \u00e0 v\u00e9lo, mais sans camper. Je suis venue pour 6 jours avec ma maman et mon beau-papa. Je n\u2019avais pas tr\u00e8s envie de venir car j\u2019avais <strong>peur de ne pas y arriver<\/strong>. Ma premi\u00e8re impression, c\u2019est que les activit\u00e9s sont cool mais je ne savais pas \u00e0 quoi m\u2019attendre pour le nombre de kilom\u00e8tres, c\u2019est une surprise ! Aujourd\u2019hui, j\u2019ai p\u00e9dal\u00e9 pas mal de kilom\u00e8tres et j\u2019ai aussi pris le mini-bus. Ce matin j\u2019\u00e9tais en jupe sous la pluie mais<strong> j\u2019ai gard\u00e9 le moral<\/strong> ! Et cet apr\u00e8s-midi je me suis baign\u00e9e. J\u2019ai l\u2019habitude de la vie en collectif, j\u2019ai un petit fr\u00e8re ! Je n\u2019ai pas envie de refaire des journ\u00e9es avec autant de kilom\u00e8tres, et j\u2019ai bien envie de m\u2019occuper d\u2019animaux. Ce midi je suis mont\u00e9e sur l\u2019\u00e2ne et sur la jument et c\u2019\u00e9tait cool !\u00a0\u00bb.<\/p>\n","protected":false},"excerpt":{"rendered":"<p>C\u2019est Noa, 8 ans, qui r\u00e9sume cette journ\u00e9e p\u00e9dal\u00e9e sans alternative rencontr\u00e9e : \u00ab\u00a0On a fait 80 kilom\u00e8tres et on s\u2019est bien d\u00e9brouill\u00e9. Il y a eu quelques accidents en route mais c\u2019\u00e9tait super\u00a0\u00bb. <\/p>\n","protected":false},"author":353,"featured_media":22944,"comment_status":"closed","ping_status":"closed","sticky":false,"template":"","format":"standard","meta":{"footnotes":""},"categories":[4198,3478,3932],"tags":[],"class_list":["post-22943","post","type-post","status-publish","format-standard","has-post-thumbnail","hentry","category-edition-2021","category-normandie","category-velo"],"yoast_head":"<!-- This site is optimized with the Yoast SEO plugin v27.3 - https:\/\/yoast.com\/product\/yoast-seo-wordpress\/ -->\n<title>Noa nous raconte son premier AlterTour... - AlterTour<\/title>\n<meta name=\"robots\" content=\"index, follow, max-snippet:-1, max-image-preview:large, max-video-preview:-1\" \/>\n<link rel=\"canonical\" href=\"https:\/\/www.altercampagne.net\/?p=22943\" \/>\n<meta property=\"og:locale\" content=\"fr_FR\" \/>\n<meta property=\"og:type\" content=\"article\" \/>\n<meta property=\"og:title\" content=\"Noa nous raconte son premier AlterTour... - AlterTour\" \/>\n<meta property=\"og:description\" content=\"C\u2019est Noa, 8 ans, qui r\u00e9sume cette journ\u00e9e p\u00e9dal\u00e9e sans alternative rencontr\u00e9e : &quot;On a fait 80 kilom\u00e8tres et on s\u2019est bien d\u00e9brouill\u00e9. Il y a eu quelques accidents en route mais c\u2019\u00e9tait super&quot;.\" \/>\n<meta property=\"og:url\" content=\"https:\/\/www.altercampagne.net\/?p=22943\" \/>\n<meta property=\"og:site_name\" content=\"AlterTour\" \/>\n<meta property=\"article:published_time\" content=\"2021-07-31T18:24:00+00:00\" \/>\n<meta property=\"article:modified_time\" content=\"2021-08-12T06:13:22+00:00\" \/>\n<meta property=\"og:image\" content=\"https:\/\/www.altercampagne.net\/wp-content\/uploads\/2021\/08\/Noa-1024x681.jpg\" \/>\n\t<meta property=\"og:image:width\" content=\"1024\" \/>\n\t<meta property=\"og:image:height\" content=\"681\" \/>\n\t<meta property=\"og:image:type\" content=\"image\/jpeg\" \/>\n<meta name=\"author\" content=\"Carlotta\" \/>\n<meta name=\"twitter:card\" content=\"summary_large_image\" \/>\n<meta name=\"twitter:label1\" content=\"\u00c9crit par\" \/>\n\t<meta name=\"twitter:data1\" content=\"Carlotta\" \/>\n\t<meta name=\"twitter:label2\" content=\"Dur\u00e9e de lecture estim\u00e9e\" \/>\n\t<meta name=\"twitter:data2\" content=\"1 minute\" \/>\n<script type=\"application\/ld+json\" class=\"yoast-schema-graph\">{\"@context\":\"https:\\\/\\\/schema.org\",\"@graph\":[{\"@type\":\"Article\",\"@id\":\"https:\\\/\\\/www.altercampagne.net\\\/?p=22943#article\",\"isPartOf\":{\"@id\":\"https:\\\/\\\/www.altercampagne.net\\\/?p=22943\"},\"author\":{\"name\":\"Carlotta\",\"@id\":\"https:\\\/\\\/www.altercampagne.net\\\/#\\\/schema\\\/person\\\/0310e7930636785dabf8b7cab925c7eb\"},\"headline\":\"Noa nous raconte son premier AlterTour&#8230;\",\"datePublished\":\"2021-07-31T18:24:00+00:00\",\"dateModified\":\"2021-08-12T06:13:22+00:00\",\"mainEntityOfPage\":{\"@id\":\"https:\\\/\\\/www.altercampagne.net\\\/?p=22943\"},\"wordCount\":254,\"image\":{\"@id\":\"https:\\\/\\\/www.altercampagne.net\\\/?p=22943#primaryimage\"},\"thumbnailUrl\":\"https:\\\/\\\/www.altercampagne.net\\\/wp-content\\\/uploads\\\/2021\\\/08\\\/Noa.jpg\",\"articleSection\":[\"Edition 2021\",\"Normandie\",\"V\u00e9lo\"],\"inLanguage\":\"fr-FR\"},{\"@type\":\"WebPage\",\"@id\":\"https:\\\/\\\/www.altercampagne.net\\\/?p=22943\",\"url\":\"https:\\\/\\\/www.altercampagne.net\\\/?p=22943\",\"name\":\"Noa nous raconte son premier AlterTour... - AlterTour\",\"isPartOf\":{\"@id\":\"https:\\\/\\\/www.altercampagne.net\\\/#website\"},\"primaryImageOfPage\":{\"@id\":\"https:\\\/\\\/www.altercampagne.net\\\/?p=22943#primaryimage\"},\"image\":{\"@id\":\"https:\\\/\\\/www.altercampagne.net\\\/?p=22943#primaryimage\"},\"thumbnailUrl\":\"https:\\\/\\\/www.altercampagne.net\\\/wp-content\\\/uploads\\\/2021\\\/08\\\/Noa.jpg\",\"datePublished\":\"2021-07-31T18:24:00+00:00\",\"dateModified\":\"2021-08-12T06:13:22+00:00\",\"author\":{\"@id\":\"https:\\\/\\\/www.altercampagne.net\\\/#\\\/schema\\\/person\\\/0310e7930636785dabf8b7cab925c7eb\"},\"breadcrumb\":{\"@id\":\"https:\\\/\\\/www.altercampagne.net\\\/?p=22943#breadcrumb\"},\"inLanguage\":\"fr-FR\",\"potentialAction\":[{\"@type\":\"ReadAction\",\"target\":[\"https:\\\/\\\/www.altercampagne.net\\\/?p=22943\"]}]},{\"@type\":\"ImageObject\",\"inLanguage\":\"fr-FR\",\"@id\":\"https:\\\/\\\/www.altercampagne.net\\\/?p=22943#primaryimage\",\"url\":\"https:\\\/\\\/www.altercampagne.net\\\/wp-content\\\/uploads\\\/2021\\\/08\\\/Noa.jpg\",\"contentUrl\":\"https:\\\/\\\/www.altercampagne.net\\\/wp-content\\\/uploads\\\/2021\\\/08\\\/Noa.jpg\",\"width\":1920,\"height\":1276},{\"@type\":\"BreadcrumbList\",\"@id\":\"https:\\\/\\\/www.altercampagne.net\\\/?p=22943#breadcrumb\",\"itemListElement\":[{\"@type\":\"ListItem\",\"position\":1,\"name\":\"Accueil\",\"item\":\"https:\\\/\\\/www.altercampagne.net\\\/\"},{\"@type\":\"ListItem\",\"position\":2,\"name\":\"Noa nous raconte son premier AlterTour&#8230;\"}]},{\"@type\":\"WebSite\",\"@id\":\"https:\\\/\\\/www.altercampagne.net\\\/#website\",\"url\":\"https:\\\/\\\/www.altercampagne.net\\\/\",\"name\":\"AlterTour\",\"description\":\"Reliez les Alternatives \u00e0 v\u00e9lo\",\"potentialAction\":[{\"@type\":\"SearchAction\",\"target\":{\"@type\":\"EntryPoint\",\"urlTemplate\":\"https:\\\/\\\/www.altercampagne.net\\\/?s={search_term_string}\"},\"query-input\":{\"@type\":\"PropertyValueSpecification\",\"valueRequired\":true,\"valueName\":\"search_term_string\"}}],\"inLanguage\":\"fr-FR\"},{\"@type\":\"Person\",\"@id\":\"https:\\\/\\\/www.altercampagne.net\\\/#\\\/schema\\\/person\\\/0310e7930636785dabf8b7cab925c7eb\",\"name\":\"Carlotta\",\"image\":{\"@type\":\"ImageObject\",\"inLanguage\":\"fr-FR\",\"@id\":\"https:\\\/\\\/secure.gravatar.com\\\/avatar\\\/cc861900b0b9ebc1644628dd5f6a1e2c62c8981e43f2d98c9e810ead5846c34c?s=96&d=mm&r=g\",\"url\":\"https:\\\/\\\/secure.gravatar.com\\\/avatar\\\/cc861900b0b9ebc1644628dd5f6a1e2c62c8981e43f2d98c9e810ead5846c34c?s=96&d=mm&r=g\",\"contentUrl\":\"https:\\\/\\\/secure.gravatar.com\\\/avatar\\\/cc861900b0b9ebc1644628dd5f6a1e2c62c8981e43f2d98c9e810ead5846c34c?s=96&d=mm&r=g\",\"caption\":\"Carlotta\"},\"url\":\"https:\\\/\\\/www.altercampagne.net\\\/?author=353\"}]}<\/script>\n<!-- \/ Yoast SEO plugin. -->","yoast_head_json":{"title":"Noa nous raconte son premier AlterTour... - AlterTour","robots":{"index":"index","follow":"follow","max-snippet":"max-snippet:-1","max-image-preview":"max-image-preview:large","max-video-preview":"max-video-preview:-1"},"canonical":"https:\/\/www.altercampagne.net\/?p=22943","og_locale":"fr_FR","og_type":"article","og_title":"Noa nous raconte son premier AlterTour... - AlterTour","og_description":"C\u2019est Noa, 8 ans, qui r\u00e9sume cette journ\u00e9e p\u00e9dal\u00e9e sans alternative rencontr\u00e9e : \"On a fait 80 kilom\u00e8tres et on s\u2019est bien d\u00e9brouill\u00e9. Il y a eu quelques accidents en route mais c\u2019\u00e9tait super\".","og_url":"https:\/\/www.altercampagne.net\/?p=22943","og_site_name":"AlterTour","article_published_time":"2021-07-31T18:24:00+00:00","article_modified_time":"2021-08-12T06:13:22+00:00","og_image":[{"width":1024,"height":681,"url":"https:\/\/www.altercampagne.net\/wp-content\/uploads\/2021\/08\/Noa-1024x681.jpg","type":"image\/jpeg"}],"author":"Carlotta","twitter_card":"summary_large_image","twitter_misc":{"\u00c9crit par":"Carlotta","Dur\u00e9e de lecture estim\u00e9e":"1 minute"},"schema":{"@context":"https:\/\/schema.org","@graph":[{"@type":"Article","@id":"https:\/\/www.altercampagne.net\/?p=22943#article","isPartOf":{"@id":"https:\/\/www.altercampagne.net\/?p=22943"},"author":{"name":"Carlotta","@id":"https:\/\/www.altercampagne.net\/#\/schema\/person\/0310e7930636785dabf8b7cab925c7eb"},"headline":"Noa nous raconte son premier AlterTour&#8230;","datePublished":"2021-07-31T18:24:00+00:00","dateModified":"2021-08-12T06:13:22+00:00","mainEntityOfPage":{"@id":"https:\/\/www.altercampagne.net\/?p=22943"},"wordCount":254,"image":{"@id":"https:\/\/www.altercampagne.net\/?p=22943#primaryimage"},"thumbnailUrl":"https:\/\/www.altercampagne.net\/wp-content\/uploads\/2021\/08\/Noa.jpg","articleSection":["Edition 2021","Normandie","V\u00e9lo"],"inLanguage":"fr-FR"},{"@type":"WebPage","@id":"https:\/\/www.altercampagne.net\/?p=22943","url":"https:\/\/www.altercampagne.net\/?p=22943","name":"Noa nous raconte son premier AlterTour... - AlterTour","isPartOf":{"@id":"https:\/\/www.altercampagne.net\/#website"},"primaryImageOfPage":{"@id":"https:\/\/www.altercampagne.net\/?p=22943#primaryimage"},"image":{"@id":"https:\/\/www.altercampagne.net\/?p=22943#primaryimage"},"thumbnailUrl":"https:\/\/www.altercampagne.net\/wp-content\/uploads\/2021\/08\/Noa.jpg","datePublished":"2021-07-31T18:24:00+00:00","dateModified":"2021-08-12T06:13:22+00:00","author":{"@id":"https:\/\/www.altercampagne.net\/#\/schema\/person\/0310e7930636785dabf8b7cab925c7eb"},"breadcrumb":{"@id":"https:\/\/www.altercampagne.net\/?p=22943#breadcrumb"},"inLanguage":"fr-FR","potentialAction":[{"@type":"ReadAction","target":["https:\/\/www.altercampagne.net\/?p=22943"]}]},{"@type":"ImageObject","inLanguage":"fr-FR","@id":"https:\/\/www.altercampagne.net\/?p=22943#primaryimage","url":"https:\/\/www.altercampagne.net\/wp-content\/uploads\/2021\/08\/Noa.jpg","contentUrl":"https:\/\/www.altercampagne.net\/wp-content\/uploads\/2021\/08\/Noa.jpg","width":1920,"height":1276},{"@type":"BreadcrumbList","@id":"https:\/\/www.altercampagne.net\/?p=22943#breadcrumb","itemListElement":[{"@type":"ListItem","position":1,"name":"Accueil","item":"https:\/\/www.altercampagne.net\/"},{"@type":"ListItem","position":2,"name":"Noa nous raconte son premier AlterTour&#8230;"}]},{"@type":"WebSite","@id":"https:\/\/www.altercampagne.net\/#website","url":"https:\/\/www.altercampagne.net\/","name":"AlterTour","description":"Reliez les Alternatives \u00e0 v\u00e9lo","potentialAction":[{"@type":"SearchAction","target":{"@type":"EntryPoint","urlTemplate":"https:\/\/www.altercampagne.net\/?s={search_term_string}"},"query-input":{"@type":"PropertyValueSpecification","valueRequired":true,"valueName":"search_term_string"}}],"inLanguage":"fr-FR"},{"@type":"Person","@id":"https:\/\/www.altercampagne.net\/#\/schema\/person\/0310e7930636785dabf8b7cab925c7eb","name":"Carlotta","image":{"@type":"ImageObject","inLanguage":"fr-FR","@id":"https:\/\/secure.gravatar.com\/avatar\/cc861900b0b9ebc1644628dd5f6a1e2c62c8981e43f2d98c9e810ead5846c34c?s=96&d=mm&r=g","url":"https:\/\/secure.gravatar.com\/avatar\/cc861900b0b9ebc1644628dd5f6a1e2c62c8981e43f2d98c9e810ead5846c34c?s=96&d=mm&r=g","contentUrl":"https:\/\/secure.gravatar.com\/avatar\/cc861900b0b9ebc1644628dd5f6a1e2c62c8981e43f2d98c9e810ead5846c34c?s=96&d=mm&r=g","caption":"Carlotta"},"url":"https:\/\/www.altercampagne.net\/?author=353"}]}},"_links":{"self":[{"href":"https:\/\/www.altercampagne.net\/index.php?rest_route=\/wp\/v2\/posts\/22943","targetHints":{"allow":["GET"]}}],"collection":[{"href":"https:\/\/www.altercampagne.net\/index.php?rest_route=\/wp\/v2\/posts"}],"about":[{"href":"https:\/\/www.altercampagne.net\/index.php?rest_route=\/wp\/v2\/types\/post"}],"author":[{"embeddable":true,"href":"https:\/\/www.altercampagne.net\/index.php?rest_route=\/wp\/v2\/users\/353"}],"replies":[{"embeddable":true,"href":"https:\/\/www.altercampagne.net\/index.php?rest_route=%2Fwp%2Fv2%2Fcomments&post=22943"}],"version-history":[{"count":1,"href":"https:\/\/www.altercampagne.net\/index.php?rest_route=\/wp\/v2\/posts\/22943\/revisions"}],"predecessor-version":[{"id":22945,"href":"https:\/\/www.altercampagne.net\/index.php?rest_route=\/wp\/v2\/posts\/22943\/revisions\/22945"}],"wp:featuredmedia":[{"embeddable":true,"href":"https:\/\/www.altercampagne.net\/index.php?rest_route=\/wp\/v2\/media\/22944"}],"wp:attachment":[{"href":"https:\/\/www.altercampagne.net\/index.php?rest_route=%2Fwp%2Fv2%2Fmedia&parent=22943"}],"wp:term":[{"taxonomy":"category","embeddable":true,"href":"https:\/\/www.altercampagne.net\/index.php?rest_route=%2Fwp%2Fv2%2Fcategories&post=22943"},{"taxonomy":"post_tag","embeddable":true,"href":"https:\/\/www.altercampagne.net\/index.php?rest_route=%2Fwp%2Fv2%2Ftags&post=22943"}],"curies":[{"name":"wp","href":"https:\/\/api.w.org\/{rel}","templated":true}]}}