{"id":22946,"date":"2021-08-04T08:13:00","date_gmt":"2021-08-04T06:13:00","guid":{"rendered":"https:\/\/www.altercampagne.net\/?p=22946"},"modified":"2021-08-12T08:27:07","modified_gmt":"2021-08-12T06:27:07","slug":"bienvenue-a-la-ferme","status":"publish","type":"post","link":"https:\/\/www.altercampagne.net\/?p=22946","title":{"rendered":"Bienvenue \u00e0 la ferme"},"content":{"rendered":"\n<h4 class=\"wp-block-heading\">Une ferme en ville !&nbsp;<\/h4>\n\n\n\n<p>Pour cette journ\u00e9e du 4 Ao\u00fbt, les cyclistes quittent \u00e0 regret la Ferme du Bois Landelle en direction du sud. Apr\u00e8s une c\u00f4te qui marquera les esprits et les mollets, le groupe est chaleureusement accueilli \u00e0 la <strong><a href=\"https:\/\/www.facebook.com\/La-Ferme-Du-Petit-Changeons-1715514305394414\/\" target=\"_blank\" rel=\"noreferrer noopener\">ferme du Petit Changeons<\/a><\/strong> \u00e0 Avranches. <strong>Une ferme \u00e0 deux pas du centre ville ?!<\/strong> Et oui ! Dans une petite rue comme les autres se niche cet \u00e9crin de verdure et de sourires. Chiens et poules gambadent joyeusement, et un adolescent en s\u00e9jour \u00e0 la ferme nous aide \u00e0 la cuisine : l\u2019esprit de l\u2019AlterTour est aussi ici ! Depuis 2 ans, <strong>deux copaines d\u2019enfance ont repris cette ferme<\/strong> et proposent \u00e0 la vente directe <strong>le fromage issu d\u2019une vingtaine de ch\u00e8vres<\/strong>, de la<strong> viande de porc <\/strong>et de la charcuterie. Ils font un peu de mara\u00eechage, pour leur consommation et quelques conserves, et <strong>r\u00eavent d\u2019autosuffisance, mais les hectares manquent<\/strong> pour atteindre cet id\u00e9al. Une visite des lieux offre une vue sur le Mont Saint Michel et sa baie. Les yeux charg\u00e9s de beaut\u00e9 et les sacoches alourdies de quelques produits de la ferme, les cyclistes se remettent en route pour quelques kilom\u00e8tres de plus!\u00a0<\/p>\n\n\n\n<h4 class=\"wp-block-heading\">Des vaches sous les pommiers<\/h4>\n\n\n\n<p>A la ferme du <strong><a href=\"https:\/\/jardindutrefle.jimdofree.com\/\" target=\"_blank\" rel=\"noreferrer noopener\">Jardin du Tr\u00e8fle<\/a><\/strong>, Pierre re\u00e7oit l\u2019AlterTour, mais pas que : une famille de cyclo-touristes vient aussi poser ses tentes, puisqu\u2019un <strong>verger est r\u00e9f\u00e9renc\u00e9 sur la plateforme warm shower<\/strong>, qui propose un coin de camping (et une douche chaude, comme son nom l\u2019indique !) aux gens de passage. La <strong>ferme produit du lait<\/strong>, quelques <strong>yaourts<\/strong> et surtout du <strong>fromage<\/strong>, principalement de la tome et un peu de fromage frais. Le fruit des vergers, quant \u00e0 lui, deviendra du <strong>jus de pommes<\/strong>. Il nous explique qu\u2019avec <strong>6 personnes pour une trentaine de vaches<\/strong>, il parvient \u00e0 avoir un peu plus de temps libre, son objectif ! Quand on sait le rythme de travail de la plupart des agriculteurices, on est content de l\u2019entendre.\u00a0<\/p>\n\n\n\n<figure class=\"wp-block-image size-large\"><a href=\"https:\/\/www.altercampagne.net\/wp-content\/uploads\/2021\/08\/Jardin-du-Trefle.jpg\"><img loading=\"lazy\" decoding=\"async\" width=\"1024\" height=\"681\" src=\"https:\/\/www.altercampagne.net\/wp-content\/uploads\/2021\/08\/Jardin-du-Trefle-1024x681.jpg\" alt=\"\" class=\"wp-image-22948\" srcset=\"https:\/\/www.altercampagne.net\/wp-content\/uploads\/2021\/08\/Jardin-du-Trefle-1024x681.jpg 1024w, https:\/\/www.altercampagne.net\/wp-content\/uploads\/2021\/08\/Jardin-du-Trefle-300x199.jpg 300w, https:\/\/www.altercampagne.net\/wp-content\/uploads\/2021\/08\/Jardin-du-Trefle-768x510.jpg 768w, https:\/\/www.altercampagne.net\/wp-content\/uploads\/2021\/08\/Jardin-du-Trefle-1536x1021.jpg 1536w, https:\/\/www.altercampagne.net\/wp-content\/uploads\/2021\/08\/Jardin-du-Trefle-610x405.jpg 610w, https:\/\/www.altercampagne.net\/wp-content\/uploads\/2021\/08\/Jardin-du-Trefle-100x66.jpg 100w, https:\/\/www.altercampagne.net\/wp-content\/uploads\/2021\/08\/Jardin-du-Trefle-862x573.jpg 862w, https:\/\/www.altercampagne.net\/wp-content\/uploads\/2021\/08\/Jardin-du-Trefle-1140x758.jpg 1140w, https:\/\/www.altercampagne.net\/wp-content\/uploads\/2021\/08\/Jardin-du-Trefle.jpg 1920w\" sizes=\"auto, (max-width: 1024px) 100vw, 1024px\" \/><\/a><\/figure>\n\n\n\n<h4 class=\"wp-block-heading\">Anecdotes gesticul\u00e9es pour finir la journ\u00e9e<\/h4>\n\n\n\n<p>J\u00e9r\u00f4me, un membre du groupe et \u00e9ducateur populaire, propose un <strong>atelier en soir\u00e9e : anecdotes gesticul\u00e9es<\/strong>. Mais qu\u2019est-ce donc ? En petits groupes ax\u00e9s sur des th\u00e8mes f\u00e9d\u00e9rateurs (\u00e9cologie, privil\u00e8ges\u2026), chaque personne partage une anecdote sur une prise de conscience par rapport \u00e0 la th\u00e9matique. A l\u2019\u00e9cole, on a d\u00e9couvert des camarades issu.e.s de classes sociales diff\u00e9rentes de la n\u00f4tre, en voyage on a r\u00e9vis\u00e9 sa consommation d\u2019eau\u2026 <strong>Apr\u00e8s le partage, on r\u00e9fl\u00e9chit <\/strong>: quel est le probl\u00e8me, et d\u2019o\u00f9 vient-il ? Il restera la derni\u00e8re \u00e9tape du processus pour les discussions \u00e0 v\u00e9lo : et maintenant, on fait quoi ? De notre c\u00f4t\u00e9, on a des id\u00e9es !<\/p>\n","protected":false},"excerpt":{"rendered":"<p>Pour cette journ\u00e9e du 4 Ao\u00fbt, les cyclistes quittent \u00e0 regret la Ferme du Bois Landelle en direction du sud. Apr\u00e8s une c\u00f4te qui marquera les esprits et les mollets, le groupe est chaleureusement accueilli \u00e0 la ferme du Petit Changeons \u00e0 Avranches. Il rejoindra ensuite le Jardin du Tr\u00e8fle \u00e0 Isigny-le-Buat.<\/p>\n","protected":false},"author":353,"featured_media":22947,"comment_status":"closed","ping_status":"closed","sticky":false,"template":"","format":"standard","meta":{"footnotes":""},"categories":[3483,4313,4198,3478],"tags":[],"class_list":["post-22946","post","type-post","status-publish","format-standard","has-post-thumbnail","hentry","category-agriculture","category-altertour","category-edition-2021","category-normandie"],"yoast_head":"<!-- This site is optimized with the Yoast SEO plugin v27.3 - https:\/\/yoast.com\/product\/yoast-seo-wordpress\/ -->\n<title>Bienvenue \u00e0 la ferme - AlterTour<\/title>\n<meta name=\"robots\" content=\"index, follow, max-snippet:-1, max-image-preview:large, max-video-preview:-1\" \/>\n<link rel=\"canonical\" href=\"https:\/\/www.altercampagne.net\/?p=22946\" \/>\n<meta property=\"og:locale\" content=\"fr_FR\" \/>\n<meta property=\"og:type\" content=\"article\" \/>\n<meta property=\"og:title\" content=\"Bienvenue \u00e0 la ferme - AlterTour\" \/>\n<meta property=\"og:description\" content=\"Pour cette journ\u00e9e du 4 Ao\u00fbt, les cyclistes quittent \u00e0 regret la Ferme du Bois Landelle en direction du sud. Apr\u00e8s une c\u00f4te qui marquera les esprits et les mollets, le groupe est chaleureusement accueilli \u00e0 la ferme du Petit Changeons \u00e0 Avranches. Il rejoindra ensuite le Jardin du Tr\u00e8fle \u00e0 Isigny-le-Buat.\" \/>\n<meta property=\"og:url\" content=\"https:\/\/www.altercampagne.net\/?p=22946\" \/>\n<meta property=\"og:site_name\" content=\"AlterTour\" \/>\n<meta property=\"article:published_time\" content=\"2021-08-04T06:13:00+00:00\" \/>\n<meta property=\"article:modified_time\" content=\"2021-08-12T06:27:07+00:00\" \/>\n<meta property=\"og:image\" content=\"https:\/\/www.altercampagne.net\/wp-content\/uploads\/2021\/08\/Ferme-du-trefle-1024x681.jpg\" \/>\n\t<meta property=\"og:image:width\" content=\"1024\" \/>\n\t<meta property=\"og:image:height\" content=\"681\" \/>\n\t<meta property=\"og:image:type\" content=\"image\/jpeg\" \/>\n<meta name=\"author\" content=\"Carlotta\" \/>\n<meta name=\"twitter:card\" content=\"summary_large_image\" \/>\n<meta name=\"twitter:label1\" content=\"\u00c9crit par\" \/>\n\t<meta name=\"twitter:data1\" content=\"Carlotta\" \/>\n\t<meta name=\"twitter:label2\" content=\"Dur\u00e9e de lecture estim\u00e9e\" \/>\n\t<meta name=\"twitter:data2\" content=\"3 minutes\" \/>\n<script type=\"application\/ld+json\" class=\"yoast-schema-graph\">{\"@context\":\"https:\\\/\\\/schema.org\",\"@graph\":[{\"@type\":\"Article\",\"@id\":\"https:\\\/\\\/www.altercampagne.net\\\/?p=22946#article\",\"isPartOf\":{\"@id\":\"https:\\\/\\\/www.altercampagne.net\\\/?p=22946\"},\"author\":{\"name\":\"Carlotta\",\"@id\":\"https:\\\/\\\/www.altercampagne.net\\\/#\\\/schema\\\/person\\\/0310e7930636785dabf8b7cab925c7eb\"},\"headline\":\"Bienvenue \u00e0 la ferme\",\"datePublished\":\"2021-08-04T06:13:00+00:00\",\"dateModified\":\"2021-08-12T06:27:07+00:00\",\"mainEntityOfPage\":{\"@id\":\"https:\\\/\\\/www.altercampagne.net\\\/?p=22946\"},\"wordCount\":473,\"image\":{\"@id\":\"https:\\\/\\\/www.altercampagne.net\\\/?p=22946#primaryimage\"},\"thumbnailUrl\":\"https:\\\/\\\/www.altercampagne.net\\\/wp-content\\\/uploads\\\/2021\\\/08\\\/Ferme-du-trefle.jpg\",\"articleSection\":[\"Agriculture\",\"AlterTour\",\"Edition 2021\",\"Normandie\"],\"inLanguage\":\"fr-FR\"},{\"@type\":\"WebPage\",\"@id\":\"https:\\\/\\\/www.altercampagne.net\\\/?p=22946\",\"url\":\"https:\\\/\\\/www.altercampagne.net\\\/?p=22946\",\"name\":\"Bienvenue \u00e0 la ferme - AlterTour\",\"isPartOf\":{\"@id\":\"https:\\\/\\\/www.altercampagne.net\\\/#website\"},\"primaryImageOfPage\":{\"@id\":\"https:\\\/\\\/www.altercampagne.net\\\/?p=22946#primaryimage\"},\"image\":{\"@id\":\"https:\\\/\\\/www.altercampagne.net\\\/?p=22946#primaryimage\"},\"thumbnailUrl\":\"https:\\\/\\\/www.altercampagne.net\\\/wp-content\\\/uploads\\\/2021\\\/08\\\/Ferme-du-trefle.jpg\",\"datePublished\":\"2021-08-04T06:13:00+00:00\",\"dateModified\":\"2021-08-12T06:27:07+00:00\",\"author\":{\"@id\":\"https:\\\/\\\/www.altercampagne.net\\\/#\\\/schema\\\/person\\\/0310e7930636785dabf8b7cab925c7eb\"},\"breadcrumb\":{\"@id\":\"https:\\\/\\\/www.altercampagne.net\\\/?p=22946#breadcrumb\"},\"inLanguage\":\"fr-FR\",\"potentialAction\":[{\"@type\":\"ReadAction\",\"target\":[\"https:\\\/\\\/www.altercampagne.net\\\/?p=22946\"]}]},{\"@type\":\"ImageObject\",\"inLanguage\":\"fr-FR\",\"@id\":\"https:\\\/\\\/www.altercampagne.net\\\/?p=22946#primaryimage\",\"url\":\"https:\\\/\\\/www.altercampagne.net\\\/wp-content\\\/uploads\\\/2021\\\/08\\\/Ferme-du-trefle.jpg\",\"contentUrl\":\"https:\\\/\\\/www.altercampagne.net\\\/wp-content\\\/uploads\\\/2021\\\/08\\\/Ferme-du-trefle.jpg\",\"width\":1920,\"height\":1276},{\"@type\":\"BreadcrumbList\",\"@id\":\"https:\\\/\\\/www.altercampagne.net\\\/?p=22946#breadcrumb\",\"itemListElement\":[{\"@type\":\"ListItem\",\"position\":1,\"name\":\"Accueil\",\"item\":\"https:\\\/\\\/www.altercampagne.net\\\/\"},{\"@type\":\"ListItem\",\"position\":2,\"name\":\"Bienvenue \u00e0 la ferme\"}]},{\"@type\":\"WebSite\",\"@id\":\"https:\\\/\\\/www.altercampagne.net\\\/#website\",\"url\":\"https:\\\/\\\/www.altercampagne.net\\\/\",\"name\":\"AlterTour\",\"description\":\"Reliez les Alternatives \u00e0 v\u00e9lo\",\"potentialAction\":[{\"@type\":\"SearchAction\",\"target\":{\"@type\":\"EntryPoint\",\"urlTemplate\":\"https:\\\/\\\/www.altercampagne.net\\\/?s={search_term_string}\"},\"query-input\":{\"@type\":\"PropertyValueSpecification\",\"valueRequired\":true,\"valueName\":\"search_term_string\"}}],\"inLanguage\":\"fr-FR\"},{\"@type\":\"Person\",\"@id\":\"https:\\\/\\\/www.altercampagne.net\\\/#\\\/schema\\\/person\\\/0310e7930636785dabf8b7cab925c7eb\",\"name\":\"Carlotta\",\"image\":{\"@type\":\"ImageObject\",\"inLanguage\":\"fr-FR\",\"@id\":\"https:\\\/\\\/secure.gravatar.com\\\/avatar\\\/cc861900b0b9ebc1644628dd5f6a1e2c62c8981e43f2d98c9e810ead5846c34c?s=96&d=mm&r=g\",\"url\":\"https:\\\/\\\/secure.gravatar.com\\\/avatar\\\/cc861900b0b9ebc1644628dd5f6a1e2c62c8981e43f2d98c9e810ead5846c34c?s=96&d=mm&r=g\",\"contentUrl\":\"https:\\\/\\\/secure.gravatar.com\\\/avatar\\\/cc861900b0b9ebc1644628dd5f6a1e2c62c8981e43f2d98c9e810ead5846c34c?s=96&d=mm&r=g\",\"caption\":\"Carlotta\"},\"url\":\"https:\\\/\\\/www.altercampagne.net\\\/?author=353\"}]}<\/script>\n<!-- \/ Yoast SEO plugin. -->","yoast_head_json":{"title":"Bienvenue \u00e0 la ferme - AlterTour","robots":{"index":"index","follow":"follow","max-snippet":"max-snippet:-1","max-image-preview":"max-image-preview:large","max-video-preview":"max-video-preview:-1"},"canonical":"https:\/\/www.altercampagne.net\/?p=22946","og_locale":"fr_FR","og_type":"article","og_title":"Bienvenue \u00e0 la ferme - AlterTour","og_description":"Pour cette journ\u00e9e du 4 Ao\u00fbt, les cyclistes quittent \u00e0 regret la Ferme du Bois Landelle en direction du sud. Apr\u00e8s une c\u00f4te qui marquera les esprits et les mollets, le groupe est chaleureusement accueilli \u00e0 la ferme du Petit Changeons \u00e0 Avranches. Il rejoindra ensuite le Jardin du Tr\u00e8fle \u00e0 Isigny-le-Buat.","og_url":"https:\/\/www.altercampagne.net\/?p=22946","og_site_name":"AlterTour","article_published_time":"2021-08-04T06:13:00+00:00","article_modified_time":"2021-08-12T06:27:07+00:00","og_image":[{"width":1024,"height":681,"url":"https:\/\/www.altercampagne.net\/wp-content\/uploads\/2021\/08\/Ferme-du-trefle-1024x681.jpg","type":"image\/jpeg"}],"author":"Carlotta","twitter_card":"summary_large_image","twitter_misc":{"\u00c9crit par":"Carlotta","Dur\u00e9e de lecture estim\u00e9e":"3 minutes"},"schema":{"@context":"https:\/\/schema.org","@graph":[{"@type":"Article","@id":"https:\/\/www.altercampagne.net\/?p=22946#article","isPartOf":{"@id":"https:\/\/www.altercampagne.net\/?p=22946"},"author":{"name":"Carlotta","@id":"https:\/\/www.altercampagne.net\/#\/schema\/person\/0310e7930636785dabf8b7cab925c7eb"},"headline":"Bienvenue \u00e0 la ferme","datePublished":"2021-08-04T06:13:00+00:00","dateModified":"2021-08-12T06:27:07+00:00","mainEntityOfPage":{"@id":"https:\/\/www.altercampagne.net\/?p=22946"},"wordCount":473,"image":{"@id":"https:\/\/www.altercampagne.net\/?p=22946#primaryimage"},"thumbnailUrl":"https:\/\/www.altercampagne.net\/wp-content\/uploads\/2021\/08\/Ferme-du-trefle.jpg","articleSection":["Agriculture","AlterTour","Edition 2021","Normandie"],"inLanguage":"fr-FR"},{"@type":"WebPage","@id":"https:\/\/www.altercampagne.net\/?p=22946","url":"https:\/\/www.altercampagne.net\/?p=22946","name":"Bienvenue \u00e0 la ferme - AlterTour","isPartOf":{"@id":"https:\/\/www.altercampagne.net\/#website"},"primaryImageOfPage":{"@id":"https:\/\/www.altercampagne.net\/?p=22946#primaryimage"},"image":{"@id":"https:\/\/www.altercampagne.net\/?p=22946#primaryimage"},"thumbnailUrl":"https:\/\/www.altercampagne.net\/wp-content\/uploads\/2021\/08\/Ferme-du-trefle.jpg","datePublished":"2021-08-04T06:13:00+00:00","dateModified":"2021-08-12T06:27:07+00:00","author":{"@id":"https:\/\/www.altercampagne.net\/#\/schema\/person\/0310e7930636785dabf8b7cab925c7eb"},"breadcrumb":{"@id":"https:\/\/www.altercampagne.net\/?p=22946#breadcrumb"},"inLanguage":"fr-FR","potentialAction":[{"@type":"ReadAction","target":["https:\/\/www.altercampagne.net\/?p=22946"]}]},{"@type":"ImageObject","inLanguage":"fr-FR","@id":"https:\/\/www.altercampagne.net\/?p=22946#primaryimage","url":"https:\/\/www.altercampagne.net\/wp-content\/uploads\/2021\/08\/Ferme-du-trefle.jpg","contentUrl":"https:\/\/www.altercampagne.net\/wp-content\/uploads\/2021\/08\/Ferme-du-trefle.jpg","width":1920,"height":1276},{"@type":"BreadcrumbList","@id":"https:\/\/www.altercampagne.net\/?p=22946#breadcrumb","itemListElement":[{"@type":"ListItem","position":1,"name":"Accueil","item":"https:\/\/www.altercampagne.net\/"},{"@type":"ListItem","position":2,"name":"Bienvenue \u00e0 la ferme"}]},{"@type":"WebSite","@id":"https:\/\/www.altercampagne.net\/#website","url":"https:\/\/www.altercampagne.net\/","name":"AlterTour","description":"Reliez les Alternatives \u00e0 v\u00e9lo","potentialAction":[{"@type":"SearchAction","target":{"@type":"EntryPoint","urlTemplate":"https:\/\/www.altercampagne.net\/?s={search_term_string}"},"query-input":{"@type":"PropertyValueSpecification","valueRequired":true,"valueName":"search_term_string"}}],"inLanguage":"fr-FR"},{"@type":"Person","@id":"https:\/\/www.altercampagne.net\/#\/schema\/person\/0310e7930636785dabf8b7cab925c7eb","name":"Carlotta","image":{"@type":"ImageObject","inLanguage":"fr-FR","@id":"https:\/\/secure.gravatar.com\/avatar\/cc861900b0b9ebc1644628dd5f6a1e2c62c8981e43f2d98c9e810ead5846c34c?s=96&d=mm&r=g","url":"https:\/\/secure.gravatar.com\/avatar\/cc861900b0b9ebc1644628dd5f6a1e2c62c8981e43f2d98c9e810ead5846c34c?s=96&d=mm&r=g","contentUrl":"https:\/\/secure.gravatar.com\/avatar\/cc861900b0b9ebc1644628dd5f6a1e2c62c8981e43f2d98c9e810ead5846c34c?s=96&d=mm&r=g","caption":"Carlotta"},"url":"https:\/\/www.altercampagne.net\/?author=353"}]}},"_links":{"self":[{"href":"https:\/\/www.altercampagne.net\/index.php?rest_route=\/wp\/v2\/posts\/22946","targetHints":{"allow":["GET"]}}],"collection":[{"href":"https:\/\/www.altercampagne.net\/index.php?rest_route=\/wp\/v2\/posts"}],"about":[{"href":"https:\/\/www.altercampagne.net\/index.php?rest_route=\/wp\/v2\/types\/post"}],"author":[{"embeddable":true,"href":"https:\/\/www.altercampagne.net\/index.php?rest_route=\/wp\/v2\/users\/353"}],"replies":[{"embeddable":true,"href":"https:\/\/www.altercampagne.net\/index.php?rest_route=%2Fwp%2Fv2%2Fcomments&post=22946"}],"version-history":[{"count":1,"href":"https:\/\/www.altercampagne.net\/index.php?rest_route=\/wp\/v2\/posts\/22946\/revisions"}],"predecessor-version":[{"id":22949,"href":"https:\/\/www.altercampagne.net\/index.php?rest_route=\/wp\/v2\/posts\/22946\/revisions\/22949"}],"wp:featuredmedia":[{"embeddable":true,"href":"https:\/\/www.altercampagne.net\/index.php?rest_route=\/wp\/v2\/media\/22947"}],"wp:attachment":[{"href":"https:\/\/www.altercampagne.net\/index.php?rest_route=%2Fwp%2Fv2%2Fmedia&parent=22946"}],"wp:term":[{"taxonomy":"category","embeddable":true,"href":"https:\/\/www.altercampagne.net\/index.php?rest_route=%2Fwp%2Fv2%2Fcategories&post=22946"},{"taxonomy":"post_tag","embeddable":true,"href":"https:\/\/www.altercampagne.net\/index.php?rest_route=%2Fwp%2Fv2%2Ftags&post=22946"}],"curies":[{"name":"wp","href":"https:\/\/api.w.org\/{rel}","templated":true}]}}