{"id":22951,"date":"2021-08-06T08:31:00","date_gmt":"2021-08-06T06:31:00","guid":{"rendered":"https:\/\/www.altercampagne.net\/?p=22951"},"modified":"2021-08-12T10:19:17","modified_gmt":"2021-08-12T08:19:17","slug":"ferme-experimentale-du-caviar-cabane-daccueil-de-valorisation-et-dimpulsion-dactions-rurales","status":"publish","type":"post","link":"https:\/\/www.altercampagne.net\/?p=22951","title":{"rendered":"Ferme exp\u00e9rimentale du CAVIAR : Cabane d&rsquo;Accueil, de Valorisation et d&rsquo;Impulsion d&rsquo;Actions Rurales"},"content":{"rendered":"\n<p>On est parti de Isigny-le-Buat sous la pluie, on nous avait promis du caviar &#8211; du caviar ? Comment \u00e7a, du caviar \u00e0 l\u2019AlterTour ? &#8211; et effectivement on en a trouv\u00e9, mais d\u2019un tout autre type : du genre stable, fait de pierres brutes et de toit, sous le format d\u2019une ferme am\u00e9nag\u00e9e et de son terrain de 1,6 hectare. Tr\u00e8s croquant sous les dents, mais tout aussi appr\u00e9ciable. <strong><a href=\"https:\/\/www.facebook.com\/Ferme-exp%C3%A9rimentale-du-Caviar-104739205113437\/\" target=\"_blank\" rel=\"noreferrer noopener\">Le Caviar<\/a>, c\u2019est le nom que Claudia a donn\u00e9 \u00e0 sa ferme<\/strong> quand elle l\u2019a achet\u00e9 il y a quelques ann\u00e9es, parce que pour elle <strong>c\u2019\u00e9tait \u00e7a le luxe : retrouver le go\u00fbt des choses simples et essentielles<\/strong>, retourner \u00e0 la nature, se reconnecter au vivant.&nbsp;<\/p>\n\n\n\n<h4 class=\"wp-block-heading\">Un lieu pour r\u00e9-enchanter le monde<\/h4>\n\n\n\n<p>En arrivant, tremp\u00e9s, le ciel se d\u00e9gage, le soleil apparait. On commence d\u00e9j\u00e0 \u00e0 l\u2019appr\u00e9cier, ce caviar rural. Et c\u2019est sans compter sur l\u2019accueil : <strong>toute une \u00e9quipe se tient pr\u00eate \u00e0 accueillir l\u2019AlterTour<\/strong>, banderole de bienvenue accroch\u00e9e en gros au dessus de la buvette.<\/p>\n\n\n\n<p>Claudia nous pr\u00e9sente son <strong>projet : celui de d\u00e9velopper un lieu qui respire bon l\u2019hospitalit\u00e9 et la bienveillance<\/strong>, un lieu d\u2019accueil, dynamique, o\u00f9 se cr\u00e9\u00e9 des liens et de la convivialit\u00e9 entre les habitants d\u2019ici et d\u2019ailleurs, et <strong>d\u2019o\u00f9 puisse naitre de multiples projets<\/strong>. Au del\u00e0 de sa ferme, l\u2019endroit est d\u2019ailleurs anim\u00e9 par l&rsquo;association l&rsquo;Arr\u00eat cr\u00e9maill\u00e8re (qu\u2019on pourrait aussi entendre comme <em>\u201cla r\u00e9cr\u00e9e maill\u00e8re\u201d<\/em> ou <em>\u201cl\u2019art et la cr\u00e9maill\u00e8re\u201d<\/em>).&nbsp;<\/p>\n\n\n\n<p><strong>Elle a 3 objectifs<\/strong> :&nbsp;<\/p>\n\n\n\n<ul class=\"wp-block-list\"><li>Provoquer la rencontre pour faciliter l&rsquo;accueil et l&rsquo;entraide entre habitants<\/li><li>Pr\u00e9parer le r\u00e9-enchantement des c\u0153urs \u00e0 travers les arts vivants et populaires<\/li><li>Favoriser la transmission et l&rsquo;apprentissage de savoirs paysans<\/li><\/ul>\n\n\n\n<p>Le <strong>menu qu\u2019on nous sert est royal<\/strong> : atelier pour apprendre \u00e0 faire des <strong>joints \u00e0 la chaux<\/strong>, atelier <strong>d\u00e9couverte du jardin<\/strong>, atelier <strong>visite de la ferme<\/strong>, ou encore <strong>discussion avec des anciens urbains<\/strong> pour nous raconter la mani\u00e8re dont ils se sont install\u00e9s dans ce coin de verdure pour vivre en autonomie.&nbsp;<\/p>\n\n\n\n<p>\u00c7a en fait des infos \u00e0 dig\u00e9rer, apr\u00e8s les kilom\u00e8tres parcourus&#8230;<\/p>\n\n\n\n<h4 class=\"wp-block-heading\">Place \u00e0 la f\u00eate<\/h4>\n\n\n\n<p>Mais l\u2019Arr\u00eat Cr\u00e9maill\u00e8re a pens\u00e9 \u00e0 tout : on nous offre un petit digestif pour assimiler tout \u00e7a puis un moment de spectacle de magie et de clown au th\u00e9\u00e2tre de verdure ! <strong>Le th\u00e9\u00e2tre de verdure<\/strong>, c\u2019est une <strong>ar\u00e8ne \u00e0 ciel ouvert<\/strong>, avec des gradins construit \u00e0 m\u00eame le sol, devant une sc\u00e8ne faite en bois, afin d\u2019accueillir des \u00e9v\u00e9nements culturels et musicaux. Un lieu sans porte, <em>\u201cque personne ne pourra fermer\u201d<\/em> comme dit Claudia. Un lieu cr\u00e9\u00e9 en seulement 6 mois, afin d\u2019\u00eatre pr\u00eat \u00e0 temps pour accueillir notre bande de joyeux altercyclistes. Quel honneur, quel luxe ! Devant les repr\u00e9sentations \u00e7a rit, \u00e7a applaudit.&nbsp;<\/p>\n\n\n\n<figure class=\"wp-block-image size-large\"><a href=\"https:\/\/www.altercampagne.net\/wp-content\/uploads\/2021\/08\/clown-ferme-caviar.jpg\"><img loading=\"lazy\" decoding=\"async\" width=\"1024\" height=\"681\" src=\"https:\/\/www.altercampagne.net\/wp-content\/uploads\/2021\/08\/clown-ferme-caviar-1024x681.jpg\" alt=\"\" class=\"wp-image-22954\" srcset=\"https:\/\/www.altercampagne.net\/wp-content\/uploads\/2021\/08\/clown-ferme-caviar-1024x681.jpg 1024w, https:\/\/www.altercampagne.net\/wp-content\/uploads\/2021\/08\/clown-ferme-caviar-300x199.jpg 300w, https:\/\/www.altercampagne.net\/wp-content\/uploads\/2021\/08\/clown-ferme-caviar-768x510.jpg 768w, https:\/\/www.altercampagne.net\/wp-content\/uploads\/2021\/08\/clown-ferme-caviar-1536x1021.jpg 1536w, https:\/\/www.altercampagne.net\/wp-content\/uploads\/2021\/08\/clown-ferme-caviar-610x405.jpg 610w, https:\/\/www.altercampagne.net\/wp-content\/uploads\/2021\/08\/clown-ferme-caviar-100x66.jpg 100w, https:\/\/www.altercampagne.net\/wp-content\/uploads\/2021\/08\/clown-ferme-caviar-862x573.jpg 862w, https:\/\/www.altercampagne.net\/wp-content\/uploads\/2021\/08\/clown-ferme-caviar-1140x758.jpg 1140w, https:\/\/www.altercampagne.net\/wp-content\/uploads\/2021\/08\/clown-ferme-caviar.jpg 1920w\" sizes=\"auto, (max-width: 1024px) 100vw, 1024px\" \/><\/a><\/figure>\n\n\n\n<p>Mais tout cela creuse de nouveau l\u2019app\u00e9tit, et donne soif surtout : une bouteille de cidre et de bi\u00e8re locale sous chaque bras pour certains (dont je ne citerai pas le nom, contentez-vous de compter le nombre de cernes sous les yeux des altercyclistes), on continue le repas avec en dessert un <strong>bal folk <\/strong>qui nous r\u00e9gale, pr\u00e9par\u00e9 par un groupe de musique local, \u201cles fi\u00e8vres de lait\u201d. D\u2019ailleurs \u00e7a tombe bien, les danses folk on les a apprises la veille \u00e0 la ferme de Pierre.<\/p>\n\n\n\n<p>Merci pour nos accueillants, pour les moments de convivialit\u00e9s, les rires, les r\u00eaves et les r\u00e9alisations concr\u00e8tes que vous nous avez partag\u00e9s. On repart rempli jusqu\u2019\u00e0 la panse. On reviendra !<\/p>\n\n\n\n<p>Pour en savoir plus sur la ferme<a href=\"https:\/\/www.youtube.com\/watch?v=roA0PGQ35-c\" target=\"_blank\" rel=\"noreferrer noopener\"> <strong>c&rsquo;est ici<\/strong><\/a>.<\/p>\n\n\n\n<p>Pour en savoir plus sur l&rsquo;asso de la ferme <strong><a href=\"https:\/\/www.helloasso.com\/associations\/l-arret-cremaillere?fbclid=IwAR3R9kKVf2tL2oh-fho8aAqhhitur1FKKRVZjvaT6tknFQs7ckGnjrUddLs\" target=\"_blank\" rel=\"noreferrer noopener\">c&rsquo;est ici<\/a><\/strong>.<\/p>\n\n\n\n<p>Pour en savoir plus sur le chantier du \u00ab\u00a0th\u00e9\u00e2tre \u00e0 ciel ouvert\u00a0\u00bb <strong><a href=\"https:\/\/www.helloasso.com\/associations\/l%20arret%20cremaillere\/collectes\/aides-nous-a-faire-sortir-de-terre-un-theatre-a-ciel-ouvert?fbclid=IwAR0rWnzSvZ60pA9R6AY6sIeROVbWJ7szhq8vP_FJlEPxJTZEGPFcxbBAGAU\" target=\"_blank\" rel=\"noreferrer noopener\">c&rsquo;est ici<\/a><\/strong>.<\/p>\n\n\n\n<p>Pour filer un coup de main \u00e0 la ferme <strong><a href=\"https:\/\/www.workaway.info\/fr\/host\/526268486796?fbclid=IwAR02aoUsfvDCg-473y73KAlYjBlGcBghL9WHe2GAzpoqcpQCi7taTac_Wdw\" target=\"_blank\" rel=\"noreferrer noopener\">c&rsquo;est ici<\/a><\/strong>.<\/p>\n\n\n\n<p class=\"has-text-align-right\">\u00a9 <em>Thibault S\u00e9gur<\/em><\/p>\n","protected":false},"excerpt":{"rendered":"<p>Le Caviar, c\u2019est le nom que Claudia a donn\u00e9 \u00e0 sa ferme quand elle l\u2019a achet\u00e9 il y a quelques ann\u00e9es, parce que pour elle c\u2019\u00e9tait \u00e7a le luxe : retrouver le go\u00fbt des choses simples et essentielles, retourner \u00e0 la nature, se reconnecter au vivant. <\/p>\n","protected":false},"author":364,"featured_media":22952,"comment_status":"closed","ping_status":"closed","sticky":false,"template":"","format":"standard","meta":{"footnotes":""},"categories":[3483,4313,3472,3490,4198,3486,3488,3540],"tags":[],"class_list":["post-22951","post","type-post","status-publish","format-standard","has-post-thumbnail","hentry","category-agriculture","category-altertour","category-bretagne","category-culture","category-edition-2021","category-environnement","category-social","category-transverse"],"yoast_head":"<!-- This site is optimized with the Yoast SEO plugin v27.3 - https:\/\/yoast.com\/product\/yoast-seo-wordpress\/ -->\n<title>Ferme exp\u00e9rimentale du CAVIAR : Cabane d&#039;Accueil, de Valorisation et d&#039;Impulsion d&#039;Actions Rurales - AlterTour<\/title>\n<meta name=\"robots\" content=\"index, follow, max-snippet:-1, max-image-preview:large, max-video-preview:-1\" \/>\n<link rel=\"canonical\" href=\"https:\/\/www.altercampagne.net\/?p=22951\" \/>\n<meta property=\"og:locale\" content=\"fr_FR\" \/>\n<meta property=\"og:type\" content=\"article\" \/>\n<meta property=\"og:title\" content=\"Ferme exp\u00e9rimentale du CAVIAR : Cabane d&#039;Accueil, de Valorisation et d&#039;Impulsion d&#039;Actions Rurales - AlterTour\" \/>\n<meta property=\"og:description\" content=\"Le Caviar, c\u2019est le nom que Claudia a donn\u00e9 \u00e0 sa ferme quand elle l\u2019a achet\u00e9 il y a quelques ann\u00e9es, parce que pour elle c\u2019\u00e9tait \u00e7a le luxe : retrouver le go\u00fbt des choses simples et essentielles, retourner \u00e0 la nature, se reconnecter au vivant.\" \/>\n<meta property=\"og:url\" content=\"https:\/\/www.altercampagne.net\/?p=22951\" \/>\n<meta property=\"og:site_name\" content=\"AlterTour\" \/>\n<meta property=\"article:published_time\" content=\"2021-08-06T06:31:00+00:00\" \/>\n<meta property=\"article:modified_time\" content=\"2021-08-12T08:19:17+00:00\" \/>\n<meta property=\"og:image\" content=\"https:\/\/www.altercampagne.net\/wp-content\/uploads\/2021\/08\/ferme-caviar-buvette-1024x681.jpg\" \/>\n\t<meta property=\"og:image:width\" content=\"1024\" \/>\n\t<meta property=\"og:image:height\" content=\"681\" \/>\n\t<meta property=\"og:image:type\" content=\"image\/jpeg\" \/>\n<meta name=\"author\" content=\"Anouchka\" \/>\n<meta name=\"twitter:card\" content=\"summary_large_image\" \/>\n<meta name=\"twitter:label1\" content=\"\u00c9crit par\" \/>\n\t<meta name=\"twitter:data1\" content=\"Anouchka\" \/>\n\t<meta name=\"twitter:label2\" content=\"Dur\u00e9e de lecture estim\u00e9e\" \/>\n\t<meta name=\"twitter:data2\" content=\"3 minutes\" \/>\n<script type=\"application\/ld+json\" class=\"yoast-schema-graph\">{\"@context\":\"https:\\\/\\\/schema.org\",\"@graph\":[{\"@type\":\"Article\",\"@id\":\"https:\\\/\\\/www.altercampagne.net\\\/?p=22951#article\",\"isPartOf\":{\"@id\":\"https:\\\/\\\/www.altercampagne.net\\\/?p=22951\"},\"author\":{\"name\":\"Anouchka\",\"@id\":\"https:\\\/\\\/www.altercampagne.net\\\/#\\\/schema\\\/person\\\/675f636f056503d272f50fe6256bf97f\"},\"headline\":\"Ferme exp\u00e9rimentale du CAVIAR : Cabane d&rsquo;Accueil, de Valorisation et d&rsquo;Impulsion d&rsquo;Actions Rurales\",\"datePublished\":\"2021-08-06T06:31:00+00:00\",\"dateModified\":\"2021-08-12T08:19:17+00:00\",\"mainEntityOfPage\":{\"@id\":\"https:\\\/\\\/www.altercampagne.net\\\/?p=22951\"},\"wordCount\":691,\"image\":{\"@id\":\"https:\\\/\\\/www.altercampagne.net\\\/?p=22951#primaryimage\"},\"thumbnailUrl\":\"https:\\\/\\\/www.altercampagne.net\\\/wp-content\\\/uploads\\\/2021\\\/08\\\/ferme-caviar-buvette.jpg\",\"articleSection\":[\"Agriculture\",\"AlterTour\",\"Bretagne\",\"Culture\",\"Edition 2021\",\"Environnement\",\"Social\",\"Transverse\"],\"inLanguage\":\"fr-FR\"},{\"@type\":\"WebPage\",\"@id\":\"https:\\\/\\\/www.altercampagne.net\\\/?p=22951\",\"url\":\"https:\\\/\\\/www.altercampagne.net\\\/?p=22951\",\"name\":\"Ferme exp\u00e9rimentale du CAVIAR : Cabane d'Accueil, de Valorisation et d'Impulsion d'Actions Rurales - AlterTour\",\"isPartOf\":{\"@id\":\"https:\\\/\\\/www.altercampagne.net\\\/#website\"},\"primaryImageOfPage\":{\"@id\":\"https:\\\/\\\/www.altercampagne.net\\\/?p=22951#primaryimage\"},\"image\":{\"@id\":\"https:\\\/\\\/www.altercampagne.net\\\/?p=22951#primaryimage\"},\"thumbnailUrl\":\"https:\\\/\\\/www.altercampagne.net\\\/wp-content\\\/uploads\\\/2021\\\/08\\\/ferme-caviar-buvette.jpg\",\"datePublished\":\"2021-08-06T06:31:00+00:00\",\"dateModified\":\"2021-08-12T08:19:17+00:00\",\"author\":{\"@id\":\"https:\\\/\\\/www.altercampagne.net\\\/#\\\/schema\\\/person\\\/675f636f056503d272f50fe6256bf97f\"},\"breadcrumb\":{\"@id\":\"https:\\\/\\\/www.altercampagne.net\\\/?p=22951#breadcrumb\"},\"inLanguage\":\"fr-FR\",\"potentialAction\":[{\"@type\":\"ReadAction\",\"target\":[\"https:\\\/\\\/www.altercampagne.net\\\/?p=22951\"]}]},{\"@type\":\"ImageObject\",\"inLanguage\":\"fr-FR\",\"@id\":\"https:\\\/\\\/www.altercampagne.net\\\/?p=22951#primaryimage\",\"url\":\"https:\\\/\\\/www.altercampagne.net\\\/wp-content\\\/uploads\\\/2021\\\/08\\\/ferme-caviar-buvette.jpg\",\"contentUrl\":\"https:\\\/\\\/www.altercampagne.net\\\/wp-content\\\/uploads\\\/2021\\\/08\\\/ferme-caviar-buvette.jpg\",\"width\":1920,\"height\":1276},{\"@type\":\"BreadcrumbList\",\"@id\":\"https:\\\/\\\/www.altercampagne.net\\\/?p=22951#breadcrumb\",\"itemListElement\":[{\"@type\":\"ListItem\",\"position\":1,\"name\":\"Accueil\",\"item\":\"https:\\\/\\\/www.altercampagne.net\\\/\"},{\"@type\":\"ListItem\",\"position\":2,\"name\":\"Ferme exp\u00e9rimentale du CAVIAR : Cabane d&rsquo;Accueil, de Valorisation et d&rsquo;Impulsion d&rsquo;Actions Rurales\"}]},{\"@type\":\"WebSite\",\"@id\":\"https:\\\/\\\/www.altercampagne.net\\\/#website\",\"url\":\"https:\\\/\\\/www.altercampagne.net\\\/\",\"name\":\"AlterTour\",\"description\":\"Reliez les Alternatives \u00e0 v\u00e9lo\",\"potentialAction\":[{\"@type\":\"SearchAction\",\"target\":{\"@type\":\"EntryPoint\",\"urlTemplate\":\"https:\\\/\\\/www.altercampagne.net\\\/?s={search_term_string}\"},\"query-input\":{\"@type\":\"PropertyValueSpecification\",\"valueRequired\":true,\"valueName\":\"search_term_string\"}}],\"inLanguage\":\"fr-FR\"},{\"@type\":\"Person\",\"@id\":\"https:\\\/\\\/www.altercampagne.net\\\/#\\\/schema\\\/person\\\/675f636f056503d272f50fe6256bf97f\",\"name\":\"Anouchka\",\"image\":{\"@type\":\"ImageObject\",\"inLanguage\":\"fr-FR\",\"@id\":\"https:\\\/\\\/secure.gravatar.com\\\/avatar\\\/ba41ba7ad7aad97b7061ba6354f89cc6cc30bcae3dd10f29ae91e6261930d48e?s=96&d=mm&r=g\",\"url\":\"https:\\\/\\\/secure.gravatar.com\\\/avatar\\\/ba41ba7ad7aad97b7061ba6354f89cc6cc30bcae3dd10f29ae91e6261930d48e?s=96&d=mm&r=g\",\"contentUrl\":\"https:\\\/\\\/secure.gravatar.com\\\/avatar\\\/ba41ba7ad7aad97b7061ba6354f89cc6cc30bcae3dd10f29ae91e6261930d48e?s=96&d=mm&r=g\",\"caption\":\"Anouchka\"},\"url\":\"https:\\\/\\\/www.altercampagne.net\\\/?author=364\"}]}<\/script>\n<!-- \/ Yoast SEO plugin. -->","yoast_head_json":{"title":"Ferme exp\u00e9rimentale du CAVIAR : Cabane d'Accueil, de Valorisation et d'Impulsion d'Actions Rurales - AlterTour","robots":{"index":"index","follow":"follow","max-snippet":"max-snippet:-1","max-image-preview":"max-image-preview:large","max-video-preview":"max-video-preview:-1"},"canonical":"https:\/\/www.altercampagne.net\/?p=22951","og_locale":"fr_FR","og_type":"article","og_title":"Ferme exp\u00e9rimentale du CAVIAR : Cabane d'Accueil, de Valorisation et d'Impulsion d'Actions Rurales - AlterTour","og_description":"Le Caviar, c\u2019est le nom que Claudia a donn\u00e9 \u00e0 sa ferme quand elle l\u2019a achet\u00e9 il y a quelques ann\u00e9es, parce que pour elle c\u2019\u00e9tait \u00e7a le luxe : retrouver le go\u00fbt des choses simples et essentielles, retourner \u00e0 la nature, se reconnecter au vivant.","og_url":"https:\/\/www.altercampagne.net\/?p=22951","og_site_name":"AlterTour","article_published_time":"2021-08-06T06:31:00+00:00","article_modified_time":"2021-08-12T08:19:17+00:00","og_image":[{"width":1024,"height":681,"url":"https:\/\/www.altercampagne.net\/wp-content\/uploads\/2021\/08\/ferme-caviar-buvette-1024x681.jpg","type":"image\/jpeg"}],"author":"Anouchka","twitter_card":"summary_large_image","twitter_misc":{"\u00c9crit par":"Anouchka","Dur\u00e9e de lecture estim\u00e9e":"3 minutes"},"schema":{"@context":"https:\/\/schema.org","@graph":[{"@type":"Article","@id":"https:\/\/www.altercampagne.net\/?p=22951#article","isPartOf":{"@id":"https:\/\/www.altercampagne.net\/?p=22951"},"author":{"name":"Anouchka","@id":"https:\/\/www.altercampagne.net\/#\/schema\/person\/675f636f056503d272f50fe6256bf97f"},"headline":"Ferme exp\u00e9rimentale du CAVIAR : Cabane d&rsquo;Accueil, de Valorisation et d&rsquo;Impulsion d&rsquo;Actions Rurales","datePublished":"2021-08-06T06:31:00+00:00","dateModified":"2021-08-12T08:19:17+00:00","mainEntityOfPage":{"@id":"https:\/\/www.altercampagne.net\/?p=22951"},"wordCount":691,"image":{"@id":"https:\/\/www.altercampagne.net\/?p=22951#primaryimage"},"thumbnailUrl":"https:\/\/www.altercampagne.net\/wp-content\/uploads\/2021\/08\/ferme-caviar-buvette.jpg","articleSection":["Agriculture","AlterTour","Bretagne","Culture","Edition 2021","Environnement","Social","Transverse"],"inLanguage":"fr-FR"},{"@type":"WebPage","@id":"https:\/\/www.altercampagne.net\/?p=22951","url":"https:\/\/www.altercampagne.net\/?p=22951","name":"Ferme exp\u00e9rimentale du CAVIAR : Cabane d'Accueil, de Valorisation et d'Impulsion d'Actions Rurales - AlterTour","isPartOf":{"@id":"https:\/\/www.altercampagne.net\/#website"},"primaryImageOfPage":{"@id":"https:\/\/www.altercampagne.net\/?p=22951#primaryimage"},"image":{"@id":"https:\/\/www.altercampagne.net\/?p=22951#primaryimage"},"thumbnailUrl":"https:\/\/www.altercampagne.net\/wp-content\/uploads\/2021\/08\/ferme-caviar-buvette.jpg","datePublished":"2021-08-06T06:31:00+00:00","dateModified":"2021-08-12T08:19:17+00:00","author":{"@id":"https:\/\/www.altercampagne.net\/#\/schema\/person\/675f636f056503d272f50fe6256bf97f"},"breadcrumb":{"@id":"https:\/\/www.altercampagne.net\/?p=22951#breadcrumb"},"inLanguage":"fr-FR","potentialAction":[{"@type":"ReadAction","target":["https:\/\/www.altercampagne.net\/?p=22951"]}]},{"@type":"ImageObject","inLanguage":"fr-FR","@id":"https:\/\/www.altercampagne.net\/?p=22951#primaryimage","url":"https:\/\/www.altercampagne.net\/wp-content\/uploads\/2021\/08\/ferme-caviar-buvette.jpg","contentUrl":"https:\/\/www.altercampagne.net\/wp-content\/uploads\/2021\/08\/ferme-caviar-buvette.jpg","width":1920,"height":1276},{"@type":"BreadcrumbList","@id":"https:\/\/www.altercampagne.net\/?p=22951#breadcrumb","itemListElement":[{"@type":"ListItem","position":1,"name":"Accueil","item":"https:\/\/www.altercampagne.net\/"},{"@type":"ListItem","position":2,"name":"Ferme exp\u00e9rimentale du CAVIAR : Cabane d&rsquo;Accueil, de Valorisation et d&rsquo;Impulsion d&rsquo;Actions Rurales"}]},{"@type":"WebSite","@id":"https:\/\/www.altercampagne.net\/#website","url":"https:\/\/www.altercampagne.net\/","name":"AlterTour","description":"Reliez les Alternatives \u00e0 v\u00e9lo","potentialAction":[{"@type":"SearchAction","target":{"@type":"EntryPoint","urlTemplate":"https:\/\/www.altercampagne.net\/?s={search_term_string}"},"query-input":{"@type":"PropertyValueSpecification","valueRequired":true,"valueName":"search_term_string"}}],"inLanguage":"fr-FR"},{"@type":"Person","@id":"https:\/\/www.altercampagne.net\/#\/schema\/person\/675f636f056503d272f50fe6256bf97f","name":"Anouchka","image":{"@type":"ImageObject","inLanguage":"fr-FR","@id":"https:\/\/secure.gravatar.com\/avatar\/ba41ba7ad7aad97b7061ba6354f89cc6cc30bcae3dd10f29ae91e6261930d48e?s=96&d=mm&r=g","url":"https:\/\/secure.gravatar.com\/avatar\/ba41ba7ad7aad97b7061ba6354f89cc6cc30bcae3dd10f29ae91e6261930d48e?s=96&d=mm&r=g","contentUrl":"https:\/\/secure.gravatar.com\/avatar\/ba41ba7ad7aad97b7061ba6354f89cc6cc30bcae3dd10f29ae91e6261930d48e?s=96&d=mm&r=g","caption":"Anouchka"},"url":"https:\/\/www.altercampagne.net\/?author=364"}]}},"_links":{"self":[{"href":"https:\/\/www.altercampagne.net\/index.php?rest_route=\/wp\/v2\/posts\/22951","targetHints":{"allow":["GET"]}}],"collection":[{"href":"https:\/\/www.altercampagne.net\/index.php?rest_route=\/wp\/v2\/posts"}],"about":[{"href":"https:\/\/www.altercampagne.net\/index.php?rest_route=\/wp\/v2\/types\/post"}],"author":[{"embeddable":true,"href":"https:\/\/www.altercampagne.net\/index.php?rest_route=\/wp\/v2\/users\/364"}],"replies":[{"embeddable":true,"href":"https:\/\/www.altercampagne.net\/index.php?rest_route=%2Fwp%2Fv2%2Fcomments&post=22951"}],"version-history":[{"count":3,"href":"https:\/\/www.altercampagne.net\/index.php?rest_route=\/wp\/v2\/posts\/22951\/revisions"}],"predecessor-version":[{"id":22958,"href":"https:\/\/www.altercampagne.net\/index.php?rest_route=\/wp\/v2\/posts\/22951\/revisions\/22958"}],"wp:featuredmedia":[{"embeddable":true,"href":"https:\/\/www.altercampagne.net\/index.php?rest_route=\/wp\/v2\/media\/22952"}],"wp:attachment":[{"href":"https:\/\/www.altercampagne.net\/index.php?rest_route=%2Fwp%2Fv2%2Fmedia&parent=22951"}],"wp:term":[{"taxonomy":"category","embeddable":true,"href":"https:\/\/www.altercampagne.net\/index.php?rest_route=%2Fwp%2Fv2%2Fcategories&post=22951"},{"taxonomy":"post_tag","embeddable":true,"href":"https:\/\/www.altercampagne.net\/index.php?rest_route=%2Fwp%2Fv2%2Ftags&post=22951"}],"curies":[{"name":"wp","href":"https:\/\/api.w.org\/{rel}","templated":true}]}}