{"id":23007,"date":"2021-08-25T08:33:53","date_gmt":"2021-08-25T06:33:53","guid":{"rendered":"https:\/\/www.altercampagne.net\/?p=23007"},"modified":"2021-08-26T09:01:12","modified_gmt":"2021-08-26T07:01:12","slug":"des-partouzes-mentales-au-soupl-linventivite-fuse-au-bel-air","status":"publish","type":"post","link":"https:\/\/www.altercampagne.net\/?p=23007","title":{"rendered":"Des \u00ab\u00a0partouzes mentales\u00a0\u00bb au \u00ab\u00a0Soupl\u00a0\u00bb : l&rsquo;inventivit\u00e9 fuse au Bel Air"},"content":{"rendered":"\n<p>Les altercyclistes se l\u00e8vent de bonne heure sous des nuages mena\u00e7ants qui seront rapidement chass\u00e9s par quelques coups de p\u00e9dales. Peu de kilom\u00e8tres plus tard, la <em>v\u00e9lotroupe <\/em>franchit sans grande peine l\u2019entr\u00e9e du <strong><a href=\"https:\/\/villagedubelair.org\/\">Village de Bel Air<\/a><\/strong>. Cette enclave cr\u00e9ative et inventive de 15 hectares au c\u0153ur du Morbihan repose sur les ruines d\u2019un ch\u00e2teau de plaisance dat\u00e9 du XVI<sup>e<\/sup> si\u00e8cle. <\/p>\n\n\n\n<p>Jesse, habitant et cofondateur, nous conte avec bonne humeur comment le collectif s\u2019organise autour des convictions et besoins de chacun pour vivre sur ce lieu in\u00e9dit. Les id\u00e9es ne manquent pas pour faire vivre l\u2019espace : <strong>cr\u00e9ation d\u2019un caf\u00e9 associatif, organisation de festivals, formation sur les eco villages ou la permaculture, accueil de camps scouts, stage de m\u00e9ditation&#8230;<\/strong> <\/p>\n\n\n\n<figure class=\"wp-block-image size-large\"><a href=\"https:\/\/www.altercampagne.net\/wp-content\/uploads\/2021\/08\/DJI_0158-scaled.jpg\"><img loading=\"lazy\" decoding=\"async\" width=\"1024\" height=\"575\" src=\"https:\/\/www.altercampagne.net\/wp-content\/uploads\/2021\/08\/DJI_0158-1024x575.jpg\" alt=\"\" class=\"wp-image-23047\" srcset=\"https:\/\/www.altercampagne.net\/wp-content\/uploads\/2021\/08\/DJI_0158-1024x575.jpg 1024w, https:\/\/www.altercampagne.net\/wp-content\/uploads\/2021\/08\/DJI_0158-300x168.jpg 300w, https:\/\/www.altercampagne.net\/wp-content\/uploads\/2021\/08\/DJI_0158-768x431.jpg 768w, https:\/\/www.altercampagne.net\/wp-content\/uploads\/2021\/08\/DJI_0158-1536x863.jpg 1536w, https:\/\/www.altercampagne.net\/wp-content\/uploads\/2021\/08\/DJI_0158-2048x1150.jpg 2048w, https:\/\/www.altercampagne.net\/wp-content\/uploads\/2021\/08\/DJI_0158-610x343.jpg 610w, https:\/\/www.altercampagne.net\/wp-content\/uploads\/2021\/08\/DJI_0158-100x56.jpg 100w, https:\/\/www.altercampagne.net\/wp-content\/uploads\/2021\/08\/DJI_0158-862x484.jpg 862w, https:\/\/www.altercampagne.net\/wp-content\/uploads\/2021\/08\/DJI_0158-1140x640.jpg 1140w\" sizes=\"auto, (max-width: 1024px) 100vw, 1024px\" \/><\/a><\/figure>\n\n\n\n<p>Pour concr\u00e9tiser leurs projets, les habitant(e)s mettent en commun leurs biens mat\u00e9riels et financiers sur la base d\u2019une participation libre et consciente. <strong>Le rapport individuel \u00e0 l\u2019argent et \u00e0 la propri\u00e9t\u00e9 en est tout boulevers\u00e9.<\/strong> Pour se mettre d\u2019accord, apaiser les tensions, et harmoniser leurs \u00e9motions, ils se retrouvent dans des r\u00e9unions collectives aux noms originaux : les \u00ab partouzes mentales \u00bb, et les \u00ab soupl \u00bb. <\/p>\n\n\n\n<p>Apr\u00e8s une visite du terrain et la d\u00e9couverte des diff\u00e9rents types d\u2019habitats l\u00e9gers, les altercyclistes ont l\u00e2ch\u00e9 leurs v\u00e9los pour <strong>un bal festif sous le signe des danses bretonnes traditionnelles.<\/strong> Un feu r\u00e9confortant et quelques \u00e9toiles brillantes et la fatigue se fait d\u00e9j\u00e0 sentir dans les corps engourdis. Encore une journ\u00e9e extraordinairement aiguillonnante ! <\/p>\n\n\n\n<p>Et pour celles et ceux qui souhaiteraient en savoir plus, une s\u00e9rie documentaire de 15 \u00e9pisodes sur le lieu sortira d\u00e8s septembre sur leur site internet. A plus sur les v\u00e9los !<\/p>\n\n\n\n<p class=\"has-text-align-right\"><strong>Alisson<\/strong><\/p>\n\n\n\n<figure class=\"wp-block-image size-large\"><a href=\"https:\/\/www.altercampagne.net\/wp-content\/uploads\/2021\/08\/Babeth1.jpg\"><img loading=\"lazy\" decoding=\"async\" width=\"710\" height=\"1024\" src=\"https:\/\/www.altercampagne.net\/wp-content\/uploads\/2021\/08\/Babeth1-710x1024.jpg\" alt=\"\" class=\"wp-image-23069\" srcset=\"https:\/\/www.altercampagne.net\/wp-content\/uploads\/2021\/08\/Babeth1-710x1024.jpg 710w, https:\/\/www.altercampagne.net\/wp-content\/uploads\/2021\/08\/Babeth1-208x300.jpg 208w, https:\/\/www.altercampagne.net\/wp-content\/uploads\/2021\/08\/Babeth1-768x1108.jpg 768w, https:\/\/www.altercampagne.net\/wp-content\/uploads\/2021\/08\/Babeth1-1065x1536.jpg 1065w, https:\/\/www.altercampagne.net\/wp-content\/uploads\/2021\/08\/Babeth1-610x880.jpg 610w, https:\/\/www.altercampagne.net\/wp-content\/uploads\/2021\/08\/Babeth1-100x144.jpg 100w, https:\/\/www.altercampagne.net\/wp-content\/uploads\/2021\/08\/Babeth1-862x1243.jpg 862w, https:\/\/www.altercampagne.net\/wp-content\/uploads\/2021\/08\/Babeth1.jpg 1092w\" sizes=\"auto, (max-width: 710px) 100vw, 710px\" \/><\/a><figcaption>Illustration \u00e0 l&rsquo;aquarelle de Babeth<\/figcaption><\/figure>\n","protected":false},"excerpt":{"rendered":"<p>Les altercyclistes se l\u00e8vent de bonne heure sous des nuages mena\u00e7ants qui seront rapidement chass\u00e9s par quelques coups de p\u00e9dales. Peu de kilom\u00e8tres plus tard, la v\u00e9lotroupe franchit sans grande peine l\u2019entr\u00e9e du Village de Bel Air. Cette enclave cr\u00e9ative et inventive de 15 hectares au c\u0153ur du Morbihan repose &#8230; <\/p>\n<div><a href=\"https:\/\/www.altercampagne.net\/?p=23007\" class=\"more-link\">Read More<\/a><\/div>\n","protected":false},"author":316,"featured_media":23046,"comment_status":"closed","ping_status":"closed","sticky":false,"template":"","format":"standard","meta":{"footnotes":""},"categories":[4313,4198,3485,1],"tags":[],"class_list":["post-23007","post","type-post","status-publish","format-standard","has-post-thumbnail","hentry","category-altertour","category-edition-2021","category-habitat","category-non-classe"],"yoast_head":"<!-- This site is optimized with the Yoast SEO plugin v27.3 - https:\/\/yoast.com\/product\/yoast-seo-wordpress\/ -->\n<title>Des &quot;partouzes mentales&quot; au &quot;Soupl&quot; : l&#039;inventivit\u00e9 fuse au Bel Air - AlterTour<\/title>\n<meta name=\"robots\" content=\"index, follow, max-snippet:-1, max-image-preview:large, max-video-preview:-1\" \/>\n<link rel=\"canonical\" href=\"https:\/\/www.altercampagne.net\/?p=23007\" \/>\n<meta property=\"og:locale\" content=\"fr_FR\" \/>\n<meta property=\"og:type\" content=\"article\" \/>\n<meta property=\"og:title\" content=\"Des &quot;partouzes mentales&quot; au &quot;Soupl&quot; : l&#039;inventivit\u00e9 fuse au Bel Air - AlterTour\" \/>\n<meta property=\"og:description\" content=\"Les altercyclistes se l\u00e8vent de bonne heure sous des nuages mena\u00e7ants qui seront rapidement chass\u00e9s par quelques coups de p\u00e9dales. Peu de kilom\u00e8tres plus tard, la v\u00e9lotroupe franchit sans grande peine l\u2019entr\u00e9e du Village de Bel Air. Cette enclave cr\u00e9ative et inventive de 15 hectares au c\u0153ur du Morbihan repose ... Read More\" \/>\n<meta property=\"og:url\" content=\"https:\/\/www.altercampagne.net\/?p=23007\" \/>\n<meta property=\"og:site_name\" content=\"AlterTour\" \/>\n<meta property=\"article:published_time\" content=\"2021-08-25T06:33:53+00:00\" \/>\n<meta property=\"article:modified_time\" content=\"2021-08-26T07:01:12+00:00\" \/>\n<meta property=\"og:image\" content=\"https:\/\/www.altercampagne.net\/wp-content\/uploads\/2021\/08\/At-Bel-Air-1-scaled.jpg\" \/>\n\t<meta property=\"og:image:width\" content=\"2560\" \/>\n\t<meta property=\"og:image:height\" content=\"1336\" \/>\n\t<meta property=\"og:image:type\" content=\"image\/jpeg\" \/>\n<meta name=\"author\" content=\"Jonas\" \/>\n<meta name=\"twitter:card\" content=\"summary_large_image\" \/>\n<meta name=\"twitter:label1\" content=\"\u00c9crit par\" \/>\n\t<meta name=\"twitter:data1\" content=\"Jonas\" \/>\n\t<meta name=\"twitter:label2\" content=\"Dur\u00e9e de lecture estim\u00e9e\" \/>\n\t<meta name=\"twitter:data2\" content=\"2 minutes\" \/>\n<script type=\"application\/ld+json\" class=\"yoast-schema-graph\">{\"@context\":\"https:\\\/\\\/schema.org\",\"@graph\":[{\"@type\":\"Article\",\"@id\":\"https:\\\/\\\/www.altercampagne.net\\\/?p=23007#article\",\"isPartOf\":{\"@id\":\"https:\\\/\\\/www.altercampagne.net\\\/?p=23007\"},\"author\":{\"name\":\"Jonas\",\"@id\":\"https:\\\/\\\/www.altercampagne.net\\\/#\\\/schema\\\/person\\\/308dc295a67929d58321ff6b59820daa\"},\"headline\":\"Des \u00ab\u00a0partouzes mentales\u00a0\u00bb au \u00ab\u00a0Soupl\u00a0\u00bb : l&rsquo;inventivit\u00e9 fuse au Bel Air\",\"datePublished\":\"2021-08-25T06:33:53+00:00\",\"dateModified\":\"2021-08-26T07:01:12+00:00\",\"mainEntityOfPage\":{\"@id\":\"https:\\\/\\\/www.altercampagne.net\\\/?p=23007\"},\"wordCount\":319,\"image\":{\"@id\":\"https:\\\/\\\/www.altercampagne.net\\\/?p=23007#primaryimage\"},\"thumbnailUrl\":\"https:\\\/\\\/www.altercampagne.net\\\/wp-content\\\/uploads\\\/2021\\\/08\\\/At-Bel-Air-1-scaled.jpg\",\"articleSection\":[\"AlterTour\",\"Edition 2021\",\"Habitat\"],\"inLanguage\":\"fr-FR\"},{\"@type\":\"WebPage\",\"@id\":\"https:\\\/\\\/www.altercampagne.net\\\/?p=23007\",\"url\":\"https:\\\/\\\/www.altercampagne.net\\\/?p=23007\",\"name\":\"Des \\\"partouzes mentales\\\" au \\\"Soupl\\\" : l'inventivit\u00e9 fuse au Bel Air - AlterTour\",\"isPartOf\":{\"@id\":\"https:\\\/\\\/www.altercampagne.net\\\/#website\"},\"primaryImageOfPage\":{\"@id\":\"https:\\\/\\\/www.altercampagne.net\\\/?p=23007#primaryimage\"},\"image\":{\"@id\":\"https:\\\/\\\/www.altercampagne.net\\\/?p=23007#primaryimage\"},\"thumbnailUrl\":\"https:\\\/\\\/www.altercampagne.net\\\/wp-content\\\/uploads\\\/2021\\\/08\\\/At-Bel-Air-1-scaled.jpg\",\"datePublished\":\"2021-08-25T06:33:53+00:00\",\"dateModified\":\"2021-08-26T07:01:12+00:00\",\"author\":{\"@id\":\"https:\\\/\\\/www.altercampagne.net\\\/#\\\/schema\\\/person\\\/308dc295a67929d58321ff6b59820daa\"},\"breadcrumb\":{\"@id\":\"https:\\\/\\\/www.altercampagne.net\\\/?p=23007#breadcrumb\"},\"inLanguage\":\"fr-FR\",\"potentialAction\":[{\"@type\":\"ReadAction\",\"target\":[\"https:\\\/\\\/www.altercampagne.net\\\/?p=23007\"]}]},{\"@type\":\"ImageObject\",\"inLanguage\":\"fr-FR\",\"@id\":\"https:\\\/\\\/www.altercampagne.net\\\/?p=23007#primaryimage\",\"url\":\"https:\\\/\\\/www.altercampagne.net\\\/wp-content\\\/uploads\\\/2021\\\/08\\\/At-Bel-Air-1-scaled.jpg\",\"contentUrl\":\"https:\\\/\\\/www.altercampagne.net\\\/wp-content\\\/uploads\\\/2021\\\/08\\\/At-Bel-Air-1-scaled.jpg\",\"width\":2560,\"height\":1336},{\"@type\":\"BreadcrumbList\",\"@id\":\"https:\\\/\\\/www.altercampagne.net\\\/?p=23007#breadcrumb\",\"itemListElement\":[{\"@type\":\"ListItem\",\"position\":1,\"name\":\"Accueil\",\"item\":\"https:\\\/\\\/www.altercampagne.net\\\/\"},{\"@type\":\"ListItem\",\"position\":2,\"name\":\"Des \u00ab\u00a0partouzes mentales\u00a0\u00bb au \u00ab\u00a0Soupl\u00a0\u00bb : l&rsquo;inventivit\u00e9 fuse au Bel Air\"}]},{\"@type\":\"WebSite\",\"@id\":\"https:\\\/\\\/www.altercampagne.net\\\/#website\",\"url\":\"https:\\\/\\\/www.altercampagne.net\\\/\",\"name\":\"AlterTour\",\"description\":\"Reliez les Alternatives \u00e0 v\u00e9lo\",\"potentialAction\":[{\"@type\":\"SearchAction\",\"target\":{\"@type\":\"EntryPoint\",\"urlTemplate\":\"https:\\\/\\\/www.altercampagne.net\\\/?s={search_term_string}\"},\"query-input\":{\"@type\":\"PropertyValueSpecification\",\"valueRequired\":true,\"valueName\":\"search_term_string\"}}],\"inLanguage\":\"fr-FR\"},{\"@type\":\"Person\",\"@id\":\"https:\\\/\\\/www.altercampagne.net\\\/#\\\/schema\\\/person\\\/308dc295a67929d58321ff6b59820daa\",\"name\":\"Jonas\",\"image\":{\"@type\":\"ImageObject\",\"inLanguage\":\"fr-FR\",\"@id\":\"https:\\\/\\\/secure.gravatar.com\\\/avatar\\\/ade7b451791545d463915f445a8aee91b58c48cdcbc1ab2b8583fa2f30e159e4?s=96&d=mm&r=g\",\"url\":\"https:\\\/\\\/secure.gravatar.com\\\/avatar\\\/ade7b451791545d463915f445a8aee91b58c48cdcbc1ab2b8583fa2f30e159e4?s=96&d=mm&r=g\",\"contentUrl\":\"https:\\\/\\\/secure.gravatar.com\\\/avatar\\\/ade7b451791545d463915f445a8aee91b58c48cdcbc1ab2b8583fa2f30e159e4?s=96&d=mm&r=g\",\"caption\":\"Jonas\"},\"url\":\"https:\\\/\\\/www.altercampagne.net\\\/?author=316\"}]}<\/script>\n<!-- \/ Yoast SEO plugin. -->","yoast_head_json":{"title":"Des \"partouzes mentales\" au \"Soupl\" : l'inventivit\u00e9 fuse au Bel Air - AlterTour","robots":{"index":"index","follow":"follow","max-snippet":"max-snippet:-1","max-image-preview":"max-image-preview:large","max-video-preview":"max-video-preview:-1"},"canonical":"https:\/\/www.altercampagne.net\/?p=23007","og_locale":"fr_FR","og_type":"article","og_title":"Des \"partouzes mentales\" au \"Soupl\" : l'inventivit\u00e9 fuse au Bel Air - AlterTour","og_description":"Les altercyclistes se l\u00e8vent de bonne heure sous des nuages mena\u00e7ants qui seront rapidement chass\u00e9s par quelques coups de p\u00e9dales. Peu de kilom\u00e8tres plus tard, la v\u00e9lotroupe franchit sans grande peine l\u2019entr\u00e9e du Village de Bel Air. Cette enclave cr\u00e9ative et inventive de 15 hectares au c\u0153ur du Morbihan repose ... Read More","og_url":"https:\/\/www.altercampagne.net\/?p=23007","og_site_name":"AlterTour","article_published_time":"2021-08-25T06:33:53+00:00","article_modified_time":"2021-08-26T07:01:12+00:00","og_image":[{"width":2560,"height":1336,"url":"https:\/\/www.altercampagne.net\/wp-content\/uploads\/2021\/08\/At-Bel-Air-1-scaled.jpg","type":"image\/jpeg"}],"author":"Jonas","twitter_card":"summary_large_image","twitter_misc":{"\u00c9crit par":"Jonas","Dur\u00e9e de lecture estim\u00e9e":"2 minutes"},"schema":{"@context":"https:\/\/schema.org","@graph":[{"@type":"Article","@id":"https:\/\/www.altercampagne.net\/?p=23007#article","isPartOf":{"@id":"https:\/\/www.altercampagne.net\/?p=23007"},"author":{"name":"Jonas","@id":"https:\/\/www.altercampagne.net\/#\/schema\/person\/308dc295a67929d58321ff6b59820daa"},"headline":"Des \u00ab\u00a0partouzes mentales\u00a0\u00bb au \u00ab\u00a0Soupl\u00a0\u00bb : l&rsquo;inventivit\u00e9 fuse au Bel Air","datePublished":"2021-08-25T06:33:53+00:00","dateModified":"2021-08-26T07:01:12+00:00","mainEntityOfPage":{"@id":"https:\/\/www.altercampagne.net\/?p=23007"},"wordCount":319,"image":{"@id":"https:\/\/www.altercampagne.net\/?p=23007#primaryimage"},"thumbnailUrl":"https:\/\/www.altercampagne.net\/wp-content\/uploads\/2021\/08\/At-Bel-Air-1-scaled.jpg","articleSection":["AlterTour","Edition 2021","Habitat"],"inLanguage":"fr-FR"},{"@type":"WebPage","@id":"https:\/\/www.altercampagne.net\/?p=23007","url":"https:\/\/www.altercampagne.net\/?p=23007","name":"Des \"partouzes mentales\" au \"Soupl\" : l'inventivit\u00e9 fuse au Bel Air - AlterTour","isPartOf":{"@id":"https:\/\/www.altercampagne.net\/#website"},"primaryImageOfPage":{"@id":"https:\/\/www.altercampagne.net\/?p=23007#primaryimage"},"image":{"@id":"https:\/\/www.altercampagne.net\/?p=23007#primaryimage"},"thumbnailUrl":"https:\/\/www.altercampagne.net\/wp-content\/uploads\/2021\/08\/At-Bel-Air-1-scaled.jpg","datePublished":"2021-08-25T06:33:53+00:00","dateModified":"2021-08-26T07:01:12+00:00","author":{"@id":"https:\/\/www.altercampagne.net\/#\/schema\/person\/308dc295a67929d58321ff6b59820daa"},"breadcrumb":{"@id":"https:\/\/www.altercampagne.net\/?p=23007#breadcrumb"},"inLanguage":"fr-FR","potentialAction":[{"@type":"ReadAction","target":["https:\/\/www.altercampagne.net\/?p=23007"]}]},{"@type":"ImageObject","inLanguage":"fr-FR","@id":"https:\/\/www.altercampagne.net\/?p=23007#primaryimage","url":"https:\/\/www.altercampagne.net\/wp-content\/uploads\/2021\/08\/At-Bel-Air-1-scaled.jpg","contentUrl":"https:\/\/www.altercampagne.net\/wp-content\/uploads\/2021\/08\/At-Bel-Air-1-scaled.jpg","width":2560,"height":1336},{"@type":"BreadcrumbList","@id":"https:\/\/www.altercampagne.net\/?p=23007#breadcrumb","itemListElement":[{"@type":"ListItem","position":1,"name":"Accueil","item":"https:\/\/www.altercampagne.net\/"},{"@type":"ListItem","position":2,"name":"Des \u00ab\u00a0partouzes mentales\u00a0\u00bb au \u00ab\u00a0Soupl\u00a0\u00bb : l&rsquo;inventivit\u00e9 fuse au Bel Air"}]},{"@type":"WebSite","@id":"https:\/\/www.altercampagne.net\/#website","url":"https:\/\/www.altercampagne.net\/","name":"AlterTour","description":"Reliez les Alternatives \u00e0 v\u00e9lo","potentialAction":[{"@type":"SearchAction","target":{"@type":"EntryPoint","urlTemplate":"https:\/\/www.altercampagne.net\/?s={search_term_string}"},"query-input":{"@type":"PropertyValueSpecification","valueRequired":true,"valueName":"search_term_string"}}],"inLanguage":"fr-FR"},{"@type":"Person","@id":"https:\/\/www.altercampagne.net\/#\/schema\/person\/308dc295a67929d58321ff6b59820daa","name":"Jonas","image":{"@type":"ImageObject","inLanguage":"fr-FR","@id":"https:\/\/secure.gravatar.com\/avatar\/ade7b451791545d463915f445a8aee91b58c48cdcbc1ab2b8583fa2f30e159e4?s=96&d=mm&r=g","url":"https:\/\/secure.gravatar.com\/avatar\/ade7b451791545d463915f445a8aee91b58c48cdcbc1ab2b8583fa2f30e159e4?s=96&d=mm&r=g","contentUrl":"https:\/\/secure.gravatar.com\/avatar\/ade7b451791545d463915f445a8aee91b58c48cdcbc1ab2b8583fa2f30e159e4?s=96&d=mm&r=g","caption":"Jonas"},"url":"https:\/\/www.altercampagne.net\/?author=316"}]}},"_links":{"self":[{"href":"https:\/\/www.altercampagne.net\/index.php?rest_route=\/wp\/v2\/posts\/23007","targetHints":{"allow":["GET"]}}],"collection":[{"href":"https:\/\/www.altercampagne.net\/index.php?rest_route=\/wp\/v2\/posts"}],"about":[{"href":"https:\/\/www.altercampagne.net\/index.php?rest_route=\/wp\/v2\/types\/post"}],"author":[{"embeddable":true,"href":"https:\/\/www.altercampagne.net\/index.php?rest_route=\/wp\/v2\/users\/316"}],"replies":[{"embeddable":true,"href":"https:\/\/www.altercampagne.net\/index.php?rest_route=%2Fwp%2Fv2%2Fcomments&post=23007"}],"version-history":[{"count":4,"href":"https:\/\/www.altercampagne.net\/index.php?rest_route=\/wp\/v2\/posts\/23007\/revisions"}],"predecessor-version":[{"id":23071,"href":"https:\/\/www.altercampagne.net\/index.php?rest_route=\/wp\/v2\/posts\/23007\/revisions\/23071"}],"wp:featuredmedia":[{"embeddable":true,"href":"https:\/\/www.altercampagne.net\/index.php?rest_route=\/wp\/v2\/media\/23046"}],"wp:attachment":[{"href":"https:\/\/www.altercampagne.net\/index.php?rest_route=%2Fwp%2Fv2%2Fmedia&parent=23007"}],"wp:term":[{"taxonomy":"category","embeddable":true,"href":"https:\/\/www.altercampagne.net\/index.php?rest_route=%2Fwp%2Fv2%2Fcategories&post=23007"},{"taxonomy":"post_tag","embeddable":true,"href":"https:\/\/www.altercampagne.net\/index.php?rest_route=%2Fwp%2Fv2%2Ftags&post=23007"}],"curies":[{"name":"wp","href":"https:\/\/api.w.org\/{rel}","templated":true}]}}