{"id":23036,"date":"2021-07-18T20:54:00","date_gmt":"2021-07-18T18:54:00","guid":{"rendered":"https:\/\/www.altercampagne.net\/?p=23036"},"modified":"2021-08-24T16:07:01","modified_gmt":"2021-08-24T14:07:01","slug":"a-saint-aubin-celloville-on-plante-le-decor-du-projet","status":"publish","type":"post","link":"https:\/\/www.altercampagne.net\/?p=23036","title":{"rendered":"A Saint-Aubin Celloville, on plante le \u00ab d\u00e9cor \u00bb du projet"},"content":{"rendered":"\n<p>C&rsquo;est sur le projet autoroutier A133-A134, dit projet de Contournement Est de Rouen, que nous nous arr\u00eatons aujourd&rsquo;hui. Apr\u00e8s avoir parcouru une quinzaine de kilom\u00e8tres, nous faisons une petite halte par la Mairie de Saint-Aubin Celloville, o\u00f9 nous sommes accueillis par Francis et St\u00e9phanie de l&rsquo;Association Sauvegarde du Cadre de Vie de Belbeuf Saint-Adrien et du Plateau Est.<\/p>\n\n\n\n<figure class=\"wp-block-image size-large\"><a href=\"https:\/\/www.altercampagne.net\/wp-content\/uploads\/2021\/08\/000350530012.jpg\"><img loading=\"lazy\" decoding=\"async\" width=\"1024\" height=\"679\" src=\"https:\/\/www.altercampagne.net\/wp-content\/uploads\/2021\/08\/000350530012-1024x679.jpg\" alt=\"\" class=\"wp-image-23038\" srcset=\"https:\/\/www.altercampagne.net\/wp-content\/uploads\/2021\/08\/000350530012-1024x679.jpg 1024w, https:\/\/www.altercampagne.net\/wp-content\/uploads\/2021\/08\/000350530012-300x199.jpg 300w, https:\/\/www.altercampagne.net\/wp-content\/uploads\/2021\/08\/000350530012-768x509.jpg 768w, https:\/\/www.altercampagne.net\/wp-content\/uploads\/2021\/08\/000350530012-1536x1018.jpg 1536w, https:\/\/www.altercampagne.net\/wp-content\/uploads\/2021\/08\/000350530012-610x404.jpg 610w, https:\/\/www.altercampagne.net\/wp-content\/uploads\/2021\/08\/000350530012-100x66.jpg 100w, https:\/\/www.altercampagne.net\/wp-content\/uploads\/2021\/08\/000350530012-862x571.jpg 862w, https:\/\/www.altercampagne.net\/wp-content\/uploads\/2021\/08\/000350530012-1140x755.jpg 1140w, https:\/\/www.altercampagne.net\/wp-content\/uploads\/2021\/08\/000350530012.jpg 1565w\" sizes=\"auto, (max-width: 1024px) 100vw, 1024px\" \/><\/a><\/figure>\n\n\n\n<p>Et l\u00e0, le d\u00e9cor du projet est plant\u00e9&nbsp;: dans la continuit\u00e9 des projets d&rsquo;infrastructures et des mobilisations qui ont lieu dans cette zone depuis plus de 30 ans, se dessine un projet d&rsquo;autoroute de 2&#215;2 voies \u00e0 p\u00e9age, sur 41,5 km, avec 8 viaducs et 9 \u00e9changeurs, act\u00e9 entre diff\u00e9rentes collectivit\u00e9s territoriales et un concessionnaire priv\u00e9. Derri\u00e8re la volont\u00e9 affich\u00e9e de d\u00e9sengorger le centre-ville de Rouen, c&rsquo;est 516 hectares de terres naturelles, agricoles et 146 hectares d&rsquo;espaces bois\u00e9s qui seront accapar\u00e9s pour \u00eatre artificialis\u00e9s, des zones de captage d&rsquo;eau potable remises en cause, et 50000 tonnes de CO2 suppl\u00e9mentaires g\u00e9n\u00e9r\u00e9es par le trafic chaque ann\u00e9e.<\/p>\n\n\n\n<p>Un collectif informel d&rsquo;associations, de municipalit\u00e9s et de citoyens, s&rsquo;est mont\u00e9 et se mobilise depuis une dizaine d&rsquo;ann\u00e9es pour dire \u00ab\u00a0Non \u00e0 l&rsquo;autoroute &#8211; A133-A134\u00a0\u00bb : <a href=\"https:\/\/contournement-est.fr\/\" target=\"_blank\" rel=\"noreferrer noopener\">https:\/\/contournement-est.fr<\/a><\/p>\n\n\n\n<p><strong>A Alizay, \u00e0 la rencontre des habitant-e-s, \u00e9lu-e-s et associations mobilis\u00e9-e-s.<\/strong><\/p>\n\n\n\n<p>Nous arrivons \u00e0 Alizay, commune de 1500 habitants, et apr\u00e8s avoir install\u00e9 nos tentes derri\u00e8re la Mairie, sur le terrain de foot tr\u00e8s ensoleill\u00e9, nous attendent des rencontres avec les habitant-e-s et un temps de pr\u00e9sentation et d&rsquo;\u00e9change autour du projet autoroutier A133-A134 et des alternatives \u00e0 la mobilit\u00e9.<\/p>\n\n\n\n<p>Nous y retrouvons Guillaume, d&rsquo;\u00ab&nbsp;Effet de serre toi-m\u00eame&nbsp;!\u00bb, association rencontr\u00e9e la veille \u00e0 Repainville, qui rassemble des citoyen-ne-s \u00ab&nbsp;qui souhaitent agir, sans plus attendre, pour anticiper les changements climatiques et contribuer \u00e0 la transition \u00e9nerg\u00e9tique&nbsp;\u00bb.<\/p>\n\n\n\n[Indiquer le lien du site internet&nbsp;: <a href=\"http:\/\/www.effetdeserretoimeme.fr\/\" target=\"_blank\" rel=\"noreferrer noopener\">http:\/\/www.effetdeserretoimeme.fr\/<\/a> ]\n\n\n\n<p>Guillaume d\u00e9nonce \u00ab&nbsp;le non-sens \u00e9cologique et \u00e9conomique&nbsp;\u00bb du projet autoroutier, du fait des \u00e9missions de CO2 et de particules fines g\u00e9n\u00e9r\u00e9es, des diff\u00e9rentes formes de nuisances associ\u00e9es, et de l&rsquo;absence de cr\u00e9ation d&#8217;emplois, entre autres.<\/p>\n\n\n\n<figure class=\"wp-block-image size-large\"><a href=\"https:\/\/www.altercampagne.net\/wp-content\/uploads\/2021\/08\/000350530011.jpg\"><img loading=\"lazy\" decoding=\"async\" width=\"1024\" height=\"679\" src=\"https:\/\/www.altercampagne.net\/wp-content\/uploads\/2021\/08\/000350530011-1024x679.jpg\" alt=\"\" class=\"wp-image-23039\" srcset=\"https:\/\/www.altercampagne.net\/wp-content\/uploads\/2021\/08\/000350530011-1024x679.jpg 1024w, https:\/\/www.altercampagne.net\/wp-content\/uploads\/2021\/08\/000350530011-300x199.jpg 300w, https:\/\/www.altercampagne.net\/wp-content\/uploads\/2021\/08\/000350530011-768x509.jpg 768w, https:\/\/www.altercampagne.net\/wp-content\/uploads\/2021\/08\/000350530011-1536x1018.jpg 1536w, https:\/\/www.altercampagne.net\/wp-content\/uploads\/2021\/08\/000350530011-610x404.jpg 610w, https:\/\/www.altercampagne.net\/wp-content\/uploads\/2021\/08\/000350530011-100x66.jpg 100w, https:\/\/www.altercampagne.net\/wp-content\/uploads\/2021\/08\/000350530011-862x571.jpg 862w, https:\/\/www.altercampagne.net\/wp-content\/uploads\/2021\/08\/000350530011-1140x755.jpg 1140w, https:\/\/www.altercampagne.net\/wp-content\/uploads\/2021\/08\/000350530011.jpg 1565w\" sizes=\"auto, (max-width: 1024px) 100vw, 1024px\" \/><\/a><\/figure>\n\n\n\n<p>Il nous apprend aussi que 15% des d\u00e9placements de moins de 500 m\u00e8tres au sein de la m\u00e9tropole de Rouen se font en voiture particuli\u00e8re (ce qui est le cas \u00e9galement pour 45% des d\u00e9placements de moins de 5 kilom\u00e8tres). Seulement 2 % des d\u00e9placements ont lieu \u00e0 v\u00e9lo \u00e0 Rouen, 0,8% dans la m\u00e9tropole&#8230; Saperlipopette&nbsp;! Me vient l&rsquo;envie de rechanter \u00e0 tue-t\u00eate&#8230; les slogans de la V\u00e9lorution de la veille&nbsp;!<\/p>\n\n\n\n<p>Il nous partage par ailleurs les alternatives \u00e9labor\u00e9es par l&rsquo;association, qui contribue aux politiques publiques locales par la formulation de propositions concr\u00e8tes&nbsp;; par exemple la piste de navettes solaires maritimes pour le transport de personnes et de marchandises sur la Seine, ou bien celle d&rsquo;une centrale de mobilit\u00e9, avec des conseillers proposant des solutions aux citoyen-ne-s en termes de modes de transport alternatifs.<\/p>\n\n\n\n<p>Aussi, d&rsquo;apr\u00e8s V\u00e9ronique, habitante et \u00e9lue \u00e0 la municipalit\u00e9 d&rsquo;Alizay, rencontr\u00e9e parmi les participant-e-s \u00e0 ce temps d&rsquo;\u00e9changes, \u00ab \u00e7a va \u00eatre une autoroute fant\u00f4me&nbsp;\u00bb.<\/p>\n\n\n\n<p>Interrog\u00e9e sur les impacts du projet sur les Aliz\u00e9en\u00b7ne\u00b7s, elle met en lumi\u00e8re la transformation d&rsquo;Alizay par un viaduc situ\u00e9 \u00e0 200 m\u00e8tres de chez elle, qui coupera le village en 2. Elle met \u00e9galement en avant les impacts \u00e9conomiques du projet sur la population de l&rsquo;agglom\u00e9ration Seine-Eure (le paiement dans la contribution des imp\u00f4ts auquel s&rsquo;ajoute le paiement au p\u00e9age), et en cons\u00e9quence le fait que les routes ne seront pas d\u00e9sengorg\u00e9es (les habitants du plateau travaillant dans l&rsquo;Eure et ceux de l&rsquo;Eure travaillant en Seine-maritime ne souhaiteront pas payer le p\u00e9age pour aller travailler). Elle rel\u00e8ve les impacts sonores associ\u00e9s (avec une sortie du p\u00e9age pr\u00e9vue au niveau du rond-point situ\u00e9 \u00e0 la sortie d&rsquo;Alizay, \u00e0 l&rsquo;entr\u00e9e du Manoir). Ceci sans compter les impacts en terme de d\u00e9forestation autour de Louviers et Pont de l&rsquo;Arche, ainsi que les hectares de champs achet\u00e9s et les maisons expropri\u00e9es.<\/p>\n\n\n\n<figure class=\"wp-block-image size-large\"><a href=\"https:\/\/www.altercampagne.net\/wp-content\/uploads\/2021\/08\/000350530010-1.jpg\"><img loading=\"lazy\" decoding=\"async\" width=\"679\" height=\"1024\" src=\"https:\/\/www.altercampagne.net\/wp-content\/uploads\/2021\/08\/000350530010-1-679x1024.jpg\" alt=\"\" class=\"wp-image-23041\" srcset=\"https:\/\/www.altercampagne.net\/wp-content\/uploads\/2021\/08\/000350530010-1-679x1024.jpg 679w, https:\/\/www.altercampagne.net\/wp-content\/uploads\/2021\/08\/000350530010-1-199x300.jpg 199w, https:\/\/www.altercampagne.net\/wp-content\/uploads\/2021\/08\/000350530010-1-768x1159.jpg 768w, https:\/\/www.altercampagne.net\/wp-content\/uploads\/2021\/08\/000350530010-1-1018x1536.jpg 1018w, https:\/\/www.altercampagne.net\/wp-content\/uploads\/2021\/08\/000350530010-1-610x921.jpg 610w, https:\/\/www.altercampagne.net\/wp-content\/uploads\/2021\/08\/000350530010-1-100x151.jpg 100w, https:\/\/www.altercampagne.net\/wp-content\/uploads\/2021\/08\/000350530010-1-862x1301.jpg 862w, https:\/\/www.altercampagne.net\/wp-content\/uploads\/2021\/08\/000350530010-1.jpg 1037w\" sizes=\"auto, (max-width: 679px) 100vw, 679px\" \/><\/a><\/figure>\n\n\n\n<p>Impliqu\u00e9e depuis 3 ans dans le cadre du collectif \u00ab\u00a0Non \u00e0 l&rsquo;autoroute\u00a0\u00bb, elle \u00e9voque parmi les mobilisations, le regroupement des \u00e9lu-e-s avec la population concern\u00e9e par le projet, les rassemblements r\u00e9alis\u00e9s avec toutes les municipalit\u00e9s impact\u00e9es, l&rsquo;opposition men\u00e9e au niveau de l&rsquo;agglom\u00e9ration Seine-Eure, les recours juridiques engag\u00e9s.<\/p>\n\n\n\n<p>Le 8 f\u00e9vrier dernier, la M\u00e9tropole de Rouen Normandie a d\u00e9cid\u00e9 de ne plus soutenir le projet. Une victoire \u00e0 prendre avec pr\u00e9caution, la R\u00e9gion Normandie et le D\u00e9partement de Seine-maritime ayant de leurs c\u00f4t\u00e9s, augment\u00e9 leur participation financi\u00e8re.<\/p>\n\n\n\n<p>La mobilisation continue, \u00ab&nbsp;\u00e0 pied, \u00e0 cheval, et \u00e0 v\u00e9lo [\u00ab&nbsp;en voiture&nbsp;\u00bb, dans l&rsquo;expression d&rsquo;origine transform\u00e9e pour la circonstance]:-)&nbsp;\u00bb (en somme, de toutes les fa\u00e7ons possibles)&#8230;&nbsp;!<\/p>\n\n\n\n<p class=\"has-text-align-right\"><strong>Charlotte<\/strong><\/p>\n","protected":false},"excerpt":{"rendered":"<p>C&rsquo;est sur le projet autoroutier A133-A134, dit projet de Contournement Est de Rouen, que nous nous arr\u00eatons aujourd&rsquo;hui. Apr\u00e8s avoir parcouru une quinzaine de kilom\u00e8tres, nous faisons une petite halte par la Mairie de Saint-Aubin Celloville, o\u00f9 nous sommes accueillis par Francis et St\u00e9phanie de l&rsquo;Association Sauvegarde du Cadre de &#8230; <\/p>\n<div><a href=\"https:\/\/www.altercampagne.net\/?p=23036\" class=\"more-link\">Read More<\/a><\/div>\n","protected":false},"author":214,"featured_media":23037,"comment_status":"closed","ping_status":"closed","sticky":false,"template":"","format":"standard","meta":{"footnotes":""},"categories":[4313,4198,3478,3542],"tags":[102,4339,4340,4341,4342,4343],"class_list":["post-23036","post","type-post","status-publish","format-standard","has-post-thumbnail","hentry","category-altertour","category-edition-2021","category-normandie","category-lutte","tag-velorution","tag-saint-aubin","tag-a133-a134","tag-association-sauvegarde-du-cadre-de-vie-belbeuf-saint-adrien-et-du-plateau-est","tag-alzay","tag-repainville"],"yoast_head":"<!-- This site is optimized with the Yoast SEO plugin v27.3 - https:\/\/yoast.com\/product\/yoast-seo-wordpress\/ -->\n<title>A Saint-Aubin Celloville, on plante le \u00ab d\u00e9cor \u00bb du projet - AlterTour<\/title>\n<meta name=\"robots\" content=\"index, follow, max-snippet:-1, max-image-preview:large, max-video-preview:-1\" \/>\n<link rel=\"canonical\" href=\"https:\/\/www.altercampagne.net\/?p=23036\" \/>\n<meta property=\"og:locale\" content=\"fr_FR\" \/>\n<meta property=\"og:type\" content=\"article\" \/>\n<meta property=\"og:title\" content=\"A Saint-Aubin Celloville, on plante le \u00ab d\u00e9cor \u00bb du projet - AlterTour\" \/>\n<meta property=\"og:description\" content=\"C&rsquo;est sur le projet autoroutier A133-A134, dit projet de Contournement Est de Rouen, que nous nous arr\u00eatons aujourd&rsquo;hui. Apr\u00e8s avoir parcouru une quinzaine de kilom\u00e8tres, nous faisons une petite halte par la Mairie de Saint-Aubin Celloville, o\u00f9 nous sommes accueillis par Francis et St\u00e9phanie de l&rsquo;Association Sauvegarde du Cadre de ... Read More\" \/>\n<meta property=\"og:url\" content=\"https:\/\/www.altercampagne.net\/?p=23036\" \/>\n<meta property=\"og:site_name\" content=\"AlterTour\" \/>\n<meta property=\"article:published_time\" content=\"2021-07-18T18:54:00+00:00\" \/>\n<meta property=\"article:modified_time\" content=\"2021-08-24T14:07:01+00:00\" \/>\n<meta property=\"og:image\" content=\"https:\/\/www.altercampagne.net\/wp-content\/uploads\/2021\/08\/000350530009.jpg\" \/>\n\t<meta property=\"og:image:width\" content=\"1200\" \/>\n\t<meta property=\"og:image:height\" content=\"630\" \/>\n\t<meta property=\"og:image:type\" content=\"image\/jpeg\" \/>\n<meta name=\"author\" content=\"Mathieu\" \/>\n<meta name=\"twitter:card\" content=\"summary_large_image\" \/>\n<meta name=\"twitter:label1\" content=\"\u00c9crit par\" \/>\n\t<meta name=\"twitter:data1\" content=\"Mathieu\" \/>\n\t<meta name=\"twitter:label2\" content=\"Dur\u00e9e de lecture estim\u00e9e\" \/>\n\t<meta name=\"twitter:data2\" content=\"4 minutes\" \/>\n<script type=\"application\/ld+json\" class=\"yoast-schema-graph\">{\"@context\":\"https:\\\/\\\/schema.org\",\"@graph\":[{\"@type\":\"Article\",\"@id\":\"https:\\\/\\\/www.altercampagne.net\\\/?p=23036#article\",\"isPartOf\":{\"@id\":\"https:\\\/\\\/www.altercampagne.net\\\/?p=23036\"},\"author\":{\"name\":\"Mathieu\",\"@id\":\"https:\\\/\\\/www.altercampagne.net\\\/#\\\/schema\\\/person\\\/0f261460c09e430caa0f9bcffa319109\"},\"headline\":\"A Saint-Aubin Celloville, on plante le \u00ab d\u00e9cor \u00bb du projet\",\"datePublished\":\"2021-07-18T18:54:00+00:00\",\"dateModified\":\"2021-08-24T14:07:01+00:00\",\"mainEntityOfPage\":{\"@id\":\"https:\\\/\\\/www.altercampagne.net\\\/?p=23036\"},\"wordCount\":872,\"image\":{\"@id\":\"https:\\\/\\\/www.altercampagne.net\\\/?p=23036#primaryimage\"},\"thumbnailUrl\":\"https:\\\/\\\/www.altercampagne.net\\\/wp-content\\\/uploads\\\/2021\\\/08\\\/000350530009.jpg\",\"keywords\":[\"v\u00e9lorution\",\"Saint-Aubin\",\"A133-A134\",\"association sauvegarde du cadre de vie Belbeuf Saint-Adrien et du plateau Est\",\"Alzay\",\"repainville\"],\"articleSection\":[\"AlterTour\",\"Edition 2021\",\"Normandie\",\"Lutte\"],\"inLanguage\":\"fr-FR\"},{\"@type\":\"WebPage\",\"@id\":\"https:\\\/\\\/www.altercampagne.net\\\/?p=23036\",\"url\":\"https:\\\/\\\/www.altercampagne.net\\\/?p=23036\",\"name\":\"A Saint-Aubin Celloville, on plante le \u00ab d\u00e9cor \u00bb du projet - AlterTour\",\"isPartOf\":{\"@id\":\"https:\\\/\\\/www.altercampagne.net\\\/#website\"},\"primaryImageOfPage\":{\"@id\":\"https:\\\/\\\/www.altercampagne.net\\\/?p=23036#primaryimage\"},\"image\":{\"@id\":\"https:\\\/\\\/www.altercampagne.net\\\/?p=23036#primaryimage\"},\"thumbnailUrl\":\"https:\\\/\\\/www.altercampagne.net\\\/wp-content\\\/uploads\\\/2021\\\/08\\\/000350530009.jpg\",\"datePublished\":\"2021-07-18T18:54:00+00:00\",\"dateModified\":\"2021-08-24T14:07:01+00:00\",\"author\":{\"@id\":\"https:\\\/\\\/www.altercampagne.net\\\/#\\\/schema\\\/person\\\/0f261460c09e430caa0f9bcffa319109\"},\"breadcrumb\":{\"@id\":\"https:\\\/\\\/www.altercampagne.net\\\/?p=23036#breadcrumb\"},\"inLanguage\":\"fr-FR\",\"potentialAction\":[{\"@type\":\"ReadAction\",\"target\":[\"https:\\\/\\\/www.altercampagne.net\\\/?p=23036\"]}]},{\"@type\":\"ImageObject\",\"inLanguage\":\"fr-FR\",\"@id\":\"https:\\\/\\\/www.altercampagne.net\\\/?p=23036#primaryimage\",\"url\":\"https:\\\/\\\/www.altercampagne.net\\\/wp-content\\\/uploads\\\/2021\\\/08\\\/000350530009.jpg\",\"contentUrl\":\"https:\\\/\\\/www.altercampagne.net\\\/wp-content\\\/uploads\\\/2021\\\/08\\\/000350530009.jpg\",\"width\":1200,\"height\":630},{\"@type\":\"BreadcrumbList\",\"@id\":\"https:\\\/\\\/www.altercampagne.net\\\/?p=23036#breadcrumb\",\"itemListElement\":[{\"@type\":\"ListItem\",\"position\":1,\"name\":\"Accueil\",\"item\":\"https:\\\/\\\/www.altercampagne.net\\\/\"},{\"@type\":\"ListItem\",\"position\":2,\"name\":\"A Saint-Aubin Celloville, on plante le \u00ab d\u00e9cor \u00bb du projet\"}]},{\"@type\":\"WebSite\",\"@id\":\"https:\\\/\\\/www.altercampagne.net\\\/#website\",\"url\":\"https:\\\/\\\/www.altercampagne.net\\\/\",\"name\":\"AlterTour\",\"description\":\"Reliez les Alternatives \u00e0 v\u00e9lo\",\"potentialAction\":[{\"@type\":\"SearchAction\",\"target\":{\"@type\":\"EntryPoint\",\"urlTemplate\":\"https:\\\/\\\/www.altercampagne.net\\\/?s={search_term_string}\"},\"query-input\":{\"@type\":\"PropertyValueSpecification\",\"valueRequired\":true,\"valueName\":\"search_term_string\"}}],\"inLanguage\":\"fr-FR\"},{\"@type\":\"Person\",\"@id\":\"https:\\\/\\\/www.altercampagne.net\\\/#\\\/schema\\\/person\\\/0f261460c09e430caa0f9bcffa319109\",\"name\":\"Mathieu\",\"image\":{\"@type\":\"ImageObject\",\"inLanguage\":\"fr-FR\",\"@id\":\"https:\\\/\\\/secure.gravatar.com\\\/avatar\\\/aa9d3d24c83f2141e5e2709d0f63d09a99f6be6bb7a50abc4915838d9f54501a?s=96&d=mm&r=g\",\"url\":\"https:\\\/\\\/secure.gravatar.com\\\/avatar\\\/aa9d3d24c83f2141e5e2709d0f63d09a99f6be6bb7a50abc4915838d9f54501a?s=96&d=mm&r=g\",\"contentUrl\":\"https:\\\/\\\/secure.gravatar.com\\\/avatar\\\/aa9d3d24c83f2141e5e2709d0f63d09a99f6be6bb7a50abc4915838d9f54501a?s=96&d=mm&r=g\",\"caption\":\"Mathieu\"},\"url\":\"https:\\\/\\\/www.altercampagne.net\\\/?author=214\"}]}<\/script>\n<!-- \/ Yoast SEO plugin. -->","yoast_head_json":{"title":"A Saint-Aubin Celloville, on plante le \u00ab d\u00e9cor \u00bb du projet - AlterTour","robots":{"index":"index","follow":"follow","max-snippet":"max-snippet:-1","max-image-preview":"max-image-preview:large","max-video-preview":"max-video-preview:-1"},"canonical":"https:\/\/www.altercampagne.net\/?p=23036","og_locale":"fr_FR","og_type":"article","og_title":"A Saint-Aubin Celloville, on plante le \u00ab d\u00e9cor \u00bb du projet - AlterTour","og_description":"C&rsquo;est sur le projet autoroutier A133-A134, dit projet de Contournement Est de Rouen, que nous nous arr\u00eatons aujourd&rsquo;hui. Apr\u00e8s avoir parcouru une quinzaine de kilom\u00e8tres, nous faisons une petite halte par la Mairie de Saint-Aubin Celloville, o\u00f9 nous sommes accueillis par Francis et St\u00e9phanie de l&rsquo;Association Sauvegarde du Cadre de ... Read More","og_url":"https:\/\/www.altercampagne.net\/?p=23036","og_site_name":"AlterTour","article_published_time":"2021-07-18T18:54:00+00:00","article_modified_time":"2021-08-24T14:07:01+00:00","og_image":[{"width":1200,"height":630,"url":"https:\/\/www.altercampagne.net\/wp-content\/uploads\/2021\/08\/000350530009.jpg","type":"image\/jpeg"}],"author":"Mathieu","twitter_card":"summary_large_image","twitter_misc":{"\u00c9crit par":"Mathieu","Dur\u00e9e de lecture estim\u00e9e":"4 minutes"},"schema":{"@context":"https:\/\/schema.org","@graph":[{"@type":"Article","@id":"https:\/\/www.altercampagne.net\/?p=23036#article","isPartOf":{"@id":"https:\/\/www.altercampagne.net\/?p=23036"},"author":{"name":"Mathieu","@id":"https:\/\/www.altercampagne.net\/#\/schema\/person\/0f261460c09e430caa0f9bcffa319109"},"headline":"A Saint-Aubin Celloville, on plante le \u00ab d\u00e9cor \u00bb du projet","datePublished":"2021-07-18T18:54:00+00:00","dateModified":"2021-08-24T14:07:01+00:00","mainEntityOfPage":{"@id":"https:\/\/www.altercampagne.net\/?p=23036"},"wordCount":872,"image":{"@id":"https:\/\/www.altercampagne.net\/?p=23036#primaryimage"},"thumbnailUrl":"https:\/\/www.altercampagne.net\/wp-content\/uploads\/2021\/08\/000350530009.jpg","keywords":["v\u00e9lorution","Saint-Aubin","A133-A134","association sauvegarde du cadre de vie Belbeuf Saint-Adrien et du plateau Est","Alzay","repainville"],"articleSection":["AlterTour","Edition 2021","Normandie","Lutte"],"inLanguage":"fr-FR"},{"@type":"WebPage","@id":"https:\/\/www.altercampagne.net\/?p=23036","url":"https:\/\/www.altercampagne.net\/?p=23036","name":"A Saint-Aubin Celloville, on plante le \u00ab d\u00e9cor \u00bb du projet - AlterTour","isPartOf":{"@id":"https:\/\/www.altercampagne.net\/#website"},"primaryImageOfPage":{"@id":"https:\/\/www.altercampagne.net\/?p=23036#primaryimage"},"image":{"@id":"https:\/\/www.altercampagne.net\/?p=23036#primaryimage"},"thumbnailUrl":"https:\/\/www.altercampagne.net\/wp-content\/uploads\/2021\/08\/000350530009.jpg","datePublished":"2021-07-18T18:54:00+00:00","dateModified":"2021-08-24T14:07:01+00:00","author":{"@id":"https:\/\/www.altercampagne.net\/#\/schema\/person\/0f261460c09e430caa0f9bcffa319109"},"breadcrumb":{"@id":"https:\/\/www.altercampagne.net\/?p=23036#breadcrumb"},"inLanguage":"fr-FR","potentialAction":[{"@type":"ReadAction","target":["https:\/\/www.altercampagne.net\/?p=23036"]}]},{"@type":"ImageObject","inLanguage":"fr-FR","@id":"https:\/\/www.altercampagne.net\/?p=23036#primaryimage","url":"https:\/\/www.altercampagne.net\/wp-content\/uploads\/2021\/08\/000350530009.jpg","contentUrl":"https:\/\/www.altercampagne.net\/wp-content\/uploads\/2021\/08\/000350530009.jpg","width":1200,"height":630},{"@type":"BreadcrumbList","@id":"https:\/\/www.altercampagne.net\/?p=23036#breadcrumb","itemListElement":[{"@type":"ListItem","position":1,"name":"Accueil","item":"https:\/\/www.altercampagne.net\/"},{"@type":"ListItem","position":2,"name":"A Saint-Aubin Celloville, on plante le \u00ab d\u00e9cor \u00bb du projet"}]},{"@type":"WebSite","@id":"https:\/\/www.altercampagne.net\/#website","url":"https:\/\/www.altercampagne.net\/","name":"AlterTour","description":"Reliez les Alternatives \u00e0 v\u00e9lo","potentialAction":[{"@type":"SearchAction","target":{"@type":"EntryPoint","urlTemplate":"https:\/\/www.altercampagne.net\/?s={search_term_string}"},"query-input":{"@type":"PropertyValueSpecification","valueRequired":true,"valueName":"search_term_string"}}],"inLanguage":"fr-FR"},{"@type":"Person","@id":"https:\/\/www.altercampagne.net\/#\/schema\/person\/0f261460c09e430caa0f9bcffa319109","name":"Mathieu","image":{"@type":"ImageObject","inLanguage":"fr-FR","@id":"https:\/\/secure.gravatar.com\/avatar\/aa9d3d24c83f2141e5e2709d0f63d09a99f6be6bb7a50abc4915838d9f54501a?s=96&d=mm&r=g","url":"https:\/\/secure.gravatar.com\/avatar\/aa9d3d24c83f2141e5e2709d0f63d09a99f6be6bb7a50abc4915838d9f54501a?s=96&d=mm&r=g","contentUrl":"https:\/\/secure.gravatar.com\/avatar\/aa9d3d24c83f2141e5e2709d0f63d09a99f6be6bb7a50abc4915838d9f54501a?s=96&d=mm&r=g","caption":"Mathieu"},"url":"https:\/\/www.altercampagne.net\/?author=214"}]}},"_links":{"self":[{"href":"https:\/\/www.altercampagne.net\/index.php?rest_route=\/wp\/v2\/posts\/23036","targetHints":{"allow":["GET"]}}],"collection":[{"href":"https:\/\/www.altercampagne.net\/index.php?rest_route=\/wp\/v2\/posts"}],"about":[{"href":"https:\/\/www.altercampagne.net\/index.php?rest_route=\/wp\/v2\/types\/post"}],"author":[{"embeddable":true,"href":"https:\/\/www.altercampagne.net\/index.php?rest_route=\/wp\/v2\/users\/214"}],"replies":[{"embeddable":true,"href":"https:\/\/www.altercampagne.net\/index.php?rest_route=%2Fwp%2Fv2%2Fcomments&post=23036"}],"version-history":[{"count":1,"href":"https:\/\/www.altercampagne.net\/index.php?rest_route=\/wp\/v2\/posts\/23036\/revisions"}],"predecessor-version":[{"id":23042,"href":"https:\/\/www.altercampagne.net\/index.php?rest_route=\/wp\/v2\/posts\/23036\/revisions\/23042"}],"wp:featuredmedia":[{"embeddable":true,"href":"https:\/\/www.altercampagne.net\/index.php?rest_route=\/wp\/v2\/media\/23037"}],"wp:attachment":[{"href":"https:\/\/www.altercampagne.net\/index.php?rest_route=%2Fwp%2Fv2%2Fmedia&parent=23036"}],"wp:term":[{"taxonomy":"category","embeddable":true,"href":"https:\/\/www.altercampagne.net\/index.php?rest_route=%2Fwp%2Fv2%2Fcategories&post=23036"},{"taxonomy":"post_tag","embeddable":true,"href":"https:\/\/www.altercampagne.net\/index.php?rest_route=%2Fwp%2Fv2%2Ftags&post=23036"}],"curies":[{"name":"wp","href":"https:\/\/api.w.org\/{rel}","templated":true}]}}