{"id":23115,"date":"2021-09-02T07:05:53","date_gmt":"2021-09-02T05:05:53","guid":{"rendered":"https:\/\/www.altercampagne.net\/?p=23115"},"modified":"2021-09-02T07:05:55","modified_gmt":"2021-09-02T05:05:55","slug":"le-douze-aout-on-se-la-coule-douce","status":"publish","type":"post","link":"https:\/\/www.altercampagne.net\/?p=23115","title":{"rendered":"Le douze ao\u00fbt, on se la coule douce"},"content":{"rendered":"\n<p><strong><em>Eco-lieu \u00ab <a href=\"https:\/\/www.lapatureeschenes.fr\/\">La P\u00e2ture es Ch\u00eanes<\/a> \u00bb, douce matin\u00e9e au jardin extraordinaire&nbsp;<\/em><\/strong><\/p>\n\n\n\n<p>Ce matin, 5 petits kilom\u00e8tres en pente douce et nous arrivons d\u00e9j\u00e0 chez Sylvaine et Gr\u00e9gory qui nous accueillent chaleureusement dans leur jardin, ou plus exactement nous invitent \u00e0 faire entrer le jardin en nous. Nos corps se laissent alors fl\u00e2ner et vibrer dans cette jungle \u00e9merveillant tous nos sens. Viennent alors \u00e0 nous l\u2019odeur de la terre apr\u00e8s la pluie, les oranges vifs des capucines, les rouges pieds de rhubarbe, le caqu\u00e8tement des poules et le fondant acidul\u00e9 des m\u00fbres o\u00f9 se perdent les plus gourmands des cyclistes. Au fond du jardin nourricier, une magnifique cabane en bois, micro-habitat \u00e9cologique, sert d\u2019espace de vie nocturne au couple et \u00e0 leurs trois enfants. Ici, les plantes spontan\u00e9es et sauvages poussent librement et l\u2019intervention sur la nature se veut minimaliste, inspir\u00e9e des travaux de G\u00e9rard Ducerf sur les <strong>plantes bio-indicatrices<\/strong>. Sylvaine et Gr\u00e9gory nous partagent l\u2019histoire de ce terrain familial auquel ils ont redonn\u00e9 vie dans l\u2019objectif d&rsquo;atteindre une <strong>autonomie \u00e9nerg\u00e9tique, financi\u00e8re, alimentaire et en plantes m\u00e9dicinales<\/strong>. La vocation p\u00e9dagogique du lieu est primordiale et le couple propose plusieurs <strong>formations et ateliers <\/strong>pour accompagner chacun.e dans sa transition \u00e9cologique et int\u00e9rieure : d\u00e9veloppement personnel, ateliers cuisine, sylvoth\u00e9rapie, permaculture&#8230;&nbsp;<\/p>\n\n\n\n<figure class=\"wp-block-image size-large\"><a href=\"https:\/\/www.altercampagne.net\/wp-content\/uploads\/2021\/09\/DSC09436.jpg\"><img loading=\"lazy\" decoding=\"async\" width=\"1024\" height=\"683\" src=\"https:\/\/www.altercampagne.net\/wp-content\/uploads\/2021\/09\/DSC09436-1024x683.jpg\" alt=\"\" class=\"wp-image-23117\" srcset=\"https:\/\/www.altercampagne.net\/wp-content\/uploads\/2021\/09\/DSC09436-1024x683.jpg 1024w, https:\/\/www.altercampagne.net\/wp-content\/uploads\/2021\/09\/DSC09436-300x200.jpg 300w, https:\/\/www.altercampagne.net\/wp-content\/uploads\/2021\/09\/DSC09436-768x512.jpg 768w, https:\/\/www.altercampagne.net\/wp-content\/uploads\/2021\/09\/DSC09436-1536x1024.jpg 1536w, https:\/\/www.altercampagne.net\/wp-content\/uploads\/2021\/09\/DSC09436-2048x1366.jpg 2048w, https:\/\/www.altercampagne.net\/wp-content\/uploads\/2021\/09\/DSC09436-610x407.jpg 610w, https:\/\/www.altercampagne.net\/wp-content\/uploads\/2021\/09\/DSC09436-100x67.jpg 100w, https:\/\/www.altercampagne.net\/wp-content\/uploads\/2021\/09\/DSC09436-862x575.jpg 862w, https:\/\/www.altercampagne.net\/wp-content\/uploads\/2021\/09\/DSC09436-1140x760.jpg 1140w\" sizes=\"auto, (max-width: 1024px) 100vw, 1024px\" \/><\/a><\/figure>\n\n\n\n<p>Nous aurions plaisir \u00e0 prolonger ce moment apaisant et ressour\u00e7ant avec la famille mais la route nous attend. Nous sillonnons en joie un paysage vallonn\u00e9 entre la blondeur des champs m\u00fbrs et la fra\u00eecheur des ch\u00e2taigniers. Les kilom\u00e8tres d\u00e9filent en montagne russe et les jambes commencent \u00e0 fatiguer de ces c\u00f4tes d\u2019Armor impitoyables. Il fait chaud et, quand la route devient verticale, nous n\u2019avons pas d\u2019autres choix que de mettre pied \u00e0 terre et de pousser nos montures. Nos efforts sont r\u00e9compens\u00e9s quand \u00e0 l\u2019horizon, \u00e7a y est c\u2019est elle qui appara\u00eet, la Mer qu\u2019on voit danser. Nous arrivons \u00e0 bon port \u00e0 Saint Brieuc o\u00f9 nous posons enfin sacoches et campement sur le terrain du CRAC, Comit\u00e9 de R\u00e9flexion et d\u2019Animation du quartier de Cesson. Apr\u00e8s le repas, nous repartons d\u00e9j\u00e0 pour une apr\u00e8s-midi riche en rencontres et d\u00e9couvertes. Au c\u0153ur du quartier populaire briochin, rue de l\u2019Europe, nous retrouvons plusieurs associations :&nbsp;<\/p>\n\n\n\n<p><strong><em><a href=\"https:\/\/www.halteauxmareesvertes.org\/\">Halte aux Mar\u00e9es Vertes&nbsp;<\/a><\/em><\/strong><\/p>\n\n\n\n<p>Annie, militante au sein du collectif, nous retrace avec pr\u00e9cisions l\u2019histoire du d\u00e9veloppement des algues vertes en Bretagne li\u00e9 \u00e0 l\u2019\u00e9levage intensif et aux exploitations agricoles industrielles dans les C\u00f4tes d\u2019Armor, premier d\u00e9partement fran\u00e7ais en production animale. La forte concentration azot\u00e9e des d\u00e9jections \u00e9pandues sur les terres bretonnes est \u00e0 l\u2019origine du ph\u00e9nom\u00e8ne. Le collectif lutte contre 2001 contre cette prolif\u00e9ration d\u2019algues sur les c\u00f4tes, qui se d\u00e9composent en d\u00e9gagent de l\u2019hydrog\u00e8ne sulfur\u00e9, gaz toxique qui \u00e0 forte concentration peut provoquer des risques respiratoires pour les riverains et \u00eatre mortel. La baie de Saint Brieuc est tout particuli\u00e8rement touch\u00e9e par l\u2019accumulation des algues vertes du fait de sa forme confin\u00e9e et de sa faible profondeur d\u2019eau. L\u2019association d\u00e9nonce le Plan algues vertes mis en place en 2009 par le Gouvernement qui \u00e9vite d\u2019attaquer le probl\u00e8me \u00e0 sa source. <strong>Le collectif se bat pour une r\u00e9forme en profondeur de l\u2019agriculture bretonne <\/strong>et pour la mise en \u0153uvre de mesures pr\u00e9ventives. Il promeut un retour \u00e0 des <strong>mod\u00e8les de fermes paysannes <\/strong>\u00e0 taille humaine qui soient <strong>en capacit\u00e9 d\u2019internaliser l\u2019ensemble des contraintes <\/strong>li\u00e9es \u00e0 l\u2019\u00e9levage, c&rsquo;est-\u00e0-dire de <strong>nourrir les animaux et d\u2019accueillir les d\u00e9jections sur leur propre site.&nbsp;<\/strong><\/p>\n\n\n\n<p>\u2192 Pour approfondir sur le sujet, un conseil de lecture : les superbes travaux de la bande dessin\u00e9e <strong><em><a href=\"https:\/\/www.franceculture.fr\/emissions\/culture-bd\/culture-bd-par-melanie-chalandon-en-direct-du-dimanche-29-aout-2021\">Algues vertes, l&rsquo;histoire interdite<\/a> <\/em><\/strong>d\u2019In\u00e8s L\u00e9raud et Pierre Van Hove.&nbsp;<\/p>\n\n\n\n<p><strong><em><a href=\"https:\/\/www.vertlejardin.fr\/\">Vert le Jardin 22<\/a>&nbsp;<\/em><\/strong><\/p>\n\n\n\n<p>Le \u201cJardin Ressources\u201d est un jardin potager collectif qui se d\u00e9veloppe depuis 3 ans dans le quartier rue de l\u2019Europe \u00e0 Saint Brieuc. Sur un terrain confin\u00e9 entre tours d\u2019habitations \u00e0 loyer mod\u00e9r\u00e9 et circulation intense de la route nationale, nous d\u00e9couvrons avec joie cet \u00e9crin de verdure color\u00e9 et lumineux offrant un espace de respiration aux habitant.e.s du quartier.&nbsp;<\/p>\n\n\n\n<figure class=\"wp-block-image size-large\"><a href=\"https:\/\/www.altercampagne.net\/wp-content\/uploads\/2021\/09\/DSC09524.jpg\"><img loading=\"lazy\" decoding=\"async\" width=\"1024\" height=\"683\" src=\"https:\/\/www.altercampagne.net\/wp-content\/uploads\/2021\/09\/DSC09524-1024x683.jpg\" alt=\"\" class=\"wp-image-23124\" srcset=\"https:\/\/www.altercampagne.net\/wp-content\/uploads\/2021\/09\/DSC09524-1024x683.jpg 1024w, https:\/\/www.altercampagne.net\/wp-content\/uploads\/2021\/09\/DSC09524-300x200.jpg 300w, https:\/\/www.altercampagne.net\/wp-content\/uploads\/2021\/09\/DSC09524-768x512.jpg 768w, https:\/\/www.altercampagne.net\/wp-content\/uploads\/2021\/09\/DSC09524-1536x1024.jpg 1536w, https:\/\/www.altercampagne.net\/wp-content\/uploads\/2021\/09\/DSC09524-2048x1366.jpg 2048w, https:\/\/www.altercampagne.net\/wp-content\/uploads\/2021\/09\/DSC09524-610x407.jpg 610w, https:\/\/www.altercampagne.net\/wp-content\/uploads\/2021\/09\/DSC09524-100x67.jpg 100w, https:\/\/www.altercampagne.net\/wp-content\/uploads\/2021\/09\/DSC09524-862x575.jpg 862w, https:\/\/www.altercampagne.net\/wp-content\/uploads\/2021\/09\/DSC09524-1140x760.jpg 1140w\" sizes=\"auto, (max-width: 1024px) 100vw, 1024px\" \/><\/a><\/figure>\n\n\n\n<p>Anim\u00e9 par l\u2019association Vert le Jardin 22, <strong>cet espace vert p\u00e9dagogique se veut un lieu de mixit\u00e9 sociale et de convivialit\u00e9 en f\u00e9d\u00e9rant les habitant.e.s <\/strong>de toutes cultures, langues, \u00e2ges, handicaps\u2026 Chaque mercredi, les b\u00e9n\u00e9voles se retrouvent pour jardiner ensemble et partager le d\u00e9jeuner. Le jardin permet \u00e9galement de recycler le compost collect\u00e9 dans le quartier et l\u2019installation d\u2019un poulailler est en projet. Le site re\u00e7oit des subventions dans le cadre de la politique de la ville (ANRU). Bravo aux b\u00e9n\u00e9voles et membres de l\u2019association pour ce beau projet et un grand Merci pour la visite du jardin !&nbsp;<\/p>\n\n\n\n<p><strong><em><a href=\"http:\/\/lacessonnette.e-monsite.com\/\">AMAP La Cessonnette&nbsp;<\/a><\/em><\/strong><\/p>\n\n\n\n<p>L\u2019Association pour le Maintien d&rsquo;une Agriculture Paysanne du quartier de Cesson r\u00e9unit une quarantaine<\/p>\n\n\n\n<p>d\u2019adh\u00e9rents qui vient r\u00e9cup\u00e9rer chaque semaine son panier de l\u00e9gumes bio et local, les producteur.trice.s et artisan.e.s \u00e9tant situ\u00e9.e.s \u00e0 moins de 30 km de Saint Brieuc!&nbsp;<\/p>\n\n\n\n<p>Nous rencontrons \u00e9galement <strong>Emmanuel, le boulanger bio de Place au Levain, <\/strong>qui <strong>fait sa tourn\u00e9e \u00e0 v\u00e9lo, <\/strong>pour livrer \u00e9coles et AMAP de la Ville.&nbsp;<\/p>\n\n\n\n<figure class=\"wp-block-image size-large\"><a href=\"https:\/\/www.altercampagne.net\/wp-content\/uploads\/2021\/09\/DSC09520.jpg\"><img loading=\"lazy\" decoding=\"async\" width=\"1024\" height=\"683\" src=\"https:\/\/www.altercampagne.net\/wp-content\/uploads\/2021\/09\/DSC09520-1024x683.jpg\" alt=\"\" class=\"wp-image-23125\" srcset=\"https:\/\/www.altercampagne.net\/wp-content\/uploads\/2021\/09\/DSC09520-1024x683.jpg 1024w, https:\/\/www.altercampagne.net\/wp-content\/uploads\/2021\/09\/DSC09520-300x200.jpg 300w, https:\/\/www.altercampagne.net\/wp-content\/uploads\/2021\/09\/DSC09520-768x512.jpg 768w, https:\/\/www.altercampagne.net\/wp-content\/uploads\/2021\/09\/DSC09520-1536x1024.jpg 1536w, https:\/\/www.altercampagne.net\/wp-content\/uploads\/2021\/09\/DSC09520-2048x1366.jpg 2048w, https:\/\/www.altercampagne.net\/wp-content\/uploads\/2021\/09\/DSC09520-610x407.jpg 610w, https:\/\/www.altercampagne.net\/wp-content\/uploads\/2021\/09\/DSC09520-100x67.jpg 100w, https:\/\/www.altercampagne.net\/wp-content\/uploads\/2021\/09\/DSC09520-862x575.jpg 862w, https:\/\/www.altercampagne.net\/wp-content\/uploads\/2021\/09\/DSC09520-1140x760.jpg 1140w\" sizes=\"auto, (max-width: 1024px) 100vw, 1024px\" \/><\/a><\/figure>\n\n\n\n<p><strong><em><a href=\"http:\/\/www.mjcduplateau.fr\/\">MJC du Plateau&nbsp;<\/a><\/em><\/strong><\/p>\n\n\n\n<p>Nadia et son grand sourire nous pr\u00e9sentent les raisons d\u2019\u00eatre de la MJC qui propose <strong>un lieu d\u2019accueil et de proximit\u00e9 ouvert \u00e0 tou.te.s <\/strong>et aide chacun.e \u00e0 s\u2019\u00e9manciper. La MJC du Plateau a \u00e9t\u00e9 cr\u00e9\u00e9e en 1965, \u00e0 l\u2019initiative d\u2019instituteur.rice.s militants de l\u2019<strong>\u00e9ducation populaire <\/strong>qui voulaient promouvoir l\u2019acc\u00e8s \u00e0 tou.te.s au kayak. L\u2019association a depuis diversifi\u00e9 ses activit\u00e9s, ouvertes aux jeunes comme aux adultes dans tous les domaines : sport, culture, social, accompagnement scolaire\u2026 D\u2019ailleurs, la musique nous entra\u00eene au pied des immeubles o\u00f9 un cours de Zumba d\u00e9marre avec les ados du quartier !\u00a0<\/p>\n\n\n\n<p><strong><em>V\u00e9lo Utile&nbsp;<\/em><\/strong><\/p>\n\n\n\n<p>Les membres de l\u2019association cycliste briochine se sont install\u00e9s sous un barnum et proposent un atelier de r\u00e9paration ouvert aux habitant.e.s. L\u2019association a f\u00eat\u00e9 ses 10 ans et rassemble 900 adh\u00e9rents autour d\u2019animations r\u00e9guli\u00e8res : V\u00e9lorutions, ateliers d&rsquo;autor\u00e9paration, v\u00e9lo \u00e9cole pour accompagner la remise en selle.. Le collectif est <strong>militant aupr\u00e8s des \u00e9lu.e.s pour promouvoir la place du v\u00e9lo et acc\u00e9l\u00e9rer le d\u00e9veloppement des am\u00e9nagements cyclables <\/strong>dans l\u2019agglom\u00e9ration. L&rsquo;id\u00e9e est aussi de <strong>rendre le v\u00e9lo plus attractif et convivial, <\/strong>en donnant envie aux jeunes de p\u00e9daler !&nbsp;<\/p>\n\n\n\n<figure class=\"wp-block-image size-large\"><a href=\"https:\/\/www.altercampagne.net\/wp-content\/uploads\/2021\/09\/DSC09514.jpg\"><img loading=\"lazy\" decoding=\"async\" width=\"1024\" height=\"683\" src=\"https:\/\/www.altercampagne.net\/wp-content\/uploads\/2021\/09\/DSC09514-1024x683.jpg\" alt=\"\" class=\"wp-image-23126\" srcset=\"https:\/\/www.altercampagne.net\/wp-content\/uploads\/2021\/09\/DSC09514-1024x683.jpg 1024w, https:\/\/www.altercampagne.net\/wp-content\/uploads\/2021\/09\/DSC09514-300x200.jpg 300w, https:\/\/www.altercampagne.net\/wp-content\/uploads\/2021\/09\/DSC09514-768x512.jpg 768w, https:\/\/www.altercampagne.net\/wp-content\/uploads\/2021\/09\/DSC09514-1536x1024.jpg 1536w, https:\/\/www.altercampagne.net\/wp-content\/uploads\/2021\/09\/DSC09514-2048x1366.jpg 2048w, https:\/\/www.altercampagne.net\/wp-content\/uploads\/2021\/09\/DSC09514-610x407.jpg 610w, https:\/\/www.altercampagne.net\/wp-content\/uploads\/2021\/09\/DSC09514-100x67.jpg 100w, https:\/\/www.altercampagne.net\/wp-content\/uploads\/2021\/09\/DSC09514-862x575.jpg 862w, https:\/\/www.altercampagne.net\/wp-content\/uploads\/2021\/09\/DSC09514-1140x760.jpg 1140w\" sizes=\"auto, (max-width: 1024px) 100vw, 1024px\" \/><\/a><\/figure>\n\n\n\n<p><strong><em><a href=\"https:\/\/transeuntes-mouvement-teatro---tm-theatre-91.webself.net\/accueil\">Compagnie Transeuntes Teatro<\/a> \u00ab Tout Va Bien \u00bb avec l\u2019Acteur Tour&nbsp;<\/em><\/strong><\/p>\n\n\n\n<p>De retour au campement, un bon d\u00eener nous attend et la soir\u00e9e se prolonge autour d\u2019une \u00e9mouvante performance th\u00e9\u00e2trale. La compagnie espagnole Transeuntes Teatro (des gens pas sages de passage) ont r\u00e9p\u00e9t\u00e9 cette apr\u00e8s-midi avec quelques volontaires acteurs-cyclistes sur le th\u00e8me du \u201cTout va bien\u201d. \u201cTout va bien\u201d, c\u2019est celleux qui ne veulent pas voir que le climat se r\u00e9chauffe, que les algues vertes tuent, que la croissance infinie n\u2019est qu\u2019un mythe.. Tout va bien, oui, quand on ferme les yeux.&nbsp;<\/p>\n\n\n\n<figure class=\"wp-block-image size-large\"><a href=\"https:\/\/www.altercampagne.net\/wp-content\/uploads\/2021\/09\/DSC09578.jpg\"><img loading=\"lazy\" decoding=\"async\" width=\"1024\" height=\"683\" src=\"https:\/\/www.altercampagne.net\/wp-content\/uploads\/2021\/09\/DSC09578-1024x683.jpg\" alt=\"\" class=\"wp-image-23127\" srcset=\"https:\/\/www.altercampagne.net\/wp-content\/uploads\/2021\/09\/DSC09578-1024x683.jpg 1024w, https:\/\/www.altercampagne.net\/wp-content\/uploads\/2021\/09\/DSC09578-300x200.jpg 300w, https:\/\/www.altercampagne.net\/wp-content\/uploads\/2021\/09\/DSC09578-768x512.jpg 768w, https:\/\/www.altercampagne.net\/wp-content\/uploads\/2021\/09\/DSC09578-1536x1024.jpg 1536w, https:\/\/www.altercampagne.net\/wp-content\/uploads\/2021\/09\/DSC09578-2048x1366.jpg 2048w, https:\/\/www.altercampagne.net\/wp-content\/uploads\/2021\/09\/DSC09578-610x407.jpg 610w, https:\/\/www.altercampagne.net\/wp-content\/uploads\/2021\/09\/DSC09578-100x67.jpg 100w, https:\/\/www.altercampagne.net\/wp-content\/uploads\/2021\/09\/DSC09578-862x575.jpg 862w, https:\/\/www.altercampagne.net\/wp-content\/uploads\/2021\/09\/DSC09578-1140x760.jpg 1140w\" sizes=\"auto, (max-width: 1024px) 100vw, 1024px\" \/><\/a><\/figure>\n\n\n\n<p>Un superbe texte, touchant, monologue f\u00e9minin paysan, nous emporte dans l\u2019histoire pass\u00e9e d\u2019un demi-si\u00e8cle agricole, l\u2019apr\u00e8s-guerre, les espoirs des progr\u00e8s industriels, les remembrements des terres\u2026 Tout va bien, oui, tout va bien, mais voil\u00e0 que l\u2019air devient irrespirable, jusqu\u2019\u00e0 l\u2019asphyxie, jusqu\u2019\u00e0 emporter les corps par la mar\u00e9e d\u2019algues vertes. Les fum\u00e9es brouillent la vue, la musique hypnotise, nos acteurs-cyclistes grim\u00e9.e.s de vert sont \u00e0 terre.&nbsp;<\/p>\n\n\n\n<p>Mais heureusement, ils.elles finissent par se redresser, r\u00e9enchanter la sc\u00e8ne et le monde de demain. Tout va bien, et il reste de l\u2019espoir tant que les corps se retrouvent et que l\u2019on peut, ensemble, danser encore.&nbsp;<\/p>\n\n\n\n<p class=\"has-text-align-right\"><strong>Ad\u00e9la\u00efde<\/strong><\/p>\n\n\n\n<p>PS : un reportage audio de notre passage \u00e0 Saint Brieuc <a href=\"https:\/\/rcf.fr\/actualite\/linvite-de-lete-4?episode=140004\">en cliquant ici<\/a>.<\/p>\n","protected":false},"excerpt":{"rendered":"<p>Eco-lieu \u00ab La P\u00e2ture es Ch\u00eanes \u00bb, douce matin\u00e9e au jardin extraordinaire&nbsp; Ce matin, 5 petits kilom\u00e8tres en pente douce et nous arrivons d\u00e9j\u00e0 chez Sylvaine et Gr\u00e9gory qui nous accueillent chaleureusement dans leur jardin, ou plus exactement nous invitent \u00e0 faire entrer le jardin en nous. Nos corps se &#8230; <\/p>\n<div><a href=\"https:\/\/www.altercampagne.net\/?p=23115\" class=\"more-link\">Read More<\/a><\/div>\n","protected":false},"author":316,"featured_media":23128,"comment_status":"closed","ping_status":"closed","sticky":false,"template":"","format":"standard","meta":{"footnotes":""},"categories":[3472,3490,4198,3487,3486,1,3932],"tags":[],"class_list":["post-23115","post","type-post","status-publish","format-standard","has-post-thumbnail","hentry","category-bretagne","category-culture","category-edition-2021","category-energie","category-environnement","category-non-classe","category-velo"],"yoast_head":"<!-- This site is optimized with the Yoast SEO plugin v27.3 - https:\/\/yoast.com\/product\/yoast-seo-wordpress\/ -->\n<title>Le douze ao\u00fbt, on se la coule douce - AlterTour<\/title>\n<meta name=\"robots\" content=\"index, follow, max-snippet:-1, max-image-preview:large, max-video-preview:-1\" \/>\n<link rel=\"canonical\" href=\"https:\/\/www.altercampagne.net\/?p=23115\" \/>\n<meta property=\"og:locale\" content=\"fr_FR\" \/>\n<meta property=\"og:type\" content=\"article\" \/>\n<meta property=\"og:title\" content=\"Le douze ao\u00fbt, on se la coule douce - AlterTour\" \/>\n<meta property=\"og:description\" content=\"Eco-lieu \u00ab La P\u00e2ture es Ch\u00eanes \u00bb, douce matin\u00e9e au jardin extraordinaire&nbsp; Ce matin, 5 petits kilom\u00e8tres en pente douce et nous arrivons d\u00e9j\u00e0 chez Sylvaine et Gr\u00e9gory qui nous accueillent chaleureusement dans leur jardin, ou plus exactement nous invitent \u00e0 faire entrer le jardin en nous. Nos corps se ... Read More\" \/>\n<meta property=\"og:url\" content=\"https:\/\/www.altercampagne.net\/?p=23115\" \/>\n<meta property=\"og:site_name\" content=\"AlterTour\" \/>\n<meta property=\"article:published_time\" content=\"2021-09-02T05:05:53+00:00\" \/>\n<meta property=\"article:modified_time\" content=\"2021-09-02T05:05:55+00:00\" \/>\n<meta property=\"og:image\" content=\"https:\/\/www.altercampagne.net\/wp-content\/uploads\/2021\/09\/Algues-Vertes-scaled.jpg\" \/>\n\t<meta property=\"og:image:width\" content=\"2560\" \/>\n\t<meta property=\"og:image:height\" content=\"1336\" \/>\n\t<meta property=\"og:image:type\" content=\"image\/jpeg\" \/>\n<meta name=\"author\" content=\"Jonas\" \/>\n<meta name=\"twitter:card\" content=\"summary_large_image\" \/>\n<meta name=\"twitter:label1\" content=\"\u00c9crit par\" \/>\n\t<meta name=\"twitter:data1\" content=\"Jonas\" \/>\n\t<meta name=\"twitter:label2\" content=\"Dur\u00e9e de lecture estim\u00e9e\" \/>\n\t<meta name=\"twitter:data2\" content=\"7 minutes\" \/>\n<script type=\"application\/ld+json\" class=\"yoast-schema-graph\">{\"@context\":\"https:\\\/\\\/schema.org\",\"@graph\":[{\"@type\":\"Article\",\"@id\":\"https:\\\/\\\/www.altercampagne.net\\\/?p=23115#article\",\"isPartOf\":{\"@id\":\"https:\\\/\\\/www.altercampagne.net\\\/?p=23115\"},\"author\":{\"name\":\"Jonas\",\"@id\":\"https:\\\/\\\/www.altercampagne.net\\\/#\\\/schema\\\/person\\\/308dc295a67929d58321ff6b59820daa\"},\"headline\":\"Le douze ao\u00fbt, on se la coule douce\",\"datePublished\":\"2021-09-02T05:05:53+00:00\",\"dateModified\":\"2021-09-02T05:05:55+00:00\",\"mainEntityOfPage\":{\"@id\":\"https:\\\/\\\/www.altercampagne.net\\\/?p=23115\"},\"wordCount\":1421,\"image\":{\"@id\":\"https:\\\/\\\/www.altercampagne.net\\\/?p=23115#primaryimage\"},\"thumbnailUrl\":\"https:\\\/\\\/www.altercampagne.net\\\/wp-content\\\/uploads\\\/2021\\\/09\\\/Algues-Vertes-scaled.jpg\",\"articleSection\":{\"0\":\"Bretagne\",\"1\":\"Culture\",\"2\":\"Edition 2021\",\"3\":\"\u00c9nergie\",\"4\":\"Environnement\",\"6\":\"V\u00e9lo\"},\"inLanguage\":\"fr-FR\"},{\"@type\":\"WebPage\",\"@id\":\"https:\\\/\\\/www.altercampagne.net\\\/?p=23115\",\"url\":\"https:\\\/\\\/www.altercampagne.net\\\/?p=23115\",\"name\":\"Le douze ao\u00fbt, on se la coule douce - AlterTour\",\"isPartOf\":{\"@id\":\"https:\\\/\\\/www.altercampagne.net\\\/#website\"},\"primaryImageOfPage\":{\"@id\":\"https:\\\/\\\/www.altercampagne.net\\\/?p=23115#primaryimage\"},\"image\":{\"@id\":\"https:\\\/\\\/www.altercampagne.net\\\/?p=23115#primaryimage\"},\"thumbnailUrl\":\"https:\\\/\\\/www.altercampagne.net\\\/wp-content\\\/uploads\\\/2021\\\/09\\\/Algues-Vertes-scaled.jpg\",\"datePublished\":\"2021-09-02T05:05:53+00:00\",\"dateModified\":\"2021-09-02T05:05:55+00:00\",\"author\":{\"@id\":\"https:\\\/\\\/www.altercampagne.net\\\/#\\\/schema\\\/person\\\/308dc295a67929d58321ff6b59820daa\"},\"breadcrumb\":{\"@id\":\"https:\\\/\\\/www.altercampagne.net\\\/?p=23115#breadcrumb\"},\"inLanguage\":\"fr-FR\",\"potentialAction\":[{\"@type\":\"ReadAction\",\"target\":[\"https:\\\/\\\/www.altercampagne.net\\\/?p=23115\"]}]},{\"@type\":\"ImageObject\",\"inLanguage\":\"fr-FR\",\"@id\":\"https:\\\/\\\/www.altercampagne.net\\\/?p=23115#primaryimage\",\"url\":\"https:\\\/\\\/www.altercampagne.net\\\/wp-content\\\/uploads\\\/2021\\\/09\\\/Algues-Vertes-scaled.jpg\",\"contentUrl\":\"https:\\\/\\\/www.altercampagne.net\\\/wp-content\\\/uploads\\\/2021\\\/09\\\/Algues-Vertes-scaled.jpg\",\"width\":2560,\"height\":1336},{\"@type\":\"BreadcrumbList\",\"@id\":\"https:\\\/\\\/www.altercampagne.net\\\/?p=23115#breadcrumb\",\"itemListElement\":[{\"@type\":\"ListItem\",\"position\":1,\"name\":\"Accueil\",\"item\":\"https:\\\/\\\/www.altercampagne.net\\\/\"},{\"@type\":\"ListItem\",\"position\":2,\"name\":\"Le douze ao\u00fbt, on se la coule douce\"}]},{\"@type\":\"WebSite\",\"@id\":\"https:\\\/\\\/www.altercampagne.net\\\/#website\",\"url\":\"https:\\\/\\\/www.altercampagne.net\\\/\",\"name\":\"AlterTour\",\"description\":\"Reliez les Alternatives \u00e0 v\u00e9lo\",\"potentialAction\":[{\"@type\":\"SearchAction\",\"target\":{\"@type\":\"EntryPoint\",\"urlTemplate\":\"https:\\\/\\\/www.altercampagne.net\\\/?s={search_term_string}\"},\"query-input\":{\"@type\":\"PropertyValueSpecification\",\"valueRequired\":true,\"valueName\":\"search_term_string\"}}],\"inLanguage\":\"fr-FR\"},{\"@type\":\"Person\",\"@id\":\"https:\\\/\\\/www.altercampagne.net\\\/#\\\/schema\\\/person\\\/308dc295a67929d58321ff6b59820daa\",\"name\":\"Jonas\",\"image\":{\"@type\":\"ImageObject\",\"inLanguage\":\"fr-FR\",\"@id\":\"https:\\\/\\\/secure.gravatar.com\\\/avatar\\\/ade7b451791545d463915f445a8aee91b58c48cdcbc1ab2b8583fa2f30e159e4?s=96&d=mm&r=g\",\"url\":\"https:\\\/\\\/secure.gravatar.com\\\/avatar\\\/ade7b451791545d463915f445a8aee91b58c48cdcbc1ab2b8583fa2f30e159e4?s=96&d=mm&r=g\",\"contentUrl\":\"https:\\\/\\\/secure.gravatar.com\\\/avatar\\\/ade7b451791545d463915f445a8aee91b58c48cdcbc1ab2b8583fa2f30e159e4?s=96&d=mm&r=g\",\"caption\":\"Jonas\"},\"url\":\"https:\\\/\\\/www.altercampagne.net\\\/?author=316\"}]}<\/script>\n<!-- \/ Yoast SEO plugin. -->","yoast_head_json":{"title":"Le douze ao\u00fbt, on se la coule douce - AlterTour","robots":{"index":"index","follow":"follow","max-snippet":"max-snippet:-1","max-image-preview":"max-image-preview:large","max-video-preview":"max-video-preview:-1"},"canonical":"https:\/\/www.altercampagne.net\/?p=23115","og_locale":"fr_FR","og_type":"article","og_title":"Le douze ao\u00fbt, on se la coule douce - AlterTour","og_description":"Eco-lieu \u00ab La P\u00e2ture es Ch\u00eanes \u00bb, douce matin\u00e9e au jardin extraordinaire&nbsp; Ce matin, 5 petits kilom\u00e8tres en pente douce et nous arrivons d\u00e9j\u00e0 chez Sylvaine et Gr\u00e9gory qui nous accueillent chaleureusement dans leur jardin, ou plus exactement nous invitent \u00e0 faire entrer le jardin en nous. Nos corps se ... Read More","og_url":"https:\/\/www.altercampagne.net\/?p=23115","og_site_name":"AlterTour","article_published_time":"2021-09-02T05:05:53+00:00","article_modified_time":"2021-09-02T05:05:55+00:00","og_image":[{"width":2560,"height":1336,"url":"https:\/\/www.altercampagne.net\/wp-content\/uploads\/2021\/09\/Algues-Vertes-scaled.jpg","type":"image\/jpeg"}],"author":"Jonas","twitter_card":"summary_large_image","twitter_misc":{"\u00c9crit par":"Jonas","Dur\u00e9e de lecture estim\u00e9e":"7 minutes"},"schema":{"@context":"https:\/\/schema.org","@graph":[{"@type":"Article","@id":"https:\/\/www.altercampagne.net\/?p=23115#article","isPartOf":{"@id":"https:\/\/www.altercampagne.net\/?p=23115"},"author":{"name":"Jonas","@id":"https:\/\/www.altercampagne.net\/#\/schema\/person\/308dc295a67929d58321ff6b59820daa"},"headline":"Le douze ao\u00fbt, on se la coule douce","datePublished":"2021-09-02T05:05:53+00:00","dateModified":"2021-09-02T05:05:55+00:00","mainEntityOfPage":{"@id":"https:\/\/www.altercampagne.net\/?p=23115"},"wordCount":1421,"image":{"@id":"https:\/\/www.altercampagne.net\/?p=23115#primaryimage"},"thumbnailUrl":"https:\/\/www.altercampagne.net\/wp-content\/uploads\/2021\/09\/Algues-Vertes-scaled.jpg","articleSection":{"0":"Bretagne","1":"Culture","2":"Edition 2021","3":"\u00c9nergie","4":"Environnement","6":"V\u00e9lo"},"inLanguage":"fr-FR"},{"@type":"WebPage","@id":"https:\/\/www.altercampagne.net\/?p=23115","url":"https:\/\/www.altercampagne.net\/?p=23115","name":"Le douze ao\u00fbt, on se la coule douce - AlterTour","isPartOf":{"@id":"https:\/\/www.altercampagne.net\/#website"},"primaryImageOfPage":{"@id":"https:\/\/www.altercampagne.net\/?p=23115#primaryimage"},"image":{"@id":"https:\/\/www.altercampagne.net\/?p=23115#primaryimage"},"thumbnailUrl":"https:\/\/www.altercampagne.net\/wp-content\/uploads\/2021\/09\/Algues-Vertes-scaled.jpg","datePublished":"2021-09-02T05:05:53+00:00","dateModified":"2021-09-02T05:05:55+00:00","author":{"@id":"https:\/\/www.altercampagne.net\/#\/schema\/person\/308dc295a67929d58321ff6b59820daa"},"breadcrumb":{"@id":"https:\/\/www.altercampagne.net\/?p=23115#breadcrumb"},"inLanguage":"fr-FR","potentialAction":[{"@type":"ReadAction","target":["https:\/\/www.altercampagne.net\/?p=23115"]}]},{"@type":"ImageObject","inLanguage":"fr-FR","@id":"https:\/\/www.altercampagne.net\/?p=23115#primaryimage","url":"https:\/\/www.altercampagne.net\/wp-content\/uploads\/2021\/09\/Algues-Vertes-scaled.jpg","contentUrl":"https:\/\/www.altercampagne.net\/wp-content\/uploads\/2021\/09\/Algues-Vertes-scaled.jpg","width":2560,"height":1336},{"@type":"BreadcrumbList","@id":"https:\/\/www.altercampagne.net\/?p=23115#breadcrumb","itemListElement":[{"@type":"ListItem","position":1,"name":"Accueil","item":"https:\/\/www.altercampagne.net\/"},{"@type":"ListItem","position":2,"name":"Le douze ao\u00fbt, on se la coule douce"}]},{"@type":"WebSite","@id":"https:\/\/www.altercampagne.net\/#website","url":"https:\/\/www.altercampagne.net\/","name":"AlterTour","description":"Reliez les Alternatives \u00e0 v\u00e9lo","potentialAction":[{"@type":"SearchAction","target":{"@type":"EntryPoint","urlTemplate":"https:\/\/www.altercampagne.net\/?s={search_term_string}"},"query-input":{"@type":"PropertyValueSpecification","valueRequired":true,"valueName":"search_term_string"}}],"inLanguage":"fr-FR"},{"@type":"Person","@id":"https:\/\/www.altercampagne.net\/#\/schema\/person\/308dc295a67929d58321ff6b59820daa","name":"Jonas","image":{"@type":"ImageObject","inLanguage":"fr-FR","@id":"https:\/\/secure.gravatar.com\/avatar\/ade7b451791545d463915f445a8aee91b58c48cdcbc1ab2b8583fa2f30e159e4?s=96&d=mm&r=g","url":"https:\/\/secure.gravatar.com\/avatar\/ade7b451791545d463915f445a8aee91b58c48cdcbc1ab2b8583fa2f30e159e4?s=96&d=mm&r=g","contentUrl":"https:\/\/secure.gravatar.com\/avatar\/ade7b451791545d463915f445a8aee91b58c48cdcbc1ab2b8583fa2f30e159e4?s=96&d=mm&r=g","caption":"Jonas"},"url":"https:\/\/www.altercampagne.net\/?author=316"}]}},"_links":{"self":[{"href":"https:\/\/www.altercampagne.net\/index.php?rest_route=\/wp\/v2\/posts\/23115","targetHints":{"allow":["GET"]}}],"collection":[{"href":"https:\/\/www.altercampagne.net\/index.php?rest_route=\/wp\/v2\/posts"}],"about":[{"href":"https:\/\/www.altercampagne.net\/index.php?rest_route=\/wp\/v2\/types\/post"}],"author":[{"embeddable":true,"href":"https:\/\/www.altercampagne.net\/index.php?rest_route=\/wp\/v2\/users\/316"}],"replies":[{"embeddable":true,"href":"https:\/\/www.altercampagne.net\/index.php?rest_route=%2Fwp%2Fv2%2Fcomments&post=23115"}],"version-history":[{"count":3,"href":"https:\/\/www.altercampagne.net\/index.php?rest_route=\/wp\/v2\/posts\/23115\/revisions"}],"predecessor-version":[{"id":23129,"href":"https:\/\/www.altercampagne.net\/index.php?rest_route=\/wp\/v2\/posts\/23115\/revisions\/23129"}],"wp:featuredmedia":[{"embeddable":true,"href":"https:\/\/www.altercampagne.net\/index.php?rest_route=\/wp\/v2\/media\/23128"}],"wp:attachment":[{"href":"https:\/\/www.altercampagne.net\/index.php?rest_route=%2Fwp%2Fv2%2Fmedia&parent=23115"}],"wp:term":[{"taxonomy":"category","embeddable":true,"href":"https:\/\/www.altercampagne.net\/index.php?rest_route=%2Fwp%2Fv2%2Fcategories&post=23115"},{"taxonomy":"post_tag","embeddable":true,"href":"https:\/\/www.altercampagne.net\/index.php?rest_route=%2Fwp%2Fv2%2Ftags&post=23115"}],"curies":[{"name":"wp","href":"https:\/\/api.w.org\/{rel}","templated":true}]}}