{"id":23239,"date":"2021-09-28T22:03:36","date_gmt":"2021-09-28T20:03:36","guid":{"rendered":"https:\/\/www.altercampagne.net\/?p=23239"},"modified":"2021-09-28T22:03:38","modified_gmt":"2021-09-28T20:03:38","slug":"24-heures-a-lechappee-belle-feministe-ca-fuse-dans-tous-les-sens","status":"publish","type":"post","link":"https:\/\/www.altercampagne.net\/?p=23239","title":{"rendered":"24 heures \u00e0 l\u2019\u00e9chapp\u00e9e belle f\u00e9ministe \u00e7a fuse dans tous les sens !"},"content":{"rendered":"\n<p class=\"has-medium-font-size\"><strong>Un programme charg\u00e9<\/strong> !<\/p>\n\n\n\n<p>Mercredi matin avec <strong>Marine Bruneau, dite Luce<\/strong>, qui a l\u2019habitude d\u2019animer des <strong>ateliers et formations sur l\u2019\u00e9galit\u00e9 hommes-femmes<\/strong>, notamment en entreprise, nous parlons de collages f\u00e9ministes. Nous la retrouverons le soir pour un d\u00e9bat mouvant* sur la sororit\u00e9. A midi, nos&nbsp;accueillant\u00b7es, les <strong>salari\u00e9\u00b7es et b\u00e9n\u00e9voles de la <a href=\"https:\/\/www.la-recyclerie-pays-daoulas.infini.fr\/\">recyclerie Ribine<\/a><\/strong> nous expliquent bri\u00e8vement leur projet associatif. Les couverts pos\u00e9s et les ventres remplis, c\u2019est le camion de <a href=\"https:\/\/www.lesptitesgraines-epicerie.fr\/\">Les p\u2019tites graines<\/a> qui arrive sur le parking. Christelle, qui nous a vendu le stock de sec pour cuisiner nos repas sur cette \u00e9chapp\u00e9e, est l\u00e0 pour nous approvisionner avec quelques douceurs en rab et nous parler un peu de son projet.<\/p>\n\n\n\n<p>L\u2019apr\u00e8s-midi c\u2019est un des membres du <strong>collectif quimperois Thomas Boulo\u00f9 <\/strong>qui anime une pr\u00e9sentation sur les <strong>m\u00e9thodes de contraception masculine<\/strong>, avec m\u00eame la possibilit\u00e9 de r\u00e9utiliser des sous v\u00eatements de la recyclerie pour confectionner un slip chauffant* pour celleux qui le souhaitent. Ensuite <strong>Laure Bouscasse, de l\u2019asso des <a href=\"http:\/\/Www.lesporteslogiques.net\">Portes Logiques <\/a>\u00e0 Quimper<\/strong> nous propose un atelier de d\u00e9montage d\u2019ordinateur et mat\u00e9riel informatique, et ce en non-mixit\u00e9*.&nbsp;<\/p>\n\n\n\n<p>Enfin, le lendemain matin, avant de prendre la route pour Douarnenez, <strong>nous serons accueillies pour le petit d\u00e9jeuner au Bistrot du Tr\u00e9hou<\/strong>. Le couple de g\u00e9rants, Muriel et Claude, accompagn\u00e9 de Joe, maire de la commune, nous offrent le caf\u00e9 et nous expliquent l\u2019envie de faire vivre cette grande salle de restaurant de mani\u00e8re associative, en mettant en avant les produits locaux.<\/p>\n\n\n\n<p class=\"has-medium-font-size\"><strong>Les collages f\u00e9ministes<\/strong><\/p>\n\n\n\n<figure class=\"wp-block-image size-large\"><a href=\"https:\/\/www.altercampagne.net\/wp-content\/uploads\/2021\/09\/F248B8C0-FB3E-44E4-B38B-B59AC560F963.jpeg\"><img loading=\"lazy\" decoding=\"async\" width=\"1024\" height=\"768\" src=\"https:\/\/www.altercampagne.net\/wp-content\/uploads\/2021\/09\/F248B8C0-FB3E-44E4-B38B-B59AC560F963.jpeg\" alt=\"\" class=\"wp-image-23240\" srcset=\"https:\/\/www.altercampagne.net\/wp-content\/uploads\/2021\/09\/F248B8C0-FB3E-44E4-B38B-B59AC560F963.jpeg 1024w, https:\/\/www.altercampagne.net\/wp-content\/uploads\/2021\/09\/F248B8C0-FB3E-44E4-B38B-B59AC560F963-300x225.jpeg 300w, https:\/\/www.altercampagne.net\/wp-content\/uploads\/2021\/09\/F248B8C0-FB3E-44E4-B38B-B59AC560F963-768x576.jpeg 768w, https:\/\/www.altercampagne.net\/wp-content\/uploads\/2021\/09\/F248B8C0-FB3E-44E4-B38B-B59AC560F963-610x458.jpeg 610w, https:\/\/www.altercampagne.net\/wp-content\/uploads\/2021\/09\/F248B8C0-FB3E-44E4-B38B-B59AC560F963-100x75.jpeg 100w, https:\/\/www.altercampagne.net\/wp-content\/uploads\/2021\/09\/F248B8C0-FB3E-44E4-B38B-B59AC560F963-862x647.jpeg 862w\" sizes=\"auto, (max-width: 1024px) 100vw, 1024px\" \/><\/a><\/figure>\n\n\n\n<p>Luce nous explique que<strong> le but des collages est de se r\u00e9approprier l\u2019espace public<\/strong> en utilisant des phrases courtes et choc. Se r\u00e9approprier parce que la rue de nuit n\u2019est pas, de base, un endroit o\u00f9 une femme se sent en s\u00e9curit\u00e9. Y aller en groupe permet de retrouver sa capacit\u00e9 \u00e0 exister et se d\u00e9placer dans cet espace.<\/p>\n\n\n\n<p>Les collages se font dans la rue pour obliger les gens \u00e0 le voir : ce n\u2019est pas comme une publication en ligne, sur les r\u00e9seaux sociaux, qui sera restreinte \u00e0 un certain entre soi militant. <strong>Dans la rue, c\u2019est tout un chacun qui se retrouve interpell\u00e9. <\/strong>Oui les collages sont vite arrach\u00e9s, leur dur\u00e9e de vie est courte, mais tant qu\u2019ils sont affich\u00e9s, ils touchent une large audience.<\/p>\n\n\n\n<p>A l\u2019origine du mouvement, le contenu des phrases coll\u00e9es portait sur les <strong>f\u00e9minicides<\/strong>, mais il s\u2019est depuis ouvert et peut porter sur une grande vari\u00e9t\u00e9 de th\u00e9matiques. Luce nous parle d\u2019un collage r\u00e9cent qui \u00e9voquait le <strong>traitement des victimes de viol dans la machine judiciaire<\/strong>, les longueurs de proc\u00e9dures et le manque de moyens rajoutant une deuxi\u00e8me violence \u00e0 endurer pour ces victimes. Les collages peuvent aussi se faire en lien avec l\u2019actualit\u00e9 : des projets de loi, des injustices, des d\u00e9bats ayant lieu dans les m\u00e9dias.<\/p>\n\n\n\n<p>Apr\u00e8s ces explications nous discutons entre nous de <strong>notre exp\u00e9rience des collages<\/strong>, vus l\u00e0 o\u00f9 nous vivons. Une de nous explique avoir crois\u00e9 un jour le collage \u00ab&nbsp;Papa a tu\u00e9 Maman&nbsp;\u00bb alors qu\u2019elle \u00e9tait en ville avec son fils de neuf ans, elle s\u2019est senti en col\u00e8re et pi\u00e9g\u00e9e par celleux qui avait affich\u00e9 ce message. Elle dit que la ville et l\u2019espace public contiennent d\u00e9j\u00e0 \u00e9norm\u00e9ment de violences visibles et perceptibles par les enfants, et qu\u2019elle n\u2019a pas envie qu\u2019en plus, son fils re\u00e7oive ce type de message, de devoir lui expliquer le pourquoi d\u2019un tel collage. On discute entre nous aussi de cette question de la violence : est-ce qu\u2019au fond elle se trouve dans le message, ou est-ce que la violence r\u00e9side dans les actes sexistes dont on est victime, et dont on t\u00e9moigne ? On se pose \u00e9galement la question de la pertinence des collages selon le lieu : est ce que \u00e7a a du sens dans un lieu o\u00f9 on n\u2019habite pas, o\u00f9 on est seulement de passage ? Est-ce qu\u2019on peut coller en milieu rural comme on colle en ville ?<\/p>\n\n\n\n<p>Apr\u00e8s ces questionnements nous discutons de th\u00e8mes possibles : une de nous soul\u00e8ve un point qui nous touche particuli\u00e8rement comme participantes de ce voyage \u00e0 v\u00e9lo : le fait que <strong>les femmes n\u2019ont pu acc\u00e9der au statut de professionnelles dans le cyclisme qu\u2019en 2021 en France ! <\/strong>Toujours autour du v\u00e9lo, est propos\u00e9 le slogan du MLF (<em>mouvement de lib\u00e9ration des femmes<\/em>) : \u00ab&nbsp;une femme a autant besoin d\u2019un homme qu\u2019un poisson rouge d\u2019une bicyclette&nbsp;\u00bb. De mani\u00e8re moins l\u00e9g\u00e8re, on \u00e9voque ensuite les chiffres li\u00e9s \u00e0 la p\u00e9docriminalit\u00e9 puis les effets de la domination patriarcale sur diff\u00e9rents domaines : la r\u00e9partition des t\u00e2ches au quotidien, l\u2019acc\u00e8s aux terres, aux ressources et \u00e0 la reconnaissance dans les milieux agricoles ou la parit\u00e9 dans diff\u00e9rents corps de m\u00e9tiers.<\/p>\n\n\n\n<p>Au final, au cours du d\u00e9jeuner sortira comme une fulgurance ce jeu de mots qui aura l\u2019approbation de toutes : \u00ab&nbsp;IL SE SENT S\u00dbR. ELLE SE CENSURE \u00bb, m\u00eame si en bonnes citoyennes respectueuses de la l\u00e9galit\u00e9 que nous sommes, nous n\u2019irons le placarder sur aucun mur.<\/p>\n\n\n\n<p class=\"has-medium-font-size\"><strong>La recyclerie Ribine<\/strong><\/p>\n\n\n\n<p>La recyclerie est install\u00e9e ici en pays de Daoulas depuis 5 ans. Elle r\u00e9unit trois&nbsp;salari\u00e9\u00b7es \u00e0 plein temps, autant de jeunes en service civique et une trentaine de b\u00e9n\u00e9voles qui se partagent les missions de tri des dons, d\u2019accueil, de vente et tout l\u2019aspect administratif. Nous avons \u00e9t\u00e9 t\u00e9moins de leur popularit\u00e9, d\u00e8s 14 heures ce mercredi, le ballet des voitures s\u2019encha\u00eene sur le parking et les visiteureuses viennent d\u00e9poser les objets dont iels n\u2019ont plus usage, et chercher de nouveaux <strong>tr\u00e9sors<\/strong>. Nous avons aussi eu l\u2019occasion de fouiner dans leurs all\u00e9es et chacune a pu faire de sacr\u00e9es <strong>trouvailles<\/strong> : un \u00e9norme gorille en peluche qui nous tient compagnie lorsqu\u2019on bavarde sur les canap\u00e9s, un tupperware pour emporter notre pique-nique, un livre de contes, un petit sac \u00e0 dos, des polaires, bonnets, collants et autres vestons en fourrure pour affronter la fraiche nuit bretonne&#8230; encore heureux qu\u2019on n\u2019aie que l\u2019espace de nos sacoches sinon on les aurait d\u00e9valis\u00e9 !<\/p>\n\n\n\n<p>C\u2019est une recyclerie classique : <strong>iels r\u00e9coltent des objets donn\u00e9s, les trient, les r\u00e9parent dans la mesure du possible et les vendent<\/strong>. En plus de la r\u00e9cup\u2019, des ateliers sont propos\u00e9s: r\u00e9paration v\u00e9lo, transformation d\u2019objets en luminaire, couture, cuisine&#8230; c\u2019est selon les propositions et envies des&nbsp;participant\u00b7es.<\/p>\n\n\n\n<p>L\u2019association ambitionne de trouver de nouveaux locaux plus vastes et de devenir un espace de vie social agr\u00e9\u00e9 par la CAF du Finist\u00e8re pour proposer plus d\u2019animations et toucher un plus large public.<\/p>\n\n\n\n<p class=\"has-medium-font-size\"><strong>Les p\u2019tites graines<\/strong><\/p>\n\n\n\n<figure class=\"wp-block-image size-large\"><a href=\"https:\/\/www.altercampagne.net\/wp-content\/uploads\/2021\/09\/C6E313CA-742E-4690-9602-5F036BDF2CC1.jpeg\"><img loading=\"lazy\" decoding=\"async\" width=\"1024\" height=\"683\" src=\"https:\/\/www.altercampagne.net\/wp-content\/uploads\/2021\/09\/C6E313CA-742E-4690-9602-5F036BDF2CC1-1024x683.jpeg\" alt=\"\" class=\"wp-image-23243\" srcset=\"https:\/\/www.altercampagne.net\/wp-content\/uploads\/2021\/09\/C6E313CA-742E-4690-9602-5F036BDF2CC1-1024x683.jpeg 1024w, https:\/\/www.altercampagne.net\/wp-content\/uploads\/2021\/09\/C6E313CA-742E-4690-9602-5F036BDF2CC1-300x200.jpeg 300w, https:\/\/www.altercampagne.net\/wp-content\/uploads\/2021\/09\/C6E313CA-742E-4690-9602-5F036BDF2CC1-768x512.jpeg 768w, https:\/\/www.altercampagne.net\/wp-content\/uploads\/2021\/09\/C6E313CA-742E-4690-9602-5F036BDF2CC1-1536x1024.jpeg 1536w, https:\/\/www.altercampagne.net\/wp-content\/uploads\/2021\/09\/C6E313CA-742E-4690-9602-5F036BDF2CC1-610x407.jpeg 610w, https:\/\/www.altercampagne.net\/wp-content\/uploads\/2021\/09\/C6E313CA-742E-4690-9602-5F036BDF2CC1-100x67.jpeg 100w, https:\/\/www.altercampagne.net\/wp-content\/uploads\/2021\/09\/C6E313CA-742E-4690-9602-5F036BDF2CC1-862x575.jpeg 862w, https:\/\/www.altercampagne.net\/wp-content\/uploads\/2021\/09\/C6E313CA-742E-4690-9602-5F036BDF2CC1-1140x760.jpeg 1140w, https:\/\/www.altercampagne.net\/wp-content\/uploads\/2021\/09\/C6E313CA-742E-4690-9602-5F036BDF2CC1.jpeg 2048w\" sizes=\"auto, (max-width: 1024px) 100vw, 1024px\" \/><\/a><\/figure>\n\n\n\n<p>Christelle s\u2019est lanc\u00e9e sur la route dans son camion il y a deux ans. Agricultrice, elle vendait sa production sur les march\u00e9s et avait constat\u00e9 <strong>l\u2019absence d\u2019offre en sec pour compl\u00e9menter les produits frais<\/strong> propos\u00e9s sur ces lieux. Au moment o\u00f9 elle cherchait \u00e0 se r\u00e9orienter, elle s\u2019est lanc\u00e9 pour combler ce vide. La commer\u00e7ante n\u2019est pas la seule \u00e0 avoir per\u00e7u l\u00e0 un besoin \u00e0 combler, de nombreuses initiatives similaires sont apparues dans d\u2019autres villes \u00e0 travers la France.<\/p>\n\n\n\n<p>Christelle admet que le d\u00e9marrage de son activit\u00e9 a \u00e9t\u00e9 dur : jusqu\u2019\u00e0 70 heures de travail hebdomadaire la premi\u00e8re ann\u00e9e sans pouvoir se sortir un salaire. Mais elle relativise : venant du milieu agricole, elle travaillait encore plus avant sa reconversion et maintenant que son activit\u00e9 est bien lanc\u00e9e, elle se d\u00e9gage un SMIC et a pu engager une employ\u00e9e \u00e0 temps plein. Les deux femmes circulent sur les march\u00e9s de producteurs et de plein air et r\u00e9pondent \u00e0 des commandes en ligne.<\/p>\n\n\n\n<p>Son \u00e9talage est all\u00e9chant ! L\u2019organisation rappelle un peu, les altercyclistes auront la r\u00e9f\u00e9rence, celle de l\u2019Iveco, o\u00f9 <strong>les \u00e9tag\u00e8res sont pr\u00e9vues pour pouvoir supporter leur charge de nourriture, et surtout, pour que rien ne tombe ou ne se casse lorsque le camion est en route !<\/strong> Des bocaux en verre et des casiers en plexiglas de toute taille sont fix\u00e9s au mur du fond et \u00e0 l\u2019\u00e9tal qui s\u2019ouvre sur le c\u00f4t\u00e9. Il y a des bouteilles de bi\u00e8re locale aux belles \u00e9tiquettes, toutes sortes de th\u00e9, de l\u00e9gumineuses et de c\u00e9r\u00e9ales. Mille gourmandises nous tentent : pommes, ananas ou bananes s\u00e9ch\u00e9es, gingembre confit ou enrob\u00e9 de chocolat, caramel au beurre sal\u00e9, guimauve, chocolat en palets ou tablette. Aussi parfum\u00e9s mais non comestibles, dans une boite en bois est pr\u00e9sent\u00e9e une s\u00e9lection de savons et shampooing en barre de la marque Be Cosmetics, savonnerie artisanale dans les Monts d\u2019Arr\u00e9es.<\/p>\n\n\n\n<p class=\"has-medium-font-size\"><strong>Vue \u00e9clat\u00e9e avec les Portes Logiques<\/strong><\/p>\n\n\n\n<figure class=\"wp-block-image size-large\"><a href=\"https:\/\/www.altercampagne.net\/wp-content\/uploads\/2021\/09\/F6363048-7EA9-4210-A515-490365A6AC3C.jpeg\"><img loading=\"lazy\" decoding=\"async\" width=\"1024\" height=\"768\" src=\"https:\/\/www.altercampagne.net\/wp-content\/uploads\/2021\/09\/F6363048-7EA9-4210-A515-490365A6AC3C.jpeg\" alt=\"\" class=\"wp-image-23242\" srcset=\"https:\/\/www.altercampagne.net\/wp-content\/uploads\/2021\/09\/F6363048-7EA9-4210-A515-490365A6AC3C.jpeg 1024w, https:\/\/www.altercampagne.net\/wp-content\/uploads\/2021\/09\/F6363048-7EA9-4210-A515-490365A6AC3C-300x225.jpeg 300w, https:\/\/www.altercampagne.net\/wp-content\/uploads\/2021\/09\/F6363048-7EA9-4210-A515-490365A6AC3C-768x576.jpeg 768w, https:\/\/www.altercampagne.net\/wp-content\/uploads\/2021\/09\/F6363048-7EA9-4210-A515-490365A6AC3C-610x458.jpeg 610w, https:\/\/www.altercampagne.net\/wp-content\/uploads\/2021\/09\/F6363048-7EA9-4210-A515-490365A6AC3C-100x75.jpeg 100w, https:\/\/www.altercampagne.net\/wp-content\/uploads\/2021\/09\/F6363048-7EA9-4210-A515-490365A6AC3C-862x647.jpeg 862w\" sizes=\"auto, (max-width: 1024px) 100vw, 1024px\" \/><\/a><\/figure>\n\n\n\n<p>A l\u2019atelier de d\u00e9montage, nous attendent sur la table des PC, scanners, unit\u00e9s centrales, disques dure, des \u00e9crans&#8230; ainsi qu\u2019une foule de tournevis de toutes tailles. Tout ce mat\u00e9riel est hors d\u2019usage, pour que nous n\u2019ayons pas, en d\u00e9montant, peur de devoir tout pr\u00e9server soigneusement pour le remonter ensuite. <strong>Le but est l\u2019exploration, l\u2019essai, prendre les outils en main et d\u00e9mystifier ces machines.<\/strong><\/p>\n\n\n\n<p>Laure nous explique que les composants de ce mat\u00e9riel informatique peuvent \u00eatre r\u00e9cup\u00e9r\u00e9s pour \u00eatre r\u00e9utilis\u00e9s dans d\u2019autres projets. Aimants, boutons, miroirs, hauts-parleurs, ventilateurs, petit moteur&#8230; <strong>autant de pi\u00e8ces d\u00e9tach\u00e9es qui pourront resservir dans un projet futur<\/strong>. Pour construire peut-\u00eatre une table de dessin lumineuse ou la porte automatique d\u2019un poulailler : la seule limite pour ce recyclage est celle de notre imagination. Il y a quand m\u00eame des h\u00e9sitations dans notre groupe : pour savoir quelles pi\u00e8ces d\u00e9monter et en quoi les transformer, il faut avoir accumul\u00e9 une certaine connaissance technique. Ces appareils high-tech sont tr\u00e8s compacts et dans ce labyrinthe de pi\u00e8ces, il est difficile d\u2019identifier ce que sont les composants et quel est leur usage.<\/p>\n\n\n\n<p>Avant de nous lancer \u00e0 l\u2019assaut des machines, Laure nous parle de <strong>la rencontre des th\u00e9matiques num\u00e9riques et f\u00e9ministes<\/strong>. Il y a d\u00e9j\u00e0 la question de l\u2019acc\u00e8s \u00e0 des ateliers en non mixit\u00e9, pour aider les femmes \u00e0 \u00eatre actives dans les espaces li\u00e9s aux ordinateurs et au num\u00e9rique, bien qu\u2019elles aient \u00e9t\u00e9 sociabilis\u00e9es comme n\u2019y ayant pas leur place. Se pose aussi la question de la place des femmes en ligne. Elle nous montre un article de la revue Panth\u00e8re premi\u00e8re (disponible en ligne ici&nbsp;<a href=\"https:\/\/pantherepremiere.org\/texte\/pas-dinternet-feministe-sans-serveurs-feministes\/\" target=\"_blank\" rel=\"noreferrer noopener\">https:\/\/pantherepremiere.org\/texte\/pas-dinternet-feministe-sans-serveurs-feministes\/<\/a>) qui d\u00e9crit <strong>la probl\u00e9matique des serveurs et de la possible censure de contenu sensible, notamment f\u00e9ministe, par les h\u00e9bergeurs<\/strong>. Laure \u00e9voque aussi la plateforme collaborative Wikipedia qui est loin d\u2019\u00eatre paritaire, tant au niveau de ceux et celles qui contribuent \u00e0 l\u2019alimenter,que celles et ceux \u00e0 qui des pages sont d\u00e9di\u00e9es.<\/p>\n\n\n\n<p>Avant de nous mettre \u00e0 l\u2019ouvrage, notre animatrice nous encourage : il faut laisser de c\u00f4t\u00e9 la peur de casser et se dire qu\u2019en informatique ce qui compte ce n\u2019est pas de tout savoir. Dans les technologies et sur le net, tout bouge tout le temps alors ce qui compte c\u2019est d\u2019\u00eatre capable de suivre une m\u00e9thode et de savoir chercher l\u2019information. Le secret, c\u2019est d\u2019apprendre \u00e0 apprendre ! De nombreuses ressources existent dans le num\u00e9rique libre, pour documenter, diffuser et partager l\u2019information et la rendre accessible. Par exemple le site&nbsp;<a href=\"https:\/\/fr.ifixit.com\/\" target=\"_blank\" rel=\"noreferrer noopener\">https:\/\/fr.ifixit.com\/<\/a>donne acc\u00e8s \u00e0 des tutoriels de r\u00e9paration et celui de&nbsp;<a href=\"https:\/\/www.instructables.com\/\" target=\"_blank\" rel=\"noreferrer noopener\">https:\/\/www.instructables.com\/<\/a>&nbsp;propose des mod\u00e8les de cr\u00e9ation d\u2019objet.<\/p>\n\n\n\n<p>Apr\u00e8s un long moment de bidouille, de d\u00e9vissage les mains dans les carcasses m\u00e9talliques, on n\u2019a pas l\u2019impression d\u2019avoir v\u00e9cu une r\u00e9v\u00e9lation technologique parce qu\u2019en d\u00e9butantes, on n\u2019a pas trop id\u00e9es de ce que sont la moiti\u00e9 des particules d\u00e9mantel\u00e9es, ni de ce qu\u2019on pourrait fabriquer avec&#8230; mais c\u2019est d\u00e9j\u00e0 un petit pas pour s\u2019approprier les outils et se dire qu\u2019on est capable de bricoler !<\/p>\n\n\n\n<figure class=\"wp-block-image size-large\"><a href=\"https:\/\/www.altercampagne.net\/wp-content\/uploads\/2021\/09\/P1150589.jpg\"><img loading=\"lazy\" decoding=\"async\" width=\"1024\" height=\"768\" src=\"https:\/\/www.altercampagne.net\/wp-content\/uploads\/2021\/09\/P1150589-1024x768.jpg\" alt=\"\" class=\"wp-image-23244\" srcset=\"https:\/\/www.altercampagne.net\/wp-content\/uploads\/2021\/09\/P1150589-1024x768.jpg 1024w, https:\/\/www.altercampagne.net\/wp-content\/uploads\/2021\/09\/P1150589-300x225.jpg 300w, https:\/\/www.altercampagne.net\/wp-content\/uploads\/2021\/09\/P1150589-768x576.jpg 768w, https:\/\/www.altercampagne.net\/wp-content\/uploads\/2021\/09\/P1150589-1536x1152.jpg 1536w, https:\/\/www.altercampagne.net\/wp-content\/uploads\/2021\/09\/P1150589-2048x1536.jpg 2048w, https:\/\/www.altercampagne.net\/wp-content\/uploads\/2021\/09\/P1150589-610x458.jpg 610w, https:\/\/www.altercampagne.net\/wp-content\/uploads\/2021\/09\/P1150589-100x75.jpg 100w, https:\/\/www.altercampagne.net\/wp-content\/uploads\/2021\/09\/P1150589-862x647.jpg 862w, https:\/\/www.altercampagne.net\/wp-content\/uploads\/2021\/09\/P1150589-1140x855.jpg 1140w\" sizes=\"auto, (max-width: 1024px) 100vw, 1024px\" \/><\/a><\/figure>\n\n\n\n<p>*Un <strong><em>d\u00e9bat mouvant <\/em><\/strong>est un moyen d\u2019organiser une discussion dans l\u2019espace : l\u2019animateurice propose des affirmations volontairement clivantes, les&nbsp;participant\u00b7es se placent dans l\u2019espace (par exemple \u00e0 gauche si on est tr\u00e8s d\u2019accord, \u00e0 droite si on ne l\u2019est pas du tout). Iels sont ensuite invit\u00e9\u00b7es \u00e0 expliquer leur positionnement, il est possible de se d\u00e9placer si on est convaincu par les arguments des autres.<\/p>\n\n\n\n<p>*Le <strong><em>slip chauffant<\/em><\/strong>, aussi connu sous le doux nom de remonte-couilles toulousain, est une m\u00e9thode de contraception masculine, si votre curiosit\u00e9 est piqu\u00e9e, le tr\u00e8s cool <a href=\"https:\/\/www.bobika.cool\/le-coeur-des-zobs-episode-2-p1\">blog dessin\u00e9<\/a> de Bobika d\u00e9veloppe bien le sujet.<\/p>\n\n\n\n<p>*Faire des ateliers <strong><em>en non mixit\u00e9<\/em><\/strong>, c\u2019est \u00e0 dire uniquement entre femmes, nous explique Laure, est pertinent dans les fab-lab (<em>lieu ouvert au public o\u00f9 sont mis \u00e0 disposition toutes sortes d&rsquo;outils, notamment des machines-outils pilot\u00e9es par ordinateur, pour la conception et la r\u00e9alisation d&rsquo;objets<\/em>). En effet, il peut \u00eatre dur pour un public f\u00e9minin, peu encourag\u00e9 d\u2019habitude \u00e0 s\u2019investir dans ce domaine, d\u2019y avoir acc\u00e8s et de s\u2019y sentir \u00e0 l\u2019aise pour faire. Le but est d\u2019avoir l\u2019opportunit\u00e9 d\u2019abord de s\u2019essayer au d\u00e9montage sans l\u2019intervention d\u2019hommes qui \u00ab sauraient mieux \u00bb ou qui feraient \u00e0 la place de, pour pouvoir ensuite se sentir en confiance pour bricoler et aller dans des espaces de fabrication ouverts \u00e0 toustes.&nbsp;<\/p>\n","protected":false},"excerpt":{"rendered":"<p>Un programme charg\u00e9 ! Mercredi matin avec Marine Bruneau, dite Luce, qui a l\u2019habitude d\u2019animer des ateliers et formations sur l\u2019\u00e9galit\u00e9 hommes-femmes, notamment en entreprise, nous parlons de collages f\u00e9ministes. Nous la retrouverons le soir pour un d\u00e9bat mouvant* sur la sororit\u00e9. A midi, nos&nbsp;accueillant\u00b7es, les salari\u00e9\u00b7es et b\u00e9n\u00e9voles de &#8230; <\/p>\n<div><a href=\"https:\/\/www.altercampagne.net\/?p=23239\" class=\"more-link\">Read More<\/a><\/div>\n","protected":false},"author":361,"featured_media":23241,"comment_status":"closed","ping_status":"closed","sticky":false,"template":"","format":"standard","meta":{"footnotes":""},"categories":[3489,3472,3231,4198,3484,3938],"tags":[2568,4346,4347,4348,4349,4350,4351],"class_list":["post-23239","post","type-post","status-publish","format-standard","has-post-thumbnail","hentry","category-alimentation","category-bretagne","category-echappee-belle","category-edition-2021","category-economie","category-education","tag-irvillac","tag-recyclerie-ribine","tag-les-ptites-graines","tag-les-portes-logiques","tag-thomas-boulou","tag-marine-bruneau","tag-bistrot-du-trehou"],"yoast_head":"<!-- This site is optimized with the Yoast SEO plugin v27.3 - https:\/\/yoast.com\/product\/yoast-seo-wordpress\/ -->\n<title>24 heures \u00e0 l\u2019\u00e9chapp\u00e9e belle f\u00e9ministe \u00e7a fuse dans tous les sens ! - AlterTour<\/title>\n<meta name=\"robots\" content=\"index, follow, max-snippet:-1, max-image-preview:large, max-video-preview:-1\" \/>\n<link rel=\"canonical\" href=\"https:\/\/www.altercampagne.net\/?p=23239\" \/>\n<meta property=\"og:locale\" content=\"fr_FR\" \/>\n<meta property=\"og:type\" content=\"article\" \/>\n<meta property=\"og:title\" content=\"24 heures \u00e0 l\u2019\u00e9chapp\u00e9e belle f\u00e9ministe \u00e7a fuse dans tous les sens ! - AlterTour\" \/>\n<meta property=\"og:description\" content=\"Un programme charg\u00e9 ! Mercredi matin avec Marine Bruneau, dite Luce, qui a l\u2019habitude d\u2019animer des ateliers et formations sur l\u2019\u00e9galit\u00e9 hommes-femmes, notamment en entreprise, nous parlons de collages f\u00e9ministes. Nous la retrouverons le soir pour un d\u00e9bat mouvant* sur la sororit\u00e9. A midi, nos&nbsp;accueillant\u00b7es, les salari\u00e9\u00b7es et b\u00e9n\u00e9voles de ... Read More\" \/>\n<meta property=\"og:url\" content=\"https:\/\/www.altercampagne.net\/?p=23239\" \/>\n<meta property=\"og:site_name\" content=\"AlterTour\" \/>\n<meta property=\"article:published_time\" content=\"2021-09-28T20:03:36+00:00\" \/>\n<meta property=\"article:modified_time\" content=\"2021-09-28T20:03:38+00:00\" \/>\n<meta property=\"og:image\" content=\"https:\/\/www.altercampagne.net\/wp-content\/uploads\/2021\/09\/0B80E518-4BF4-4A9C-88ED-D48CC2A413AE.jpeg\" \/>\n\t<meta property=\"og:image:width\" content=\"1024\" \/>\n\t<meta property=\"og:image:height\" content=\"735\" \/>\n\t<meta property=\"og:image:type\" content=\"image\/jpeg\" \/>\n<meta name=\"author\" content=\"Pauline\" \/>\n<meta name=\"twitter:card\" content=\"summary_large_image\" \/>\n<meta name=\"twitter:label1\" content=\"\u00c9crit par\" \/>\n\t<meta name=\"twitter:data1\" content=\"Pauline\" \/>\n\t<meta name=\"twitter:label2\" content=\"Dur\u00e9e de lecture estim\u00e9e\" \/>\n\t<meta name=\"twitter:data2\" content=\"10 minutes\" \/>\n<script type=\"application\/ld+json\" class=\"yoast-schema-graph\">{\"@context\":\"https:\\\/\\\/schema.org\",\"@graph\":[{\"@type\":\"Article\",\"@id\":\"https:\\\/\\\/www.altercampagne.net\\\/?p=23239#article\",\"isPartOf\":{\"@id\":\"https:\\\/\\\/www.altercampagne.net\\\/?p=23239\"},\"author\":{\"name\":\"Pauline\",\"@id\":\"https:\\\/\\\/www.altercampagne.net\\\/#\\\/schema\\\/person\\\/caf30ed73e072285b8f761300370ddb5\"},\"headline\":\"24 heures \u00e0 l\u2019\u00e9chapp\u00e9e belle f\u00e9ministe \u00e7a fuse dans tous les sens !\",\"datePublished\":\"2021-09-28T20:03:36+00:00\",\"dateModified\":\"2021-09-28T20:03:38+00:00\",\"mainEntityOfPage\":{\"@id\":\"https:\\\/\\\/www.altercampagne.net\\\/?p=23239\"},\"wordCount\":2383,\"image\":{\"@id\":\"https:\\\/\\\/www.altercampagne.net\\\/?p=23239#primaryimage\"},\"thumbnailUrl\":\"https:\\\/\\\/www.altercampagne.net\\\/wp-content\\\/uploads\\\/2021\\\/09\\\/0B80E518-4BF4-4A9C-88ED-D48CC2A413AE.jpeg\",\"keywords\":[\"Irvillac\",\"Recyclerie Ribine\",\"Les p\u2019tites graines\",\"Les portes Logiques\",\"Thomas Boulou\",\"Marine Bruneau\",\"Bistrot du Tr\u00e9hou\"],\"articleSection\":[\"Alimentation\",\"Bretagne\",\"Echapp\u00e9e Belle\",\"Edition 2021\",\"\u00c9conomie\",\"Education\"],\"inLanguage\":\"fr-FR\"},{\"@type\":\"WebPage\",\"@id\":\"https:\\\/\\\/www.altercampagne.net\\\/?p=23239\",\"url\":\"https:\\\/\\\/www.altercampagne.net\\\/?p=23239\",\"name\":\"24 heures \u00e0 l\u2019\u00e9chapp\u00e9e belle f\u00e9ministe \u00e7a fuse dans tous les sens ! - AlterTour\",\"isPartOf\":{\"@id\":\"https:\\\/\\\/www.altercampagne.net\\\/#website\"},\"primaryImageOfPage\":{\"@id\":\"https:\\\/\\\/www.altercampagne.net\\\/?p=23239#primaryimage\"},\"image\":{\"@id\":\"https:\\\/\\\/www.altercampagne.net\\\/?p=23239#primaryimage\"},\"thumbnailUrl\":\"https:\\\/\\\/www.altercampagne.net\\\/wp-content\\\/uploads\\\/2021\\\/09\\\/0B80E518-4BF4-4A9C-88ED-D48CC2A413AE.jpeg\",\"datePublished\":\"2021-09-28T20:03:36+00:00\",\"dateModified\":\"2021-09-28T20:03:38+00:00\",\"author\":{\"@id\":\"https:\\\/\\\/www.altercampagne.net\\\/#\\\/schema\\\/person\\\/caf30ed73e072285b8f761300370ddb5\"},\"breadcrumb\":{\"@id\":\"https:\\\/\\\/www.altercampagne.net\\\/?p=23239#breadcrumb\"},\"inLanguage\":\"fr-FR\",\"potentialAction\":[{\"@type\":\"ReadAction\",\"target\":[\"https:\\\/\\\/www.altercampagne.net\\\/?p=23239\"]}]},{\"@type\":\"ImageObject\",\"inLanguage\":\"fr-FR\",\"@id\":\"https:\\\/\\\/www.altercampagne.net\\\/?p=23239#primaryimage\",\"url\":\"https:\\\/\\\/www.altercampagne.net\\\/wp-content\\\/uploads\\\/2021\\\/09\\\/0B80E518-4BF4-4A9C-88ED-D48CC2A413AE.jpeg\",\"contentUrl\":\"https:\\\/\\\/www.altercampagne.net\\\/wp-content\\\/uploads\\\/2021\\\/09\\\/0B80E518-4BF4-4A9C-88ED-D48CC2A413AE.jpeg\",\"width\":1024,\"height\":735},{\"@type\":\"BreadcrumbList\",\"@id\":\"https:\\\/\\\/www.altercampagne.net\\\/?p=23239#breadcrumb\",\"itemListElement\":[{\"@type\":\"ListItem\",\"position\":1,\"name\":\"Accueil\",\"item\":\"https:\\\/\\\/www.altercampagne.net\\\/\"},{\"@type\":\"ListItem\",\"position\":2,\"name\":\"24 heures \u00e0 l\u2019\u00e9chapp\u00e9e belle f\u00e9ministe \u00e7a fuse dans tous les sens !\"}]},{\"@type\":\"WebSite\",\"@id\":\"https:\\\/\\\/www.altercampagne.net\\\/#website\",\"url\":\"https:\\\/\\\/www.altercampagne.net\\\/\",\"name\":\"AlterTour\",\"description\":\"Reliez les Alternatives \u00e0 v\u00e9lo\",\"potentialAction\":[{\"@type\":\"SearchAction\",\"target\":{\"@type\":\"EntryPoint\",\"urlTemplate\":\"https:\\\/\\\/www.altercampagne.net\\\/?s={search_term_string}\"},\"query-input\":{\"@type\":\"PropertyValueSpecification\",\"valueRequired\":true,\"valueName\":\"search_term_string\"}}],\"inLanguage\":\"fr-FR\"},{\"@type\":\"Person\",\"@id\":\"https:\\\/\\\/www.altercampagne.net\\\/#\\\/schema\\\/person\\\/caf30ed73e072285b8f761300370ddb5\",\"name\":\"Pauline\",\"image\":{\"@type\":\"ImageObject\",\"inLanguage\":\"fr-FR\",\"@id\":\"https:\\\/\\\/secure.gravatar.com\\\/avatar\\\/f84b78638c34b3d6ac7339a8ef00413d11da3b09ee578a762504104ff060cde7?s=96&d=mm&r=g\",\"url\":\"https:\\\/\\\/secure.gravatar.com\\\/avatar\\\/f84b78638c34b3d6ac7339a8ef00413d11da3b09ee578a762504104ff060cde7?s=96&d=mm&r=g\",\"contentUrl\":\"https:\\\/\\\/secure.gravatar.com\\\/avatar\\\/f84b78638c34b3d6ac7339a8ef00413d11da3b09ee578a762504104ff060cde7?s=96&d=mm&r=g\",\"caption\":\"Pauline\"},\"url\":\"https:\\\/\\\/www.altercampagne.net\\\/?author=361\"}]}<\/script>\n<!-- \/ Yoast SEO plugin. -->","yoast_head_json":{"title":"24 heures \u00e0 l\u2019\u00e9chapp\u00e9e belle f\u00e9ministe \u00e7a fuse dans tous les sens ! - AlterTour","robots":{"index":"index","follow":"follow","max-snippet":"max-snippet:-1","max-image-preview":"max-image-preview:large","max-video-preview":"max-video-preview:-1"},"canonical":"https:\/\/www.altercampagne.net\/?p=23239","og_locale":"fr_FR","og_type":"article","og_title":"24 heures \u00e0 l\u2019\u00e9chapp\u00e9e belle f\u00e9ministe \u00e7a fuse dans tous les sens ! - AlterTour","og_description":"Un programme charg\u00e9 ! Mercredi matin avec Marine Bruneau, dite Luce, qui a l\u2019habitude d\u2019animer des ateliers et formations sur l\u2019\u00e9galit\u00e9 hommes-femmes, notamment en entreprise, nous parlons de collages f\u00e9ministes. Nous la retrouverons le soir pour un d\u00e9bat mouvant* sur la sororit\u00e9. A midi, nos&nbsp;accueillant\u00b7es, les salari\u00e9\u00b7es et b\u00e9n\u00e9voles de ... Read More","og_url":"https:\/\/www.altercampagne.net\/?p=23239","og_site_name":"AlterTour","article_published_time":"2021-09-28T20:03:36+00:00","article_modified_time":"2021-09-28T20:03:38+00:00","og_image":[{"width":1024,"height":735,"url":"https:\/\/www.altercampagne.net\/wp-content\/uploads\/2021\/09\/0B80E518-4BF4-4A9C-88ED-D48CC2A413AE.jpeg","type":"image\/jpeg"}],"author":"Pauline","twitter_card":"summary_large_image","twitter_misc":{"\u00c9crit par":"Pauline","Dur\u00e9e de lecture estim\u00e9e":"10 minutes"},"schema":{"@context":"https:\/\/schema.org","@graph":[{"@type":"Article","@id":"https:\/\/www.altercampagne.net\/?p=23239#article","isPartOf":{"@id":"https:\/\/www.altercampagne.net\/?p=23239"},"author":{"name":"Pauline","@id":"https:\/\/www.altercampagne.net\/#\/schema\/person\/caf30ed73e072285b8f761300370ddb5"},"headline":"24 heures \u00e0 l\u2019\u00e9chapp\u00e9e belle f\u00e9ministe \u00e7a fuse dans tous les sens !","datePublished":"2021-09-28T20:03:36+00:00","dateModified":"2021-09-28T20:03:38+00:00","mainEntityOfPage":{"@id":"https:\/\/www.altercampagne.net\/?p=23239"},"wordCount":2383,"image":{"@id":"https:\/\/www.altercampagne.net\/?p=23239#primaryimage"},"thumbnailUrl":"https:\/\/www.altercampagne.net\/wp-content\/uploads\/2021\/09\/0B80E518-4BF4-4A9C-88ED-D48CC2A413AE.jpeg","keywords":["Irvillac","Recyclerie Ribine","Les p\u2019tites graines","Les portes Logiques","Thomas Boulou","Marine Bruneau","Bistrot du Tr\u00e9hou"],"articleSection":["Alimentation","Bretagne","Echapp\u00e9e Belle","Edition 2021","\u00c9conomie","Education"],"inLanguage":"fr-FR"},{"@type":"WebPage","@id":"https:\/\/www.altercampagne.net\/?p=23239","url":"https:\/\/www.altercampagne.net\/?p=23239","name":"24 heures \u00e0 l\u2019\u00e9chapp\u00e9e belle f\u00e9ministe \u00e7a fuse dans tous les sens ! - AlterTour","isPartOf":{"@id":"https:\/\/www.altercampagne.net\/#website"},"primaryImageOfPage":{"@id":"https:\/\/www.altercampagne.net\/?p=23239#primaryimage"},"image":{"@id":"https:\/\/www.altercampagne.net\/?p=23239#primaryimage"},"thumbnailUrl":"https:\/\/www.altercampagne.net\/wp-content\/uploads\/2021\/09\/0B80E518-4BF4-4A9C-88ED-D48CC2A413AE.jpeg","datePublished":"2021-09-28T20:03:36+00:00","dateModified":"2021-09-28T20:03:38+00:00","author":{"@id":"https:\/\/www.altercampagne.net\/#\/schema\/person\/caf30ed73e072285b8f761300370ddb5"},"breadcrumb":{"@id":"https:\/\/www.altercampagne.net\/?p=23239#breadcrumb"},"inLanguage":"fr-FR","potentialAction":[{"@type":"ReadAction","target":["https:\/\/www.altercampagne.net\/?p=23239"]}]},{"@type":"ImageObject","inLanguage":"fr-FR","@id":"https:\/\/www.altercampagne.net\/?p=23239#primaryimage","url":"https:\/\/www.altercampagne.net\/wp-content\/uploads\/2021\/09\/0B80E518-4BF4-4A9C-88ED-D48CC2A413AE.jpeg","contentUrl":"https:\/\/www.altercampagne.net\/wp-content\/uploads\/2021\/09\/0B80E518-4BF4-4A9C-88ED-D48CC2A413AE.jpeg","width":1024,"height":735},{"@type":"BreadcrumbList","@id":"https:\/\/www.altercampagne.net\/?p=23239#breadcrumb","itemListElement":[{"@type":"ListItem","position":1,"name":"Accueil","item":"https:\/\/www.altercampagne.net\/"},{"@type":"ListItem","position":2,"name":"24 heures \u00e0 l\u2019\u00e9chapp\u00e9e belle f\u00e9ministe \u00e7a fuse dans tous les sens !"}]},{"@type":"WebSite","@id":"https:\/\/www.altercampagne.net\/#website","url":"https:\/\/www.altercampagne.net\/","name":"AlterTour","description":"Reliez les Alternatives \u00e0 v\u00e9lo","potentialAction":[{"@type":"SearchAction","target":{"@type":"EntryPoint","urlTemplate":"https:\/\/www.altercampagne.net\/?s={search_term_string}"},"query-input":{"@type":"PropertyValueSpecification","valueRequired":true,"valueName":"search_term_string"}}],"inLanguage":"fr-FR"},{"@type":"Person","@id":"https:\/\/www.altercampagne.net\/#\/schema\/person\/caf30ed73e072285b8f761300370ddb5","name":"Pauline","image":{"@type":"ImageObject","inLanguage":"fr-FR","@id":"https:\/\/secure.gravatar.com\/avatar\/f84b78638c34b3d6ac7339a8ef00413d11da3b09ee578a762504104ff060cde7?s=96&d=mm&r=g","url":"https:\/\/secure.gravatar.com\/avatar\/f84b78638c34b3d6ac7339a8ef00413d11da3b09ee578a762504104ff060cde7?s=96&d=mm&r=g","contentUrl":"https:\/\/secure.gravatar.com\/avatar\/f84b78638c34b3d6ac7339a8ef00413d11da3b09ee578a762504104ff060cde7?s=96&d=mm&r=g","caption":"Pauline"},"url":"https:\/\/www.altercampagne.net\/?author=361"}]}},"_links":{"self":[{"href":"https:\/\/www.altercampagne.net\/index.php?rest_route=\/wp\/v2\/posts\/23239","targetHints":{"allow":["GET"]}}],"collection":[{"href":"https:\/\/www.altercampagne.net\/index.php?rest_route=\/wp\/v2\/posts"}],"about":[{"href":"https:\/\/www.altercampagne.net\/index.php?rest_route=\/wp\/v2\/types\/post"}],"author":[{"embeddable":true,"href":"https:\/\/www.altercampagne.net\/index.php?rest_route=\/wp\/v2\/users\/361"}],"replies":[{"embeddable":true,"href":"https:\/\/www.altercampagne.net\/index.php?rest_route=%2Fwp%2Fv2%2Fcomments&post=23239"}],"version-history":[{"count":2,"href":"https:\/\/www.altercampagne.net\/index.php?rest_route=\/wp\/v2\/posts\/23239\/revisions"}],"predecessor-version":[{"id":23247,"href":"https:\/\/www.altercampagne.net\/index.php?rest_route=\/wp\/v2\/posts\/23239\/revisions\/23247"}],"wp:featuredmedia":[{"embeddable":true,"href":"https:\/\/www.altercampagne.net\/index.php?rest_route=\/wp\/v2\/media\/23241"}],"wp:attachment":[{"href":"https:\/\/www.altercampagne.net\/index.php?rest_route=%2Fwp%2Fv2%2Fmedia&parent=23239"}],"wp:term":[{"taxonomy":"category","embeddable":true,"href":"https:\/\/www.altercampagne.net\/index.php?rest_route=%2Fwp%2Fv2%2Fcategories&post=23239"},{"taxonomy":"post_tag","embeddable":true,"href":"https:\/\/www.altercampagne.net\/index.php?rest_route=%2Fwp%2Fv2%2Ftags&post=23239"}],"curies":[{"name":"wp","href":"https:\/\/api.w.org\/{rel}","templated":true}]}}