{"id":23447,"date":"2021-10-07T14:11:01","date_gmt":"2021-10-07T12:11:01","guid":{"rendered":"https:\/\/www.altercampagne.net\/?p=23447"},"modified":"2021-10-07T14:11:02","modified_gmt":"2021-10-07T12:11:02","slug":"au-galop-on-fonce-vers-la-prochaine-edition-entre-les-volcans-dauvergne-et-la-mediterranee","status":"publish","type":"post","link":"https:\/\/www.altercampagne.net\/?p=23447","title":{"rendered":"Au galop, on fonce vers la prochaine \u00e9dition entre les volcans d\u2019Auvergne et la M\u00e9diterran\u00e9e"},"content":{"rendered":"\n<p>Quelle joie !<br>Apr\u00e8s des mois de visio, des \u00e9changes hach\u00e9s par des connexions capricieuses, des visages pixelis\u00e9s et des ap\u00e9ros solitaires, nous nous sommes retrouv\u00e9.es.<br>Et c\u2019est \u00e0 Paris que cela a eu lieu. Plus pr\u00e9cis\u00e9ment \u00e0 Boulogne-Billancourt, o\u00f9 le Gallo nous a accueilli et a mis \u00e0 notre disposition un \u00e9tage entier. Le Gallo, c\u2019est un lieu de r\u00e9sidence artistique temporaire et qui organise aussi des \u00e9v\u00e9nements comme le samedi de notre venue o\u00f9 avait lieu une soir\u00e9e musicale dont les b\u00e9n\u00e9fices allaient \u00e0 l\u2019achat de terres en Syrie pour les agriculteurs locaux.<\/p>\n\n\n\n<p>D\u00e8s 9h et malgr\u00e9 un petit jeu de piste improvis\u00e9 pour trouver l\u2019endroit, les altercyclistes rejoignent les lieux en nombre pour assister au <strong>bilan du Tour<\/strong>. Apr\u00e8s une rapide pr\u00e9sentation des questionnaires envoy\u00e9s \u00e0 la fin du Tour, on se rassemble en petits groupes pour traiter des th\u00e8mes suivants et proposer des solutions (ou du moins des pistes) :<\/p>\n\n\n\n<ul class=\"wp-block-list\"><li><strong>La question du temps qui semble nous manquer en permanence<\/strong><\/li><li><strong>Le r\u00f4le militant du Tour<\/strong><\/li><li><strong>Le choix des alternatives<\/strong><\/li><li><strong>Comment vivre l\u2019autogestion<\/strong><\/li><li><strong>Notre gestion des conflits<\/strong><\/li><li><strong>La question de la nourriture et des d\u00e9chets<\/strong><\/li><li><strong>Le soin apport\u00e9 au mat\u00e9riel<\/strong><\/li><li>&#8230;<\/li><\/ul>\n\n\n\n<p>Plusieurs groupes de travail ont d\u00e9j\u00e0 \u00e9t\u00e9 initi\u00e9s ces derni\u00e8res ann\u00e9es. Certains seront poursuivis, d&rsquo;autres sont en train d&rsquo;\u00e9merger, <strong>l&rsquo;AlterTour est un gigantesque laboratoire<\/strong>. Les informations et les pr\u00e9cisions vous seront communiqu\u00e9es le plus rapidement possible.<\/p>\n\n\n\n<p>Avant de prendre ensemble un gargantuesque d\u00e9jeuner, des repr\u00e9sentant.es de la lutte <a href=\"https:\/\/nonalaligne18.fr\/\">contre la ligne 18<\/a> et la b\u00e9tonisation du plateau de Saclay sont venu.es nous pr\u00e9senter la cause pour laquelle ielles se mobilisent.\u00a0Des \u00e9changes riches et d\u00e9termin\u00e9s qui se sont poursuivis durant le repas et que l&rsquo;on peut encore poursuivre lors des <strong><a href=\"https:\/\/les-marches-des-terres.com\/\">Marches des Terres<\/a><\/strong> qui auront lieu le week-end du 9 et 10 octobre.<\/p>\n\n\n\n<figure class=\"wp-block-image size-large\"><a href=\"https:\/\/les-marches-des-terres.com\/\"><img loading=\"lazy\" decoding=\"async\" width=\"702\" height=\"993\" src=\"https:\/\/www.altercampagne.net\/wp-content\/uploads\/2021\/10\/tract.jpg\" alt=\"\" class=\"wp-image-23450\" srcset=\"https:\/\/www.altercampagne.net\/wp-content\/uploads\/2021\/10\/tract.jpg 702w, https:\/\/www.altercampagne.net\/wp-content\/uploads\/2021\/10\/tract-212x300.jpg 212w, https:\/\/www.altercampagne.net\/wp-content\/uploads\/2021\/10\/tract-610x863.jpg 610w, https:\/\/www.altercampagne.net\/wp-content\/uploads\/2021\/10\/tract-100x141.jpg 100w\" sizes=\"auto, (max-width: 702px) 100vw, 702px\" \/><\/a><\/figure>\n\n\n\n<h4 class=\"wp-block-heading\">La zone se pr\u00e9cise <\/h4>\n\n\n\n<p>L\u2019apr\u00e8s-midi, c\u2019\u00e9tait carr\u00e9ment l\u2019\u00e9meute, il y a avait 80 personnes pr\u00eates \u00e0 tout pour convaincre le groupe d\u2019aller dans un coin ou l\u2019autre de la France. Car c\u2019\u00e9tait bien l\u00e0 l\u2019objectif de notre week-end : <strong>choisir la zone de l\u2019\u00e9t\u00e9 prochain!\u00a0<\/strong><br>On a commenc\u00e9 par montrer les pr\u00e9c\u00e9dents parcours du tour pour essayer de poursuivre notre volont\u00e9 d&rsquo;aller voir des alternatives r\u00e9parties dans tout le territoire.<\/p>\n\n\n\n<figure class=\"wp-block-image size-large\"><a href=\"https:\/\/www.altercampagne.net\/wp-content\/uploads\/2021\/10\/Parcours-depuis-2012.jpg\"><img loading=\"lazy\" decoding=\"async\" width=\"1024\" height=\"1024\" src=\"https:\/\/www.altercampagne.net\/wp-content\/uploads\/2021\/10\/Parcours-depuis-2012-1024x1024.jpg\" alt=\"\" class=\"wp-image-23451\"\/><\/a><figcaption>Les parcours de ces dix derni\u00e8res ann\u00e9es.<\/figcaption><\/figure>\n\n\n\n<p>Rapidement, les \u201cnordistes\u201d (dont votre d\u00e9vou\u00e9 r\u00e9dacteur faisait partie) ont d\u00fb se rendre \u00e0 l\u2019\u00e9vidence : les pluies de l\u2019\u00e9t\u00e9 normand et breton ont fait des d\u00e9g\u00e2ts. La tendance \u00e9tait nette, <strong>tout le monde voulait partir dans le sud<\/strong> !<br>Le centre, souvent laiss\u00e9 de c\u00f4t\u00e9, avait aussi quelques partisan.es. Et c\u2019est finalement quatre groupes qui se sont organis\u00e9s pour regrouper leurs arguments et nous les pr\u00e9senter de mani\u00e8re humoristique et dynamique. C\u2019\u00e9tait g\u00e9nial, l\u2019enthousiasme \u00e9tait contagieux et on a cl\u00f4tur\u00e9 cette journ\u00e9e en faisant un point sur les envies de chacune et chacun quant \u00e0 son implication dans l\u2019organisation pour l\u2019ann\u00e9e \u00e0 venir. Et, m\u00eame s&rsquo; il reste encore largement de la place dans l\u2019organisation POUR TOUT LE MONDE, on peut regarder le futur avec confiance.<\/p>\n\n\n\n<figure class=\"wp-block-image size-large\"><a href=\"https:\/\/www.altercampagne.net\/wp-content\/uploads\/2021\/10\/Pleniere-oct-21-scaled.jpg\"><img loading=\"lazy\" decoding=\"async\" width=\"1024\" height=\"768\" src=\"https:\/\/www.altercampagne.net\/wp-content\/uploads\/2021\/10\/Pleniere-oct-21-1024x768.jpg\" alt=\"\" class=\"wp-image-23453\" srcset=\"https:\/\/www.altercampagne.net\/wp-content\/uploads\/2021\/10\/Pleniere-oct-21-1024x768.jpg 1024w, https:\/\/www.altercampagne.net\/wp-content\/uploads\/2021\/10\/Pleniere-oct-21-300x225.jpg 300w, https:\/\/www.altercampagne.net\/wp-content\/uploads\/2021\/10\/Pleniere-oct-21-768x576.jpg 768w, https:\/\/www.altercampagne.net\/wp-content\/uploads\/2021\/10\/Pleniere-oct-21-1536x1152.jpg 1536w, https:\/\/www.altercampagne.net\/wp-content\/uploads\/2021\/10\/Pleniere-oct-21-2048x1536.jpg 2048w, https:\/\/www.altercampagne.net\/wp-content\/uploads\/2021\/10\/Pleniere-oct-21-610x458.jpg 610w, https:\/\/www.altercampagne.net\/wp-content\/uploads\/2021\/10\/Pleniere-oct-21-100x75.jpg 100w, https:\/\/www.altercampagne.net\/wp-content\/uploads\/2021\/10\/Pleniere-oct-21-862x647.jpg 862w, https:\/\/www.altercampagne.net\/wp-content\/uploads\/2021\/10\/Pleniere-oct-21-1140x855.jpg 1140w\" sizes=\"auto, (max-width: 1024px) 100vw, 1024px\" \/><\/a><\/figure>\n\n\n\n<p>La journ\u00e9e de travail \u00e9tait alors finie mais la f\u00eate ne faisait que commencer. Je ne m\u2019aventurerai pas dans le compte-rendu d\u00e9taill\u00e9 de cette folle soir\u00e9e mais \u00e7a a ri, mang\u00e9, dans\u00e9, c\u2019\u00e9tait beau \u00e0 vivre, merci \u00e0 l\u2019association <a href=\"https:\/\/www.facebook.com\/Collectif-AL-Beyt-103326081984889\/\">Al Beyt<\/a> (traduction de \u00ab\u00a0la maison\u00a0\u00bb) qui avait mis cette belle f\u00eate sur pied.\u00a0<\/p>\n\n\n\n<h4 class=\"wp-block-heading\">Un dimanche pour valider notre choix<\/h4>\n\n\n\n<p>Dimanche, quelques petits yeux mais avec une majorit\u00e9 des participant.es ayant dormi sur place, on a pu commencer sans retard par le plat de r\u00e9sistance : <strong>la prise de d\u00e9cision concernant le choix de la zone.<\/strong>\u00a0<\/p>\n\n\n\n<p>On a demand\u00e9 \u00e0 toutes les personnes qui veulent s&rsquo;investir dans l&rsquo;organisation de l&rsquo;\u00e9t\u00e9 \u00e0 venir de placer leur post-it sur la r\u00e9gion souhait\u00e9e. Et c&rsquo;\u00e9tait presque un pl\u00e9biscite : une banane semblait se former depuis le centre vers le sud-est. Quelques personnes auraient aim\u00e9 la c\u00f4te Atlantique et le pays basque mais en \u00e9coutant chacune et chacun, il semblerait que nous sommes arriv\u00e9.es \u00e0 un consensus. <br>Pour l&rsquo;exercice (et sans autre but que de d\u00e9couvrir cet outil bien pratique), on se teste m\u00eame au <strong><a href=\"https:\/\/app.mieuxvoter.fr\/\">jugement majoritaire<\/a><\/strong> pour valider le nom de cette zone. Et \u00e7a sera donc <strong>\u00ab\u00a0Des volcans \u00e0 la mer\u00a0\u00bb<\/strong> ou <strong>\u00ab\u00a0De la mer aux volcans\u00a0\u00bb<\/strong>.<\/p>\n\n\n\n<figure class=\"wp-block-image size-large\"><a href=\"https:\/\/www.altercampagne.net\/wp-content\/uploads\/2021\/10\/Parcours-2022.jpg\"><img loading=\"lazy\" decoding=\"async\" width=\"1004\" height=\"1024\" src=\"https:\/\/www.altercampagne.net\/wp-content\/uploads\/2021\/10\/Parcours-2022-1004x1024.jpg\" alt=\"\" class=\"wp-image-23456\" srcset=\"https:\/\/www.altercampagne.net\/wp-content\/uploads\/2021\/10\/Parcours-2022-1004x1024.jpg 1004w, https:\/\/www.altercampagne.net\/wp-content\/uploads\/2021\/10\/Parcours-2022-294x300.jpg 294w, https:\/\/www.altercampagne.net\/wp-content\/uploads\/2021\/10\/Parcours-2022-768x783.jpg 768w, https:\/\/www.altercampagne.net\/wp-content\/uploads\/2021\/10\/Parcours-2022-1506x1536.jpg 1506w, https:\/\/www.altercampagne.net\/wp-content\/uploads\/2021\/10\/Parcours-2022-2008x2048.jpg 2008w, https:\/\/www.altercampagne.net\/wp-content\/uploads\/2021\/10\/Parcours-2022-610x622.jpg 610w, https:\/\/www.altercampagne.net\/wp-content\/uploads\/2021\/10\/Parcours-2022-100x102.jpg 100w, https:\/\/www.altercampagne.net\/wp-content\/uploads\/2021\/10\/Parcours-2022-862x879.jpg 862w, https:\/\/www.altercampagne.net\/wp-content\/uploads\/2021\/10\/Parcours-2022-1140x1163.jpg 1140w\" sizes=\"auto, (max-width: 1004px) 100vw, 1004px\" \/><\/a><\/figure>\n\n\n\n<p>Un point a ensuite \u00e9t\u00e9 fait sur la prochaine \u00e9tape : <strong>le d\u00e9frichage des alternatives<\/strong>. Car il faut maintenant aller \u00e0 la rencontre des alternatives de ce vaste territoire. Pendant les deux prochains mois et jusqu&rsquo;\u00e0 la pl\u00e9ni\u00e8re du 11 et 12 d\u00e9cembre, nous serons toutes et tous amen\u00e9.es \u00e0 remplir le tableau Excell qui deviendra la Bible des pr\u00e9pa d&rsquo;\u00e9tapes.<\/p>\n\n\n\n<p>Apr\u00e8s cette r\u00e9jouissante d\u00e9cision et un repas bien fourni, la journ\u00e9e allait continuer dans une ambiance parfois plus proche de la sieste. Mais qu&rsquo;\u00e0 cela ne tienne, <strong>les groupes de travail de l&rsquo;ann\u00e9e \u00e9coul\u00e9e ont pr\u00e9sent\u00e9 les r\u00e9sultats de leurs discussions et r\u00e9alisations<\/strong>. Les \u00e9changes auraient pu durer des heures car chaque sujet trouvait toujours son lot de passionn\u00e9.es.<\/p>\n\n\n\n<p>Mais il fallait pourtant bien conclure. Et c&rsquo;est apr\u00e8s un cercle de paroles riche en \u00e9motions que le groupe a rapidement nettoy\u00e9 les lieux avant de reprendre le chemin de la maison.<\/p>\n\n\n\n<p>Merci \u00e0 toutes et tous pour votre venue et votre engouement, on se retrouve <strong>les 6 et 7 novembre pour la prochaine pl\u00e9ni\u00e8re et l&rsquo;Assembl\u00e9e G\u00e9n\u00e9rale<\/strong> de l&rsquo;association.<\/p>\n\n\n\n<p class=\"has-text-align-right\">Jonas<\/p>\n","protected":false},"excerpt":{"rendered":"<p>Quelle joie !<br \/>\nApr\u00e8s des mois de visio, des \u00e9changes hach\u00e9es par des connexions capricieuses, des visages pixelis\u00e9es et des ap\u00e9ros solitaires, nous nous sommes retrouv\u00e9.es.<\/p>\n","protected":false},"author":316,"featured_media":23448,"comment_status":"closed","ping_status":"closed","sticky":false,"template":"","format":"standard","meta":{"footnotes":""},"categories":[4313,4311,3231,3539,1,3482,3540,3932],"tags":[68,358,579,2696,4354,4355,4356],"class_list":["post-23447","post","type-post","status-publish","format-standard","has-post-thumbnail","hentry","category-altertour","category-alter-d-tour","category-echappee-belle","category-we-de-preparation","category-non-classe","category-provence-alpes-cote-dazur","category-transverse","category-velo","tag-paris","tag-altertour","tag-auvergne","tag-organisation","tag-retrouvailles","tag-mer","tag-zone"],"yoast_head":"<!-- This site is optimized with the Yoast SEO plugin v27.3 - https:\/\/yoast.com\/product\/yoast-seo-wordpress\/ -->\n<title>Au galop, on fonce vers la prochaine \u00e9dition entre les volcans d\u2019Auvergne et la M\u00e9diterran\u00e9e - AlterTour<\/title>\n<meta name=\"robots\" content=\"index, follow, max-snippet:-1, max-image-preview:large, max-video-preview:-1\" \/>\n<link rel=\"canonical\" href=\"https:\/\/www.altercampagne.net\/?p=23447\" \/>\n<meta property=\"og:locale\" content=\"fr_FR\" \/>\n<meta property=\"og:type\" content=\"article\" \/>\n<meta property=\"og:title\" content=\"Au galop, on fonce vers la prochaine \u00e9dition entre les volcans d\u2019Auvergne et la M\u00e9diterran\u00e9e - AlterTour\" \/>\n<meta property=\"og:description\" content=\"Quelle joie ! Apr\u00e8s des mois de visio, des \u00e9changes hach\u00e9es par des connexions capricieuses, des visages pixelis\u00e9es et des ap\u00e9ros solitaires, nous nous sommes retrouv\u00e9.es.\" \/>\n<meta property=\"og:url\" content=\"https:\/\/www.altercampagne.net\/?p=23447\" \/>\n<meta property=\"og:site_name\" content=\"AlterTour\" \/>\n<meta property=\"article:published_time\" content=\"2021-10-07T12:11:01+00:00\" \/>\n<meta property=\"article:modified_time\" content=\"2021-10-07T12:11:02+00:00\" \/>\n<meta property=\"og:image\" content=\"https:\/\/www.altercampagne.net\/wp-content\/uploads\/2021\/10\/Pleniere-oct-site-web.jpg\" \/>\n\t<meta property=\"og:image:width\" content=\"2268\" \/>\n\t<meta property=\"og:image:height\" content=\"1184\" \/>\n\t<meta property=\"og:image:type\" content=\"image\/jpeg\" \/>\n<meta name=\"author\" content=\"Jonas\" \/>\n<meta name=\"twitter:card\" content=\"summary_large_image\" \/>\n<meta name=\"twitter:label1\" content=\"\u00c9crit par\" \/>\n\t<meta name=\"twitter:data1\" content=\"Jonas\" \/>\n\t<meta name=\"twitter:label2\" content=\"Dur\u00e9e de lecture estim\u00e9e\" \/>\n\t<meta name=\"twitter:data2\" content=\"5 minutes\" \/>\n<script type=\"application\/ld+json\" class=\"yoast-schema-graph\">{\"@context\":\"https:\\\/\\\/schema.org\",\"@graph\":[{\"@type\":\"Article\",\"@id\":\"https:\\\/\\\/www.altercampagne.net\\\/?p=23447#article\",\"isPartOf\":{\"@id\":\"https:\\\/\\\/www.altercampagne.net\\\/?p=23447\"},\"author\":{\"name\":\"Jonas\",\"@id\":\"https:\\\/\\\/www.altercampagne.net\\\/#\\\/schema\\\/person\\\/308dc295a67929d58321ff6b59820daa\"},\"headline\":\"Au galop, on fonce vers la prochaine \u00e9dition entre les volcans d\u2019Auvergne et la M\u00e9diterran\u00e9e\",\"datePublished\":\"2021-10-07T12:11:01+00:00\",\"dateModified\":\"2021-10-07T12:11:02+00:00\",\"mainEntityOfPage\":{\"@id\":\"https:\\\/\\\/www.altercampagne.net\\\/?p=23447\"},\"wordCount\":1002,\"image\":{\"@id\":\"https:\\\/\\\/www.altercampagne.net\\\/?p=23447#primaryimage\"},\"thumbnailUrl\":\"https:\\\/\\\/www.altercampagne.net\\\/wp-content\\\/uploads\\\/2021\\\/10\\\/Pleniere-oct-site-web.jpg\",\"keywords\":[\"paris\",\"AlterTour\",\"Auvergne\",\"organisation\",\"retrouvailles\",\"Mer\",\"zone\"],\"articleSection\":{\"0\":\"AlterTour\",\"1\":\"Alter-D-tour\",\"2\":\"Echapp\u00e9e Belle\",\"3\":\"WE de pr\u00e9paration\",\"5\":\"Provence-Alpes-C\u00f4te d'Azur\",\"6\":\"Transverse\",\"7\":\"V\u00e9lo\"},\"inLanguage\":\"fr-FR\"},{\"@type\":\"WebPage\",\"@id\":\"https:\\\/\\\/www.altercampagne.net\\\/?p=23447\",\"url\":\"https:\\\/\\\/www.altercampagne.net\\\/?p=23447\",\"name\":\"Au galop, on fonce vers la prochaine \u00e9dition entre les volcans d\u2019Auvergne et la M\u00e9diterran\u00e9e - AlterTour\",\"isPartOf\":{\"@id\":\"https:\\\/\\\/www.altercampagne.net\\\/#website\"},\"primaryImageOfPage\":{\"@id\":\"https:\\\/\\\/www.altercampagne.net\\\/?p=23447#primaryimage\"},\"image\":{\"@id\":\"https:\\\/\\\/www.altercampagne.net\\\/?p=23447#primaryimage\"},\"thumbnailUrl\":\"https:\\\/\\\/www.altercampagne.net\\\/wp-content\\\/uploads\\\/2021\\\/10\\\/Pleniere-oct-site-web.jpg\",\"datePublished\":\"2021-10-07T12:11:01+00:00\",\"dateModified\":\"2021-10-07T12:11:02+00:00\",\"author\":{\"@id\":\"https:\\\/\\\/www.altercampagne.net\\\/#\\\/schema\\\/person\\\/308dc295a67929d58321ff6b59820daa\"},\"breadcrumb\":{\"@id\":\"https:\\\/\\\/www.altercampagne.net\\\/?p=23447#breadcrumb\"},\"inLanguage\":\"fr-FR\",\"potentialAction\":[{\"@type\":\"ReadAction\",\"target\":[\"https:\\\/\\\/www.altercampagne.net\\\/?p=23447\"]}]},{\"@type\":\"ImageObject\",\"inLanguage\":\"fr-FR\",\"@id\":\"https:\\\/\\\/www.altercampagne.net\\\/?p=23447#primaryimage\",\"url\":\"https:\\\/\\\/www.altercampagne.net\\\/wp-content\\\/uploads\\\/2021\\\/10\\\/Pleniere-oct-site-web.jpg\",\"contentUrl\":\"https:\\\/\\\/www.altercampagne.net\\\/wp-content\\\/uploads\\\/2021\\\/10\\\/Pleniere-oct-site-web.jpg\",\"width\":2268,\"height\":1184},{\"@type\":\"BreadcrumbList\",\"@id\":\"https:\\\/\\\/www.altercampagne.net\\\/?p=23447#breadcrumb\",\"itemListElement\":[{\"@type\":\"ListItem\",\"position\":1,\"name\":\"Accueil\",\"item\":\"https:\\\/\\\/www.altercampagne.net\\\/\"},{\"@type\":\"ListItem\",\"position\":2,\"name\":\"Au galop, on fonce vers la prochaine \u00e9dition entre les volcans d\u2019Auvergne et la M\u00e9diterran\u00e9e\"}]},{\"@type\":\"WebSite\",\"@id\":\"https:\\\/\\\/www.altercampagne.net\\\/#website\",\"url\":\"https:\\\/\\\/www.altercampagne.net\\\/\",\"name\":\"AlterTour\",\"description\":\"Reliez les Alternatives \u00e0 v\u00e9lo\",\"potentialAction\":[{\"@type\":\"SearchAction\",\"target\":{\"@type\":\"EntryPoint\",\"urlTemplate\":\"https:\\\/\\\/www.altercampagne.net\\\/?s={search_term_string}\"},\"query-input\":{\"@type\":\"PropertyValueSpecification\",\"valueRequired\":true,\"valueName\":\"search_term_string\"}}],\"inLanguage\":\"fr-FR\"},{\"@type\":\"Person\",\"@id\":\"https:\\\/\\\/www.altercampagne.net\\\/#\\\/schema\\\/person\\\/308dc295a67929d58321ff6b59820daa\",\"name\":\"Jonas\",\"image\":{\"@type\":\"ImageObject\",\"inLanguage\":\"fr-FR\",\"@id\":\"https:\\\/\\\/secure.gravatar.com\\\/avatar\\\/ade7b451791545d463915f445a8aee91b58c48cdcbc1ab2b8583fa2f30e159e4?s=96&d=mm&r=g\",\"url\":\"https:\\\/\\\/secure.gravatar.com\\\/avatar\\\/ade7b451791545d463915f445a8aee91b58c48cdcbc1ab2b8583fa2f30e159e4?s=96&d=mm&r=g\",\"contentUrl\":\"https:\\\/\\\/secure.gravatar.com\\\/avatar\\\/ade7b451791545d463915f445a8aee91b58c48cdcbc1ab2b8583fa2f30e159e4?s=96&d=mm&r=g\",\"caption\":\"Jonas\"},\"url\":\"https:\\\/\\\/www.altercampagne.net\\\/?author=316\"}]}<\/script>\n<!-- \/ Yoast SEO plugin. -->","yoast_head_json":{"title":"Au galop, on fonce vers la prochaine \u00e9dition entre les volcans d\u2019Auvergne et la M\u00e9diterran\u00e9e - AlterTour","robots":{"index":"index","follow":"follow","max-snippet":"max-snippet:-1","max-image-preview":"max-image-preview:large","max-video-preview":"max-video-preview:-1"},"canonical":"https:\/\/www.altercampagne.net\/?p=23447","og_locale":"fr_FR","og_type":"article","og_title":"Au galop, on fonce vers la prochaine \u00e9dition entre les volcans d\u2019Auvergne et la M\u00e9diterran\u00e9e - AlterTour","og_description":"Quelle joie ! Apr\u00e8s des mois de visio, des \u00e9changes hach\u00e9es par des connexions capricieuses, des visages pixelis\u00e9es et des ap\u00e9ros solitaires, nous nous sommes retrouv\u00e9.es.","og_url":"https:\/\/www.altercampagne.net\/?p=23447","og_site_name":"AlterTour","article_published_time":"2021-10-07T12:11:01+00:00","article_modified_time":"2021-10-07T12:11:02+00:00","og_image":[{"width":2268,"height":1184,"url":"https:\/\/www.altercampagne.net\/wp-content\/uploads\/2021\/10\/Pleniere-oct-site-web.jpg","type":"image\/jpeg"}],"author":"Jonas","twitter_card":"summary_large_image","twitter_misc":{"\u00c9crit par":"Jonas","Dur\u00e9e de lecture estim\u00e9e":"5 minutes"},"schema":{"@context":"https:\/\/schema.org","@graph":[{"@type":"Article","@id":"https:\/\/www.altercampagne.net\/?p=23447#article","isPartOf":{"@id":"https:\/\/www.altercampagne.net\/?p=23447"},"author":{"name":"Jonas","@id":"https:\/\/www.altercampagne.net\/#\/schema\/person\/308dc295a67929d58321ff6b59820daa"},"headline":"Au galop, on fonce vers la prochaine \u00e9dition entre les volcans d\u2019Auvergne et la M\u00e9diterran\u00e9e","datePublished":"2021-10-07T12:11:01+00:00","dateModified":"2021-10-07T12:11:02+00:00","mainEntityOfPage":{"@id":"https:\/\/www.altercampagne.net\/?p=23447"},"wordCount":1002,"image":{"@id":"https:\/\/www.altercampagne.net\/?p=23447#primaryimage"},"thumbnailUrl":"https:\/\/www.altercampagne.net\/wp-content\/uploads\/2021\/10\/Pleniere-oct-site-web.jpg","keywords":["paris","AlterTour","Auvergne","organisation","retrouvailles","Mer","zone"],"articleSection":{"0":"AlterTour","1":"Alter-D-tour","2":"Echapp\u00e9e Belle","3":"WE de pr\u00e9paration","5":"Provence-Alpes-C\u00f4te d'Azur","6":"Transverse","7":"V\u00e9lo"},"inLanguage":"fr-FR"},{"@type":"WebPage","@id":"https:\/\/www.altercampagne.net\/?p=23447","url":"https:\/\/www.altercampagne.net\/?p=23447","name":"Au galop, on fonce vers la prochaine \u00e9dition entre les volcans d\u2019Auvergne et la M\u00e9diterran\u00e9e - AlterTour","isPartOf":{"@id":"https:\/\/www.altercampagne.net\/#website"},"primaryImageOfPage":{"@id":"https:\/\/www.altercampagne.net\/?p=23447#primaryimage"},"image":{"@id":"https:\/\/www.altercampagne.net\/?p=23447#primaryimage"},"thumbnailUrl":"https:\/\/www.altercampagne.net\/wp-content\/uploads\/2021\/10\/Pleniere-oct-site-web.jpg","datePublished":"2021-10-07T12:11:01+00:00","dateModified":"2021-10-07T12:11:02+00:00","author":{"@id":"https:\/\/www.altercampagne.net\/#\/schema\/person\/308dc295a67929d58321ff6b59820daa"},"breadcrumb":{"@id":"https:\/\/www.altercampagne.net\/?p=23447#breadcrumb"},"inLanguage":"fr-FR","potentialAction":[{"@type":"ReadAction","target":["https:\/\/www.altercampagne.net\/?p=23447"]}]},{"@type":"ImageObject","inLanguage":"fr-FR","@id":"https:\/\/www.altercampagne.net\/?p=23447#primaryimage","url":"https:\/\/www.altercampagne.net\/wp-content\/uploads\/2021\/10\/Pleniere-oct-site-web.jpg","contentUrl":"https:\/\/www.altercampagne.net\/wp-content\/uploads\/2021\/10\/Pleniere-oct-site-web.jpg","width":2268,"height":1184},{"@type":"BreadcrumbList","@id":"https:\/\/www.altercampagne.net\/?p=23447#breadcrumb","itemListElement":[{"@type":"ListItem","position":1,"name":"Accueil","item":"https:\/\/www.altercampagne.net\/"},{"@type":"ListItem","position":2,"name":"Au galop, on fonce vers la prochaine \u00e9dition entre les volcans d\u2019Auvergne et la M\u00e9diterran\u00e9e"}]},{"@type":"WebSite","@id":"https:\/\/www.altercampagne.net\/#website","url":"https:\/\/www.altercampagne.net\/","name":"AlterTour","description":"Reliez les Alternatives \u00e0 v\u00e9lo","potentialAction":[{"@type":"SearchAction","target":{"@type":"EntryPoint","urlTemplate":"https:\/\/www.altercampagne.net\/?s={search_term_string}"},"query-input":{"@type":"PropertyValueSpecification","valueRequired":true,"valueName":"search_term_string"}}],"inLanguage":"fr-FR"},{"@type":"Person","@id":"https:\/\/www.altercampagne.net\/#\/schema\/person\/308dc295a67929d58321ff6b59820daa","name":"Jonas","image":{"@type":"ImageObject","inLanguage":"fr-FR","@id":"https:\/\/secure.gravatar.com\/avatar\/ade7b451791545d463915f445a8aee91b58c48cdcbc1ab2b8583fa2f30e159e4?s=96&d=mm&r=g","url":"https:\/\/secure.gravatar.com\/avatar\/ade7b451791545d463915f445a8aee91b58c48cdcbc1ab2b8583fa2f30e159e4?s=96&d=mm&r=g","contentUrl":"https:\/\/secure.gravatar.com\/avatar\/ade7b451791545d463915f445a8aee91b58c48cdcbc1ab2b8583fa2f30e159e4?s=96&d=mm&r=g","caption":"Jonas"},"url":"https:\/\/www.altercampagne.net\/?author=316"}]}},"_links":{"self":[{"href":"https:\/\/www.altercampagne.net\/index.php?rest_route=\/wp\/v2\/posts\/23447","targetHints":{"allow":["GET"]}}],"collection":[{"href":"https:\/\/www.altercampagne.net\/index.php?rest_route=\/wp\/v2\/posts"}],"about":[{"href":"https:\/\/www.altercampagne.net\/index.php?rest_route=\/wp\/v2\/types\/post"}],"author":[{"embeddable":true,"href":"https:\/\/www.altercampagne.net\/index.php?rest_route=\/wp\/v2\/users\/316"}],"replies":[{"embeddable":true,"href":"https:\/\/www.altercampagne.net\/index.php?rest_route=%2Fwp%2Fv2%2Fcomments&post=23447"}],"version-history":[{"count":9,"href":"https:\/\/www.altercampagne.net\/index.php?rest_route=\/wp\/v2\/posts\/23447\/revisions"}],"predecessor-version":[{"id":23461,"href":"https:\/\/www.altercampagne.net\/index.php?rest_route=\/wp\/v2\/posts\/23447\/revisions\/23461"}],"wp:featuredmedia":[{"embeddable":true,"href":"https:\/\/www.altercampagne.net\/index.php?rest_route=\/wp\/v2\/media\/23448"}],"wp:attachment":[{"href":"https:\/\/www.altercampagne.net\/index.php?rest_route=%2Fwp%2Fv2%2Fmedia&parent=23447"}],"wp:term":[{"taxonomy":"category","embeddable":true,"href":"https:\/\/www.altercampagne.net\/index.php?rest_route=%2Fwp%2Fv2%2Fcategories&post=23447"},{"taxonomy":"post_tag","embeddable":true,"href":"https:\/\/www.altercampagne.net\/index.php?rest_route=%2Fwp%2Fv2%2Ftags&post=23447"}],"curies":[{"name":"wp","href":"https:\/\/api.w.org\/{rel}","templated":true}]}}