{"id":23741,"date":"2021-11-25T12:19:03","date_gmt":"2021-11-25T11:19:03","guid":{"rendered":"https:\/\/www.altercampagne.net\/?p=23741"},"modified":"2024-11-09T00:05:32","modified_gmt":"2024-11-08T23:05:32","slug":"entretien-avec-mathieu-1-3-lhistoire-de-laltertour","status":"publish","type":"post","link":"https:\/\/www.altercampagne.net\/?p=23741","title":{"rendered":"Entretien avec Mathieu 1\/3 : l\u2019histoire de l\u2019AlterTour"},"content":{"rendered":"\n<p>A l\u2019occasion du d\u00e9part de Mathieu, j\u2019ai eu envie d\u2019imaginer un interview au long court, parce que je me disais quand m\u00eame, en quatorze ans il a d\u00fb en accumuler des histoires !<\/p>\n\n\n\n<p>Cet entretien a dur\u00e9 deux heures, je l\u2019ai retranscrit et s\u00e9par\u00e9 en trois \u00e9pisodes, voici le premier qui met en lumi\u00e8re l\u2019histoire de l\u2019AlterTour, et celle, intrins\u00e8quement li\u00e9e, de son salari\u00e9.<\/p>\n\n\n\n<p><strong>Peux-tu nous raconter l\u2019histoire de l\u2019asso ?<\/strong><\/p>\n\n\n\n<p>Au d\u00e9part AlterCampagne c\u2019est un collectif informel, qui \u0153uvre de 2004 \u00e0 2007 en organisant les <strong>journ\u00e9es mondiales d\u2019opposition aux OGM<\/strong>. Ce collectif regroupe une vingtaine d\u2019associations : Attac, la Conf\u00e9d\u00e9ration Paysanne, Greenpeace, le R\u00e9seau Semences Paysannes, Accueil Paysan et pleins d\u2019autres&#8230;. La volont\u00e9 du collectif est que <strong>la soci\u00e9t\u00e9 civile s\u2019empare de la question donc on propose des temps d\u2019informations sur les OGM <\/strong>avec des projections de film, des d\u00e9bats ou des conf\u00e9rences, et aussi des temps festifs avec des concerts. <br><\/p>\n\n\n<div class=\"wp-block-image\">\n<figure class=\"aligncenter size-large\"><a href=\"https:\/\/www.altercampagne.net\/wp-content\/uploads\/2021\/11\/111425F8-0AA9-4DC7-A794-222C8432491B.jpeg\"><img loading=\"lazy\" decoding=\"async\" width=\"340\" height=\"226\" src=\"https:\/\/www.altercampagne.net\/wp-content\/uploads\/2021\/11\/111425F8-0AA9-4DC7-A794-222C8432491B.jpeg\" alt=\"\" class=\"wp-image-23744\" srcset=\"https:\/\/www.altercampagne.net\/wp-content\/uploads\/2021\/11\/111425F8-0AA9-4DC7-A794-222C8432491B.jpeg 340w, https:\/\/www.altercampagne.net\/wp-content\/uploads\/2021\/11\/111425F8-0AA9-4DC7-A794-222C8432491B-300x199.jpeg 300w, https:\/\/www.altercampagne.net\/wp-content\/uploads\/2021\/11\/111425F8-0AA9-4DC7-A794-222C8432491B-100x66.jpeg 100w\" sizes=\"auto, (max-width: 340px) 100vw, 340px\" \/><\/a><\/figure>\n<\/div>\n\n\n<p>En 2008, <strong>pour f\u00eater le moratoire qui interdit la culture d\u2019OGM en plein champ<\/strong>, le collectif se structure en association et organise le premier AlterTour pour <strong>aller \u00e0 la rencontre de celles et ceux qui se sont mobilis\u00e9s contre les OGM<\/strong>, que ce soit les collectifs citoyens, les paysans, les communes qui ont pris des arr\u00eat\u00e9s interdisant localement la culture d\u2019OGM, les \u00e9quipes municipales qui ont fait des gr\u00e8ves de la faim pour alerter, des scientifiques qui ont alert\u00e9 aussi sur la dangerosit\u00e9&#8230; il y a beaucoup de monde \u00e0 aller voir. En allant les rencontrer on passe par des lieux incroyables : des \u00e9colieux, des habitats collectifs, des fermes tr\u00e8s engag\u00e9es. Avec cette premi\u00e8re \u00e9dition, on a parcouru 3.400 kilom\u00e8tres en 3 semaines !&nbsp;&nbsp;<\/p>\n\n\n\n<p><strong>Comment vous avez fait ?!<\/strong><\/p>\n\n\n\n<p>C\u2019\u00e9tait assez sportif. [rires] Avec le temps il y a eu des modifications de parcours pour \u00eatre plus raisonnable.&nbsp;<br><\/p>\n\n\n<div class=\"wp-block-image\">\n<figure class=\"aligncenter size-large\"><a href=\"https:\/\/www.altercampagne.net\/wp-content\/uploads\/2021\/11\/79951294-F80C-48F4-9179-D980054A8018.jpeg\"><img loading=\"lazy\" decoding=\"async\" width=\"441\" height=\"296\" src=\"https:\/\/www.altercampagne.net\/wp-content\/uploads\/2021\/11\/79951294-F80C-48F4-9179-D980054A8018.jpeg\" alt=\"\" class=\"wp-image-23745\" srcset=\"https:\/\/www.altercampagne.net\/wp-content\/uploads\/2021\/11\/79951294-F80C-48F4-9179-D980054A8018.jpeg 441w, https:\/\/www.altercampagne.net\/wp-content\/uploads\/2021\/11\/79951294-F80C-48F4-9179-D980054A8018-300x201.jpeg 300w, https:\/\/www.altercampagne.net\/wp-content\/uploads\/2021\/11\/79951294-F80C-48F4-9179-D980054A8018-100x67.jpeg 100w\" sizes=\"auto, (max-width: 441px) 100vw, 441px\" \/><\/a><figcaption class=\"wp-element-caption\">Image d\u2019archive : des Altercyclistes fourbus en 2008<\/figcaption><\/figure>\n<\/div>\n\n\n<p><strong>Qu\u2019est-ce qui a chang\u00e9 d\u2019autre par rapport \u00e0 cette premi\u00e8re \u00e9dition?<\/strong><\/p>\n\n\n\n<p>A l\u2019\u00e9poque, il y avait tr\u00e8s peu de b\u00e9n\u00e9voles dans l\u2019association, une \u00e9quipe de huit, dix personnes. <strong>On cr\u00e9ait des comit\u00e9s locaux dans chaque d\u00e9partement, compos\u00e9s principalement d\u2019accueillant.es, qui organisaient les \u00e9tapes<\/strong>. Le programme \u00e9tait tr\u00e8s dense et <strong>on rencontrait des accueillant.es sur toutes les pauses<\/strong>, m\u00eame les pauses cacahou\u00e8tes*! Quand on arrivait sur place, le repas \u00e9tait pr\u00eat, <strong>c\u2019\u00e9taient les accueillant.es qui le pr\u00e9paraient<\/strong>. L\u2019AlterTour leur payait cette prestation et ce qui repr\u00e9sentait un tr\u00e8s gros budget \u00e0 l\u2019\u00e9poque. Il y avait beaucoup d\u2019animations le soir : des conf\u00e9rences, des projections de film&#8230; comme on arrivait tard, souvent on avait loup\u00e9 la premi\u00e8re et on s\u2019endormait devait la troisi\u00e8me [rires]. C\u2019\u00e9tait sport mais c\u2019\u00e9tait chouette, une tr\u00e8s belle exp\u00e9rience.<\/p>\n\n\n\n<p>*<em>pour les n\u00e9ophytes, une pause cacahou\u00e8te est une pause r\u00e9alis\u00e9e \u00e0 mi chemin d\u2019une matin\u00e9e ou d\u2019une apr\u00e8s-midi o\u00f9 on roule, pour grignoter et reprendre des forces.<\/em><\/p>\n\n\n\n<figure class=\"wp-block-image size-large\"><a href=\"https:\/\/www.altercampagne.net\/wp-content\/uploads\/2021\/11\/4D554812-F705-4655-9372-211D42D087FC.jpeg\"><img loading=\"lazy\" decoding=\"async\" width=\"1024\" height=\"826\" src=\"https:\/\/www.altercampagne.net\/wp-content\/uploads\/2021\/11\/4D554812-F705-4655-9372-211D42D087FC-1024x826.jpeg\" alt=\"\" class=\"wp-image-23746\" srcset=\"https:\/\/www.altercampagne.net\/wp-content\/uploads\/2021\/11\/4D554812-F705-4655-9372-211D42D087FC-1024x826.jpeg 1024w, https:\/\/www.altercampagne.net\/wp-content\/uploads\/2021\/11\/4D554812-F705-4655-9372-211D42D087FC-300x242.jpeg 300w, https:\/\/www.altercampagne.net\/wp-content\/uploads\/2021\/11\/4D554812-F705-4655-9372-211D42D087FC-768x619.jpeg 768w, https:\/\/www.altercampagne.net\/wp-content\/uploads\/2021\/11\/4D554812-F705-4655-9372-211D42D087FC-1536x1239.jpeg 1536w, https:\/\/www.altercampagne.net\/wp-content\/uploads\/2021\/11\/4D554812-F705-4655-9372-211D42D087FC-610x492.jpeg 610w, https:\/\/www.altercampagne.net\/wp-content\/uploads\/2021\/11\/4D554812-F705-4655-9372-211D42D087FC-100x81.jpeg 100w, https:\/\/www.altercampagne.net\/wp-content\/uploads\/2021\/11\/4D554812-F705-4655-9372-211D42D087FC-862x695.jpeg 862w, https:\/\/www.altercampagne.net\/wp-content\/uploads\/2021\/11\/4D554812-F705-4655-9372-211D42D087FC-1140x919.jpeg 1140w, https:\/\/www.altercampagne.net\/wp-content\/uploads\/2021\/11\/4D554812-F705-4655-9372-211D42D087FC.jpeg 1798w\" sizes=\"auto, (max-width: 1024px) 100vw, 1024px\" \/><\/a><figcaption class=\"wp-element-caption\">Exemple d\u2019un comit\u00e9 d\u2019accueil. \u00c7a en fait du monde en cuisine !<\/figcaption><\/figure>\n\n\n\n<p><strong>Et toi, comment as-tu rejoint l\u2019AlterTour ?<\/strong><\/p>\n\n\n\n<p>Moi j\u2019\u00e9tais \u00e9tudiant en STAPS. Avec des copains, on \u00e9tait impliqu\u00e9s dans l\u2019asso \u00e9tudiante, on avait tous une sensibilit\u00e9 \u00e0 l\u2019\u00e9cologie assez forte, on d\u00e9couvrait <strong>les valeurs d\u2019horizontalit\u00e9 et d\u2019autogestion<\/strong>. On avait envie de<strong> travailler et vivre autrement et ensemble<\/strong>. On a lou\u00e9 une ancienne ferme pendant deux ans o\u00f9 on vivait \u00e0 une dizaine, sans compter les gens de passage. A cette p\u00e9riode on vit donc ensemble et on se demande comment faire pour travailler ensemble, travailler autrement. <\/p>\n\n\n\n<p><strong>Mais quel rapport avec l\u2019AlterTour ?<\/strong><\/p>\n\n\n\n<p>J\u2019y viens ! Pour s\u2019inspirer dans cette recherche de comment travailler autrement, <strong>on se programme un tour de France \u00e0 v\u00e9lo pour aller voir des mara\u00eechers, des paysans boulanger<\/strong>&#8230; On vise le milieu agricole qu\u2019on ne connait pas mais qui nous parle, on a envie que notre m\u00e9tier ait du sens, qu\u2019on ait un impact et l\u2019alimentation nous semble une bonne porte d\u2019entr\u00e9e pour l\u2019\u00e9cologie. <strong>En cr\u00e9ant ce tour de France \u00e0 notre fa\u00e7on, on tombe sur le site de l\u2019AlterTour<\/strong> avec sa premi\u00e8re \u00e9dition en 2008. Plut\u00f4t que de reproduire quelque chose qui existe d\u00e9j\u00e0, on d\u00e9cide d\u2019aller voir. On d\u00e9barque \u00e0 cinq sur le tour et \u00e7a nous plait beaucoup. <br><\/p>\n\n\n<div class=\"wp-block-image\">\n<figure class=\"aligncenter size-large\"><a href=\"https:\/\/www.altercampagne.net\/wp-content\/uploads\/2021\/11\/1A8C0DC8-AB2D-48EE-A36F-FCB5B30C50AD.jpeg\"><img loading=\"lazy\" decoding=\"async\" width=\"440\" height=\"295\" src=\"https:\/\/www.altercampagne.net\/wp-content\/uploads\/2021\/11\/1A8C0DC8-AB2D-48EE-A36F-FCB5B30C50AD.jpeg\" alt=\"\" class=\"wp-image-23747\" srcset=\"https:\/\/www.altercampagne.net\/wp-content\/uploads\/2021\/11\/1A8C0DC8-AB2D-48EE-A36F-FCB5B30C50AD.jpeg 440w, https:\/\/www.altercampagne.net\/wp-content\/uploads\/2021\/11\/1A8C0DC8-AB2D-48EE-A36F-FCB5B30C50AD-300x201.jpeg 300w, https:\/\/www.altercampagne.net\/wp-content\/uploads\/2021\/11\/1A8C0DC8-AB2D-48EE-A36F-FCB5B30C50AD-100x67.jpeg 100w\" sizes=\"auto, (max-width: 440px) 100vw, 440px\" \/><\/a><\/figure>\n<\/div>\n\n\n<p><br><strong>Et ensuite ?<\/strong><\/p>\n\n\n\n<p>En rentrant, on se rend compte qu\u2019on est sur des temporalit\u00e9s diff\u00e9rentes : certains veulent se lancer tout de suite, d\u2019autres attendre la fin de leurs \u00e9tudes. Le bail pr\u00e9caire de la maison partag\u00e9e se termine, on ne retrouve pas d\u2019autre lieu et le collectif se s\u00e9pare. L\u2019AlterTour me reste en t\u00eate, \u00e0 ce moment-l\u00e0 <strong>je suis en master 1, sport, loisir et d\u00e9veloppement territorial et je fais une demande de stage<\/strong>. <\/p>\n\n\n\n<p>Je suis pris dans l\u2019asso, pour 6 mois \u00e0 35h, comme coordinateur. L\u00e0 j\u2019apprends beaucoup. J\u2019organise l\u2019AlterTour 2009 avec une toute petite \u00e9quipe. <strong>\u00c7a me plait tellement qu\u2019\u00e0 la fin de mon stage je rentre au Coll\u00e8ge Solidaire<\/strong> puis je demande \u00e0 faire mon stage de master 2. A nouveau c\u2019est 6 mois \u00e0 35h, mais l\u2019UFR STAPS \u00e0 Besan\u00e7on pose <strong>une condition pour refaire le stage dans la m\u00eame structure, c\u2019est d\u2019avoir une promesse d\u2019embauche<\/strong>. Donc je valide mon stage et je suis embauch\u00e9 en octobre 2010 pour un CDD de 11 mois puis en CDI.<\/p>\n\n\n<div class=\"wp-block-image\">\n<figure class=\"aligncenter size-large\"><a href=\"https:\/\/www.altercampagne.net\/wp-content\/uploads\/2021\/11\/9BC576AB-5BB6-460E-81E0-A94F77F933A2.jpeg\"><img loading=\"lazy\" decoding=\"async\" width=\"440\" height=\"295\" src=\"https:\/\/www.altercampagne.net\/wp-content\/uploads\/2021\/11\/9BC576AB-5BB6-460E-81E0-A94F77F933A2.jpeg\" alt=\"\" class=\"wp-image-23748\" srcset=\"https:\/\/www.altercampagne.net\/wp-content\/uploads\/2021\/11\/9BC576AB-5BB6-460E-81E0-A94F77F933A2.jpeg 440w, https:\/\/www.altercampagne.net\/wp-content\/uploads\/2021\/11\/9BC576AB-5BB6-460E-81E0-A94F77F933A2-300x201.jpeg 300w, https:\/\/www.altercampagne.net\/wp-content\/uploads\/2021\/11\/9BC576AB-5BB6-460E-81E0-A94F77F933A2-100x67.jpeg 100w\" sizes=\"auto, (max-width: 440px) 100vw, 440px\" \/><\/a><\/figure>\n<\/div>\n\n\n<p><strong>Comment as-tu continu\u00e9 \u00e0 grandir une fois \u00e0 ce poste ?<\/strong><\/p>\n\n\n\n<p>J\u2019avais en t\u00eate le mod\u00e8le du r\u00e9seau associatif o\u00f9 j\u2019\u00e9tais avant, <strong>j\u2019\u00e9tais pr\u00e9sident de la F\u00e9d\u00e9ration des \u00e9tudiants de Besan\u00e7on<\/strong>, il y avait tous les mois une rencontre \u00e0 Paris, avec toutes les F\u00e9d\u00e9rations \u00e9tudiantes des diff\u00e9rentes villes et UFR. J\u2019avais le mod\u00e8le de cette vie associative tr\u00e8s dense, o\u00f9 <strong>des choses se passent au niveau national et au niveau local avec un tr\u00e8s fort investissement des membres \u00e0 toutes les \u00e9chelles<\/strong>. Dans l\u2019asso \u00e9tudiante \u00e0 Besan\u00e7on on \u00e9tait d\u00e9j\u00e0 dans l\u2019autogestion, avec une grande ouverture des r\u00e9unions \u00e0 tous les adh\u00e9rents, pas juste aux membres du bureau. Donc mon envie c\u2019\u00e9tait de <strong>passer du petit collectif de six huit personnes \u00e0 un collectif plus important o\u00f9 \u00e7a repose sur toustes, pas sur les deux ou trois personnes surinvesties<\/strong>.<\/p>\n\n\n\n<p><strong>Donc tu t\u2019es concentr\u00e9 l\u00e0 dessus en arrivant ?<\/strong><\/p>\n\n\n\n<p>Pas vraiment : pendant les premi\u00e8res ann\u00e9es, <strong>la pr\u00e9occupation majeure c\u2019\u00e9tait que le projet soit p\u00e9renne<\/strong>. On a commenc\u00e9 avec un d\u00e9ficit de 15 000\u20ac. On a fait un emprunt \u00e0 la Conf\u00e9d\u00e9ration Paysanne et leurs amis, qu\u2019on a rembours\u00e9 pendant trois ans. Le besoin alors c\u2019\u00e9tait de stabiliser les finances, pour ne pas dispara\u00eetre ! Le slogan cette premi\u00e8re ann\u00e9e c\u2019\u00e9tait <strong>\u00ab on ne sait pas si on va arriver au bout,&nbsp; mais au moins on est parti ! \u00bb<\/strong>[rires].<br><br><strong>Qu\u2019est-ce qui a \u00e9volu\u00e9?<\/strong><\/p>\n\n\n\n<p>La premi\u00e8re ann\u00e9e il y avait une <strong>prestation de pr\u00e9paration du repas par les accueillant.es qui co\u00fbtait tr\u00e8s cher<\/strong>. Les participant.es payaient au repas, pas \u00e0 la journ\u00e9e. <strong>Avec les copains, on avait pas un rond alors on n\u2019avait pay\u00e9 que le petit d\u00e9j<\/strong>\u2019, on essayait de se d\u00e9brouiller pour trouver de la bouffe pendant la journ\u00e9e mais c\u2019\u00e9tait pas du tout une bonne chose&#8230;. parce qu\u2019on en trouvait pas ! [rires] On essayait de n\u00e9gocier pour r\u00e9cup\u00e9rer les restes mais on n\u2019avait pas de quoi les transporter, on s\u2019est retrouv\u00e9 \u00e0 mettre des carottes r\u00e2p\u00e9es dans un sac de t-shrits et tout \u00e7a dans la soute du bus !<\/p>\n\n\n\n<p><strong>Vous aviez quoi comme v\u00e9hicules \u00e0 l\u2019\u00e9poque d\u2019ailleurs ?<\/strong><\/p>\n\n\n\n<p>La premi\u00e8re ann\u00e9e, il y avait un bus 45 places et on transportait une yourte sur son toit. Iels s\u2019\u00e9taient dit, <strong>si on est en gal\u00e8re et qu\u2019il pleut fort on monte la yourte et on est \u00e0 l\u2019abri<\/strong>. Elle n\u2019a jamais servi parce que bon une yourte \u00e7a se monte pas en cinq minutes ! [rires] Sur le toit, il y avait aussi des bidons d\u2019huile de friture recycl\u00e9e parce que le bus roulait avec un m\u00e9lange d\u2019huile et de gasoil. En plus du bus, on roulait avec deux camions, un pour transporter les bagages et les v\u00e9los et un bibliobus, qui transportait des livres qu\u2019on n\u2019a pas lus ! Il y avait aussi une voiture logistique et la voiture du photographe.<\/p>\n\n\n\n<div class=\"wp-block-columns is-layout-flex wp-container-core-columns-is-layout-9d6595d7 wp-block-columns-is-layout-flex\">\n<div class=\"wp-block-column is-layout-flow wp-block-column-is-layout-flow\" style=\"flex-basis:100%\">\n<figure class=\"wp-block-image size-large\"><a href=\"https:\/\/www.altercampagne.net\/wp-content\/uploads\/2021\/11\/03C9BD5B-D759-4902-8388-7A916FD409A1.jpeg\"><img loading=\"lazy\" decoding=\"async\" width=\"900\" height=\"599\" src=\"https:\/\/www.altercampagne.net\/wp-content\/uploads\/2021\/11\/03C9BD5B-D759-4902-8388-7A916FD409A1.jpeg\" alt=\"\" class=\"wp-image-23750\" srcset=\"https:\/\/www.altercampagne.net\/wp-content\/uploads\/2021\/11\/03C9BD5B-D759-4902-8388-7A916FD409A1.jpeg 900w, https:\/\/www.altercampagne.net\/wp-content\/uploads\/2021\/11\/03C9BD5B-D759-4902-8388-7A916FD409A1-300x200.jpeg 300w, https:\/\/www.altercampagne.net\/wp-content\/uploads\/2021\/11\/03C9BD5B-D759-4902-8388-7A916FD409A1-768x511.jpeg 768w, https:\/\/www.altercampagne.net\/wp-content\/uploads\/2021\/11\/03C9BD5B-D759-4902-8388-7A916FD409A1-610x406.jpeg 610w, https:\/\/www.altercampagne.net\/wp-content\/uploads\/2021\/11\/03C9BD5B-D759-4902-8388-7A916FD409A1-100x67.jpeg 100w, https:\/\/www.altercampagne.net\/wp-content\/uploads\/2021\/11\/03C9BD5B-D759-4902-8388-7A916FD409A1-862x574.jpeg 862w\" sizes=\"auto, (max-width: 900px) 100vw, 900px\" \/><\/a><figcaption class=\"wp-element-caption\">L\u2019iveco pour les v\u00e9los et les bagages version 2008, sans \u00e9tag\u00e8res am\u00e9nag\u00e9es !<\/figcaption><\/figure>\n\n\n\n<div class=\"wp-block-columns is-layout-flex wp-container-core-columns-is-layout-9d6595d7 wp-block-columns-is-layout-flex\">\n<div class=\"wp-block-column is-layout-flow wp-block-column-is-layout-flow\" style=\"flex-basis:100%\"><\/div>\n<\/div>\n<\/div>\n<\/div>\n\n\n\n<p><strong>Donc tu disais que vous avez chang\u00e9 le budget ?<\/strong><\/p>\n\n\n\n<p>Oui, on a revu la grille tarifaire. En 2009, on a eu des moments gal\u00e8re o\u00f9 les accueillants ne pouvaient pas faire \u00e0 manger et on a d\u00fb se d\u00e9brouiller. \u00c0 ce moment-l\u00e0, on s\u2019est dit qu\u2019on devait pr\u00e9parer les repas nous-m\u00eames, ce qui nous a permis de baisser le prix, parce qu\u2019au d\u00e9but sur certains jours on \u00e9tait \u00e0 43\u20ac par personne juste en bouffe !<\/p>\n\n\n\n<p>Il y avait eu <strong>des d\u00e9penses \u00e9normes la premi\u00e8re ann\u00e9e <\/strong>: pour l\u2019achat du stock de v\u00e9los, la location du bus et des Iveco, le salaire du chauffeur de bus, 2000 t-shirts&#8230;<strong> <\/strong>A la fin de la premi\u00e8re \u00e9dition, les v\u00e9los ont \u00e9t\u00e9 vendus aux participants pour s\u2019en sortir parce qu\u2019on savait qu\u2019on \u00e9tait en d\u00e9ficit. C\u2019\u00e9tait la cata.<\/p>\n\n\n\n<figure class=\"wp-block-image size-large\"><a href=\"https:\/\/www.altercampagne.net\/wp-content\/uploads\/2021\/11\/9D3C2AE7-872C-45AC-8A9A-C99E8E8A8FDC.jpeg\"><img loading=\"lazy\" decoding=\"async\" width=\"640\" height=\"425\" src=\"https:\/\/www.altercampagne.net\/wp-content\/uploads\/2021\/11\/9D3C2AE7-872C-45AC-8A9A-C99E8E8A8FDC.jpeg\" alt=\"\" class=\"wp-image-23751\" srcset=\"https:\/\/www.altercampagne.net\/wp-content\/uploads\/2021\/11\/9D3C2AE7-872C-45AC-8A9A-C99E8E8A8FDC.jpeg 640w, https:\/\/www.altercampagne.net\/wp-content\/uploads\/2021\/11\/9D3C2AE7-872C-45AC-8A9A-C99E8E8A8FDC-300x199.jpeg 300w, https:\/\/www.altercampagne.net\/wp-content\/uploads\/2021\/11\/9D3C2AE7-872C-45AC-8A9A-C99E8E8A8FDC-610x405.jpeg 610w, https:\/\/www.altercampagne.net\/wp-content\/uploads\/2021\/11\/9D3C2AE7-872C-45AC-8A9A-C99E8E8A8FDC-100x66.jpeg 100w\" sizes=\"auto, (max-width: 640px) 100vw, 640px\" \/><\/a><figcaption class=\"wp-element-caption\">Les altercyclistes en t-shirt verts lors de la premi\u00e8re \u00e9dition.<\/figcaption><\/figure>\n\n\n\n<p><strong>Qu\u2019est ce qu\u2019il y a eu d\u2019autre comme ajustement dans les premi\u00e8res ann\u00e9es ? <\/strong><\/p>\n\n\n\n<p>En plus de la nourriture qu\u2019on faisait nous m\u00eames, on a fait \u00e9voluer la logistique : en 2011, on a achet\u00e9 le premier minibus, ce qui nous a permis d\u2019\u00e9conomiser la location du bus avec chauffeur. La m\u00eame ann\u00e9e, <strong>on a diminu\u00e9 les \u00e9tapes<\/strong>, comme on \u00e9tait dans une zone montagneuse on est pass\u00e9 \u00e0 30km par jour, compar\u00e9 \u00e0 80 \u00e0 120 avant.<\/p>\n\n\n\n<p>Aussi <strong>on a chang\u00e9 de vaisselle<\/strong> : on avait commenc\u00e9 avec de la vaisselle&nbsp;en porcelaine achet\u00e9e chez Emmaus mais <strong>\u00e7a pesait une tonne<\/strong>. Gr\u00e2ce \u00e0 une participante qui a fait un don sp\u00e9cifiquement pour \u00e7a, on a achet\u00e9 des gamelles en inox et des bols en bambou.<\/p>\n\n\n\n<p><strong>Et dans l\u2019orga ?<\/strong><\/p>\n\n\n\n<p>Au niveau de la vie de l\u2019asso, on est rest\u00e9s peu nombreux.ses pendant des ann\u00e9es. <strong>Quand on \u00e9tait quinze en pl\u00e9ni\u00e8re c\u2019\u00e9tait le max, on tenait dans un salon d\u2019appartement jusqu\u2019en d\u00e9but 2015<\/strong>. Les pl\u00e9ni\u00e8res \u00e9taient des r\u00e9unions du Coll\u00e8ge Solidaire ouvertes aux adh\u00e9rent.es, on y parlait surtout de l\u2019administratif.<\/p>\n\n\n\n<p><strong>Rien \u00e0 voir avec les pl\u00e9ni\u00e8res d\u2019aujourd\u2019hui !<\/strong><\/p>\n\n\n\n<p>Je me rappelle un r\u00eave qu\u2019on avait fait avec Marie, Romain, Cl\u00e9mence, Vincent, Aur\u00e9lie et Anthony. <strong>On avait envie qu\u2019on soit une cinquantaine aux pl\u00e9ni\u00e8res, que tout ne repose pas que sur quelques personnes et qu\u2019on ait une vraie dynamique associative<\/strong>. <\/p>\n\n\n<div class=\"wp-block-image\">\n<figure class=\"aligncenter size-large\"><a href=\"https:\/\/www.altercampagne.net\/wp-content\/uploads\/2021\/11\/904B820B-5B98-4F66-9D27-FCAE30714AEB.jpeg\"><img loading=\"lazy\" decoding=\"async\" width=\"440\" height=\"295\" src=\"https:\/\/www.altercampagne.net\/wp-content\/uploads\/2021\/11\/904B820B-5B98-4F66-9D27-FCAE30714AEB.jpeg\" alt=\"\" class=\"wp-image-23757\" srcset=\"https:\/\/www.altercampagne.net\/wp-content\/uploads\/2021\/11\/904B820B-5B98-4F66-9D27-FCAE30714AEB.jpeg 440w, https:\/\/www.altercampagne.net\/wp-content\/uploads\/2021\/11\/904B820B-5B98-4F66-9D27-FCAE30714AEB-300x201.jpeg 300w, https:\/\/www.altercampagne.net\/wp-content\/uploads\/2021\/11\/904B820B-5B98-4F66-9D27-FCAE30714AEB-100x67.jpeg 100w\" sizes=\"auto, (max-width: 440px) 100vw, 440px\" \/><\/a><\/figure>\n<\/div>\n\n\n<p><strong>Comment vous avez fait pour transformer ce r\u00eave en r\u00e9alit\u00e9?<\/strong><\/p>\n\n\n\n<p>On a commenc\u00e9 par travailler sur l\u2019animation des pl\u00e9ni\u00e8res. <strong>Jusqu\u2019en 2015, c\u2019est moi seul qui les animait, c\u2019\u00e9tait fatiguant pour tout le monde ! <\/strong>On a mis en place les bin\u00f4mes de pr\u00e9paration de la pl\u00e9ni\u00e8re et on a vachement travaill\u00e9 sur les outils d\u2019animation. On s\u2019est dit, <strong>si on veut qu\u2019il y ait du monde, il faut rendre \u00e7a chouette et \u00e9viter les d\u00e9bats qui s\u2019enlisent<\/strong>, les ordres du jour peu r\u00e9fl\u00e9chis. On s\u2019est rendu compte qu\u2019il y avait une tr\u00e8s forte envie de prendre la parole dans le collectif, mais en l\u2019absence de cadre \u00e7a rendait les discussions interminables. <strong>Les prises de d\u00e9cision se faisaient beaucoup \u00e0 l\u2019\u00e9puisement<\/strong>. <br>On a structur\u00e9 pour savoir combien de temps aller durer chaque sujet, qui animait, vers quoi on voulait aller&#8230; on a boss\u00e9 pour <strong>chercher \u00e0 identifier pour chaque point s\u2019il s\u2019agissait d\u2019une transmission d\u2019informations, une r\u00e9flexion collective ou une prise de d\u00e9cision<\/strong> et se munir des outils d\u2019animation qui correspondaient. Pour l\u2019ordre du jour, on a commenc\u00e9 \u00e0 faire en sorte que les sujets soient probl\u00e9matis\u00e9s, par exemple plut\u00f4t que dire simplement \u00ab <em>on doit parler de la banque<\/em> \u00bb, poser la question \u00ab <em>doit-on garder la m\u00eame banque, et si on change quels sont les crit\u00e8res ?<\/em> \u00bb. <\/p>\n\n\n\n<p>A partir de l\u00e0 \u00e7a a chang\u00e9, on&nbsp; s\u2019est mis \u00e0 \u00eatre de plus en plus nombreux.ses.<\/p>\n\n\n<div class=\"wp-block-image\">\n<figure class=\"aligncenter size-large\"><a href=\"https:\/\/www.altercampagne.net\/wp-content\/uploads\/2021\/11\/F73AF23B-3222-4C1E-9079-5809EEAF654C.jpeg\"><img loading=\"lazy\" decoding=\"async\" width=\"440\" height=\"295\" src=\"https:\/\/www.altercampagne.net\/wp-content\/uploads\/2021\/11\/F73AF23B-3222-4C1E-9079-5809EEAF654C.jpeg\" alt=\"\" class=\"wp-image-23758\" srcset=\"https:\/\/www.altercampagne.net\/wp-content\/uploads\/2021\/11\/F73AF23B-3222-4C1E-9079-5809EEAF654C.jpeg 440w, https:\/\/www.altercampagne.net\/wp-content\/uploads\/2021\/11\/F73AF23B-3222-4C1E-9079-5809EEAF654C-300x201.jpeg 300w, https:\/\/www.altercampagne.net\/wp-content\/uploads\/2021\/11\/F73AF23B-3222-4C1E-9079-5809EEAF654C-100x67.jpeg 100w\" sizes=\"auto, (max-width: 440px) 100vw, 440px\" \/><\/a><\/figure>\n<\/div>\n\n\n<p><strong>Pour en revenir \u00e0 l\u2019AlterTour de mani\u00e8re plus g\u00e9n\u00e9rale, tu peux nous dire selon toi, quel est l\u2019objectif ?<\/strong><\/p>\n\n\n\n<p>Vaste question ! Au d\u00e9part, il servait vraiment \u00e0 <strong>alerter et diffuser des id\u00e9es, notamment sur les OGM<\/strong>. C\u2019\u00e9tait ce que les ancien.nes appellent de&nbsp;l\u2019agit prop, on est hyper visibles parce que toustes habill\u00e9.es avec des t-shirts de la m\u00eame couleur, on distribue des flyers, on fait des prises de parole dans la rue&#8230; <strong>Le fond de l\u2019AlterTour c\u2019\u00e9tait vraiment sensibiliser, en organisant des \u00e9v\u00e9nements d\u2019ampleur \u00e0 chaque \u00e9tape<\/strong>, pour rassembler du public sur le passage des cyclistes. Ce sont des fondamentaux qu\u2019on a un peu perdu avec le temps, mais j\u2019ai l\u2019impression qu\u2019il y a l\u2019envie d\u2019y revenir. Le groupe de travail sur le militantisme va s\u00fbrement faire des propositions en ce sens.<\/p>\n\n\n\n<p><strong>Le groupe de travail sur notre rapport au temps en parle aussi.<\/strong><\/p>\n\n\n\n<p>Depuis le premier tour, on court apr\u00e8s le temps. <strong>La critique la plus forte c\u2019est que les participant.es manquent de temps.<\/strong> \u00c7a a conduit \u00e0 la diminution du kilom\u00e9trage, mais \u00e7a n\u2019a pas fait une forte diff\u00e9rence puisqu\u2019en parall\u00e8le il y a eu l\u2019ajout de temps logistiques, avec la pr\u00e9paration des repas et la vaisselle. <strong>\u00c0<\/strong> <strong>contre-c\u0153ur on a rabot\u00e9 le programme<\/strong>, en enlevant dans un premier temps les conf\u00e9rences. Les personnes qui parlaient en conf\u00e9rences venaient d\u2019ailleurs, alors <strong>on a privil\u00e9gi\u00e9 la parole de celleux sur place, qui accueillaient et pouvaient nous parler du lieu sur lequel on se rendait<\/strong>. En plus de la question du temps, on avait aussi un vrai probl\u00e8me de fatigue, <strong>s\u2019endormir devant les conf\u00e9rencier.es<\/strong> c\u2019\u00e9tait dur pour celleux qui nous parlaient comme pour nous !<\/p>\n\n\n\n<figure class=\"wp-block-image size-large\"><a href=\"https:\/\/www.altercampagne.net\/wp-content\/uploads\/2021\/11\/34D24701-F670-4CE0-B5DA-AEF1A31D5514.jpeg\"><img loading=\"lazy\" decoding=\"async\" width=\"1024\" height=\"731\" src=\"https:\/\/www.altercampagne.net\/wp-content\/uploads\/2021\/11\/34D24701-F670-4CE0-B5DA-AEF1A31D5514-1024x731.jpeg\" alt=\"\" class=\"wp-image-23753\" srcset=\"https:\/\/www.altercampagne.net\/wp-content\/uploads\/2021\/11\/34D24701-F670-4CE0-B5DA-AEF1A31D5514-1024x731.jpeg 1024w, https:\/\/www.altercampagne.net\/wp-content\/uploads\/2021\/11\/34D24701-F670-4CE0-B5DA-AEF1A31D5514-300x214.jpeg 300w, https:\/\/www.altercampagne.net\/wp-content\/uploads\/2021\/11\/34D24701-F670-4CE0-B5DA-AEF1A31D5514-768x548.jpeg 768w, https:\/\/www.altercampagne.net\/wp-content\/uploads\/2021\/11\/34D24701-F670-4CE0-B5DA-AEF1A31D5514-1536x1096.jpeg 1536w, https:\/\/www.altercampagne.net\/wp-content\/uploads\/2021\/11\/34D24701-F670-4CE0-B5DA-AEF1A31D5514-610x435.jpeg 610w, https:\/\/www.altercampagne.net\/wp-content\/uploads\/2021\/11\/34D24701-F670-4CE0-B5DA-AEF1A31D5514-100x71.jpeg 100w, https:\/\/www.altercampagne.net\/wp-content\/uploads\/2021\/11\/34D24701-F670-4CE0-B5DA-AEF1A31D5514-862x615.jpeg 862w, https:\/\/www.altercampagne.net\/wp-content\/uploads\/2021\/11\/34D24701-F670-4CE0-B5DA-AEF1A31D5514-1140x814.jpeg 1140w, https:\/\/www.altercampagne.net\/wp-content\/uploads\/2021\/11\/34D24701-F670-4CE0-B5DA-AEF1A31D5514.jpeg 2047w\" sizes=\"auto, (max-width: 1024px) 100vw, 1024px\" \/><\/a><figcaption class=\"wp-element-caption\">Exemple des temps de rencontres sur une journ\u00e9e en 2008, c\u2019est intense !<\/figcaption><\/figure>\n\n\n\n<p><strong>Est ce qu\u2019il y a eu d\u2019autres changements sur le programme ?<\/strong><\/p>\n\n\n\n<p>Progressivement on a incorpor\u00e9 des <strong>actions militantes<\/strong>. La premi\u00e8re action militante, en dehors des v\u00e9lorutions, c\u2019\u00e9tait en 2015 avec <strong>des barbouillages ou d\u00e9crochages de panneaux publicitaires<\/strong>. C\u2019est quelque chose qu\u2019on avait envie de faire depuis longtemps mais qu\u2019on s\u2019interdisait car une partie des membres de l\u2019asso \u00e9tait contre. \u00c7a reste minoritaire dans nos modes d\u2019action m\u00eame si a fini par s\u2019imposer, on en fait en moyenne deux par AlterTour.<\/p>\n\n\n\n<p>Pour en revenir \u00e0 la question, avant on \u00e9tait sur <strong>la sensibilisation du grand public, aujourd\u2019hui on est plut\u00f4t sur la sensibilisation du groupe qui participe \u00e0 l\u2019AT<\/strong> avec pour objet les changements de vie.&nbsp;<\/p>\n\n\n\n<p><strong>Comment s\u2019est op\u00e9r\u00e9e cette transition ?<\/strong><\/p>\n\n\n\n<p>On s\u2019est rendu compte que notre mission de toucher le grand public ne r\u00e9ussissait pas si bien et qu\u2019<strong>on avait du mal \u00e0 mobiliser localement<\/strong>. Les accueillant.es arrivaient \u00e0 mobiliser leur r\u00e9seau mais du coup <strong>on restait entre convaincu.es<\/strong>. Dans l\u2019asso, notre objectif est de rester militant tout en<strong> allant toucher des gens qui le sont moins<\/strong>. <br>\u00c7a fait du bien, quand on est tr\u00e8s militant, d\u2019\u00eatre dans un groupe qui l\u2019est aussi, <strong>c\u2019est rassurant de se retrouver avec des gens qui ont les m\u00eames pr\u00e9occupations, mais \u00e7a ne fait pas bouger les lignes<\/strong>. Alors qu\u2019en s\u2019ouvrant \u00e0 un public plus large sur l\u2019AT, on \u00e9largit le cercle qu\u2019on touche. En m\u00eame temps le tour s\u2019agrandit, on est quand m\u00eame pass\u00e9s de 120 participant.es la premi\u00e8re ann\u00e9e \u00e0 500 cet \u00e9t\u00e9.<\/p>\n\n\n<div class=\"wp-block-image\">\n<figure class=\"aligncenter size-large\"><a href=\"https:\/\/www.altercampagne.net\/wp-content\/uploads\/2021\/11\/08E3C9A2-1A2D-4519-9A3A-6E509925AADB.jpeg\"><img loading=\"lazy\" decoding=\"async\" width=\"440\" height=\"295\" src=\"https:\/\/www.altercampagne.net\/wp-content\/uploads\/2021\/11\/08E3C9A2-1A2D-4519-9A3A-6E509925AADB.jpeg\" alt=\"\" class=\"wp-image-23754\" srcset=\"https:\/\/www.altercampagne.net\/wp-content\/uploads\/2021\/11\/08E3C9A2-1A2D-4519-9A3A-6E509925AADB.jpeg 440w, https:\/\/www.altercampagne.net\/wp-content\/uploads\/2021\/11\/08E3C9A2-1A2D-4519-9A3A-6E509925AADB-300x201.jpeg 300w, https:\/\/www.altercampagne.net\/wp-content\/uploads\/2021\/11\/08E3C9A2-1A2D-4519-9A3A-6E509925AADB-100x67.jpeg 100w\" sizes=\"auto, (max-width: 440px) 100vw, 440px\" \/><\/a><figcaption class=\"wp-element-caption\">A l\u2019int\u00e9rieur du bus 45 places, en 2008<\/figcaption><\/figure>\n<\/div>\n\n\n<p><strong>Mais on reste quand m\u00eame dans des profils qui se ressemblent parmi les altercyclistes.<\/strong><\/p>\n\n\n\n<p>Oui, ce c\u00f4t\u00e9 de <strong>se conforter entre personnes soucieuses sur l\u2019avenir de l\u2019humanit\u00e9 sur la plan\u00e8te existe encore<\/strong>, et c\u2019est important. Dans leur vie quotidienne souvent les altercyclistes se sentent en minorit\u00e9, c\u2019est un bol d\u2019oxyg\u00e8ne de venir \u00e0 l\u2019AT et de se rendre compte qu\u2019on est pas seul.e \u00e0 avoir ces pr\u00e9occupations l\u00e0 et cette envie de changement.<\/p>\n\n\n\n<p><strong>Qu\u2019est-ce qui t\u2019a donn\u00e9 envie de t\u2019investir au d\u00e9but?<\/strong><\/p>\n\n\n\n<p>Je me suis investi pour le projet militant car son message politique me touchait beaucoup. J\u2019\u00e9tais convaincu de sa n\u00e9cessit\u00e9. Il y a aussi ce c\u00f4t\u00e9 fou, un \u00e9t\u00e9 sur l\u2019AT c\u2019est incroyable, bluffant !<\/p>\n\n\n\n<p><strong>Qu\u2019est-ce qui t\u2019a donn\u00e9 envie de poursuivre?<\/strong><\/p>\n\n\n\n<p>J\u2019ai continu\u00e9 par envie de rendre la pr\u00e9paration aussi incroyable que le tour.<\/p>\n\n\n\n<p><strong>Est-ce que \u00e7a a march\u00e9 ?<\/strong><\/p>\n\n\n\n<p>Moi \u00e7a me cause en tout cas ! Je suis content ! [rires]\n\n\n\n<p>Depuis sont d\u00e9part de l&rsquo;AlterTour, Mathieu \u00e0 cr\u00e9er la <strong><a href=\"https:\/\/www.facebook.com\/BrasseriePlumeJurassienne\" target=\"_blank\" rel=\"noreferrer noopener\">Brasserie Plume Jurassienne<\/a><\/strong> \u00e0 Cramans dans le Jura.<\/p>\n\n\n\n<p>Lire les autres articles : <strong><a href=\"https:\/\/www.altercampagne.net\/?p=23760\">Entretien avec Mathieu 2\/3<\/a><\/strong> et <strong><a href=\"https:\/\/www.altercampagne.net\/?p=23762\">Entretien avec Mathieu 3\/3<\/a><\/strong><\/p>\n\n\n<div class=\"wp-block-image\">\n<figure class=\"aligncenter size-large\"><a href=\"https:\/\/www.altercampagne.net\/wp-content\/uploads\/2021\/11\/6A26FF19-C0C7-4691-8E5B-DE2935131952.jpeg\"><img loading=\"lazy\" decoding=\"async\" width=\"340\" height=\"226\" src=\"https:\/\/www.altercampagne.net\/wp-content\/uploads\/2021\/11\/6A26FF19-C0C7-4691-8E5B-DE2935131952.jpeg\" alt=\"\" class=\"wp-image-23755\" srcset=\"https:\/\/www.altercampagne.net\/wp-content\/uploads\/2021\/11\/6A26FF19-C0C7-4691-8E5B-DE2935131952.jpeg 340w, https:\/\/www.altercampagne.net\/wp-content\/uploads\/2021\/11\/6A26FF19-C0C7-4691-8E5B-DE2935131952-300x199.jpeg 300w, https:\/\/www.altercampagne.net\/wp-content\/uploads\/2021\/11\/6A26FF19-C0C7-4691-8E5B-DE2935131952-100x66.jpeg 100w\" sizes=\"auto, (max-width: 340px) 100vw, 340px\" \/><\/a><figcaption class=\"wp-element-caption\">Le magnifique bus 45 places !<\/figcaption><\/figure>\n<\/div>\n\n\n<p class=\"has-text-align-right\"><em>Un grand merci \u00e0 Ang\u00e9lique pour la relecture !<\/em><\/p>\n\n\n\n<p class=\"has-white-color has-text-color has-link-color wp-elements-fd1190fafda229aa4409d6a01f2a7cd6\">Lire aussi : <a href=\"https:\/\/www.valdamour.com\/actualites\/brasserie-plume-jurassienne-entre-passion-ecologie-et-biere-legere\" target=\"_blank\" rel=\"noreferrer noopener\">Brasserie Plume Jurassienne : entre passion, \u00e9cologie et bi\u00e8re l\u00e9g\u00e8re<\/a><\/p>\n\n\n\n<p class=\"has-white-color has-text-color has-link-color wp-elements-ea22cda828418761997a84049bc0f5f9\">Instagram de la Brasserie Plume Jurassienne : <a href=\"https:\/\/www.instagram.com\/brasserieplumejurassienne\/\" target=\"_blank\" rel=\"noreferrer noopener\">https:\/\/www.instagram.com\/brasserieplumejurassienne\/<\/a><\/p>\n","protected":false},"excerpt":{"rendered":"<p>A l\u2019occasion du d\u00e9part de Mathieu, j\u2019ai eu envie d\u2019imaginer un interview au long court, parce que je me disais quand m\u00eame, en quatorze ans il a d\u00fb en accumuler des histoires ! Cet entretien a dur\u00e9 deux heures, je l\u2019ai retranscrit et s\u00e9par\u00e9 en trois \u00e9pisodes, voici le premier &#8230; <\/p>\n<div><a href=\"https:\/\/www.altercampagne.net\/?p=23741\" class=\"more-link\">Read More<\/a><\/div>\n","protected":false},"author":361,"featured_media":23826,"comment_status":"closed","ping_status":"closed","sticky":false,"template":"","format":"standard","meta":{"footnotes":""},"categories":[4313,3495,3574,4037,4310,4054],"tags":[4466,4510,4509,4508,4507,4494,4493,4492,4491,552,4457,4456,4455,4454,4450,1018,612,598],"class_list":["post-23741","post","type-post","status-publish","format-standard","has-post-thumbnail","hentry","category-altertour","category-bourgogne-franche-comte","category-bieretour","category-biere","category-communication","category-temoignages","tag-brasserie-artisanale","tag-brasserie-bio","tag-brasserie-franche-comte","tag-brasserie-jura","tag-biere-jura","tag-brasserie-val-damour","tag-brasserie-cramans","tag-val-damour","tag-4491","tag-mathieu-fromont","tag-biere-bio","tag-plume-biere-artisanale-legere","tag-biere-legere","tag-brasserie-plume","tag-brasserie-plume-jurassienne","tag-franche-comte","tag-cramans","tag-jura"],"yoast_head":"<!-- This site is optimized with the Yoast SEO plugin v27.3 - https:\/\/yoast.com\/product\/yoast-seo-wordpress\/ -->\n<title>Entretien avec Mathieu 1\/3 : l\u2019histoire de l\u2019AlterTour - AlterTour<\/title>\n<meta name=\"robots\" content=\"index, follow, max-snippet:-1, max-image-preview:large, max-video-preview:-1\" \/>\n<link rel=\"canonical\" href=\"https:\/\/www.altercampagne.net\/?p=23741\" \/>\n<meta property=\"og:locale\" content=\"fr_FR\" \/>\n<meta property=\"og:type\" content=\"article\" \/>\n<meta property=\"og:title\" content=\"Entretien avec Mathieu 1\/3 : l\u2019histoire de l\u2019AlterTour - AlterTour\" \/>\n<meta property=\"og:description\" content=\"A l\u2019occasion du d\u00e9part de Mathieu, j\u2019ai eu envie d\u2019imaginer un interview au long court, parce que je me disais quand m\u00eame, en quatorze ans il a d\u00fb en accumuler des histoires ! Cet entretien a dur\u00e9 deux heures, je l\u2019ai retranscrit et s\u00e9par\u00e9 en trois \u00e9pisodes, voici le premier ... Read More\" \/>\n<meta property=\"og:url\" content=\"https:\/\/www.altercampagne.net\/?p=23741\" \/>\n<meta property=\"og:site_name\" content=\"AlterTour\" \/>\n<meta property=\"article:published_time\" content=\"2021-11-25T11:19:03+00:00\" \/>\n<meta property=\"article:modified_time\" content=\"2024-11-08T23:05:32+00:00\" \/>\n<meta property=\"og:image\" content=\"https:\/\/www.altercampagne.net\/wp-content\/uploads\/2021\/11\/FD43EB2B-9073-4E7F-AE26-205BA3FE90D8.jpeg\" \/>\n\t<meta property=\"og:image:width\" content=\"1920\" \/>\n\t<meta property=\"og:image:height\" content=\"1280\" \/>\n\t<meta property=\"og:image:type\" content=\"image\/jpeg\" \/>\n<meta name=\"author\" content=\"Pauline\" \/>\n<meta name=\"twitter:card\" content=\"summary_large_image\" \/>\n<meta name=\"twitter:label1\" content=\"\u00c9crit par\" \/>\n\t<meta name=\"twitter:data1\" content=\"Pauline\" \/>\n\t<meta name=\"twitter:label2\" content=\"Dur\u00e9e de lecture estim\u00e9e\" \/>\n\t<meta name=\"twitter:data2\" content=\"17 minutes\" \/>\n<script type=\"application\/ld+json\" class=\"yoast-schema-graph\">{\"@context\":\"https:\\\/\\\/schema.org\",\"@graph\":[{\"@type\":\"Article\",\"@id\":\"https:\\\/\\\/www.altercampagne.net\\\/?p=23741#article\",\"isPartOf\":{\"@id\":\"https:\\\/\\\/www.altercampagne.net\\\/?p=23741\"},\"author\":{\"name\":\"Pauline\",\"@id\":\"https:\\\/\\\/www.altercampagne.net\\\/#\\\/schema\\\/person\\\/caf30ed73e072285b8f761300370ddb5\"},\"headline\":\"Entretien avec Mathieu 1\\\/3 : l\u2019histoire de l\u2019AlterTour\",\"datePublished\":\"2021-11-25T11:19:03+00:00\",\"dateModified\":\"2024-11-08T23:05:32+00:00\",\"mainEntityOfPage\":{\"@id\":\"https:\\\/\\\/www.altercampagne.net\\\/?p=23741\"},\"wordCount\":3053,\"image\":{\"@id\":\"https:\\\/\\\/www.altercampagne.net\\\/?p=23741#primaryimage\"},\"thumbnailUrl\":\"https:\\\/\\\/www.altercampagne.net\\\/wp-content\\\/uploads\\\/2021\\\/11\\\/FD43EB2B-9073-4E7F-AE26-205BA3FE90D8.jpeg\",\"keywords\":[\"Brasserie Artisanale\",\"brasserie bio\",\"Brasserie Franche-Comt\u00e9\",\"Brasserie Jura\",\"bi\u00e8re Jura\",\"brasserie val d'amour\",\"brasserie Cramans\",\"val d'amour\",\"39\",\"Mathieu Fromont\",\"bi\u00e8re bio\",\"plume bi\u00e8re artisanale l\u00e9g\u00e8re\",\"bi\u00e8re l\u00e9g\u00e8re\",\"brasserie plume\",\"Brasserie Plume Jurassienne\",\"Franche-Comt\u00e9\",\"Cramans\",\"jura\"],\"articleSection\":[\"AlterTour\",\"Bourgogne-Franche-Comt\u00e9\",\"Bi\u00e8reTour\",\"Bi\u00e8re\",\"communication\",\"T\u00e9moignages\"],\"inLanguage\":\"fr-FR\"},{\"@type\":\"WebPage\",\"@id\":\"https:\\\/\\\/www.altercampagne.net\\\/?p=23741\",\"url\":\"https:\\\/\\\/www.altercampagne.net\\\/?p=23741\",\"name\":\"Entretien avec Mathieu 1\\\/3 : l\u2019histoire de l\u2019AlterTour - AlterTour\",\"isPartOf\":{\"@id\":\"https:\\\/\\\/www.altercampagne.net\\\/#website\"},\"primaryImageOfPage\":{\"@id\":\"https:\\\/\\\/www.altercampagne.net\\\/?p=23741#primaryimage\"},\"image\":{\"@id\":\"https:\\\/\\\/www.altercampagne.net\\\/?p=23741#primaryimage\"},\"thumbnailUrl\":\"https:\\\/\\\/www.altercampagne.net\\\/wp-content\\\/uploads\\\/2021\\\/11\\\/FD43EB2B-9073-4E7F-AE26-205BA3FE90D8.jpeg\",\"datePublished\":\"2021-11-25T11:19:03+00:00\",\"dateModified\":\"2024-11-08T23:05:32+00:00\",\"author\":{\"@id\":\"https:\\\/\\\/www.altercampagne.net\\\/#\\\/schema\\\/person\\\/caf30ed73e072285b8f761300370ddb5\"},\"breadcrumb\":{\"@id\":\"https:\\\/\\\/www.altercampagne.net\\\/?p=23741#breadcrumb\"},\"inLanguage\":\"fr-FR\",\"potentialAction\":[{\"@type\":\"ReadAction\",\"target\":[\"https:\\\/\\\/www.altercampagne.net\\\/?p=23741\"]}]},{\"@type\":\"ImageObject\",\"inLanguage\":\"fr-FR\",\"@id\":\"https:\\\/\\\/www.altercampagne.net\\\/?p=23741#primaryimage\",\"url\":\"https:\\\/\\\/www.altercampagne.net\\\/wp-content\\\/uploads\\\/2021\\\/11\\\/FD43EB2B-9073-4E7F-AE26-205BA3FE90D8.jpeg\",\"contentUrl\":\"https:\\\/\\\/www.altercampagne.net\\\/wp-content\\\/uploads\\\/2021\\\/11\\\/FD43EB2B-9073-4E7F-AE26-205BA3FE90D8.jpeg\",\"width\":1920,\"height\":1280},{\"@type\":\"BreadcrumbList\",\"@id\":\"https:\\\/\\\/www.altercampagne.net\\\/?p=23741#breadcrumb\",\"itemListElement\":[{\"@type\":\"ListItem\",\"position\":1,\"name\":\"Accueil\",\"item\":\"https:\\\/\\\/www.altercampagne.net\\\/\"},{\"@type\":\"ListItem\",\"position\":2,\"name\":\"Entretien avec Mathieu 1\\\/3 : l\u2019histoire de l\u2019AlterTour\"}]},{\"@type\":\"WebSite\",\"@id\":\"https:\\\/\\\/www.altercampagne.net\\\/#website\",\"url\":\"https:\\\/\\\/www.altercampagne.net\\\/\",\"name\":\"AlterTour\",\"description\":\"Reliez les Alternatives \u00e0 v\u00e9lo\",\"potentialAction\":[{\"@type\":\"SearchAction\",\"target\":{\"@type\":\"EntryPoint\",\"urlTemplate\":\"https:\\\/\\\/www.altercampagne.net\\\/?s={search_term_string}\"},\"query-input\":{\"@type\":\"PropertyValueSpecification\",\"valueRequired\":true,\"valueName\":\"search_term_string\"}}],\"inLanguage\":\"fr-FR\"},{\"@type\":\"Person\",\"@id\":\"https:\\\/\\\/www.altercampagne.net\\\/#\\\/schema\\\/person\\\/caf30ed73e072285b8f761300370ddb5\",\"name\":\"Pauline\",\"image\":{\"@type\":\"ImageObject\",\"inLanguage\":\"fr-FR\",\"@id\":\"https:\\\/\\\/secure.gravatar.com\\\/avatar\\\/f84b78638c34b3d6ac7339a8ef00413d11da3b09ee578a762504104ff060cde7?s=96&d=mm&r=g\",\"url\":\"https:\\\/\\\/secure.gravatar.com\\\/avatar\\\/f84b78638c34b3d6ac7339a8ef00413d11da3b09ee578a762504104ff060cde7?s=96&d=mm&r=g\",\"contentUrl\":\"https:\\\/\\\/secure.gravatar.com\\\/avatar\\\/f84b78638c34b3d6ac7339a8ef00413d11da3b09ee578a762504104ff060cde7?s=96&d=mm&r=g\",\"caption\":\"Pauline\"},\"url\":\"https:\\\/\\\/www.altercampagne.net\\\/?author=361\"}]}<\/script>\n<!-- \/ Yoast SEO plugin. -->","yoast_head_json":{"title":"Entretien avec Mathieu 1\/3 : l\u2019histoire de l\u2019AlterTour - AlterTour","robots":{"index":"index","follow":"follow","max-snippet":"max-snippet:-1","max-image-preview":"max-image-preview:large","max-video-preview":"max-video-preview:-1"},"canonical":"https:\/\/www.altercampagne.net\/?p=23741","og_locale":"fr_FR","og_type":"article","og_title":"Entretien avec Mathieu 1\/3 : l\u2019histoire de l\u2019AlterTour - AlterTour","og_description":"A l\u2019occasion du d\u00e9part de Mathieu, j\u2019ai eu envie d\u2019imaginer un interview au long court, parce que je me disais quand m\u00eame, en quatorze ans il a d\u00fb en accumuler des histoires ! Cet entretien a dur\u00e9 deux heures, je l\u2019ai retranscrit et s\u00e9par\u00e9 en trois \u00e9pisodes, voici le premier ... Read More","og_url":"https:\/\/www.altercampagne.net\/?p=23741","og_site_name":"AlterTour","article_published_time":"2021-11-25T11:19:03+00:00","article_modified_time":"2024-11-08T23:05:32+00:00","og_image":[{"width":1920,"height":1280,"url":"https:\/\/www.altercampagne.net\/wp-content\/uploads\/2021\/11\/FD43EB2B-9073-4E7F-AE26-205BA3FE90D8.jpeg","type":"image\/jpeg"}],"author":"Pauline","twitter_card":"summary_large_image","twitter_misc":{"\u00c9crit par":"Pauline","Dur\u00e9e de lecture estim\u00e9e":"17 minutes"},"schema":{"@context":"https:\/\/schema.org","@graph":[{"@type":"Article","@id":"https:\/\/www.altercampagne.net\/?p=23741#article","isPartOf":{"@id":"https:\/\/www.altercampagne.net\/?p=23741"},"author":{"name":"Pauline","@id":"https:\/\/www.altercampagne.net\/#\/schema\/person\/caf30ed73e072285b8f761300370ddb5"},"headline":"Entretien avec Mathieu 1\/3 : l\u2019histoire de l\u2019AlterTour","datePublished":"2021-11-25T11:19:03+00:00","dateModified":"2024-11-08T23:05:32+00:00","mainEntityOfPage":{"@id":"https:\/\/www.altercampagne.net\/?p=23741"},"wordCount":3053,"image":{"@id":"https:\/\/www.altercampagne.net\/?p=23741#primaryimage"},"thumbnailUrl":"https:\/\/www.altercampagne.net\/wp-content\/uploads\/2021\/11\/FD43EB2B-9073-4E7F-AE26-205BA3FE90D8.jpeg","keywords":["Brasserie Artisanale","brasserie bio","Brasserie Franche-Comt\u00e9","Brasserie Jura","bi\u00e8re Jura","brasserie val d'amour","brasserie Cramans","val d'amour","39","Mathieu Fromont","bi\u00e8re bio","plume bi\u00e8re artisanale l\u00e9g\u00e8re","bi\u00e8re l\u00e9g\u00e8re","brasserie plume","Brasserie Plume Jurassienne","Franche-Comt\u00e9","Cramans","jura"],"articleSection":["AlterTour","Bourgogne-Franche-Comt\u00e9","Bi\u00e8reTour","Bi\u00e8re","communication","T\u00e9moignages"],"inLanguage":"fr-FR"},{"@type":"WebPage","@id":"https:\/\/www.altercampagne.net\/?p=23741","url":"https:\/\/www.altercampagne.net\/?p=23741","name":"Entretien avec Mathieu 1\/3 : l\u2019histoire de l\u2019AlterTour - AlterTour","isPartOf":{"@id":"https:\/\/www.altercampagne.net\/#website"},"primaryImageOfPage":{"@id":"https:\/\/www.altercampagne.net\/?p=23741#primaryimage"},"image":{"@id":"https:\/\/www.altercampagne.net\/?p=23741#primaryimage"},"thumbnailUrl":"https:\/\/www.altercampagne.net\/wp-content\/uploads\/2021\/11\/FD43EB2B-9073-4E7F-AE26-205BA3FE90D8.jpeg","datePublished":"2021-11-25T11:19:03+00:00","dateModified":"2024-11-08T23:05:32+00:00","author":{"@id":"https:\/\/www.altercampagne.net\/#\/schema\/person\/caf30ed73e072285b8f761300370ddb5"},"breadcrumb":{"@id":"https:\/\/www.altercampagne.net\/?p=23741#breadcrumb"},"inLanguage":"fr-FR","potentialAction":[{"@type":"ReadAction","target":["https:\/\/www.altercampagne.net\/?p=23741"]}]},{"@type":"ImageObject","inLanguage":"fr-FR","@id":"https:\/\/www.altercampagne.net\/?p=23741#primaryimage","url":"https:\/\/www.altercampagne.net\/wp-content\/uploads\/2021\/11\/FD43EB2B-9073-4E7F-AE26-205BA3FE90D8.jpeg","contentUrl":"https:\/\/www.altercampagne.net\/wp-content\/uploads\/2021\/11\/FD43EB2B-9073-4E7F-AE26-205BA3FE90D8.jpeg","width":1920,"height":1280},{"@type":"BreadcrumbList","@id":"https:\/\/www.altercampagne.net\/?p=23741#breadcrumb","itemListElement":[{"@type":"ListItem","position":1,"name":"Accueil","item":"https:\/\/www.altercampagne.net\/"},{"@type":"ListItem","position":2,"name":"Entretien avec Mathieu 1\/3 : l\u2019histoire de l\u2019AlterTour"}]},{"@type":"WebSite","@id":"https:\/\/www.altercampagne.net\/#website","url":"https:\/\/www.altercampagne.net\/","name":"AlterTour","description":"Reliez les Alternatives \u00e0 v\u00e9lo","potentialAction":[{"@type":"SearchAction","target":{"@type":"EntryPoint","urlTemplate":"https:\/\/www.altercampagne.net\/?s={search_term_string}"},"query-input":{"@type":"PropertyValueSpecification","valueRequired":true,"valueName":"search_term_string"}}],"inLanguage":"fr-FR"},{"@type":"Person","@id":"https:\/\/www.altercampagne.net\/#\/schema\/person\/caf30ed73e072285b8f761300370ddb5","name":"Pauline","image":{"@type":"ImageObject","inLanguage":"fr-FR","@id":"https:\/\/secure.gravatar.com\/avatar\/f84b78638c34b3d6ac7339a8ef00413d11da3b09ee578a762504104ff060cde7?s=96&d=mm&r=g","url":"https:\/\/secure.gravatar.com\/avatar\/f84b78638c34b3d6ac7339a8ef00413d11da3b09ee578a762504104ff060cde7?s=96&d=mm&r=g","contentUrl":"https:\/\/secure.gravatar.com\/avatar\/f84b78638c34b3d6ac7339a8ef00413d11da3b09ee578a762504104ff060cde7?s=96&d=mm&r=g","caption":"Pauline"},"url":"https:\/\/www.altercampagne.net\/?author=361"}]}},"_links":{"self":[{"href":"https:\/\/www.altercampagne.net\/index.php?rest_route=\/wp\/v2\/posts\/23741","targetHints":{"allow":["GET"]}}],"collection":[{"href":"https:\/\/www.altercampagne.net\/index.php?rest_route=\/wp\/v2\/posts"}],"about":[{"href":"https:\/\/www.altercampagne.net\/index.php?rest_route=\/wp\/v2\/types\/post"}],"author":[{"embeddable":true,"href":"https:\/\/www.altercampagne.net\/index.php?rest_route=\/wp\/v2\/users\/361"}],"replies":[{"embeddable":true,"href":"https:\/\/www.altercampagne.net\/index.php?rest_route=%2Fwp%2Fv2%2Fcomments&post=23741"}],"version-history":[{"count":20,"href":"https:\/\/www.altercampagne.net\/index.php?rest_route=\/wp\/v2\/posts\/23741\/revisions"}],"predecessor-version":[{"id":28866,"href":"https:\/\/www.altercampagne.net\/index.php?rest_route=\/wp\/v2\/posts\/23741\/revisions\/28866"}],"wp:featuredmedia":[{"embeddable":true,"href":"https:\/\/www.altercampagne.net\/index.php?rest_route=\/wp\/v2\/media\/23826"}],"wp:attachment":[{"href":"https:\/\/www.altercampagne.net\/index.php?rest_route=%2Fwp%2Fv2%2Fmedia&parent=23741"}],"wp:term":[{"taxonomy":"category","embeddable":true,"href":"https:\/\/www.altercampagne.net\/index.php?rest_route=%2Fwp%2Fv2%2Fcategories&post=23741"},{"taxonomy":"post_tag","embeddable":true,"href":"https:\/\/www.altercampagne.net\/index.php?rest_route=%2Fwp%2Fv2%2Ftags&post=23741"}],"curies":[{"name":"wp","href":"https:\/\/api.w.org\/{rel}","templated":true}]}}