{"id":23760,"date":"2021-12-02T14:46:03","date_gmt":"2021-12-02T13:46:03","guid":{"rendered":"https:\/\/www.altercampagne.net\/?p=23760"},"modified":"2024-11-09T00:03:25","modified_gmt":"2024-11-08T23:03:25","slug":"entretien-avec-mathieu-2-3-embrouilles-et-galeres","status":"publish","type":"post","link":"https:\/\/www.altercampagne.net\/?p=23760","title":{"rendered":"Entretien avec Mathieu 2\/3 : embrouilles et gal\u00e8res"},"content":{"rendered":"\n<p>A l\u2019occasion du d\u00e9part de Mathieu, j\u2019ai eu envie d\u2019imaginer un interview au long court, parce que je me disais quand m\u00eame, en quatorze ans il a d\u00fb accumuler des histoires !<\/p>\n\n\n\n<p>Cet entretien a dur\u00e9 deux heures, je l\u2019ai retranscrit et s\u00e9par\u00e9 en trois \u00e9pisodes, voici le deuxi\u00e8me, qui revient sur les gal\u00e8res et les coups de stress, toutes les difficult\u00e9s qui nous ont fait grandir !<\/p>\n\n\n\n<p><strong>Est ce que \u00e7a t\u2019est arriv\u00e9 de te sentir d\u00e9courag\u00e9?<\/strong><\/p>\n\n\n\n<p>Oui, \u00e0 plusieurs reprises. Quand on avait une ann\u00e9e sur deux en n\u00e9gatif, <strong>j\u2019avais peur que le projet ne puisse pas continuer \u00e0 cause des finances<\/strong>.<\/p>\n\n\n\n<p>A d\u2019autres moments j\u2019\u00e9tais d\u00e9courag\u00e9 par ce qui se disait en r\u00e9union qui n\u2019\u00e9tait pas toujours agr\u00e9able.&nbsp;<\/p>\n\n\n\n<p><strong>Comme quoi ?<\/strong><\/p>\n\n\n\n<p><strong>Il y a des visions diff\u00e9rentes du salariat<\/strong> qui ont pu se t\u00e9lescoper \u00e0 certains moments&#8230; Mais le projet m\u2019a toujours port\u00e9 et <strong>il y a toujours eu dans l\u2019\u00e9quipe de chouettes personnes sur qui m\u2019appuyer et avec qui avancer<\/strong>. Les rencontres humaines font que le d\u00e9couragement n\u2019a jamais dur\u00e9 trop longtemps.<\/p>\n\n\n<div class=\"wp-block-image\">\n<figure class=\"aligncenter size-large\"><a href=\"https:\/\/www.altercampagne.net\/wp-content\/uploads\/2021\/11\/921E5E30-4834-4AA4-8544-A4FDE55CC2CC.jpeg\"><img loading=\"lazy\" decoding=\"async\" width=\"1024\" height=\"683\" src=\"https:\/\/www.altercampagne.net\/wp-content\/uploads\/2021\/11\/921E5E30-4834-4AA4-8544-A4FDE55CC2CC-1024x683.jpeg\" alt=\"\" class=\"wp-image-23829\" srcset=\"https:\/\/www.altercampagne.net\/wp-content\/uploads\/2021\/11\/921E5E30-4834-4AA4-8544-A4FDE55CC2CC-1024x683.jpeg 1024w, https:\/\/www.altercampagne.net\/wp-content\/uploads\/2021\/11\/921E5E30-4834-4AA4-8544-A4FDE55CC2CC-300x200.jpeg 300w, https:\/\/www.altercampagne.net\/wp-content\/uploads\/2021\/11\/921E5E30-4834-4AA4-8544-A4FDE55CC2CC-768x512.jpeg 768w, https:\/\/www.altercampagne.net\/wp-content\/uploads\/2021\/11\/921E5E30-4834-4AA4-8544-A4FDE55CC2CC-1536x1024.jpeg 1536w, https:\/\/www.altercampagne.net\/wp-content\/uploads\/2021\/11\/921E5E30-4834-4AA4-8544-A4FDE55CC2CC-610x407.jpeg 610w, https:\/\/www.altercampagne.net\/wp-content\/uploads\/2021\/11\/921E5E30-4834-4AA4-8544-A4FDE55CC2CC-100x67.jpeg 100w, https:\/\/www.altercampagne.net\/wp-content\/uploads\/2021\/11\/921E5E30-4834-4AA4-8544-A4FDE55CC2CC-862x575.jpeg 862w, https:\/\/www.altercampagne.net\/wp-content\/uploads\/2021\/11\/921E5E30-4834-4AA4-8544-A4FDE55CC2CC-1140x760.jpeg 1140w, https:\/\/www.altercampagne.net\/wp-content\/uploads\/2021\/11\/921E5E30-4834-4AA4-8544-A4FDE55CC2CC.jpeg 1920w\" sizes=\"auto, (max-width: 1024px) 100vw, 1024px\" \/><\/a><\/figure>\n<\/div>\n\n\n<p><strong>Est ce qu\u2019il y a eu des d\u00e9fis \u00e0 surmonter, des moments si difficiles que tu ne pensais pas que l\u2019association s\u2019en sortirait ?<\/strong><\/p>\n\n\n\n<p>Lors du premier AlterTour, au cercle de parole de la derni\u00e8re semaine, l\u2019orga s\u2019est faite d\u00e9monter par les participant.es<strong>&nbsp;parce que&nbsp;les journ\u00e9es \u00e9taient trop charg\u00e9es<\/strong> (des \u00e9tapes avec plus 100 km, des conf\u00e9rences et des concerts dans la m\u00eame journ\u00e9e\u2026) et iels ne se sentent pas entendu.es. A la premi\u00e8re pl\u00e9ni\u00e8re de 2009, quatre-vingt personnes ont d\u00e9barqu\u00e9 pour renverser l\u2019orga, en disant vous avez fait n\u2019importe quoi, c\u2019est pas possible de continuer comme \u00e7a !<\/p>\n\n\n\n<p><strong>Iels \u00e9taient remont\u00e9s ! Iels ne jetaient pas l\u2019\u00e9ponge, c\u2019\u00e9tait un coup d\u2019\u00e9tat !<\/strong><\/p>\n\n\n\n<p>\u00c7a faisait peur mais iels avaient raison. C\u2019\u00e9tait compliqu\u00e9.<\/p>\n\n\n\n<p><strong>\u00c7a a r\u00e9ussi cette r\u00e9volution ou pas ?<\/strong><\/p>\n\n\n\n<p>Oui et non. \u00c7a ne s\u2019est pas fait du jour au lendemain. Ce qu\u2019on dit aujourd\u2019hui \u00ab <strong>les altercyclistes d\u2019aujourd\u2019hui pr\u00e9parent l\u2019AlterTour de demain<\/strong> \u00bb, c\u2019est ce qui s\u2019est produit. Les personnes dans l\u2019orga au commencement avaient des investissements tr\u00e8s forts dans leurs asso, donc iels se sont investi.es la premi\u00e8re ann\u00e9e mais tr\u00e8s vite n\u2019avaient pas le temps. <strong>Les participant.es de la premi\u00e8re ann\u00e9e, dont je faisais partie, ont commenc\u00e9 \u00e0 entrer dans l\u2019orga<\/strong> et nous on \u00e9tait hyper sensible \u00e0 ces arguments sur le temps. Le prix de journ\u00e9e nous questionnait \u00e9galement. Les repas \u00e9taient d\u00e9licieux mais&nbsp;il n\u2019y avait pas de modulation de tarif en fonction des revenus.&nbsp;Le tour manquait cruellement d\u2019accessibilit\u00e9.&nbsp;On avait&nbsp;<strong>la volont\u00e9 de r\u00e9duire le kilom\u00e9trage et faire&nbsp;\u00e0 manger nous-m\u00eames<\/strong>&nbsp;ce qui \u00e9tait&nbsp;inentendable&nbsp;pour les membres fondateurs. Quand iels ont commenc\u00e9 \u00e0 partir et que celleux qui avaient v\u00e9cu comme participant.es ont rejoint le projet, \u00e7a l\u2019a fait muter. Mais \u00e7a ne s\u2019est pas pass\u00e9 du jour au lendemain, \u00e7a a pris trois, quatre, cinq ans.<\/p>\n\n\n\n<p><strong>Peux-tu me raconter une frayeur ?<\/strong><\/p>\n\n\n\n<p>Les accidents de cycliste \u00e0 chaque fois, ce sont des grosses frayeurs. Je suis toujours inquiet quand quelqu\u2019un.e est \u00e9vacu\u00e9.e \u00e0 l\u2019h\u00f4pital. Au fil des ans, on a eu <strong>un sacr\u00e9 paquet de bras, de clavicules et de m\u00e2choires cass\u00e9es<\/strong>.&nbsp;&nbsp;<\/p>\n\n\n\n<p>C\u2019est toujours le m\u00eame sc\u00e9nario : quand il y a des descentes et des gens qui n\u2019ont pas trop l\u2019habitude de rouler \u00e0 v\u00e9lo, iels prennent de la vitesse, se trompent de frein et font un soleil. De mani\u00e8re moins fr\u00e9quente, quand le groupe roule trop serr\u00e9, il y a des sacoches qui se percutent.<\/p>\n\n\n\n<p>Maintenant&nbsp;toutes les \u00e9tapes d\u00e9butent avec un briefing s\u00e9curit\u00e9 pour passer les informations cl\u00e9s de la journ\u00e9e,&nbsp;rappeler&nbsp;comment on se d\u00e9place en groupe sur la route et&nbsp;donner des petits conseils sur le freinage d\u2019urgence.<\/p>\n\n\n<div class=\"wp-block-image\">\n<figure class=\"aligncenter size-large is-resized\"><a href=\"https:\/\/www.altercampagne.net\/wp-content\/uploads\/2021\/11\/A323B466-885E-4EBC-8116-528E1994D3C0.jpeg\"><img loading=\"lazy\" decoding=\"async\" width=\"576\" height=\"1024\" src=\"https:\/\/www.altercampagne.net\/wp-content\/uploads\/2021\/11\/A323B466-885E-4EBC-8116-528E1994D3C0-576x1024.jpeg\" alt=\"\" class=\"wp-image-23789\" style=\"width:268px;height:476px\" srcset=\"https:\/\/www.altercampagne.net\/wp-content\/uploads\/2021\/11\/A323B466-885E-4EBC-8116-528E1994D3C0-576x1024.jpeg 576w, https:\/\/www.altercampagne.net\/wp-content\/uploads\/2021\/11\/A323B466-885E-4EBC-8116-528E1994D3C0-169x300.jpeg 169w, https:\/\/www.altercampagne.net\/wp-content\/uploads\/2021\/11\/A323B466-885E-4EBC-8116-528E1994D3C0-610x1085.jpeg 610w, https:\/\/www.altercampagne.net\/wp-content\/uploads\/2021\/11\/A323B466-885E-4EBC-8116-528E1994D3C0-100x178.jpeg 100w, https:\/\/www.altercampagne.net\/wp-content\/uploads\/2021\/11\/A323B466-885E-4EBC-8116-528E1994D3C0.jpeg 645w\" sizes=\"auto, (max-width: 576px) 100vw, 576px\" \/><\/a><\/figure>\n<\/div>\n\n\n<p><strong>Un coup de gueule ?&nbsp;<\/strong><\/p>\n\n\n\n<p>Quand l\u2019orga a voulu <strong>baisser la jauge alors qui\u2019els savaient que \u00e7a nous mettait en danger financi\u00e8rement<\/strong> et qu\u2019iels l\u2019ont fait quand m\u00eame. L\u00e0 j\u2019ai bien gueul\u00e9 ! C\u2019est pass\u00e9 sur une intuition de quelqu\u2019un qui se disait mal \u00e0 l\u2019aise \u00e0 soixante et disait qu\u2019on serait mieux \u00e0 cinquante-cinq, malgr\u00e9 le fait qu\u2019on alerte sur l\u2019\u00e9quilibre \u00e9conomique.<\/p>\n\n\n\n<p><strong>Une d\u00e9ception?<\/strong><\/p>\n\n\n\n<p>Depuis le d\u00e9but, j\u2019ai <strong>envie que le groupe se positionne plus sur le fond : pourquoi on roule<\/strong>, pourquoi on vient \u00e0 l\u2019AT, et qu\u2019on se mette d\u2019accord sur <strong>ce qu\u2019est l\u2019AlterTour politiquemen<\/strong>t. D\u00e9finir la position qu\u2019on d\u00e9fend, nos fondamentaux politiques parce que les positions antinucl\u00e9aire et anti OGM sont claires mais&nbsp;on aurait pu r\u00e9diger un manifeste politique sur bien d\u2019autres sujets&nbsp;comme&nbsp;le climat, la biodiversit\u00e9, le capitalisme\u2026<\/p>\n\n\n\n<p><strong>Comment c\u2019\u00e9tait de vivre cette r\u00e9p\u00e9tition, de conna\u00eetre l\u2019AlterTour par c\u0153ur apr\u00e8s toutes ces ann\u00e9es et de voir les nouvelleaux arriver ? Est ce que tu t\u2019es senti blas\u00e9 \u00e0 un moment, fatigu\u00e9 de r\u00e9p\u00e9ter?<\/strong><\/p>\n\n\n\n<p>L\u2019AT m\u2019a enseign\u00e9 la patience !<\/p>\n\n\n\n<p>J\u2019ai toujours trouv\u00e9 \u00e7a chouette de voir d\u00e9barquer les nouvelleaux, les voir d\u00e9couvrir et \u00e9voluer. <strong>J\u2019adore observer les gens qui prennent de l\u2019assurance et des responsabilit\u00e9s dans l\u2019orga, c\u2019est magique<\/strong>. Ce n&rsquo;est pas un probl\u00e8me de devoir r\u00e9p\u00e9ter 15 fois la m\u00eame chose, de recommencer chaque ann\u00e9e parce que le processus est tellement beau \u00e0 regarder.&nbsp;Je trouve \u00e7a g\u00e9nial par exemple des gens qui se mettent \u00e0 l\u2019informatique via l\u2019AlterTour, j\u2019en fais partie d\u2019ailleurs, c\u2019est top de les voir faire leur premier pas et de les accompagner. <strong>L\u2019AT est un endroit o\u00f9 on apprend tellement sur soi et o\u00f9 on acquiert plein de savoir-faire.<\/strong><\/p>\n\n\n\n<p>Et puis il y a des diff\u00e9rences malgr\u00e9 la r\u00e9p\u00e9tition. <strong>L\u2019association se restructure presque chaque ann\u00e9e donc \u00e7a change d\u2019une ann\u00e9e sur l\u2019autre <\/strong>m\u00eame si le calendrier est fig\u00e9 et qu\u2019il y a des imp\u00e9ratifs immuables comme le recueil, les inscriptions&#8230; <br><\/p>\n\n\n\n<figure class=\"wp-block-image size-large\"><a href=\"https:\/\/www.altercampagne.net\/wp-content\/uploads\/2021\/11\/6DBCE5FA-B3E4-4E3C-915B-9A62F0AE72F6.jpeg\"><img loading=\"lazy\" decoding=\"async\" width=\"900\" height=\"599\" src=\"https:\/\/www.altercampagne.net\/wp-content\/uploads\/2021\/11\/6DBCE5FA-B3E4-4E3C-915B-9A62F0AE72F6.jpeg\" alt=\"\" class=\"wp-image-23790\" srcset=\"https:\/\/www.altercampagne.net\/wp-content\/uploads\/2021\/11\/6DBCE5FA-B3E4-4E3C-915B-9A62F0AE72F6.jpeg 900w, https:\/\/www.altercampagne.net\/wp-content\/uploads\/2021\/11\/6DBCE5FA-B3E4-4E3C-915B-9A62F0AE72F6-300x200.jpeg 300w, https:\/\/www.altercampagne.net\/wp-content\/uploads\/2021\/11\/6DBCE5FA-B3E4-4E3C-915B-9A62F0AE72F6-768x511.jpeg 768w, https:\/\/www.altercampagne.net\/wp-content\/uploads\/2021\/11\/6DBCE5FA-B3E4-4E3C-915B-9A62F0AE72F6-610x406.jpeg 610w, https:\/\/www.altercampagne.net\/wp-content\/uploads\/2021\/11\/6DBCE5FA-B3E4-4E3C-915B-9A62F0AE72F6-100x67.jpeg 100w, https:\/\/www.altercampagne.net\/wp-content\/uploads\/2021\/11\/6DBCE5FA-B3E4-4E3C-915B-9A62F0AE72F6-862x574.jpeg 862w\" sizes=\"auto, (max-width: 900px) 100vw, 900px\" \/><\/a><figcaption class=\"wp-element-caption\">Moment de concentration \u00e0 l\u2019AlterTour 2018.<\/figcaption><\/figure>\n\n\n\n<p><strong>Tu as vu des participant.es changer au fil des \u00e9ditions?<\/strong><\/p>\n\n\n\n<p>Oui ! Il y a des gens que tu vois vraiment se m\u00e9tamorphoser, qui arrivent sans aucune exp\u00e9rience associative et aujourd\u2019hui ont cr\u00e9\u00e9 trois ou quatre asso. C\u2019est incroyable les changements que \u00e7a produit ! Certes il y a des changements de vie, mais il n\u2019y a pas que \u00e7a, <strong>l\u2019engagement \u00e0 l\u2019AT donne des outils pour r\u00e9pliquer des choses<\/strong> par exemple cr\u00e9er des asso avec un Coll\u00e8ge solidaire.<\/p>\n\n\n\n<p><strong>Et comment as-tu chang\u00e9 entre le Mathieu de 25 ans du d\u00e9but et le Mathieu d\u2019aujourd\u2019hui?<\/strong><\/p>\n\n\n\n<p>Moi je suis arriv\u00e9 un peu introverti\u2026<\/p>\n\n\n\n<p><strong>Tu l\u2019es toujours ! <\/strong>[rires]\n\n\n\n<p>C\u2019est vrai. Disons que j\u2019\u00e9tais timide, avec tr\u00e8s peu de confiance en moi et avec le temps \u00e7a a vachement boug\u00e9. Et puis suis pass\u00e9 <strong>du b\u00e9n\u00e9vole surinvesti au salari\u00e9 surinvesti \u00e0 progressivement laisser plus la place aux b\u00e9n\u00e9voles<\/strong>. \u00c7a a \u00e9t\u00e9 un long chemin ! Je venais d\u2019un contexte associatif o\u00f9 j\u2019\u00e9tais tr\u00e8s impliqu\u00e9 et j\u2019avais du mal \u00e0 ne pas le reproduire \u00e0 l\u2019AT. J\u2019avais tendance \u00e0 vouloir tout maitriser de A \u00e0 Z, de la premi\u00e8re \u00e0 la derni\u00e8re seconde. J\u2019ai vite compris le besoin de changer de posture parce que ce n\u2019\u00e9tait pas bon pour ma sant\u00e9. <strong>L\u2019AlterTour m\u2019a appris le l\u00e2cher prise et \u00e0 faire confiance au groupe<\/strong>.<\/p>\n\n\n\n<p><strong>Est-ce que tu te souviens d\u2019un moment de crise et de comment vous vous en \u00eates sorti ?<\/strong><\/p>\n\n\n\n<p>Oula ! Il y en a eu tellement ! [rires]\n\n\n\n<p>Sans citer de nom, il y a eu des conflits. Souvent \u00e7a partait sur des positionnements, des valeurs diff\u00e9rentes et \u00e7a d\u00e9rivait. C\u2019est rare, mais&nbsp;malheureusement quand les gens n\u2019ont plus d\u2019arguments, il leur arrive de passer par des attaques&nbsp;personnelles&nbsp;qui n\u2019ont plus rien \u00e0 voir avec le d\u00e9bat. \u00c7a cr\u00e9e des hauts niveaux de tension et c\u2019est dur de s\u2019en sortir. On a mis en place des m\u00e9diations mais g\u00e9n\u00e9ralement \u00e7a s\u2019est termin\u00e9 par la sortie de l\u2019asso des deux protagonistes. <strong>Parfois quand on est all\u00e9 trop loin dans les mots, la seule issue c\u2019est de partir<\/strong>.<\/p>\n\n\n\n<p><strong>La m\u00e9diation ne suffisait pas ?<\/strong><\/p>\n\n\n\n<p>\u00c7a a au moins le m\u00e9rite de laisser chacun.e s\u2019exprimer sans \u00eatre interrompu sur comment le moment a \u00e9t\u00e9 v\u00e9cu, et face \u00e0 une personne neutre. Mais <strong>je pense que le cercle restauratif fonctionne mieux <\/strong>que ce genre de m\u00e9diation et <strong>qu\u2019il y a d\u2019autres m\u00e9thodes qu\u2019on ne conna\u00eet pas encore <\/strong>pour mieux se sortir de ce genre de situation.&nbsp;<\/p>\n\n\n\n<p>Mon conseil pour l\u2019avenir c\u2019est d\u2019identifier s\u2019il s\u2019agit d\u2019un probl\u00e8me de fond, dans ce cas \u00e7a se r\u00e9sout plus facilement mais si c\u2019est un probl\u00e8me entre deux personnes qui ne se supportent pas, l\u00e0 c\u2019est vraiment compliqu\u00e9. Une piste donn\u00e9e par le Bel air : c\u2019est de <strong>trouver un cadre pour comprendre pourquoi telle ou telle personne nous agace<\/strong>, ce que \u00e7a vient provoquer chez nous.<\/p>\n\n\n\n<p>Un autre cas plus rare c\u2019est quand la personne est toxique pour le groupe. Quand \u00e7a arrive il faut que cette personne quitte le groupe, il n\u2019y a pas d\u2019autre issue. <strong>Notre collectif ne peut pas fonctionner dans la violence<\/strong>, avec quelqu\u2019un qui met la pression \u00e0 tout le monde, qui invective les autres. Si cette personne n\u2019arrive pas \u00e0 se canaliser, la garder dans le collectif c\u2019est le mettre en danger.<\/p>\n\n\n\n<p><strong>Sinon peux-tu me raconter un moment catastrophique quand tu l\u2019as v\u00e9cu, mais dont tu rigoles avec le recul ?<\/strong><\/p>\n\n\n\n<p>Y en a plusieurs! Notamment la fois o\u00f9 on s\u2019est fait contr\u00f4ler par la police parce que le camion \u00e9tait en surpoids. On s\u2019est retrouv\u00e9 avec 600 euros d\u2019amende, le camion immobilis\u00e9 avec dedans la bouffe, la vaisselle et les bagages, et les gendarmes qui restaient l\u00e0 pour v\u00e9rifier qu\u2019on l\u2019all\u00e8ge avant de nous laisser repartir&#8230; On a fait venir le bus quarante-cinq places et on a tout vid\u00e9 dans les soutes. On est repass\u00e9 sur la balance et on a pu repartir\u2026 Depuis on a chang\u00e9 de v\u00e9hicules et on s\u2019est&nbsp;r\u00e9organis\u00e9&nbsp;pour all\u00e9ger leur contenu !<\/p>\n\n\n<div class=\"wp-block-image\">\n<figure class=\"aligncenter size-large is-resized\"><a href=\"https:\/\/www.altercampagne.net\/wp-content\/uploads\/2021\/11\/322F1159-BCCE-4ABF-881F-AB532FE8705D.jpeg\"><img loading=\"lazy\" decoding=\"async\" width=\"593\" height=\"352\" src=\"https:\/\/www.altercampagne.net\/wp-content\/uploads\/2021\/11\/322F1159-BCCE-4ABF-881F-AB532FE8705D.jpeg\" alt=\"\" class=\"wp-image-23792\" style=\"width:404px;height:240px\" srcset=\"https:\/\/www.altercampagne.net\/wp-content\/uploads\/2021\/11\/322F1159-BCCE-4ABF-881F-AB532FE8705D.jpeg 593w, https:\/\/www.altercampagne.net\/wp-content\/uploads\/2021\/11\/322F1159-BCCE-4ABF-881F-AB532FE8705D-300x178.jpeg 300w, https:\/\/www.altercampagne.net\/wp-content\/uploads\/2021\/11\/322F1159-BCCE-4ABF-881F-AB532FE8705D-100x59.jpeg 100w\" sizes=\"auto, (max-width: 593px) 100vw, 593px\" \/><\/a><\/figure>\n<\/div>\n\n\n<p><strong>Et tu as \u00e9voqu\u00e9 la premi\u00e8re panne du bus ?<\/strong><\/p>\n\n\n\n<p>On louait un tr\u00e8s vieux bus pour pas cher et il tombait en panne tout le temps. <strong>La premi\u00e8re fois, on a cru que l\u2019AlterTour s\u2019arr\u00eatait ! <\/strong>Heureusement y avait un mecano parmi les participant.es qui a fait une r\u00e9paration de fortune et c\u2019est reparti.&nbsp;<\/p>\n\n\n\n<p>En 2012, c\u2019\u00e9tait la premi\u00e8re fois qu\u2019on \u00e9tait autonome, on avait achet\u00e9 notre propre mini-bus, et lorsqu\u2019il est tomb\u00e9 en panne, j\u2019ai un peu flipp\u00e9. On a fait un appel au secours sur la liste des participant.es, quelqu\u2019un nous a pr\u00eat\u00e9 un v\u00e9hicule avec huit ou neuf places et un attache remorque, on a fait le reste du Tour avec. Mais pareil au d\u00e9but j\u2019ai cru que c&rsquo;\u00e9tait fini, qu\u2019on ne pourrait pas aller plus loin.<\/p>\n\n\n\n<p><strong>Mais maintenant tu sais que l\u2019AlterTour est inarr\u00eatable !<\/strong><\/p>\n\n\n\n<p>Ben oui, on a tout v\u00e9cu : la panne de l\u2019Iveco, la panne du minibus, l\u2019annulation d\u2019h\u00e9bergement au dernier moment&#8230;&nbsp;on a toujours trouv\u00e9 des solutions&nbsp;et on s\u2019en est sorti \u00e0 chaque fois.<\/p>\n\n\n\n<p><strong>Un conseil pour profiter au mieux de son passage sur l\u2019AlterTour ?<\/strong><\/p>\n\n\n\n<p>Une des choses les plus importantes c\u2019est de <strong>participer aux t\u00e2ches avec des gens qu\u2019on ne conna\u00eet pas<\/strong>, c\u2019est l\u00e0 qu\u2019on les d\u00e9couvre.&nbsp;<\/p>\n\n\n\n<p>On peut vite se retrouver isol\u00e9 \u00e0 l\u2019AT, quand on vient seul, ou dans un sous-groupe quand on vient avec des amis. Selon moi, on met trois jours pour rentrer dans le groupe, pour en faire partie int\u00e9grante. Mais il faut garder cette dynamique, parce qu\u2019avec les d\u00e9parts et arriv\u00e9es permanentes, si on ne reste qu\u2019avec les gens qu\u2019on conna\u00eet d\u00e9j\u00e0 et qu\u2019on arr\u00eate de rencontrer les nouvelleaux, quand les personnes connues partent on se retrouve isol\u00e9. \u00c7a arrive hyper fr\u00e9quemment !&nbsp;<\/p>\n\n\n\n<p>Et puis profiter du temps pass\u00e9 sur le v\u00e9lo pour apprendre \u00e0 conna\u00eetre les gens. \u00c9changer avec une personne \u00e0 c\u00f4t\u00e9 de qui tu te retrouves \u00e0 p\u00e9daler c\u2019est un moment \u00e0 part, super chouette.&nbsp;<\/p>\n\n\n\n<p><strong>Ces moments l\u00e0, j\u2019ai l\u2019impression que c\u2019est un peu une d\u00e9clinaison de ton CV. \u00c7a serait bien qu\u2019on ait des cartes pour que notre approche vers quelqu\u2019un.e d\u2019inconnu \u00e7a ne soit pas toujours \u00ab alors tu fais quoi dans la vie ? \u00bb&nbsp;<\/strong><\/p>\n\n\n\n<p>On y a r\u00e9fl\u00e9chi \u00e0 un moment et <strong>on conseillait plut\u00f4t de demander ce qui anime et motive, mobilise<\/strong>, int\u00e9resse les gens plut\u00f4t que ce qu\u2019iels font dans leur vie pour laisser la porte ouverte \u00e0 pleins de choses et pas juste un r\u00e9sum\u00e9 de leur parcours professionnel.<\/p>\n\n\n\n<figure class=\"wp-block-image size-large\"><a href=\"https:\/\/www.altercampagne.net\/wp-content\/uploads\/2021\/11\/021BBC83-0AAD-4039-8212-0B9A6ED52D77.jpeg\"><img loading=\"lazy\" decoding=\"async\" width=\"1024\" height=\"682\" src=\"https:\/\/www.altercampagne.net\/wp-content\/uploads\/2021\/11\/021BBC83-0AAD-4039-8212-0B9A6ED52D77-1024x682.jpeg\" alt=\"\" class=\"wp-image-23793\" srcset=\"https:\/\/www.altercampagne.net\/wp-content\/uploads\/2021\/11\/021BBC83-0AAD-4039-8212-0B9A6ED52D77-1024x682.jpeg 1024w, https:\/\/www.altercampagne.net\/wp-content\/uploads\/2021\/11\/021BBC83-0AAD-4039-8212-0B9A6ED52D77-300x200.jpeg 300w, https:\/\/www.altercampagne.net\/wp-content\/uploads\/2021\/11\/021BBC83-0AAD-4039-8212-0B9A6ED52D77-768x512.jpeg 768w, https:\/\/www.altercampagne.net\/wp-content\/uploads\/2021\/11\/021BBC83-0AAD-4039-8212-0B9A6ED52D77-610x406.jpeg 610w, https:\/\/www.altercampagne.net\/wp-content\/uploads\/2021\/11\/021BBC83-0AAD-4039-8212-0B9A6ED52D77-100x67.jpeg 100w, https:\/\/www.altercampagne.net\/wp-content\/uploads\/2021\/11\/021BBC83-0AAD-4039-8212-0B9A6ED52D77-862x574.jpeg 862w, https:\/\/www.altercampagne.net\/wp-content\/uploads\/2021\/11\/021BBC83-0AAD-4039-8212-0B9A6ED52D77-1140x759.jpeg 1140w, https:\/\/www.altercampagne.net\/wp-content\/uploads\/2021\/11\/021BBC83-0AAD-4039-8212-0B9A6ED52D77.jpeg 1312w\" sizes=\"auto, (max-width: 1024px) 100vw, 1024px\" \/><\/a><\/figure>\n\n\n\n<p><strong>Rouler avec l\u2019AT c\u2019est fatiguant, plus encore j\u2019imagine en tant que coordinateur, qu\u2019est-ce qui te donnait l\u2019\u00e9nergie pour tenir ?<\/strong><\/p>\n\n\n\n<p>Sur le tour, je dors mal les deux premi\u00e8res nuits&nbsp;sous la tente. Apr\u00e8s une semaine, je suis tellement \u00e9puis\u00e9 que je peux dormir partout&nbsp;:&nbsp;en pente, dans des cailloux\u2026&nbsp;et apr\u00e8s une dizaine de jours, je passe un cap et j\u2019ai l\u2019impression de ne plus ressentir la fatigue. Mais quand je rentre chez moi \u00e0 la fin, je dors trois semaines ! [rires]\n\n\n\n<p>Comme beaucoup de gens, <strong>le projet me tient tellement \u00e0 c\u0153ur, me porte tellement que c\u2019est pas un probl\u00e8me de me fatiguer pendant le tour<\/strong> pour qu\u2019il ait lieu. Le projet a toujours \u00e9t\u00e9 plus fort que tout. J\u2019ai l\u2019envie qu\u2019il perdure et qu\u2019un maximum de personnes puisse participer et faire cette exp\u00e9rience de vie.<\/p>\n\n\n\n<p>Depuis sont d\u00e9part de l&rsquo;AlterTour, Mathieu \u00e0 cr\u00e9er la <strong><a href=\"https:\/\/www.facebook.com\/BrasseriePlumeJurassienne\" target=\"_blank\" rel=\"noreferrer noopener\">Brasserie Plume Jurassienne<\/a><\/strong> \u00e0 Cramans dans le Jura.<\/p>\n\n\n\n<p>Lire les autres articles : <strong><a href=\"https:\/\/www.altercampagne.net\/?p=23741\">Entretien avec Mathieu 1\/3<\/a><\/strong> et <strong><a href=\"https:\/\/www.altercampagne.net\/?p=23762\">Entretien avec Mathieu 3\/3<\/a><\/strong><\/p>\n\n\n\n<p class=\"has-text-align-right\"><em>Encore une fois, merci \u00e0 Ang\u00e9lique pour la relecture!<\/em><\/p>\n\n\n\n<p class=\"has-white-color has-text-color has-link-color wp-elements-fd1190fafda229aa4409d6a01f2a7cd6\">Lire aussi : <a href=\"https:\/\/www.valdamour.com\/actualites\/brasserie-plume-jurassienne-entre-passion-ecologie-et-biere-legere\" target=\"_blank\" rel=\"noreferrer noopener\">Brasserie Plume Jurassienne : entre passion, \u00e9cologie et bi\u00e8re l\u00e9g\u00e8re<\/a><\/p>\n\n\n\n<p class=\"has-white-color has-text-color has-link-color wp-elements-ea22cda828418761997a84049bc0f5f9\">Instagram de la Brasserie Plume Jurassienne : <a href=\"https:\/\/www.instagram.com\/brasserieplumejurassienne\/\" target=\"_blank\" rel=\"noreferrer noopener\">https:\/\/www.instagram.com\/brasserieplumejurassienne\/<\/a><\/p>\n","protected":false},"excerpt":{"rendered":"<p>A l\u2019occasion du d\u00e9part de Mathieu, j\u2019ai eu envie d\u2019imaginer un interview au long court, parce que je me disais quand m\u00eame, en quatorze ans il a d\u00fb accumuler des histoires ! Cet entretien a dur\u00e9 deux heures, je l\u2019ai retranscrit et s\u00e9par\u00e9 en trois \u00e9pisodes, voici le deuxi\u00e8me, qui &#8230; <\/p>\n<div><a href=\"https:\/\/www.altercampagne.net\/?p=23760\" class=\"more-link\">Read More<\/a><\/div>\n","protected":false},"author":361,"featured_media":23830,"comment_status":"closed","ping_status":"closed","sticky":false,"template":"","format":"standard","meta":{"footnotes":""},"categories":[4313,3495,3574,4037,4310,4054],"tags":[4466,4510,4509,4508,4507,4494,4493,4492,4491,552,4457,4456,4455,4454,4450,1018,612,598],"class_list":["post-23760","post","type-post","status-publish","format-standard","has-post-thumbnail","hentry","category-altertour","category-bourgogne-franche-comte","category-bieretour","category-biere","category-communication","category-temoignages","tag-brasserie-artisanale","tag-brasserie-bio","tag-brasserie-franche-comte","tag-brasserie-jura","tag-biere-jura","tag-brasserie-val-damour","tag-brasserie-cramans","tag-val-damour","tag-4491","tag-mathieu-fromont","tag-biere-bio","tag-plume-biere-artisanale-legere","tag-biere-legere","tag-brasserie-plume","tag-brasserie-plume-jurassienne","tag-franche-comte","tag-cramans","tag-jura"],"yoast_head":"<!-- This site is optimized with the Yoast SEO plugin v27.3 - https:\/\/yoast.com\/product\/yoast-seo-wordpress\/ -->\n<title>Entretien avec Mathieu 2\/3 : embrouilles et gal\u00e8res - AlterTour<\/title>\n<meta name=\"robots\" content=\"index, follow, max-snippet:-1, max-image-preview:large, max-video-preview:-1\" \/>\n<link rel=\"canonical\" href=\"https:\/\/www.altercampagne.net\/?p=23760\" \/>\n<meta property=\"og:locale\" content=\"fr_FR\" \/>\n<meta property=\"og:type\" content=\"article\" \/>\n<meta property=\"og:title\" content=\"Entretien avec Mathieu 2\/3 : embrouilles et gal\u00e8res - AlterTour\" \/>\n<meta property=\"og:description\" content=\"A l\u2019occasion du d\u00e9part de Mathieu, j\u2019ai eu envie d\u2019imaginer un interview au long court, parce que je me disais quand m\u00eame, en quatorze ans il a d\u00fb accumuler des histoires ! Cet entretien a dur\u00e9 deux heures, je l\u2019ai retranscrit et s\u00e9par\u00e9 en trois \u00e9pisodes, voici le deuxi\u00e8me, qui ... Read More\" \/>\n<meta property=\"og:url\" content=\"https:\/\/www.altercampagne.net\/?p=23760\" \/>\n<meta property=\"og:site_name\" content=\"AlterTour\" \/>\n<meta property=\"article:published_time\" content=\"2021-12-02T13:46:03+00:00\" \/>\n<meta property=\"article:modified_time\" content=\"2024-11-08T23:03:25+00:00\" \/>\n<meta property=\"og:image\" content=\"https:\/\/www.altercampagne.net\/wp-content\/uploads\/2021\/11\/AE9E2BD2-447B-4F75-92FE-14502AFE3310.jpeg\" \/>\n\t<meta property=\"og:image:width\" content=\"1920\" \/>\n\t<meta property=\"og:image:height\" content=\"1280\" \/>\n\t<meta property=\"og:image:type\" content=\"image\/jpeg\" \/>\n<meta name=\"author\" content=\"Pauline\" \/>\n<meta name=\"twitter:card\" content=\"summary_large_image\" \/>\n<meta name=\"twitter:label1\" content=\"\u00c9crit par\" \/>\n\t<meta name=\"twitter:data1\" content=\"Pauline\" \/>\n\t<meta name=\"twitter:label2\" content=\"Dur\u00e9e de lecture estim\u00e9e\" \/>\n\t<meta name=\"twitter:data2\" content=\"13 minutes\" \/>\n<script type=\"application\/ld+json\" class=\"yoast-schema-graph\">{\"@context\":\"https:\\\/\\\/schema.org\",\"@graph\":[{\"@type\":\"Article\",\"@id\":\"https:\\\/\\\/www.altercampagne.net\\\/?p=23760#article\",\"isPartOf\":{\"@id\":\"https:\\\/\\\/www.altercampagne.net\\\/?p=23760\"},\"author\":{\"name\":\"Pauline\",\"@id\":\"https:\\\/\\\/www.altercampagne.net\\\/#\\\/schema\\\/person\\\/caf30ed73e072285b8f761300370ddb5\"},\"headline\":\"Entretien avec Mathieu 2\\\/3 : embrouilles et gal\u00e8res\",\"datePublished\":\"2021-12-02T13:46:03+00:00\",\"dateModified\":\"2024-11-08T23:03:25+00:00\",\"mainEntityOfPage\":{\"@id\":\"https:\\\/\\\/www.altercampagne.net\\\/?p=23760\"},\"wordCount\":2561,\"image\":{\"@id\":\"https:\\\/\\\/www.altercampagne.net\\\/?p=23760#primaryimage\"},\"thumbnailUrl\":\"https:\\\/\\\/www.altercampagne.net\\\/wp-content\\\/uploads\\\/2021\\\/11\\\/AE9E2BD2-447B-4F75-92FE-14502AFE3310.jpeg\",\"keywords\":[\"Brasserie Artisanale\",\"brasserie bio\",\"Brasserie Franche-Comt\u00e9\",\"Brasserie Jura\",\"bi\u00e8re Jura\",\"brasserie val d'amour\",\"brasserie Cramans\",\"val d'amour\",\"39\",\"Mathieu Fromont\",\"bi\u00e8re bio\",\"plume bi\u00e8re artisanale l\u00e9g\u00e8re\",\"bi\u00e8re l\u00e9g\u00e8re\",\"brasserie plume\",\"Brasserie Plume Jurassienne\",\"Franche-Comt\u00e9\",\"Cramans\",\"jura\"],\"articleSection\":[\"AlterTour\",\"Bourgogne-Franche-Comt\u00e9\",\"Bi\u00e8reTour\",\"Bi\u00e8re\",\"communication\",\"T\u00e9moignages\"],\"inLanguage\":\"fr-FR\"},{\"@type\":\"WebPage\",\"@id\":\"https:\\\/\\\/www.altercampagne.net\\\/?p=23760\",\"url\":\"https:\\\/\\\/www.altercampagne.net\\\/?p=23760\",\"name\":\"Entretien avec Mathieu 2\\\/3 : embrouilles et gal\u00e8res - AlterTour\",\"isPartOf\":{\"@id\":\"https:\\\/\\\/www.altercampagne.net\\\/#website\"},\"primaryImageOfPage\":{\"@id\":\"https:\\\/\\\/www.altercampagne.net\\\/?p=23760#primaryimage\"},\"image\":{\"@id\":\"https:\\\/\\\/www.altercampagne.net\\\/?p=23760#primaryimage\"},\"thumbnailUrl\":\"https:\\\/\\\/www.altercampagne.net\\\/wp-content\\\/uploads\\\/2021\\\/11\\\/AE9E2BD2-447B-4F75-92FE-14502AFE3310.jpeg\",\"datePublished\":\"2021-12-02T13:46:03+00:00\",\"dateModified\":\"2024-11-08T23:03:25+00:00\",\"author\":{\"@id\":\"https:\\\/\\\/www.altercampagne.net\\\/#\\\/schema\\\/person\\\/caf30ed73e072285b8f761300370ddb5\"},\"breadcrumb\":{\"@id\":\"https:\\\/\\\/www.altercampagne.net\\\/?p=23760#breadcrumb\"},\"inLanguage\":\"fr-FR\",\"potentialAction\":[{\"@type\":\"ReadAction\",\"target\":[\"https:\\\/\\\/www.altercampagne.net\\\/?p=23760\"]}]},{\"@type\":\"ImageObject\",\"inLanguage\":\"fr-FR\",\"@id\":\"https:\\\/\\\/www.altercampagne.net\\\/?p=23760#primaryimage\",\"url\":\"https:\\\/\\\/www.altercampagne.net\\\/wp-content\\\/uploads\\\/2021\\\/11\\\/AE9E2BD2-447B-4F75-92FE-14502AFE3310.jpeg\",\"contentUrl\":\"https:\\\/\\\/www.altercampagne.net\\\/wp-content\\\/uploads\\\/2021\\\/11\\\/AE9E2BD2-447B-4F75-92FE-14502AFE3310.jpeg\",\"width\":1920,\"height\":1280},{\"@type\":\"BreadcrumbList\",\"@id\":\"https:\\\/\\\/www.altercampagne.net\\\/?p=23760#breadcrumb\",\"itemListElement\":[{\"@type\":\"ListItem\",\"position\":1,\"name\":\"Accueil\",\"item\":\"https:\\\/\\\/www.altercampagne.net\\\/\"},{\"@type\":\"ListItem\",\"position\":2,\"name\":\"Entretien avec Mathieu 2\\\/3 : embrouilles et gal\u00e8res\"}]},{\"@type\":\"WebSite\",\"@id\":\"https:\\\/\\\/www.altercampagne.net\\\/#website\",\"url\":\"https:\\\/\\\/www.altercampagne.net\\\/\",\"name\":\"AlterTour\",\"description\":\"Reliez les Alternatives \u00e0 v\u00e9lo\",\"potentialAction\":[{\"@type\":\"SearchAction\",\"target\":{\"@type\":\"EntryPoint\",\"urlTemplate\":\"https:\\\/\\\/www.altercampagne.net\\\/?s={search_term_string}\"},\"query-input\":{\"@type\":\"PropertyValueSpecification\",\"valueRequired\":true,\"valueName\":\"search_term_string\"}}],\"inLanguage\":\"fr-FR\"},{\"@type\":\"Person\",\"@id\":\"https:\\\/\\\/www.altercampagne.net\\\/#\\\/schema\\\/person\\\/caf30ed73e072285b8f761300370ddb5\",\"name\":\"Pauline\",\"image\":{\"@type\":\"ImageObject\",\"inLanguage\":\"fr-FR\",\"@id\":\"https:\\\/\\\/secure.gravatar.com\\\/avatar\\\/f84b78638c34b3d6ac7339a8ef00413d11da3b09ee578a762504104ff060cde7?s=96&d=mm&r=g\",\"url\":\"https:\\\/\\\/secure.gravatar.com\\\/avatar\\\/f84b78638c34b3d6ac7339a8ef00413d11da3b09ee578a762504104ff060cde7?s=96&d=mm&r=g\",\"contentUrl\":\"https:\\\/\\\/secure.gravatar.com\\\/avatar\\\/f84b78638c34b3d6ac7339a8ef00413d11da3b09ee578a762504104ff060cde7?s=96&d=mm&r=g\",\"caption\":\"Pauline\"},\"url\":\"https:\\\/\\\/www.altercampagne.net\\\/?author=361\"}]}<\/script>\n<!-- \/ Yoast SEO plugin. -->","yoast_head_json":{"title":"Entretien avec Mathieu 2\/3 : embrouilles et gal\u00e8res - AlterTour","robots":{"index":"index","follow":"follow","max-snippet":"max-snippet:-1","max-image-preview":"max-image-preview:large","max-video-preview":"max-video-preview:-1"},"canonical":"https:\/\/www.altercampagne.net\/?p=23760","og_locale":"fr_FR","og_type":"article","og_title":"Entretien avec Mathieu 2\/3 : embrouilles et gal\u00e8res - AlterTour","og_description":"A l\u2019occasion du d\u00e9part de Mathieu, j\u2019ai eu envie d\u2019imaginer un interview au long court, parce que je me disais quand m\u00eame, en quatorze ans il a d\u00fb accumuler des histoires ! Cet entretien a dur\u00e9 deux heures, je l\u2019ai retranscrit et s\u00e9par\u00e9 en trois \u00e9pisodes, voici le deuxi\u00e8me, qui ... Read More","og_url":"https:\/\/www.altercampagne.net\/?p=23760","og_site_name":"AlterTour","article_published_time":"2021-12-02T13:46:03+00:00","article_modified_time":"2024-11-08T23:03:25+00:00","og_image":[{"width":1920,"height":1280,"url":"https:\/\/www.altercampagne.net\/wp-content\/uploads\/2021\/11\/AE9E2BD2-447B-4F75-92FE-14502AFE3310.jpeg","type":"image\/jpeg"}],"author":"Pauline","twitter_card":"summary_large_image","twitter_misc":{"\u00c9crit par":"Pauline","Dur\u00e9e de lecture estim\u00e9e":"13 minutes"},"schema":{"@context":"https:\/\/schema.org","@graph":[{"@type":"Article","@id":"https:\/\/www.altercampagne.net\/?p=23760#article","isPartOf":{"@id":"https:\/\/www.altercampagne.net\/?p=23760"},"author":{"name":"Pauline","@id":"https:\/\/www.altercampagne.net\/#\/schema\/person\/caf30ed73e072285b8f761300370ddb5"},"headline":"Entretien avec Mathieu 2\/3 : embrouilles et gal\u00e8res","datePublished":"2021-12-02T13:46:03+00:00","dateModified":"2024-11-08T23:03:25+00:00","mainEntityOfPage":{"@id":"https:\/\/www.altercampagne.net\/?p=23760"},"wordCount":2561,"image":{"@id":"https:\/\/www.altercampagne.net\/?p=23760#primaryimage"},"thumbnailUrl":"https:\/\/www.altercampagne.net\/wp-content\/uploads\/2021\/11\/AE9E2BD2-447B-4F75-92FE-14502AFE3310.jpeg","keywords":["Brasserie Artisanale","brasserie bio","Brasserie Franche-Comt\u00e9","Brasserie Jura","bi\u00e8re Jura","brasserie val d'amour","brasserie Cramans","val d'amour","39","Mathieu Fromont","bi\u00e8re bio","plume bi\u00e8re artisanale l\u00e9g\u00e8re","bi\u00e8re l\u00e9g\u00e8re","brasserie plume","Brasserie Plume Jurassienne","Franche-Comt\u00e9","Cramans","jura"],"articleSection":["AlterTour","Bourgogne-Franche-Comt\u00e9","Bi\u00e8reTour","Bi\u00e8re","communication","T\u00e9moignages"],"inLanguage":"fr-FR"},{"@type":"WebPage","@id":"https:\/\/www.altercampagne.net\/?p=23760","url":"https:\/\/www.altercampagne.net\/?p=23760","name":"Entretien avec Mathieu 2\/3 : embrouilles et gal\u00e8res - AlterTour","isPartOf":{"@id":"https:\/\/www.altercampagne.net\/#website"},"primaryImageOfPage":{"@id":"https:\/\/www.altercampagne.net\/?p=23760#primaryimage"},"image":{"@id":"https:\/\/www.altercampagne.net\/?p=23760#primaryimage"},"thumbnailUrl":"https:\/\/www.altercampagne.net\/wp-content\/uploads\/2021\/11\/AE9E2BD2-447B-4F75-92FE-14502AFE3310.jpeg","datePublished":"2021-12-02T13:46:03+00:00","dateModified":"2024-11-08T23:03:25+00:00","author":{"@id":"https:\/\/www.altercampagne.net\/#\/schema\/person\/caf30ed73e072285b8f761300370ddb5"},"breadcrumb":{"@id":"https:\/\/www.altercampagne.net\/?p=23760#breadcrumb"},"inLanguage":"fr-FR","potentialAction":[{"@type":"ReadAction","target":["https:\/\/www.altercampagne.net\/?p=23760"]}]},{"@type":"ImageObject","inLanguage":"fr-FR","@id":"https:\/\/www.altercampagne.net\/?p=23760#primaryimage","url":"https:\/\/www.altercampagne.net\/wp-content\/uploads\/2021\/11\/AE9E2BD2-447B-4F75-92FE-14502AFE3310.jpeg","contentUrl":"https:\/\/www.altercampagne.net\/wp-content\/uploads\/2021\/11\/AE9E2BD2-447B-4F75-92FE-14502AFE3310.jpeg","width":1920,"height":1280},{"@type":"BreadcrumbList","@id":"https:\/\/www.altercampagne.net\/?p=23760#breadcrumb","itemListElement":[{"@type":"ListItem","position":1,"name":"Accueil","item":"https:\/\/www.altercampagne.net\/"},{"@type":"ListItem","position":2,"name":"Entretien avec Mathieu 2\/3 : embrouilles et gal\u00e8res"}]},{"@type":"WebSite","@id":"https:\/\/www.altercampagne.net\/#website","url":"https:\/\/www.altercampagne.net\/","name":"AlterTour","description":"Reliez les Alternatives \u00e0 v\u00e9lo","potentialAction":[{"@type":"SearchAction","target":{"@type":"EntryPoint","urlTemplate":"https:\/\/www.altercampagne.net\/?s={search_term_string}"},"query-input":{"@type":"PropertyValueSpecification","valueRequired":true,"valueName":"search_term_string"}}],"inLanguage":"fr-FR"},{"@type":"Person","@id":"https:\/\/www.altercampagne.net\/#\/schema\/person\/caf30ed73e072285b8f761300370ddb5","name":"Pauline","image":{"@type":"ImageObject","inLanguage":"fr-FR","@id":"https:\/\/secure.gravatar.com\/avatar\/f84b78638c34b3d6ac7339a8ef00413d11da3b09ee578a762504104ff060cde7?s=96&d=mm&r=g","url":"https:\/\/secure.gravatar.com\/avatar\/f84b78638c34b3d6ac7339a8ef00413d11da3b09ee578a762504104ff060cde7?s=96&d=mm&r=g","contentUrl":"https:\/\/secure.gravatar.com\/avatar\/f84b78638c34b3d6ac7339a8ef00413d11da3b09ee578a762504104ff060cde7?s=96&d=mm&r=g","caption":"Pauline"},"url":"https:\/\/www.altercampagne.net\/?author=361"}]}},"_links":{"self":[{"href":"https:\/\/www.altercampagne.net\/index.php?rest_route=\/wp\/v2\/posts\/23760","targetHints":{"allow":["GET"]}}],"collection":[{"href":"https:\/\/www.altercampagne.net\/index.php?rest_route=\/wp\/v2\/posts"}],"about":[{"href":"https:\/\/www.altercampagne.net\/index.php?rest_route=\/wp\/v2\/types\/post"}],"author":[{"embeddable":true,"href":"https:\/\/www.altercampagne.net\/index.php?rest_route=\/wp\/v2\/users\/361"}],"replies":[{"embeddable":true,"href":"https:\/\/www.altercampagne.net\/index.php?rest_route=%2Fwp%2Fv2%2Fcomments&post=23760"}],"version-history":[{"count":14,"href":"https:\/\/www.altercampagne.net\/index.php?rest_route=\/wp\/v2\/posts\/23760\/revisions"}],"predecessor-version":[{"id":28865,"href":"https:\/\/www.altercampagne.net\/index.php?rest_route=\/wp\/v2\/posts\/23760\/revisions\/28865"}],"wp:featuredmedia":[{"embeddable":true,"href":"https:\/\/www.altercampagne.net\/index.php?rest_route=\/wp\/v2\/media\/23830"}],"wp:attachment":[{"href":"https:\/\/www.altercampagne.net\/index.php?rest_route=%2Fwp%2Fv2%2Fmedia&parent=23760"}],"wp:term":[{"taxonomy":"category","embeddable":true,"href":"https:\/\/www.altercampagne.net\/index.php?rest_route=%2Fwp%2Fv2%2Fcategories&post=23760"},{"taxonomy":"post_tag","embeddable":true,"href":"https:\/\/www.altercampagne.net\/index.php?rest_route=%2Fwp%2Fv2%2Ftags&post=23760"}],"curies":[{"name":"wp","href":"https:\/\/api.w.org\/{rel}","templated":true}]}}