{"id":23835,"date":"2021-11-25T14:57:00","date_gmt":"2021-11-25T13:57:00","guid":{"rendered":"https:\/\/www.altercampagne.net\/?p=23835"},"modified":"2021-11-25T14:57:02","modified_gmt":"2021-11-25T13:57:02","slug":"definir-le-parcours-2022-la-pleniere-lyonnaise-des-11-12-decembre","status":"publish","type":"post","link":"https:\/\/www.altercampagne.net\/?p=23835","title":{"rendered":"D\u00e9finir le parcours 2022 : la pl\u00e9ni\u00e8re lyonnaise des 11 &#038; 12 d\u00e9cembre"},"content":{"rendered":"\n<h5 class=\"has-text-align-center wp-block-heading\">Des volcans \u00e0 la mer ou de la mer aux volcans ?<\/h5>\n\n\n\n<p>C\u2019est ce qu\u2019il nous faudra bient\u00f4t d\u00e9cider ! Les jours passent, le tableau de d\u00e9frichage se remplit, les alternatives coup de c\u0153ur nous r\u00e9pondent et des possibilit\u00e9s de parcours se dessinent !<\/p>\n\n\n\n<p>Alors <strong>rendez-vous : \u00e0 la Friche Lamartine, 11 rue Claudius Pionchon<\/strong>, d\u00e8s le vendredi soir, si petit.e altercycliste qui vient de loin, tu prends le train et tu veux retrouver les copaines !<\/p>\n\n\n\n<p class=\"has-text-align-center\">Ouverture officielle des festivit\u00e9s le <strong>samedi 11 d\u00e9cembre d\u00e8s 9 heures<\/strong> pour un marathon de prise de d\u00e9cisions collective qui durera jusqu\u2019\u00e0 dimanche apr\u00e8s-midi. <br><\/p>\n\n\n\n<h5 class=\"has-text-align-center wp-block-heading\">Le programme <\/h5>\n\n\n\n<p>Au programme le samedi matin, <strong>retour du coll\u00e8ge solidaire et des groupes de travail<\/strong> et apr\u00e8s le d\u00e9jeuner (<em>qui sera chaud ! oui mesdames et messieurs, cette fois ci point de tartinade et ni de pain d\u00e9sesp\u00e9r\u00e9ment froids, nous auront acc\u00e8s \u00e0 une cuisine et nos tr\u00e8s g\u00e9n\u00e9reux.ses pr\u00e9parateurices de pl\u00e9ni\u00e8re proposent de nous mitonner une soupe<\/em>) <strong>seront pr\u00e9sent\u00e9s par les vaillantes \u00e9quipes d\u00e9partementales de d\u00e9frichage, leurs lieux favoris<\/strong>. Ensuite vous connaissez la musique : \u00e0 base de fonds de carte et de bouts de ficelle \u00e0 l\u2019\u00e9chelle, nous ferons des <strong>propositions de parcours<\/strong>. <br><\/p>\n\n\n\n<p>\u00c0 l\u2019AlterTour on n\u2019aime pas se d\u00e9cider dans la pr\u00e9cipitation, nous prendrons donc le temps de dormir pour laisser ces possibilit\u00e9s infuser et nous nous retrouverons le <strong>dimanche matin, \u00e0 9h<\/strong> encore une fois, pas de grasse mat\u2019 qui tienne, <strong>pour le choix du parcours de l\u2019AlterTour et de l\u2019Alter-D-Tour<\/strong>. Une fois cette t\u00e2che \u00e9reintante surmont\u00e9e, et notre ration de soupe aval\u00e9e, nous pourrons gaiement nous occuper l\u2019apr\u00e8s-midi du <strong>choix du th\u00e8me du recueil<\/strong> et on me chuchote dans l\u2019oreillette que la formidable \u00e9quipe qui travaille sur <strong>le num\u00e9rique et l\u2019informatique proposera une formation<\/strong> pour de nouveaux outils, notamment un outil de discussion en ligne qui remplacera les mails trop nombreux, p\u00e9nibles et pas pratiques.<\/p>\n\n\n\n<p>Alors voil\u00e0 c\u2019est dit, que tu sois membre d\u2019une \u00e9quipe d\u00e9frichage pr\u00eat.e \u00e0 d\u00e9fendre hardiment tes alternatives pr\u00e9f\u00e9r\u00e9es, un.e pr\u00e9pa d\u2019\u00e9tapes dans l\u2019\u00e2me voulant se lancer, un.e journaliste amateur souhaitant r\u00e9diger, un quidam voulant avoir son mot \u00e0 dire dans le choix du parcours 2022 ou si simplement tu es en manque de la douce compagnie de tes altercyclistes pr\u00e9f\u00e9r\u00e9.es, tu sais ce qu\u2019il te reste \u00e0 faire : te rendre \u00e0 Lyon pendant le week-end de la f\u00eate des Lumi\u00e8res !<\/p>\n\n\n\n<div class=\"wp-block-image\"><figure class=\"aligncenter size-large is-resized\"><a href=\"https:\/\/www.altercampagne.net\/wp-content\/uploads\/2021\/10\/Parcours-depuis-2012-e1637847839638.jpg\"><img loading=\"lazy\" decoding=\"async\" src=\"https:\/\/www.altercampagne.net\/wp-content\/uploads\/2021\/10\/Parcours-depuis-2012-1024x1024.jpg\" alt=\"\" class=\"wp-image-23451\" width=\"286\" height=\"286\"\/><\/a><figcaption>Les parcours des ann\u00e9es pass\u00e9es<\/figcaption><\/figure><\/div>\n\n\n\n<h5 class=\"has-text-align-center wp-block-heading\">Point technique <\/h5>\n\n\n\n<p>Pr\u00e9cisions techniques pour celles et ceux qui viennent de loin : <strong>notre QG se trouve \u00e0 un quart d\u2019heure de marche top chrono de la gare Part-Dieu<\/strong>, trop pratique ! Pour dormir, les altercyclistes de Lyon mettent g\u00e9n\u00e9reusement des bouts de canap\u00e9 \u00e0 disposition, pour savoir qui est o\u00f9 et leur passer un petit coup de fil, <strong>rendez-vous sur le document d\u00e9di\u00e9 \u00e0 la troisi\u00e8me pl\u00e9ni\u00e8re<\/strong> que vous retrouverez dans vos mails ou sur l\u2019espace membre (<em>orga 2022 =&gt; Pl\u00e9ni\u00e8res<\/em>). M\u00eame si vous ne sollicitez pas d\u2019h\u00e9bergement, <strong>pensez \u00e0 remplir le tableau de pr\u00e9sence<\/strong> dans ce document, histoire que Mathilde, Emeline et J\u00e9r\u00f4me qui pr\u00e9parent cette pl\u00e9ni\u00e8re, aient une bonne id\u00e9e du nombre de personnes pr\u00e9sentes et puissent organiser en cons\u00e9quence.<\/p>\n\n\n\n<p><strong>Si jamais vous n\u2019\u00eates pas dispo ce week-end l\u00e0 mais que votre c\u0153ur ne bat que dans l\u2019espoir de rejoindre la Dream Team des pr\u00e9pa d\u2019\u00e9tapes<\/strong>, on a pens\u00e9 \u00e0 vous ! Signalez vous dans le tableau intitul\u00e9 en toute logique <em>Je veux \u00eatre pr\u00e9pa d\u2019\u00e9tapes<\/em>, que vous trouverez tout pareil, dans vos mails et sur l\u2019espace membre (<em>orga 2022 =&gt; Pr\u00e9pa d\u2019\u00e9tapes<\/em>)<\/p>\n\n\n\n<div class=\"wp-block-image\"><figure class=\"aligncenter size-large\"><img decoding=\"async\" src=\"https:\/\/media.giphy.com\/media\/llUHCZt8fujhLgBLqB\/giphy.gif https:\/\/media.giphy.com\/media\/llUHCZt8fujhLgBLqB\/giphy.gif\" alt=\"\"\/><\/figure><\/div>\n","protected":false},"excerpt":{"rendered":"<p>Des volcans \u00e0 la mer ou de la mer aux volcans ? C\u2019est ce qu\u2019il nous faudra bient\u00f4t d\u00e9cider ! Les jours passent, le tableau de d\u00e9frichage se remplit, les alternatives coup de c\u0153ur nous r\u00e9pondent et des possibilit\u00e9s de parcours se dessinent ! Alors rendez-vous : \u00e0 la Friche &#8230; <\/p>\n<div><a href=\"https:\/\/www.altercampagne.net\/?p=23835\" class=\"more-link\">Read More<\/a><\/div>\n","protected":false},"author":361,"featured_media":23844,"comment_status":"closed","ping_status":"closed","sticky":false,"template":"","format":"standard","meta":{"footnotes":""},"categories":[4313,4311,4357,3539],"tags":[],"class_list":["post-23835","post","type-post","status-publish","format-standard","has-post-thumbnail","hentry","category-altertour","category-alter-d-tour","category-edition-2022","category-we-de-preparation"],"yoast_head":"<!-- This site is optimized with the Yoast SEO plugin v27.3 - https:\/\/yoast.com\/product\/yoast-seo-wordpress\/ -->\n<title>D\u00e9finir le parcours 2022 : la pl\u00e9ni\u00e8re lyonnaise des 11 &amp; 12 d\u00e9cembre - AlterTour<\/title>\n<meta name=\"robots\" content=\"index, follow, max-snippet:-1, max-image-preview:large, max-video-preview:-1\" \/>\n<link rel=\"canonical\" href=\"https:\/\/www.altercampagne.net\/?p=23835\" \/>\n<meta property=\"og:locale\" content=\"fr_FR\" \/>\n<meta property=\"og:type\" content=\"article\" \/>\n<meta property=\"og:title\" content=\"D\u00e9finir le parcours 2022 : la pl\u00e9ni\u00e8re lyonnaise des 11 &amp; 12 d\u00e9cembre - AlterTour\" \/>\n<meta property=\"og:description\" content=\"Des volcans \u00e0 la mer ou de la mer aux volcans ? C\u2019est ce qu\u2019il nous faudra bient\u00f4t d\u00e9cider ! Les jours passent, le tableau de d\u00e9frichage se remplit, les alternatives coup de c\u0153ur nous r\u00e9pondent et des possibilit\u00e9s de parcours se dessinent ! Alors rendez-vous : \u00e0 la Friche ... Read More\" \/>\n<meta property=\"og:url\" content=\"https:\/\/www.altercampagne.net\/?p=23835\" \/>\n<meta property=\"og:site_name\" content=\"AlterTour\" \/>\n<meta property=\"article:published_time\" content=\"2021-11-25T13:57:00+00:00\" \/>\n<meta property=\"article:modified_time\" content=\"2021-11-25T13:57:02+00:00\" \/>\n<meta property=\"og:image\" content=\"https:\/\/www.altercampagne.net\/wp-content\/uploads\/2021\/11\/191207-AT-CS-Pleniere-67-e1637848490276.jpg\" \/>\n\t<meta property=\"og:image:width\" content=\"533\" \/>\n\t<meta property=\"og:image:height\" content=\"280\" \/>\n\t<meta property=\"og:image:type\" content=\"image\/jpeg\" \/>\n<meta name=\"author\" content=\"Pauline\" \/>\n<meta name=\"twitter:card\" content=\"summary_large_image\" \/>\n<meta name=\"twitter:label1\" content=\"\u00c9crit par\" \/>\n\t<meta name=\"twitter:data1\" content=\"Pauline\" \/>\n\t<meta name=\"twitter:label2\" content=\"Dur\u00e9e de lecture estim\u00e9e\" \/>\n\t<meta name=\"twitter:data2\" content=\"3 minutes\" \/>\n<script type=\"application\/ld+json\" class=\"yoast-schema-graph\">{\"@context\":\"https:\\\/\\\/schema.org\",\"@graph\":[{\"@type\":\"Article\",\"@id\":\"https:\\\/\\\/www.altercampagne.net\\\/?p=23835#article\",\"isPartOf\":{\"@id\":\"https:\\\/\\\/www.altercampagne.net\\\/?p=23835\"},\"author\":{\"name\":\"Pauline\",\"@id\":\"https:\\\/\\\/www.altercampagne.net\\\/#\\\/schema\\\/person\\\/caf30ed73e072285b8f761300370ddb5\"},\"headline\":\"D\u00e9finir le parcours 2022 : la pl\u00e9ni\u00e8re lyonnaise des 11 &#038; 12 d\u00e9cembre\",\"datePublished\":\"2021-11-25T13:57:00+00:00\",\"dateModified\":\"2021-11-25T13:57:02+00:00\",\"mainEntityOfPage\":{\"@id\":\"https:\\\/\\\/www.altercampagne.net\\\/?p=23835\"},\"wordCount\":670,\"image\":{\"@id\":\"https:\\\/\\\/www.altercampagne.net\\\/?p=23835#primaryimage\"},\"thumbnailUrl\":\"https:\\\/\\\/www.altercampagne.net\\\/wp-content\\\/uploads\\\/2021\\\/11\\\/191207-AT-CS-Pleniere-67-e1637848490276.jpg\",\"articleSection\":[\"AlterTour\",\"Alter-D-tour\",\"Edition 2022\",\"WE de pr\u00e9paration\"],\"inLanguage\":\"fr-FR\"},{\"@type\":\"WebPage\",\"@id\":\"https:\\\/\\\/www.altercampagne.net\\\/?p=23835\",\"url\":\"https:\\\/\\\/www.altercampagne.net\\\/?p=23835\",\"name\":\"D\u00e9finir le parcours 2022 : la pl\u00e9ni\u00e8re lyonnaise des 11 & 12 d\u00e9cembre - AlterTour\",\"isPartOf\":{\"@id\":\"https:\\\/\\\/www.altercampagne.net\\\/#website\"},\"primaryImageOfPage\":{\"@id\":\"https:\\\/\\\/www.altercampagne.net\\\/?p=23835#primaryimage\"},\"image\":{\"@id\":\"https:\\\/\\\/www.altercampagne.net\\\/?p=23835#primaryimage\"},\"thumbnailUrl\":\"https:\\\/\\\/www.altercampagne.net\\\/wp-content\\\/uploads\\\/2021\\\/11\\\/191207-AT-CS-Pleniere-67-e1637848490276.jpg\",\"datePublished\":\"2021-11-25T13:57:00+00:00\",\"dateModified\":\"2021-11-25T13:57:02+00:00\",\"author\":{\"@id\":\"https:\\\/\\\/www.altercampagne.net\\\/#\\\/schema\\\/person\\\/caf30ed73e072285b8f761300370ddb5\"},\"breadcrumb\":{\"@id\":\"https:\\\/\\\/www.altercampagne.net\\\/?p=23835#breadcrumb\"},\"inLanguage\":\"fr-FR\",\"potentialAction\":[{\"@type\":\"ReadAction\",\"target\":[\"https:\\\/\\\/www.altercampagne.net\\\/?p=23835\"]}]},{\"@type\":\"ImageObject\",\"inLanguage\":\"fr-FR\",\"@id\":\"https:\\\/\\\/www.altercampagne.net\\\/?p=23835#primaryimage\",\"url\":\"https:\\\/\\\/www.altercampagne.net\\\/wp-content\\\/uploads\\\/2021\\\/11\\\/191207-AT-CS-Pleniere-67-e1637848490276.jpg\",\"contentUrl\":\"https:\\\/\\\/www.altercampagne.net\\\/wp-content\\\/uploads\\\/2021\\\/11\\\/191207-AT-CS-Pleniere-67-e1637848490276.jpg\",\"width\":533,\"height\":280},{\"@type\":\"BreadcrumbList\",\"@id\":\"https:\\\/\\\/www.altercampagne.net\\\/?p=23835#breadcrumb\",\"itemListElement\":[{\"@type\":\"ListItem\",\"position\":1,\"name\":\"Accueil\",\"item\":\"https:\\\/\\\/www.altercampagne.net\\\/\"},{\"@type\":\"ListItem\",\"position\":2,\"name\":\"D\u00e9finir le parcours 2022 : la pl\u00e9ni\u00e8re lyonnaise des 11 &#038; 12 d\u00e9cembre\"}]},{\"@type\":\"WebSite\",\"@id\":\"https:\\\/\\\/www.altercampagne.net\\\/#website\",\"url\":\"https:\\\/\\\/www.altercampagne.net\\\/\",\"name\":\"AlterTour\",\"description\":\"Reliez les Alternatives \u00e0 v\u00e9lo\",\"potentialAction\":[{\"@type\":\"SearchAction\",\"target\":{\"@type\":\"EntryPoint\",\"urlTemplate\":\"https:\\\/\\\/www.altercampagne.net\\\/?s={search_term_string}\"},\"query-input\":{\"@type\":\"PropertyValueSpecification\",\"valueRequired\":true,\"valueName\":\"search_term_string\"}}],\"inLanguage\":\"fr-FR\"},{\"@type\":\"Person\",\"@id\":\"https:\\\/\\\/www.altercampagne.net\\\/#\\\/schema\\\/person\\\/caf30ed73e072285b8f761300370ddb5\",\"name\":\"Pauline\",\"image\":{\"@type\":\"ImageObject\",\"inLanguage\":\"fr-FR\",\"@id\":\"https:\\\/\\\/secure.gravatar.com\\\/avatar\\\/f84b78638c34b3d6ac7339a8ef00413d11da3b09ee578a762504104ff060cde7?s=96&d=mm&r=g\",\"url\":\"https:\\\/\\\/secure.gravatar.com\\\/avatar\\\/f84b78638c34b3d6ac7339a8ef00413d11da3b09ee578a762504104ff060cde7?s=96&d=mm&r=g\",\"contentUrl\":\"https:\\\/\\\/secure.gravatar.com\\\/avatar\\\/f84b78638c34b3d6ac7339a8ef00413d11da3b09ee578a762504104ff060cde7?s=96&d=mm&r=g\",\"caption\":\"Pauline\"},\"url\":\"https:\\\/\\\/www.altercampagne.net\\\/?author=361\"}]}<\/script>\n<!-- \/ Yoast SEO plugin. -->","yoast_head_json":{"title":"D\u00e9finir le parcours 2022 : la pl\u00e9ni\u00e8re lyonnaise des 11 & 12 d\u00e9cembre - AlterTour","robots":{"index":"index","follow":"follow","max-snippet":"max-snippet:-1","max-image-preview":"max-image-preview:large","max-video-preview":"max-video-preview:-1"},"canonical":"https:\/\/www.altercampagne.net\/?p=23835","og_locale":"fr_FR","og_type":"article","og_title":"D\u00e9finir le parcours 2022 : la pl\u00e9ni\u00e8re lyonnaise des 11 & 12 d\u00e9cembre - AlterTour","og_description":"Des volcans \u00e0 la mer ou de la mer aux volcans ? C\u2019est ce qu\u2019il nous faudra bient\u00f4t d\u00e9cider ! Les jours passent, le tableau de d\u00e9frichage se remplit, les alternatives coup de c\u0153ur nous r\u00e9pondent et des possibilit\u00e9s de parcours se dessinent ! Alors rendez-vous : \u00e0 la Friche ... Read More","og_url":"https:\/\/www.altercampagne.net\/?p=23835","og_site_name":"AlterTour","article_published_time":"2021-11-25T13:57:00+00:00","article_modified_time":"2021-11-25T13:57:02+00:00","og_image":[{"width":533,"height":280,"url":"https:\/\/www.altercampagne.net\/wp-content\/uploads\/2021\/11\/191207-AT-CS-Pleniere-67-e1637848490276.jpg","type":"image\/jpeg"}],"author":"Pauline","twitter_card":"summary_large_image","twitter_misc":{"\u00c9crit par":"Pauline","Dur\u00e9e de lecture estim\u00e9e":"3 minutes"},"schema":{"@context":"https:\/\/schema.org","@graph":[{"@type":"Article","@id":"https:\/\/www.altercampagne.net\/?p=23835#article","isPartOf":{"@id":"https:\/\/www.altercampagne.net\/?p=23835"},"author":{"name":"Pauline","@id":"https:\/\/www.altercampagne.net\/#\/schema\/person\/caf30ed73e072285b8f761300370ddb5"},"headline":"D\u00e9finir le parcours 2022 : la pl\u00e9ni\u00e8re lyonnaise des 11 &#038; 12 d\u00e9cembre","datePublished":"2021-11-25T13:57:00+00:00","dateModified":"2021-11-25T13:57:02+00:00","mainEntityOfPage":{"@id":"https:\/\/www.altercampagne.net\/?p=23835"},"wordCount":670,"image":{"@id":"https:\/\/www.altercampagne.net\/?p=23835#primaryimage"},"thumbnailUrl":"https:\/\/www.altercampagne.net\/wp-content\/uploads\/2021\/11\/191207-AT-CS-Pleniere-67-e1637848490276.jpg","articleSection":["AlterTour","Alter-D-tour","Edition 2022","WE de pr\u00e9paration"],"inLanguage":"fr-FR"},{"@type":"WebPage","@id":"https:\/\/www.altercampagne.net\/?p=23835","url":"https:\/\/www.altercampagne.net\/?p=23835","name":"D\u00e9finir le parcours 2022 : la pl\u00e9ni\u00e8re lyonnaise des 11 & 12 d\u00e9cembre - AlterTour","isPartOf":{"@id":"https:\/\/www.altercampagne.net\/#website"},"primaryImageOfPage":{"@id":"https:\/\/www.altercampagne.net\/?p=23835#primaryimage"},"image":{"@id":"https:\/\/www.altercampagne.net\/?p=23835#primaryimage"},"thumbnailUrl":"https:\/\/www.altercampagne.net\/wp-content\/uploads\/2021\/11\/191207-AT-CS-Pleniere-67-e1637848490276.jpg","datePublished":"2021-11-25T13:57:00+00:00","dateModified":"2021-11-25T13:57:02+00:00","author":{"@id":"https:\/\/www.altercampagne.net\/#\/schema\/person\/caf30ed73e072285b8f761300370ddb5"},"breadcrumb":{"@id":"https:\/\/www.altercampagne.net\/?p=23835#breadcrumb"},"inLanguage":"fr-FR","potentialAction":[{"@type":"ReadAction","target":["https:\/\/www.altercampagne.net\/?p=23835"]}]},{"@type":"ImageObject","inLanguage":"fr-FR","@id":"https:\/\/www.altercampagne.net\/?p=23835#primaryimage","url":"https:\/\/www.altercampagne.net\/wp-content\/uploads\/2021\/11\/191207-AT-CS-Pleniere-67-e1637848490276.jpg","contentUrl":"https:\/\/www.altercampagne.net\/wp-content\/uploads\/2021\/11\/191207-AT-CS-Pleniere-67-e1637848490276.jpg","width":533,"height":280},{"@type":"BreadcrumbList","@id":"https:\/\/www.altercampagne.net\/?p=23835#breadcrumb","itemListElement":[{"@type":"ListItem","position":1,"name":"Accueil","item":"https:\/\/www.altercampagne.net\/"},{"@type":"ListItem","position":2,"name":"D\u00e9finir le parcours 2022 : la pl\u00e9ni\u00e8re lyonnaise des 11 &#038; 12 d\u00e9cembre"}]},{"@type":"WebSite","@id":"https:\/\/www.altercampagne.net\/#website","url":"https:\/\/www.altercampagne.net\/","name":"AlterTour","description":"Reliez les Alternatives \u00e0 v\u00e9lo","potentialAction":[{"@type":"SearchAction","target":{"@type":"EntryPoint","urlTemplate":"https:\/\/www.altercampagne.net\/?s={search_term_string}"},"query-input":{"@type":"PropertyValueSpecification","valueRequired":true,"valueName":"search_term_string"}}],"inLanguage":"fr-FR"},{"@type":"Person","@id":"https:\/\/www.altercampagne.net\/#\/schema\/person\/caf30ed73e072285b8f761300370ddb5","name":"Pauline","image":{"@type":"ImageObject","inLanguage":"fr-FR","@id":"https:\/\/secure.gravatar.com\/avatar\/f84b78638c34b3d6ac7339a8ef00413d11da3b09ee578a762504104ff060cde7?s=96&d=mm&r=g","url":"https:\/\/secure.gravatar.com\/avatar\/f84b78638c34b3d6ac7339a8ef00413d11da3b09ee578a762504104ff060cde7?s=96&d=mm&r=g","contentUrl":"https:\/\/secure.gravatar.com\/avatar\/f84b78638c34b3d6ac7339a8ef00413d11da3b09ee578a762504104ff060cde7?s=96&d=mm&r=g","caption":"Pauline"},"url":"https:\/\/www.altercampagne.net\/?author=361"}]}},"_links":{"self":[{"href":"https:\/\/www.altercampagne.net\/index.php?rest_route=\/wp\/v2\/posts\/23835","targetHints":{"allow":["GET"]}}],"collection":[{"href":"https:\/\/www.altercampagne.net\/index.php?rest_route=\/wp\/v2\/posts"}],"about":[{"href":"https:\/\/www.altercampagne.net\/index.php?rest_route=\/wp\/v2\/types\/post"}],"author":[{"embeddable":true,"href":"https:\/\/www.altercampagne.net\/index.php?rest_route=\/wp\/v2\/users\/361"}],"replies":[{"embeddable":true,"href":"https:\/\/www.altercampagne.net\/index.php?rest_route=%2Fwp%2Fv2%2Fcomments&post=23835"}],"version-history":[{"count":5,"href":"https:\/\/www.altercampagne.net\/index.php?rest_route=\/wp\/v2\/posts\/23835\/revisions"}],"predecessor-version":[{"id":23846,"href":"https:\/\/www.altercampagne.net\/index.php?rest_route=\/wp\/v2\/posts\/23835\/revisions\/23846"}],"wp:featuredmedia":[{"embeddable":true,"href":"https:\/\/www.altercampagne.net\/index.php?rest_route=\/wp\/v2\/media\/23844"}],"wp:attachment":[{"href":"https:\/\/www.altercampagne.net\/index.php?rest_route=%2Fwp%2Fv2%2Fmedia&parent=23835"}],"wp:term":[{"taxonomy":"category","embeddable":true,"href":"https:\/\/www.altercampagne.net\/index.php?rest_route=%2Fwp%2Fv2%2Fcategories&post=23835"},{"taxonomy":"post_tag","embeddable":true,"href":"https:\/\/www.altercampagne.net\/index.php?rest_route=%2Fwp%2Fv2%2Ftags&post=23835"}],"curies":[{"name":"wp","href":"https:\/\/api.w.org\/{rel}","templated":true}]}}