{"id":24035,"date":"2021-12-16T11:31:50","date_gmt":"2021-12-16T10:31:50","guid":{"rendered":"https:\/\/www.altercampagne.net\/?p=24035"},"modified":"2021-12-16T11:31:51","modified_gmt":"2021-12-16T10:31:51","slug":"la-maison-des-semences-paysannes-de-kaol-kozh","status":"publish","type":"post","link":"https:\/\/www.altercampagne.net\/?p=24035","title":{"rendered":"La maison des semences paysannes de Kaol Kozh"},"content":{"rendered":"\n<p>Nous traversons des villages aux maisons de granit sur lesquels veillent les hautes fl\u00e8ches de dentelle fines comme des ailes libellules. Ces clochers des \u00e9glises se dressent entre catholicisme et rites pa\u00efens, car ce sont les f\u00e9es qui les aident \u00e0 supporter les vents.<br>Les vir\u00e9es de l&rsquo;Altertour ont parfois un air d&rsquo;\u00e9trange po\u00e9sie : chacun joue de son mollet rond ou carr\u00e9 sur sa p\u00e9dale plus ou moins bien r\u00e9gl\u00e9e.<br>Certains peinent et, appuyant du talon sur leur p\u00e9dale, ressemblent \u00e0 des grenouilles en surcharge. Cela me fait de la peine. Mais c&rsquo;est beau quand m\u00eame. C&rsquo;est l&rsquo;\u00e9chapp\u00e9e comique.<\/p>\n\n\n\n<p>Arrivant des monts d&rsquo;Arr\u00e9e (un des plus manifestes \u00ab\u00a0pays des f\u00e9es\u00a0\u00bb que je connaisse) et apr\u00e8s une longue pause pour double crevaison, l&rsquo;Altertour qui s&rsquo;\u00e9tait \u00e9tir\u00e9 en fl\u00e8ches d\u00e9pos\u00e9es \u00e0 la crois\u00e9e de nombreux chemins (o\u00f9 l&rsquo;on s&rsquo;aper\u00e7oit qu&rsquo;\u00e0 la fin, tous les v\u00e9locip\u00e9distes devenus fl\u00e8ches attendaient au bord de la route et \u00e0 un poil pr\u00e8s, la chenille \u00e9tir\u00e9e n&rsquo;aurait plus eu d&rsquo;individu \u00e0 disposer sur le bas c\u00f4t\u00e9) se resserre enfin pour une arriv\u00e9e glorieuse \u00e0 Roscoff pr\u00e8s de la mer, au ch\u00e2teau du Laber \u00e0 l&rsquo;improbable architecture et au ch\u00e2taignier bi-centenaire.<br>Ce ch\u00e2teau fut voulu par la comtesse pour son enfant tuberculeux. Ce lieu est ensuite devenu centre d&rsquo;accueil pour probl\u00e8mes pulmonaires, puis pour ob\u00e8ses et enfin un centre a\u00e9r\u00e9.<\/p>\n\n\n\n<figure class=\"wp-block-image size-large\"><a href=\"https:\/\/www.altercampagne.net\/wp-content\/uploads\/2021\/12\/AT21__18-27aout__Ivan-269.jpg\"><img loading=\"lazy\" decoding=\"async\" width=\"1024\" height=\"683\" src=\"https:\/\/www.altercampagne.net\/wp-content\/uploads\/2021\/12\/AT21__18-27aout__Ivan-269-1024x683.jpg\" alt=\"\" class=\"wp-image-24038\" srcset=\"https:\/\/www.altercampagne.net\/wp-content\/uploads\/2021\/12\/AT21__18-27aout__Ivan-269-1024x683.jpg 1024w, https:\/\/www.altercampagne.net\/wp-content\/uploads\/2021\/12\/AT21__18-27aout__Ivan-269-300x200.jpg 300w, https:\/\/www.altercampagne.net\/wp-content\/uploads\/2021\/12\/AT21__18-27aout__Ivan-269-768x512.jpg 768w, https:\/\/www.altercampagne.net\/wp-content\/uploads\/2021\/12\/AT21__18-27aout__Ivan-269-1536x1024.jpg 1536w, https:\/\/www.altercampagne.net\/wp-content\/uploads\/2021\/12\/AT21__18-27aout__Ivan-269-610x407.jpg 610w, https:\/\/www.altercampagne.net\/wp-content\/uploads\/2021\/12\/AT21__18-27aout__Ivan-269-100x67.jpg 100w, https:\/\/www.altercampagne.net\/wp-content\/uploads\/2021\/12\/AT21__18-27aout__Ivan-269-862x575.jpg 862w, https:\/\/www.altercampagne.net\/wp-content\/uploads\/2021\/12\/AT21__18-27aout__Ivan-269-1140x760.jpg 1140w, https:\/\/www.altercampagne.net\/wp-content\/uploads\/2021\/12\/AT21__18-27aout__Ivan-269.jpg 1620w\" sizes=\"auto, (max-width: 1024px) 100vw, 1024px\" \/><\/a><\/figure>\n\n\n\n<p>Pour l&rsquo;instant, il n&rsquo;y a pas de projet par la communaut\u00e9 de communes de Roscoff pour ce ch\u00e2teau qui se d\u00e9labre. Mais depuis mars 2019, l&rsquo;association <a href=\"https:\/\/www.roscoff-tourisme.com\/fr\/a-voir-a-faire\/visites-et-decouvertes\/a-visiter\/la-maison-des-semences-kaol-kozh\/\">Kaol Kozh<\/a> y a install\u00e9 une <a href=\"https:\/\/www.facebook.com\/HabitantsJardiniers\/posts\/2555851901195385\/\">Maison des Semences Paysannes<\/a><strong>.<\/strong><br>Aujourd&rsquo;hui, les enfants du centre devenus adultes reviennent visiter cette ferme et revoir ce potager qui fut celui des centres a\u00e9r\u00e9s.<br>Le microclimat et la biodiversit\u00e9 sont propices \u00e0 la multiplication des semences.<br>Une vari\u00e9t\u00e9 paysanne est une vari\u00e9t\u00e9 dynamique s\u00e9lectionn\u00e9e et reproduite par des paysans.<\/p>\n\n\n\n<p>Faire ses graines de chou et d&rsquo;oignon rose de Roscoff \u00e9tait une tradition dans la r\u00e9gion du L\u00e9on (\u00e0 l&rsquo;ouest de la rivi\u00e8re \u00c9on c&rsquo;est le L\u00e9on, \u00e0 l&rsquo;est c&rsquo;est le Tr\u00e9gor&#8230; Attention ! C&rsquo;est pas d&rsquo;m\u00eame !). Aujourd&rsquo;hui, ce n&rsquo;est plus un m\u00e9tier.<br>Le catalogue officiel emp\u00eache que les semences non r\u00e9pertori\u00e9es au catalogue ne puissent se vendre voire s&rsquo;\u00e9changer, mais la l\u00e9gislation change assez vite. Le proc\u00e8s Beaumont\/Kokopeli y a contribu\u00e9.&nbsp; Notre visite au jardin dans l&rsquo;univers de la reproduction du v\u00e9g\u00e9tal est passionnante. Nous marchons dans le jardin, Marc Sire est dou\u00e9 d&rsquo;une sympathie naturelle qui aide \u00e0 sa pr\u00e9sentation claire et vivante.<br>Ce fut un bon s\u00e9jour charg\u00e9 de sens !<\/p>\n\n\n\n<p class=\"has-text-align-right\">Fr\u00e9d\u00e9rique Soulard<\/p>\n","protected":false},"excerpt":{"rendered":"<p>Nous traversons des villages aux maisons de granit sur lesquels veillent les hautes fl\u00e8ches de dentelle fines comme des ailes libellules. Ces clochers des \u00e9glises se dressent entre catholicisme et rites pa\u00efens, car ce sont les f\u00e9es qui les aident \u00e0 supporter les vents.Les vir\u00e9es de l&rsquo;Altertour ont parfois un &#8230; <\/p>\n<div><a href=\"https:\/\/www.altercampagne.net\/?p=24035\" class=\"more-link\">Read More<\/a><\/div>\n","protected":false},"author":316,"featured_media":24037,"comment_status":"closed","ping_status":"closed","sticky":false,"template":"","format":"standard","meta":{"footnotes":""},"categories":[3483,3472,4198,3486,1],"tags":[20,4329,4364,4365],"class_list":["post-24035","post","type-post","status-publish","format-standard","has-post-thumbnail","hentry","category-agriculture","category-bretagne","category-edition-2021","category-environnement","category-non-classe","tag-bretagne","tag-koal-kozh","tag-semence","tag-oignons"],"yoast_head":"<!-- This site is optimized with the Yoast SEO plugin v27.3 - https:\/\/yoast.com\/product\/yoast-seo-wordpress\/ -->\n<title>La maison des semences paysannes de Kaol Kozh - AlterTour<\/title>\n<meta name=\"robots\" content=\"index, follow, max-snippet:-1, max-image-preview:large, max-video-preview:-1\" \/>\n<link rel=\"canonical\" href=\"https:\/\/www.altercampagne.net\/?p=24035\" \/>\n<meta property=\"og:locale\" content=\"fr_FR\" \/>\n<meta property=\"og:type\" content=\"article\" \/>\n<meta property=\"og:title\" content=\"La maison des semences paysannes de Kaol Kozh - AlterTour\" \/>\n<meta property=\"og:description\" content=\"Nous traversons des villages aux maisons de granit sur lesquels veillent les hautes fl\u00e8ches de dentelle fines comme des ailes libellules. Ces clochers des \u00e9glises se dressent entre catholicisme et rites pa\u00efens, car ce sont les f\u00e9es qui les aident \u00e0 supporter les vents.Les vir\u00e9es de l&rsquo;Altertour ont parfois un ... Read More\" \/>\n<meta property=\"og:url\" content=\"https:\/\/www.altercampagne.net\/?p=24035\" \/>\n<meta property=\"og:site_name\" content=\"AlterTour\" \/>\n<meta property=\"article:published_time\" content=\"2021-12-16T10:31:50+00:00\" \/>\n<meta property=\"article:modified_time\" content=\"2021-12-16T10:31:51+00:00\" \/>\n<meta property=\"og:image\" content=\"https:\/\/www.altercampagne.net\/wp-content\/uploads\/2021\/12\/AT21__18-27aout__Ivan-252.jpg\" \/>\n\t<meta property=\"og:image:width\" content=\"1620\" \/>\n\t<meta property=\"og:image:height\" content=\"1080\" \/>\n\t<meta property=\"og:image:type\" content=\"image\/jpeg\" \/>\n<meta name=\"author\" content=\"Jonas\" \/>\n<meta name=\"twitter:card\" content=\"summary_large_image\" \/>\n<meta name=\"twitter:label1\" content=\"\u00c9crit par\" \/>\n\t<meta name=\"twitter:data1\" content=\"Jonas\" \/>\n\t<meta name=\"twitter:label2\" content=\"Dur\u00e9e de lecture estim\u00e9e\" \/>\n\t<meta name=\"twitter:data2\" content=\"3 minutes\" \/>\n<script type=\"application\/ld+json\" class=\"yoast-schema-graph\">{\"@context\":\"https:\\\/\\\/schema.org\",\"@graph\":[{\"@type\":\"Article\",\"@id\":\"https:\\\/\\\/www.altercampagne.net\\\/?p=24035#article\",\"isPartOf\":{\"@id\":\"https:\\\/\\\/www.altercampagne.net\\\/?p=24035\"},\"author\":{\"name\":\"Jonas\",\"@id\":\"https:\\\/\\\/www.altercampagne.net\\\/#\\\/schema\\\/person\\\/308dc295a67929d58321ff6b59820daa\"},\"headline\":\"La maison des semences paysannes de Kaol Kozh\",\"datePublished\":\"2021-12-16T10:31:50+00:00\",\"dateModified\":\"2021-12-16T10:31:51+00:00\",\"mainEntityOfPage\":{\"@id\":\"https:\\\/\\\/www.altercampagne.net\\\/?p=24035\"},\"wordCount\":505,\"image\":{\"@id\":\"https:\\\/\\\/www.altercampagne.net\\\/?p=24035#primaryimage\"},\"thumbnailUrl\":\"https:\\\/\\\/www.altercampagne.net\\\/wp-content\\\/uploads\\\/2021\\\/12\\\/AT21__18-27aout__Ivan-252.jpg\",\"keywords\":[\"bretagne\",\"Koal Kozh\",\"Semence\",\"Oignons\"],\"articleSection\":[\"Agriculture\",\"Bretagne\",\"Edition 2021\",\"Environnement\"],\"inLanguage\":\"fr-FR\"},{\"@type\":\"WebPage\",\"@id\":\"https:\\\/\\\/www.altercampagne.net\\\/?p=24035\",\"url\":\"https:\\\/\\\/www.altercampagne.net\\\/?p=24035\",\"name\":\"La maison des semences paysannes de Kaol Kozh - AlterTour\",\"isPartOf\":{\"@id\":\"https:\\\/\\\/www.altercampagne.net\\\/#website\"},\"primaryImageOfPage\":{\"@id\":\"https:\\\/\\\/www.altercampagne.net\\\/?p=24035#primaryimage\"},\"image\":{\"@id\":\"https:\\\/\\\/www.altercampagne.net\\\/?p=24035#primaryimage\"},\"thumbnailUrl\":\"https:\\\/\\\/www.altercampagne.net\\\/wp-content\\\/uploads\\\/2021\\\/12\\\/AT21__18-27aout__Ivan-252.jpg\",\"datePublished\":\"2021-12-16T10:31:50+00:00\",\"dateModified\":\"2021-12-16T10:31:51+00:00\",\"author\":{\"@id\":\"https:\\\/\\\/www.altercampagne.net\\\/#\\\/schema\\\/person\\\/308dc295a67929d58321ff6b59820daa\"},\"breadcrumb\":{\"@id\":\"https:\\\/\\\/www.altercampagne.net\\\/?p=24035#breadcrumb\"},\"inLanguage\":\"fr-FR\",\"potentialAction\":[{\"@type\":\"ReadAction\",\"target\":[\"https:\\\/\\\/www.altercampagne.net\\\/?p=24035\"]}]},{\"@type\":\"ImageObject\",\"inLanguage\":\"fr-FR\",\"@id\":\"https:\\\/\\\/www.altercampagne.net\\\/?p=24035#primaryimage\",\"url\":\"https:\\\/\\\/www.altercampagne.net\\\/wp-content\\\/uploads\\\/2021\\\/12\\\/AT21__18-27aout__Ivan-252.jpg\",\"contentUrl\":\"https:\\\/\\\/www.altercampagne.net\\\/wp-content\\\/uploads\\\/2021\\\/12\\\/AT21__18-27aout__Ivan-252.jpg\",\"width\":1620,\"height\":1080},{\"@type\":\"BreadcrumbList\",\"@id\":\"https:\\\/\\\/www.altercampagne.net\\\/?p=24035#breadcrumb\",\"itemListElement\":[{\"@type\":\"ListItem\",\"position\":1,\"name\":\"Accueil\",\"item\":\"https:\\\/\\\/www.altercampagne.net\\\/\"},{\"@type\":\"ListItem\",\"position\":2,\"name\":\"La maison des semences paysannes de Kaol Kozh\"}]},{\"@type\":\"WebSite\",\"@id\":\"https:\\\/\\\/www.altercampagne.net\\\/#website\",\"url\":\"https:\\\/\\\/www.altercampagne.net\\\/\",\"name\":\"AlterTour\",\"description\":\"Reliez les Alternatives \u00e0 v\u00e9lo\",\"potentialAction\":[{\"@type\":\"SearchAction\",\"target\":{\"@type\":\"EntryPoint\",\"urlTemplate\":\"https:\\\/\\\/www.altercampagne.net\\\/?s={search_term_string}\"},\"query-input\":{\"@type\":\"PropertyValueSpecification\",\"valueRequired\":true,\"valueName\":\"search_term_string\"}}],\"inLanguage\":\"fr-FR\"},{\"@type\":\"Person\",\"@id\":\"https:\\\/\\\/www.altercampagne.net\\\/#\\\/schema\\\/person\\\/308dc295a67929d58321ff6b59820daa\",\"name\":\"Jonas\",\"image\":{\"@type\":\"ImageObject\",\"inLanguage\":\"fr-FR\",\"@id\":\"https:\\\/\\\/secure.gravatar.com\\\/avatar\\\/ade7b451791545d463915f445a8aee91b58c48cdcbc1ab2b8583fa2f30e159e4?s=96&d=mm&r=g\",\"url\":\"https:\\\/\\\/secure.gravatar.com\\\/avatar\\\/ade7b451791545d463915f445a8aee91b58c48cdcbc1ab2b8583fa2f30e159e4?s=96&d=mm&r=g\",\"contentUrl\":\"https:\\\/\\\/secure.gravatar.com\\\/avatar\\\/ade7b451791545d463915f445a8aee91b58c48cdcbc1ab2b8583fa2f30e159e4?s=96&d=mm&r=g\",\"caption\":\"Jonas\"},\"url\":\"https:\\\/\\\/www.altercampagne.net\\\/?author=316\"}]}<\/script>\n<!-- \/ Yoast SEO plugin. -->","yoast_head_json":{"title":"La maison des semences paysannes de Kaol Kozh - AlterTour","robots":{"index":"index","follow":"follow","max-snippet":"max-snippet:-1","max-image-preview":"max-image-preview:large","max-video-preview":"max-video-preview:-1"},"canonical":"https:\/\/www.altercampagne.net\/?p=24035","og_locale":"fr_FR","og_type":"article","og_title":"La maison des semences paysannes de Kaol Kozh - AlterTour","og_description":"Nous traversons des villages aux maisons de granit sur lesquels veillent les hautes fl\u00e8ches de dentelle fines comme des ailes libellules. Ces clochers des \u00e9glises se dressent entre catholicisme et rites pa\u00efens, car ce sont les f\u00e9es qui les aident \u00e0 supporter les vents.Les vir\u00e9es de l&rsquo;Altertour ont parfois un ... Read More","og_url":"https:\/\/www.altercampagne.net\/?p=24035","og_site_name":"AlterTour","article_published_time":"2021-12-16T10:31:50+00:00","article_modified_time":"2021-12-16T10:31:51+00:00","og_image":[{"width":1620,"height":1080,"url":"https:\/\/www.altercampagne.net\/wp-content\/uploads\/2021\/12\/AT21__18-27aout__Ivan-252.jpg","type":"image\/jpeg"}],"author":"Jonas","twitter_card":"summary_large_image","twitter_misc":{"\u00c9crit par":"Jonas","Dur\u00e9e de lecture estim\u00e9e":"3 minutes"},"schema":{"@context":"https:\/\/schema.org","@graph":[{"@type":"Article","@id":"https:\/\/www.altercampagne.net\/?p=24035#article","isPartOf":{"@id":"https:\/\/www.altercampagne.net\/?p=24035"},"author":{"name":"Jonas","@id":"https:\/\/www.altercampagne.net\/#\/schema\/person\/308dc295a67929d58321ff6b59820daa"},"headline":"La maison des semences paysannes de Kaol Kozh","datePublished":"2021-12-16T10:31:50+00:00","dateModified":"2021-12-16T10:31:51+00:00","mainEntityOfPage":{"@id":"https:\/\/www.altercampagne.net\/?p=24035"},"wordCount":505,"image":{"@id":"https:\/\/www.altercampagne.net\/?p=24035#primaryimage"},"thumbnailUrl":"https:\/\/www.altercampagne.net\/wp-content\/uploads\/2021\/12\/AT21__18-27aout__Ivan-252.jpg","keywords":["bretagne","Koal Kozh","Semence","Oignons"],"articleSection":["Agriculture","Bretagne","Edition 2021","Environnement"],"inLanguage":"fr-FR"},{"@type":"WebPage","@id":"https:\/\/www.altercampagne.net\/?p=24035","url":"https:\/\/www.altercampagne.net\/?p=24035","name":"La maison des semences paysannes de Kaol Kozh - AlterTour","isPartOf":{"@id":"https:\/\/www.altercampagne.net\/#website"},"primaryImageOfPage":{"@id":"https:\/\/www.altercampagne.net\/?p=24035#primaryimage"},"image":{"@id":"https:\/\/www.altercampagne.net\/?p=24035#primaryimage"},"thumbnailUrl":"https:\/\/www.altercampagne.net\/wp-content\/uploads\/2021\/12\/AT21__18-27aout__Ivan-252.jpg","datePublished":"2021-12-16T10:31:50+00:00","dateModified":"2021-12-16T10:31:51+00:00","author":{"@id":"https:\/\/www.altercampagne.net\/#\/schema\/person\/308dc295a67929d58321ff6b59820daa"},"breadcrumb":{"@id":"https:\/\/www.altercampagne.net\/?p=24035#breadcrumb"},"inLanguage":"fr-FR","potentialAction":[{"@type":"ReadAction","target":["https:\/\/www.altercampagne.net\/?p=24035"]}]},{"@type":"ImageObject","inLanguage":"fr-FR","@id":"https:\/\/www.altercampagne.net\/?p=24035#primaryimage","url":"https:\/\/www.altercampagne.net\/wp-content\/uploads\/2021\/12\/AT21__18-27aout__Ivan-252.jpg","contentUrl":"https:\/\/www.altercampagne.net\/wp-content\/uploads\/2021\/12\/AT21__18-27aout__Ivan-252.jpg","width":1620,"height":1080},{"@type":"BreadcrumbList","@id":"https:\/\/www.altercampagne.net\/?p=24035#breadcrumb","itemListElement":[{"@type":"ListItem","position":1,"name":"Accueil","item":"https:\/\/www.altercampagne.net\/"},{"@type":"ListItem","position":2,"name":"La maison des semences paysannes de Kaol Kozh"}]},{"@type":"WebSite","@id":"https:\/\/www.altercampagne.net\/#website","url":"https:\/\/www.altercampagne.net\/","name":"AlterTour","description":"Reliez les Alternatives \u00e0 v\u00e9lo","potentialAction":[{"@type":"SearchAction","target":{"@type":"EntryPoint","urlTemplate":"https:\/\/www.altercampagne.net\/?s={search_term_string}"},"query-input":{"@type":"PropertyValueSpecification","valueRequired":true,"valueName":"search_term_string"}}],"inLanguage":"fr-FR"},{"@type":"Person","@id":"https:\/\/www.altercampagne.net\/#\/schema\/person\/308dc295a67929d58321ff6b59820daa","name":"Jonas","image":{"@type":"ImageObject","inLanguage":"fr-FR","@id":"https:\/\/secure.gravatar.com\/avatar\/ade7b451791545d463915f445a8aee91b58c48cdcbc1ab2b8583fa2f30e159e4?s=96&d=mm&r=g","url":"https:\/\/secure.gravatar.com\/avatar\/ade7b451791545d463915f445a8aee91b58c48cdcbc1ab2b8583fa2f30e159e4?s=96&d=mm&r=g","contentUrl":"https:\/\/secure.gravatar.com\/avatar\/ade7b451791545d463915f445a8aee91b58c48cdcbc1ab2b8583fa2f30e159e4?s=96&d=mm&r=g","caption":"Jonas"},"url":"https:\/\/www.altercampagne.net\/?author=316"}]}},"_links":{"self":[{"href":"https:\/\/www.altercampagne.net\/index.php?rest_route=\/wp\/v2\/posts\/24035","targetHints":{"allow":["GET"]}}],"collection":[{"href":"https:\/\/www.altercampagne.net\/index.php?rest_route=\/wp\/v2\/posts"}],"about":[{"href":"https:\/\/www.altercampagne.net\/index.php?rest_route=\/wp\/v2\/types\/post"}],"author":[{"embeddable":true,"href":"https:\/\/www.altercampagne.net\/index.php?rest_route=\/wp\/v2\/users\/316"}],"replies":[{"embeddable":true,"href":"https:\/\/www.altercampagne.net\/index.php?rest_route=%2Fwp%2Fv2%2Fcomments&post=24035"}],"version-history":[{"count":4,"href":"https:\/\/www.altercampagne.net\/index.php?rest_route=\/wp\/v2\/posts\/24035\/revisions"}],"predecessor-version":[{"id":24065,"href":"https:\/\/www.altercampagne.net\/index.php?rest_route=\/wp\/v2\/posts\/24035\/revisions\/24065"}],"wp:featuredmedia":[{"embeddable":true,"href":"https:\/\/www.altercampagne.net\/index.php?rest_route=\/wp\/v2\/media\/24037"}],"wp:attachment":[{"href":"https:\/\/www.altercampagne.net\/index.php?rest_route=%2Fwp%2Fv2%2Fmedia&parent=24035"}],"wp:term":[{"taxonomy":"category","embeddable":true,"href":"https:\/\/www.altercampagne.net\/index.php?rest_route=%2Fwp%2Fv2%2Fcategories&post=24035"},{"taxonomy":"post_tag","embeddable":true,"href":"https:\/\/www.altercampagne.net\/index.php?rest_route=%2Fwp%2Fv2%2Ftags&post=24035"}],"curies":[{"name":"wp","href":"https:\/\/api.w.org\/{rel}","templated":true}]}}