{"id":24041,"date":"2021-12-14T11:26:10","date_gmt":"2021-12-14T10:26:10","guid":{"rendered":"https:\/\/www.altercampagne.net\/?p=24041"},"modified":"2022-01-13T16:01:36","modified_gmt":"2022-01-13T15:01:36","slug":"portrait-daltercycliste-robin","status":"publish","type":"post","link":"https:\/\/www.altercampagne.net\/?p=24041","title":{"rendered":"Portrait d\u2019altercycliste : Robin"},"content":{"rendered":"\n<p>Tous les ans, une \u00e9quipe de r\u00e9dacteurices de l\u2019AlterTour participe \u00e0 <strong>l\u2019\u00e9criture d\u2019un suppl\u00e9ment pour la revue S!lence<\/strong> o\u00f9 sont pr\u00e9sent\u00e9es certaines alternatives visit\u00e9es au cours de l\u2019\u00e9t\u00e9 ainsi que des portraits d\u2019altercyclistes dont la vie a chang\u00e9, d\u2019une mani\u00e8re ou d\u2019une autre, apr\u00e8s leur participation au Tour.<\/p>\n\n\n\n<p><strong>Si toi aussi tu as envie de raconter comment rouler avec l\u2019AlterTour ou l\u2019Alter-D-Tour a enclench\u00e9 pleins de d\u00e9clics dans ta caboche<\/strong>, envoie un mail \u00e0 <em><strong><span class=\"has-inline-color has-vivid-red-color\">contact@altertour.net<\/span><\/strong><\/em> pour te signaler et un.e membre de l\u2019\u00e9quipe Plumes te recontactera !<\/p>\n\n\n\n<p>Ci-dessous, un t\u00e9moignage paru cette ann\u00e9e, celui de Robin.<\/p>\n\n\n\n<p><\/p>\n\n\n\n<figure class=\"wp-block-image size-large\"><a href=\"https:\/\/www.altercampagne.net\/wp-content\/uploads\/2021\/12\/CB48226F-723A-4C63-9994-F290AAEA1CC8.jpeg\"><img loading=\"lazy\" decoding=\"async\" width=\"1024\" height=\"683\" src=\"https:\/\/www.altercampagne.net\/wp-content\/uploads\/2021\/12\/CB48226F-723A-4C63-9994-F290AAEA1CC8-1024x683.jpeg\" alt=\"\" class=\"wp-image-24044\" srcset=\"https:\/\/www.altercampagne.net\/wp-content\/uploads\/2021\/12\/CB48226F-723A-4C63-9994-F290AAEA1CC8-1024x683.jpeg 1024w, https:\/\/www.altercampagne.net\/wp-content\/uploads\/2021\/12\/CB48226F-723A-4C63-9994-F290AAEA1CC8-300x200.jpeg 300w, https:\/\/www.altercampagne.net\/wp-content\/uploads\/2021\/12\/CB48226F-723A-4C63-9994-F290AAEA1CC8-768x512.jpeg 768w, https:\/\/www.altercampagne.net\/wp-content\/uploads\/2021\/12\/CB48226F-723A-4C63-9994-F290AAEA1CC8-1536x1025.jpeg 1536w, https:\/\/www.altercampagne.net\/wp-content\/uploads\/2021\/12\/CB48226F-723A-4C63-9994-F290AAEA1CC8-610x407.jpeg 610w, https:\/\/www.altercampagne.net\/wp-content\/uploads\/2021\/12\/CB48226F-723A-4C63-9994-F290AAEA1CC8-100x67.jpeg 100w, https:\/\/www.altercampagne.net\/wp-content\/uploads\/2021\/12\/CB48226F-723A-4C63-9994-F290AAEA1CC8-862x575.jpeg 862w, https:\/\/www.altercampagne.net\/wp-content\/uploads\/2021\/12\/CB48226F-723A-4C63-9994-F290AAEA1CC8-1140x760.jpeg 1140w, https:\/\/www.altercampagne.net\/wp-content\/uploads\/2021\/12\/CB48226F-723A-4C63-9994-F290AAEA1CC8.jpeg 1619w\" sizes=\"auto, (max-width: 1024px) 100vw, 1024px\" \/><\/a><figcaption>Photo de groupe devant la mairie d\u2019Alizay en juillet 2021, saurez vous rep\u00e9rer la bouille de Robin ?<\/figcaption><\/figure>\n\n\n\n<p>\u00ab&nbsp;Participer \u00e0 l\u2019Altertour ne m\u2019a pas conduit \u00e0 un changement radical, j\u2019\u00e9tais d\u00e9j\u00e0 sensibilis\u00e9 \u00e0 tous les sujets sur lesquels j\u2019ai pu \u00e9changer pendant le tour, avec les autres&nbsp;<a href=\"http:\/\/participant.es\/\" target=\"_blank\" rel=\"noreferrer noopener\">participant.es<\/a>&nbsp;ou les&nbsp;<a href=\"http:\/\/accueillant.es\/\" target=\"_blank\" rel=\"noreferrer noopener\">accueillant.es<\/a>. Mais cette exp\u00e9rience a \u00e9t\u00e9 un catalyseur qui m\u2019a donn\u00e9 force et courage pour continuer sur mon chemin.<\/p>\n\n\n\n<p>D\u2019abord, j\u2019ai r\u00e9alis\u00e9 qu\u2019il est <strong>possible de faire beaucoup de kilom\u00e8tres \u00e0 v\u00e9lo<\/strong> ! Avec cette nouvelle philosophie du d\u00e9placement, j\u2019ai pris en compte les trajets au moment de changer de logement pour rendre la bagnole moins indispensable, et pouvoir faire plus de trajets \u00e0 la force des p\u00e9dales dans la vie de tous les jours ! Un autre th\u00e8me o\u00f9 changer un peu mon organisation au quotidien me permet d\u2019avoir des actions plus align\u00e9es avec mes valeurs, c\u2019est la bouffe ! <strong>On mange de qualit\u00e9 \u00e0 l\u2019Altertour et si c\u2019est \u00e0 port\u00e9e de main quand on est 60 en itin\u00e9rance, alors \u00e7a doit \u00eatre possible pour moi aussi.<\/strong> Je fais donc plus attention \u00e0 ce que j\u2019ach\u00e8te, en \u00e9vitant les supermarch\u00e9s.<\/p>\n\n\n\n<p>J\u2019ai aussi eu un d\u00e9clic concernant le f\u00e9minisme. Dans ce groupe o\u00f9 les altercyclistes femmes sont en l\u00e9g\u00e8re majorit\u00e9, et o\u00f9 la bienveillance est reine, <strong>j\u2019ai \u00e9t\u00e9 amen\u00e9 \u00e0 une remise en question sur notre soci\u00e9t\u00e9, o\u00f9 le sexisme ordinaire est de mise<\/strong>, et sur le r\u00f4le que j\u2019y joue ! Je continue de penser que l\u2019on peut rire de tout mais je me rends maintenant compte que les boutades macho peuvent participer \u00e0 renforcer les st\u00e9r\u00e9otypes, alors je suis beaucoup plus attentif aux mots qu\u2019on utilise.<\/p>\n\n\n\n<p>A travers cette belle exp\u00e9rience humaine et militante qu\u2019est l\u2019Altertour, <strong>j\u2019ai eu tellement d\u2019\u00e9changes et de partages sur ce qui permet une soci\u00e9t\u00e9 plus r\u00e9siliente, qu\u2019au final tous les aspects de ma vie ont \u00e9t\u00e9 impact\u00e9s <\/strong>! En plus de ceux d\u00e9j\u00e0 cit\u00e9s il y a le r\u00e9seau associatif local : j\u2019y \u00e9tais d\u00e9j\u00e0 engag\u00e9 mais j\u2019y suis encore davantage aujourd\u2019hui. \u00c9galement dans mon travail : j\u2019ai envie d\u2019y trouver du sens et de participer plus \u00e0 des activit\u00e9s locales. \u00c7a n\u2019a peut-\u00eatre l\u2019air de rien, choisir de bosser la saison d\u2019hiver avec des mushers plut\u00f4t que dans les remont\u00e9es m\u00e9caniques. Mais si les deux sont des activit\u00e9s de loisir, elles n\u2019ont pas les m\u00eames r\u00e9percussions sur l\u2019environnement et n\u2019impliquent pas le m\u00eame contact avec la nature. <br>Enfin \u00eatre t\u00e9moin et participant de l\u2019organisation d\u2019un si grand groupe \u00e0 l\u2019horizontale et qui fonctionne, <strong>\u00e7a me convainc plus que jamais de la force du collectif !<\/strong>&nbsp;\u00bb<\/p>\n","protected":false},"excerpt":{"rendered":"<p>Tous les ans, une \u00e9quipe de r\u00e9dacteurices de l\u2019AlterTour participe \u00e0 l\u2019\u00e9criture d\u2019un suppl\u00e9ment pour la revue S!lence o\u00f9 sont pr\u00e9sent\u00e9es certaines alternatives visit\u00e9es au cours de l\u2019\u00e9t\u00e9 ainsi que des portraits d\u2019altercyclistes dont la vie a chang\u00e9, d\u2019une mani\u00e8re ou d\u2019une autre, apr\u00e8s leur participation au Tour. Si toi &#8230; <\/p>\n<div><a href=\"https:\/\/www.altercampagne.net\/?p=24041\" class=\"more-link\">Read More<\/a><\/div>\n","protected":false},"author":361,"featured_media":24042,"comment_status":"closed","ping_status":"closed","sticky":false,"template":"","format":"standard","meta":{"footnotes":""},"categories":[4313,4198,4054],"tags":[],"class_list":["post-24041","post","type-post","status-publish","format-standard","has-post-thumbnail","hentry","category-altertour","category-edition-2021","category-temoignages"],"yoast_head":"<!-- This site is optimized with the Yoast SEO plugin v27.3 - https:\/\/yoast.com\/product\/yoast-seo-wordpress\/ -->\n<title>Portrait d\u2019altercycliste : Robin - AlterTour<\/title>\n<meta name=\"robots\" content=\"index, follow, max-snippet:-1, max-image-preview:large, max-video-preview:-1\" \/>\n<link rel=\"canonical\" href=\"https:\/\/www.altercampagne.net\/?p=24041\" \/>\n<meta property=\"og:locale\" content=\"fr_FR\" \/>\n<meta property=\"og:type\" content=\"article\" \/>\n<meta property=\"og:title\" content=\"Portrait d\u2019altercycliste : Robin - AlterTour\" \/>\n<meta property=\"og:description\" content=\"Tous les ans, une \u00e9quipe de r\u00e9dacteurices de l\u2019AlterTour participe \u00e0 l\u2019\u00e9criture d\u2019un suppl\u00e9ment pour la revue S!lence o\u00f9 sont pr\u00e9sent\u00e9es certaines alternatives visit\u00e9es au cours de l\u2019\u00e9t\u00e9 ainsi que des portraits d\u2019altercyclistes dont la vie a chang\u00e9, d\u2019une mani\u00e8re ou d\u2019une autre, apr\u00e8s leur participation au Tour. Si toi ... Read More\" \/>\n<meta property=\"og:url\" content=\"https:\/\/www.altercampagne.net\/?p=24041\" \/>\n<meta property=\"og:site_name\" content=\"AlterTour\" \/>\n<meta property=\"article:published_time\" content=\"2021-12-14T10:26:10+00:00\" \/>\n<meta property=\"article:modified_time\" content=\"2022-01-13T15:01:36+00:00\" \/>\n<meta property=\"og:image\" content=\"https:\/\/www.altercampagne.net\/wp-content\/uploads\/2021\/12\/ED1D0DE3-D741-4DF2-ABF1-012170E88170.jpeg\" \/>\n\t<meta property=\"og:image:width\" content=\"2000\" \/>\n\t<meta property=\"og:image:height\" content=\"1333\" \/>\n\t<meta property=\"og:image:type\" content=\"image\/jpeg\" \/>\n<meta name=\"author\" content=\"Pauline\" \/>\n<meta name=\"twitter:card\" content=\"summary_large_image\" \/>\n<meta name=\"twitter:label1\" content=\"\u00c9crit par\" \/>\n\t<meta name=\"twitter:data1\" content=\"Pauline\" \/>\n\t<meta name=\"twitter:label2\" content=\"Dur\u00e9e de lecture estim\u00e9e\" \/>\n\t<meta name=\"twitter:data2\" content=\"3 minutes\" \/>\n<script type=\"application\/ld+json\" class=\"yoast-schema-graph\">{\"@context\":\"https:\\\/\\\/schema.org\",\"@graph\":[{\"@type\":\"Article\",\"@id\":\"https:\\\/\\\/www.altercampagne.net\\\/?p=24041#article\",\"isPartOf\":{\"@id\":\"https:\\\/\\\/www.altercampagne.net\\\/?p=24041\"},\"author\":{\"name\":\"Pauline\",\"@id\":\"https:\\\/\\\/www.altercampagne.net\\\/#\\\/schema\\\/person\\\/caf30ed73e072285b8f761300370ddb5\"},\"headline\":\"Portrait d\u2019altercycliste : Robin\",\"datePublished\":\"2021-12-14T10:26:10+00:00\",\"dateModified\":\"2022-01-13T15:01:36+00:00\",\"mainEntityOfPage\":{\"@id\":\"https:\\\/\\\/www.altercampagne.net\\\/?p=24041\"},\"wordCount\":617,\"image\":{\"@id\":\"https:\\\/\\\/www.altercampagne.net\\\/?p=24041#primaryimage\"},\"thumbnailUrl\":\"https:\\\/\\\/www.altercampagne.net\\\/wp-content\\\/uploads\\\/2021\\\/12\\\/ED1D0DE3-D741-4DF2-ABF1-012170E88170.jpeg\",\"articleSection\":[\"AlterTour\",\"Edition 2021\",\"T\u00e9moignages\"],\"inLanguage\":\"fr-FR\"},{\"@type\":\"WebPage\",\"@id\":\"https:\\\/\\\/www.altercampagne.net\\\/?p=24041\",\"url\":\"https:\\\/\\\/www.altercampagne.net\\\/?p=24041\",\"name\":\"Portrait d\u2019altercycliste : Robin - AlterTour\",\"isPartOf\":{\"@id\":\"https:\\\/\\\/www.altercampagne.net\\\/#website\"},\"primaryImageOfPage\":{\"@id\":\"https:\\\/\\\/www.altercampagne.net\\\/?p=24041#primaryimage\"},\"image\":{\"@id\":\"https:\\\/\\\/www.altercampagne.net\\\/?p=24041#primaryimage\"},\"thumbnailUrl\":\"https:\\\/\\\/www.altercampagne.net\\\/wp-content\\\/uploads\\\/2021\\\/12\\\/ED1D0DE3-D741-4DF2-ABF1-012170E88170.jpeg\",\"datePublished\":\"2021-12-14T10:26:10+00:00\",\"dateModified\":\"2022-01-13T15:01:36+00:00\",\"author\":{\"@id\":\"https:\\\/\\\/www.altercampagne.net\\\/#\\\/schema\\\/person\\\/caf30ed73e072285b8f761300370ddb5\"},\"breadcrumb\":{\"@id\":\"https:\\\/\\\/www.altercampagne.net\\\/?p=24041#breadcrumb\"},\"inLanguage\":\"fr-FR\",\"potentialAction\":[{\"@type\":\"ReadAction\",\"target\":[\"https:\\\/\\\/www.altercampagne.net\\\/?p=24041\"]}]},{\"@type\":\"ImageObject\",\"inLanguage\":\"fr-FR\",\"@id\":\"https:\\\/\\\/www.altercampagne.net\\\/?p=24041#primaryimage\",\"url\":\"https:\\\/\\\/www.altercampagne.net\\\/wp-content\\\/uploads\\\/2021\\\/12\\\/ED1D0DE3-D741-4DF2-ABF1-012170E88170.jpeg\",\"contentUrl\":\"https:\\\/\\\/www.altercampagne.net\\\/wp-content\\\/uploads\\\/2021\\\/12\\\/ED1D0DE3-D741-4DF2-ABF1-012170E88170.jpeg\",\"width\":2000,\"height\":1333},{\"@type\":\"BreadcrumbList\",\"@id\":\"https:\\\/\\\/www.altercampagne.net\\\/?p=24041#breadcrumb\",\"itemListElement\":[{\"@type\":\"ListItem\",\"position\":1,\"name\":\"Accueil\",\"item\":\"https:\\\/\\\/www.altercampagne.net\\\/\"},{\"@type\":\"ListItem\",\"position\":2,\"name\":\"Portrait d\u2019altercycliste : Robin\"}]},{\"@type\":\"WebSite\",\"@id\":\"https:\\\/\\\/www.altercampagne.net\\\/#website\",\"url\":\"https:\\\/\\\/www.altercampagne.net\\\/\",\"name\":\"AlterTour\",\"description\":\"Reliez les Alternatives \u00e0 v\u00e9lo\",\"potentialAction\":[{\"@type\":\"SearchAction\",\"target\":{\"@type\":\"EntryPoint\",\"urlTemplate\":\"https:\\\/\\\/www.altercampagne.net\\\/?s={search_term_string}\"},\"query-input\":{\"@type\":\"PropertyValueSpecification\",\"valueRequired\":true,\"valueName\":\"search_term_string\"}}],\"inLanguage\":\"fr-FR\"},{\"@type\":\"Person\",\"@id\":\"https:\\\/\\\/www.altercampagne.net\\\/#\\\/schema\\\/person\\\/caf30ed73e072285b8f761300370ddb5\",\"name\":\"Pauline\",\"image\":{\"@type\":\"ImageObject\",\"inLanguage\":\"fr-FR\",\"@id\":\"https:\\\/\\\/secure.gravatar.com\\\/avatar\\\/f84b78638c34b3d6ac7339a8ef00413d11da3b09ee578a762504104ff060cde7?s=96&d=mm&r=g\",\"url\":\"https:\\\/\\\/secure.gravatar.com\\\/avatar\\\/f84b78638c34b3d6ac7339a8ef00413d11da3b09ee578a762504104ff060cde7?s=96&d=mm&r=g\",\"contentUrl\":\"https:\\\/\\\/secure.gravatar.com\\\/avatar\\\/f84b78638c34b3d6ac7339a8ef00413d11da3b09ee578a762504104ff060cde7?s=96&d=mm&r=g\",\"caption\":\"Pauline\"},\"url\":\"https:\\\/\\\/www.altercampagne.net\\\/?author=361\"}]}<\/script>\n<!-- \/ Yoast SEO plugin. -->","yoast_head_json":{"title":"Portrait d\u2019altercycliste : Robin - AlterTour","robots":{"index":"index","follow":"follow","max-snippet":"max-snippet:-1","max-image-preview":"max-image-preview:large","max-video-preview":"max-video-preview:-1"},"canonical":"https:\/\/www.altercampagne.net\/?p=24041","og_locale":"fr_FR","og_type":"article","og_title":"Portrait d\u2019altercycliste : Robin - AlterTour","og_description":"Tous les ans, une \u00e9quipe de r\u00e9dacteurices de l\u2019AlterTour participe \u00e0 l\u2019\u00e9criture d\u2019un suppl\u00e9ment pour la revue S!lence o\u00f9 sont pr\u00e9sent\u00e9es certaines alternatives visit\u00e9es au cours de l\u2019\u00e9t\u00e9 ainsi que des portraits d\u2019altercyclistes dont la vie a chang\u00e9, d\u2019une mani\u00e8re ou d\u2019une autre, apr\u00e8s leur participation au Tour. Si toi ... Read More","og_url":"https:\/\/www.altercampagne.net\/?p=24041","og_site_name":"AlterTour","article_published_time":"2021-12-14T10:26:10+00:00","article_modified_time":"2022-01-13T15:01:36+00:00","og_image":[{"width":2000,"height":1333,"url":"https:\/\/www.altercampagne.net\/wp-content\/uploads\/2021\/12\/ED1D0DE3-D741-4DF2-ABF1-012170E88170.jpeg","type":"image\/jpeg"}],"author":"Pauline","twitter_card":"summary_large_image","twitter_misc":{"\u00c9crit par":"Pauline","Dur\u00e9e de lecture estim\u00e9e":"3 minutes"},"schema":{"@context":"https:\/\/schema.org","@graph":[{"@type":"Article","@id":"https:\/\/www.altercampagne.net\/?p=24041#article","isPartOf":{"@id":"https:\/\/www.altercampagne.net\/?p=24041"},"author":{"name":"Pauline","@id":"https:\/\/www.altercampagne.net\/#\/schema\/person\/caf30ed73e072285b8f761300370ddb5"},"headline":"Portrait d\u2019altercycliste : Robin","datePublished":"2021-12-14T10:26:10+00:00","dateModified":"2022-01-13T15:01:36+00:00","mainEntityOfPage":{"@id":"https:\/\/www.altercampagne.net\/?p=24041"},"wordCount":617,"image":{"@id":"https:\/\/www.altercampagne.net\/?p=24041#primaryimage"},"thumbnailUrl":"https:\/\/www.altercampagne.net\/wp-content\/uploads\/2021\/12\/ED1D0DE3-D741-4DF2-ABF1-012170E88170.jpeg","articleSection":["AlterTour","Edition 2021","T\u00e9moignages"],"inLanguage":"fr-FR"},{"@type":"WebPage","@id":"https:\/\/www.altercampagne.net\/?p=24041","url":"https:\/\/www.altercampagne.net\/?p=24041","name":"Portrait d\u2019altercycliste : Robin - AlterTour","isPartOf":{"@id":"https:\/\/www.altercampagne.net\/#website"},"primaryImageOfPage":{"@id":"https:\/\/www.altercampagne.net\/?p=24041#primaryimage"},"image":{"@id":"https:\/\/www.altercampagne.net\/?p=24041#primaryimage"},"thumbnailUrl":"https:\/\/www.altercampagne.net\/wp-content\/uploads\/2021\/12\/ED1D0DE3-D741-4DF2-ABF1-012170E88170.jpeg","datePublished":"2021-12-14T10:26:10+00:00","dateModified":"2022-01-13T15:01:36+00:00","author":{"@id":"https:\/\/www.altercampagne.net\/#\/schema\/person\/caf30ed73e072285b8f761300370ddb5"},"breadcrumb":{"@id":"https:\/\/www.altercampagne.net\/?p=24041#breadcrumb"},"inLanguage":"fr-FR","potentialAction":[{"@type":"ReadAction","target":["https:\/\/www.altercampagne.net\/?p=24041"]}]},{"@type":"ImageObject","inLanguage":"fr-FR","@id":"https:\/\/www.altercampagne.net\/?p=24041#primaryimage","url":"https:\/\/www.altercampagne.net\/wp-content\/uploads\/2021\/12\/ED1D0DE3-D741-4DF2-ABF1-012170E88170.jpeg","contentUrl":"https:\/\/www.altercampagne.net\/wp-content\/uploads\/2021\/12\/ED1D0DE3-D741-4DF2-ABF1-012170E88170.jpeg","width":2000,"height":1333},{"@type":"BreadcrumbList","@id":"https:\/\/www.altercampagne.net\/?p=24041#breadcrumb","itemListElement":[{"@type":"ListItem","position":1,"name":"Accueil","item":"https:\/\/www.altercampagne.net\/"},{"@type":"ListItem","position":2,"name":"Portrait d\u2019altercycliste : Robin"}]},{"@type":"WebSite","@id":"https:\/\/www.altercampagne.net\/#website","url":"https:\/\/www.altercampagne.net\/","name":"AlterTour","description":"Reliez les Alternatives \u00e0 v\u00e9lo","potentialAction":[{"@type":"SearchAction","target":{"@type":"EntryPoint","urlTemplate":"https:\/\/www.altercampagne.net\/?s={search_term_string}"},"query-input":{"@type":"PropertyValueSpecification","valueRequired":true,"valueName":"search_term_string"}}],"inLanguage":"fr-FR"},{"@type":"Person","@id":"https:\/\/www.altercampagne.net\/#\/schema\/person\/caf30ed73e072285b8f761300370ddb5","name":"Pauline","image":{"@type":"ImageObject","inLanguage":"fr-FR","@id":"https:\/\/secure.gravatar.com\/avatar\/f84b78638c34b3d6ac7339a8ef00413d11da3b09ee578a762504104ff060cde7?s=96&d=mm&r=g","url":"https:\/\/secure.gravatar.com\/avatar\/f84b78638c34b3d6ac7339a8ef00413d11da3b09ee578a762504104ff060cde7?s=96&d=mm&r=g","contentUrl":"https:\/\/secure.gravatar.com\/avatar\/f84b78638c34b3d6ac7339a8ef00413d11da3b09ee578a762504104ff060cde7?s=96&d=mm&r=g","caption":"Pauline"},"url":"https:\/\/www.altercampagne.net\/?author=361"}]}},"_links":{"self":[{"href":"https:\/\/www.altercampagne.net\/index.php?rest_route=\/wp\/v2\/posts\/24041","targetHints":{"allow":["GET"]}}],"collection":[{"href":"https:\/\/www.altercampagne.net\/index.php?rest_route=\/wp\/v2\/posts"}],"about":[{"href":"https:\/\/www.altercampagne.net\/index.php?rest_route=\/wp\/v2\/types\/post"}],"author":[{"embeddable":true,"href":"https:\/\/www.altercampagne.net\/index.php?rest_route=\/wp\/v2\/users\/361"}],"replies":[{"embeddable":true,"href":"https:\/\/www.altercampagne.net\/index.php?rest_route=%2Fwp%2Fv2%2Fcomments&post=24041"}],"version-history":[{"count":5,"href":"https:\/\/www.altercampagne.net\/index.php?rest_route=\/wp\/v2\/posts\/24041\/revisions"}],"predecessor-version":[{"id":24159,"href":"https:\/\/www.altercampagne.net\/index.php?rest_route=\/wp\/v2\/posts\/24041\/revisions\/24159"}],"wp:featuredmedia":[{"embeddable":true,"href":"https:\/\/www.altercampagne.net\/index.php?rest_route=\/wp\/v2\/media\/24042"}],"wp:attachment":[{"href":"https:\/\/www.altercampagne.net\/index.php?rest_route=%2Fwp%2Fv2%2Fmedia&parent=24041"}],"wp:term":[{"taxonomy":"category","embeddable":true,"href":"https:\/\/www.altercampagne.net\/index.php?rest_route=%2Fwp%2Fv2%2Fcategories&post=24041"},{"taxonomy":"post_tag","embeddable":true,"href":"https:\/\/www.altercampagne.net\/index.php?rest_route=%2Fwp%2Fv2%2Ftags&post=24041"}],"curies":[{"name":"wp","href":"https:\/\/api.w.org\/{rel}","templated":true}]}}