{"id":24069,"date":"2021-12-23T12:19:46","date_gmt":"2021-12-23T11:19:46","guid":{"rendered":"https:\/\/www.altercampagne.net\/?p=24069"},"modified":"2021-12-23T12:19:47","modified_gmt":"2021-12-23T11:19:47","slug":"altertour-2022-de-nice-a-clermont-ferrand","status":"publish","type":"post","link":"https:\/\/www.altercampagne.net\/?p=24069","title":{"rendered":"AlterTour 2022 : de Nice \u00e0 Clermont-Ferrand"},"content":{"rendered":"\n<h4 class=\"wp-block-heading\"><strong>Bient\u00f4t tou.te.s en selle de la mer aux volcans !<\/strong><\/h4>\n\n\n\n<p>11 d\u00e9cembre, 9h15, direction la Friche Lamartine, Lyon 3<sup>e<\/sup> arrondissement.<br>Une porte, une cour int\u00e9rieure, une autre porte\u2026 et puis des sourires, de l\u2019amour et de la joie. Une trentaine d\u2019altercyclistes, d\u00e9j\u00e0 l\u00e0, impatient.e.s de se retrouver, dans les odeurs de caf\u00e9 et dans un tintamarre des voix enjou\u00e9es.<\/p>\n\n\n\n<p>Que dire de ces deux jours, pendant lesquels l\u2019\u00e9quipe en folie a pu monter jusqu\u2019\u00e0 60 cerveaux ? Que dire de ce week-end de discussions passionn\u00e9es, de patiente \u00e9coute et de paroles libres, de fous rires et de partages joyeux, de moments de fatigue aussi o\u00f9 l\u2019on ne veut plus entendre parler de ce foutu parcours ? <\/p>\n\n\n\n<p>Allez, on tente un r\u00e9sum\u00e9 succinct et non exhaustif de ce week-end de d\u00e9cembre 2021 en quelques mots. C&rsquo;\u00e9tait :<\/p>\n\n\n\n<p class=\"has-text-align-left\"><strong>Le choix de 2 parcours<\/strong><\/p>\n\n\n\n<p class=\"has-text-align-left\">Celui de <strong>l\u2019AlterTour<\/strong> et de l\u2019<strong>Alter D-tour,<\/strong> pr\u00eats \u00e0 soutenir les initiatives et les lieux de lutte dans certains d\u00e9partements jusque-l\u00e0 encore inexplor\u00e9s !<br>Un voyage initiatique qui partira des contr\u00e9es ni\u00e7oises pour remonter vers la r\u00e9gion volcanique auvergnate. Avec pour mot d\u2019ordre le slow ! <br>Objectif : rouler un jour sur deux et limiter la distance entre les \u00e9tapes pour avoir encore plus de temps pour les rencontres et les explorations locales.<\/p>\n\n\n\n<figure class=\"wp-block-image size-large is-resized\"><a href=\"https:\/\/www.altercampagne.net\/wp-content\/uploads\/2021\/12\/Visuel-Parcours-2022.jpg\"><img loading=\"lazy\" decoding=\"async\" src=\"https:\/\/www.altercampagne.net\/wp-content\/uploads\/2021\/12\/Visuel-Parcours-2022-1024x1024.jpg\" alt=\"\" class=\"wp-image-24085\" width=\"580\" height=\"580\" srcset=\"https:\/\/www.altercampagne.net\/wp-content\/uploads\/2021\/12\/Visuel-Parcours-2022-1024x1024.jpg 1024w, https:\/\/www.altercampagne.net\/wp-content\/uploads\/2021\/12\/Visuel-Parcours-2022-300x300.jpg 300w, https:\/\/www.altercampagne.net\/wp-content\/uploads\/2021\/12\/Visuel-Parcours-2022-150x150.jpg 150w, https:\/\/www.altercampagne.net\/wp-content\/uploads\/2021\/12\/Visuel-Parcours-2022-768x768.jpg 768w, https:\/\/www.altercampagne.net\/wp-content\/uploads\/2021\/12\/Visuel-Parcours-2022-1536x1536.jpg 1536w, https:\/\/www.altercampagne.net\/wp-content\/uploads\/2021\/12\/Visuel-Parcours-2022-2048x2048.jpg 2048w, https:\/\/www.altercampagne.net\/wp-content\/uploads\/2021\/12\/Visuel-Parcours-2022-610x610.jpg 610w, https:\/\/www.altercampagne.net\/wp-content\/uploads\/2021\/12\/Visuel-Parcours-2022-100x100.jpg 100w, https:\/\/www.altercampagne.net\/wp-content\/uploads\/2021\/12\/Visuel-Parcours-2022-862x862.jpg 862w, https:\/\/www.altercampagne.net\/wp-content\/uploads\/2021\/12\/Visuel-Parcours-2022-1140x1140.jpg 1140w\" sizes=\"auto, (max-width: 580px) 100vw, 580px\" \/><\/a><\/figure>\n\n\n\n<p>Un itin\u00e9raire qui, une fois encore, passera par de nombreux lieux tous plus affriolants les uns que les autres. Des initiatives pr\u00e9sent\u00e9es apr\u00e8s l\u2019efficace d\u00e9frichage effectu\u00e9 pour l\u2019occasion par des b\u00e9n\u00e9voles survolt\u00e9s : ressourceries, collectifs autonomes, librairies engag\u00e9es, cirque itin\u00e9rant, vignerons et maraichers, jardins partag\u00e9s et agroforesteries, tiers-lieux\u2026 Pr\u00e9sentation en mouvement, en slam ou en chanson !<\/p>\n\n\n\n<p class=\"has-text-align-left\"><strong>Le choix du th\u00e8me du prochain hors-s\u00e9rie <\/strong><br><strong>en partenariat avec la revue <a href=\"https:\/\/www.revuesilence.net\/\">Silence<\/a><\/strong><\/p>\n\n\n\n<p>Et pour c\u00e9l\u00e9brer les 15 ans de l\u2019AlterTour, nous poserons la question \u00e0 des initiatives et des Alter-Cyclistes : <strong>Et si on se donnait rendez-vous dans 15 ans ? <\/strong>Humble r\u00e9f\u00e9rence \u00e0 notre cher Brubru. Nous y parlerons utopies et futurs d\u00e9sirables ; et la mani\u00e8re dont nos interlocuteurs se projettent dans le monde de demain\u2026 ou reviennent sur leur pass\u00e9 !<\/p>\n\n\n\n<p><img decoding=\"async\" src=\"https:\/\/lh5.googleusercontent.com\/-ux06bAfBG9m2KR6HBJ9aZexoOTYh-EzwifquNRnqtfx7z7oRDDyOGmB__Ybvmocz9tEmXKSAw7iIk71ofZZEEUc48tGZho1fF-LVa7987C78q5LRPysAH4EFJcQep9ir7W3WQOm\" style=\"width: px;\"><\/p>\n\n\n\n<p class=\"has-text-align-center\"><strong>Un d\u00e9bat mouvant<\/strong><\/p>\n\n\n\n<p>Pour que le groupe se positionne sur la mani\u00e8re d\u2019aborder (ou non) le f\u00e9minisme pendant le tour et dans le collectif.<\/p>\n\n\n\n<p class=\"has-text-align-left\"><strong>Les partages de tous les ateliers de travail<\/strong><\/p>\n\n\n\n<p>Qui se r\u00e9unissent entre les pl\u00e9ni\u00e8res, sur nos outils, nos m\u00e9thodes, notre gestion du temps ; pour faire du Tour un moment toujours plus plaisant, et am\u00e9liorer le fonctionnement du collectif.&nbsp;<\/p>\n\n\n\n<p>Et spoiler alert, on nous annonce dans l\u2019oreillette de chouettes motifs (sur Tshirts recycl\u00e9s) pour cette \u00e9dition sp\u00e9ciale 15 ans !<\/p>\n\n\n\n<p><img decoding=\"async\" src=\"https:\/\/lh5.googleusercontent.com\/pLPZXVb6uKi9QwOWAwcLXMxOsnY9ZkVo4wIhNxCANZM-fxQEEt1yfKksknNESNyv_HxYU0HZtSiA3YGcq8IzH6o7uZpoTLJ71pk9ocl16XmpvFIkou3SiavEJ7lkfwPH4zHpwKzt\" style=\"width: undefinedpx;\"><\/p>\n\n\n\n<p>Et puis allez, on vous fait cadeau pour No\u00ebl d\u2019une petite <strong>recette maison pour un bon choix d&rsquo;itin\u00e9raire :<\/strong><\/p>\n\n\n\n<p>&#8211;&nbsp; &nbsp; &nbsp; &nbsp; &nbsp; Une cinquantaines d\u2019altercyclistes cuit.e.s \u00e0 point<br>&#8211;&nbsp; &nbsp; &nbsp; &nbsp; &nbsp; Un zeste de folie<br>&#8211;&nbsp; &nbsp; &nbsp; &nbsp; &nbsp; Une pinc\u00e9e de d\u00e9bat<br>&#8211;&nbsp; &nbsp; &nbsp; &nbsp; &nbsp; Beaucoup d\u2019\u00e9coute<\/p>\n\n\n\n<p><strong>Marche \u00e0 suivre :<\/strong><\/p>\n\n\n\n<p>1)&nbsp; &nbsp; &nbsp; Donner aux altercyclistes un bingo \u00e0 remplir avec des anecdotes plus ou moins improbables. Laisser mijoter.<br>2)&nbsp; &nbsp; &nbsp; Emulsionner l\u2019ambiance en pr\u00e9sentant des initiatives \u00e0 toutes les sauces. Bien mettre en valeur ses lieux coup de c\u0153ur.&nbsp;&nbsp;&nbsp;<br>3)&nbsp; &nbsp; &nbsp; Ficeler des itin\u00e9raires sur des fonds de carte. Laisser refroidir pendant la nuit.<br>4)&nbsp;     Le lendemain, bien \u00e9picer avec un vote \u00e0 cartons color\u00e9s.<br>5)&nbsp; &nbsp; &nbsp; Pour finir, enfourner le tout avec un vote \u00e0 scrutin majoritaire.<\/p>\n\n\n\n<p class=\"has-text-align-center\"><strong>RESULTAT : un AlterTour et un Alter D-tour aux petits oignons !<\/strong><\/p>\n\n\n\n<p>Ah et puis on ne pouvait pas vous laisser sans quelques mots sur nos g\u00e9niaux accueillants !<br>La<a href=\"http:\/\/friche-lamartine.org\/\"> Friche Lamartine<\/a>, kesako ? Un lieu d\u2019exp\u00e9rimentation et de cr\u00e9ation artistique ouvert, qui offre \u00e0 de nombreuses \u00e9quipes artistiques des espaces et des ressources pour nourrir leurs recherches et travail de cr\u00e9ation.<br>Et deux des membres du collectif nous ont aussi pr\u00e9sent\u00e9 une initiative hyper inspirante qu\u2019ils ont pu monter :<a href=\"https:\/\/lapoursuite.fr\/\"> LA POURSUITE \u2013 La Culture \u00e0<\/a> <a href=\"https:\/\/lapoursuite.fr\/\">V\u00e9lo<\/a>. Un collectif d\u2019artistes en tourn\u00e9e \u00e0 v\u00e9lo, qui organisent des spectacles itin\u00e9rants et imaginent plein de solutions intelligentes autour des v\u00e9los et de la sc\u00e8ne pour d\u00e9mocratiser l\u2019usage des deux-roues non motoris\u00e9s dans le monde du spectacle ! On se donne rendez-vous en \u00e9t\u00e9 2022 pour d\u00e9couvrir le fameux Festival de la Poursuite.<\/p>\n\n\n\n<p>Allez, sur ces belles paroles, il est temps de vous souhaiter une belle fin d\u2019ann\u00e9e et de se donner rendez-vous en 2022 pour cette nouvelle \u00e9dition. <br>Et on sait pas pour vous, mais nous, \u00e7a nous donne tr\u00e8s envie de rouler tout \u00e7a ! &nbsp; &nbsp;<\/p>\n\n\n\n<p class=\"has-text-align-right\">Mathilde<\/p>\n","protected":false},"excerpt":{"rendered":"<p>Bient\u00f4t tou.te.s en selle de la mer aux volcans ! 11 d\u00e9cembre, 9h15, direction la Friche Lamartine, Lyon 3e arrondissement.Une porte, une cour int\u00e9rieure, une autre porte\u2026 et puis des sourires, de l\u2019amour et de la joie. Une trentaine d\u2019altercyclistes, d\u00e9j\u00e0 l\u00e0, impatient.e.s de se retrouver, dans les odeurs de &#8230; <\/p>\n<div><a href=\"https:\/\/www.altercampagne.net\/?p=24069\" class=\"more-link\">Read More<\/a><\/div>\n","protected":false},"author":316,"featured_media":24083,"comment_status":"closed","ping_status":"closed","sticky":false,"template":"","format":"standard","meta":{"footnotes":""},"categories":[4357,1,3932],"tags":[],"class_list":["post-24069","post","type-post","status-publish","format-standard","has-post-thumbnail","hentry","category-edition-2022","category-non-classe","category-velo"],"yoast_head":"<!-- This site is optimized with the Yoast SEO plugin v27.3 - https:\/\/yoast.com\/product\/yoast-seo-wordpress\/ -->\n<title>AlterTour 2022 : de Nice \u00e0 Clermont-Ferrand - AlterTour<\/title>\n<meta name=\"robots\" content=\"index, follow, max-snippet:-1, max-image-preview:large, max-video-preview:-1\" \/>\n<link rel=\"canonical\" href=\"https:\/\/www.altercampagne.net\/?p=24069\" \/>\n<meta property=\"og:locale\" content=\"fr_FR\" \/>\n<meta property=\"og:type\" content=\"article\" \/>\n<meta property=\"og:title\" content=\"AlterTour 2022 : de Nice \u00e0 Clermont-Ferrand - AlterTour\" \/>\n<meta property=\"og:description\" content=\"Bient\u00f4t tou.te.s en selle de la mer aux volcans ! 11 d\u00e9cembre, 9h15, direction la Friche Lamartine, Lyon 3e arrondissement.Une porte, une cour int\u00e9rieure, une autre porte\u2026 et puis des sourires, de l\u2019amour et de la joie. Une trentaine d\u2019altercyclistes, d\u00e9j\u00e0 l\u00e0, impatient.e.s de se retrouver, dans les odeurs de ... Read More\" \/>\n<meta property=\"og:url\" content=\"https:\/\/www.altercampagne.net\/?p=24069\" \/>\n<meta property=\"og:site_name\" content=\"AlterTour\" \/>\n<meta property=\"article:published_time\" content=\"2021-12-23T11:19:46+00:00\" \/>\n<meta property=\"article:modified_time\" content=\"2021-12-23T11:19:47+00:00\" \/>\n<meta property=\"og:image\" content=\"https:\/\/www.altercampagne.net\/wp-content\/uploads\/2021\/12\/AT-pleniere-decembre.jpg\" \/>\n\t<meta property=\"og:image:width\" content=\"2363\" \/>\n\t<meta property=\"og:image:height\" content=\"1304\" \/>\n\t<meta property=\"og:image:type\" content=\"image\/jpeg\" \/>\n<meta name=\"author\" content=\"Jonas\" \/>\n<meta name=\"twitter:card\" content=\"summary_large_image\" \/>\n<meta name=\"twitter:label1\" content=\"\u00c9crit par\" \/>\n\t<meta name=\"twitter:data1\" content=\"Jonas\" \/>\n\t<meta name=\"twitter:label2\" content=\"Dur\u00e9e de lecture estim\u00e9e\" \/>\n\t<meta name=\"twitter:data2\" content=\"5 minutes\" \/>\n<script type=\"application\/ld+json\" class=\"yoast-schema-graph\">{\"@context\":\"https:\\\/\\\/schema.org\",\"@graph\":[{\"@type\":\"Article\",\"@id\":\"https:\\\/\\\/www.altercampagne.net\\\/?p=24069#article\",\"isPartOf\":{\"@id\":\"https:\\\/\\\/www.altercampagne.net\\\/?p=24069\"},\"author\":{\"name\":\"Jonas\",\"@id\":\"https:\\\/\\\/www.altercampagne.net\\\/#\\\/schema\\\/person\\\/308dc295a67929d58321ff6b59820daa\"},\"headline\":\"AlterTour 2022 : de Nice \u00e0 Clermont-Ferrand\",\"datePublished\":\"2021-12-23T11:19:46+00:00\",\"dateModified\":\"2021-12-23T11:19:47+00:00\",\"mainEntityOfPage\":{\"@id\":\"https:\\\/\\\/www.altercampagne.net\\\/?p=24069\"},\"wordCount\":819,\"image\":{\"@id\":\"https:\\\/\\\/www.altercampagne.net\\\/?p=24069#primaryimage\"},\"thumbnailUrl\":\"https:\\\/\\\/www.altercampagne.net\\\/wp-content\\\/uploads\\\/2021\\\/12\\\/AT-pleniere-decembre.jpg\",\"articleSection\":{\"0\":\"Edition 2022\",\"2\":\"V\u00e9lo\"},\"inLanguage\":\"fr-FR\"},{\"@type\":\"WebPage\",\"@id\":\"https:\\\/\\\/www.altercampagne.net\\\/?p=24069\",\"url\":\"https:\\\/\\\/www.altercampagne.net\\\/?p=24069\",\"name\":\"AlterTour 2022 : de Nice \u00e0 Clermont-Ferrand - AlterTour\",\"isPartOf\":{\"@id\":\"https:\\\/\\\/www.altercampagne.net\\\/#website\"},\"primaryImageOfPage\":{\"@id\":\"https:\\\/\\\/www.altercampagne.net\\\/?p=24069#primaryimage\"},\"image\":{\"@id\":\"https:\\\/\\\/www.altercampagne.net\\\/?p=24069#primaryimage\"},\"thumbnailUrl\":\"https:\\\/\\\/www.altercampagne.net\\\/wp-content\\\/uploads\\\/2021\\\/12\\\/AT-pleniere-decembre.jpg\",\"datePublished\":\"2021-12-23T11:19:46+00:00\",\"dateModified\":\"2021-12-23T11:19:47+00:00\",\"author\":{\"@id\":\"https:\\\/\\\/www.altercampagne.net\\\/#\\\/schema\\\/person\\\/308dc295a67929d58321ff6b59820daa\"},\"breadcrumb\":{\"@id\":\"https:\\\/\\\/www.altercampagne.net\\\/?p=24069#breadcrumb\"},\"inLanguage\":\"fr-FR\",\"potentialAction\":[{\"@type\":\"ReadAction\",\"target\":[\"https:\\\/\\\/www.altercampagne.net\\\/?p=24069\"]}]},{\"@type\":\"ImageObject\",\"inLanguage\":\"fr-FR\",\"@id\":\"https:\\\/\\\/www.altercampagne.net\\\/?p=24069#primaryimage\",\"url\":\"https:\\\/\\\/www.altercampagne.net\\\/wp-content\\\/uploads\\\/2021\\\/12\\\/AT-pleniere-decembre.jpg\",\"contentUrl\":\"https:\\\/\\\/www.altercampagne.net\\\/wp-content\\\/uploads\\\/2021\\\/12\\\/AT-pleniere-decembre.jpg\",\"width\":2363,\"height\":1304},{\"@type\":\"BreadcrumbList\",\"@id\":\"https:\\\/\\\/www.altercampagne.net\\\/?p=24069#breadcrumb\",\"itemListElement\":[{\"@type\":\"ListItem\",\"position\":1,\"name\":\"Accueil\",\"item\":\"https:\\\/\\\/www.altercampagne.net\\\/\"},{\"@type\":\"ListItem\",\"position\":2,\"name\":\"AlterTour 2022 : de Nice \u00e0 Clermont-Ferrand\"}]},{\"@type\":\"WebSite\",\"@id\":\"https:\\\/\\\/www.altercampagne.net\\\/#website\",\"url\":\"https:\\\/\\\/www.altercampagne.net\\\/\",\"name\":\"AlterTour\",\"description\":\"Reliez les Alternatives \u00e0 v\u00e9lo\",\"potentialAction\":[{\"@type\":\"SearchAction\",\"target\":{\"@type\":\"EntryPoint\",\"urlTemplate\":\"https:\\\/\\\/www.altercampagne.net\\\/?s={search_term_string}\"},\"query-input\":{\"@type\":\"PropertyValueSpecification\",\"valueRequired\":true,\"valueName\":\"search_term_string\"}}],\"inLanguage\":\"fr-FR\"},{\"@type\":\"Person\",\"@id\":\"https:\\\/\\\/www.altercampagne.net\\\/#\\\/schema\\\/person\\\/308dc295a67929d58321ff6b59820daa\",\"name\":\"Jonas\",\"image\":{\"@type\":\"ImageObject\",\"inLanguage\":\"fr-FR\",\"@id\":\"https:\\\/\\\/secure.gravatar.com\\\/avatar\\\/ade7b451791545d463915f445a8aee91b58c48cdcbc1ab2b8583fa2f30e159e4?s=96&d=mm&r=g\",\"url\":\"https:\\\/\\\/secure.gravatar.com\\\/avatar\\\/ade7b451791545d463915f445a8aee91b58c48cdcbc1ab2b8583fa2f30e159e4?s=96&d=mm&r=g\",\"contentUrl\":\"https:\\\/\\\/secure.gravatar.com\\\/avatar\\\/ade7b451791545d463915f445a8aee91b58c48cdcbc1ab2b8583fa2f30e159e4?s=96&d=mm&r=g\",\"caption\":\"Jonas\"},\"url\":\"https:\\\/\\\/www.altercampagne.net\\\/?author=316\"}]}<\/script>\n<!-- \/ Yoast SEO plugin. -->","yoast_head_json":{"title":"AlterTour 2022 : de Nice \u00e0 Clermont-Ferrand - AlterTour","robots":{"index":"index","follow":"follow","max-snippet":"max-snippet:-1","max-image-preview":"max-image-preview:large","max-video-preview":"max-video-preview:-1"},"canonical":"https:\/\/www.altercampagne.net\/?p=24069","og_locale":"fr_FR","og_type":"article","og_title":"AlterTour 2022 : de Nice \u00e0 Clermont-Ferrand - AlterTour","og_description":"Bient\u00f4t tou.te.s en selle de la mer aux volcans ! 11 d\u00e9cembre, 9h15, direction la Friche Lamartine, Lyon 3e arrondissement.Une porte, une cour int\u00e9rieure, une autre porte\u2026 et puis des sourires, de l\u2019amour et de la joie. Une trentaine d\u2019altercyclistes, d\u00e9j\u00e0 l\u00e0, impatient.e.s de se retrouver, dans les odeurs de ... Read More","og_url":"https:\/\/www.altercampagne.net\/?p=24069","og_site_name":"AlterTour","article_published_time":"2021-12-23T11:19:46+00:00","article_modified_time":"2021-12-23T11:19:47+00:00","og_image":[{"width":2363,"height":1304,"url":"https:\/\/www.altercampagne.net\/wp-content\/uploads\/2021\/12\/AT-pleniere-decembre.jpg","type":"image\/jpeg"}],"author":"Jonas","twitter_card":"summary_large_image","twitter_misc":{"\u00c9crit par":"Jonas","Dur\u00e9e de lecture estim\u00e9e":"5 minutes"},"schema":{"@context":"https:\/\/schema.org","@graph":[{"@type":"Article","@id":"https:\/\/www.altercampagne.net\/?p=24069#article","isPartOf":{"@id":"https:\/\/www.altercampagne.net\/?p=24069"},"author":{"name":"Jonas","@id":"https:\/\/www.altercampagne.net\/#\/schema\/person\/308dc295a67929d58321ff6b59820daa"},"headline":"AlterTour 2022 : de Nice \u00e0 Clermont-Ferrand","datePublished":"2021-12-23T11:19:46+00:00","dateModified":"2021-12-23T11:19:47+00:00","mainEntityOfPage":{"@id":"https:\/\/www.altercampagne.net\/?p=24069"},"wordCount":819,"image":{"@id":"https:\/\/www.altercampagne.net\/?p=24069#primaryimage"},"thumbnailUrl":"https:\/\/www.altercampagne.net\/wp-content\/uploads\/2021\/12\/AT-pleniere-decembre.jpg","articleSection":{"0":"Edition 2022","2":"V\u00e9lo"},"inLanguage":"fr-FR"},{"@type":"WebPage","@id":"https:\/\/www.altercampagne.net\/?p=24069","url":"https:\/\/www.altercampagne.net\/?p=24069","name":"AlterTour 2022 : de Nice \u00e0 Clermont-Ferrand - AlterTour","isPartOf":{"@id":"https:\/\/www.altercampagne.net\/#website"},"primaryImageOfPage":{"@id":"https:\/\/www.altercampagne.net\/?p=24069#primaryimage"},"image":{"@id":"https:\/\/www.altercampagne.net\/?p=24069#primaryimage"},"thumbnailUrl":"https:\/\/www.altercampagne.net\/wp-content\/uploads\/2021\/12\/AT-pleniere-decembre.jpg","datePublished":"2021-12-23T11:19:46+00:00","dateModified":"2021-12-23T11:19:47+00:00","author":{"@id":"https:\/\/www.altercampagne.net\/#\/schema\/person\/308dc295a67929d58321ff6b59820daa"},"breadcrumb":{"@id":"https:\/\/www.altercampagne.net\/?p=24069#breadcrumb"},"inLanguage":"fr-FR","potentialAction":[{"@type":"ReadAction","target":["https:\/\/www.altercampagne.net\/?p=24069"]}]},{"@type":"ImageObject","inLanguage":"fr-FR","@id":"https:\/\/www.altercampagne.net\/?p=24069#primaryimage","url":"https:\/\/www.altercampagne.net\/wp-content\/uploads\/2021\/12\/AT-pleniere-decembre.jpg","contentUrl":"https:\/\/www.altercampagne.net\/wp-content\/uploads\/2021\/12\/AT-pleniere-decembre.jpg","width":2363,"height":1304},{"@type":"BreadcrumbList","@id":"https:\/\/www.altercampagne.net\/?p=24069#breadcrumb","itemListElement":[{"@type":"ListItem","position":1,"name":"Accueil","item":"https:\/\/www.altercampagne.net\/"},{"@type":"ListItem","position":2,"name":"AlterTour 2022 : de Nice \u00e0 Clermont-Ferrand"}]},{"@type":"WebSite","@id":"https:\/\/www.altercampagne.net\/#website","url":"https:\/\/www.altercampagne.net\/","name":"AlterTour","description":"Reliez les Alternatives \u00e0 v\u00e9lo","potentialAction":[{"@type":"SearchAction","target":{"@type":"EntryPoint","urlTemplate":"https:\/\/www.altercampagne.net\/?s={search_term_string}"},"query-input":{"@type":"PropertyValueSpecification","valueRequired":true,"valueName":"search_term_string"}}],"inLanguage":"fr-FR"},{"@type":"Person","@id":"https:\/\/www.altercampagne.net\/#\/schema\/person\/308dc295a67929d58321ff6b59820daa","name":"Jonas","image":{"@type":"ImageObject","inLanguage":"fr-FR","@id":"https:\/\/secure.gravatar.com\/avatar\/ade7b451791545d463915f445a8aee91b58c48cdcbc1ab2b8583fa2f30e159e4?s=96&d=mm&r=g","url":"https:\/\/secure.gravatar.com\/avatar\/ade7b451791545d463915f445a8aee91b58c48cdcbc1ab2b8583fa2f30e159e4?s=96&d=mm&r=g","contentUrl":"https:\/\/secure.gravatar.com\/avatar\/ade7b451791545d463915f445a8aee91b58c48cdcbc1ab2b8583fa2f30e159e4?s=96&d=mm&r=g","caption":"Jonas"},"url":"https:\/\/www.altercampagne.net\/?author=316"}]}},"_links":{"self":[{"href":"https:\/\/www.altercampagne.net\/index.php?rest_route=\/wp\/v2\/posts\/24069","targetHints":{"allow":["GET"]}}],"collection":[{"href":"https:\/\/www.altercampagne.net\/index.php?rest_route=\/wp\/v2\/posts"}],"about":[{"href":"https:\/\/www.altercampagne.net\/index.php?rest_route=\/wp\/v2\/types\/post"}],"author":[{"embeddable":true,"href":"https:\/\/www.altercampagne.net\/index.php?rest_route=\/wp\/v2\/users\/316"}],"replies":[{"embeddable":true,"href":"https:\/\/www.altercampagne.net\/index.php?rest_route=%2Fwp%2Fv2%2Fcomments&post=24069"}],"version-history":[{"count":16,"href":"https:\/\/www.altercampagne.net\/index.php?rest_route=\/wp\/v2\/posts\/24069\/revisions"}],"predecessor-version":[{"id":24091,"href":"https:\/\/www.altercampagne.net\/index.php?rest_route=\/wp\/v2\/posts\/24069\/revisions\/24091"}],"wp:featuredmedia":[{"embeddable":true,"href":"https:\/\/www.altercampagne.net\/index.php?rest_route=\/wp\/v2\/media\/24083"}],"wp:attachment":[{"href":"https:\/\/www.altercampagne.net\/index.php?rest_route=%2Fwp%2Fv2%2Fmedia&parent=24069"}],"wp:term":[{"taxonomy":"category","embeddable":true,"href":"https:\/\/www.altercampagne.net\/index.php?rest_route=%2Fwp%2Fv2%2Fcategories&post=24069"},{"taxonomy":"post_tag","embeddable":true,"href":"https:\/\/www.altercampagne.net\/index.php?rest_route=%2Fwp%2Fv2%2Ftags&post=24069"}],"curies":[{"name":"wp","href":"https:\/\/api.w.org\/{rel}","templated":true}]}}