{"id":24154,"date":"2022-01-12T13:39:22","date_gmt":"2022-01-12T12:39:22","guid":{"rendered":"https:\/\/www.altercampagne.net\/?p=24154"},"modified":"2022-01-13T19:27:21","modified_gmt":"2022-01-13T18:27:21","slug":"rendez-vous-le-we-des-5-et-6-fevrier","status":"publish","type":"post","link":"https:\/\/www.altercampagne.net\/?p=24154","title":{"rendered":"Rendez-vous le WE des 5 et 6 f\u00e9vrier !"},"content":{"rendered":"\n<p><strong>C\u2019est le prochain WE de pr\u00e9paration de l\u2019AlterTour ! On se forme pour pr\u00e9parer concr\u00e8tement les \u00e9tapes de l\u2019\u00e9dition 2021.<\/strong><\/p>\n\n\n\n<p>Au programme :<\/p>\n\n\n\n<ul class=\"wp-block-list\"><li><strong>Pr\u00e9paration des \u00e9tapes<\/strong>&nbsp;: point sur les avanc\u00e9es de la pr\u00e9paration, formation open-runner, comptabilit\u00e9, etc.<\/li><li><strong>Recueil&nbsp;des alternatives<\/strong> : formation aux interviews et \u00e0 la r\u00e9daction d\u2019articles, choix de 10 alternatives suppl\u00e9mentaires \u00e0 interviewer.<\/li><\/ul>\n\n\n\n<h4 class=\"wp-block-heading\">En pratique<\/h4>\n\n\n\n<p>Il aura lieu \u00e0 <strong>Boulogne-Billancourt, 49 quai le gallo<\/strong>.<\/p>\n\n\n\n<p>Tu peux juste venir faire un coucou, rester<strong>&nbsp;1h, 1 journ\u00e9e ou tout le week-end<\/strong>.<\/p>\n\n\n\n<p>Si tu viens de loin,\u00a0<strong>tu peux te faire h\u00e9berger<\/strong>\u00a0chez les participant.e.s vivant \u00e0 Paris ou rester dormir sur place (vive les soir\u00e9es pyjama !).<\/p>\n\n\n\n<p>Pour manger, chacun apporte sa contribution culinaire pour faire un&nbsp;<strong>repas partag\u00e9.<\/strong><\/p>\n\n\n\n<p>Alors si tu peux et veux venir, pr\u00e9viens-nous de ta pr\u00e9sence en envoyant un mail \u00e0 <em>contact@altertour.net <\/em>ou si tu fais partie de l&rsquo;orga, inscrit-toi sur le document de la pl\u00e9ni\u00e8re !<\/p>\n\n\n\n<p>Pour te donner envie, voil\u00e0 les <a href=\"https:\/\/photos.app.goo.gl\/kF3Mmq3a6Mwk9SCg7\"><strong>photos de la pl\u00e9ni\u00e8re de janvier 2019<\/strong><\/a> (celles de l&rsquo;ann\u00e9e derni\u00e8re sont sur zoom, c&rsquo;est beaucoup moins classe).<\/p>\n\n\n\n<p>A tr\u00e8s bient\u00f4t !<\/p>\n","protected":false},"excerpt":{"rendered":"<p>C\u2019est le prochain WE de pr\u00e9paration de l\u2019AlterTour ! On se forme pour pr\u00e9parer concr\u00e8tement les \u00e9tapes de l\u2019\u00e9dition 2021. Au programme : Pr\u00e9paration des \u00e9tapes&nbsp;: point sur les avanc\u00e9es de la pr\u00e9paration, formation open-runner, comptabilit\u00e9, etc. Recueil&nbsp;des alternatives : formation aux interviews et \u00e0 la r\u00e9daction d\u2019articles, choix de &#8230; <\/p>\n<div><a href=\"https:\/\/www.altercampagne.net\/?p=24154\" class=\"more-link\">Read More<\/a><\/div>\n","protected":false},"author":290,"featured_media":20312,"comment_status":"closed","ping_status":"closed","sticky":false,"template":"","format":"standard","meta":{"footnotes":""},"categories":[4357,3539],"tags":[],"class_list":["post-24154","post","type-post","status-publish","format-standard","has-post-thumbnail","hentry","category-edition-2022","category-we-de-preparation"],"yoast_head":"<!-- This site is optimized with the Yoast SEO plugin v27.3 - https:\/\/yoast.com\/product\/yoast-seo-wordpress\/ -->\n<title>Rendez-vous le WE des 5 et 6 f\u00e9vrier ! - AlterTour<\/title>\n<meta name=\"robots\" content=\"index, follow, max-snippet:-1, max-image-preview:large, max-video-preview:-1\" \/>\n<link rel=\"canonical\" href=\"https:\/\/www.altercampagne.net\/?p=24154\" \/>\n<meta property=\"og:locale\" content=\"fr_FR\" \/>\n<meta property=\"og:type\" content=\"article\" \/>\n<meta property=\"og:title\" content=\"Rendez-vous le WE des 5 et 6 f\u00e9vrier ! - AlterTour\" \/>\n<meta property=\"og:description\" content=\"C\u2019est le prochain WE de pr\u00e9paration de l\u2019AlterTour ! On se forme pour pr\u00e9parer concr\u00e8tement les \u00e9tapes de l\u2019\u00e9dition 2021. Au programme : Pr\u00e9paration des \u00e9tapes&nbsp;: point sur les avanc\u00e9es de la pr\u00e9paration, formation open-runner, comptabilit\u00e9, etc. Recueil&nbsp;des alternatives : formation aux interviews et \u00e0 la r\u00e9daction d\u2019articles, choix de ... Read More\" \/>\n<meta property=\"og:url\" content=\"https:\/\/www.altercampagne.net\/?p=24154\" \/>\n<meta property=\"og:site_name\" content=\"AlterTour\" \/>\n<meta property=\"article:published_time\" content=\"2022-01-12T12:39:22+00:00\" \/>\n<meta property=\"article:modified_time\" content=\"2022-01-13T18:27:21+00:00\" \/>\n<meta property=\"og:image\" content=\"https:\/\/www.altercampagne.net\/wp-content\/uploads\/2021\/01\/2019-02-03-4epleniere-Montreuil-30.jpg\" \/>\n\t<meta property=\"og:image:width\" content=\"847\" \/>\n\t<meta property=\"og:image:height\" content=\"445\" \/>\n\t<meta property=\"og:image:type\" content=\"image\/jpeg\" \/>\n<meta name=\"author\" content=\"Brunelle\" \/>\n<meta name=\"twitter:card\" content=\"summary_large_image\" \/>\n<meta name=\"twitter:label1\" content=\"\u00c9crit par\" \/>\n\t<meta name=\"twitter:data1\" content=\"Brunelle\" \/>\n\t<meta name=\"twitter:label2\" content=\"Dur\u00e9e de lecture estim\u00e9e\" \/>\n\t<meta name=\"twitter:data2\" content=\"1 minute\" \/>\n<script type=\"application\/ld+json\" class=\"yoast-schema-graph\">{\"@context\":\"https:\\\/\\\/schema.org\",\"@graph\":[{\"@type\":\"Article\",\"@id\":\"https:\\\/\\\/www.altercampagne.net\\\/?p=24154#article\",\"isPartOf\":{\"@id\":\"https:\\\/\\\/www.altercampagne.net\\\/?p=24154\"},\"author\":{\"name\":\"Brunelle\",\"@id\":\"https:\\\/\\\/www.altercampagne.net\\\/#\\\/schema\\\/person\\\/b7970639b8bbc1bba5a12da9417ad512\"},\"headline\":\"Rendez-vous le WE des 5 et 6 f\u00e9vrier !\",\"datePublished\":\"2022-01-12T12:39:22+00:00\",\"dateModified\":\"2022-01-13T18:27:21+00:00\",\"mainEntityOfPage\":{\"@id\":\"https:\\\/\\\/www.altercampagne.net\\\/?p=24154\"},\"wordCount\":207,\"image\":{\"@id\":\"https:\\\/\\\/www.altercampagne.net\\\/?p=24154#primaryimage\"},\"thumbnailUrl\":\"https:\\\/\\\/www.altercampagne.net\\\/wp-content\\\/uploads\\\/2021\\\/01\\\/2019-02-03-4epleniere-Montreuil-30.jpg\",\"articleSection\":[\"Edition 2022\",\"WE de pr\u00e9paration\"],\"inLanguage\":\"fr-FR\"},{\"@type\":\"WebPage\",\"@id\":\"https:\\\/\\\/www.altercampagne.net\\\/?p=24154\",\"url\":\"https:\\\/\\\/www.altercampagne.net\\\/?p=24154\",\"name\":\"Rendez-vous le WE des 5 et 6 f\u00e9vrier ! - AlterTour\",\"isPartOf\":{\"@id\":\"https:\\\/\\\/www.altercampagne.net\\\/#website\"},\"primaryImageOfPage\":{\"@id\":\"https:\\\/\\\/www.altercampagne.net\\\/?p=24154#primaryimage\"},\"image\":{\"@id\":\"https:\\\/\\\/www.altercampagne.net\\\/?p=24154#primaryimage\"},\"thumbnailUrl\":\"https:\\\/\\\/www.altercampagne.net\\\/wp-content\\\/uploads\\\/2021\\\/01\\\/2019-02-03-4epleniere-Montreuil-30.jpg\",\"datePublished\":\"2022-01-12T12:39:22+00:00\",\"dateModified\":\"2022-01-13T18:27:21+00:00\",\"author\":{\"@id\":\"https:\\\/\\\/www.altercampagne.net\\\/#\\\/schema\\\/person\\\/b7970639b8bbc1bba5a12da9417ad512\"},\"breadcrumb\":{\"@id\":\"https:\\\/\\\/www.altercampagne.net\\\/?p=24154#breadcrumb\"},\"inLanguage\":\"fr-FR\",\"potentialAction\":[{\"@type\":\"ReadAction\",\"target\":[\"https:\\\/\\\/www.altercampagne.net\\\/?p=24154\"]}]},{\"@type\":\"ImageObject\",\"inLanguage\":\"fr-FR\",\"@id\":\"https:\\\/\\\/www.altercampagne.net\\\/?p=24154#primaryimage\",\"url\":\"https:\\\/\\\/www.altercampagne.net\\\/wp-content\\\/uploads\\\/2021\\\/01\\\/2019-02-03-4epleniere-Montreuil-30.jpg\",\"contentUrl\":\"https:\\\/\\\/www.altercampagne.net\\\/wp-content\\\/uploads\\\/2021\\\/01\\\/2019-02-03-4epleniere-Montreuil-30.jpg\",\"width\":847,\"height\":445},{\"@type\":\"BreadcrumbList\",\"@id\":\"https:\\\/\\\/www.altercampagne.net\\\/?p=24154#breadcrumb\",\"itemListElement\":[{\"@type\":\"ListItem\",\"position\":1,\"name\":\"Accueil\",\"item\":\"https:\\\/\\\/www.altercampagne.net\\\/\"},{\"@type\":\"ListItem\",\"position\":2,\"name\":\"Rendez-vous le WE des 5 et 6 f\u00e9vrier !\"}]},{\"@type\":\"WebSite\",\"@id\":\"https:\\\/\\\/www.altercampagne.net\\\/#website\",\"url\":\"https:\\\/\\\/www.altercampagne.net\\\/\",\"name\":\"AlterTour\",\"description\":\"Reliez les Alternatives \u00e0 v\u00e9lo\",\"potentialAction\":[{\"@type\":\"SearchAction\",\"target\":{\"@type\":\"EntryPoint\",\"urlTemplate\":\"https:\\\/\\\/www.altercampagne.net\\\/?s={search_term_string}\"},\"query-input\":{\"@type\":\"PropertyValueSpecification\",\"valueRequired\":true,\"valueName\":\"search_term_string\"}}],\"inLanguage\":\"fr-FR\"},{\"@type\":\"Person\",\"@id\":\"https:\\\/\\\/www.altercampagne.net\\\/#\\\/schema\\\/person\\\/b7970639b8bbc1bba5a12da9417ad512\",\"name\":\"Brunelle\",\"image\":{\"@type\":\"ImageObject\",\"inLanguage\":\"fr-FR\",\"@id\":\"https:\\\/\\\/secure.gravatar.com\\\/avatar\\\/70edc45ba2cc6ad30cb81b453241ce7be3302cbdd5fab275bf4b9d2807d08de0?s=96&d=mm&r=g\",\"url\":\"https:\\\/\\\/secure.gravatar.com\\\/avatar\\\/70edc45ba2cc6ad30cb81b453241ce7be3302cbdd5fab275bf4b9d2807d08de0?s=96&d=mm&r=g\",\"contentUrl\":\"https:\\\/\\\/secure.gravatar.com\\\/avatar\\\/70edc45ba2cc6ad30cb81b453241ce7be3302cbdd5fab275bf4b9d2807d08de0?s=96&d=mm&r=g\",\"caption\":\"Brunelle\"},\"url\":\"https:\\\/\\\/www.altercampagne.net\\\/?author=290\"}]}<\/script>\n<!-- \/ Yoast SEO plugin. -->","yoast_head_json":{"title":"Rendez-vous le WE des 5 et 6 f\u00e9vrier ! - AlterTour","robots":{"index":"index","follow":"follow","max-snippet":"max-snippet:-1","max-image-preview":"max-image-preview:large","max-video-preview":"max-video-preview:-1"},"canonical":"https:\/\/www.altercampagne.net\/?p=24154","og_locale":"fr_FR","og_type":"article","og_title":"Rendez-vous le WE des 5 et 6 f\u00e9vrier ! - AlterTour","og_description":"C\u2019est le prochain WE de pr\u00e9paration de l\u2019AlterTour ! On se forme pour pr\u00e9parer concr\u00e8tement les \u00e9tapes de l\u2019\u00e9dition 2021. Au programme : Pr\u00e9paration des \u00e9tapes&nbsp;: point sur les avanc\u00e9es de la pr\u00e9paration, formation open-runner, comptabilit\u00e9, etc. Recueil&nbsp;des alternatives : formation aux interviews et \u00e0 la r\u00e9daction d\u2019articles, choix de ... Read More","og_url":"https:\/\/www.altercampagne.net\/?p=24154","og_site_name":"AlterTour","article_published_time":"2022-01-12T12:39:22+00:00","article_modified_time":"2022-01-13T18:27:21+00:00","og_image":[{"width":847,"height":445,"url":"https:\/\/www.altercampagne.net\/wp-content\/uploads\/2021\/01\/2019-02-03-4epleniere-Montreuil-30.jpg","type":"image\/jpeg"}],"author":"Brunelle","twitter_card":"summary_large_image","twitter_misc":{"\u00c9crit par":"Brunelle","Dur\u00e9e de lecture estim\u00e9e":"1 minute"},"schema":{"@context":"https:\/\/schema.org","@graph":[{"@type":"Article","@id":"https:\/\/www.altercampagne.net\/?p=24154#article","isPartOf":{"@id":"https:\/\/www.altercampagne.net\/?p=24154"},"author":{"name":"Brunelle","@id":"https:\/\/www.altercampagne.net\/#\/schema\/person\/b7970639b8bbc1bba5a12da9417ad512"},"headline":"Rendez-vous le WE des 5 et 6 f\u00e9vrier !","datePublished":"2022-01-12T12:39:22+00:00","dateModified":"2022-01-13T18:27:21+00:00","mainEntityOfPage":{"@id":"https:\/\/www.altercampagne.net\/?p=24154"},"wordCount":207,"image":{"@id":"https:\/\/www.altercampagne.net\/?p=24154#primaryimage"},"thumbnailUrl":"https:\/\/www.altercampagne.net\/wp-content\/uploads\/2021\/01\/2019-02-03-4epleniere-Montreuil-30.jpg","articleSection":["Edition 2022","WE de pr\u00e9paration"],"inLanguage":"fr-FR"},{"@type":"WebPage","@id":"https:\/\/www.altercampagne.net\/?p=24154","url":"https:\/\/www.altercampagne.net\/?p=24154","name":"Rendez-vous le WE des 5 et 6 f\u00e9vrier ! - AlterTour","isPartOf":{"@id":"https:\/\/www.altercampagne.net\/#website"},"primaryImageOfPage":{"@id":"https:\/\/www.altercampagne.net\/?p=24154#primaryimage"},"image":{"@id":"https:\/\/www.altercampagne.net\/?p=24154#primaryimage"},"thumbnailUrl":"https:\/\/www.altercampagne.net\/wp-content\/uploads\/2021\/01\/2019-02-03-4epleniere-Montreuil-30.jpg","datePublished":"2022-01-12T12:39:22+00:00","dateModified":"2022-01-13T18:27:21+00:00","author":{"@id":"https:\/\/www.altercampagne.net\/#\/schema\/person\/b7970639b8bbc1bba5a12da9417ad512"},"breadcrumb":{"@id":"https:\/\/www.altercampagne.net\/?p=24154#breadcrumb"},"inLanguage":"fr-FR","potentialAction":[{"@type":"ReadAction","target":["https:\/\/www.altercampagne.net\/?p=24154"]}]},{"@type":"ImageObject","inLanguage":"fr-FR","@id":"https:\/\/www.altercampagne.net\/?p=24154#primaryimage","url":"https:\/\/www.altercampagne.net\/wp-content\/uploads\/2021\/01\/2019-02-03-4epleniere-Montreuil-30.jpg","contentUrl":"https:\/\/www.altercampagne.net\/wp-content\/uploads\/2021\/01\/2019-02-03-4epleniere-Montreuil-30.jpg","width":847,"height":445},{"@type":"BreadcrumbList","@id":"https:\/\/www.altercampagne.net\/?p=24154#breadcrumb","itemListElement":[{"@type":"ListItem","position":1,"name":"Accueil","item":"https:\/\/www.altercampagne.net\/"},{"@type":"ListItem","position":2,"name":"Rendez-vous le WE des 5 et 6 f\u00e9vrier !"}]},{"@type":"WebSite","@id":"https:\/\/www.altercampagne.net\/#website","url":"https:\/\/www.altercampagne.net\/","name":"AlterTour","description":"Reliez les Alternatives \u00e0 v\u00e9lo","potentialAction":[{"@type":"SearchAction","target":{"@type":"EntryPoint","urlTemplate":"https:\/\/www.altercampagne.net\/?s={search_term_string}"},"query-input":{"@type":"PropertyValueSpecification","valueRequired":true,"valueName":"search_term_string"}}],"inLanguage":"fr-FR"},{"@type":"Person","@id":"https:\/\/www.altercampagne.net\/#\/schema\/person\/b7970639b8bbc1bba5a12da9417ad512","name":"Brunelle","image":{"@type":"ImageObject","inLanguage":"fr-FR","@id":"https:\/\/secure.gravatar.com\/avatar\/70edc45ba2cc6ad30cb81b453241ce7be3302cbdd5fab275bf4b9d2807d08de0?s=96&d=mm&r=g","url":"https:\/\/secure.gravatar.com\/avatar\/70edc45ba2cc6ad30cb81b453241ce7be3302cbdd5fab275bf4b9d2807d08de0?s=96&d=mm&r=g","contentUrl":"https:\/\/secure.gravatar.com\/avatar\/70edc45ba2cc6ad30cb81b453241ce7be3302cbdd5fab275bf4b9d2807d08de0?s=96&d=mm&r=g","caption":"Brunelle"},"url":"https:\/\/www.altercampagne.net\/?author=290"}]}},"_links":{"self":[{"href":"https:\/\/www.altercampagne.net\/index.php?rest_route=\/wp\/v2\/posts\/24154","targetHints":{"allow":["GET"]}}],"collection":[{"href":"https:\/\/www.altercampagne.net\/index.php?rest_route=\/wp\/v2\/posts"}],"about":[{"href":"https:\/\/www.altercampagne.net\/index.php?rest_route=\/wp\/v2\/types\/post"}],"author":[{"embeddable":true,"href":"https:\/\/www.altercampagne.net\/index.php?rest_route=\/wp\/v2\/users\/290"}],"replies":[{"embeddable":true,"href":"https:\/\/www.altercampagne.net\/index.php?rest_route=%2Fwp%2Fv2%2Fcomments&post=24154"}],"version-history":[{"count":4,"href":"https:\/\/www.altercampagne.net\/index.php?rest_route=\/wp\/v2\/posts\/24154\/revisions"}],"predecessor-version":[{"id":24164,"href":"https:\/\/www.altercampagne.net\/index.php?rest_route=\/wp\/v2\/posts\/24154\/revisions\/24164"}],"wp:featuredmedia":[{"embeddable":true,"href":"https:\/\/www.altercampagne.net\/index.php?rest_route=\/wp\/v2\/media\/20312"}],"wp:attachment":[{"href":"https:\/\/www.altercampagne.net\/index.php?rest_route=%2Fwp%2Fv2%2Fmedia&parent=24154"}],"wp:term":[{"taxonomy":"category","embeddable":true,"href":"https:\/\/www.altercampagne.net\/index.php?rest_route=%2Fwp%2Fv2%2Fcategories&post=24154"},{"taxonomy":"post_tag","embeddable":true,"href":"https:\/\/www.altercampagne.net\/index.php?rest_route=%2Fwp%2Fv2%2Ftags&post=24154"}],"curies":[{"name":"wp","href":"https:\/\/api.w.org\/{rel}","templated":true}]}}