{"id":24322,"date":"2022-04-04T10:35:53","date_gmt":"2022-04-04T08:35:53","guid":{"rendered":"https:\/\/www.altercampagne.net\/?p=24322"},"modified":"2022-04-04T10:35:54","modified_gmt":"2022-04-04T08:35:54","slug":"maison-des-semences-paysannes-et-cueilleur-destran","status":"publish","type":"post","link":"https:\/\/www.altercampagne.net\/?p=24322","title":{"rendered":"Maison des semences paysannes et cueilleur d&rsquo;estran"},"content":{"rendered":"\n<p>Le 24 Ao\u00fbt&#8230; Une journ\u00e9e entre mer et jardin \u00e0 se r\u00e9galer&#8230;<\/p>\n\n\n\n<figure class=\"wp-block-image size-large\"><a href=\"https:\/\/www.altercampagne.net\/wp-content\/uploads\/2022\/02\/AT21__18-27aout__Ivan-277-scaled-e1644923661777.jpg\"><img loading=\"lazy\" decoding=\"async\" width=\"1024\" height=\"683\" src=\"https:\/\/www.altercampagne.net\/wp-content\/uploads\/2022\/02\/AT21__18-27aout__Ivan-277-1024x683.jpg\" alt=\"\" class=\"wp-image-24340\"\/><\/a><figcaption>B\u00e9canes et altercyclistes face \u00e0 la mer<\/figcaption><\/figure>\n\n\n\n<p>Nous passons une pleine journ\u00e9e \u00e0 profiter de Roscoff, de la proximit\u00e9 de la mer, du soleil breton revenu et de nos tentes pos\u00e9es dans les all\u00e9es \u00e9troites du magnifique jardin de la maison des semences paysannes\u2026<\/p>\n\n\n\n<p>Et nous ne manquons pas d\u2019activit\u00e9s&nbsp;!!!<\/p>\n\n\n\n<p>Marc, le permanent de la maison des semences paysannes <a href=\"http:\/\/kaolkozh.bzh\/maisons-de-la-semence-paysanne\/\" rel=\"noreferrer noopener\" target=\"_blank\">KaolKozh<\/a> nous propose deux visites guid\u00e9es du jardin en petit groupe\u2026 l\u2019occasion de <strong>comprendre les enjeux de produire des semences paysannes<\/strong> pour les mara\u00eecher\u00b7es bio comme pour les jardinier\u00b7es, d\u2019en profiter pour repartir avec les trucs et astuces permettant de r\u00e9colter, replanter et \u00e9changer les graines de nos jardins, et le plaisir d\u2019\u00eatre au jardin, de tenir dans sa main les graines d\u2019oignons ou les fleurs de courgettes\u2026 certain\u00b7es en ont profit\u00e9 pour adh\u00e9rer et repartir avec quelques graines !<\/p>\n\n\n\n<figure class=\"wp-block-image size-large\"><a href=\"https:\/\/www.altercampagne.net\/wp-content\/uploads\/2022\/02\/AT21__18-27aout__Ivan-256-scaled-e1644923751609.jpg\"><img loading=\"lazy\" decoding=\"async\" width=\"1024\" height=\"683\" src=\"https:\/\/www.altercampagne.net\/wp-content\/uploads\/2022\/02\/AT21__18-27aout__Ivan-256-1024x683.jpg\" alt=\"\" class=\"wp-image-24341\"\/><\/a><figcaption>Une partie du groupe en train d&rsquo;\u00e9couter les explications de Marc.<\/figcaption><\/figure>\n\n\n\n<p>Edouard Bal, <a href=\"https:\/\/www.cote-et-sauvage.com\/\" rel=\"noreferrer noopener\" target=\"_blank\">cueilleur d\u2019estran<\/a>, nous propose ensuite une cueillette \/ d\u00e9gustation d\u2019algues \u00e0 l\u2019occasion de la mar\u00e9e basse \u00e0 grand coefficient, dans ce secteur particuli\u00e8rement riche en algues\u2026 On apprend que les 700 \u00e0 800 esp\u00e8ces sont toutes comestibles, mais pas toutes aussi bonnes&#8230; On se r\u00e9gale les yeux, et le go\u00fbt en d\u00e9gustant plusieurs vari\u00e9t\u00e9s sur place, en en ramenant certaines pour enrichir un houmous aux algues, et puisqu\u2019on est l\u00e0, on compl\u00e8te par quelques plantes de rivage comestibles\u2026 C\u2019est magique&nbsp;!<\/p>\n\n\n\n<p>Le matin, les trois jeunes du Freegan Truck Tour qui sont venus camper une nuit \u00e0 la ferme des semences, proposent un atelier cuisine \u00e0 partir de produits r\u00e9cup\u00e9r\u00e9s chez des mara\u00eecher\u00b7es bio ou en grande distribution : gaspacho, salades et salades de fruits, l\u2019imagination au pouvoir \u00e0 partir de ces aliments r\u00e9cup\u00e9r\u00e9s in extremis et d\u00e9gust\u00e9s le midi\u2026 puis durant l\u2019apr\u00e8s-midi iels proposent un jeu de l\u2019oie autour du gaspillage alimentaire, pour mesurer tout ce qui peut \u00eatre sauv\u00e9 des poubelles&nbsp;!!!<\/p>\n\n\n\n<p>Un cercle de parole noctambule cl\u00f4t en beaut\u00e9 et en \u00e9motion cette belle journ\u00e9e&nbsp;!<\/p>\n\n\n\n<p><\/p>\n\n\n\n<p class=\"has-text-align-right\">&#8211;<em>Sandra<\/em><\/p>\n","protected":false},"excerpt":{"rendered":"<p>Le 24 Ao\u00fbt&#8230; Une journ\u00e9e entre mer et jardin \u00e0 se r\u00e9galer&#8230; Nous passons une pleine journ\u00e9e \u00e0 profiter de Roscoff, de la proximit\u00e9 de la mer, du soleil breton revenu et de nos tentes pos\u00e9es dans les all\u00e9es \u00e9troites du magnifique jardin de la maison des semences paysannes\u2026 Et &#8230; <\/p>\n<div><a href=\"https:\/\/www.altercampagne.net\/?p=24322\" class=\"more-link\">Read More<\/a><\/div>\n","protected":false},"author":361,"featured_media":24339,"comment_status":"closed","ping_status":"closed","sticky":false,"template":"","format":"standard","meta":{"footnotes":""},"categories":[3483,4313,3489,3472,4198],"tags":[4363,4367,4368,4369],"class_list":["post-24322","post","type-post","status-publish","format-standard","has-post-thumbnail","hentry","category-agriculture","category-altertour","category-alimentation","category-bretagne","category-edition-2021","tag-kaolkozh","tag-freegan-truck-tour","tag-maison-des-semences-paysannes","tag-cueilleur-destran"],"yoast_head":"<!-- This site is optimized with the Yoast SEO plugin v27.3 - https:\/\/yoast.com\/product\/yoast-seo-wordpress\/ -->\n<title>Maison des semences paysannes et cueilleur d&#039;estran - AlterTour<\/title>\n<meta name=\"robots\" content=\"index, follow, max-snippet:-1, max-image-preview:large, max-video-preview:-1\" \/>\n<link rel=\"canonical\" href=\"https:\/\/www.altercampagne.net\/?p=24322\" \/>\n<meta property=\"og:locale\" content=\"fr_FR\" \/>\n<meta property=\"og:type\" content=\"article\" \/>\n<meta property=\"og:title\" content=\"Maison des semences paysannes et cueilleur d&#039;estran - AlterTour\" \/>\n<meta property=\"og:description\" content=\"Le 24 Ao\u00fbt&#8230; Une journ\u00e9e entre mer et jardin \u00e0 se r\u00e9galer&#8230; Nous passons une pleine journ\u00e9e \u00e0 profiter de Roscoff, de la proximit\u00e9 de la mer, du soleil breton revenu et de nos tentes pos\u00e9es dans les all\u00e9es \u00e9troites du magnifique jardin de la maison des semences paysannes\u2026 Et ... Read More\" \/>\n<meta property=\"og:url\" content=\"https:\/\/www.altercampagne.net\/?p=24322\" \/>\n<meta property=\"og:site_name\" content=\"AlterTour\" \/>\n<meta property=\"article:published_time\" content=\"2022-04-04T08:35:53+00:00\" \/>\n<meta property=\"article:modified_time\" content=\"2022-04-04T08:35:54+00:00\" \/>\n<meta property=\"og:image\" content=\"https:\/\/www.altercampagne.net\/wp-content\/uploads\/2022\/02\/AT21__18-27aout__Ivan-273-scaled-e1644923611475.jpg\" \/>\n\t<meta property=\"og:image:width\" content=\"1200\" \/>\n\t<meta property=\"og:image:height\" content=\"800\" \/>\n\t<meta property=\"og:image:type\" content=\"image\/jpeg\" \/>\n<meta name=\"author\" content=\"Pauline\" \/>\n<meta name=\"twitter:card\" content=\"summary_large_image\" \/>\n<meta name=\"twitter:label1\" content=\"\u00c9crit par\" \/>\n\t<meta name=\"twitter:data1\" content=\"Pauline\" \/>\n\t<meta name=\"twitter:label2\" content=\"Dur\u00e9e de lecture estim\u00e9e\" \/>\n\t<meta name=\"twitter:data2\" content=\"3 minutes\" \/>\n<script type=\"application\/ld+json\" class=\"yoast-schema-graph\">{\"@context\":\"https:\\\/\\\/schema.org\",\"@graph\":[{\"@type\":\"Article\",\"@id\":\"https:\\\/\\\/www.altercampagne.net\\\/?p=24322#article\",\"isPartOf\":{\"@id\":\"https:\\\/\\\/www.altercampagne.net\\\/?p=24322\"},\"author\":{\"name\":\"Pauline\",\"@id\":\"https:\\\/\\\/www.altercampagne.net\\\/#\\\/schema\\\/person\\\/caf30ed73e072285b8f761300370ddb5\"},\"headline\":\"Maison des semences paysannes et cueilleur d&rsquo;estran\",\"datePublished\":\"2022-04-04T08:35:53+00:00\",\"dateModified\":\"2022-04-04T08:35:54+00:00\",\"mainEntityOfPage\":{\"@id\":\"https:\\\/\\\/www.altercampagne.net\\\/?p=24322\"},\"wordCount\":390,\"image\":{\"@id\":\"https:\\\/\\\/www.altercampagne.net\\\/?p=24322#primaryimage\"},\"thumbnailUrl\":\"https:\\\/\\\/www.altercampagne.net\\\/wp-content\\\/uploads\\\/2022\\\/02\\\/AT21__18-27aout__Ivan-273-scaled-e1644923611475.jpg\",\"keywords\":[\"KaolKozh\",\"Freegan Truck Tour\",\"Maison des semences paysannes\",\"Cueilleur d&#039;estran\"],\"articleSection\":[\"Agriculture\",\"AlterTour\",\"Alimentation\",\"Bretagne\",\"Edition 2021\"],\"inLanguage\":\"fr-FR\"},{\"@type\":\"WebPage\",\"@id\":\"https:\\\/\\\/www.altercampagne.net\\\/?p=24322\",\"url\":\"https:\\\/\\\/www.altercampagne.net\\\/?p=24322\",\"name\":\"Maison des semences paysannes et cueilleur d'estran - AlterTour\",\"isPartOf\":{\"@id\":\"https:\\\/\\\/www.altercampagne.net\\\/#website\"},\"primaryImageOfPage\":{\"@id\":\"https:\\\/\\\/www.altercampagne.net\\\/?p=24322#primaryimage\"},\"image\":{\"@id\":\"https:\\\/\\\/www.altercampagne.net\\\/?p=24322#primaryimage\"},\"thumbnailUrl\":\"https:\\\/\\\/www.altercampagne.net\\\/wp-content\\\/uploads\\\/2022\\\/02\\\/AT21__18-27aout__Ivan-273-scaled-e1644923611475.jpg\",\"datePublished\":\"2022-04-04T08:35:53+00:00\",\"dateModified\":\"2022-04-04T08:35:54+00:00\",\"author\":{\"@id\":\"https:\\\/\\\/www.altercampagne.net\\\/#\\\/schema\\\/person\\\/caf30ed73e072285b8f761300370ddb5\"},\"breadcrumb\":{\"@id\":\"https:\\\/\\\/www.altercampagne.net\\\/?p=24322#breadcrumb\"},\"inLanguage\":\"fr-FR\",\"potentialAction\":[{\"@type\":\"ReadAction\",\"target\":[\"https:\\\/\\\/www.altercampagne.net\\\/?p=24322\"]}]},{\"@type\":\"ImageObject\",\"inLanguage\":\"fr-FR\",\"@id\":\"https:\\\/\\\/www.altercampagne.net\\\/?p=24322#primaryimage\",\"url\":\"https:\\\/\\\/www.altercampagne.net\\\/wp-content\\\/uploads\\\/2022\\\/02\\\/AT21__18-27aout__Ivan-273-scaled-e1644923611475.jpg\",\"contentUrl\":\"https:\\\/\\\/www.altercampagne.net\\\/wp-content\\\/uploads\\\/2022\\\/02\\\/AT21__18-27aout__Ivan-273-scaled-e1644923611475.jpg\",\"width\":1200,\"height\":800},{\"@type\":\"BreadcrumbList\",\"@id\":\"https:\\\/\\\/www.altercampagne.net\\\/?p=24322#breadcrumb\",\"itemListElement\":[{\"@type\":\"ListItem\",\"position\":1,\"name\":\"Accueil\",\"item\":\"https:\\\/\\\/www.altercampagne.net\\\/\"},{\"@type\":\"ListItem\",\"position\":2,\"name\":\"Maison des semences paysannes et cueilleur d&rsquo;estran\"}]},{\"@type\":\"WebSite\",\"@id\":\"https:\\\/\\\/www.altercampagne.net\\\/#website\",\"url\":\"https:\\\/\\\/www.altercampagne.net\\\/\",\"name\":\"AlterTour\",\"description\":\"Reliez les Alternatives \u00e0 v\u00e9lo\",\"potentialAction\":[{\"@type\":\"SearchAction\",\"target\":{\"@type\":\"EntryPoint\",\"urlTemplate\":\"https:\\\/\\\/www.altercampagne.net\\\/?s={search_term_string}\"},\"query-input\":{\"@type\":\"PropertyValueSpecification\",\"valueRequired\":true,\"valueName\":\"search_term_string\"}}],\"inLanguage\":\"fr-FR\"},{\"@type\":\"Person\",\"@id\":\"https:\\\/\\\/www.altercampagne.net\\\/#\\\/schema\\\/person\\\/caf30ed73e072285b8f761300370ddb5\",\"name\":\"Pauline\",\"image\":{\"@type\":\"ImageObject\",\"inLanguage\":\"fr-FR\",\"@id\":\"https:\\\/\\\/secure.gravatar.com\\\/avatar\\\/f84b78638c34b3d6ac7339a8ef00413d11da3b09ee578a762504104ff060cde7?s=96&d=mm&r=g\",\"url\":\"https:\\\/\\\/secure.gravatar.com\\\/avatar\\\/f84b78638c34b3d6ac7339a8ef00413d11da3b09ee578a762504104ff060cde7?s=96&d=mm&r=g\",\"contentUrl\":\"https:\\\/\\\/secure.gravatar.com\\\/avatar\\\/f84b78638c34b3d6ac7339a8ef00413d11da3b09ee578a762504104ff060cde7?s=96&d=mm&r=g\",\"caption\":\"Pauline\"},\"url\":\"https:\\\/\\\/www.altercampagne.net\\\/?author=361\"}]}<\/script>\n<!-- \/ Yoast SEO plugin. -->","yoast_head_json":{"title":"Maison des semences paysannes et cueilleur d'estran - AlterTour","robots":{"index":"index","follow":"follow","max-snippet":"max-snippet:-1","max-image-preview":"max-image-preview:large","max-video-preview":"max-video-preview:-1"},"canonical":"https:\/\/www.altercampagne.net\/?p=24322","og_locale":"fr_FR","og_type":"article","og_title":"Maison des semences paysannes et cueilleur d'estran - AlterTour","og_description":"Le 24 Ao\u00fbt&#8230; Une journ\u00e9e entre mer et jardin \u00e0 se r\u00e9galer&#8230; Nous passons une pleine journ\u00e9e \u00e0 profiter de Roscoff, de la proximit\u00e9 de la mer, du soleil breton revenu et de nos tentes pos\u00e9es dans les all\u00e9es \u00e9troites du magnifique jardin de la maison des semences paysannes\u2026 Et ... Read More","og_url":"https:\/\/www.altercampagne.net\/?p=24322","og_site_name":"AlterTour","article_published_time":"2022-04-04T08:35:53+00:00","article_modified_time":"2022-04-04T08:35:54+00:00","og_image":[{"width":1200,"height":800,"url":"https:\/\/www.altercampagne.net\/wp-content\/uploads\/2022\/02\/AT21__18-27aout__Ivan-273-scaled-e1644923611475.jpg","type":"image\/jpeg"}],"author":"Pauline","twitter_card":"summary_large_image","twitter_misc":{"\u00c9crit par":"Pauline","Dur\u00e9e de lecture estim\u00e9e":"3 minutes"},"schema":{"@context":"https:\/\/schema.org","@graph":[{"@type":"Article","@id":"https:\/\/www.altercampagne.net\/?p=24322#article","isPartOf":{"@id":"https:\/\/www.altercampagne.net\/?p=24322"},"author":{"name":"Pauline","@id":"https:\/\/www.altercampagne.net\/#\/schema\/person\/caf30ed73e072285b8f761300370ddb5"},"headline":"Maison des semences paysannes et cueilleur d&rsquo;estran","datePublished":"2022-04-04T08:35:53+00:00","dateModified":"2022-04-04T08:35:54+00:00","mainEntityOfPage":{"@id":"https:\/\/www.altercampagne.net\/?p=24322"},"wordCount":390,"image":{"@id":"https:\/\/www.altercampagne.net\/?p=24322#primaryimage"},"thumbnailUrl":"https:\/\/www.altercampagne.net\/wp-content\/uploads\/2022\/02\/AT21__18-27aout__Ivan-273-scaled-e1644923611475.jpg","keywords":["KaolKozh","Freegan Truck Tour","Maison des semences paysannes","Cueilleur d&#039;estran"],"articleSection":["Agriculture","AlterTour","Alimentation","Bretagne","Edition 2021"],"inLanguage":"fr-FR"},{"@type":"WebPage","@id":"https:\/\/www.altercampagne.net\/?p=24322","url":"https:\/\/www.altercampagne.net\/?p=24322","name":"Maison des semences paysannes et cueilleur d'estran - AlterTour","isPartOf":{"@id":"https:\/\/www.altercampagne.net\/#website"},"primaryImageOfPage":{"@id":"https:\/\/www.altercampagne.net\/?p=24322#primaryimage"},"image":{"@id":"https:\/\/www.altercampagne.net\/?p=24322#primaryimage"},"thumbnailUrl":"https:\/\/www.altercampagne.net\/wp-content\/uploads\/2022\/02\/AT21__18-27aout__Ivan-273-scaled-e1644923611475.jpg","datePublished":"2022-04-04T08:35:53+00:00","dateModified":"2022-04-04T08:35:54+00:00","author":{"@id":"https:\/\/www.altercampagne.net\/#\/schema\/person\/caf30ed73e072285b8f761300370ddb5"},"breadcrumb":{"@id":"https:\/\/www.altercampagne.net\/?p=24322#breadcrumb"},"inLanguage":"fr-FR","potentialAction":[{"@type":"ReadAction","target":["https:\/\/www.altercampagne.net\/?p=24322"]}]},{"@type":"ImageObject","inLanguage":"fr-FR","@id":"https:\/\/www.altercampagne.net\/?p=24322#primaryimage","url":"https:\/\/www.altercampagne.net\/wp-content\/uploads\/2022\/02\/AT21__18-27aout__Ivan-273-scaled-e1644923611475.jpg","contentUrl":"https:\/\/www.altercampagne.net\/wp-content\/uploads\/2022\/02\/AT21__18-27aout__Ivan-273-scaled-e1644923611475.jpg","width":1200,"height":800},{"@type":"BreadcrumbList","@id":"https:\/\/www.altercampagne.net\/?p=24322#breadcrumb","itemListElement":[{"@type":"ListItem","position":1,"name":"Accueil","item":"https:\/\/www.altercampagne.net\/"},{"@type":"ListItem","position":2,"name":"Maison des semences paysannes et cueilleur d&rsquo;estran"}]},{"@type":"WebSite","@id":"https:\/\/www.altercampagne.net\/#website","url":"https:\/\/www.altercampagne.net\/","name":"AlterTour","description":"Reliez les Alternatives \u00e0 v\u00e9lo","potentialAction":[{"@type":"SearchAction","target":{"@type":"EntryPoint","urlTemplate":"https:\/\/www.altercampagne.net\/?s={search_term_string}"},"query-input":{"@type":"PropertyValueSpecification","valueRequired":true,"valueName":"search_term_string"}}],"inLanguage":"fr-FR"},{"@type":"Person","@id":"https:\/\/www.altercampagne.net\/#\/schema\/person\/caf30ed73e072285b8f761300370ddb5","name":"Pauline","image":{"@type":"ImageObject","inLanguage":"fr-FR","@id":"https:\/\/secure.gravatar.com\/avatar\/f84b78638c34b3d6ac7339a8ef00413d11da3b09ee578a762504104ff060cde7?s=96&d=mm&r=g","url":"https:\/\/secure.gravatar.com\/avatar\/f84b78638c34b3d6ac7339a8ef00413d11da3b09ee578a762504104ff060cde7?s=96&d=mm&r=g","contentUrl":"https:\/\/secure.gravatar.com\/avatar\/f84b78638c34b3d6ac7339a8ef00413d11da3b09ee578a762504104ff060cde7?s=96&d=mm&r=g","caption":"Pauline"},"url":"https:\/\/www.altercampagne.net\/?author=361"}]}},"_links":{"self":[{"href":"https:\/\/www.altercampagne.net\/index.php?rest_route=\/wp\/v2\/posts\/24322","targetHints":{"allow":["GET"]}}],"collection":[{"href":"https:\/\/www.altercampagne.net\/index.php?rest_route=\/wp\/v2\/posts"}],"about":[{"href":"https:\/\/www.altercampagne.net\/index.php?rest_route=\/wp\/v2\/types\/post"}],"author":[{"embeddable":true,"href":"https:\/\/www.altercampagne.net\/index.php?rest_route=\/wp\/v2\/users\/361"}],"replies":[{"embeddable":true,"href":"https:\/\/www.altercampagne.net\/index.php?rest_route=%2Fwp%2Fv2%2Fcomments&post=24322"}],"version-history":[{"count":2,"href":"https:\/\/www.altercampagne.net\/index.php?rest_route=\/wp\/v2\/posts\/24322\/revisions"}],"predecessor-version":[{"id":24889,"href":"https:\/\/www.altercampagne.net\/index.php?rest_route=\/wp\/v2\/posts\/24322\/revisions\/24889"}],"wp:featuredmedia":[{"embeddable":true,"href":"https:\/\/www.altercampagne.net\/index.php?rest_route=\/wp\/v2\/media\/24339"}],"wp:attachment":[{"href":"https:\/\/www.altercampagne.net\/index.php?rest_route=%2Fwp%2Fv2%2Fmedia&parent=24322"}],"wp:term":[{"taxonomy":"category","embeddable":true,"href":"https:\/\/www.altercampagne.net\/index.php?rest_route=%2Fwp%2Fv2%2Fcategories&post=24322"},{"taxonomy":"post_tag","embeddable":true,"href":"https:\/\/www.altercampagne.net\/index.php?rest_route=%2Fwp%2Fv2%2Ftags&post=24322"}],"curies":[{"name":"wp","href":"https:\/\/api.w.org\/{rel}","templated":true}]}}