{"id":24323,"date":"2022-02-14T16:25:12","date_gmt":"2022-02-14T15:25:12","guid":{"rendered":"https:\/\/www.altercampagne.net\/?p=24323"},"modified":"2022-02-14T16:25:14","modified_gmt":"2022-02-14T15:25:14","slug":"quand-pleniere-rime-avec-hiver","status":"publish","type":"post","link":"https:\/\/www.altercampagne.net\/?p=24323","title":{"rendered":"Quand pl\u00e9ni\u00e8re rime avec hiver&#8230;"},"content":{"rendered":"\n<p class=\"has-text-align-center has-medium-font-size\"><strong>&#8230;par le frais de l&rsquo;air, ne te laisse pas distraire<\/strong> !<\/p>\n\n\n\n<p class=\"has-normal-font-size\">Samedi 5 f\u00e9vrier, 9h30.<br>Que tu aies dormi la veille au <strong>Gallo<\/strong> ou bien que tu viennes d&rsquo;arriver \u00e0 v\u00e9lo, m\u00eame constat : il fait froid, froid, froid !<br>C&rsquo;est l&rsquo;heure du brise-glace, Bruno m\u00e8ne l&rsquo;exercice avec classe, il nous offre un moment chaud, chaud, chaud !<br>\u00ab\u00a0<em>On va marcher sur les mains !<\/em>\u00ab\u00a0, nous dit-il. Impossible, penses-tu ? \u00c7a ne rime pas avec AlterTour, me dis-je. <\/p>\n\n\n\n<p>Etape par \u00e9tape, on s&rsquo;\u00e9chauffe, on se r\u00e9chauffe et on voit des pieds \u00e0 la place des mains, et des mains \u00e0 la place des pieds.<\/p>\n\n\n\n<p class=\"has-text-align-center\">Bienvenue au quatri\u00e8me week-end d&rsquo;organisation d&rsquo;Altercampagne !<\/p>\n\n\n\n<figure class=\"wp-block-image size-large\"><a href=\"https:\/\/www.altercampagne.net\/wp-content\/uploads\/2022\/02\/IMG_20220205_094023.jpg\"><img loading=\"lazy\" decoding=\"async\" width=\"768\" height=\"1024\" src=\"https:\/\/www.altercampagne.net\/wp-content\/uploads\/2022\/02\/IMG_20220205_094023-768x1024.jpg\" alt=\"\" class=\"wp-image-24325\" srcset=\"https:\/\/www.altercampagne.net\/wp-content\/uploads\/2022\/02\/IMG_20220205_094023-768x1024.jpg 768w, https:\/\/www.altercampagne.net\/wp-content\/uploads\/2022\/02\/IMG_20220205_094023-225x300.jpg 225w, https:\/\/www.altercampagne.net\/wp-content\/uploads\/2022\/02\/IMG_20220205_094023-610x813.jpg 610w, https:\/\/www.altercampagne.net\/wp-content\/uploads\/2022\/02\/IMG_20220205_094023-100x133.jpg 100w, https:\/\/www.altercampagne.net\/wp-content\/uploads\/2022\/02\/IMG_20220205_094023.jpg 810w\" sizes=\"auto, (max-width: 768px) 100vw, 768px\" \/><\/a><figcaption>Bruno, \u00e0 l&rsquo;envers.<\/figcaption><\/figure>\n\n\n\n<div class=\"wp-block-group\"><div class=\"wp-block-group__inner-container is-layout-flow wp-block-group-is-layout-flow\">\n<div class=\"wp-block-group\"><div class=\"wp-block-group__inner-container is-layout-flow wp-block-group-is-layout-flow\">\n<p>On poursuit en douceur avec la pr\u00e9sentation du planning, du lieu qui nous accueille pour la seconde fois, des quelques pr\u00e9cautions \u00e0 prendre.<br>On \u00e9prouve le besoin de refaire un tour des pr\u00e9noms : <strong>45 personnes \u00e0 la pl\u00e9ni\u00e8re d&rsquo;hiver<\/strong>, t&rsquo;as d\u00e9j\u00e0 vu \u00e7a toi ?!<br>Le tout avec un petit caf\u00e9 pour continuer de se r\u00e9chauffer, un th\u00e9, ou m\u00eame une chicor\u00e9e ! D\u00e9cid\u00e9ment, qu&rsquo;est-ce que c&rsquo;est bon de se retrouver.<\/p>\n\n\n\n<p>Pr\u00eat.e.s, chaud.e.s ? On y va, premier objectif : avancer dans la pr\u00e9paration des \u00e9tapes de cet \u00e9t\u00e9 ; entre <strong>AlterTour<\/strong> et <strong>Alter-D-Tour<\/strong>, pas de quoi s&rsquo;ennuyer !<\/p>\n<\/div><\/div>\n<\/div><\/div>\n\n\n\n<p>Pr\u00e8s des chauffages, ou dans les salles baign\u00e9es par le soleil, l&rsquo;assembl\u00e9e se r\u00e9partit en petits groupes qui occupent bient\u00f4t chaque recoin du 6<sup>\u00e8me<\/sup>\u00a0\u00e9tage. Dans chacun, on retrouve des pr\u00e9parateur.ice.s exp\u00e9riment\u00e9.e.s et des novices qui deviendront exp\u00e9riment\u00e9.e.s \u00e0 la fin de l&rsquo;\u00e9t\u00e9.<br>Mais aussi des personnes qui n&rsquo;ont jamais pr\u00e9par\u00e9 d&rsquo;\u00e9tapes ou qui n&rsquo;en pr\u00e9pareront jamais &#8211;<em> non, \u00e7a c&rsquo;est impossible.<\/em><br>Un seul objectif : mettre \u00e0 plat tout ce qu&rsquo;il reste \u00e0 faire pour <strong>des \u00e9tapes pr\u00eates et belles<\/strong>. Retour en assembl\u00e9e \u00e0 la fin de l&rsquo;atelier pour classer nos id\u00e9es selon leur urgence et leur importance : <em>\u00ab\u00a0Et les commandes de nourriture, c&rsquo;est urgent ? Non, mais c&rsquo;est important !\u00a0\u00bb.<\/em><br>Rappel : penser \u00e0 v\u00e9rifier la pr\u00e9sence d&rsquo;un espace o\u00f9 planter les tentes\u00a0\u00a0&#8211; <em>histoire v\u00e9cue !<\/em><\/p>\n\n\n\n<p>La fin de matin\u00e9e approche et c&rsquo;est dehors, au grand air et au soleil, que l&rsquo;on se retrouve pour un temps anim\u00e9 par le <strong>Groupe de Travail F\u00e9minismes<\/strong>.<br>Dans la continuit\u00e9 des r\u00e9flexions port\u00e9es ces derniers temps, et avec la volont\u00e9 de d\u00e9construire pour sortir de ces murs patriarcaux, nous jouons. Nous jouons au <strong>\u00ab\u00a0jeu des privil\u00e8ges\u00a0\u00bb<\/strong>. Les yeux ferm\u00e9s, guid\u00e9.e.s par Mel qui nous \u00e9nonce des phrases pr\u00e9par\u00e9es, nous avan\u00e7ons d&rsquo;un pas si l&rsquo;on se sent concern\u00e9.e.s. <\/p>\n\n\n\n<p>La prise de conscience, voil\u00e0 l&rsquo;objectif. La prise de conscience individuelle d\u00e9j\u00e0, des privil\u00e8ges dont nous jouissons et des oppressions que nous subissons.<\/p>\n\n\n\n<figure class=\"wp-block-image size-large is-resized is-style-rounded\"><a href=\"https:\/\/www.altercampagne.net\/wp-content\/uploads\/2022\/02\/IMG_20220205_120422.jpg\"><img loading=\"lazy\" decoding=\"async\" src=\"https:\/\/www.altercampagne.net\/wp-content\/uploads\/2022\/02\/IMG_20220205_120422-1024x768.jpg\" alt=\"\" class=\"wp-image-24329\" width=\"580\" height=\"435\" srcset=\"https:\/\/www.altercampagne.net\/wp-content\/uploads\/2022\/02\/IMG_20220205_120422-1024x768.jpg 1024w, https:\/\/www.altercampagne.net\/wp-content\/uploads\/2022\/02\/IMG_20220205_120422-300x225.jpg 300w, https:\/\/www.altercampagne.net\/wp-content\/uploads\/2022\/02\/IMG_20220205_120422-768x576.jpg 768w, https:\/\/www.altercampagne.net\/wp-content\/uploads\/2022\/02\/IMG_20220205_120422-610x458.jpg 610w, https:\/\/www.altercampagne.net\/wp-content\/uploads\/2022\/02\/IMG_20220205_120422-100x75.jpg 100w, https:\/\/www.altercampagne.net\/wp-content\/uploads\/2022\/02\/IMG_20220205_120422-862x647.jpg 862w, https:\/\/www.altercampagne.net\/wp-content\/uploads\/2022\/02\/IMG_20220205_120422-1140x855.jpg 1140w, https:\/\/www.altercampagne.net\/wp-content\/uploads\/2022\/02\/IMG_20220205_120422.jpg 1440w\" sizes=\"auto, (max-width: 580px) 100vw, 580px\" \/><\/a><figcaption>Julie nous partage l&rsquo;id\u00e9e de l&rsquo;atelier qui aura lieu le lendemain.<\/figcaption><\/figure>\n\n\n\n<p>C&rsquo;est toujours au soleil que nous nous r\u00e9galons avec le repas pr\u00e9par\u00e9 par l&rsquo;\u00e9quipe cuisine. Finis les repas partag\u00e9s achet\u00e9s en descendant du train et leur quantit\u00e9 de d\u00e9chets ! Puis nous entamons l&rsquo;apr\u00e8s-midi avec une r\u00e9flexion sur deux points de vigilance sp\u00e9cifiques au parcours de cet \u00e9t\u00e9 : le <strong>d\u00e9nivel\u00e9<\/strong> et la <strong>chaleur<\/strong>. En s&rsquo;inspirant de la m\u00e9canique du d\u00e9bat mouvant, on dit et on \u00e9coute les appr\u00e9hensions.<br><em>Conclusion : <\/em>mieux c&rsquo;est pr\u00e9par\u00e9, mieux c&rsquo;est anticip\u00e9, mieux c&rsquo;est annonc\u00e9, mieux c&rsquo;est accept\u00e9 !<\/p>\n\n\n\n<p>La fin de l&rsquo;apr\u00e8s-midi laisse place \u00e0 la (re)d\u00e9couverte des fabuleux <strong>outils num\u00e9riques<\/strong> et partag\u00e9s de l&rsquo;AlterTour, essentiels \u00e0 l&rsquo;organisation.<br>L&rsquo;<em>agenda des \u00e9tapes<\/em>, les<em> fiches \u00e9tapes<\/em>, les<em> parcours<\/em> Open Runner, et la <em>nouvelle plateforme<\/em> qui nous \u00e9loigne de plus en plus de Google ainsi que des avalanches de mails.<br>On apprend aussi que l&rsquo;<strong>\u00e9quipe B\u00e9quilles<\/strong> remet le couvert, c&rsquo;est un peu la Hot Line des pr\u00e9parateur.ice.s d&rsquo;\u00e9tapes : (presque) toujours disponibles pour les aider et les accompagner. Enfin, dans un duo magistral, nos r\u00e9f\u00e9rentes informatique et tr\u00e9sorerie nous livrent la derni\u00e8re nouvelle : on peut maintenant d\u00e9poser nos notes de frais directement sur la nouvelle plateforme num\u00e9rique ! <\/p>\n\n\n\n<p class=\"has-text-align-center has-medium-font-size\"><strong>Si le dimanche tu as \u00e0 faire, les mots d&rsquo;une autre feront l&rsquo;affaire.<\/strong><\/p>\n\n\n\n<p><em>Marion, raconte-nous la suite !<\/em><\/p>\n\n\n\n<p>\u00ab\u00a0Ce matin apr\u00e8s le pudding de Nico, c&rsquo;est encore Bruno qui s&rsquo;est occup\u00e9 de notre r\u00e9veil corporel. On a tellement rigol\u00e9, on aurait dit une session yoga du rire.<\/p>\n\n\n\n<p>La matin\u00e9e est pass\u00e9e vite avec entre autres, un <strong>retour du Coll\u00e8ge Solidaire<\/strong> sur diff\u00e9rents points abord\u00e9s en r\u00e9union et pendant leur week-end extraordinaire. Iels nous pr\u00e9parent des changements de statut pour la prochaine AG. On s&rsquo;est mis en petits groupes de travail pour discuter de diff\u00e9rents sujets. Une Echapp\u00e9e Belle en mixit\u00e9 choisie serait en pr\u00e9paration.<\/p>\n\n\n\n<p>Fini le repas ! On a repris l&rsquo;apr\u00e8s-midi avec un exercice d&rsquo;\u00e9ducation populaire autour du f\u00e9minisme : apr\u00e8s un petit \u00e9chauffement avec le jeu \u00ab\u00a0<strong>Moi c&rsquo;est madame<\/strong>\u00ab\u00a0, nous avons travaill\u00e9 sur les d\u00e9finitions des mots \u00ab\u00a0<em>f\u00e9minisme<\/em>\u00ab\u00a0, \u00ab\u00a0<em>humanisme<\/em>\u00ab\u00a0, \u00ab\u00a0<em>oppressions syst\u00e9miques<\/em>\u00a0\u00bb et \u00ab\u00a0<em>discrimination<\/em>\u00ab\u00a0. L&rsquo;id\u00e9e \u00e9tait de prendre un peu de recul sur le concret du tour et d&rsquo;apprendre les un.e.s des autres en \u00e9changeant sur ces termes. Les retours ont \u00e9t\u00e9 supers positifs !<\/p>\n\n\n\n<p>On a eu des retours de diff\u00e9rents <strong>Groupes de Travail <\/strong>(accessibilit\u00e9, s\u00e9rigraphie, conflits..). Le chiffre de l&rsquo;apr\u00e8s-midi : l&rsquo;\u00e9tude lanc\u00e9e par le GT Fous Rires et Pinceaux sort que 71% des altercyclistes sont pour arr\u00eater de commander des tee-shirts. C&rsquo;est act\u00e9, et on maintient la s\u00e9rigraphie en amont et sur le tour !<\/p>\n\n\n\n<p>Au fil de l&rsquo;apr\u00e8s-midi, l&rsquo;\u00e9nergie baissait, les corps s&rsquo;allongeaient, certains se reposaient sur les coussins, sous les plaids et d&rsquo;autres ont quitt\u00e9 discr\u00e8tement le groupe pour aller prendre leur train.<\/p>\n\n\n\n<p>On a fini par le traditionnel <strong>cercle de parole<\/strong>, un moment fort en \u00e9motions.\u00a0\u00bb<\/p>\n\n\n\n<p>Une belle mani\u00e8re de braver le froid polaire, de quoi se satisfaire jusqu&rsquo;\u00e0 la prochaine pl\u00e9ni\u00e8re !<\/p>\n\n\n\n<p class=\"has-text-align-center has-small-font-size\"><em>Rendez-vous \u00e0 la <strong>pl\u00e9ni\u00e8re des accueillant.e.s<\/strong> les <strong>26 et 27 mars<\/strong>, \u00e0 <strong>St-Etienne<\/strong>.<\/em><\/p>\n","protected":false},"excerpt":{"rendered":"<p>&#8230;par le frais de l&rsquo;air, ne te laisse pas distraire ! Samedi 5 f\u00e9vrier, 9h30.Que tu aies dormi la veille au Gallo ou bien que tu viennes d&rsquo;arriver \u00e0 v\u00e9lo, m\u00eame constat : il fait froid, froid, froid !C&rsquo;est l&rsquo;heure du brise-glace, Bruno m\u00e8ne l&rsquo;exercice avec classe, il nous offre &#8230; <\/p>\n<div><a href=\"https:\/\/www.altercampagne.net\/?p=24323\" class=\"more-link\">Read More<\/a><\/div>\n","protected":false},"author":244,"featured_media":24326,"comment_status":"closed","ping_status":"closed","sticky":false,"template":"","format":"standard","meta":{"footnotes":""},"categories":[4357,3539],"tags":[],"class_list":["post-24323","post","type-post","status-publish","format-standard","has-post-thumbnail","hentry","category-edition-2022","category-we-de-preparation"],"yoast_head":"<!-- This site is optimized with the Yoast SEO plugin v27.3 - https:\/\/yoast.com\/product\/yoast-seo-wordpress\/ -->\n<title>Quand pl\u00e9ni\u00e8re rime avec hiver... - AlterTour<\/title>\n<meta name=\"robots\" content=\"index, follow, max-snippet:-1, max-image-preview:large, max-video-preview:-1\" \/>\n<link rel=\"canonical\" href=\"https:\/\/www.altercampagne.net\/?p=24323\" \/>\n<meta property=\"og:locale\" content=\"fr_FR\" \/>\n<meta property=\"og:type\" content=\"article\" \/>\n<meta property=\"og:title\" content=\"Quand pl\u00e9ni\u00e8re rime avec hiver... - AlterTour\" \/>\n<meta property=\"og:description\" content=\"&#8230;par le frais de l&rsquo;air, ne te laisse pas distraire ! Samedi 5 f\u00e9vrier, 9h30.Que tu aies dormi la veille au Gallo ou bien que tu viennes d&rsquo;arriver \u00e0 v\u00e9lo, m\u00eame constat : il fait froid, froid, froid !C&rsquo;est l&rsquo;heure du brise-glace, Bruno m\u00e8ne l&rsquo;exercice avec classe, il nous offre ... Read More\" \/>\n<meta property=\"og:url\" content=\"https:\/\/www.altercampagne.net\/?p=24323\" \/>\n<meta property=\"og:site_name\" content=\"AlterTour\" \/>\n<meta property=\"article:published_time\" content=\"2022-02-14T15:25:12+00:00\" \/>\n<meta property=\"article:modified_time\" content=\"2022-02-14T15:25:14+00:00\" \/>\n<meta property=\"og:image\" content=\"https:\/\/www.altercampagne.net\/wp-content\/uploads\/2022\/02\/2022-02-06-Alter-Tour-Pleniere-Paris-4068.jpg\" \/>\n\t<meta property=\"og:image:width\" content=\"1855\" \/>\n\t<meta property=\"og:image:height\" content=\"1080\" \/>\n\t<meta property=\"og:image:type\" content=\"image\/jpeg\" \/>\n<meta name=\"author\" content=\"Lola\" \/>\n<meta name=\"twitter:card\" content=\"summary_large_image\" \/>\n<meta name=\"twitter:label1\" content=\"\u00c9crit par\" \/>\n\t<meta name=\"twitter:data1\" content=\"Lola\" \/>\n\t<meta name=\"twitter:label2\" content=\"Dur\u00e9e de lecture estim\u00e9e\" \/>\n\t<meta name=\"twitter:data2\" content=\"6 minutes\" \/>\n<script type=\"application\/ld+json\" class=\"yoast-schema-graph\">{\"@context\":\"https:\\\/\\\/schema.org\",\"@graph\":[{\"@type\":\"Article\",\"@id\":\"https:\\\/\\\/www.altercampagne.net\\\/?p=24323#article\",\"isPartOf\":{\"@id\":\"https:\\\/\\\/www.altercampagne.net\\\/?p=24323\"},\"author\":{\"name\":\"Lola\",\"@id\":\"https:\\\/\\\/www.altercampagne.net\\\/#\\\/schema\\\/person\\\/d62ac9b647acf1e507f3dc6872ad0813\"},\"headline\":\"Quand pl\u00e9ni\u00e8re rime avec hiver&#8230;\",\"datePublished\":\"2022-02-14T15:25:12+00:00\",\"dateModified\":\"2022-02-14T15:25:14+00:00\",\"mainEntityOfPage\":{\"@id\":\"https:\\\/\\\/www.altercampagne.net\\\/?p=24323\"},\"wordCount\":1093,\"image\":{\"@id\":\"https:\\\/\\\/www.altercampagne.net\\\/?p=24323#primaryimage\"},\"thumbnailUrl\":\"https:\\\/\\\/www.altercampagne.net\\\/wp-content\\\/uploads\\\/2022\\\/02\\\/2022-02-06-Alter-Tour-Pleniere-Paris-4068.jpg\",\"articleSection\":[\"Edition 2022\",\"WE de pr\u00e9paration\"],\"inLanguage\":\"fr-FR\"},{\"@type\":\"WebPage\",\"@id\":\"https:\\\/\\\/www.altercampagne.net\\\/?p=24323\",\"url\":\"https:\\\/\\\/www.altercampagne.net\\\/?p=24323\",\"name\":\"Quand pl\u00e9ni\u00e8re rime avec hiver... - AlterTour\",\"isPartOf\":{\"@id\":\"https:\\\/\\\/www.altercampagne.net\\\/#website\"},\"primaryImageOfPage\":{\"@id\":\"https:\\\/\\\/www.altercampagne.net\\\/?p=24323#primaryimage\"},\"image\":{\"@id\":\"https:\\\/\\\/www.altercampagne.net\\\/?p=24323#primaryimage\"},\"thumbnailUrl\":\"https:\\\/\\\/www.altercampagne.net\\\/wp-content\\\/uploads\\\/2022\\\/02\\\/2022-02-06-Alter-Tour-Pleniere-Paris-4068.jpg\",\"datePublished\":\"2022-02-14T15:25:12+00:00\",\"dateModified\":\"2022-02-14T15:25:14+00:00\",\"author\":{\"@id\":\"https:\\\/\\\/www.altercampagne.net\\\/#\\\/schema\\\/person\\\/d62ac9b647acf1e507f3dc6872ad0813\"},\"breadcrumb\":{\"@id\":\"https:\\\/\\\/www.altercampagne.net\\\/?p=24323#breadcrumb\"},\"inLanguage\":\"fr-FR\",\"potentialAction\":[{\"@type\":\"ReadAction\",\"target\":[\"https:\\\/\\\/www.altercampagne.net\\\/?p=24323\"]}]},{\"@type\":\"ImageObject\",\"inLanguage\":\"fr-FR\",\"@id\":\"https:\\\/\\\/www.altercampagne.net\\\/?p=24323#primaryimage\",\"url\":\"https:\\\/\\\/www.altercampagne.net\\\/wp-content\\\/uploads\\\/2022\\\/02\\\/2022-02-06-Alter-Tour-Pleniere-Paris-4068.jpg\",\"contentUrl\":\"https:\\\/\\\/www.altercampagne.net\\\/wp-content\\\/uploads\\\/2022\\\/02\\\/2022-02-06-Alter-Tour-Pleniere-Paris-4068.jpg\",\"width\":1855,\"height\":1080},{\"@type\":\"BreadcrumbList\",\"@id\":\"https:\\\/\\\/www.altercampagne.net\\\/?p=24323#breadcrumb\",\"itemListElement\":[{\"@type\":\"ListItem\",\"position\":1,\"name\":\"Accueil\",\"item\":\"https:\\\/\\\/www.altercampagne.net\\\/\"},{\"@type\":\"ListItem\",\"position\":2,\"name\":\"Quand pl\u00e9ni\u00e8re rime avec hiver&#8230;\"}]},{\"@type\":\"WebSite\",\"@id\":\"https:\\\/\\\/www.altercampagne.net\\\/#website\",\"url\":\"https:\\\/\\\/www.altercampagne.net\\\/\",\"name\":\"AlterTour\",\"description\":\"Reliez les Alternatives \u00e0 v\u00e9lo\",\"potentialAction\":[{\"@type\":\"SearchAction\",\"target\":{\"@type\":\"EntryPoint\",\"urlTemplate\":\"https:\\\/\\\/www.altercampagne.net\\\/?s={search_term_string}\"},\"query-input\":{\"@type\":\"PropertyValueSpecification\",\"valueRequired\":true,\"valueName\":\"search_term_string\"}}],\"inLanguage\":\"fr-FR\"},{\"@type\":\"Person\",\"@id\":\"https:\\\/\\\/www.altercampagne.net\\\/#\\\/schema\\\/person\\\/d62ac9b647acf1e507f3dc6872ad0813\",\"name\":\"Lola\",\"image\":{\"@type\":\"ImageObject\",\"inLanguage\":\"fr-FR\",\"@id\":\"https:\\\/\\\/secure.gravatar.com\\\/avatar\\\/13b00eee43f254902255a717dfd6748f303639ba0199c25dcad8de38297b64d1?s=96&d=mm&r=g\",\"url\":\"https:\\\/\\\/secure.gravatar.com\\\/avatar\\\/13b00eee43f254902255a717dfd6748f303639ba0199c25dcad8de38297b64d1?s=96&d=mm&r=g\",\"contentUrl\":\"https:\\\/\\\/secure.gravatar.com\\\/avatar\\\/13b00eee43f254902255a717dfd6748f303639ba0199c25dcad8de38297b64d1?s=96&d=mm&r=g\",\"caption\":\"Lola\"},\"url\":\"https:\\\/\\\/www.altercampagne.net\\\/?author=244\"}]}<\/script>\n<!-- \/ Yoast SEO plugin. -->","yoast_head_json":{"title":"Quand pl\u00e9ni\u00e8re rime avec hiver... - AlterTour","robots":{"index":"index","follow":"follow","max-snippet":"max-snippet:-1","max-image-preview":"max-image-preview:large","max-video-preview":"max-video-preview:-1"},"canonical":"https:\/\/www.altercampagne.net\/?p=24323","og_locale":"fr_FR","og_type":"article","og_title":"Quand pl\u00e9ni\u00e8re rime avec hiver... - AlterTour","og_description":"&#8230;par le frais de l&rsquo;air, ne te laisse pas distraire ! Samedi 5 f\u00e9vrier, 9h30.Que tu aies dormi la veille au Gallo ou bien que tu viennes d&rsquo;arriver \u00e0 v\u00e9lo, m\u00eame constat : il fait froid, froid, froid !C&rsquo;est l&rsquo;heure du brise-glace, Bruno m\u00e8ne l&rsquo;exercice avec classe, il nous offre ... Read More","og_url":"https:\/\/www.altercampagne.net\/?p=24323","og_site_name":"AlterTour","article_published_time":"2022-02-14T15:25:12+00:00","article_modified_time":"2022-02-14T15:25:14+00:00","og_image":[{"width":1855,"height":1080,"url":"https:\/\/www.altercampagne.net\/wp-content\/uploads\/2022\/02\/2022-02-06-Alter-Tour-Pleniere-Paris-4068.jpg","type":"image\/jpeg"}],"author":"Lola","twitter_card":"summary_large_image","twitter_misc":{"\u00c9crit par":"Lola","Dur\u00e9e de lecture estim\u00e9e":"6 minutes"},"schema":{"@context":"https:\/\/schema.org","@graph":[{"@type":"Article","@id":"https:\/\/www.altercampagne.net\/?p=24323#article","isPartOf":{"@id":"https:\/\/www.altercampagne.net\/?p=24323"},"author":{"name":"Lola","@id":"https:\/\/www.altercampagne.net\/#\/schema\/person\/d62ac9b647acf1e507f3dc6872ad0813"},"headline":"Quand pl\u00e9ni\u00e8re rime avec hiver&#8230;","datePublished":"2022-02-14T15:25:12+00:00","dateModified":"2022-02-14T15:25:14+00:00","mainEntityOfPage":{"@id":"https:\/\/www.altercampagne.net\/?p=24323"},"wordCount":1093,"image":{"@id":"https:\/\/www.altercampagne.net\/?p=24323#primaryimage"},"thumbnailUrl":"https:\/\/www.altercampagne.net\/wp-content\/uploads\/2022\/02\/2022-02-06-Alter-Tour-Pleniere-Paris-4068.jpg","articleSection":["Edition 2022","WE de pr\u00e9paration"],"inLanguage":"fr-FR"},{"@type":"WebPage","@id":"https:\/\/www.altercampagne.net\/?p=24323","url":"https:\/\/www.altercampagne.net\/?p=24323","name":"Quand pl\u00e9ni\u00e8re rime avec hiver... - AlterTour","isPartOf":{"@id":"https:\/\/www.altercampagne.net\/#website"},"primaryImageOfPage":{"@id":"https:\/\/www.altercampagne.net\/?p=24323#primaryimage"},"image":{"@id":"https:\/\/www.altercampagne.net\/?p=24323#primaryimage"},"thumbnailUrl":"https:\/\/www.altercampagne.net\/wp-content\/uploads\/2022\/02\/2022-02-06-Alter-Tour-Pleniere-Paris-4068.jpg","datePublished":"2022-02-14T15:25:12+00:00","dateModified":"2022-02-14T15:25:14+00:00","author":{"@id":"https:\/\/www.altercampagne.net\/#\/schema\/person\/d62ac9b647acf1e507f3dc6872ad0813"},"breadcrumb":{"@id":"https:\/\/www.altercampagne.net\/?p=24323#breadcrumb"},"inLanguage":"fr-FR","potentialAction":[{"@type":"ReadAction","target":["https:\/\/www.altercampagne.net\/?p=24323"]}]},{"@type":"ImageObject","inLanguage":"fr-FR","@id":"https:\/\/www.altercampagne.net\/?p=24323#primaryimage","url":"https:\/\/www.altercampagne.net\/wp-content\/uploads\/2022\/02\/2022-02-06-Alter-Tour-Pleniere-Paris-4068.jpg","contentUrl":"https:\/\/www.altercampagne.net\/wp-content\/uploads\/2022\/02\/2022-02-06-Alter-Tour-Pleniere-Paris-4068.jpg","width":1855,"height":1080},{"@type":"BreadcrumbList","@id":"https:\/\/www.altercampagne.net\/?p=24323#breadcrumb","itemListElement":[{"@type":"ListItem","position":1,"name":"Accueil","item":"https:\/\/www.altercampagne.net\/"},{"@type":"ListItem","position":2,"name":"Quand pl\u00e9ni\u00e8re rime avec hiver&#8230;"}]},{"@type":"WebSite","@id":"https:\/\/www.altercampagne.net\/#website","url":"https:\/\/www.altercampagne.net\/","name":"AlterTour","description":"Reliez les Alternatives \u00e0 v\u00e9lo","potentialAction":[{"@type":"SearchAction","target":{"@type":"EntryPoint","urlTemplate":"https:\/\/www.altercampagne.net\/?s={search_term_string}"},"query-input":{"@type":"PropertyValueSpecification","valueRequired":true,"valueName":"search_term_string"}}],"inLanguage":"fr-FR"},{"@type":"Person","@id":"https:\/\/www.altercampagne.net\/#\/schema\/person\/d62ac9b647acf1e507f3dc6872ad0813","name":"Lola","image":{"@type":"ImageObject","inLanguage":"fr-FR","@id":"https:\/\/secure.gravatar.com\/avatar\/13b00eee43f254902255a717dfd6748f303639ba0199c25dcad8de38297b64d1?s=96&d=mm&r=g","url":"https:\/\/secure.gravatar.com\/avatar\/13b00eee43f254902255a717dfd6748f303639ba0199c25dcad8de38297b64d1?s=96&d=mm&r=g","contentUrl":"https:\/\/secure.gravatar.com\/avatar\/13b00eee43f254902255a717dfd6748f303639ba0199c25dcad8de38297b64d1?s=96&d=mm&r=g","caption":"Lola"},"url":"https:\/\/www.altercampagne.net\/?author=244"}]}},"_links":{"self":[{"href":"https:\/\/www.altercampagne.net\/index.php?rest_route=\/wp\/v2\/posts\/24323","targetHints":{"allow":["GET"]}}],"collection":[{"href":"https:\/\/www.altercampagne.net\/index.php?rest_route=\/wp\/v2\/posts"}],"about":[{"href":"https:\/\/www.altercampagne.net\/index.php?rest_route=\/wp\/v2\/types\/post"}],"author":[{"embeddable":true,"href":"https:\/\/www.altercampagne.net\/index.php?rest_route=\/wp\/v2\/users\/244"}],"replies":[{"embeddable":true,"href":"https:\/\/www.altercampagne.net\/index.php?rest_route=%2Fwp%2Fv2%2Fcomments&post=24323"}],"version-history":[{"count":7,"href":"https:\/\/www.altercampagne.net\/index.php?rest_route=\/wp\/v2\/posts\/24323\/revisions"}],"predecessor-version":[{"id":24335,"href":"https:\/\/www.altercampagne.net\/index.php?rest_route=\/wp\/v2\/posts\/24323\/revisions\/24335"}],"wp:featuredmedia":[{"embeddable":true,"href":"https:\/\/www.altercampagne.net\/index.php?rest_route=\/wp\/v2\/media\/24326"}],"wp:attachment":[{"href":"https:\/\/www.altercampagne.net\/index.php?rest_route=%2Fwp%2Fv2%2Fmedia&parent=24323"}],"wp:term":[{"taxonomy":"category","embeddable":true,"href":"https:\/\/www.altercampagne.net\/index.php?rest_route=%2Fwp%2Fv2%2Fcategories&post=24323"},{"taxonomy":"post_tag","embeddable":true,"href":"https:\/\/www.altercampagne.net\/index.php?rest_route=%2Fwp%2Fv2%2Ftags&post=24323"}],"curies":[{"name":"wp","href":"https:\/\/api.w.org\/{rel}","templated":true}]}}