{"id":2433,"date":"2015-10-23T09:11:55","date_gmt":"2015-10-23T07:11:55","guid":{"rendered":"http:\/\/www.altercampagne.net\/?p=2433"},"modified":"2020-02-24T17:23:10","modified_gmt":"2020-02-24T16:23:10","slug":"numero-de-silence-de-novembre-ecologie-et-feminisme-meme-combat","status":"publish","type":"post","link":"https:\/\/www.altercampagne.net\/?p=2433","title":{"rendered":"Num\u00e9ro de Silence de novembre : \u00c9cologie et f\u00e9minisme, m\u00eame combat ?"},"content":{"rendered":"<p><span id=\"fbPhotoSnowliftCaption\" class=\"fbPhotosPhotoCaption\" tabindex=\"0\" data-ft=\"{&quot;tn&quot;:&quot;K&quot;}\"><span class=\"hasCaption\"><span class=\"text_exposed_show\"><a href=\"http:\/\/www.revuesilence.net\/news\/136\/384\/Numero-439---novembre-2015\"><img loading=\"lazy\" decoding=\"async\" class=\" wp-image-2434 size-full alignleft\" src=\"http:\/\/www.altercampagne.net\/wp-content\/uploads\/2015\/10\/12045763_1704423739788783_1951766526262115102_o.jpg\" alt=\"12045763_1704423739788783_1951766526262115102_o\" width=\"679\" height=\"960\" srcset=\"https:\/\/www.altercampagne.net\/wp-content\/uploads\/2015\/10\/12045763_1704423739788783_1951766526262115102_o.jpg 679w, https:\/\/www.altercampagne.net\/wp-content\/uploads\/2015\/10\/12045763_1704423739788783_1951766526262115102_o-212x300.jpg 212w\" sizes=\"auto, (max-width: 679px) 100vw, 679px\" \/><\/a>En octobre, Silence publie un grand poster des \u00ab\u00a0100 dates qui construisent nos luttes f\u00e9ministes aujourd&rsquo;hui\u00a0\u00bb ! C&rsquo;est l&rsquo;occasion de revenir sur les liens qui unissent les d\u00e9marches \u00e9cologiste et f\u00e9ministe. Avec un reportage sur un atelier de v\u00e9lo entre femmes, un voyage aux racines de l&rsquo;\u00e9cof\u00e9minisme, une visite de quelques luttes \u00e9cologistes o\u00f9 les femmes ont pris leur place, une r\u00e9flexion sur le lien entre f\u00e9minisme et critique d\u00e9croissante du travail.<br \/>\nDes articles :<br \/>\nMobilisations paysannes en Inde, 3 questions \u00e0 Jill Carr-Harris, coordunatrice d&rsquo;Ekta Parishad<br \/>\nCig\u00e9o, il y a trop longtemps que \u00e7a Bure !<br \/>\nPourquoi accepte-t-on que les avions polluent autant ?<br \/>\nPhotos : Christiana, ville libre<br \/>\nSourds en lutte contre la m\u00e9dicalisation de leurs existences (en partenariat avec la revue Z)<br \/>\nD\u00e9tournements d&rsquo;images et d&rsquo;objets, collages et installations d&rsquo;Alain Br\u00fchl<\/span><\/span><\/span><\/p>\n<p>Des chroniques :<br \/>\nEcologie pratique : le compost ou le lombricompost<br \/>\nBonnes nouvelles de la Terre (par Reporterre) : En Gr\u00e8ce, la clinique solidaire soigne les bless\u00e9s de la guerre \u00e9conomique<br \/>\nEn direct de nos colonies (par Survie) : Bollor\u00e9 enfin d\u00e9crypt\u00e9<br \/>\nNucl\u00e9aire, \u00e7a boum ! : Jeremy Corbin : un partisan du d\u00e9sarmement nucl\u00e9aire \u00e0 la t\u00eate du Parti travailliste<br \/>\nFukushima : La contamination nucl\u00e9aire ne d\u00e9croit pas et elle s&rsquo;\u00e9tend<br \/>\nLe Monde en construction(s) : The Mud Hutters, une maison en sacs de terre en Tha\u00eflande<br \/>\n100 dates f\u00e9ministes pour aujourd&rsquo;hui : 1974- Chipko, des femmes et des arbres<br \/>\nBD : Un an sans poubelles<\/p>\n<p>Des br\u00e8ves : alternatives, OGM, climat, environnement, soci\u00e9t\u00e9, politique, paix, \u00e9nergie, femmes, hommes, etc., nucl\u00e9aire, nord\/sud, agenda, annonces, courrier, livres\u2026<\/p>\n<div class=\"text_exposed_show\">\n<p>Belle journ\u00e9e et bonne lecture !<\/p>\n<p>Retrouvez la Revue Silence en Biocoop et\/ou abonnez-vous directement sur leur site : <a href=\"http:\/\/www.revuesilence.net\/\" target=\"_blank\" rel=\"noopener noreferrer\">http:\/\/www.revuesilence.net\/<\/a><\/p>\n<\/div>\n","protected":false},"excerpt":{"rendered":"<p>En octobre, Silence publie un grand poster des \u00ab\u00a0100 dates qui construisent nos luttes f\u00e9ministes aujourd&rsquo;hui\u00a0\u00bb ! C&rsquo;est l&rsquo;occasion de revenir sur les liens qui unissent les d\u00e9marches \u00e9cologiste et f\u00e9ministe. Avec un reportage sur un atelier de v\u00e9lo entre femmes, un voyage aux racines de l&rsquo;\u00e9cof\u00e9minisme, une visite de &#8230; <\/p>\n<div><a href=\"https:\/\/www.altercampagne.net\/?p=2433\" class=\"more-link\">Read More<\/a><\/div>\n","protected":false},"author":214,"featured_media":0,"comment_status":"closed","ping_status":"closed","sticky":false,"template":"","format":"standard","meta":{"footnotes":""},"categories":[3248],"tags":[13,25,193,217,232,444,445,446,447,448,2724],"class_list":["post-2433","post","type-post","status-publish","format-standard","hentry","category-silence","tag-revue-silence","tag-bure","tag-cigeo","tag-decroissance","tag-nucleaire","tag-novembre","tag-lombricompost","tag-compost","tag-fukushimafeminisme","tag-ecofeminisme","tag-silence","no-post-thumbnail"],"yoast_head":"<!-- This site is optimized with the Yoast SEO plugin v27.3 - https:\/\/yoast.com\/product\/yoast-seo-wordpress\/ -->\n<title>Num\u00e9ro de Silence de novembre : \u00c9cologie et f\u00e9minisme, m\u00eame combat ? - AlterTour<\/title>\n<meta name=\"robots\" content=\"index, follow, max-snippet:-1, max-image-preview:large, max-video-preview:-1\" \/>\n<link rel=\"canonical\" href=\"https:\/\/www.altercampagne.net\/?p=2433\" \/>\n<meta property=\"og:locale\" content=\"fr_FR\" \/>\n<meta property=\"og:type\" content=\"article\" \/>\n<meta property=\"og:title\" content=\"Num\u00e9ro de Silence de novembre : \u00c9cologie et f\u00e9minisme, m\u00eame combat ? - AlterTour\" \/>\n<meta property=\"og:description\" content=\"En octobre, Silence publie un grand poster des \u00ab\u00a0100 dates qui construisent nos luttes f\u00e9ministes aujourd&rsquo;hui\u00a0\u00bb ! C&rsquo;est l&rsquo;occasion de revenir sur les liens qui unissent les d\u00e9marches \u00e9cologiste et f\u00e9ministe. Avec un reportage sur un atelier de v\u00e9lo entre femmes, un voyage aux racines de l&rsquo;\u00e9cof\u00e9minisme, une visite de ... Read More\" \/>\n<meta property=\"og:url\" content=\"https:\/\/www.altercampagne.net\/?p=2433\" \/>\n<meta property=\"og:site_name\" content=\"AlterTour\" \/>\n<meta property=\"article:published_time\" content=\"2015-10-23T07:11:55+00:00\" \/>\n<meta property=\"article:modified_time\" content=\"2020-02-24T16:23:10+00:00\" \/>\n<meta property=\"og:image\" content=\"http:\/\/www.altercampagne.net\/wp-content\/uploads\/2015\/10\/12045763_1704423739788783_1951766526262115102_o.jpg\" \/>\n<meta name=\"author\" content=\"Mathieu\" \/>\n<meta name=\"twitter:card\" content=\"summary_large_image\" \/>\n<meta name=\"twitter:label1\" content=\"\u00c9crit par\" \/>\n\t<meta name=\"twitter:data1\" content=\"Mathieu\" \/>\n\t<meta name=\"twitter:label2\" content=\"Dur\u00e9e de lecture estim\u00e9e\" \/>\n\t<meta name=\"twitter:data2\" content=\"1 minute\" \/>\n<script type=\"application\/ld+json\" class=\"yoast-schema-graph\">{\"@context\":\"https:\\\/\\\/schema.org\",\"@graph\":[{\"@type\":\"Article\",\"@id\":\"https:\\\/\\\/www.altercampagne.net\\\/?p=2433#article\",\"isPartOf\":{\"@id\":\"https:\\\/\\\/www.altercampagne.net\\\/?p=2433\"},\"author\":{\"name\":\"Mathieu\",\"@id\":\"https:\\\/\\\/www.altercampagne.net\\\/#\\\/schema\\\/person\\\/0f261460c09e430caa0f9bcffa319109\"},\"headline\":\"Num\u00e9ro de Silence de novembre : \u00c9cologie et f\u00e9minisme, m\u00eame combat ?\",\"datePublished\":\"2015-10-23T07:11:55+00:00\",\"dateModified\":\"2020-02-24T16:23:10+00:00\",\"mainEntityOfPage\":{\"@id\":\"https:\\\/\\\/www.altercampagne.net\\\/?p=2433\"},\"wordCount\":313,\"image\":{\"@id\":\"https:\\\/\\\/www.altercampagne.net\\\/?p=2433#primaryimage\"},\"thumbnailUrl\":\"http:\\\/\\\/www.altercampagne.net\\\/wp-content\\\/uploads\\\/2015\\\/10\\\/12045763_1704423739788783_1951766526262115102_o.jpg\",\"keywords\":[\"revue Silence\",\"Bure\",\"CIGEO\",\"d\u00e9croissance\",\"nucl\u00e9aire\",\"novembre\",\"lombricompost\",\"compost\",\"fukushimaf\u00e9minisme\",\"\u00e9cof\u00e9minisme\",\"silence\"],\"articleSection\":[\"Silence\"],\"inLanguage\":\"fr-FR\"},{\"@type\":\"WebPage\",\"@id\":\"https:\\\/\\\/www.altercampagne.net\\\/?p=2433\",\"url\":\"https:\\\/\\\/www.altercampagne.net\\\/?p=2433\",\"name\":\"Num\u00e9ro de Silence de novembre : \u00c9cologie et f\u00e9minisme, m\u00eame combat ? - AlterTour\",\"isPartOf\":{\"@id\":\"https:\\\/\\\/www.altercampagne.net\\\/#website\"},\"primaryImageOfPage\":{\"@id\":\"https:\\\/\\\/www.altercampagne.net\\\/?p=2433#primaryimage\"},\"image\":{\"@id\":\"https:\\\/\\\/www.altercampagne.net\\\/?p=2433#primaryimage\"},\"thumbnailUrl\":\"http:\\\/\\\/www.altercampagne.net\\\/wp-content\\\/uploads\\\/2015\\\/10\\\/12045763_1704423739788783_1951766526262115102_o.jpg\",\"datePublished\":\"2015-10-23T07:11:55+00:00\",\"dateModified\":\"2020-02-24T16:23:10+00:00\",\"author\":{\"@id\":\"https:\\\/\\\/www.altercampagne.net\\\/#\\\/schema\\\/person\\\/0f261460c09e430caa0f9bcffa319109\"},\"breadcrumb\":{\"@id\":\"https:\\\/\\\/www.altercampagne.net\\\/?p=2433#breadcrumb\"},\"inLanguage\":\"fr-FR\",\"potentialAction\":[{\"@type\":\"ReadAction\",\"target\":[\"https:\\\/\\\/www.altercampagne.net\\\/?p=2433\"]}]},{\"@type\":\"ImageObject\",\"inLanguage\":\"fr-FR\",\"@id\":\"https:\\\/\\\/www.altercampagne.net\\\/?p=2433#primaryimage\",\"url\":\"https:\\\/\\\/www.altercampagne.net\\\/wp-content\\\/uploads\\\/2015\\\/10\\\/12045763_1704423739788783_1951766526262115102_o.jpg\",\"contentUrl\":\"https:\\\/\\\/www.altercampagne.net\\\/wp-content\\\/uploads\\\/2015\\\/10\\\/12045763_1704423739788783_1951766526262115102_o.jpg\",\"width\":679,\"height\":960},{\"@type\":\"BreadcrumbList\",\"@id\":\"https:\\\/\\\/www.altercampagne.net\\\/?p=2433#breadcrumb\",\"itemListElement\":[{\"@type\":\"ListItem\",\"position\":1,\"name\":\"Accueil\",\"item\":\"https:\\\/\\\/www.altercampagne.net\\\/\"},{\"@type\":\"ListItem\",\"position\":2,\"name\":\"Num\u00e9ro de Silence de novembre : \u00c9cologie et f\u00e9minisme, m\u00eame combat ?\"}]},{\"@type\":\"WebSite\",\"@id\":\"https:\\\/\\\/www.altercampagne.net\\\/#website\",\"url\":\"https:\\\/\\\/www.altercampagne.net\\\/\",\"name\":\"AlterTour\",\"description\":\"Reliez les Alternatives \u00e0 v\u00e9lo\",\"potentialAction\":[{\"@type\":\"SearchAction\",\"target\":{\"@type\":\"EntryPoint\",\"urlTemplate\":\"https:\\\/\\\/www.altercampagne.net\\\/?s={search_term_string}\"},\"query-input\":{\"@type\":\"PropertyValueSpecification\",\"valueRequired\":true,\"valueName\":\"search_term_string\"}}],\"inLanguage\":\"fr-FR\"},{\"@type\":\"Person\",\"@id\":\"https:\\\/\\\/www.altercampagne.net\\\/#\\\/schema\\\/person\\\/0f261460c09e430caa0f9bcffa319109\",\"name\":\"Mathieu\",\"image\":{\"@type\":\"ImageObject\",\"inLanguage\":\"fr-FR\",\"@id\":\"https:\\\/\\\/secure.gravatar.com\\\/avatar\\\/aa9d3d24c83f2141e5e2709d0f63d09a99f6be6bb7a50abc4915838d9f54501a?s=96&d=mm&r=g\",\"url\":\"https:\\\/\\\/secure.gravatar.com\\\/avatar\\\/aa9d3d24c83f2141e5e2709d0f63d09a99f6be6bb7a50abc4915838d9f54501a?s=96&d=mm&r=g\",\"contentUrl\":\"https:\\\/\\\/secure.gravatar.com\\\/avatar\\\/aa9d3d24c83f2141e5e2709d0f63d09a99f6be6bb7a50abc4915838d9f54501a?s=96&d=mm&r=g\",\"caption\":\"Mathieu\"},\"url\":\"https:\\\/\\\/www.altercampagne.net\\\/?author=214\"}]}<\/script>\n<!-- \/ Yoast SEO plugin. -->","yoast_head_json":{"title":"Num\u00e9ro de Silence de novembre : \u00c9cologie et f\u00e9minisme, m\u00eame combat ? - AlterTour","robots":{"index":"index","follow":"follow","max-snippet":"max-snippet:-1","max-image-preview":"max-image-preview:large","max-video-preview":"max-video-preview:-1"},"canonical":"https:\/\/www.altercampagne.net\/?p=2433","og_locale":"fr_FR","og_type":"article","og_title":"Num\u00e9ro de Silence de novembre : \u00c9cologie et f\u00e9minisme, m\u00eame combat ? - AlterTour","og_description":"En octobre, Silence publie un grand poster des \u00ab\u00a0100 dates qui construisent nos luttes f\u00e9ministes aujourd&rsquo;hui\u00a0\u00bb ! C&rsquo;est l&rsquo;occasion de revenir sur les liens qui unissent les d\u00e9marches \u00e9cologiste et f\u00e9ministe. Avec un reportage sur un atelier de v\u00e9lo entre femmes, un voyage aux racines de l&rsquo;\u00e9cof\u00e9minisme, une visite de ... Read More","og_url":"https:\/\/www.altercampagne.net\/?p=2433","og_site_name":"AlterTour","article_published_time":"2015-10-23T07:11:55+00:00","article_modified_time":"2020-02-24T16:23:10+00:00","og_image":[{"url":"http:\/\/www.altercampagne.net\/wp-content\/uploads\/2015\/10\/12045763_1704423739788783_1951766526262115102_o.jpg","type":"","width":"","height":""}],"author":"Mathieu","twitter_card":"summary_large_image","twitter_misc":{"\u00c9crit par":"Mathieu","Dur\u00e9e de lecture estim\u00e9e":"1 minute"},"schema":{"@context":"https:\/\/schema.org","@graph":[{"@type":"Article","@id":"https:\/\/www.altercampagne.net\/?p=2433#article","isPartOf":{"@id":"https:\/\/www.altercampagne.net\/?p=2433"},"author":{"name":"Mathieu","@id":"https:\/\/www.altercampagne.net\/#\/schema\/person\/0f261460c09e430caa0f9bcffa319109"},"headline":"Num\u00e9ro de Silence de novembre : \u00c9cologie et f\u00e9minisme, m\u00eame combat ?","datePublished":"2015-10-23T07:11:55+00:00","dateModified":"2020-02-24T16:23:10+00:00","mainEntityOfPage":{"@id":"https:\/\/www.altercampagne.net\/?p=2433"},"wordCount":313,"image":{"@id":"https:\/\/www.altercampagne.net\/?p=2433#primaryimage"},"thumbnailUrl":"http:\/\/www.altercampagne.net\/wp-content\/uploads\/2015\/10\/12045763_1704423739788783_1951766526262115102_o.jpg","keywords":["revue Silence","Bure","CIGEO","d\u00e9croissance","nucl\u00e9aire","novembre","lombricompost","compost","fukushimaf\u00e9minisme","\u00e9cof\u00e9minisme","silence"],"articleSection":["Silence"],"inLanguage":"fr-FR"},{"@type":"WebPage","@id":"https:\/\/www.altercampagne.net\/?p=2433","url":"https:\/\/www.altercampagne.net\/?p=2433","name":"Num\u00e9ro de Silence de novembre : \u00c9cologie et f\u00e9minisme, m\u00eame combat ? - AlterTour","isPartOf":{"@id":"https:\/\/www.altercampagne.net\/#website"},"primaryImageOfPage":{"@id":"https:\/\/www.altercampagne.net\/?p=2433#primaryimage"},"image":{"@id":"https:\/\/www.altercampagne.net\/?p=2433#primaryimage"},"thumbnailUrl":"http:\/\/www.altercampagne.net\/wp-content\/uploads\/2015\/10\/12045763_1704423739788783_1951766526262115102_o.jpg","datePublished":"2015-10-23T07:11:55+00:00","dateModified":"2020-02-24T16:23:10+00:00","author":{"@id":"https:\/\/www.altercampagne.net\/#\/schema\/person\/0f261460c09e430caa0f9bcffa319109"},"breadcrumb":{"@id":"https:\/\/www.altercampagne.net\/?p=2433#breadcrumb"},"inLanguage":"fr-FR","potentialAction":[{"@type":"ReadAction","target":["https:\/\/www.altercampagne.net\/?p=2433"]}]},{"@type":"ImageObject","inLanguage":"fr-FR","@id":"https:\/\/www.altercampagne.net\/?p=2433#primaryimage","url":"https:\/\/www.altercampagne.net\/wp-content\/uploads\/2015\/10\/12045763_1704423739788783_1951766526262115102_o.jpg","contentUrl":"https:\/\/www.altercampagne.net\/wp-content\/uploads\/2015\/10\/12045763_1704423739788783_1951766526262115102_o.jpg","width":679,"height":960},{"@type":"BreadcrumbList","@id":"https:\/\/www.altercampagne.net\/?p=2433#breadcrumb","itemListElement":[{"@type":"ListItem","position":1,"name":"Accueil","item":"https:\/\/www.altercampagne.net\/"},{"@type":"ListItem","position":2,"name":"Num\u00e9ro de Silence de novembre : \u00c9cologie et f\u00e9minisme, m\u00eame combat ?"}]},{"@type":"WebSite","@id":"https:\/\/www.altercampagne.net\/#website","url":"https:\/\/www.altercampagne.net\/","name":"AlterTour","description":"Reliez les Alternatives \u00e0 v\u00e9lo","potentialAction":[{"@type":"SearchAction","target":{"@type":"EntryPoint","urlTemplate":"https:\/\/www.altercampagne.net\/?s={search_term_string}"},"query-input":{"@type":"PropertyValueSpecification","valueRequired":true,"valueName":"search_term_string"}}],"inLanguage":"fr-FR"},{"@type":"Person","@id":"https:\/\/www.altercampagne.net\/#\/schema\/person\/0f261460c09e430caa0f9bcffa319109","name":"Mathieu","image":{"@type":"ImageObject","inLanguage":"fr-FR","@id":"https:\/\/secure.gravatar.com\/avatar\/aa9d3d24c83f2141e5e2709d0f63d09a99f6be6bb7a50abc4915838d9f54501a?s=96&d=mm&r=g","url":"https:\/\/secure.gravatar.com\/avatar\/aa9d3d24c83f2141e5e2709d0f63d09a99f6be6bb7a50abc4915838d9f54501a?s=96&d=mm&r=g","contentUrl":"https:\/\/secure.gravatar.com\/avatar\/aa9d3d24c83f2141e5e2709d0f63d09a99f6be6bb7a50abc4915838d9f54501a?s=96&d=mm&r=g","caption":"Mathieu"},"url":"https:\/\/www.altercampagne.net\/?author=214"}]}},"_links":{"self":[{"href":"https:\/\/www.altercampagne.net\/index.php?rest_route=\/wp\/v2\/posts\/2433","targetHints":{"allow":["GET"]}}],"collection":[{"href":"https:\/\/www.altercampagne.net\/index.php?rest_route=\/wp\/v2\/posts"}],"about":[{"href":"https:\/\/www.altercampagne.net\/index.php?rest_route=\/wp\/v2\/types\/post"}],"author":[{"embeddable":true,"href":"https:\/\/www.altercampagne.net\/index.php?rest_route=\/wp\/v2\/users\/214"}],"replies":[{"embeddable":true,"href":"https:\/\/www.altercampagne.net\/index.php?rest_route=%2Fwp%2Fv2%2Fcomments&post=2433"}],"version-history":[{"count":1,"href":"https:\/\/www.altercampagne.net\/index.php?rest_route=\/wp\/v2\/posts\/2433\/revisions"}],"predecessor-version":[{"id":17447,"href":"https:\/\/www.altercampagne.net\/index.php?rest_route=\/wp\/v2\/posts\/2433\/revisions\/17447"}],"wp:attachment":[{"href":"https:\/\/www.altercampagne.net\/index.php?rest_route=%2Fwp%2Fv2%2Fmedia&parent=2433"}],"wp:term":[{"taxonomy":"category","embeddable":true,"href":"https:\/\/www.altercampagne.net\/index.php?rest_route=%2Fwp%2Fv2%2Fcategories&post=2433"},{"taxonomy":"post_tag","embeddable":true,"href":"https:\/\/www.altercampagne.net\/index.php?rest_route=%2Fwp%2Fv2%2Ftags&post=2433"}],"curies":[{"name":"wp","href":"https:\/\/api.w.org\/{rel}","templated":true}]}}