{"id":24390,"date":"2022-02-18T11:10:01","date_gmt":"2022-02-18T10:10:01","guid":{"rendered":"https:\/\/www.altercampagne.net\/?p=24390"},"modified":"2022-02-18T12:48:49","modified_gmt":"2022-02-18T11:48:49","slug":"laltertour-invite-ses-accueillant-e-s","status":"publish","type":"post","link":"https:\/\/www.altercampagne.net\/?p=24390","title":{"rendered":"L&rsquo;AlterTour invite ses accueillant.e.s"},"content":{"rendered":"\n<p><strong>Les 26 et 27 mars, l\u2019AlterTour invite les accueillant.e.s de cet \u00e9t\u00e9&nbsp;!&nbsp;<\/strong><\/p>\n\n\n\n<p>Afin de pr\u00e9parer notre venue chez iels cet \u00e9t\u00e9, ce WE de pr\u00e9paration sera l\u2019occasion de :<\/p>\n\n\n\n<ul class=\"wp-block-list\"><li>Faire connaissance et d\u00e9couvrir leurs alternatives<\/li><li>Ajuster les d\u00e9tails pratiques&nbsp;: logistique, programme, communication<\/li><li>R\u00eaver, lancer des projets&nbsp;: un concert, une conf\u00e9rence, un grand chantier participatif&nbsp;?<\/li><\/ul>\n\n\n\n<p>Pour permettre \u00e0 un maximum d\u2019accueillant.e.s de participer, cette ann\u00e9e notre WE est d\u00e9doubl\u00e9&nbsp;! Accueillant.e.s et altercyclistes auront en effet la possibilit\u00e9 d&rsquo;assister \u00e0 des temps d\u00e9di\u00e9s sur notre ami <strong>Zoom<\/strong>. <\/p>\n\n\n\n<p>Voici l&rsquo;adresse :<\/p>\n\n\n\n<h5 class=\"has-text-align-center wp-block-heading\">Amicale La\u00efque Chal\u00e9assi\u00e8re<\/h5>\n\n\n\n<p class=\"has-text-align-center\"><strong>9 Rue Jean Fran\u00e7ois Revollier 42000 Saint-Etienne<\/strong><\/p>\n\n\n\n<p class=\"has-text-align-left\">Encore une fois, on aura le plaisir de pouvoir <strong>dormir sur place<\/strong>&nbsp;(pr\u00e9voyez vos affaires de camping !) et pour&nbsp;tou.te.s celleux qui le veulent il sera possible d&rsquo;arriver d\u00e8s le vendredi soir.<br><br>Programme complet et plus d&rsquo;infos \u00e0 suivre&#8230;<\/p>\n","protected":false},"excerpt":{"rendered":"<p>Les 26 et 27 mars, l\u2019AlterTour invite les accueillant.e.s de cet \u00e9t\u00e9 !<br \/>\nAfin de pr\u00e9parer notre venue chez iels, ce sera sera l&rsquo;occasion de faire connaissance, r\u00eaver, ajuster les d\u00e9tails, etc.<\/p>\n","protected":false},"author":290,"featured_media":24402,"comment_status":"closed","ping_status":"closed","sticky":false,"template":"","format":"standard","meta":{"footnotes":""},"categories":[4357,3539],"tags":[],"class_list":["post-24390","post","type-post","status-publish","format-standard","has-post-thumbnail","hentry","category-edition-2022","category-we-de-preparation"],"yoast_head":"<!-- This site is optimized with the Yoast SEO plugin v27.3 - https:\/\/yoast.com\/product\/yoast-seo-wordpress\/ -->\n<title>L&#039;AlterTour invite ses accueillant.e.s - AlterTour<\/title>\n<meta name=\"robots\" content=\"index, follow, max-snippet:-1, max-image-preview:large, max-video-preview:-1\" \/>\n<link rel=\"canonical\" href=\"https:\/\/www.altercampagne.net\/?p=24390\" \/>\n<meta property=\"og:locale\" content=\"fr_FR\" \/>\n<meta property=\"og:type\" content=\"article\" \/>\n<meta property=\"og:title\" content=\"L&#039;AlterTour invite ses accueillant.e.s - AlterTour\" \/>\n<meta property=\"og:description\" content=\"Les 26 et 27 mars, l\u2019AlterTour invite les accueillant.e.s de cet \u00e9t\u00e9 ! Afin de pr\u00e9parer notre venue chez iels, ce sera sera l&#039;occasion de faire connaissance, r\u00eaver, ajuster les d\u00e9tails, etc.\" \/>\n<meta property=\"og:url\" content=\"https:\/\/www.altercampagne.net\/?p=24390\" \/>\n<meta property=\"og:site_name\" content=\"AlterTour\" \/>\n<meta property=\"article:published_time\" content=\"2022-02-18T10:10:01+00:00\" \/>\n<meta property=\"article:modified_time\" content=\"2022-02-18T11:48:49+00:00\" \/>\n<meta property=\"og:image\" content=\"https:\/\/www.altercampagne.net\/wp-content\/uploads\/2022\/02\/landscape-5376676_1280.png\" \/>\n\t<meta property=\"og:image:width\" content=\"1280\" \/>\n\t<meta property=\"og:image:height\" content=\"853\" \/>\n\t<meta property=\"og:image:type\" content=\"image\/png\" \/>\n<meta name=\"author\" content=\"Brunelle\" \/>\n<meta name=\"twitter:card\" content=\"summary_large_image\" \/>\n<meta name=\"twitter:label1\" content=\"\u00c9crit par\" \/>\n\t<meta name=\"twitter:data1\" content=\"Brunelle\" \/>\n\t<meta name=\"twitter:label2\" content=\"Dur\u00e9e de lecture estim\u00e9e\" \/>\n\t<meta name=\"twitter:data2\" content=\"1 minute\" \/>\n<script type=\"application\/ld+json\" class=\"yoast-schema-graph\">{\"@context\":\"https:\\\/\\\/schema.org\",\"@graph\":[{\"@type\":\"Article\",\"@id\":\"https:\\\/\\\/www.altercampagne.net\\\/?p=24390#article\",\"isPartOf\":{\"@id\":\"https:\\\/\\\/www.altercampagne.net\\\/?p=24390\"},\"author\":{\"name\":\"Brunelle\",\"@id\":\"https:\\\/\\\/www.altercampagne.net\\\/#\\\/schema\\\/person\\\/b7970639b8bbc1bba5a12da9417ad512\"},\"headline\":\"L&rsquo;AlterTour invite ses accueillant.e.s\",\"datePublished\":\"2022-02-18T10:10:01+00:00\",\"dateModified\":\"2022-02-18T11:48:49+00:00\",\"mainEntityOfPage\":{\"@id\":\"https:\\\/\\\/www.altercampagne.net\\\/?p=24390\"},\"wordCount\":174,\"image\":{\"@id\":\"https:\\\/\\\/www.altercampagne.net\\\/?p=24390#primaryimage\"},\"thumbnailUrl\":\"https:\\\/\\\/www.altercampagne.net\\\/wp-content\\\/uploads\\\/2022\\\/02\\\/landscape-5376676_1280.png\",\"articleSection\":[\"Edition 2022\",\"WE de pr\u00e9paration\"],\"inLanguage\":\"fr-FR\"},{\"@type\":\"WebPage\",\"@id\":\"https:\\\/\\\/www.altercampagne.net\\\/?p=24390\",\"url\":\"https:\\\/\\\/www.altercampagne.net\\\/?p=24390\",\"name\":\"L'AlterTour invite ses accueillant.e.s - AlterTour\",\"isPartOf\":{\"@id\":\"https:\\\/\\\/www.altercampagne.net\\\/#website\"},\"primaryImageOfPage\":{\"@id\":\"https:\\\/\\\/www.altercampagne.net\\\/?p=24390#primaryimage\"},\"image\":{\"@id\":\"https:\\\/\\\/www.altercampagne.net\\\/?p=24390#primaryimage\"},\"thumbnailUrl\":\"https:\\\/\\\/www.altercampagne.net\\\/wp-content\\\/uploads\\\/2022\\\/02\\\/landscape-5376676_1280.png\",\"datePublished\":\"2022-02-18T10:10:01+00:00\",\"dateModified\":\"2022-02-18T11:48:49+00:00\",\"author\":{\"@id\":\"https:\\\/\\\/www.altercampagne.net\\\/#\\\/schema\\\/person\\\/b7970639b8bbc1bba5a12da9417ad512\"},\"breadcrumb\":{\"@id\":\"https:\\\/\\\/www.altercampagne.net\\\/?p=24390#breadcrumb\"},\"inLanguage\":\"fr-FR\",\"potentialAction\":[{\"@type\":\"ReadAction\",\"target\":[\"https:\\\/\\\/www.altercampagne.net\\\/?p=24390\"]}]},{\"@type\":\"ImageObject\",\"inLanguage\":\"fr-FR\",\"@id\":\"https:\\\/\\\/www.altercampagne.net\\\/?p=24390#primaryimage\",\"url\":\"https:\\\/\\\/www.altercampagne.net\\\/wp-content\\\/uploads\\\/2022\\\/02\\\/landscape-5376676_1280.png\",\"contentUrl\":\"https:\\\/\\\/www.altercampagne.net\\\/wp-content\\\/uploads\\\/2022\\\/02\\\/landscape-5376676_1280.png\",\"width\":1280,\"height\":853},{\"@type\":\"BreadcrumbList\",\"@id\":\"https:\\\/\\\/www.altercampagne.net\\\/?p=24390#breadcrumb\",\"itemListElement\":[{\"@type\":\"ListItem\",\"position\":1,\"name\":\"Accueil\",\"item\":\"https:\\\/\\\/www.altercampagne.net\\\/\"},{\"@type\":\"ListItem\",\"position\":2,\"name\":\"L&rsquo;AlterTour invite ses accueillant.e.s\"}]},{\"@type\":\"WebSite\",\"@id\":\"https:\\\/\\\/www.altercampagne.net\\\/#website\",\"url\":\"https:\\\/\\\/www.altercampagne.net\\\/\",\"name\":\"AlterTour\",\"description\":\"Reliez les Alternatives \u00e0 v\u00e9lo\",\"potentialAction\":[{\"@type\":\"SearchAction\",\"target\":{\"@type\":\"EntryPoint\",\"urlTemplate\":\"https:\\\/\\\/www.altercampagne.net\\\/?s={search_term_string}\"},\"query-input\":{\"@type\":\"PropertyValueSpecification\",\"valueRequired\":true,\"valueName\":\"search_term_string\"}}],\"inLanguage\":\"fr-FR\"},{\"@type\":\"Person\",\"@id\":\"https:\\\/\\\/www.altercampagne.net\\\/#\\\/schema\\\/person\\\/b7970639b8bbc1bba5a12da9417ad512\",\"name\":\"Brunelle\",\"image\":{\"@type\":\"ImageObject\",\"inLanguage\":\"fr-FR\",\"@id\":\"https:\\\/\\\/secure.gravatar.com\\\/avatar\\\/70edc45ba2cc6ad30cb81b453241ce7be3302cbdd5fab275bf4b9d2807d08de0?s=96&d=mm&r=g\",\"url\":\"https:\\\/\\\/secure.gravatar.com\\\/avatar\\\/70edc45ba2cc6ad30cb81b453241ce7be3302cbdd5fab275bf4b9d2807d08de0?s=96&d=mm&r=g\",\"contentUrl\":\"https:\\\/\\\/secure.gravatar.com\\\/avatar\\\/70edc45ba2cc6ad30cb81b453241ce7be3302cbdd5fab275bf4b9d2807d08de0?s=96&d=mm&r=g\",\"caption\":\"Brunelle\"},\"url\":\"https:\\\/\\\/www.altercampagne.net\\\/?author=290\"}]}<\/script>\n<!-- \/ Yoast SEO plugin. -->","yoast_head_json":{"title":"L'AlterTour invite ses accueillant.e.s - AlterTour","robots":{"index":"index","follow":"follow","max-snippet":"max-snippet:-1","max-image-preview":"max-image-preview:large","max-video-preview":"max-video-preview:-1"},"canonical":"https:\/\/www.altercampagne.net\/?p=24390","og_locale":"fr_FR","og_type":"article","og_title":"L'AlterTour invite ses accueillant.e.s - AlterTour","og_description":"Les 26 et 27 mars, l\u2019AlterTour invite les accueillant.e.s de cet \u00e9t\u00e9 ! Afin de pr\u00e9parer notre venue chez iels, ce sera sera l'occasion de faire connaissance, r\u00eaver, ajuster les d\u00e9tails, etc.","og_url":"https:\/\/www.altercampagne.net\/?p=24390","og_site_name":"AlterTour","article_published_time":"2022-02-18T10:10:01+00:00","article_modified_time":"2022-02-18T11:48:49+00:00","og_image":[{"width":1280,"height":853,"url":"https:\/\/www.altercampagne.net\/wp-content\/uploads\/2022\/02\/landscape-5376676_1280.png","type":"image\/png"}],"author":"Brunelle","twitter_card":"summary_large_image","twitter_misc":{"\u00c9crit par":"Brunelle","Dur\u00e9e de lecture estim\u00e9e":"1 minute"},"schema":{"@context":"https:\/\/schema.org","@graph":[{"@type":"Article","@id":"https:\/\/www.altercampagne.net\/?p=24390#article","isPartOf":{"@id":"https:\/\/www.altercampagne.net\/?p=24390"},"author":{"name":"Brunelle","@id":"https:\/\/www.altercampagne.net\/#\/schema\/person\/b7970639b8bbc1bba5a12da9417ad512"},"headline":"L&rsquo;AlterTour invite ses accueillant.e.s","datePublished":"2022-02-18T10:10:01+00:00","dateModified":"2022-02-18T11:48:49+00:00","mainEntityOfPage":{"@id":"https:\/\/www.altercampagne.net\/?p=24390"},"wordCount":174,"image":{"@id":"https:\/\/www.altercampagne.net\/?p=24390#primaryimage"},"thumbnailUrl":"https:\/\/www.altercampagne.net\/wp-content\/uploads\/2022\/02\/landscape-5376676_1280.png","articleSection":["Edition 2022","WE de pr\u00e9paration"],"inLanguage":"fr-FR"},{"@type":"WebPage","@id":"https:\/\/www.altercampagne.net\/?p=24390","url":"https:\/\/www.altercampagne.net\/?p=24390","name":"L'AlterTour invite ses accueillant.e.s - AlterTour","isPartOf":{"@id":"https:\/\/www.altercampagne.net\/#website"},"primaryImageOfPage":{"@id":"https:\/\/www.altercampagne.net\/?p=24390#primaryimage"},"image":{"@id":"https:\/\/www.altercampagne.net\/?p=24390#primaryimage"},"thumbnailUrl":"https:\/\/www.altercampagne.net\/wp-content\/uploads\/2022\/02\/landscape-5376676_1280.png","datePublished":"2022-02-18T10:10:01+00:00","dateModified":"2022-02-18T11:48:49+00:00","author":{"@id":"https:\/\/www.altercampagne.net\/#\/schema\/person\/b7970639b8bbc1bba5a12da9417ad512"},"breadcrumb":{"@id":"https:\/\/www.altercampagne.net\/?p=24390#breadcrumb"},"inLanguage":"fr-FR","potentialAction":[{"@type":"ReadAction","target":["https:\/\/www.altercampagne.net\/?p=24390"]}]},{"@type":"ImageObject","inLanguage":"fr-FR","@id":"https:\/\/www.altercampagne.net\/?p=24390#primaryimage","url":"https:\/\/www.altercampagne.net\/wp-content\/uploads\/2022\/02\/landscape-5376676_1280.png","contentUrl":"https:\/\/www.altercampagne.net\/wp-content\/uploads\/2022\/02\/landscape-5376676_1280.png","width":1280,"height":853},{"@type":"BreadcrumbList","@id":"https:\/\/www.altercampagne.net\/?p=24390#breadcrumb","itemListElement":[{"@type":"ListItem","position":1,"name":"Accueil","item":"https:\/\/www.altercampagne.net\/"},{"@type":"ListItem","position":2,"name":"L&rsquo;AlterTour invite ses accueillant.e.s"}]},{"@type":"WebSite","@id":"https:\/\/www.altercampagne.net\/#website","url":"https:\/\/www.altercampagne.net\/","name":"AlterTour","description":"Reliez les Alternatives \u00e0 v\u00e9lo","potentialAction":[{"@type":"SearchAction","target":{"@type":"EntryPoint","urlTemplate":"https:\/\/www.altercampagne.net\/?s={search_term_string}"},"query-input":{"@type":"PropertyValueSpecification","valueRequired":true,"valueName":"search_term_string"}}],"inLanguage":"fr-FR"},{"@type":"Person","@id":"https:\/\/www.altercampagne.net\/#\/schema\/person\/b7970639b8bbc1bba5a12da9417ad512","name":"Brunelle","image":{"@type":"ImageObject","inLanguage":"fr-FR","@id":"https:\/\/secure.gravatar.com\/avatar\/70edc45ba2cc6ad30cb81b453241ce7be3302cbdd5fab275bf4b9d2807d08de0?s=96&d=mm&r=g","url":"https:\/\/secure.gravatar.com\/avatar\/70edc45ba2cc6ad30cb81b453241ce7be3302cbdd5fab275bf4b9d2807d08de0?s=96&d=mm&r=g","contentUrl":"https:\/\/secure.gravatar.com\/avatar\/70edc45ba2cc6ad30cb81b453241ce7be3302cbdd5fab275bf4b9d2807d08de0?s=96&d=mm&r=g","caption":"Brunelle"},"url":"https:\/\/www.altercampagne.net\/?author=290"}]}},"_links":{"self":[{"href":"https:\/\/www.altercampagne.net\/index.php?rest_route=\/wp\/v2\/posts\/24390","targetHints":{"allow":["GET"]}}],"collection":[{"href":"https:\/\/www.altercampagne.net\/index.php?rest_route=\/wp\/v2\/posts"}],"about":[{"href":"https:\/\/www.altercampagne.net\/index.php?rest_route=\/wp\/v2\/types\/post"}],"author":[{"embeddable":true,"href":"https:\/\/www.altercampagne.net\/index.php?rest_route=\/wp\/v2\/users\/290"}],"replies":[{"embeddable":true,"href":"https:\/\/www.altercampagne.net\/index.php?rest_route=%2Fwp%2Fv2%2Fcomments&post=24390"}],"version-history":[{"count":4,"href":"https:\/\/www.altercampagne.net\/index.php?rest_route=\/wp\/v2\/posts\/24390\/revisions"}],"predecessor-version":[{"id":24412,"href":"https:\/\/www.altercampagne.net\/index.php?rest_route=\/wp\/v2\/posts\/24390\/revisions\/24412"}],"wp:featuredmedia":[{"embeddable":true,"href":"https:\/\/www.altercampagne.net\/index.php?rest_route=\/wp\/v2\/media\/24402"}],"wp:attachment":[{"href":"https:\/\/www.altercampagne.net\/index.php?rest_route=%2Fwp%2Fv2%2Fmedia&parent=24390"}],"wp:term":[{"taxonomy":"category","embeddable":true,"href":"https:\/\/www.altercampagne.net\/index.php?rest_route=%2Fwp%2Fv2%2Fcategories&post=24390"},{"taxonomy":"post_tag","embeddable":true,"href":"https:\/\/www.altercampagne.net\/index.php?rest_route=%2Fwp%2Fv2%2Ftags&post=24390"}],"curies":[{"name":"wp","href":"https:\/\/api.w.org\/{rel}","templated":true}]}}