{"id":24404,"date":"2022-02-18T12:08:38","date_gmt":"2022-02-18T11:08:38","guid":{"rendered":"https:\/\/www.altercampagne.net\/?p=24404"},"modified":"2022-03-31T15:56:31","modified_gmt":"2022-03-31T13:56:31","slug":"laltertour-devoile-son-prochain-grand-evenement-le-werva-2022","status":"publish","type":"post","link":"https:\/\/www.altercampagne.net\/?p=24404","title":{"rendered":"L&rsquo;AlterTour d\u00e9voile son prochain grand \u00e9v\u00e9nement : Le WERVA 2022"},"content":{"rendered":"\n<p>Chaque ann\u00e9e, v\u00e9los et v\u00e9hicules font peau neuve \u00e0 l&rsquo;occasion du weekend de lancement de l&rsquo;AlterTour ou WERVA (<strong>W<\/strong>eek<strong>E<\/strong>nd de <strong>R<\/strong>\u00e9paration des <strong>V<\/strong>\u00e9los de l&rsquo;<strong>A<\/strong>lterTour). Voici tout ce que vous avez toujours voulu savoir sur ce weekend d&rsquo;exception&#8230;<\/p>\n\n\n\n<h4 class=\"wp-block-heading\">Le WERVA c&rsquo;est technique<\/h4>\n\n\n\n<p>Experts en r\u00e9paration et novices devront se tenir la main pour <strong>remettre en \u00e9tat<\/strong> les 25 <strong>v\u00e9los de pr\u00eat<\/strong> de l&rsquo;AlterTour. Au programme : d\u00e9voilage, graissage, gonflage, etc.<\/p>\n\n\n\n<p>Rois et reines du rangement et bord\u00e9liques devront s&rsquo;atteler \u00e0 la lourde t\u00e2che du <strong>rangement et de l&rsquo;inventaire de l&rsquo;amiveco<\/strong> afin que ce fid\u00e8le transporteur des quelques milliers de repas de l\u2019AlterTour soit d&rsquo;attaque pour cet \u00e9t\u00e9.<\/p>\n\n\n\n<p>Casquophiles et casquophobles devront s&rsquo;armer de courage pour <strong>ranger<\/strong> et trier les innombrables objets accumul\u00e9s dans le <strong>minibus<\/strong> et r\u00e9approvisionner sa pharmacie. <\/p>\n\n\n\n<p>Formateurices en herbe pourront apprendre aux jeunes padawan toutes les ficelles pour maitriser la force de la remorque, de l&rsquo;amiveco et du minibus.<\/p>\n\n\n\n<h4 class=\"wp-block-heading\">Le WERVA c&rsquo;est p\u00e9dagogique<\/h4>\n\n\n\n<p>Les <strong>groupes de travail<\/strong> pourront se d\u00e9gager des temps afin <strong>d&rsquo;avancer sur tout un tas de sujets<\/strong> : le f\u00e9minisme, le num\u00e9rique, l&rsquo;accueil de nouveaux nouveaux publics, le militantisme, etc. Parce que les r\u00e9unions par terre dans l&rsquo;herbe c&rsquo;est beaucoup mieux qu&rsquo;en visio.<\/p>\n\n\n\n<p>Les membres de <strong><em>pinceaux et fous rires<\/em><\/strong> pourront vous expliquer comment <strong>s\u00e9rigraphier vos T-Shirts<\/strong> avec de superbes illustrations altertouresques.<\/p>\n\n\n\n<figure class=\"wp-block-image size-large\"><a href=\"https:\/\/www.altercampagne.net\/wp-content\/uploads\/2021\/10\/AT21_PHOTOS_AOUT_IVAN-39-scaled.jpeg\"><img loading=\"lazy\" decoding=\"async\" width=\"1024\" height=\"683\" src=\"https:\/\/www.altercampagne.net\/wp-content\/uploads\/2021\/10\/AT21_PHOTOS_AOUT_IVAN-39-1024x683.jpeg\" alt=\"\" class=\"wp-image-23508\" srcset=\"https:\/\/www.altercampagne.net\/wp-content\/uploads\/2021\/10\/AT21_PHOTOS_AOUT_IVAN-39-1024x683.jpeg 1024w, https:\/\/www.altercampagne.net\/wp-content\/uploads\/2021\/10\/AT21_PHOTOS_AOUT_IVAN-39-300x200.jpeg 300w, https:\/\/www.altercampagne.net\/wp-content\/uploads\/2021\/10\/AT21_PHOTOS_AOUT_IVAN-39-768x512.jpeg 768w, https:\/\/www.altercampagne.net\/wp-content\/uploads\/2021\/10\/AT21_PHOTOS_AOUT_IVAN-39-1536x1024.jpeg 1536w, https:\/\/www.altercampagne.net\/wp-content\/uploads\/2021\/10\/AT21_PHOTOS_AOUT_IVAN-39-2048x1365.jpeg 2048w, https:\/\/www.altercampagne.net\/wp-content\/uploads\/2021\/10\/AT21_PHOTOS_AOUT_IVAN-39-610x407.jpeg 610w, https:\/\/www.altercampagne.net\/wp-content\/uploads\/2021\/10\/AT21_PHOTOS_AOUT_IVAN-39-100x67.jpeg 100w, https:\/\/www.altercampagne.net\/wp-content\/uploads\/2021\/10\/AT21_PHOTOS_AOUT_IVAN-39-862x575.jpeg 862w, https:\/\/www.altercampagne.net\/wp-content\/uploads\/2021\/10\/AT21_PHOTOS_AOUT_IVAN-39-1140x760.jpeg 1140w\" sizes=\"auto, (max-width: 1024px) 100vw, 1024px\" \/><\/a><\/figure>\n\n\n\n<h4 class=\"wp-block-heading\">Le WERVA c&rsquo;est ludique<\/h4>\n\n\n\n<p>Altercyclistes pr\u00e9sent.e.s devront s&rsquo;armer d&rsquo;un verre de bi\u00e8re pour le traditionnel <strong><em>#<\/em><\/strong><em><strong>ap\u00e9robapt\u00eamedesv\u00e9losdusamedisoir<\/strong><\/em> ! Pas question de ne pas renommer nos fid\u00e8les destriers.<\/p>\n\n\n\n<p>Cordons bleus et fin.e.s gourmet.te.s pourront se r\u00e9initier \u00e0 la cuisine collective pour <strong>nourrir toutes les bouches des Wervacien.ne.s<\/strong>. Heureusement qu&rsquo;on aura Mireille <em>(cf lexique de l&rsquo;AlterTour disponible qu&rsquo;en version orale, d\u00e9sol\u00e9e)<\/em>.<\/p>\n\n\n\n<p>Frileu.ses.x ou non pourront profiter de dormir dans la tente sous les fruitiers avec le doux chant des chouettes et des grenouilles en fond sonore.<\/p>\n\n\n\n<h4 class=\"wp-block-heading\">Le WERVA 2022 c&rsquo;est dombiste !<\/h4>\n\n\n\n<p>RDV les 29 et 30 avril, 1er et 2 mai chez Samuel et Brunelle<\/p>\n\n\n\n<div class=\"wp-block-group\"><div class=\"wp-block-group__inner-container is-layout-flow wp-block-group-is-layout-flow\">\n<div class=\"wp-block-columns is-layout-flex wp-container-core-columns-is-layout-9d6595d7 wp-block-columns-is-layout-flex\">\n<div class=\"wp-block-column is-layout-flow wp-block-column-is-layout-flow\" style=\"flex-basis:100%\">\n<div class=\"wp-block-group\"><div class=\"wp-block-group__inner-container is-layout-flow wp-block-group-is-layout-flow\">\n<p class=\"has-text-align-center\"><strong>1680, route du ch\u00e2teau <\/strong><\/p>\n\n\n\n<p class=\"has-text-align-center\"><strong>Lieu dit le Charpenet <\/strong><\/p>\n\n\n\n<p class=\"has-text-align-center\"><strong>01800 Le Montellier<\/strong><\/p>\n<\/div><\/div>\n<\/div>\n<\/div>\n<\/div><\/div>\n\n\n\n<p>Pour les accros du train, 2 options sont possibles :<\/p>\n\n\n\n<p>\u2013 Gare de&nbsp;<strong>Saint-Andr\u00e9-de-Corcy<\/strong>&nbsp;\u00e0 10,3 km&nbsp;: MEILLEURE OPTION c&rsquo;est plat<\/p>\n\n\n\n<p>\u2013 Gare de&nbsp;<strong>Meximieux<\/strong>&nbsp;\u00e0 13 km&nbsp;: MOINS BONNE OPTION \u00e7a monte<\/p>\n\n\n\n<p>Si vous n\u2019apportez&nbsp;pas votre v\u00e9lo, il sera bien-s\u00fbr <strong>possible de venir vous chercher \u00e0 la gare<\/strong>. Dans ce cas pr\u00e9f\u00e9rez celle de Saint-Andr\u00e9 de Corcy SVP.<\/p>\n\n\n\n<p>Comme les syst\u00e8mes GPS n\u2019ont pas l\u2019air de vouloir int\u00e9grer ce petit coin de verdure, voici les&nbsp;<strong>coordonn\u00e9es exactes de la maison :&nbsp;45.937320, 5.054847<\/strong>.&nbsp;<\/p>\n\n\n\n<p><\/p>\n","protected":false},"excerpt":{"rendered":"<p>Chaque ann\u00e9e, v\u00e9los et v\u00e9hicules font peau neuve \u00e0 l&rsquo;occasion du weekend de lancement de l&rsquo;AlterTour ou WERVA (WeekEnd de R\u00e9paration des V\u00e9los de l&rsquo;AlterTour). Voici tout ce que vous avez toujours voulu savoir sur ce weekend d&rsquo;exception&#8230;<\/p>\n","protected":false},"author":290,"featured_media":18687,"comment_status":"closed","ping_status":"closed","sticky":false,"template":"","format":"standard","meta":{"footnotes":""},"categories":[4357,3539],"tags":[2090,4372],"class_list":["post-24404","post","type-post","status-publish","format-standard","has-post-thumbnail","hentry","category-edition-2022","category-we-de-preparation","tag-werva","tag-weekend-de-lancement-de-laltertour"],"yoast_head":"<!-- This site is optimized with the Yoast SEO plugin v27.3 - https:\/\/yoast.com\/product\/yoast-seo-wordpress\/ -->\n<title>L&#039;AlterTour d\u00e9voile son prochain grand \u00e9v\u00e9nement : Le WERVA 2022 - AlterTour<\/title>\n<meta name=\"robots\" content=\"index, follow, max-snippet:-1, max-image-preview:large, max-video-preview:-1\" \/>\n<link rel=\"canonical\" href=\"https:\/\/www.altercampagne.net\/?p=24404\" \/>\n<meta property=\"og:locale\" content=\"fr_FR\" \/>\n<meta property=\"og:type\" content=\"article\" \/>\n<meta property=\"og:title\" content=\"L&#039;AlterTour d\u00e9voile son prochain grand \u00e9v\u00e9nement : Le WERVA 2022 - AlterTour\" \/>\n<meta property=\"og:description\" content=\"Chaque ann\u00e9e, v\u00e9los et v\u00e9hicules font peau neuve \u00e0 l&#039;occasion du weekend de lancement de l&#039;AlterTour ou WERVA (WeekEnd de R\u00e9paration des V\u00e9los de l&#039;AlterTour). Voici tout ce que vous avez toujours voulu savoir sur ce weekend d&#039;exception...\" \/>\n<meta property=\"og:url\" content=\"https:\/\/www.altercampagne.net\/?p=24404\" \/>\n<meta property=\"og:site_name\" content=\"AlterTour\" \/>\n<meta property=\"article:published_time\" content=\"2022-02-18T11:08:38+00:00\" \/>\n<meta property=\"article:modified_time\" content=\"2022-03-31T13:56:31+00:00\" \/>\n<meta property=\"og:image\" content=\"https:\/\/www.altercampagne.net\/wp-content\/uploads\/2020\/06\/2020-06-14-WERVA-Dombes.jpg\" \/>\n\t<meta property=\"og:image:width\" content=\"992\" \/>\n\t<meta property=\"og:image:height\" content=\"518\" \/>\n\t<meta property=\"og:image:type\" content=\"image\/jpeg\" \/>\n<meta name=\"author\" content=\"Brunelle\" \/>\n<meta name=\"twitter:card\" content=\"summary_large_image\" \/>\n<meta name=\"twitter:label1\" content=\"\u00c9crit par\" \/>\n\t<meta name=\"twitter:data1\" content=\"Brunelle\" \/>\n\t<meta name=\"twitter:label2\" content=\"Dur\u00e9e de lecture estim\u00e9e\" \/>\n\t<meta name=\"twitter:data2\" content=\"3 minutes\" \/>\n<script type=\"application\/ld+json\" class=\"yoast-schema-graph\">{\"@context\":\"https:\\\/\\\/schema.org\",\"@graph\":[{\"@type\":\"Article\",\"@id\":\"https:\\\/\\\/www.altercampagne.net\\\/?p=24404#article\",\"isPartOf\":{\"@id\":\"https:\\\/\\\/www.altercampagne.net\\\/?p=24404\"},\"author\":{\"name\":\"Brunelle\",\"@id\":\"https:\\\/\\\/www.altercampagne.net\\\/#\\\/schema\\\/person\\\/b7970639b8bbc1bba5a12da9417ad512\"},\"headline\":\"L&rsquo;AlterTour d\u00e9voile son prochain grand \u00e9v\u00e9nement : Le WERVA 2022\",\"datePublished\":\"2022-02-18T11:08:38+00:00\",\"dateModified\":\"2022-03-31T13:56:31+00:00\",\"mainEntityOfPage\":{\"@id\":\"https:\\\/\\\/www.altercampagne.net\\\/?p=24404\"},\"wordCount\":490,\"image\":{\"@id\":\"https:\\\/\\\/www.altercampagne.net\\\/?p=24404#primaryimage\"},\"thumbnailUrl\":\"https:\\\/\\\/www.altercampagne.net\\\/wp-content\\\/uploads\\\/2020\\\/06\\\/2020-06-14-WERVA-Dombes.jpg\",\"keywords\":[\"werva\",\"weekend de lancement de l&#039;AlterTour\"],\"articleSection\":[\"Edition 2022\",\"WE de pr\u00e9paration\"],\"inLanguage\":\"fr-FR\"},{\"@type\":\"WebPage\",\"@id\":\"https:\\\/\\\/www.altercampagne.net\\\/?p=24404\",\"url\":\"https:\\\/\\\/www.altercampagne.net\\\/?p=24404\",\"name\":\"L'AlterTour d\u00e9voile son prochain grand \u00e9v\u00e9nement : Le WERVA 2022 - AlterTour\",\"isPartOf\":{\"@id\":\"https:\\\/\\\/www.altercampagne.net\\\/#website\"},\"primaryImageOfPage\":{\"@id\":\"https:\\\/\\\/www.altercampagne.net\\\/?p=24404#primaryimage\"},\"image\":{\"@id\":\"https:\\\/\\\/www.altercampagne.net\\\/?p=24404#primaryimage\"},\"thumbnailUrl\":\"https:\\\/\\\/www.altercampagne.net\\\/wp-content\\\/uploads\\\/2020\\\/06\\\/2020-06-14-WERVA-Dombes.jpg\",\"datePublished\":\"2022-02-18T11:08:38+00:00\",\"dateModified\":\"2022-03-31T13:56:31+00:00\",\"author\":{\"@id\":\"https:\\\/\\\/www.altercampagne.net\\\/#\\\/schema\\\/person\\\/b7970639b8bbc1bba5a12da9417ad512\"},\"breadcrumb\":{\"@id\":\"https:\\\/\\\/www.altercampagne.net\\\/?p=24404#breadcrumb\"},\"inLanguage\":\"fr-FR\",\"potentialAction\":[{\"@type\":\"ReadAction\",\"target\":[\"https:\\\/\\\/www.altercampagne.net\\\/?p=24404\"]}]},{\"@type\":\"ImageObject\",\"inLanguage\":\"fr-FR\",\"@id\":\"https:\\\/\\\/www.altercampagne.net\\\/?p=24404#primaryimage\",\"url\":\"https:\\\/\\\/www.altercampagne.net\\\/wp-content\\\/uploads\\\/2020\\\/06\\\/2020-06-14-WERVA-Dombes.jpg\",\"contentUrl\":\"https:\\\/\\\/www.altercampagne.net\\\/wp-content\\\/uploads\\\/2020\\\/06\\\/2020-06-14-WERVA-Dombes.jpg\",\"width\":992,\"height\":518},{\"@type\":\"BreadcrumbList\",\"@id\":\"https:\\\/\\\/www.altercampagne.net\\\/?p=24404#breadcrumb\",\"itemListElement\":[{\"@type\":\"ListItem\",\"position\":1,\"name\":\"Accueil\",\"item\":\"https:\\\/\\\/www.altercampagne.net\\\/\"},{\"@type\":\"ListItem\",\"position\":2,\"name\":\"L&rsquo;AlterTour d\u00e9voile son prochain grand \u00e9v\u00e9nement : Le WERVA 2022\"}]},{\"@type\":\"WebSite\",\"@id\":\"https:\\\/\\\/www.altercampagne.net\\\/#website\",\"url\":\"https:\\\/\\\/www.altercampagne.net\\\/\",\"name\":\"AlterTour\",\"description\":\"Reliez les Alternatives \u00e0 v\u00e9lo\",\"potentialAction\":[{\"@type\":\"SearchAction\",\"target\":{\"@type\":\"EntryPoint\",\"urlTemplate\":\"https:\\\/\\\/www.altercampagne.net\\\/?s={search_term_string}\"},\"query-input\":{\"@type\":\"PropertyValueSpecification\",\"valueRequired\":true,\"valueName\":\"search_term_string\"}}],\"inLanguage\":\"fr-FR\"},{\"@type\":\"Person\",\"@id\":\"https:\\\/\\\/www.altercampagne.net\\\/#\\\/schema\\\/person\\\/b7970639b8bbc1bba5a12da9417ad512\",\"name\":\"Brunelle\",\"image\":{\"@type\":\"ImageObject\",\"inLanguage\":\"fr-FR\",\"@id\":\"https:\\\/\\\/secure.gravatar.com\\\/avatar\\\/70edc45ba2cc6ad30cb81b453241ce7be3302cbdd5fab275bf4b9d2807d08de0?s=96&d=mm&r=g\",\"url\":\"https:\\\/\\\/secure.gravatar.com\\\/avatar\\\/70edc45ba2cc6ad30cb81b453241ce7be3302cbdd5fab275bf4b9d2807d08de0?s=96&d=mm&r=g\",\"contentUrl\":\"https:\\\/\\\/secure.gravatar.com\\\/avatar\\\/70edc45ba2cc6ad30cb81b453241ce7be3302cbdd5fab275bf4b9d2807d08de0?s=96&d=mm&r=g\",\"caption\":\"Brunelle\"},\"url\":\"https:\\\/\\\/www.altercampagne.net\\\/?author=290\"}]}<\/script>\n<!-- \/ Yoast SEO plugin. -->","yoast_head_json":{"title":"L'AlterTour d\u00e9voile son prochain grand \u00e9v\u00e9nement : Le WERVA 2022 - AlterTour","robots":{"index":"index","follow":"follow","max-snippet":"max-snippet:-1","max-image-preview":"max-image-preview:large","max-video-preview":"max-video-preview:-1"},"canonical":"https:\/\/www.altercampagne.net\/?p=24404","og_locale":"fr_FR","og_type":"article","og_title":"L'AlterTour d\u00e9voile son prochain grand \u00e9v\u00e9nement : Le WERVA 2022 - AlterTour","og_description":"Chaque ann\u00e9e, v\u00e9los et v\u00e9hicules font peau neuve \u00e0 l'occasion du weekend de lancement de l'AlterTour ou WERVA (WeekEnd de R\u00e9paration des V\u00e9los de l'AlterTour). Voici tout ce que vous avez toujours voulu savoir sur ce weekend d'exception...","og_url":"https:\/\/www.altercampagne.net\/?p=24404","og_site_name":"AlterTour","article_published_time":"2022-02-18T11:08:38+00:00","article_modified_time":"2022-03-31T13:56:31+00:00","og_image":[{"width":992,"height":518,"url":"https:\/\/www.altercampagne.net\/wp-content\/uploads\/2020\/06\/2020-06-14-WERVA-Dombes.jpg","type":"image\/jpeg"}],"author":"Brunelle","twitter_card":"summary_large_image","twitter_misc":{"\u00c9crit par":"Brunelle","Dur\u00e9e de lecture estim\u00e9e":"3 minutes"},"schema":{"@context":"https:\/\/schema.org","@graph":[{"@type":"Article","@id":"https:\/\/www.altercampagne.net\/?p=24404#article","isPartOf":{"@id":"https:\/\/www.altercampagne.net\/?p=24404"},"author":{"name":"Brunelle","@id":"https:\/\/www.altercampagne.net\/#\/schema\/person\/b7970639b8bbc1bba5a12da9417ad512"},"headline":"L&rsquo;AlterTour d\u00e9voile son prochain grand \u00e9v\u00e9nement : Le WERVA 2022","datePublished":"2022-02-18T11:08:38+00:00","dateModified":"2022-03-31T13:56:31+00:00","mainEntityOfPage":{"@id":"https:\/\/www.altercampagne.net\/?p=24404"},"wordCount":490,"image":{"@id":"https:\/\/www.altercampagne.net\/?p=24404#primaryimage"},"thumbnailUrl":"https:\/\/www.altercampagne.net\/wp-content\/uploads\/2020\/06\/2020-06-14-WERVA-Dombes.jpg","keywords":["werva","weekend de lancement de l&#039;AlterTour"],"articleSection":["Edition 2022","WE de pr\u00e9paration"],"inLanguage":"fr-FR"},{"@type":"WebPage","@id":"https:\/\/www.altercampagne.net\/?p=24404","url":"https:\/\/www.altercampagne.net\/?p=24404","name":"L'AlterTour d\u00e9voile son prochain grand \u00e9v\u00e9nement : Le WERVA 2022 - AlterTour","isPartOf":{"@id":"https:\/\/www.altercampagne.net\/#website"},"primaryImageOfPage":{"@id":"https:\/\/www.altercampagne.net\/?p=24404#primaryimage"},"image":{"@id":"https:\/\/www.altercampagne.net\/?p=24404#primaryimage"},"thumbnailUrl":"https:\/\/www.altercampagne.net\/wp-content\/uploads\/2020\/06\/2020-06-14-WERVA-Dombes.jpg","datePublished":"2022-02-18T11:08:38+00:00","dateModified":"2022-03-31T13:56:31+00:00","author":{"@id":"https:\/\/www.altercampagne.net\/#\/schema\/person\/b7970639b8bbc1bba5a12da9417ad512"},"breadcrumb":{"@id":"https:\/\/www.altercampagne.net\/?p=24404#breadcrumb"},"inLanguage":"fr-FR","potentialAction":[{"@type":"ReadAction","target":["https:\/\/www.altercampagne.net\/?p=24404"]}]},{"@type":"ImageObject","inLanguage":"fr-FR","@id":"https:\/\/www.altercampagne.net\/?p=24404#primaryimage","url":"https:\/\/www.altercampagne.net\/wp-content\/uploads\/2020\/06\/2020-06-14-WERVA-Dombes.jpg","contentUrl":"https:\/\/www.altercampagne.net\/wp-content\/uploads\/2020\/06\/2020-06-14-WERVA-Dombes.jpg","width":992,"height":518},{"@type":"BreadcrumbList","@id":"https:\/\/www.altercampagne.net\/?p=24404#breadcrumb","itemListElement":[{"@type":"ListItem","position":1,"name":"Accueil","item":"https:\/\/www.altercampagne.net\/"},{"@type":"ListItem","position":2,"name":"L&rsquo;AlterTour d\u00e9voile son prochain grand \u00e9v\u00e9nement : Le WERVA 2022"}]},{"@type":"WebSite","@id":"https:\/\/www.altercampagne.net\/#website","url":"https:\/\/www.altercampagne.net\/","name":"AlterTour","description":"Reliez les Alternatives \u00e0 v\u00e9lo","potentialAction":[{"@type":"SearchAction","target":{"@type":"EntryPoint","urlTemplate":"https:\/\/www.altercampagne.net\/?s={search_term_string}"},"query-input":{"@type":"PropertyValueSpecification","valueRequired":true,"valueName":"search_term_string"}}],"inLanguage":"fr-FR"},{"@type":"Person","@id":"https:\/\/www.altercampagne.net\/#\/schema\/person\/b7970639b8bbc1bba5a12da9417ad512","name":"Brunelle","image":{"@type":"ImageObject","inLanguage":"fr-FR","@id":"https:\/\/secure.gravatar.com\/avatar\/70edc45ba2cc6ad30cb81b453241ce7be3302cbdd5fab275bf4b9d2807d08de0?s=96&d=mm&r=g","url":"https:\/\/secure.gravatar.com\/avatar\/70edc45ba2cc6ad30cb81b453241ce7be3302cbdd5fab275bf4b9d2807d08de0?s=96&d=mm&r=g","contentUrl":"https:\/\/secure.gravatar.com\/avatar\/70edc45ba2cc6ad30cb81b453241ce7be3302cbdd5fab275bf4b9d2807d08de0?s=96&d=mm&r=g","caption":"Brunelle"},"url":"https:\/\/www.altercampagne.net\/?author=290"}]}},"_links":{"self":[{"href":"https:\/\/www.altercampagne.net\/index.php?rest_route=\/wp\/v2\/posts\/24404","targetHints":{"allow":["GET"]}}],"collection":[{"href":"https:\/\/www.altercampagne.net\/index.php?rest_route=\/wp\/v2\/posts"}],"about":[{"href":"https:\/\/www.altercampagne.net\/index.php?rest_route=\/wp\/v2\/types\/post"}],"author":[{"embeddable":true,"href":"https:\/\/www.altercampagne.net\/index.php?rest_route=\/wp\/v2\/users\/290"}],"replies":[{"embeddable":true,"href":"https:\/\/www.altercampagne.net\/index.php?rest_route=%2Fwp%2Fv2%2Fcomments&post=24404"}],"version-history":[{"count":6,"href":"https:\/\/www.altercampagne.net\/index.php?rest_route=\/wp\/v2\/posts\/24404\/revisions"}],"predecessor-version":[{"id":27404,"href":"https:\/\/www.altercampagne.net\/index.php?rest_route=\/wp\/v2\/posts\/24404\/revisions\/27404"}],"wp:featuredmedia":[{"embeddable":true,"href":"https:\/\/www.altercampagne.net\/index.php?rest_route=\/wp\/v2\/media\/18687"}],"wp:attachment":[{"href":"https:\/\/www.altercampagne.net\/index.php?rest_route=%2Fwp%2Fv2%2Fmedia&parent=24404"}],"wp:term":[{"taxonomy":"category","embeddable":true,"href":"https:\/\/www.altercampagne.net\/index.php?rest_route=%2Fwp%2Fv2%2Fcategories&post=24404"},{"taxonomy":"post_tag","embeddable":true,"href":"https:\/\/www.altercampagne.net\/index.php?rest_route=%2Fwp%2Fv2%2Ftags&post=24404"}],"curies":[{"name":"wp","href":"https:\/\/api.w.org\/{rel}","templated":true}]}}